{"id":15553,"date":"2015-02-20T08:30:41","date_gmt":"2015-02-20T14:30:41","guid":{"rendered":"http:\/\/centrourbano.com\/?p=15553"},"modified":"2015-02-19T18:10:15","modified_gmt":"2015-02-20T00:10:15","slug":"convives-y-canadevi-firman-convenio-de-trabajo","status":"publish","type":"post","link":"https:\/\/centrourbano.com\/revista\/vivienda\/convives-y-canadevi-firman-convenio-de-trabajo\/","title":{"rendered":"Convives y Canadevi firman convenio de trabajo"},"content":{"rendered":"<p>&nbsp;<\/p>\n<p><em>El acuerdo servir\u00e1 para establecer las \u00a0bases fundamentales de un apoyo mutuo entre los sectores de producci\u00f3n de vivienda<\/em><!--more--><\/p>\n<p>&nbsp;<\/p>\n<p>La r\u00fabrica la hicieron los titulares de ambas dependencias, Juan Fernando Abusaid Quinard, por parte de Canadevi y Guillermo Jaime Calder\u00f3n, presidente de Convives. \u201cEs un privilegio estar el d\u00eda de hoy en la firma de este convenio\u201d, comento Abusaid Quinard.<\/p>\n<p>El titular tambi\u00e9n destac\u00f3 que la firma del convenio servir\u00e1 para establecer las \u00a0bases fundamentales de un apoyo mutuo entre los sectores de producci\u00f3n de vivienda la finalidad de las dos instituciones adem\u00e1s \u00a0de buscar el bienestar social con la ayuda de las distintas pol\u00edticas p\u00fablicas de vivienda impulsadas por la Sedatu como cabeza del sector, las cuales permiten permear como se debe en las \u00e1reas correspondientes de cada instituci\u00f3n.<\/p>\n<p>Jes\u00fas Alberto Cano V\u00e9lez, director de SHF, agreg\u00f3 que la firma del convenio implica un compromiso por parte del sector p\u00fablico y privado ya que durante esta administraci\u00f3n se ha privilegiado la cooperaci\u00f3n institucional, lo que ha dado que en los \u00faltimos dos a\u00f1os la industria de la vivienda creciera un 450 por ciento pasando de 8 mil millones a 21 mil millones de pesos.<\/p>\n<p>Los testigos en el evento fueron Mar\u00eda Paloma Silva de Anzorena, titular de la Comisi\u00f3n Nacional de la Vivienda (Conavi), \u00c1ngel Islava Tamayo, titular del Fondo Nacional de Habitaciones Populares (Fonhapo) y al director general de la Sociedad Hipotecaria Federal (SHF), Jes\u00fas Alberto Cano V\u00e9lez, la C\u00e1mara Nacional de la Industria de Desarrollo y Promoci\u00f3n de la Vivienda (Canadevi) y el Consejo Nacional de Vivienda Verde Sustentable (Convives) firmaron un acuerdo de trabajo mutuo.<\/p>\n<p>Se especific\u00f3 que con la firma de este convenio cada una de las partes tendr\u00e1 representaci\u00f3n en los consejos de las contra partes para fortalecer los elementos\u00a0 y toma de decisiones que favorecer\u00e1n el desarrollo de la vivienda.<\/p>\n","protected":false},"excerpt":{"rendered":"<p>&nbsp; El acuerdo servir\u00e1 para establecer las \u00a0bases fundamentales de un apoyo mutuo entre los sectores de producci\u00f3n de vivienda<\/p>\n","protected":false},"author":29,"featured_media":0,"comment_status":"open","ping_status":"closed","sticky":false,"template":"","format":"standard","meta":{"om_disable_all_campaigns":false,"inline_featured_image":false,"_monsterinsights_skip_tracking":false,"_monsterinsights_sitenote_active":false,"_monsterinsights_sitenote_note":"","_monsterinsights_sitenote_category":0,"footnotes":""},"categories":[12],"tags":[99,1784,635],"class_list":["post-15553","post","type-post","status-publish","format-standard","hentry","category-vivienda","tag-canadevi","tag-canadevi-nacional","tag-convives"],"yoast_head":"<!-- This site is optimized with the Yoast SEO plugin v27.4 - https:\/\/yoast.com\/product\/yoast-seo-wordpress\/ -->\n<title>Convives y Canadevi firman convenio de trabajo -<\/title>\n<meta name=\"description\" content=\"&nbsp; El acuerdo servir\u00e1 para establecer las \u00a0bases fundamentales de un apoyo mutuo entre los sectores de producci\u00f3n de vivienda &nbsp; La r\u00fabrica la\" \/>\n<meta name=\"robots\" content=\"index, follow, max-snippet:-1, max-image-preview:large, max-video-preview:-1\" \/>\n<link rel=\"canonical\" href=\"https:\/\/centrourbano.com\/revista\/vivienda\/convives-y-canadevi-firman-convenio-de-trabajo\/\" \/>\n<meta property=\"og:locale\" content=\"es_ES\" \/>\n<meta property=\"og:type\" content=\"article\" \/>\n<meta property=\"og:title\" content=\"Convives y Canadevi firman convenio de trabajo -\" \/>\n<meta property=\"og:description\" content=\"&nbsp; El acuerdo servir\u00e1 para establecer las \u00a0bases fundamentales de un apoyo mutuo entre los sectores de producci\u00f3n de vivienda &nbsp; La r\u00fabrica la\" \/>\n<meta property=\"og:url\" content=\"https:\/\/centrourbano.com\/revista\/vivienda\/convives-y-canadevi-firman-convenio-de-trabajo\/\" \/>\n<meta property=\"og:site_name\" content=\"Centro Urbano\" \/>\n<meta property=\"article:publisher\" content=\"https:\/\/www.facebook.com\/portalcentrourbano\" \/>\n<meta property=\"article:published_time\" content=\"2015-02-20T14:30:41+00:00\" \/>\n<meta property=\"og:image\" content=\"https:\/\/centrourbano.com\/revista\/wp-content\/uploads\/CU-logo.png\" \/>\n\t<meta property=\"og:image:width\" content=\"350\" \/>\n\t<meta property=\"og:image:height\" content=\"91\" \/>\n\t<meta property=\"og:image:type\" content=\"image\/png\" \/>\n<meta name=\"author\" content=\"Oscar Guti\u00e9rrez Arriaga\" \/>\n<meta name=\"twitter:card\" content=\"summary_large_image\" \/>\n<meta name=\"twitter:creator\" content=\"@CentroUrbano\" \/>\n<meta name=\"twitter:site\" content=\"@CentroUrbano\" \/>\n<meta name=\"twitter:label1\" content=\"Escrito por\" \/>\n\t<meta name=\"twitter:data1\" content=\"Oscar Guti\u00e9rrez Arriaga\" \/>\n\t<meta name=\"twitter:label2\" content=\"Tiempo de lectura\" \/>\n\t<meta name=\"twitter:data2\" content=\"2 minutos\" \/>\n<script type=\"application\/ld+json\" class=\"yoast-schema-graph\">{\"@context\":\"https:\\\/\\\/schema.org\",\"@graph\":[{\"@type\":\"Article\",\"@id\":\"https:\\\/\\\/centrourbano.com\\\/revista\\\/vivienda\\\/convives-y-canadevi-firman-convenio-de-trabajo\\\/#article\",\"isPartOf\":{\"@id\":\"https:\\\/\\\/centrourbano.com\\\/revista\\\/vivienda\\\/convives-y-canadevi-firman-convenio-de-trabajo\\\/\"},\"author\":{\"name\":\"Oscar Guti\u00e9rrez Arriaga\",\"@id\":\"https:\\\/\\\/centrourbano.com\\\/revista\\\/#\\\/schema\\\/person\\\/4c9d581213c6d17ee82daf6d9fd0773e\"},\"headline\":\"Convives y Canadevi firman convenio de trabajo\",\"datePublished\":\"2015-02-20T14:30:41+00:00\",\"mainEntityOfPage\":{\"@id\":\"https:\\\/\\\/centrourbano.com\\\/revista\\\/vivienda\\\/convives-y-canadevi-firman-convenio-de-trabajo\\\/\"},\"wordCount\":337,\"commentCount\":0,\"publisher\":{\"@id\":\"https:\\\/\\\/centrourbano.com\\\/revista\\\/#organization\"},\"keywords\":[\"Canadevi\",\"Canadevi Nacional\",\"Convives\"],\"articleSection\":[\"Vivienda\"],\"inLanguage\":\"es\",\"potentialAction\":[{\"@type\":\"CommentAction\",\"name\":\"Comment\",\"target\":[\"https:\\\/\\\/centrourbano.com\\\/revista\\\/vivienda\\\/convives-y-canadevi-firman-convenio-de-trabajo\\\/#respond\"]}]},{\"@type\":\"WebPage\",\"@id\":\"https:\\\/\\\/centrourbano.com\\\/revista\\\/vivienda\\\/convives-y-canadevi-firman-convenio-de-trabajo\\\/\",\"url\":\"https:\\\/\\\/centrourbano.com\\\/revista\\\/vivienda\\\/convives-y-canadevi-firman-convenio-de-trabajo\\\/\",\"name\":\"Convives y Canadevi firman convenio de trabajo -\",\"isPartOf\":{\"@id\":\"https:\\\/\\\/centrourbano.com\\\/revista\\\/#website\"},\"datePublished\":\"2015-02-20T14:30:41+00:00\",\"description\":\"&nbsp; El acuerdo servir\u00e1 para establecer las \u00a0bases fundamentales de un apoyo mutuo entre los sectores de producci\u00f3n de vivienda &nbsp; La r\u00fabrica la\",\"breadcrumb\":{\"@id\":\"https:\\\/\\\/centrourbano.com\\\/revista\\\/vivienda\\\/convives-y-canadevi-firman-convenio-de-trabajo\\\/#breadcrumb\"},\"inLanguage\":\"es\",\"potentialAction\":[{\"@type\":\"ReadAction\",\"target\":[\"https:\\\/\\\/centrourbano.com\\\/revista\\\/vivienda\\\/convives-y-canadevi-firman-convenio-de-trabajo\\\/\"]}]},{\"@type\":\"BreadcrumbList\",\"@id\":\"https:\\\/\\\/centrourbano.com\\\/revista\\\/vivienda\\\/convives-y-canadevi-firman-convenio-de-trabajo\\\/#breadcrumb\",\"itemListElement\":[{\"@type\":\"ListItem\",\"position\":1,\"name\":\"Portada\",\"item\":\"https:\\\/\\\/centrourbano.com\\\/revista\\\/\"},{\"@type\":\"ListItem\",\"position\":2,\"name\":\"Convives y Canadevi firman convenio de trabajo\"}]},{\"@type\":\"WebSite\",\"@id\":\"https:\\\/\\\/centrourbano.com\\\/revista\\\/#website\",\"url\":\"https:\\\/\\\/centrourbano.com\\\/revista\\\/\",\"name\":\"Centro Urbano\",\"description\":\"Medio especializado en los sectores vivienda, inmobiliario, construcci\u00f3n, arquitectura y urbanismo.\",\"publisher\":{\"@id\":\"https:\\\/\\\/centrourbano.com\\\/revista\\\/#organization\"},\"potentialAction\":[{\"@type\":\"SearchAction\",\"target\":{\"@type\":\"EntryPoint\",\"urlTemplate\":\"https:\\\/\\\/centrourbano.com\\\/revista\\\/?s={search_term_string}\"},\"query-input\":{\"@type\":\"PropertyValueSpecification\",\"valueRequired\":true,\"valueName\":\"search_term_string\"}}],\"inLanguage\":\"es\"},{\"@type\":\"Organization\",\"@id\":\"https:\\\/\\\/centrourbano.com\\\/revista\\\/#organization\",\"name\":\"Centro Urbano\",\"url\":\"https:\\\/\\\/centrourbano.com\\\/revista\\\/\",\"logo\":{\"@type\":\"ImageObject\",\"inLanguage\":\"es\",\"@id\":\"https:\\\/\\\/centrourbano.com\\\/revista\\\/#\\\/schema\\\/logo\\\/image\\\/\",\"url\":\"https:\\\/\\\/centrourbano.com\\\/revista\\\/wp-content\\\/uploads\\\/web_CU_logo-1.png\",\"contentUrl\":\"https:\\\/\\\/centrourbano.com\\\/revista\\\/wp-content\\\/uploads\\\/web_CU_logo-1.png\",\"width\":350,\"height\":91,\"caption\":\"Centro Urbano\"},\"image\":{\"@id\":\"https:\\\/\\\/centrourbano.com\\\/revista\\\/#\\\/schema\\\/logo\\\/image\\\/\"},\"sameAs\":[\"https:\\\/\\\/www.facebook.com\\\/portalcentrourbano\",\"https:\\\/\\\/x.com\\\/CentroUrbano\",\"https:\\\/\\\/www.instagram.com\\\/centro_urbano\\\/\",\"https:\\\/\\\/www.linkedin.com\\\/company\\\/centro-urbano\\\/\",\"http:\\\/\\\/www.youtube.com\\\/user\\\/portalcentrourbano\"]},{\"@type\":\"Person\",\"@id\":\"https:\\\/\\\/centrourbano.com\\\/revista\\\/#\\\/schema\\\/person\\\/4c9d581213c6d17ee82daf6d9fd0773e\",\"name\":\"Oscar Guti\u00e9rrez Arriaga\",\"image\":{\"@type\":\"ImageObject\",\"inLanguage\":\"es\",\"@id\":\"https:\\\/\\\/secure.gravatar.com\\\/avatar\\\/2cc65c460a9554cb4b76ce1ec6538c61db0db5ddd3275ef867a16f59c0d4810d?s=96&d=mm&r=g\",\"url\":\"https:\\\/\\\/secure.gravatar.com\\\/avatar\\\/2cc65c460a9554cb4b76ce1ec6538c61db0db5ddd3275ef867a16f59c0d4810d?s=96&d=mm&r=g\",\"contentUrl\":\"https:\\\/\\\/secure.gravatar.com\\\/avatar\\\/2cc65c460a9554cb4b76ce1ec6538c61db0db5ddd3275ef867a16f59c0d4810d?s=96&d=mm&r=g\",\"caption\":\"Oscar Guti\u00e9rrez Arriaga\"},\"description\":\"Licenciado en Ciencias de la Comunicaci\u00f3n por la FCPyS UNAM, comunic\u00f3logo pol\u00edtico por decisi\u00f3n, ex profesor y ahora\u2026 reportero\",\"url\":\"https:\\\/\\\/centrourbano.com\\\/revista\\\/author\\\/oscar-gutierrez\\\/\"}]}<\/script>\n<!-- \/ Yoast SEO plugin. -->","yoast_head_json":{"title":"Convives y Canadevi firman convenio de trabajo -","description":"&nbsp; El acuerdo servir\u00e1 para establecer las \u00a0bases fundamentales de un apoyo mutuo entre los sectores de producci\u00f3n de vivienda &nbsp; La r\u00fabrica la","robots":{"index":"index","follow":"follow","max-snippet":"max-snippet:-1","max-image-preview":"max-image-preview:large","max-video-preview":"max-video-preview:-1"},"canonical":"https:\/\/centrourbano.com\/revista\/vivienda\/convives-y-canadevi-firman-convenio-de-trabajo\/","og_locale":"es_ES","og_type":"article","og_title":"Convives y Canadevi firman convenio de trabajo -","og_description":"&nbsp; El acuerdo servir\u00e1 para establecer las \u00a0bases fundamentales de un apoyo mutuo entre los sectores de producci\u00f3n de vivienda &nbsp; La r\u00fabrica la","og_url":"https:\/\/centrourbano.com\/revista\/vivienda\/convives-y-canadevi-firman-convenio-de-trabajo\/","og_site_name":"Centro Urbano","article_publisher":"https:\/\/www.facebook.com\/portalcentrourbano","article_published_time":"2015-02-20T14:30:41+00:00","og_image":[{"width":350,"height":91,"url":"https:\/\/centrourbano.com\/revista\/wp-content\/uploads\/CU-logo.png","type":"image\/png"}],"author":"Oscar Guti\u00e9rrez Arriaga","twitter_card":"summary_large_image","twitter_creator":"@CentroUrbano","twitter_site":"@CentroUrbano","twitter_misc":{"Escrito por":"Oscar Guti\u00e9rrez Arriaga","Tiempo de lectura":"2 minutos"},"schema":{"@context":"https:\/\/schema.org","@graph":[{"@type":"Article","@id":"https:\/\/centrourbano.com\/revista\/vivienda\/convives-y-canadevi-firman-convenio-de-trabajo\/#article","isPartOf":{"@id":"https:\/\/centrourbano.com\/revista\/vivienda\/convives-y-canadevi-firman-convenio-de-trabajo\/"},"author":{"name":"Oscar Guti\u00e9rrez Arriaga","@id":"https:\/\/centrourbano.com\/revista\/#\/schema\/person\/4c9d581213c6d17ee82daf6d9fd0773e"},"headline":"Convives y Canadevi firman convenio de trabajo","datePublished":"2015-02-20T14:30:41+00:00","mainEntityOfPage":{"@id":"https:\/\/centrourbano.com\/revista\/vivienda\/convives-y-canadevi-firman-convenio-de-trabajo\/"},"wordCount":337,"commentCount":0,"publisher":{"@id":"https:\/\/centrourbano.com\/revista\/#organization"},"keywords":["Canadevi","Canadevi Nacional","Convives"],"articleSection":["Vivienda"],"inLanguage":"es","potentialAction":[{"@type":"CommentAction","name":"Comment","target":["https:\/\/centrourbano.com\/revista\/vivienda\/convives-y-canadevi-firman-convenio-de-trabajo\/#respond"]}]},{"@type":"WebPage","@id":"https:\/\/centrourbano.com\/revista\/vivienda\/convives-y-canadevi-firman-convenio-de-trabajo\/","url":"https:\/\/centrourbano.com\/revista\/vivienda\/convives-y-canadevi-firman-convenio-de-trabajo\/","name":"Convives y Canadevi firman convenio de trabajo -","isPartOf":{"@id":"https:\/\/centrourbano.com\/revista\/#website"},"datePublished":"2015-02-20T14:30:41+00:00","description":"&nbsp; El acuerdo servir\u00e1 para establecer las \u00a0bases fundamentales de un apoyo mutuo entre los sectores de producci\u00f3n de vivienda &nbsp; La r\u00fabrica la","breadcrumb":{"@id":"https:\/\/centrourbano.com\/revista\/vivienda\/convives-y-canadevi-firman-convenio-de-trabajo\/#breadcrumb"},"inLanguage":"es","potentialAction":[{"@type":"ReadAction","target":["https:\/\/centrourbano.com\/revista\/vivienda\/convives-y-canadevi-firman-convenio-de-trabajo\/"]}]},{"@type":"BreadcrumbList","@id":"https:\/\/centrourbano.com\/revista\/vivienda\/convives-y-canadevi-firman-convenio-de-trabajo\/#breadcrumb","itemListElement":[{"@type":"ListItem","position":1,"name":"Portada","item":"https:\/\/centrourbano.com\/revista\/"},{"@type":"ListItem","position":2,"name":"Convives y Canadevi firman convenio de trabajo"}]},{"@type":"WebSite","@id":"https:\/\/centrourbano.com\/revista\/#website","url":"https:\/\/centrourbano.com\/revista\/","name":"Centro Urbano","description":"Medio especializado en los sectores vivienda, inmobiliario, construcci\u00f3n, arquitectura y urbanismo.","publisher":{"@id":"https:\/\/centrourbano.com\/revista\/#organization"},"potentialAction":[{"@type":"SearchAction","target":{"@type":"EntryPoint","urlTemplate":"https:\/\/centrourbano.com\/revista\/?s={search_term_string}"},"query-input":{"@type":"PropertyValueSpecification","valueRequired":true,"valueName":"search_term_string"}}],"inLanguage":"es"},{"@type":"Organization","@id":"https:\/\/centrourbano.com\/revista\/#organization","name":"Centro Urbano","url":"https:\/\/centrourbano.com\/revista\/","logo":{"@type":"ImageObject","inLanguage":"es","@id":"https:\/\/centrourbano.com\/revista\/#\/schema\/logo\/image\/","url":"https:\/\/centrourbano.com\/revista\/wp-content\/uploads\/web_CU_logo-1.png","contentUrl":"https:\/\/centrourbano.com\/revista\/wp-content\/uploads\/web_CU_logo-1.png","width":350,"height":91,"caption":"Centro Urbano"},"image":{"@id":"https:\/\/centrourbano.com\/revista\/#\/schema\/logo\/image\/"},"sameAs":["https:\/\/www.facebook.com\/portalcentrourbano","https:\/\/x.com\/CentroUrbano","https:\/\/www.instagram.com\/centro_urbano\/","https:\/\/www.linkedin.com\/company\/centro-urbano\/","http:\/\/www.youtube.com\/user\/portalcentrourbano"]},{"@type":"Person","@id":"https:\/\/centrourbano.com\/revista\/#\/schema\/person\/4c9d581213c6d17ee82daf6d9fd0773e","name":"Oscar Guti\u00e9rrez Arriaga","image":{"@type":"ImageObject","inLanguage":"es","@id":"https:\/\/secure.gravatar.com\/avatar\/2cc65c460a9554cb4b76ce1ec6538c61db0db5ddd3275ef867a16f59c0d4810d?s=96&d=mm&r=g","url":"https:\/\/secure.gravatar.com\/avatar\/2cc65c460a9554cb4b76ce1ec6538c61db0db5ddd3275ef867a16f59c0d4810d?s=96&d=mm&r=g","contentUrl":"https:\/\/secure.gravatar.com\/avatar\/2cc65c460a9554cb4b76ce1ec6538c61db0db5ddd3275ef867a16f59c0d4810d?s=96&d=mm&r=g","caption":"Oscar Guti\u00e9rrez Arriaga"},"description":"Licenciado en Ciencias de la Comunicaci\u00f3n por la FCPyS UNAM, comunic\u00f3logo pol\u00edtico por decisi\u00f3n, ex profesor y ahora\u2026 reportero","url":"https:\/\/centrourbano.com\/revista\/author\/oscar-gutierrez\/"}]}},"_links":{"self":[{"href":"https:\/\/centrourbano.com\/revista\/wp-json\/wp\/v2\/posts\/15553","targetHints":{"allow":["GET"]}}],"collection":[{"href":"https:\/\/centrourbano.com\/revista\/wp-json\/wp\/v2\/posts"}],"about":[{"href":"https:\/\/centrourbano.com\/revista\/wp-json\/wp\/v2\/types\/post"}],"author":[{"embeddable":true,"href":"https:\/\/centrourbano.com\/revista\/wp-json\/wp\/v2\/users\/29"}],"replies":[{"embeddable":true,"href":"https:\/\/centrourbano.com\/revista\/wp-json\/wp\/v2\/comments?post=15553"}],"version-history":[{"count":0,"href":"https:\/\/centrourbano.com\/revista\/wp-json\/wp\/v2\/posts\/15553\/revisions"}],"wp:attachment":[{"href":"https:\/\/centrourbano.com\/revista\/wp-json\/wp\/v2\/media?parent=15553"}],"wp:term":[{"taxonomy":"category","embeddable":true,"href":"https:\/\/centrourbano.com\/revista\/wp-json\/wp\/v2\/categories?post=15553"},{"taxonomy":"post_tag","embeddable":true,"href":"https:\/\/centrourbano.com\/revista\/wp-json\/wp\/v2\/tags?post=15553"}],"curies":[{"name":"wp","href":"https:\/\/api.w.org\/{rel}","templated":true}]}}