{"id":15549,"date":"2015-02-20T09:05:16","date_gmt":"2015-02-20T15:05:16","guid":{"rendered":"http:\/\/centrourbano.com\/?p=15549"},"modified":"2015-02-19T17:58:14","modified_gmt":"2015-02-19T23:58:14","slug":"cumple-infonavit-11-21-de-avance-en-meta-de-creditos","status":"publish","type":"post","link":"https:\/\/centrourbano.com\/revista\/vivienda\/cumple-infonavit-11-21-de-avance-en-meta-de-creditos\/","title":{"rendered":"Cumple Infonavit 11.21% de avance en meta de cr\u00e9ditos"},"content":{"rendered":"<p>&nbsp;<\/p>\n<p><em>Al 15 de febrero, ha formalizado 56 mil 617 hipotecas en el pa\u00eds<\/em><\/p>\n<p><!--more--><\/p>\n<p>El Instituto del Fondo Nacional de la Vivienda para los Trabajadores (Infonavit) public\u00f3 sus indicadores de cr\u00e9ditos para la vivienda, donde al 15 de febrero presenta formalizados 56 mil 617 hipotecas, con lo que presenta un avance de 11.21 por ciento respecto a la meta anual del Programa de Cr\u00e9dito Nacional.<\/p>\n<p>Hasta el momento, de los 505 mil cr\u00e9ditos que se tienen como meta anual a nivel nacional, 68 mil 085 ser\u00edan para Nuevo Le\u00f3n, 48 mil 520 para Jalisco, 34 mil 730 para el Estado de M\u00e9xico, 24 mil 335 para Baja California, 24 mil 405 para Tamaulipas, 24 mil 255 para Coahuila, 23 mil 730 para Chihuahua, 23 mil 920 para Guanajuato, 23 mil 585 para Sonora, \u00a0y Veracruz con 20 mil 360, en tanto 21 mil 790 corresponder\u00edan al Distrito Federal, que lo colocar\u00eda en la d\u00e9cima posici\u00f3n.<\/p>\n<p>De los pron\u00f3sticos de colocaci\u00f3n, destaca el avance que presentan al 15 de febrero Durango, con 22.84; Yucat\u00e1n, con 17.09; Baja California con 15.76; Baja California Sur con 14.65; Tabasco, 14.12; Coahuila 13.80; Oaxaca, 13.68 y Tamaulipas con 13.58 por ciento cada uno. El Distrito Federal se coloca en el lugar 18 con 10.80 por ciento de avance.<\/p>\n<p>En tanto, los estados que registran la menor cantidad de cr\u00e9ditos formalizados figuran Guanajuato, con 2 mil 221, Quintana Roo con mil 222; Estado de M\u00e9xico con 3 mil 162 por ciento; San Luis Potos\u00ed con mil 189; Jalisco, 4 mil 063; e Hidalgo, con 751 respecto a sus planes anuales, seg\u00fan cifras del Instituto.<\/p>\n<p>Como se recordar\u00e1, \u00a0la nueva pol\u00edtica de subsidios en pesos \u00a0se aplicar\u00e1 desde el mes de febrero, como dio a conocer el 28 de enero.<\/p>\n","protected":false},"excerpt":{"rendered":"<p>&nbsp; Al 15 de febrero, ha formalizado 56 mil 617 hipotecas en el pa\u00eds<\/p>\n","protected":false},"author":28,"featured_media":0,"comment_status":"open","ping_status":"closed","sticky":false,"template":"","format":"standard","meta":{"om_disable_all_campaigns":false,"inline_featured_image":false,"_monsterinsights_skip_tracking":false,"_monsterinsights_sitenote_active":false,"_monsterinsights_sitenote_note":"","_monsterinsights_sitenote_category":0,"footnotes":""},"categories":[12],"tags":[290,312,100,213,60],"class_list":["post-15549","post","type-post","status-publish","format-standard","hentry","category-vivienda","tag-ciudad-de-mexico","tag-durango","tag-infonavit","tag-monterrey","tag-vivienda-2"],"yoast_head":"<!-- This site is optimized with the Yoast SEO plugin v27.4 - https:\/\/yoast.com\/product\/yoast-seo-wordpress\/ -->\n<title>Cumple Infonavit 11.21% de avance en meta de cr\u00e9ditos -<\/title>\n<meta name=\"description\" content=\"&nbsp; Al 15 de febrero, ha formalizado 56 mil 617 hipotecas en el pa\u00eds El Instituto del Fondo Nacional de la Vivienda para los Trabajadores (Infonavit)\" \/>\n<meta name=\"robots\" content=\"index, follow, max-snippet:-1, max-image-preview:large, max-video-preview:-1\" \/>\n<link rel=\"canonical\" href=\"https:\/\/centrourbano.com\/revista\/vivienda\/cumple-infonavit-11-21-de-avance-en-meta-de-creditos\/\" \/>\n<meta property=\"og:locale\" content=\"es_ES\" \/>\n<meta property=\"og:type\" content=\"article\" \/>\n<meta property=\"og:title\" content=\"Cumple Infonavit 11.21% de avance en meta de cr\u00e9ditos -\" \/>\n<meta property=\"og:description\" content=\"&nbsp; Al 15 de febrero, ha formalizado 56 mil 617 hipotecas en el pa\u00eds El Instituto del Fondo Nacional de la Vivienda para los Trabajadores (Infonavit)\" \/>\n<meta property=\"og:url\" content=\"https:\/\/centrourbano.com\/revista\/vivienda\/cumple-infonavit-11-21-de-avance-en-meta-de-creditos\/\" \/>\n<meta property=\"og:site_name\" content=\"Centro Urbano\" \/>\n<meta property=\"article:publisher\" content=\"https:\/\/www.facebook.com\/portalcentrourbano\" \/>\n<meta property=\"article:published_time\" content=\"2015-02-20T15:05:16+00:00\" \/>\n<meta property=\"og:image\" content=\"https:\/\/centrourbano.com\/revista\/wp-content\/uploads\/CU-logo.png\" \/>\n\t<meta property=\"og:image:width\" content=\"350\" \/>\n\t<meta property=\"og:image:height\" content=\"91\" \/>\n\t<meta property=\"og:image:type\" content=\"image\/png\" \/>\n<meta name=\"author\" content=\"Mario V\u00e1zquez Barrios\" \/>\n<meta name=\"twitter:card\" content=\"summary_large_image\" \/>\n<meta name=\"twitter:creator\" content=\"@MarioDeNiro\" \/>\n<meta name=\"twitter:site\" content=\"@CentroUrbano\" \/>\n<meta name=\"twitter:label1\" content=\"Escrito por\" \/>\n\t<meta name=\"twitter:data1\" content=\"Mario V\u00e1zquez Barrios\" \/>\n\t<meta name=\"twitter:label2\" content=\"Tiempo de lectura\" \/>\n\t<meta name=\"twitter:data2\" content=\"1 minuto\" \/>\n<script type=\"application\/ld+json\" class=\"yoast-schema-graph\">{\"@context\":\"https:\\\/\\\/schema.org\",\"@graph\":[{\"@type\":\"Article\",\"@id\":\"https:\\\/\\\/centrourbano.com\\\/revista\\\/vivienda\\\/cumple-infonavit-11-21-de-avance-en-meta-de-creditos\\\/#article\",\"isPartOf\":{\"@id\":\"https:\\\/\\\/centrourbano.com\\\/revista\\\/vivienda\\\/cumple-infonavit-11-21-de-avance-en-meta-de-creditos\\\/\"},\"author\":{\"name\":\"Mario V\u00e1zquez Barrios\",\"@id\":\"https:\\\/\\\/centrourbano.com\\\/revista\\\/#\\\/schema\\\/person\\\/71e020a5b63ca4230c0f1228a36cde93\"},\"headline\":\"Cumple Infonavit 11.21% de avance en meta de cr\u00e9ditos\",\"datePublished\":\"2015-02-20T15:05:16+00:00\",\"mainEntityOfPage\":{\"@id\":\"https:\\\/\\\/centrourbano.com\\\/revista\\\/vivienda\\\/cumple-infonavit-11-21-de-avance-en-meta-de-creditos\\\/\"},\"wordCount\":269,\"commentCount\":0,\"publisher\":{\"@id\":\"https:\\\/\\\/centrourbano.com\\\/revista\\\/#organization\"},\"keywords\":[\"ciudad de M\u00e9xico\",\"Durango\",\"Infonavit\",\"Monterrey\",\"vivienda\"],\"articleSection\":[\"Vivienda\"],\"inLanguage\":\"es\",\"potentialAction\":[{\"@type\":\"CommentAction\",\"name\":\"Comment\",\"target\":[\"https:\\\/\\\/centrourbano.com\\\/revista\\\/vivienda\\\/cumple-infonavit-11-21-de-avance-en-meta-de-creditos\\\/#respond\"]}]},{\"@type\":\"WebPage\",\"@id\":\"https:\\\/\\\/centrourbano.com\\\/revista\\\/vivienda\\\/cumple-infonavit-11-21-de-avance-en-meta-de-creditos\\\/\",\"url\":\"https:\\\/\\\/centrourbano.com\\\/revista\\\/vivienda\\\/cumple-infonavit-11-21-de-avance-en-meta-de-creditos\\\/\",\"name\":\"Cumple Infonavit 11.21% de avance en meta de cr\u00e9ditos -\",\"isPartOf\":{\"@id\":\"https:\\\/\\\/centrourbano.com\\\/revista\\\/#website\"},\"datePublished\":\"2015-02-20T15:05:16+00:00\",\"description\":\"&nbsp; Al 15 de febrero, ha formalizado 56 mil 617 hipotecas en el pa\u00eds El Instituto del Fondo Nacional de la Vivienda para los Trabajadores (Infonavit)\",\"breadcrumb\":{\"@id\":\"https:\\\/\\\/centrourbano.com\\\/revista\\\/vivienda\\\/cumple-infonavit-11-21-de-avance-en-meta-de-creditos\\\/#breadcrumb\"},\"inLanguage\":\"es\",\"potentialAction\":[{\"@type\":\"ReadAction\",\"target\":[\"https:\\\/\\\/centrourbano.com\\\/revista\\\/vivienda\\\/cumple-infonavit-11-21-de-avance-en-meta-de-creditos\\\/\"]}]},{\"@type\":\"BreadcrumbList\",\"@id\":\"https:\\\/\\\/centrourbano.com\\\/revista\\\/vivienda\\\/cumple-infonavit-11-21-de-avance-en-meta-de-creditos\\\/#breadcrumb\",\"itemListElement\":[{\"@type\":\"ListItem\",\"position\":1,\"name\":\"Portada\",\"item\":\"https:\\\/\\\/centrourbano.com\\\/revista\\\/\"},{\"@type\":\"ListItem\",\"position\":2,\"name\":\"Cumple Infonavit 11.21% de avance en meta de cr\u00e9ditos\"}]},{\"@type\":\"WebSite\",\"@id\":\"https:\\\/\\\/centrourbano.com\\\/revista\\\/#website\",\"url\":\"https:\\\/\\\/centrourbano.com\\\/revista\\\/\",\"name\":\"Centro Urbano\",\"description\":\"Medio especializado en los sectores vivienda, inmobiliario, construcci\u00f3n, arquitectura y urbanismo.\",\"publisher\":{\"@id\":\"https:\\\/\\\/centrourbano.com\\\/revista\\\/#organization\"},\"potentialAction\":[{\"@type\":\"SearchAction\",\"target\":{\"@type\":\"EntryPoint\",\"urlTemplate\":\"https:\\\/\\\/centrourbano.com\\\/revista\\\/?s={search_term_string}\"},\"query-input\":{\"@type\":\"PropertyValueSpecification\",\"valueRequired\":true,\"valueName\":\"search_term_string\"}}],\"inLanguage\":\"es\"},{\"@type\":\"Organization\",\"@id\":\"https:\\\/\\\/centrourbano.com\\\/revista\\\/#organization\",\"name\":\"Centro Urbano\",\"url\":\"https:\\\/\\\/centrourbano.com\\\/revista\\\/\",\"logo\":{\"@type\":\"ImageObject\",\"inLanguage\":\"es\",\"@id\":\"https:\\\/\\\/centrourbano.com\\\/revista\\\/#\\\/schema\\\/logo\\\/image\\\/\",\"url\":\"https:\\\/\\\/centrourbano.com\\\/revista\\\/wp-content\\\/uploads\\\/web_CU_logo-1.png\",\"contentUrl\":\"https:\\\/\\\/centrourbano.com\\\/revista\\\/wp-content\\\/uploads\\\/web_CU_logo-1.png\",\"width\":350,\"height\":91,\"caption\":\"Centro Urbano\"},\"image\":{\"@id\":\"https:\\\/\\\/centrourbano.com\\\/revista\\\/#\\\/schema\\\/logo\\\/image\\\/\"},\"sameAs\":[\"https:\\\/\\\/www.facebook.com\\\/portalcentrourbano\",\"https:\\\/\\\/x.com\\\/CentroUrbano\",\"https:\\\/\\\/www.instagram.com\\\/centro_urbano\\\/\",\"https:\\\/\\\/www.linkedin.com\\\/company\\\/centro-urbano\\\/\",\"http:\\\/\\\/www.youtube.com\\\/user\\\/portalcentrourbano\"]},{\"@type\":\"Person\",\"@id\":\"https:\\\/\\\/centrourbano.com\\\/revista\\\/#\\\/schema\\\/person\\\/71e020a5b63ca4230c0f1228a36cde93\",\"name\":\"Mario V\u00e1zquez Barrios\",\"image\":{\"@type\":\"ImageObject\",\"inLanguage\":\"es\",\"@id\":\"https:\\\/\\\/secure.gravatar.com\\\/avatar\\\/347e6d9c0b04f0194ca244ba64b0fe62752d716a3a93d1713bd259eb87aad5b6?s=96&d=mm&r=g\",\"url\":\"https:\\\/\\\/secure.gravatar.com\\\/avatar\\\/347e6d9c0b04f0194ca244ba64b0fe62752d716a3a93d1713bd259eb87aad5b6?s=96&d=mm&r=g\",\"contentUrl\":\"https:\\\/\\\/secure.gravatar.com\\\/avatar\\\/347e6d9c0b04f0194ca244ba64b0fe62752d716a3a93d1713bd259eb87aad5b6?s=96&d=mm&r=g\",\"caption\":\"Mario V\u00e1zquez Barrios\"},\"description\":\"Me inici\u00e9 en El Financiero haciendo reportajes; en MegaNoticias Televisi\u00f3n fui reportero titular; en EMedios, control de calidad; y Radio 13 Noticias me acogi\u00f3 como colaborador. Me gusta encontrar en las banquetas la nota, una entrevista y el inicio de un reportaje.\",\"sameAs\":[\"https:\\\/\\\/x.com\\\/@MarioDeNiro\"],\"url\":\"https:\\\/\\\/centrourbano.com\\\/revista\\\/author\\\/mario-vazquez\\\/\"}]}<\/script>\n<!-- \/ Yoast SEO plugin. -->","yoast_head_json":{"title":"Cumple Infonavit 11.21% de avance en meta de cr\u00e9ditos -","description":"&nbsp; Al 15 de febrero, ha formalizado 56 mil 617 hipotecas en el pa\u00eds El Instituto del Fondo Nacional de la Vivienda para los Trabajadores (Infonavit)","robots":{"index":"index","follow":"follow","max-snippet":"max-snippet:-1","max-image-preview":"max-image-preview:large","max-video-preview":"max-video-preview:-1"},"canonical":"https:\/\/centrourbano.com\/revista\/vivienda\/cumple-infonavit-11-21-de-avance-en-meta-de-creditos\/","og_locale":"es_ES","og_type":"article","og_title":"Cumple Infonavit 11.21% de avance en meta de cr\u00e9ditos -","og_description":"&nbsp; Al 15 de febrero, ha formalizado 56 mil 617 hipotecas en el pa\u00eds El Instituto del Fondo Nacional de la Vivienda para los Trabajadores (Infonavit)","og_url":"https:\/\/centrourbano.com\/revista\/vivienda\/cumple-infonavit-11-21-de-avance-en-meta-de-creditos\/","og_site_name":"Centro Urbano","article_publisher":"https:\/\/www.facebook.com\/portalcentrourbano","article_published_time":"2015-02-20T15:05:16+00:00","og_image":[{"width":350,"height":91,"url":"https:\/\/centrourbano.com\/revista\/wp-content\/uploads\/CU-logo.png","type":"image\/png"}],"author":"Mario V\u00e1zquez Barrios","twitter_card":"summary_large_image","twitter_creator":"@MarioDeNiro","twitter_site":"@CentroUrbano","twitter_misc":{"Escrito por":"Mario V\u00e1zquez Barrios","Tiempo de lectura":"1 minuto"},"schema":{"@context":"https:\/\/schema.org","@graph":[{"@type":"Article","@id":"https:\/\/centrourbano.com\/revista\/vivienda\/cumple-infonavit-11-21-de-avance-en-meta-de-creditos\/#article","isPartOf":{"@id":"https:\/\/centrourbano.com\/revista\/vivienda\/cumple-infonavit-11-21-de-avance-en-meta-de-creditos\/"},"author":{"name":"Mario V\u00e1zquez Barrios","@id":"https:\/\/centrourbano.com\/revista\/#\/schema\/person\/71e020a5b63ca4230c0f1228a36cde93"},"headline":"Cumple Infonavit 11.21% de avance en meta de cr\u00e9ditos","datePublished":"2015-02-20T15:05:16+00:00","mainEntityOfPage":{"@id":"https:\/\/centrourbano.com\/revista\/vivienda\/cumple-infonavit-11-21-de-avance-en-meta-de-creditos\/"},"wordCount":269,"commentCount":0,"publisher":{"@id":"https:\/\/centrourbano.com\/revista\/#organization"},"keywords":["ciudad de M\u00e9xico","Durango","Infonavit","Monterrey","vivienda"],"articleSection":["Vivienda"],"inLanguage":"es","potentialAction":[{"@type":"CommentAction","name":"Comment","target":["https:\/\/centrourbano.com\/revista\/vivienda\/cumple-infonavit-11-21-de-avance-en-meta-de-creditos\/#respond"]}]},{"@type":"WebPage","@id":"https:\/\/centrourbano.com\/revista\/vivienda\/cumple-infonavit-11-21-de-avance-en-meta-de-creditos\/","url":"https:\/\/centrourbano.com\/revista\/vivienda\/cumple-infonavit-11-21-de-avance-en-meta-de-creditos\/","name":"Cumple Infonavit 11.21% de avance en meta de cr\u00e9ditos -","isPartOf":{"@id":"https:\/\/centrourbano.com\/revista\/#website"},"datePublished":"2015-02-20T15:05:16+00:00","description":"&nbsp; Al 15 de febrero, ha formalizado 56 mil 617 hipotecas en el pa\u00eds El Instituto del Fondo Nacional de la Vivienda para los Trabajadores (Infonavit)","breadcrumb":{"@id":"https:\/\/centrourbano.com\/revista\/vivienda\/cumple-infonavit-11-21-de-avance-en-meta-de-creditos\/#breadcrumb"},"inLanguage":"es","potentialAction":[{"@type":"ReadAction","target":["https:\/\/centrourbano.com\/revista\/vivienda\/cumple-infonavit-11-21-de-avance-en-meta-de-creditos\/"]}]},{"@type":"BreadcrumbList","@id":"https:\/\/centrourbano.com\/revista\/vivienda\/cumple-infonavit-11-21-de-avance-en-meta-de-creditos\/#breadcrumb","itemListElement":[{"@type":"ListItem","position":1,"name":"Portada","item":"https:\/\/centrourbano.com\/revista\/"},{"@type":"ListItem","position":2,"name":"Cumple Infonavit 11.21% de avance en meta de cr\u00e9ditos"}]},{"@type":"WebSite","@id":"https:\/\/centrourbano.com\/revista\/#website","url":"https:\/\/centrourbano.com\/revista\/","name":"Centro Urbano","description":"Medio especializado en los sectores vivienda, inmobiliario, construcci\u00f3n, arquitectura y urbanismo.","publisher":{"@id":"https:\/\/centrourbano.com\/revista\/#organization"},"potentialAction":[{"@type":"SearchAction","target":{"@type":"EntryPoint","urlTemplate":"https:\/\/centrourbano.com\/revista\/?s={search_term_string}"},"query-input":{"@type":"PropertyValueSpecification","valueRequired":true,"valueName":"search_term_string"}}],"inLanguage":"es"},{"@type":"Organization","@id":"https:\/\/centrourbano.com\/revista\/#organization","name":"Centro Urbano","url":"https:\/\/centrourbano.com\/revista\/","logo":{"@type":"ImageObject","inLanguage":"es","@id":"https:\/\/centrourbano.com\/revista\/#\/schema\/logo\/image\/","url":"https:\/\/centrourbano.com\/revista\/wp-content\/uploads\/web_CU_logo-1.png","contentUrl":"https:\/\/centrourbano.com\/revista\/wp-content\/uploads\/web_CU_logo-1.png","width":350,"height":91,"caption":"Centro Urbano"},"image":{"@id":"https:\/\/centrourbano.com\/revista\/#\/schema\/logo\/image\/"},"sameAs":["https:\/\/www.facebook.com\/portalcentrourbano","https:\/\/x.com\/CentroUrbano","https:\/\/www.instagram.com\/centro_urbano\/","https:\/\/www.linkedin.com\/company\/centro-urbano\/","http:\/\/www.youtube.com\/user\/portalcentrourbano"]},{"@type":"Person","@id":"https:\/\/centrourbano.com\/revista\/#\/schema\/person\/71e020a5b63ca4230c0f1228a36cde93","name":"Mario V\u00e1zquez Barrios","image":{"@type":"ImageObject","inLanguage":"es","@id":"https:\/\/secure.gravatar.com\/avatar\/347e6d9c0b04f0194ca244ba64b0fe62752d716a3a93d1713bd259eb87aad5b6?s=96&d=mm&r=g","url":"https:\/\/secure.gravatar.com\/avatar\/347e6d9c0b04f0194ca244ba64b0fe62752d716a3a93d1713bd259eb87aad5b6?s=96&d=mm&r=g","contentUrl":"https:\/\/secure.gravatar.com\/avatar\/347e6d9c0b04f0194ca244ba64b0fe62752d716a3a93d1713bd259eb87aad5b6?s=96&d=mm&r=g","caption":"Mario V\u00e1zquez Barrios"},"description":"Me inici\u00e9 en El Financiero haciendo reportajes; en MegaNoticias Televisi\u00f3n fui reportero titular; en EMedios, control de calidad; y Radio 13 Noticias me acogi\u00f3 como colaborador. Me gusta encontrar en las banquetas la nota, una entrevista y el inicio de un reportaje.","sameAs":["https:\/\/x.com\/@MarioDeNiro"],"url":"https:\/\/centrourbano.com\/revista\/author\/mario-vazquez\/"}]}},"_links":{"self":[{"href":"https:\/\/centrourbano.com\/revista\/wp-json\/wp\/v2\/posts\/15549","targetHints":{"allow":["GET"]}}],"collection":[{"href":"https:\/\/centrourbano.com\/revista\/wp-json\/wp\/v2\/posts"}],"about":[{"href":"https:\/\/centrourbano.com\/revista\/wp-json\/wp\/v2\/types\/post"}],"author":[{"embeddable":true,"href":"https:\/\/centrourbano.com\/revista\/wp-json\/wp\/v2\/users\/28"}],"replies":[{"embeddable":true,"href":"https:\/\/centrourbano.com\/revista\/wp-json\/wp\/v2\/comments?post=15549"}],"version-history":[{"count":0,"href":"https:\/\/centrourbano.com\/revista\/wp-json\/wp\/v2\/posts\/15549\/revisions"}],"wp:attachment":[{"href":"https:\/\/centrourbano.com\/revista\/wp-json\/wp\/v2\/media?parent=15549"}],"wp:term":[{"taxonomy":"category","embeddable":true,"href":"https:\/\/centrourbano.com\/revista\/wp-json\/wp\/v2\/categories?post=15549"},{"taxonomy":"post_tag","embeddable":true,"href":"https:\/\/centrourbano.com\/revista\/wp-json\/wp\/v2\/tags?post=15549"}],"curies":[{"name":"wp","href":"https:\/\/api.w.org\/{rel}","templated":true}]}}