{"id":155412,"date":"2025-05-28T19:08:30","date_gmt":"2025-05-29T01:08:30","guid":{"rendered":"https:\/\/centrourbano.com\/revista\/?p=155412"},"modified":"2025-05-28T19:08:30","modified_gmt":"2025-05-29T01:08:30","slug":"precio-de-la-vivienda-zm","status":"publish","type":"post","link":"https:\/\/centrourbano.com\/revista\/vivienda\/precio-de-la-vivienda-zm\/","title":{"rendered":"Aumenta el precio de la vivienda en zonas metropolitanas"},"content":{"rendered":"<p><em>Entre las zonas metropolitanas con mayor incremento en el precio de la vivienda se encuentran Tijuana, Le\u00f3n y Monterrey <\/em><!--more--><\/p>\n<p>Durante el primer trimestre de 2025 (1T2025), la Sociedad Hipotecaria Federal (<a href=\"https:\/\/www.gob.mx\/shf\" target=\"_blank\" rel=\"noopener\">SHF<\/a>) inform\u00f3 que, en las zonas metropolitanas del pa\u00eds, el <strong>precio de la vivienda incremento desde un 5.3% hasta un 11.1 por ciento. <\/strong><\/p>\n<p>De acuerdo con informaci\u00f3n del \u00cdndice de Precios de la Vivienda del organismo estos incrementos se deben a las <strong>caracter\u00edsticas de cada regi\u00f3n<\/strong>, como el tipo de inmueble, sus ubicaciones, entre otras.<\/p>\n<p>La regi\u00f3n con menor incremento fue el Valle de M\u00e9xico y la zona metropolitana de Toluca con un aumento del 5.3% y 5%, respectivamente, en comparaci\u00f3n con el mismo periodo de 2024, influido principalmente por el <strong>encarecimiento de las viviendas en las periferias<\/strong>.<\/p>\n<p>A pesar de que se trata del crecimiento m\u00e1s bajo, el Indicador Banorte de Precios de Vivienda (<a href=\"https:\/\/centrourbano.com\/revista\/?s=INBAPREVI\" target=\"_blank\" rel=\"noopener\">Inbaprevi<\/a>) se\u00f1al\u00f3 que, al cierre de abril de 2025, el precio promedio de la vivienda en la Ciudad de M\u00e9xico alcanz\u00f3 los 56,707 pesos por metro cuadrado (m\u00b2), el m\u00e1s alto del pa\u00eds.<\/p>\n<p>La SHF indic\u00f3 que la zona metropolitana de <strong>Quer\u00e9taro registr\u00f3 un incremento de 6.7%,<\/strong> impulsado por el alza en el valor de las casas con tres rec\u00e1maras, lo que refleja las preferencias de los consumidores durante el inicio del a\u00f1o.<\/p>\n<p>El \u00edndice tambi\u00e9n se\u00f1al\u00f3 que la regi\u00f3n <strong>de Monterrey subi\u00f3 9.1%<\/strong>, impulsado principalmente por la<strong> valorizaci\u00f3n en las viviendas dos habitaciones<\/strong>, inmuebles populares entre las familias j\u00f3venes y parejas. En este caso, el costo promedio de los inmuebles en Nuevo Le\u00f3n se ubic\u00f3 en 52,260 pesos por m\u00b2 durante abril.<\/p>\n<p>Mientras que la zona metropolitana de Puebla-Tlaxcala present\u00f3 un incremento de 9.6%, impulsado por el aumento en el precio de las viviendas de clase media. En esa regi\u00f3n, <strong>Puebla registr\u00f3 un costo por 24,956 pesos por m\u00b2. <\/strong><\/p>\n<p>En Le\u00f3n, los precios crecieron 10.9%, principalmente por el <strong>encarecimiento de las viviendas del segmento econ\u00f3mico-social<\/strong>, debido a la demanda sostenida por vivienda asequible en una ciudad con fuerte crecimiento industrial.<\/p>\n<p>Finalmente, la SHF anunci\u00f3 que la <strong>zona metropolitana de Tijuana present\u00f3 el mayor incremento<\/strong>, con un 11.1 por ciento, en comparaci\u00f3n con el 1T24. El alza en esta ciudad fronteriza se atribuye al encarecimiento de viviendas ubicadas en zonas intermedias, que ofrecen una combinaci\u00f3n de buena ubicaci\u00f3n y precios todav\u00eda accesibles.<\/p>\n","protected":false},"excerpt":{"rendered":"<p>Entre las zonas metropolitanas con mayor incremento en el precio de la vivienda se encuentran Tijuana, Le\u00f3n y Monterrey<\/p>\n","protected":false},"author":88,"featured_media":155413,"comment_status":"open","ping_status":"closed","sticky":false,"template":"","format":"standard","meta":{"om_disable_all_campaigns":false,"inline_featured_image":false,"_monsterinsights_skip_tracking":false,"_monsterinsights_sitenote_active":false,"_monsterinsights_sitenote_note":"","_monsterinsights_sitenote_category":0,"footnotes":""},"categories":[12],"tags":[19559,24046],"class_list":["post-155412","post","type-post","status-publish","format-standard","has-post-thumbnail","hentry","category-vivienda","tag-precio-de-la-vivienda","tag-precio-de-la-vivienda-cdmx"],"yoast_head":"<!-- This site is optimized with the Yoast SEO plugin v27.4 - https:\/\/yoast.com\/product\/yoast-seo-wordpress\/ -->\n<title>Aumenta el precio de la vivienda en zonas metropolitanas<\/title>\n<meta name=\"description\" content=\"Entre las zonas metropolitanas con mayor incremento en el precio de la vivienda se encuentran Tijuana, Le\u00f3n y Monterrey.\" \/>\n<meta name=\"robots\" content=\"index, follow, max-snippet:-1, max-image-preview:large, max-video-preview:-1\" \/>\n<link rel=\"canonical\" href=\"https:\/\/centrourbano.com\/revista\/vivienda\/precio-de-la-vivienda-zm\/\" \/>\n<meta property=\"og:locale\" content=\"es_ES\" \/>\n<meta property=\"og:type\" content=\"article\" \/>\n<meta property=\"og:title\" content=\"Aumenta el precio de la vivienda en zonas metropolitanas\" \/>\n<meta property=\"og:description\" content=\"Entre las zonas metropolitanas con mayor incremento en el precio de la vivienda se encuentran Tijuana, Le\u00f3n y Monterrey.\" \/>\n<meta property=\"og:url\" content=\"https:\/\/centrourbano.com\/revista\/vivienda\/precio-de-la-vivienda-zm\/\" \/>\n<meta property=\"og:site_name\" content=\"Centro Urbano\" \/>\n<meta property=\"article:publisher\" content=\"https:\/\/www.facebook.com\/portalcentrourbano\" \/>\n<meta property=\"article:published_time\" content=\"2025-05-29T01:08:30+00:00\" \/>\n<meta property=\"og:image\" content=\"https:\/\/centrourbano.com\/revista\/wp-content\/uploads\/800-casa-8-4.jpg\" \/>\n\t<meta property=\"og:image:width\" content=\"800\" \/>\n\t<meta property=\"og:image:height\" content=\"800\" \/>\n\t<meta property=\"og:image:type\" content=\"image\/jpeg\" \/>\n<meta name=\"author\" content=\"Rebeca Romero\" \/>\n<meta name=\"twitter:card\" content=\"summary_large_image\" \/>\n<meta name=\"twitter:creator\" content=\"@CentroUrbano\" \/>\n<meta name=\"twitter:site\" content=\"@CentroUrbano\" \/>\n<meta name=\"twitter:label1\" content=\"Escrito por\" \/>\n\t<meta name=\"twitter:data1\" content=\"Rebeca Romero\" \/>\n\t<meta name=\"twitter:label2\" content=\"Tiempo de lectura\" \/>\n\t<meta name=\"twitter:data2\" content=\"2 minutos\" \/>\n<script type=\"application\/ld+json\" class=\"yoast-schema-graph\">{\"@context\":\"https:\\\/\\\/schema.org\",\"@graph\":[{\"@type\":\"Article\",\"@id\":\"https:\\\/\\\/centrourbano.com\\\/revista\\\/vivienda\\\/precio-de-la-vivienda-zm\\\/#article\",\"isPartOf\":{\"@id\":\"https:\\\/\\\/centrourbano.com\\\/revista\\\/vivienda\\\/precio-de-la-vivienda-zm\\\/\"},\"author\":{\"name\":\"Rebeca Romero\",\"@id\":\"https:\\\/\\\/centrourbano.com\\\/revista\\\/#\\\/schema\\\/person\\\/c665f1c60da3ad48cd761a707b7090b0\"},\"headline\":\"Aumenta el precio de la vivienda en zonas metropolitanas\",\"datePublished\":\"2025-05-29T01:08:30+00:00\",\"mainEntityOfPage\":{\"@id\":\"https:\\\/\\\/centrourbano.com\\\/revista\\\/vivienda\\\/precio-de-la-vivienda-zm\\\/\"},\"wordCount\":410,\"commentCount\":0,\"publisher\":{\"@id\":\"https:\\\/\\\/centrourbano.com\\\/revista\\\/#organization\"},\"image\":{\"@id\":\"https:\\\/\\\/centrourbano.com\\\/revista\\\/vivienda\\\/precio-de-la-vivienda-zm\\\/#primaryimage\"},\"thumbnailUrl\":\"https:\\\/\\\/centrourbano.com\\\/revista\\\/wp-content\\\/uploads\\\/800-casa-8-4.jpg\",\"keywords\":[\"precio de la vivienda\",\"precio de la vivienda CDMX\"],\"articleSection\":[\"Vivienda\"],\"inLanguage\":\"es\",\"potentialAction\":[{\"@type\":\"CommentAction\",\"name\":\"Comment\",\"target\":[\"https:\\\/\\\/centrourbano.com\\\/revista\\\/vivienda\\\/precio-de-la-vivienda-zm\\\/#respond\"]}]},{\"@type\":\"WebPage\",\"@id\":\"https:\\\/\\\/centrourbano.com\\\/revista\\\/vivienda\\\/precio-de-la-vivienda-zm\\\/\",\"url\":\"https:\\\/\\\/centrourbano.com\\\/revista\\\/vivienda\\\/precio-de-la-vivienda-zm\\\/\",\"name\":\"Aumenta el precio de la vivienda en zonas metropolitanas\",\"isPartOf\":{\"@id\":\"https:\\\/\\\/centrourbano.com\\\/revista\\\/#website\"},\"primaryImageOfPage\":{\"@id\":\"https:\\\/\\\/centrourbano.com\\\/revista\\\/vivienda\\\/precio-de-la-vivienda-zm\\\/#primaryimage\"},\"image\":{\"@id\":\"https:\\\/\\\/centrourbano.com\\\/revista\\\/vivienda\\\/precio-de-la-vivienda-zm\\\/#primaryimage\"},\"thumbnailUrl\":\"https:\\\/\\\/centrourbano.com\\\/revista\\\/wp-content\\\/uploads\\\/800-casa-8-4.jpg\",\"datePublished\":\"2025-05-29T01:08:30+00:00\",\"description\":\"Entre las zonas metropolitanas con mayor incremento en el precio de la vivienda se encuentran Tijuana, Le\u00f3n y Monterrey.\",\"breadcrumb\":{\"@id\":\"https:\\\/\\\/centrourbano.com\\\/revista\\\/vivienda\\\/precio-de-la-vivienda-zm\\\/#breadcrumb\"},\"inLanguage\":\"es\",\"potentialAction\":[{\"@type\":\"ReadAction\",\"target\":[\"https:\\\/\\\/centrourbano.com\\\/revista\\\/vivienda\\\/precio-de-la-vivienda-zm\\\/\"]}]},{\"@type\":\"ImageObject\",\"inLanguage\":\"es\",\"@id\":\"https:\\\/\\\/centrourbano.com\\\/revista\\\/vivienda\\\/precio-de-la-vivienda-zm\\\/#primaryimage\",\"url\":\"https:\\\/\\\/centrourbano.com\\\/revista\\\/wp-content\\\/uploads\\\/800-casa-8-4.jpg\",\"contentUrl\":\"https:\\\/\\\/centrourbano.com\\\/revista\\\/wp-content\\\/uploads\\\/800-casa-8-4.jpg\",\"width\":800,\"height\":800,\"caption\":\"Aumenta el precio de la vivienda en zonas metropolitanas\"},{\"@type\":\"BreadcrumbList\",\"@id\":\"https:\\\/\\\/centrourbano.com\\\/revista\\\/vivienda\\\/precio-de-la-vivienda-zm\\\/#breadcrumb\",\"itemListElement\":[{\"@type\":\"ListItem\",\"position\":1,\"name\":\"Portada\",\"item\":\"https:\\\/\\\/centrourbano.com\\\/revista\\\/\"},{\"@type\":\"ListItem\",\"position\":2,\"name\":\"Aumenta el precio de la vivienda en zonas metropolitanas\"}]},{\"@type\":\"WebSite\",\"@id\":\"https:\\\/\\\/centrourbano.com\\\/revista\\\/#website\",\"url\":\"https:\\\/\\\/centrourbano.com\\\/revista\\\/\",\"name\":\"Centro Urbano\",\"description\":\"Medio especializado en los sectores vivienda, inmobiliario, construcci\u00f3n, arquitectura y urbanismo.\",\"publisher\":{\"@id\":\"https:\\\/\\\/centrourbano.com\\\/revista\\\/#organization\"},\"potentialAction\":[{\"@type\":\"SearchAction\",\"target\":{\"@type\":\"EntryPoint\",\"urlTemplate\":\"https:\\\/\\\/centrourbano.com\\\/revista\\\/?s={search_term_string}\"},\"query-input\":{\"@type\":\"PropertyValueSpecification\",\"valueRequired\":true,\"valueName\":\"search_term_string\"}}],\"inLanguage\":\"es\"},{\"@type\":\"Organization\",\"@id\":\"https:\\\/\\\/centrourbano.com\\\/revista\\\/#organization\",\"name\":\"Centro Urbano\",\"url\":\"https:\\\/\\\/centrourbano.com\\\/revista\\\/\",\"logo\":{\"@type\":\"ImageObject\",\"inLanguage\":\"es\",\"@id\":\"https:\\\/\\\/centrourbano.com\\\/revista\\\/#\\\/schema\\\/logo\\\/image\\\/\",\"url\":\"https:\\\/\\\/centrourbano.com\\\/revista\\\/wp-content\\\/uploads\\\/web_CU_logo-1.png\",\"contentUrl\":\"https:\\\/\\\/centrourbano.com\\\/revista\\\/wp-content\\\/uploads\\\/web_CU_logo-1.png\",\"width\":350,\"height\":91,\"caption\":\"Centro Urbano\"},\"image\":{\"@id\":\"https:\\\/\\\/centrourbano.com\\\/revista\\\/#\\\/schema\\\/logo\\\/image\\\/\"},\"sameAs\":[\"https:\\\/\\\/www.facebook.com\\\/portalcentrourbano\",\"https:\\\/\\\/x.com\\\/CentroUrbano\",\"https:\\\/\\\/www.instagram.com\\\/centro_urbano\\\/\",\"https:\\\/\\\/www.linkedin.com\\\/company\\\/centro-urbano\\\/\",\"http:\\\/\\\/www.youtube.com\\\/user\\\/portalcentrourbano\"]},{\"@type\":\"Person\",\"@id\":\"https:\\\/\\\/centrourbano.com\\\/revista\\\/#\\\/schema\\\/person\\\/c665f1c60da3ad48cd761a707b7090b0\",\"name\":\"Rebeca Romero\",\"image\":{\"@type\":\"ImageObject\",\"inLanguage\":\"es\",\"@id\":\"https:\\\/\\\/secure.gravatar.com\\\/avatar\\\/aee0068ae3cc041082e0e84a8258fe5ccc00a733f187bde73b0b40d86b892826?s=96&d=mm&r=g\",\"url\":\"https:\\\/\\\/secure.gravatar.com\\\/avatar\\\/aee0068ae3cc041082e0e84a8258fe5ccc00a733f187bde73b0b40d86b892826?s=96&d=mm&r=g\",\"contentUrl\":\"https:\\\/\\\/secure.gravatar.com\\\/avatar\\\/aee0068ae3cc041082e0e84a8258fe5ccc00a733f187bde73b0b40d86b892826?s=96&d=mm&r=g\",\"caption\":\"Rebeca Romero\"},\"url\":\"https:\\\/\\\/centrourbano.com\\\/revista\\\/author\\\/rebeca-romero\\\/\"}]}<\/script>\n<!-- \/ Yoast SEO plugin. -->","yoast_head_json":{"title":"Aumenta el precio de la vivienda en zonas metropolitanas","description":"Entre las zonas metropolitanas con mayor incremento en el precio de la vivienda se encuentran Tijuana, Le\u00f3n y Monterrey.","robots":{"index":"index","follow":"follow","max-snippet":"max-snippet:-1","max-image-preview":"max-image-preview:large","max-video-preview":"max-video-preview:-1"},"canonical":"https:\/\/centrourbano.com\/revista\/vivienda\/precio-de-la-vivienda-zm\/","og_locale":"es_ES","og_type":"article","og_title":"Aumenta el precio de la vivienda en zonas metropolitanas","og_description":"Entre las zonas metropolitanas con mayor incremento en el precio de la vivienda se encuentran Tijuana, Le\u00f3n y Monterrey.","og_url":"https:\/\/centrourbano.com\/revista\/vivienda\/precio-de-la-vivienda-zm\/","og_site_name":"Centro Urbano","article_publisher":"https:\/\/www.facebook.com\/portalcentrourbano","article_published_time":"2025-05-29T01:08:30+00:00","og_image":[{"width":800,"height":800,"url":"https:\/\/centrourbano.com\/revista\/wp-content\/uploads\/800-casa-8-4.jpg","type":"image\/jpeg"}],"author":"Rebeca Romero","twitter_card":"summary_large_image","twitter_creator":"@CentroUrbano","twitter_site":"@CentroUrbano","twitter_misc":{"Escrito por":"Rebeca Romero","Tiempo de lectura":"2 minutos"},"schema":{"@context":"https:\/\/schema.org","@graph":[{"@type":"Article","@id":"https:\/\/centrourbano.com\/revista\/vivienda\/precio-de-la-vivienda-zm\/#article","isPartOf":{"@id":"https:\/\/centrourbano.com\/revista\/vivienda\/precio-de-la-vivienda-zm\/"},"author":{"name":"Rebeca Romero","@id":"https:\/\/centrourbano.com\/revista\/#\/schema\/person\/c665f1c60da3ad48cd761a707b7090b0"},"headline":"Aumenta el precio de la vivienda en zonas metropolitanas","datePublished":"2025-05-29T01:08:30+00:00","mainEntityOfPage":{"@id":"https:\/\/centrourbano.com\/revista\/vivienda\/precio-de-la-vivienda-zm\/"},"wordCount":410,"commentCount":0,"publisher":{"@id":"https:\/\/centrourbano.com\/revista\/#organization"},"image":{"@id":"https:\/\/centrourbano.com\/revista\/vivienda\/precio-de-la-vivienda-zm\/#primaryimage"},"thumbnailUrl":"https:\/\/centrourbano.com\/revista\/wp-content\/uploads\/800-casa-8-4.jpg","keywords":["precio de la vivienda","precio de la vivienda CDMX"],"articleSection":["Vivienda"],"inLanguage":"es","potentialAction":[{"@type":"CommentAction","name":"Comment","target":["https:\/\/centrourbano.com\/revista\/vivienda\/precio-de-la-vivienda-zm\/#respond"]}]},{"@type":"WebPage","@id":"https:\/\/centrourbano.com\/revista\/vivienda\/precio-de-la-vivienda-zm\/","url":"https:\/\/centrourbano.com\/revista\/vivienda\/precio-de-la-vivienda-zm\/","name":"Aumenta el precio de la vivienda en zonas metropolitanas","isPartOf":{"@id":"https:\/\/centrourbano.com\/revista\/#website"},"primaryImageOfPage":{"@id":"https:\/\/centrourbano.com\/revista\/vivienda\/precio-de-la-vivienda-zm\/#primaryimage"},"image":{"@id":"https:\/\/centrourbano.com\/revista\/vivienda\/precio-de-la-vivienda-zm\/#primaryimage"},"thumbnailUrl":"https:\/\/centrourbano.com\/revista\/wp-content\/uploads\/800-casa-8-4.jpg","datePublished":"2025-05-29T01:08:30+00:00","description":"Entre las zonas metropolitanas con mayor incremento en el precio de la vivienda se encuentran Tijuana, Le\u00f3n y Monterrey.","breadcrumb":{"@id":"https:\/\/centrourbano.com\/revista\/vivienda\/precio-de-la-vivienda-zm\/#breadcrumb"},"inLanguage":"es","potentialAction":[{"@type":"ReadAction","target":["https:\/\/centrourbano.com\/revista\/vivienda\/precio-de-la-vivienda-zm\/"]}]},{"@type":"ImageObject","inLanguage":"es","@id":"https:\/\/centrourbano.com\/revista\/vivienda\/precio-de-la-vivienda-zm\/#primaryimage","url":"https:\/\/centrourbano.com\/revista\/wp-content\/uploads\/800-casa-8-4.jpg","contentUrl":"https:\/\/centrourbano.com\/revista\/wp-content\/uploads\/800-casa-8-4.jpg","width":800,"height":800,"caption":"Aumenta el precio de la vivienda en zonas metropolitanas"},{"@type":"BreadcrumbList","@id":"https:\/\/centrourbano.com\/revista\/vivienda\/precio-de-la-vivienda-zm\/#breadcrumb","itemListElement":[{"@type":"ListItem","position":1,"name":"Portada","item":"https:\/\/centrourbano.com\/revista\/"},{"@type":"ListItem","position":2,"name":"Aumenta el precio de la vivienda en zonas metropolitanas"}]},{"@type":"WebSite","@id":"https:\/\/centrourbano.com\/revista\/#website","url":"https:\/\/centrourbano.com\/revista\/","name":"Centro Urbano","description":"Medio especializado en los sectores vivienda, inmobiliario, construcci\u00f3n, arquitectura y urbanismo.","publisher":{"@id":"https:\/\/centrourbano.com\/revista\/#organization"},"potentialAction":[{"@type":"SearchAction","target":{"@type":"EntryPoint","urlTemplate":"https:\/\/centrourbano.com\/revista\/?s={search_term_string}"},"query-input":{"@type":"PropertyValueSpecification","valueRequired":true,"valueName":"search_term_string"}}],"inLanguage":"es"},{"@type":"Organization","@id":"https:\/\/centrourbano.com\/revista\/#organization","name":"Centro Urbano","url":"https:\/\/centrourbano.com\/revista\/","logo":{"@type":"ImageObject","inLanguage":"es","@id":"https:\/\/centrourbano.com\/revista\/#\/schema\/logo\/image\/","url":"https:\/\/centrourbano.com\/revista\/wp-content\/uploads\/web_CU_logo-1.png","contentUrl":"https:\/\/centrourbano.com\/revista\/wp-content\/uploads\/web_CU_logo-1.png","width":350,"height":91,"caption":"Centro Urbano"},"image":{"@id":"https:\/\/centrourbano.com\/revista\/#\/schema\/logo\/image\/"},"sameAs":["https:\/\/www.facebook.com\/portalcentrourbano","https:\/\/x.com\/CentroUrbano","https:\/\/www.instagram.com\/centro_urbano\/","https:\/\/www.linkedin.com\/company\/centro-urbano\/","http:\/\/www.youtube.com\/user\/portalcentrourbano"]},{"@type":"Person","@id":"https:\/\/centrourbano.com\/revista\/#\/schema\/person\/c665f1c60da3ad48cd761a707b7090b0","name":"Rebeca Romero","image":{"@type":"ImageObject","inLanguage":"es","@id":"https:\/\/secure.gravatar.com\/avatar\/aee0068ae3cc041082e0e84a8258fe5ccc00a733f187bde73b0b40d86b892826?s=96&d=mm&r=g","url":"https:\/\/secure.gravatar.com\/avatar\/aee0068ae3cc041082e0e84a8258fe5ccc00a733f187bde73b0b40d86b892826?s=96&d=mm&r=g","contentUrl":"https:\/\/secure.gravatar.com\/avatar\/aee0068ae3cc041082e0e84a8258fe5ccc00a733f187bde73b0b40d86b892826?s=96&d=mm&r=g","caption":"Rebeca Romero"},"url":"https:\/\/centrourbano.com\/revista\/author\/rebeca-romero\/"}]}},"_links":{"self":[{"href":"https:\/\/centrourbano.com\/revista\/wp-json\/wp\/v2\/posts\/155412","targetHints":{"allow":["GET"]}}],"collection":[{"href":"https:\/\/centrourbano.com\/revista\/wp-json\/wp\/v2\/posts"}],"about":[{"href":"https:\/\/centrourbano.com\/revista\/wp-json\/wp\/v2\/types\/post"}],"author":[{"embeddable":true,"href":"https:\/\/centrourbano.com\/revista\/wp-json\/wp\/v2\/users\/88"}],"replies":[{"embeddable":true,"href":"https:\/\/centrourbano.com\/revista\/wp-json\/wp\/v2\/comments?post=155412"}],"version-history":[{"count":1,"href":"https:\/\/centrourbano.com\/revista\/wp-json\/wp\/v2\/posts\/155412\/revisions"}],"predecessor-version":[{"id":155414,"href":"https:\/\/centrourbano.com\/revista\/wp-json\/wp\/v2\/posts\/155412\/revisions\/155414"}],"wp:featuredmedia":[{"embeddable":true,"href":"https:\/\/centrourbano.com\/revista\/wp-json\/wp\/v2\/media\/155413"}],"wp:attachment":[{"href":"https:\/\/centrourbano.com\/revista\/wp-json\/wp\/v2\/media?parent=155412"}],"wp:term":[{"taxonomy":"category","embeddable":true,"href":"https:\/\/centrourbano.com\/revista\/wp-json\/wp\/v2\/categories?post=155412"},{"taxonomy":"post_tag","embeddable":true,"href":"https:\/\/centrourbano.com\/revista\/wp-json\/wp\/v2\/tags?post=155412"}],"curies":[{"name":"wp","href":"https:\/\/api.w.org\/{rel}","templated":true}]}}