{"id":155055,"date":"2025-05-09T17:49:48","date_gmt":"2025-05-09T23:49:48","guid":{"rendered":"https:\/\/centrourbano.com\/revista\/?p=155055"},"modified":"2025-05-09T17:49:48","modified_gmt":"2025-05-09T23:49:48","slug":"pabellon-mexico-bienal-venecia-2","status":"publish","type":"post","link":"https:\/\/centrourbano.com\/revista\/arquitectura-2\/pabellon-mexico-bienal-venecia-2\/","title":{"rendered":"Inauguran Pabell\u00f3n de M\u00e9xico en la Bienal de Venecia 2025"},"content":{"rendered":"<p><em>El Pabell\u00f3n presenta al proyecto Chinampa Veneta, inspirado en el sistema agr\u00edcola de las chinampas, <\/em><em>que tiene m\u00e1s de 4,000 a\u00f1os de historia<\/em><!--more--><\/p>\n<p>Este jueves 8 de mayo se inaugur\u00f3 el <strong>Pabell\u00f3n de M\u00e9xico<\/strong> en la 19\u00aa edici\u00f3n de la <strong>Bienal Internacional de Arquitectura de Venecia<\/strong>, en Italia, con la presentaci\u00f3n del proyecto <strong><em>Chinampa Veneta<\/em><\/strong>.<\/p>\n<p>Esta representaci\u00f3n est\u00e1 inspirada en el sistema agr\u00edcola ancestral de las <strong>chinampas<\/strong>, que cuenta con m\u00e1s de 4,000 a\u00f1os de historia y a\u00fan sigue vigente en el pa\u00eds, con el prop\u00f3sito de abrir di\u00e1logos sobre c\u00f3mo las chinampas pueden inspirar modelos de ciudad y territorio vivos, biodiversos y productivos, en una relaci\u00f3n arm\u00f3nica y sostenible con el agua.<\/p>\n<p>Las <strong>chinampas<\/strong> se construyen en lagos de poca profundidad, en bloques rectangulares formados por capas de sedimentos, lodo y vegetaci\u00f3n, a fin de conformar canales, multiplicar las riberas del lago y generar nichos ecol\u00f3gicos que favorecen la biodiversidad.<\/p>\n<p>De esta manera, el sistema captura carbono, purifica el agua y produce alimentos y ox\u00edgeno.<\/p>\n<p>En ese sentido, <strong><em>Chinampa Veneta<\/em> <\/strong>se compone por diversas puestas en escena vivas que estar\u00e1n en constante transformaci\u00f3n durante los seis meses de La Biennale, con el objetivo de mostrar que las chinampas pueden ser una soluci\u00f3n frente al cambio clim\u00e1tico y el colapso ecol\u00f3gico.<\/p>\n<a href=\"https:\/\/centrourbano.com\/revista\/wp-content\/uploads\/22118-GAL-mex25_chinampa_veneta_ph.venicedocumentationproject_01496.jpeg\" target=\"_blank\" rel=\"noopener\"><img loading=\"lazy\" decoding=\"async\" class=\"aligncenter wp-image-155057 \" src=\"https:\/\/centrourbano.com\/revista\/wp-content\/uploads\/22118-GAL-mex25_chinampa_veneta_ph.venicedocumentationproject_01496.jpeg\" alt=\"\" width=\"701\" height=\"467\" srcset=\"https:\/\/centrourbano.com\/revista\/wp-content\/uploads\/22118-GAL-mex25_chinampa_veneta_ph.venicedocumentationproject_01496.jpeg 1600w, https:\/\/centrourbano.com\/revista\/wp-content\/uploads\/22118-GAL-mex25_chinampa_veneta_ph.venicedocumentationproject_01496-300x200.jpeg 300w, https:\/\/centrourbano.com\/revista\/wp-content\/uploads\/22118-GAL-mex25_chinampa_veneta_ph.venicedocumentationproject_01496-1000x666.jpeg 1000w, https:\/\/centrourbano.com\/revista\/wp-content\/uploads\/22118-GAL-mex25_chinampa_veneta_ph.venicedocumentationproject_01496-768x512.jpeg 768w, https:\/\/centrourbano.com\/revista\/wp-content\/uploads\/22118-GAL-mex25_chinampa_veneta_ph.venicedocumentationproject_01496-1536x1023.jpeg 1536w\" sizes=\"auto, (max-width: 701px) 100vw, 701px\" \/><\/a>\n<p><!--more--><\/p>\n<p>Dentro del pabell\u00f3n se presenta un <strong>sistema de chinampas<\/strong> que representa su ciclo vital, iniciando con la regeneraci\u00f3n de una chinampa a partir del chap\u00edn, es decir, un peque\u00f1o cubo de lodo rico en nutrientes que resguarda en su interior una semilla.<\/p>\n<p>Las dem\u00e1s chinampas se organizan en paralelo, evocando las riberas de los canales de <strong>Xochimilco<\/strong> y permitiendo que la audiencia fluya por el espacio como el agua entre los canales.<\/p>\n<p>Al centro del pabell\u00f3n se ubica la chinampa principal, donde conviven la <strong>milpa<\/strong> y la <strong><em>vite maritata<\/em><\/strong><em>,<\/em> sistemas de cultivo practicados en M\u00e9xico e Italia, respectivamente, con una disposici\u00f3n que recuerda la arquitectura teatral y refuerza su car\u00e1cter performativo.<\/p>\n<p>Otro elemento del pabell\u00f3n mexicano flota simb\u00f3licamente en la <strong>Laguna de Venecia<\/strong> como una evocaci\u00f3n del <strong>Teatro del Mondo<\/strong> de Aldo Rossi, pero ese teatro se transforma en la <strong>Chinampa del Mondo<\/strong>, invocando lo tradicional y proyectando lo posible, adem\u00e1s de que establece un v\u00ednculo entre Xochimilco y Venecia, dos ciudades lacustres cuyas historias h\u00eddricas revelan una lucha compartida por el agua potable y la soberan\u00eda territorial.<\/p>\n<p>Durante la apertura oficial del <strong>Pabell\u00f3n<\/strong>, se llev\u00f3 a cabo una ceremonia que cont\u00f3 con la presencia de representantes del <strong>Instituto Nacional de Bellas Artes y Literatura<\/strong> (<strong>INBAL<\/strong>); as\u00ed como una conversaci\u00f3n entre agricultores de Xochimilco y del norte de Italia, quienes compartieron sus pr\u00e1cticas de cultivo, experiencias territoriales y conocimientos en torno a la agricultura regenerativa.<\/p>\n<a href=\"https:\/\/centrourbano.com\/revista\/wp-content\/uploads\/22118-GAL-mex25_chinampa_veneta_ph.venicedocumentationproject03155.jpeg\" target=\"_blank\" rel=\"noopener\"><img loading=\"lazy\" decoding=\"async\" class=\"aligncenter wp-image-155058 \" src=\"https:\/\/centrourbano.com\/revista\/wp-content\/uploads\/22118-GAL-mex25_chinampa_veneta_ph.venicedocumentationproject03155.jpeg\" alt=\"\" width=\"701\" height=\"467\" srcset=\"https:\/\/centrourbano.com\/revista\/wp-content\/uploads\/22118-GAL-mex25_chinampa_veneta_ph.venicedocumentationproject03155.jpeg 1600w, https:\/\/centrourbano.com\/revista\/wp-content\/uploads\/22118-GAL-mex25_chinampa_veneta_ph.venicedocumentationproject03155-300x200.jpeg 300w, https:\/\/centrourbano.com\/revista\/wp-content\/uploads\/22118-GAL-mex25_chinampa_veneta_ph.venicedocumentationproject03155-1000x666.jpeg 1000w, https:\/\/centrourbano.com\/revista\/wp-content\/uploads\/22118-GAL-mex25_chinampa_veneta_ph.venicedocumentationproject03155-768x512.jpeg 768w, https:\/\/centrourbano.com\/revista\/wp-content\/uploads\/22118-GAL-mex25_chinampa_veneta_ph.venicedocumentationproject03155-1536x1023.jpeg 1536w\" sizes=\"auto, (max-width: 701px) 100vw, 701px\" \/><\/a>\n","protected":false},"excerpt":{"rendered":"<p>El Pabell\u00f3n presenta al proyecto Chinampa Veneta, inspirado en el sistema agr\u00edcola de las chinampas, que tiene m\u00e1s de 4,000 a\u00f1os de historia<\/p>\n","protected":false},"author":14,"featured_media":155056,"comment_status":"open","ping_status":"closed","sticky":false,"template":"","format":"standard","meta":{"om_disable_all_campaigns":false,"inline_featured_image":false,"_monsterinsights_skip_tracking":false,"_monsterinsights_sitenote_active":false,"_monsterinsights_sitenote_note":"","_monsterinsights_sitenote_category":0,"footnotes":""},"categories":[81],"tags":[8102,25009,5576,14916,5454],"class_list":["post-155055","post","type-post","status-publish","format-standard","has-post-thumbnail","hentry","category-arquitectura-2","tag-bienal-de-arquitectura-de-venecia","tag-chinampa-veneta","tag-inauguracion","tag-inbal","tag-pabellon-de-mexico"],"yoast_head":"<!-- This site is optimized with the Yoast SEO plugin v27.5 - https:\/\/yoast.com\/product\/yoast-seo-wordpress\/ -->\n<title>Inauguran Pabell\u00f3n de M\u00e9xico en la Bienal de Venecia 2025<\/title>\n<meta name=\"description\" content=\"El Pabell\u00f3n presenta al proyecto Chinampa Veneta, inspirado en el sistema agr\u00edcola de las chinampas, que tiene m\u00e1s de 4,000 a\u00f1os de historia\" \/>\n<meta name=\"robots\" content=\"index, follow, max-snippet:-1, max-image-preview:large, max-video-preview:-1\" \/>\n<link rel=\"canonical\" href=\"https:\/\/centrourbano.com\/revista\/arquitectura-2\/pabellon-mexico-bienal-venecia-2\/\" \/>\n<meta property=\"og:locale\" content=\"es_ES\" \/>\n<meta property=\"og:type\" content=\"article\" \/>\n<meta property=\"og:title\" content=\"Inauguran Pabell\u00f3n de M\u00e9xico en la Bienal de Venecia 2025\" \/>\n<meta property=\"og:description\" content=\"El Pabell\u00f3n presenta al proyecto Chinampa Veneta, inspirado en el sistema agr\u00edcola de las chinampas, que tiene m\u00e1s de 4,000 a\u00f1os de historia\" \/>\n<meta property=\"og:url\" content=\"https:\/\/centrourbano.com\/revista\/arquitectura-2\/pabellon-mexico-bienal-venecia-2\/\" \/>\n<meta property=\"og:site_name\" content=\"Centro Urbano\" \/>\n<meta property=\"article:publisher\" content=\"https:\/\/www.facebook.com\/portalcentrourbano\" \/>\n<meta property=\"article:published_time\" content=\"2025-05-09T23:49:48+00:00\" \/>\n<meta property=\"og:image\" content=\"https:\/\/centrourbano.com\/revista\/wp-content\/uploads\/Inauguran-Pabello\u0301n-de-Me\u0301xico-en-la-Bienal-de-Venecia-2025.jpg\" \/>\n\t<meta property=\"og:image:width\" content=\"1066\" \/>\n\t<meta property=\"og:image:height\" content=\"1066\" \/>\n\t<meta property=\"og:image:type\" content=\"image\/jpeg\" \/>\n<meta name=\"author\" content=\"Redacci\u00f3n Centro Urbano\" \/>\n<meta name=\"twitter:card\" content=\"summary_large_image\" \/>\n<meta name=\"twitter:creator\" content=\"@CentroUrbano\" \/>\n<meta name=\"twitter:site\" content=\"@CentroUrbano\" \/>\n<meta name=\"twitter:label1\" content=\"Escrito por\" \/>\n\t<meta name=\"twitter:data1\" content=\"Redacci\u00f3n Centro Urbano\" \/>\n\t<meta name=\"twitter:label2\" content=\"Tiempo de lectura\" \/>\n\t<meta name=\"twitter:data2\" content=\"3 minutos\" \/>\n<script type=\"application\/ld+json\" class=\"yoast-schema-graph\">{\"@context\":\"https:\\\/\\\/schema.org\",\"@graph\":[{\"@type\":\"Article\",\"@id\":\"https:\\\/\\\/centrourbano.com\\\/revista\\\/arquitectura-2\\\/pabellon-mexico-bienal-venecia-2\\\/#article\",\"isPartOf\":{\"@id\":\"https:\\\/\\\/centrourbano.com\\\/revista\\\/arquitectura-2\\\/pabellon-mexico-bienal-venecia-2\\\/\"},\"author\":{\"name\":\"Redacci\u00f3n Centro Urbano\",\"@id\":\"https:\\\/\\\/centrourbano.com\\\/revista\\\/#\\\/schema\\\/person\\\/5259f06e282c59482812d0e9a84a6440\"},\"headline\":\"Inauguran Pabell\u00f3n de M\u00e9xico en la Bienal de Venecia 2025\",\"datePublished\":\"2025-05-09T23:49:48+00:00\",\"mainEntityOfPage\":{\"@id\":\"https:\\\/\\\/centrourbano.com\\\/revista\\\/arquitectura-2\\\/pabellon-mexico-bienal-venecia-2\\\/\"},\"wordCount\":499,\"commentCount\":0,\"publisher\":{\"@id\":\"https:\\\/\\\/centrourbano.com\\\/revista\\\/#organization\"},\"image\":{\"@id\":\"https:\\\/\\\/centrourbano.com\\\/revista\\\/arquitectura-2\\\/pabellon-mexico-bienal-venecia-2\\\/#primaryimage\"},\"thumbnailUrl\":\"https:\\\/\\\/centrourbano.com\\\/revista\\\/wp-content\\\/uploads\\\/Inauguran-Pabello\u0301n-de-Me\u0301xico-en-la-Bienal-de-Venecia-2025.jpg\",\"keywords\":[\"Bienal de Arquitectura de Venecia\",\"Chinampa Veneta\",\"inauguraci\u00f3n\",\"INBAL\",\"Pabell\u00f3n de M\u00e9xico\"],\"articleSection\":[\"Arquitectura\"],\"inLanguage\":\"es\",\"potentialAction\":[{\"@type\":\"CommentAction\",\"name\":\"Comment\",\"target\":[\"https:\\\/\\\/centrourbano.com\\\/revista\\\/arquitectura-2\\\/pabellon-mexico-bienal-venecia-2\\\/#respond\"]}]},{\"@type\":\"WebPage\",\"@id\":\"https:\\\/\\\/centrourbano.com\\\/revista\\\/arquitectura-2\\\/pabellon-mexico-bienal-venecia-2\\\/\",\"url\":\"https:\\\/\\\/centrourbano.com\\\/revista\\\/arquitectura-2\\\/pabellon-mexico-bienal-venecia-2\\\/\",\"name\":\"Inauguran Pabell\u00f3n de M\u00e9xico en la Bienal de Venecia 2025\",\"isPartOf\":{\"@id\":\"https:\\\/\\\/centrourbano.com\\\/revista\\\/#website\"},\"primaryImageOfPage\":{\"@id\":\"https:\\\/\\\/centrourbano.com\\\/revista\\\/arquitectura-2\\\/pabellon-mexico-bienal-venecia-2\\\/#primaryimage\"},\"image\":{\"@id\":\"https:\\\/\\\/centrourbano.com\\\/revista\\\/arquitectura-2\\\/pabellon-mexico-bienal-venecia-2\\\/#primaryimage\"},\"thumbnailUrl\":\"https:\\\/\\\/centrourbano.com\\\/revista\\\/wp-content\\\/uploads\\\/Inauguran-Pabello\u0301n-de-Me\u0301xico-en-la-Bienal-de-Venecia-2025.jpg\",\"datePublished\":\"2025-05-09T23:49:48+00:00\",\"description\":\"El Pabell\u00f3n presenta al proyecto Chinampa Veneta, inspirado en el sistema agr\u00edcola de las chinampas, que tiene m\u00e1s de 4,000 a\u00f1os de historia\",\"breadcrumb\":{\"@id\":\"https:\\\/\\\/centrourbano.com\\\/revista\\\/arquitectura-2\\\/pabellon-mexico-bienal-venecia-2\\\/#breadcrumb\"},\"inLanguage\":\"es\",\"potentialAction\":[{\"@type\":\"ReadAction\",\"target\":[\"https:\\\/\\\/centrourbano.com\\\/revista\\\/arquitectura-2\\\/pabellon-mexico-bienal-venecia-2\\\/\"]}]},{\"@type\":\"ImageObject\",\"inLanguage\":\"es\",\"@id\":\"https:\\\/\\\/centrourbano.com\\\/revista\\\/arquitectura-2\\\/pabellon-mexico-bienal-venecia-2\\\/#primaryimage\",\"url\":\"https:\\\/\\\/centrourbano.com\\\/revista\\\/wp-content\\\/uploads\\\/Inauguran-Pabello\u0301n-de-Me\u0301xico-en-la-Bienal-de-Venecia-2025.jpg\",\"contentUrl\":\"https:\\\/\\\/centrourbano.com\\\/revista\\\/wp-content\\\/uploads\\\/Inauguran-Pabello\u0301n-de-Me\u0301xico-en-la-Bienal-de-Venecia-2025.jpg\",\"width\":1066,\"height\":1066,\"caption\":\"El Pabell\u00f3n presenta al proyecto Chinampa Veneta, inspirado en el sistema agr\u00edcola de las chinampas, que tiene m\u00e1s de 4,000 a\u00f1os de historia\"},{\"@type\":\"BreadcrumbList\",\"@id\":\"https:\\\/\\\/centrourbano.com\\\/revista\\\/arquitectura-2\\\/pabellon-mexico-bienal-venecia-2\\\/#breadcrumb\",\"itemListElement\":[{\"@type\":\"ListItem\",\"position\":1,\"name\":\"Portada\",\"item\":\"https:\\\/\\\/centrourbano.com\\\/revista\\\/\"},{\"@type\":\"ListItem\",\"position\":2,\"name\":\"Inauguran Pabell\u00f3n de M\u00e9xico en la Bienal de Venecia 2025\"}]},{\"@type\":\"WebSite\",\"@id\":\"https:\\\/\\\/centrourbano.com\\\/revista\\\/#website\",\"url\":\"https:\\\/\\\/centrourbano.com\\\/revista\\\/\",\"name\":\"Centro Urbano\",\"description\":\"Medio especializado en los sectores vivienda, inmobiliario, construcci\u00f3n, arquitectura y urbanismo.\",\"publisher\":{\"@id\":\"https:\\\/\\\/centrourbano.com\\\/revista\\\/#organization\"},\"potentialAction\":[{\"@type\":\"SearchAction\",\"target\":{\"@type\":\"EntryPoint\",\"urlTemplate\":\"https:\\\/\\\/centrourbano.com\\\/revista\\\/?s={search_term_string}\"},\"query-input\":{\"@type\":\"PropertyValueSpecification\",\"valueRequired\":true,\"valueName\":\"search_term_string\"}}],\"inLanguage\":\"es\"},{\"@type\":\"Organization\",\"@id\":\"https:\\\/\\\/centrourbano.com\\\/revista\\\/#organization\",\"name\":\"Centro Urbano\",\"url\":\"https:\\\/\\\/centrourbano.com\\\/revista\\\/\",\"logo\":{\"@type\":\"ImageObject\",\"inLanguage\":\"es\",\"@id\":\"https:\\\/\\\/centrourbano.com\\\/revista\\\/#\\\/schema\\\/logo\\\/image\\\/\",\"url\":\"https:\\\/\\\/centrourbano.com\\\/revista\\\/wp-content\\\/uploads\\\/web_CU_logo-1.png\",\"contentUrl\":\"https:\\\/\\\/centrourbano.com\\\/revista\\\/wp-content\\\/uploads\\\/web_CU_logo-1.png\",\"width\":350,\"height\":91,\"caption\":\"Centro Urbano\"},\"image\":{\"@id\":\"https:\\\/\\\/centrourbano.com\\\/revista\\\/#\\\/schema\\\/logo\\\/image\\\/\"},\"sameAs\":[\"https:\\\/\\\/www.facebook.com\\\/portalcentrourbano\",\"https:\\\/\\\/x.com\\\/CentroUrbano\",\"https:\\\/\\\/www.instagram.com\\\/centro_urbano\\\/\",\"https:\\\/\\\/www.linkedin.com\\\/company\\\/centro-urbano\\\/\",\"http:\\\/\\\/www.youtube.com\\\/user\\\/portalcentrourbano\"]},{\"@type\":\"Person\",\"@id\":\"https:\\\/\\\/centrourbano.com\\\/revista\\\/#\\\/schema\\\/person\\\/5259f06e282c59482812d0e9a84a6440\",\"name\":\"Redacci\u00f3n Centro Urbano\",\"image\":{\"@type\":\"ImageObject\",\"inLanguage\":\"es\",\"@id\":\"https:\\\/\\\/secure.gravatar.com\\\/avatar\\\/15a789f894398c0f311f3a7a2ee28032bbc0483098539da66b6a045aa810bf35?s=96&d=mm&r=g\",\"url\":\"https:\\\/\\\/secure.gravatar.com\\\/avatar\\\/15a789f894398c0f311f3a7a2ee28032bbc0483098539da66b6a045aa810bf35?s=96&d=mm&r=g\",\"contentUrl\":\"https:\\\/\\\/secure.gravatar.com\\\/avatar\\\/15a789f894398c0f311f3a7a2ee28032bbc0483098539da66b6a045aa810bf35?s=96&d=mm&r=g\",\"caption\":\"Redacci\u00f3n Centro Urbano\"},\"url\":\"https:\\\/\\\/centrourbano.com\\\/revista\\\/author\\\/editorial\\\/\"}]}<\/script>\n<!-- \/ Yoast SEO plugin. -->","yoast_head_json":{"title":"Inauguran Pabell\u00f3n de M\u00e9xico en la Bienal de Venecia 2025","description":"El Pabell\u00f3n presenta al proyecto Chinampa Veneta, inspirado en el sistema agr\u00edcola de las chinampas, que tiene m\u00e1s de 4,000 a\u00f1os de historia","robots":{"index":"index","follow":"follow","max-snippet":"max-snippet:-1","max-image-preview":"max-image-preview:large","max-video-preview":"max-video-preview:-1"},"canonical":"https:\/\/centrourbano.com\/revista\/arquitectura-2\/pabellon-mexico-bienal-venecia-2\/","og_locale":"es_ES","og_type":"article","og_title":"Inauguran Pabell\u00f3n de M\u00e9xico en la Bienal de Venecia 2025","og_description":"El Pabell\u00f3n presenta al proyecto Chinampa Veneta, inspirado en el sistema agr\u00edcola de las chinampas, que tiene m\u00e1s de 4,000 a\u00f1os de historia","og_url":"https:\/\/centrourbano.com\/revista\/arquitectura-2\/pabellon-mexico-bienal-venecia-2\/","og_site_name":"Centro Urbano","article_publisher":"https:\/\/www.facebook.com\/portalcentrourbano","article_published_time":"2025-05-09T23:49:48+00:00","og_image":[{"width":1066,"height":1066,"url":"https:\/\/centrourbano.com\/revista\/wp-content\/uploads\/Inauguran-Pabello\u0301n-de-Me\u0301xico-en-la-Bienal-de-Venecia-2025.jpg","type":"image\/jpeg"}],"author":"Redacci\u00f3n Centro Urbano","twitter_card":"summary_large_image","twitter_creator":"@CentroUrbano","twitter_site":"@CentroUrbano","twitter_misc":{"Escrito por":"Redacci\u00f3n Centro Urbano","Tiempo de lectura":"3 minutos"},"schema":{"@context":"https:\/\/schema.org","@graph":[{"@type":"Article","@id":"https:\/\/centrourbano.com\/revista\/arquitectura-2\/pabellon-mexico-bienal-venecia-2\/#article","isPartOf":{"@id":"https:\/\/centrourbano.com\/revista\/arquitectura-2\/pabellon-mexico-bienal-venecia-2\/"},"author":{"name":"Redacci\u00f3n Centro Urbano","@id":"https:\/\/centrourbano.com\/revista\/#\/schema\/person\/5259f06e282c59482812d0e9a84a6440"},"headline":"Inauguran Pabell\u00f3n de M\u00e9xico en la Bienal de Venecia 2025","datePublished":"2025-05-09T23:49:48+00:00","mainEntityOfPage":{"@id":"https:\/\/centrourbano.com\/revista\/arquitectura-2\/pabellon-mexico-bienal-venecia-2\/"},"wordCount":499,"commentCount":0,"publisher":{"@id":"https:\/\/centrourbano.com\/revista\/#organization"},"image":{"@id":"https:\/\/centrourbano.com\/revista\/arquitectura-2\/pabellon-mexico-bienal-venecia-2\/#primaryimage"},"thumbnailUrl":"https:\/\/centrourbano.com\/revista\/wp-content\/uploads\/Inauguran-Pabello\u0301n-de-Me\u0301xico-en-la-Bienal-de-Venecia-2025.jpg","keywords":["Bienal de Arquitectura de Venecia","Chinampa Veneta","inauguraci\u00f3n","INBAL","Pabell\u00f3n de M\u00e9xico"],"articleSection":["Arquitectura"],"inLanguage":"es","potentialAction":[{"@type":"CommentAction","name":"Comment","target":["https:\/\/centrourbano.com\/revista\/arquitectura-2\/pabellon-mexico-bienal-venecia-2\/#respond"]}]},{"@type":"WebPage","@id":"https:\/\/centrourbano.com\/revista\/arquitectura-2\/pabellon-mexico-bienal-venecia-2\/","url":"https:\/\/centrourbano.com\/revista\/arquitectura-2\/pabellon-mexico-bienal-venecia-2\/","name":"Inauguran Pabell\u00f3n de M\u00e9xico en la Bienal de Venecia 2025","isPartOf":{"@id":"https:\/\/centrourbano.com\/revista\/#website"},"primaryImageOfPage":{"@id":"https:\/\/centrourbano.com\/revista\/arquitectura-2\/pabellon-mexico-bienal-venecia-2\/#primaryimage"},"image":{"@id":"https:\/\/centrourbano.com\/revista\/arquitectura-2\/pabellon-mexico-bienal-venecia-2\/#primaryimage"},"thumbnailUrl":"https:\/\/centrourbano.com\/revista\/wp-content\/uploads\/Inauguran-Pabello\u0301n-de-Me\u0301xico-en-la-Bienal-de-Venecia-2025.jpg","datePublished":"2025-05-09T23:49:48+00:00","description":"El Pabell\u00f3n presenta al proyecto Chinampa Veneta, inspirado en el sistema agr\u00edcola de las chinampas, que tiene m\u00e1s de 4,000 a\u00f1os de historia","breadcrumb":{"@id":"https:\/\/centrourbano.com\/revista\/arquitectura-2\/pabellon-mexico-bienal-venecia-2\/#breadcrumb"},"inLanguage":"es","potentialAction":[{"@type":"ReadAction","target":["https:\/\/centrourbano.com\/revista\/arquitectura-2\/pabellon-mexico-bienal-venecia-2\/"]}]},{"@type":"ImageObject","inLanguage":"es","@id":"https:\/\/centrourbano.com\/revista\/arquitectura-2\/pabellon-mexico-bienal-venecia-2\/#primaryimage","url":"https:\/\/centrourbano.com\/revista\/wp-content\/uploads\/Inauguran-Pabello\u0301n-de-Me\u0301xico-en-la-Bienal-de-Venecia-2025.jpg","contentUrl":"https:\/\/centrourbano.com\/revista\/wp-content\/uploads\/Inauguran-Pabello\u0301n-de-Me\u0301xico-en-la-Bienal-de-Venecia-2025.jpg","width":1066,"height":1066,"caption":"El Pabell\u00f3n presenta al proyecto Chinampa Veneta, inspirado en el sistema agr\u00edcola de las chinampas, que tiene m\u00e1s de 4,000 a\u00f1os de historia"},{"@type":"BreadcrumbList","@id":"https:\/\/centrourbano.com\/revista\/arquitectura-2\/pabellon-mexico-bienal-venecia-2\/#breadcrumb","itemListElement":[{"@type":"ListItem","position":1,"name":"Portada","item":"https:\/\/centrourbano.com\/revista\/"},{"@type":"ListItem","position":2,"name":"Inauguran Pabell\u00f3n de M\u00e9xico en la Bienal de Venecia 2025"}]},{"@type":"WebSite","@id":"https:\/\/centrourbano.com\/revista\/#website","url":"https:\/\/centrourbano.com\/revista\/","name":"Centro Urbano","description":"Medio especializado en los sectores vivienda, inmobiliario, construcci\u00f3n, arquitectura y urbanismo.","publisher":{"@id":"https:\/\/centrourbano.com\/revista\/#organization"},"potentialAction":[{"@type":"SearchAction","target":{"@type":"EntryPoint","urlTemplate":"https:\/\/centrourbano.com\/revista\/?s={search_term_string}"},"query-input":{"@type":"PropertyValueSpecification","valueRequired":true,"valueName":"search_term_string"}}],"inLanguage":"es"},{"@type":"Organization","@id":"https:\/\/centrourbano.com\/revista\/#organization","name":"Centro Urbano","url":"https:\/\/centrourbano.com\/revista\/","logo":{"@type":"ImageObject","inLanguage":"es","@id":"https:\/\/centrourbano.com\/revista\/#\/schema\/logo\/image\/","url":"https:\/\/centrourbano.com\/revista\/wp-content\/uploads\/web_CU_logo-1.png","contentUrl":"https:\/\/centrourbano.com\/revista\/wp-content\/uploads\/web_CU_logo-1.png","width":350,"height":91,"caption":"Centro Urbano"},"image":{"@id":"https:\/\/centrourbano.com\/revista\/#\/schema\/logo\/image\/"},"sameAs":["https:\/\/www.facebook.com\/portalcentrourbano","https:\/\/x.com\/CentroUrbano","https:\/\/www.instagram.com\/centro_urbano\/","https:\/\/www.linkedin.com\/company\/centro-urbano\/","http:\/\/www.youtube.com\/user\/portalcentrourbano"]},{"@type":"Person","@id":"https:\/\/centrourbano.com\/revista\/#\/schema\/person\/5259f06e282c59482812d0e9a84a6440","name":"Redacci\u00f3n Centro Urbano","image":{"@type":"ImageObject","inLanguage":"es","@id":"https:\/\/secure.gravatar.com\/avatar\/15a789f894398c0f311f3a7a2ee28032bbc0483098539da66b6a045aa810bf35?s=96&d=mm&r=g","url":"https:\/\/secure.gravatar.com\/avatar\/15a789f894398c0f311f3a7a2ee28032bbc0483098539da66b6a045aa810bf35?s=96&d=mm&r=g","contentUrl":"https:\/\/secure.gravatar.com\/avatar\/15a789f894398c0f311f3a7a2ee28032bbc0483098539da66b6a045aa810bf35?s=96&d=mm&r=g","caption":"Redacci\u00f3n Centro Urbano"},"url":"https:\/\/centrourbano.com\/revista\/author\/editorial\/"}]}},"_links":{"self":[{"href":"https:\/\/centrourbano.com\/revista\/wp-json\/wp\/v2\/posts\/155055","targetHints":{"allow":["GET"]}}],"collection":[{"href":"https:\/\/centrourbano.com\/revista\/wp-json\/wp\/v2\/posts"}],"about":[{"href":"https:\/\/centrourbano.com\/revista\/wp-json\/wp\/v2\/types\/post"}],"author":[{"embeddable":true,"href":"https:\/\/centrourbano.com\/revista\/wp-json\/wp\/v2\/users\/14"}],"replies":[{"embeddable":true,"href":"https:\/\/centrourbano.com\/revista\/wp-json\/wp\/v2\/comments?post=155055"}],"version-history":[{"count":1,"href":"https:\/\/centrourbano.com\/revista\/wp-json\/wp\/v2\/posts\/155055\/revisions"}],"predecessor-version":[{"id":155059,"href":"https:\/\/centrourbano.com\/revista\/wp-json\/wp\/v2\/posts\/155055\/revisions\/155059"}],"wp:featuredmedia":[{"embeddable":true,"href":"https:\/\/centrourbano.com\/revista\/wp-json\/wp\/v2\/media\/155056"}],"wp:attachment":[{"href":"https:\/\/centrourbano.com\/revista\/wp-json\/wp\/v2\/media?parent=155055"}],"wp:term":[{"taxonomy":"category","embeddable":true,"href":"https:\/\/centrourbano.com\/revista\/wp-json\/wp\/v2\/categories?post=155055"},{"taxonomy":"post_tag","embeddable":true,"href":"https:\/\/centrourbano.com\/revista\/wp-json\/wp\/v2\/tags?post=155055"}],"curies":[{"name":"wp","href":"https:\/\/api.w.org\/{rel}","templated":true}]}}