{"id":155026,"date":"2025-05-08T17:53:58","date_gmt":"2025-05-08T23:53:58","guid":{"rendered":"https:\/\/centrourbano.com\/revista\/?p=155026"},"modified":"2025-05-08T17:53:58","modified_gmt":"2025-05-08T23:53:58","slug":"jalisco-mundial-futbol-2026","status":"publish","type":"post","link":"https:\/\/centrourbano.com\/revista\/urbanismo\/jalisco-mundial-futbol-2026\/","title":{"rendered":"Jalisco se alista para albergar Mundial de F\u00fatbol 2026"},"content":{"rendered":"<p><em>El Gobierno de Jalisco present\u00f3 avances en materia de movilidad, transporte p\u00fablico, log\u00edstica, seguridad y capacidad aeroportuaria y hotelera <\/em><!--more--><\/p>\n<p><strong>Pablo Lemus, gobernador de Jalisco<\/strong>, afirm\u00f3 que las acciones, obras, programas y actividades necesarias para albergar cuatro partidos de la <a href=\"https:\/\/centrourbano.com\/revista\/urbanismo\/brugada-mejoramiento-urbano\/\" target=\"_blank\" rel=\"noopener\"><strong>Copa Mundial de la FIFA 2026 <\/strong><\/a>en la entidad avanzan en tiempo y forma.<\/p>\n<p>En ese sentido, el mandatario destac\u00f3 avances en materia de <strong>capacidad log\u00edstica, tur\u00edstica, aeroportuaria, vial y hotelera<\/strong> para el evento, as\u00ed como las acciones para la prestaci\u00f3n de un servicio de transporte p\u00fablico eficaz y seguro.<\/p>\n<p>\u201cNosotros hemos dispuesto una inversi\u00f3n hist\u00f3rica para el <strong>\u00c1rea Metropolitana de Guadalajara<\/strong>, a fin de poder tener los grandes proyectos de infraestructura que permitan recibir a todos estos visitantes que tendremos durante los cuatro partidos del Mundial\u201d, coment\u00f3 <strong>Lemus<\/strong>.<\/p>\n<p>Asimismo, el <strong>gobernador de Jalisco<\/strong> resalt\u00f3 que obras como la intervenci\u00f3n de la <strong>carretera a Chapala<\/strong> y acciones en la ciudad de <strong>Guadalajara<\/strong> para el desarrollo de las actividades de evento deportivo se ejecutan de acuerdo a su programaci\u00f3n.<\/p>\n<p>De igual manera, indic\u00f3 que esto tambi\u00e9n ocurre en <strong>Zapopan<\/strong>, donde se hacen intervenciones por parte del Municipio y del Club Deportivo Guadalajara, a fin de garantizar la conectividad con el Estadio Guadalajara.<\/p>\n<p>\u201cEs una gran oportunidad que tenemos que aprovechar con la celebraci\u00f3n, por tercera ocasi\u00f3n en la historia del <strong>\u00c1rea Metropolitana de Guadalajara<\/strong>, como sede de un Mundial de F\u00fatbol. (Se celebr\u00f3 en) 1970, 1986 y ahora 2026\u201d, afirm\u00f3 el mandatario.<\/p>\n<p>Finalmente, <strong>Lemus<\/strong> coment\u00f3 que el <strong>Mundial de F\u00fatbol<\/strong> dejar\u00e1 una derrama econ\u00f3mica importante en Jalisco, pero tambi\u00e9n una experiencia \u00fanica al contemplarse la realizaci\u00f3n del primer partido de la Selecci\u00f3n Mexicana en la entidad.<\/p>\n<p>\u201cQueremos convencer a los visitantes de que cuando vengan a presenciar un partido del Mundial, luego nos puedan visitar en <strong>Puerto Vallarta<\/strong>, en <strong>Tequila<\/strong>, en <strong>Chapala<\/strong>, o en todos nuestros destinos tur\u00edsticos\u201d, a\u00f1adi\u00f3.<\/p>\n<p>Por su parte, <strong>Juan Jos\u00e9 Frangie, presidente municipal de Zapopan<\/strong>, quien fue designado como <strong>encargado oficial de la Copa Mundial de la FIFA 2026<\/strong>, asegur\u00f3 que trabajar\u00e1 al m\u00e1ximo de sus capacidades para que la fiesta mundialista y las actividades previstas en el estado se desarrollen de manera ejemplar.<\/p>\n<p>\u201cQuiero agradecer al Gobernador por la responsabilidad que me ha dado para designarme como responsable de este Mundial; la verdad no es f\u00e1cil la responsabilidad, pero trataremos de hacerlo lo mejor posible\u201d, dijo.<\/p>\n<p><strong>Amaury Vergara, presidente del Estadio Guadalajara<\/strong>, inform\u00f3 que las obras y adecuaciones que se realizan en el recinto, en cumplimiento a las necesidades t\u00e9cnicas para los cuatro partidos que se jugar\u00e1n en Jalisco, registran un avance importante y estar\u00e1n listas sin contratiempos.<\/p>\n<p>En su intervenci\u00f3n, <strong>Gabriela Cuevas, representante del Gobierno de M\u00e9xico para el Mundial 2026<\/strong>, coment\u00f3 que Jalisco cuenta con todo el apoyo de la Federaci\u00f3n para que pueda atender de manera puntual los compromisos asumidos con la FIFA, y las y los visitantes que acudan a disfrutar de las actividades en el \u00c1rea Metropolitana de Guadalajara.<\/p>\n<p>En tanto, <strong>Jurgen Maika, director de FIFA en M\u00e9xico<\/strong>, reconoci\u00f3 el trabajo, organizaci\u00f3n, inversiones y acciones que se desarrollan por parte del Gobierno de Jalisco, Guadalajara y Zapopan para que la fiesta mundialista se realice con \u00e9xito.<\/p>\n","protected":false},"excerpt":{"rendered":"<p>El Gobierno de Jalisco present\u00f3 avances en materia de movilidad, transporte p\u00fablico, log\u00edstica, seguridad y capacidad aeroportuaria y hotelera<\/p>\n","protected":false},"author":14,"featured_media":155027,"comment_status":"open","ping_status":"closed","sticky":false,"template":"","format":"standard","meta":{"om_disable_all_campaigns":false,"inline_featured_image":false,"_monsterinsights_skip_tracking":false,"_monsterinsights_sitenote_active":false,"_monsterinsights_sitenote_note":"","_monsterinsights_sitenote_category":0,"footnotes":""},"categories":[82],"tags":[7283,21813,120,48,503],"class_list":["post-155026","post","type-post","status-publish","format-standard","has-post-thumbnail","hentry","category-urbanismo","tag-avances","tag-copa-mundial-de-la-fifa-2026","tag-guadalajara","tag-jalisco","tag-obras"],"yoast_head":"<!-- This site is optimized with the Yoast SEO plugin v27.4 - https:\/\/yoast.com\/product\/yoast-seo-wordpress\/ -->\n<title>Jalisco se alista para albergar Mundial de F\u00fatbol 2026<\/title>\n<meta name=\"description\" content=\"El Gobierno de Jalisco present\u00f3 avances en materia de movilidad, transporte p\u00fablico, log\u00edstica, seguridad y capacidad aeroportuaria y hotelera\" \/>\n<meta name=\"robots\" content=\"index, follow, max-snippet:-1, max-image-preview:large, max-video-preview:-1\" \/>\n<link rel=\"canonical\" href=\"https:\/\/centrourbano.com\/revista\/urbanismo\/jalisco-mundial-futbol-2026\/\" \/>\n<meta property=\"og:locale\" content=\"es_ES\" \/>\n<meta property=\"og:type\" content=\"article\" \/>\n<meta property=\"og:title\" content=\"Jalisco se alista para albergar Mundial de F\u00fatbol 2026\" \/>\n<meta property=\"og:description\" content=\"El Gobierno de Jalisco present\u00f3 avances en materia de movilidad, transporte p\u00fablico, log\u00edstica, seguridad y capacidad aeroportuaria y hotelera\" \/>\n<meta property=\"og:url\" content=\"https:\/\/centrourbano.com\/revista\/urbanismo\/jalisco-mundial-futbol-2026\/\" \/>\n<meta property=\"og:site_name\" content=\"Centro Urbano\" \/>\n<meta property=\"article:publisher\" content=\"https:\/\/www.facebook.com\/portalcentrourbano\" \/>\n<meta property=\"article:published_time\" content=\"2025-05-08T23:53:58+00:00\" \/>\n<meta property=\"og:image\" content=\"https:\/\/centrourbano.com\/revista\/wp-content\/uploads\/Jalisco-se-alista-para-albergar-Mundial-de-Fu\u0301tbol-2026.jpg\" \/>\n\t<meta property=\"og:image:width\" content=\"1200\" \/>\n\t<meta property=\"og:image:height\" content=\"1080\" \/>\n\t<meta property=\"og:image:type\" content=\"image\/jpeg\" \/>\n<meta name=\"author\" content=\"Redacci\u00f3n Centro Urbano\" \/>\n<meta name=\"twitter:card\" content=\"summary_large_image\" \/>\n<meta name=\"twitter:creator\" content=\"@CentroUrbano\" \/>\n<meta name=\"twitter:site\" content=\"@CentroUrbano\" \/>\n<meta name=\"twitter:label1\" content=\"Escrito por\" \/>\n\t<meta name=\"twitter:data1\" content=\"Redacci\u00f3n Centro Urbano\" \/>\n\t<meta name=\"twitter:label2\" content=\"Tiempo de lectura\" \/>\n\t<meta name=\"twitter:data2\" content=\"3 minutos\" \/>\n<script type=\"application\/ld+json\" class=\"yoast-schema-graph\">{\"@context\":\"https:\\\/\\\/schema.org\",\"@graph\":[{\"@type\":\"Article\",\"@id\":\"https:\\\/\\\/centrourbano.com\\\/revista\\\/urbanismo\\\/jalisco-mundial-futbol-2026\\\/#article\",\"isPartOf\":{\"@id\":\"https:\\\/\\\/centrourbano.com\\\/revista\\\/urbanismo\\\/jalisco-mundial-futbol-2026\\\/\"},\"author\":{\"name\":\"Redacci\u00f3n Centro Urbano\",\"@id\":\"https:\\\/\\\/centrourbano.com\\\/revista\\\/#\\\/schema\\\/person\\\/680e7c50f9d6e917e416c9efdc26f996\"},\"headline\":\"Jalisco se alista para albergar Mundial de F\u00fatbol 2026\",\"datePublished\":\"2025-05-08T23:53:58+00:00\",\"mainEntityOfPage\":{\"@id\":\"https:\\\/\\\/centrourbano.com\\\/revista\\\/urbanismo\\\/jalisco-mundial-futbol-2026\\\/\"},\"wordCount\":558,\"commentCount\":0,\"publisher\":{\"@id\":\"https:\\\/\\\/centrourbano.com\\\/revista\\\/#organization\"},\"image\":{\"@id\":\"https:\\\/\\\/centrourbano.com\\\/revista\\\/urbanismo\\\/jalisco-mundial-futbol-2026\\\/#primaryimage\"},\"thumbnailUrl\":\"https:\\\/\\\/centrourbano.com\\\/revista\\\/wp-content\\\/uploads\\\/Jalisco-se-alista-para-albergar-Mundial-de-Fu\u0301tbol-2026.jpg\",\"keywords\":[\"avances\",\"Copa Mundial de la FIFA 2026\",\"Guadalajara\",\"Jalisco\",\"Obras\"],\"articleSection\":[\"Urbanismo\"],\"inLanguage\":\"es\",\"potentialAction\":[{\"@type\":\"CommentAction\",\"name\":\"Comment\",\"target\":[\"https:\\\/\\\/centrourbano.com\\\/revista\\\/urbanismo\\\/jalisco-mundial-futbol-2026\\\/#respond\"]}]},{\"@type\":\"WebPage\",\"@id\":\"https:\\\/\\\/centrourbano.com\\\/revista\\\/urbanismo\\\/jalisco-mundial-futbol-2026\\\/\",\"url\":\"https:\\\/\\\/centrourbano.com\\\/revista\\\/urbanismo\\\/jalisco-mundial-futbol-2026\\\/\",\"name\":\"Jalisco se alista para albergar Mundial de F\u00fatbol 2026\",\"isPartOf\":{\"@id\":\"https:\\\/\\\/centrourbano.com\\\/revista\\\/#website\"},\"primaryImageOfPage\":{\"@id\":\"https:\\\/\\\/centrourbano.com\\\/revista\\\/urbanismo\\\/jalisco-mundial-futbol-2026\\\/#primaryimage\"},\"image\":{\"@id\":\"https:\\\/\\\/centrourbano.com\\\/revista\\\/urbanismo\\\/jalisco-mundial-futbol-2026\\\/#primaryimage\"},\"thumbnailUrl\":\"https:\\\/\\\/centrourbano.com\\\/revista\\\/wp-content\\\/uploads\\\/Jalisco-se-alista-para-albergar-Mundial-de-Fu\u0301tbol-2026.jpg\",\"datePublished\":\"2025-05-08T23:53:58+00:00\",\"description\":\"El Gobierno de Jalisco present\u00f3 avances en materia de movilidad, transporte p\u00fablico, log\u00edstica, seguridad y capacidad aeroportuaria y hotelera\",\"breadcrumb\":{\"@id\":\"https:\\\/\\\/centrourbano.com\\\/revista\\\/urbanismo\\\/jalisco-mundial-futbol-2026\\\/#breadcrumb\"},\"inLanguage\":\"es\",\"potentialAction\":[{\"@type\":\"ReadAction\",\"target\":[\"https:\\\/\\\/centrourbano.com\\\/revista\\\/urbanismo\\\/jalisco-mundial-futbol-2026\\\/\"]}]},{\"@type\":\"ImageObject\",\"inLanguage\":\"es\",\"@id\":\"https:\\\/\\\/centrourbano.com\\\/revista\\\/urbanismo\\\/jalisco-mundial-futbol-2026\\\/#primaryimage\",\"url\":\"https:\\\/\\\/centrourbano.com\\\/revista\\\/wp-content\\\/uploads\\\/Jalisco-se-alista-para-albergar-Mundial-de-Fu\u0301tbol-2026.jpg\",\"contentUrl\":\"https:\\\/\\\/centrourbano.com\\\/revista\\\/wp-content\\\/uploads\\\/Jalisco-se-alista-para-albergar-Mundial-de-Fu\u0301tbol-2026.jpg\",\"width\":1200,\"height\":1080,\"caption\":\"El Gobierno de Jalisco present\u00f3 avances en materia de movilidad, transporte p\u00fablico, log\u00edstica, seguridad y capacidad aeroportuaria y hotelera\"},{\"@type\":\"BreadcrumbList\",\"@id\":\"https:\\\/\\\/centrourbano.com\\\/revista\\\/urbanismo\\\/jalisco-mundial-futbol-2026\\\/#breadcrumb\",\"itemListElement\":[{\"@type\":\"ListItem\",\"position\":1,\"name\":\"Portada\",\"item\":\"https:\\\/\\\/centrourbano.com\\\/revista\\\/\"},{\"@type\":\"ListItem\",\"position\":2,\"name\":\"Jalisco se alista para albergar Mundial de F\u00fatbol 2026\"}]},{\"@type\":\"WebSite\",\"@id\":\"https:\\\/\\\/centrourbano.com\\\/revista\\\/#website\",\"url\":\"https:\\\/\\\/centrourbano.com\\\/revista\\\/\",\"name\":\"Centro Urbano\",\"description\":\"Medio especializado en los sectores vivienda, inmobiliario, construcci\u00f3n, arquitectura y urbanismo.\",\"publisher\":{\"@id\":\"https:\\\/\\\/centrourbano.com\\\/revista\\\/#organization\"},\"potentialAction\":[{\"@type\":\"SearchAction\",\"target\":{\"@type\":\"EntryPoint\",\"urlTemplate\":\"https:\\\/\\\/centrourbano.com\\\/revista\\\/?s={search_term_string}\"},\"query-input\":{\"@type\":\"PropertyValueSpecification\",\"valueRequired\":true,\"valueName\":\"search_term_string\"}}],\"inLanguage\":\"es\"},{\"@type\":\"Organization\",\"@id\":\"https:\\\/\\\/centrourbano.com\\\/revista\\\/#organization\",\"name\":\"Centro Urbano\",\"url\":\"https:\\\/\\\/centrourbano.com\\\/revista\\\/\",\"logo\":{\"@type\":\"ImageObject\",\"inLanguage\":\"es\",\"@id\":\"https:\\\/\\\/centrourbano.com\\\/revista\\\/#\\\/schema\\\/logo\\\/image\\\/\",\"url\":\"https:\\\/\\\/centrourbano.com\\\/revista\\\/wp-content\\\/uploads\\\/web_CU_logo-1.png\",\"contentUrl\":\"https:\\\/\\\/centrourbano.com\\\/revista\\\/wp-content\\\/uploads\\\/web_CU_logo-1.png\",\"width\":350,\"height\":91,\"caption\":\"Centro Urbano\"},\"image\":{\"@id\":\"https:\\\/\\\/centrourbano.com\\\/revista\\\/#\\\/schema\\\/logo\\\/image\\\/\"},\"sameAs\":[\"https:\\\/\\\/www.facebook.com\\\/portalcentrourbano\",\"https:\\\/\\\/x.com\\\/CentroUrbano\",\"https:\\\/\\\/www.instagram.com\\\/centro_urbano\\\/\",\"https:\\\/\\\/www.linkedin.com\\\/company\\\/centro-urbano\\\/\",\"http:\\\/\\\/www.youtube.com\\\/user\\\/portalcentrourbano\"]},{\"@type\":\"Person\",\"@id\":\"https:\\\/\\\/centrourbano.com\\\/revista\\\/#\\\/schema\\\/person\\\/680e7c50f9d6e917e416c9efdc26f996\",\"name\":\"Redacci\u00f3n Centro Urbano\",\"image\":{\"@type\":\"ImageObject\",\"inLanguage\":\"es\",\"@id\":\"https:\\\/\\\/secure.gravatar.com\\\/avatar\\\/15a789f894398c0f311f3a7a2ee28032bbc0483098539da66b6a045aa810bf35?s=96&d=mm&r=g\",\"url\":\"https:\\\/\\\/secure.gravatar.com\\\/avatar\\\/15a789f894398c0f311f3a7a2ee28032bbc0483098539da66b6a045aa810bf35?s=96&d=mm&r=g\",\"contentUrl\":\"https:\\\/\\\/secure.gravatar.com\\\/avatar\\\/15a789f894398c0f311f3a7a2ee28032bbc0483098539da66b6a045aa810bf35?s=96&d=mm&r=g\",\"caption\":\"Redacci\u00f3n Centro Urbano\"},\"url\":\"https:\\\/\\\/centrourbano.com\\\/revista\\\/author\\\/editorial\\\/\"}]}<\/script>\n<!-- \/ Yoast SEO plugin. -->","yoast_head_json":{"title":"Jalisco se alista para albergar Mundial de F\u00fatbol 2026","description":"El Gobierno de Jalisco present\u00f3 avances en materia de movilidad, transporte p\u00fablico, log\u00edstica, seguridad y capacidad aeroportuaria y hotelera","robots":{"index":"index","follow":"follow","max-snippet":"max-snippet:-1","max-image-preview":"max-image-preview:large","max-video-preview":"max-video-preview:-1"},"canonical":"https:\/\/centrourbano.com\/revista\/urbanismo\/jalisco-mundial-futbol-2026\/","og_locale":"es_ES","og_type":"article","og_title":"Jalisco se alista para albergar Mundial de F\u00fatbol 2026","og_description":"El Gobierno de Jalisco present\u00f3 avances en materia de movilidad, transporte p\u00fablico, log\u00edstica, seguridad y capacidad aeroportuaria y hotelera","og_url":"https:\/\/centrourbano.com\/revista\/urbanismo\/jalisco-mundial-futbol-2026\/","og_site_name":"Centro Urbano","article_publisher":"https:\/\/www.facebook.com\/portalcentrourbano","article_published_time":"2025-05-08T23:53:58+00:00","og_image":[{"width":1200,"height":1080,"url":"https:\/\/centrourbano.com\/revista\/wp-content\/uploads\/Jalisco-se-alista-para-albergar-Mundial-de-Fu\u0301tbol-2026.jpg","type":"image\/jpeg"}],"author":"Redacci\u00f3n Centro Urbano","twitter_card":"summary_large_image","twitter_creator":"@CentroUrbano","twitter_site":"@CentroUrbano","twitter_misc":{"Escrito por":"Redacci\u00f3n Centro Urbano","Tiempo de lectura":"3 minutos"},"schema":{"@context":"https:\/\/schema.org","@graph":[{"@type":"Article","@id":"https:\/\/centrourbano.com\/revista\/urbanismo\/jalisco-mundial-futbol-2026\/#article","isPartOf":{"@id":"https:\/\/centrourbano.com\/revista\/urbanismo\/jalisco-mundial-futbol-2026\/"},"author":{"name":"Redacci\u00f3n Centro Urbano","@id":"https:\/\/centrourbano.com\/revista\/#\/schema\/person\/680e7c50f9d6e917e416c9efdc26f996"},"headline":"Jalisco se alista para albergar Mundial de F\u00fatbol 2026","datePublished":"2025-05-08T23:53:58+00:00","mainEntityOfPage":{"@id":"https:\/\/centrourbano.com\/revista\/urbanismo\/jalisco-mundial-futbol-2026\/"},"wordCount":558,"commentCount":0,"publisher":{"@id":"https:\/\/centrourbano.com\/revista\/#organization"},"image":{"@id":"https:\/\/centrourbano.com\/revista\/urbanismo\/jalisco-mundial-futbol-2026\/#primaryimage"},"thumbnailUrl":"https:\/\/centrourbano.com\/revista\/wp-content\/uploads\/Jalisco-se-alista-para-albergar-Mundial-de-Fu\u0301tbol-2026.jpg","keywords":["avances","Copa Mundial de la FIFA 2026","Guadalajara","Jalisco","Obras"],"articleSection":["Urbanismo"],"inLanguage":"es","potentialAction":[{"@type":"CommentAction","name":"Comment","target":["https:\/\/centrourbano.com\/revista\/urbanismo\/jalisco-mundial-futbol-2026\/#respond"]}]},{"@type":"WebPage","@id":"https:\/\/centrourbano.com\/revista\/urbanismo\/jalisco-mundial-futbol-2026\/","url":"https:\/\/centrourbano.com\/revista\/urbanismo\/jalisco-mundial-futbol-2026\/","name":"Jalisco se alista para albergar Mundial de F\u00fatbol 2026","isPartOf":{"@id":"https:\/\/centrourbano.com\/revista\/#website"},"primaryImageOfPage":{"@id":"https:\/\/centrourbano.com\/revista\/urbanismo\/jalisco-mundial-futbol-2026\/#primaryimage"},"image":{"@id":"https:\/\/centrourbano.com\/revista\/urbanismo\/jalisco-mundial-futbol-2026\/#primaryimage"},"thumbnailUrl":"https:\/\/centrourbano.com\/revista\/wp-content\/uploads\/Jalisco-se-alista-para-albergar-Mundial-de-Fu\u0301tbol-2026.jpg","datePublished":"2025-05-08T23:53:58+00:00","description":"El Gobierno de Jalisco present\u00f3 avances en materia de movilidad, transporte p\u00fablico, log\u00edstica, seguridad y capacidad aeroportuaria y hotelera","breadcrumb":{"@id":"https:\/\/centrourbano.com\/revista\/urbanismo\/jalisco-mundial-futbol-2026\/#breadcrumb"},"inLanguage":"es","potentialAction":[{"@type":"ReadAction","target":["https:\/\/centrourbano.com\/revista\/urbanismo\/jalisco-mundial-futbol-2026\/"]}]},{"@type":"ImageObject","inLanguage":"es","@id":"https:\/\/centrourbano.com\/revista\/urbanismo\/jalisco-mundial-futbol-2026\/#primaryimage","url":"https:\/\/centrourbano.com\/revista\/wp-content\/uploads\/Jalisco-se-alista-para-albergar-Mundial-de-Fu\u0301tbol-2026.jpg","contentUrl":"https:\/\/centrourbano.com\/revista\/wp-content\/uploads\/Jalisco-se-alista-para-albergar-Mundial-de-Fu\u0301tbol-2026.jpg","width":1200,"height":1080,"caption":"El Gobierno de Jalisco present\u00f3 avances en materia de movilidad, transporte p\u00fablico, log\u00edstica, seguridad y capacidad aeroportuaria y hotelera"},{"@type":"BreadcrumbList","@id":"https:\/\/centrourbano.com\/revista\/urbanismo\/jalisco-mundial-futbol-2026\/#breadcrumb","itemListElement":[{"@type":"ListItem","position":1,"name":"Portada","item":"https:\/\/centrourbano.com\/revista\/"},{"@type":"ListItem","position":2,"name":"Jalisco se alista para albergar Mundial de F\u00fatbol 2026"}]},{"@type":"WebSite","@id":"https:\/\/centrourbano.com\/revista\/#website","url":"https:\/\/centrourbano.com\/revista\/","name":"Centro Urbano","description":"Medio especializado en los sectores vivienda, inmobiliario, construcci\u00f3n, arquitectura y urbanismo.","publisher":{"@id":"https:\/\/centrourbano.com\/revista\/#organization"},"potentialAction":[{"@type":"SearchAction","target":{"@type":"EntryPoint","urlTemplate":"https:\/\/centrourbano.com\/revista\/?s={search_term_string}"},"query-input":{"@type":"PropertyValueSpecification","valueRequired":true,"valueName":"search_term_string"}}],"inLanguage":"es"},{"@type":"Organization","@id":"https:\/\/centrourbano.com\/revista\/#organization","name":"Centro Urbano","url":"https:\/\/centrourbano.com\/revista\/","logo":{"@type":"ImageObject","inLanguage":"es","@id":"https:\/\/centrourbano.com\/revista\/#\/schema\/logo\/image\/","url":"https:\/\/centrourbano.com\/revista\/wp-content\/uploads\/web_CU_logo-1.png","contentUrl":"https:\/\/centrourbano.com\/revista\/wp-content\/uploads\/web_CU_logo-1.png","width":350,"height":91,"caption":"Centro Urbano"},"image":{"@id":"https:\/\/centrourbano.com\/revista\/#\/schema\/logo\/image\/"},"sameAs":["https:\/\/www.facebook.com\/portalcentrourbano","https:\/\/x.com\/CentroUrbano","https:\/\/www.instagram.com\/centro_urbano\/","https:\/\/www.linkedin.com\/company\/centro-urbano\/","http:\/\/www.youtube.com\/user\/portalcentrourbano"]},{"@type":"Person","@id":"https:\/\/centrourbano.com\/revista\/#\/schema\/person\/680e7c50f9d6e917e416c9efdc26f996","name":"Redacci\u00f3n Centro Urbano","image":{"@type":"ImageObject","inLanguage":"es","@id":"https:\/\/secure.gravatar.com\/avatar\/15a789f894398c0f311f3a7a2ee28032bbc0483098539da66b6a045aa810bf35?s=96&d=mm&r=g","url":"https:\/\/secure.gravatar.com\/avatar\/15a789f894398c0f311f3a7a2ee28032bbc0483098539da66b6a045aa810bf35?s=96&d=mm&r=g","contentUrl":"https:\/\/secure.gravatar.com\/avatar\/15a789f894398c0f311f3a7a2ee28032bbc0483098539da66b6a045aa810bf35?s=96&d=mm&r=g","caption":"Redacci\u00f3n Centro Urbano"},"url":"https:\/\/centrourbano.com\/revista\/author\/editorial\/"}]}},"_links":{"self":[{"href":"https:\/\/centrourbano.com\/revista\/wp-json\/wp\/v2\/posts\/155026","targetHints":{"allow":["GET"]}}],"collection":[{"href":"https:\/\/centrourbano.com\/revista\/wp-json\/wp\/v2\/posts"}],"about":[{"href":"https:\/\/centrourbano.com\/revista\/wp-json\/wp\/v2\/types\/post"}],"author":[{"embeddable":true,"href":"https:\/\/centrourbano.com\/revista\/wp-json\/wp\/v2\/users\/14"}],"replies":[{"embeddable":true,"href":"https:\/\/centrourbano.com\/revista\/wp-json\/wp\/v2\/comments?post=155026"}],"version-history":[{"count":1,"href":"https:\/\/centrourbano.com\/revista\/wp-json\/wp\/v2\/posts\/155026\/revisions"}],"predecessor-version":[{"id":155032,"href":"https:\/\/centrourbano.com\/revista\/wp-json\/wp\/v2\/posts\/155026\/revisions\/155032"}],"wp:featuredmedia":[{"embeddable":true,"href":"https:\/\/centrourbano.com\/revista\/wp-json\/wp\/v2\/media\/155027"}],"wp:attachment":[{"href":"https:\/\/centrourbano.com\/revista\/wp-json\/wp\/v2\/media?parent=155026"}],"wp:term":[{"taxonomy":"category","embeddable":true,"href":"https:\/\/centrourbano.com\/revista\/wp-json\/wp\/v2\/categories?post=155026"},{"taxonomy":"post_tag","embeddable":true,"href":"https:\/\/centrourbano.com\/revista\/wp-json\/wp\/v2\/tags?post=155026"}],"curies":[{"name":"wp","href":"https:\/\/api.w.org\/{rel}","templated":true}]}}