{"id":154646,"date":"2025-04-10T09:54:43","date_gmt":"2025-04-10T15:54:43","guid":{"rendered":"https:\/\/centrourbano.com\/revista\/?p=154646"},"modified":"2025-04-10T10:24:21","modified_gmt":"2025-04-10T16:24:21","slug":"fovissste-dof-condonaciones","status":"publish","type":"post","link":"https:\/\/centrourbano.com\/revista\/vivienda\/fovissste-dof-condonaciones\/","title":{"rendered":"Fovissste: DOF hace oficial el programa de condonaci\u00f3n de deudas"},"content":{"rendered":"<p><em>El decreto contempla que el Fovisste implemente programas de quitas y condonaci\u00f3n de deudas<\/em><!--more--><\/p>\n<p>El Diario Oficial de la Federaci\u00f3n (DOF) public\u00f3 un decreto que instruye al <a href=\"https:\/\/www.fovissste.gob.mx\/\" target=\"_blank\" rel=\"noopener\">Fondo<\/a> de la Vivienda del Instituto de Seguridad y Servicios Sociales de los Trabajadores del Estado (Fovissste) a implementar <strong>programas que faciliten el acceso a una vivienda<\/strong> adecuada.<\/p>\n<p>En cumplimiento del decreto, el Fovissste pondr\u00e1 en marcha programas que incluyen principalmente <strong><a href=\"https:\/\/centrourbano.com\/revista\/vivienda\/fovissste-quitas-condonaciones\/\" target=\"_blank\" rel=\"noopener\">quitas y condonaciones<\/a> de deuda. <\/strong>El documento establece las siguientes acciones:<\/p>\n<ol>\n<li><strong>Reducci\u00f3n o congelamiento de intereses<\/strong> en cr\u00e9ditos activos.<\/li>\n<li><strong>Cancelaci\u00f3n o condonaciones<\/strong> de adeudos vencidos y\/o intereses moratorios.<\/li>\n<li><strong>Pr\u00f3rrogas y facilidades de pago<\/strong> que vuelvan asequible la liquidaci\u00f3n de cr\u00e9ditos.<\/li>\n<li>Otras acciones que determine la Comisi\u00f3n Ejecutiva del Fondo de la Vivienda y sean aprobados por\u00a0la Junta Directiva, en cumplimiento a las disposiciones constitucionales.<\/li>\n<\/ol>\n<p>El <strong>Fovissste tiene un plazo de 180 d\u00edas naturales<\/strong>, a partir de la entrada en vigor del decreto, <strong>para presentar los programas<\/strong> y las reglas de operaci\u00f3n necesarias para su ejecuci\u00f3n.<\/p>\n<p>El documento, firmado por Claudia Sheinbaum Pardo, presidenta de M\u00e9xico, establece que la Junta Directiva del Instituto de Seguridad y Servicios Sociales de los Trabajadores del Estado deber\u00e1 aprobar dichos programas.<\/p>\n<p>Tambi\u00e9n indica que las erogaciones y los costos derivados de estas modificaciones se cubrir\u00e1n con cargo al presupuesto destinado a la administraci\u00f3n, operaci\u00f3n y vigilancia del Fondo.<\/p>\n<p>El objetivo de esta implementaci\u00f3n es facilitar el acceso a una vivienda adecuada entre los trabajadores del Estado.<\/p>\n<blockquote><p>\u201cCon el fin de dar cumplimiento al mandato constitucional y evitar que se vuelva ineficaz la obligaci\u00f3n del Estado de garantizar a las personas trabajadoras al servicio del Estado el derecho constitucional a la vivienda\u201d, se\u00f1ala el documento.<\/p><\/blockquote>\n<p>De esta forma, el <strong>Fovissste prev\u00e9 beneficiar a m\u00e1s de 400,000 acreditados<\/strong> mediante la aplicaci\u00f3n de los programas mencionados.<\/p>\n","protected":false},"excerpt":{"rendered":"<p>El decreto contempla que el Fovisste implemente programas de quitas y condonaci\u00f3n de deudas<\/p>\n","protected":false},"author":14,"featured_media":154647,"comment_status":"open","ping_status":"closed","sticky":false,"template":"","format":"standard","meta":{"om_disable_all_campaigns":false,"inline_featured_image":false,"_monsterinsights_skip_tracking":false,"_monsterinsights_sitenote_active":false,"_monsterinsights_sitenote_note":"","_monsterinsights_sitenote_category":0,"footnotes":""},"categories":[12],"tags":[15084,155],"class_list":["post-154646","post","type-post","status-publish","format-standard","has-post-thumbnail","hentry","category-vivienda","tag-diario-oficial-de-la-federacion-dof","tag-fovissste"],"yoast_head":"<!-- This site is optimized with the Yoast SEO plugin v27.5 - https:\/\/yoast.com\/product\/yoast-seo-wordpress\/ -->\n<title>Fovissste: DOF hace oficial el programa de condonaci\u00f3n de deudas<\/title>\n<meta name=\"description\" content=\"El decreto contempla que el Fovisste implemente programas de quitas y condonaci\u00f3n de deudas entre los trabajadores del Estado.\" \/>\n<meta name=\"robots\" content=\"index, follow, max-snippet:-1, max-image-preview:large, max-video-preview:-1\" \/>\n<link rel=\"canonical\" href=\"https:\/\/centrourbano.com\/revista\/vivienda\/fovissste-dof-condonaciones\/\" \/>\n<meta property=\"og:locale\" content=\"es_ES\" \/>\n<meta property=\"og:type\" content=\"article\" \/>\n<meta property=\"og:title\" content=\"Fovissste: DOF hace oficial el programa de condonaci\u00f3n de deudas\" \/>\n<meta property=\"og:description\" content=\"El decreto contempla que el Fovisste implemente programas de quitas y condonaci\u00f3n de deudas entre los trabajadores del Estado.\" \/>\n<meta property=\"og:url\" content=\"https:\/\/centrourbano.com\/revista\/vivienda\/fovissste-dof-condonaciones\/\" \/>\n<meta property=\"og:site_name\" content=\"Centro Urbano\" \/>\n<meta property=\"article:publisher\" content=\"https:\/\/www.facebook.com\/portalcentrourbano\" \/>\n<meta property=\"article:published_time\" content=\"2025-04-10T15:54:43+00:00\" \/>\n<meta property=\"article:modified_time\" content=\"2025-04-10T16:24:21+00:00\" \/>\n<meta property=\"og:image\" content=\"https:\/\/centrourbano.com\/revista\/wp-content\/uploads\/800-fovissste-1.jpg\" \/>\n\t<meta property=\"og:image:width\" content=\"800\" \/>\n\t<meta property=\"og:image:height\" content=\"800\" \/>\n\t<meta property=\"og:image:type\" content=\"image\/jpeg\" \/>\n<meta name=\"author\" content=\"Redacci\u00f3n Centro Urbano\" \/>\n<meta name=\"twitter:card\" content=\"summary_large_image\" \/>\n<meta name=\"twitter:creator\" content=\"@CentroUrbano\" \/>\n<meta name=\"twitter:site\" content=\"@CentroUrbano\" \/>\n<meta name=\"twitter:label1\" content=\"Escrito por\" \/>\n\t<meta name=\"twitter:data1\" content=\"Redacci\u00f3n Centro Urbano\" \/>\n\t<meta name=\"twitter:label2\" content=\"Tiempo de lectura\" \/>\n\t<meta name=\"twitter:data2\" content=\"2 minutos\" \/>\n<script type=\"application\/ld+json\" class=\"yoast-schema-graph\">{\"@context\":\"https:\\\/\\\/schema.org\",\"@graph\":[{\"@type\":\"Article\",\"@id\":\"https:\\\/\\\/centrourbano.com\\\/revista\\\/vivienda\\\/fovissste-dof-condonaciones\\\/#article\",\"isPartOf\":{\"@id\":\"https:\\\/\\\/centrourbano.com\\\/revista\\\/vivienda\\\/fovissste-dof-condonaciones\\\/\"},\"author\":{\"name\":\"Redacci\u00f3n Centro Urbano\",\"@id\":\"https:\\\/\\\/centrourbano.com\\\/revista\\\/#\\\/schema\\\/person\\\/680e7c50f9d6e917e416c9efdc26f996\"},\"headline\":\"Fovissste: DOF hace oficial el programa de condonaci\u00f3n de deudas\",\"datePublished\":\"2025-04-10T15:54:43+00:00\",\"dateModified\":\"2025-04-10T16:24:21+00:00\",\"mainEntityOfPage\":{\"@id\":\"https:\\\/\\\/centrourbano.com\\\/revista\\\/vivienda\\\/fovissste-dof-condonaciones\\\/\"},\"wordCount\":329,\"commentCount\":0,\"publisher\":{\"@id\":\"https:\\\/\\\/centrourbano.com\\\/revista\\\/#organization\"},\"image\":{\"@id\":\"https:\\\/\\\/centrourbano.com\\\/revista\\\/vivienda\\\/fovissste-dof-condonaciones\\\/#primaryimage\"},\"thumbnailUrl\":\"https:\\\/\\\/centrourbano.com\\\/revista\\\/wp-content\\\/uploads\\\/800-fovissste-1.jpg\",\"keywords\":[\"Diario Oficial de la Federaci\u00f3n (DOF)\",\"Fovissste\"],\"articleSection\":[\"Vivienda\"],\"inLanguage\":\"es\",\"potentialAction\":[{\"@type\":\"CommentAction\",\"name\":\"Comment\",\"target\":[\"https:\\\/\\\/centrourbano.com\\\/revista\\\/vivienda\\\/fovissste-dof-condonaciones\\\/#respond\"]}]},{\"@type\":\"WebPage\",\"@id\":\"https:\\\/\\\/centrourbano.com\\\/revista\\\/vivienda\\\/fovissste-dof-condonaciones\\\/\",\"url\":\"https:\\\/\\\/centrourbano.com\\\/revista\\\/vivienda\\\/fovissste-dof-condonaciones\\\/\",\"name\":\"Fovissste: DOF hace oficial el programa de condonaci\u00f3n de deudas\",\"isPartOf\":{\"@id\":\"https:\\\/\\\/centrourbano.com\\\/revista\\\/#website\"},\"primaryImageOfPage\":{\"@id\":\"https:\\\/\\\/centrourbano.com\\\/revista\\\/vivienda\\\/fovissste-dof-condonaciones\\\/#primaryimage\"},\"image\":{\"@id\":\"https:\\\/\\\/centrourbano.com\\\/revista\\\/vivienda\\\/fovissste-dof-condonaciones\\\/#primaryimage\"},\"thumbnailUrl\":\"https:\\\/\\\/centrourbano.com\\\/revista\\\/wp-content\\\/uploads\\\/800-fovissste-1.jpg\",\"datePublished\":\"2025-04-10T15:54:43+00:00\",\"dateModified\":\"2025-04-10T16:24:21+00:00\",\"description\":\"El decreto contempla que el Fovisste implemente programas de quitas y condonaci\u00f3n de deudas entre los trabajadores del Estado.\",\"breadcrumb\":{\"@id\":\"https:\\\/\\\/centrourbano.com\\\/revista\\\/vivienda\\\/fovissste-dof-condonaciones\\\/#breadcrumb\"},\"inLanguage\":\"es\",\"potentialAction\":[{\"@type\":\"ReadAction\",\"target\":[\"https:\\\/\\\/centrourbano.com\\\/revista\\\/vivienda\\\/fovissste-dof-condonaciones\\\/\"]}]},{\"@type\":\"ImageObject\",\"inLanguage\":\"es\",\"@id\":\"https:\\\/\\\/centrourbano.com\\\/revista\\\/vivienda\\\/fovissste-dof-condonaciones\\\/#primaryimage\",\"url\":\"https:\\\/\\\/centrourbano.com\\\/revista\\\/wp-content\\\/uploads\\\/800-fovissste-1.jpg\",\"contentUrl\":\"https:\\\/\\\/centrourbano.com\\\/revista\\\/wp-content\\\/uploads\\\/800-fovissste-1.jpg\",\"width\":800,\"height\":800,\"caption\":\"Fovissste: DOF hace oficial el programa de condonaci\u00f3n de deudas\"},{\"@type\":\"BreadcrumbList\",\"@id\":\"https:\\\/\\\/centrourbano.com\\\/revista\\\/vivienda\\\/fovissste-dof-condonaciones\\\/#breadcrumb\",\"itemListElement\":[{\"@type\":\"ListItem\",\"position\":1,\"name\":\"Portada\",\"item\":\"https:\\\/\\\/centrourbano.com\\\/revista\\\/\"},{\"@type\":\"ListItem\",\"position\":2,\"name\":\"Fovissste: DOF hace oficial el programa de condonaci\u00f3n de deudas\"}]},{\"@type\":\"WebSite\",\"@id\":\"https:\\\/\\\/centrourbano.com\\\/revista\\\/#website\",\"url\":\"https:\\\/\\\/centrourbano.com\\\/revista\\\/\",\"name\":\"Centro Urbano\",\"description\":\"Medio especializado en los sectores vivienda, inmobiliario, construcci\u00f3n, arquitectura y urbanismo.\",\"publisher\":{\"@id\":\"https:\\\/\\\/centrourbano.com\\\/revista\\\/#organization\"},\"potentialAction\":[{\"@type\":\"SearchAction\",\"target\":{\"@type\":\"EntryPoint\",\"urlTemplate\":\"https:\\\/\\\/centrourbano.com\\\/revista\\\/?s={search_term_string}\"},\"query-input\":{\"@type\":\"PropertyValueSpecification\",\"valueRequired\":true,\"valueName\":\"search_term_string\"}}],\"inLanguage\":\"es\"},{\"@type\":\"Organization\",\"@id\":\"https:\\\/\\\/centrourbano.com\\\/revista\\\/#organization\",\"name\":\"Centro Urbano\",\"url\":\"https:\\\/\\\/centrourbano.com\\\/revista\\\/\",\"logo\":{\"@type\":\"ImageObject\",\"inLanguage\":\"es\",\"@id\":\"https:\\\/\\\/centrourbano.com\\\/revista\\\/#\\\/schema\\\/logo\\\/image\\\/\",\"url\":\"https:\\\/\\\/centrourbano.com\\\/revista\\\/wp-content\\\/uploads\\\/web_CU_logo-1.png\",\"contentUrl\":\"https:\\\/\\\/centrourbano.com\\\/revista\\\/wp-content\\\/uploads\\\/web_CU_logo-1.png\",\"width\":350,\"height\":91,\"caption\":\"Centro Urbano\"},\"image\":{\"@id\":\"https:\\\/\\\/centrourbano.com\\\/revista\\\/#\\\/schema\\\/logo\\\/image\\\/\"},\"sameAs\":[\"https:\\\/\\\/www.facebook.com\\\/portalcentrourbano\",\"https:\\\/\\\/x.com\\\/CentroUrbano\",\"https:\\\/\\\/www.instagram.com\\\/centro_urbano\\\/\",\"https:\\\/\\\/www.linkedin.com\\\/company\\\/centro-urbano\\\/\",\"http:\\\/\\\/www.youtube.com\\\/user\\\/portalcentrourbano\"]},{\"@type\":\"Person\",\"@id\":\"https:\\\/\\\/centrourbano.com\\\/revista\\\/#\\\/schema\\\/person\\\/680e7c50f9d6e917e416c9efdc26f996\",\"name\":\"Redacci\u00f3n Centro Urbano\",\"image\":{\"@type\":\"ImageObject\",\"inLanguage\":\"es\",\"@id\":\"https:\\\/\\\/secure.gravatar.com\\\/avatar\\\/15a789f894398c0f311f3a7a2ee28032bbc0483098539da66b6a045aa810bf35?s=96&d=mm&r=g\",\"url\":\"https:\\\/\\\/secure.gravatar.com\\\/avatar\\\/15a789f894398c0f311f3a7a2ee28032bbc0483098539da66b6a045aa810bf35?s=96&d=mm&r=g\",\"contentUrl\":\"https:\\\/\\\/secure.gravatar.com\\\/avatar\\\/15a789f894398c0f311f3a7a2ee28032bbc0483098539da66b6a045aa810bf35?s=96&d=mm&r=g\",\"caption\":\"Redacci\u00f3n Centro Urbano\"},\"url\":\"https:\\\/\\\/centrourbano.com\\\/revista\\\/author\\\/editorial\\\/\"}]}<\/script>\n<!-- \/ Yoast SEO plugin. -->","yoast_head_json":{"title":"Fovissste: DOF hace oficial el programa de condonaci\u00f3n de deudas","description":"El decreto contempla que el Fovisste implemente programas de quitas y condonaci\u00f3n de deudas entre los trabajadores del Estado.","robots":{"index":"index","follow":"follow","max-snippet":"max-snippet:-1","max-image-preview":"max-image-preview:large","max-video-preview":"max-video-preview:-1"},"canonical":"https:\/\/centrourbano.com\/revista\/vivienda\/fovissste-dof-condonaciones\/","og_locale":"es_ES","og_type":"article","og_title":"Fovissste: DOF hace oficial el programa de condonaci\u00f3n de deudas","og_description":"El decreto contempla que el Fovisste implemente programas de quitas y condonaci\u00f3n de deudas entre los trabajadores del Estado.","og_url":"https:\/\/centrourbano.com\/revista\/vivienda\/fovissste-dof-condonaciones\/","og_site_name":"Centro Urbano","article_publisher":"https:\/\/www.facebook.com\/portalcentrourbano","article_published_time":"2025-04-10T15:54:43+00:00","article_modified_time":"2025-04-10T16:24:21+00:00","og_image":[{"width":800,"height":800,"url":"https:\/\/centrourbano.com\/revista\/wp-content\/uploads\/800-fovissste-1.jpg","type":"image\/jpeg"}],"author":"Redacci\u00f3n Centro Urbano","twitter_card":"summary_large_image","twitter_creator":"@CentroUrbano","twitter_site":"@CentroUrbano","twitter_misc":{"Escrito por":"Redacci\u00f3n Centro Urbano","Tiempo de lectura":"2 minutos"},"schema":{"@context":"https:\/\/schema.org","@graph":[{"@type":"Article","@id":"https:\/\/centrourbano.com\/revista\/vivienda\/fovissste-dof-condonaciones\/#article","isPartOf":{"@id":"https:\/\/centrourbano.com\/revista\/vivienda\/fovissste-dof-condonaciones\/"},"author":{"name":"Redacci\u00f3n Centro Urbano","@id":"https:\/\/centrourbano.com\/revista\/#\/schema\/person\/680e7c50f9d6e917e416c9efdc26f996"},"headline":"Fovissste: DOF hace oficial el programa de condonaci\u00f3n de deudas","datePublished":"2025-04-10T15:54:43+00:00","dateModified":"2025-04-10T16:24:21+00:00","mainEntityOfPage":{"@id":"https:\/\/centrourbano.com\/revista\/vivienda\/fovissste-dof-condonaciones\/"},"wordCount":329,"commentCount":0,"publisher":{"@id":"https:\/\/centrourbano.com\/revista\/#organization"},"image":{"@id":"https:\/\/centrourbano.com\/revista\/vivienda\/fovissste-dof-condonaciones\/#primaryimage"},"thumbnailUrl":"https:\/\/centrourbano.com\/revista\/wp-content\/uploads\/800-fovissste-1.jpg","keywords":["Diario Oficial de la Federaci\u00f3n (DOF)","Fovissste"],"articleSection":["Vivienda"],"inLanguage":"es","potentialAction":[{"@type":"CommentAction","name":"Comment","target":["https:\/\/centrourbano.com\/revista\/vivienda\/fovissste-dof-condonaciones\/#respond"]}]},{"@type":"WebPage","@id":"https:\/\/centrourbano.com\/revista\/vivienda\/fovissste-dof-condonaciones\/","url":"https:\/\/centrourbano.com\/revista\/vivienda\/fovissste-dof-condonaciones\/","name":"Fovissste: DOF hace oficial el programa de condonaci\u00f3n de deudas","isPartOf":{"@id":"https:\/\/centrourbano.com\/revista\/#website"},"primaryImageOfPage":{"@id":"https:\/\/centrourbano.com\/revista\/vivienda\/fovissste-dof-condonaciones\/#primaryimage"},"image":{"@id":"https:\/\/centrourbano.com\/revista\/vivienda\/fovissste-dof-condonaciones\/#primaryimage"},"thumbnailUrl":"https:\/\/centrourbano.com\/revista\/wp-content\/uploads\/800-fovissste-1.jpg","datePublished":"2025-04-10T15:54:43+00:00","dateModified":"2025-04-10T16:24:21+00:00","description":"El decreto contempla que el Fovisste implemente programas de quitas y condonaci\u00f3n de deudas entre los trabajadores del Estado.","breadcrumb":{"@id":"https:\/\/centrourbano.com\/revista\/vivienda\/fovissste-dof-condonaciones\/#breadcrumb"},"inLanguage":"es","potentialAction":[{"@type":"ReadAction","target":["https:\/\/centrourbano.com\/revista\/vivienda\/fovissste-dof-condonaciones\/"]}]},{"@type":"ImageObject","inLanguage":"es","@id":"https:\/\/centrourbano.com\/revista\/vivienda\/fovissste-dof-condonaciones\/#primaryimage","url":"https:\/\/centrourbano.com\/revista\/wp-content\/uploads\/800-fovissste-1.jpg","contentUrl":"https:\/\/centrourbano.com\/revista\/wp-content\/uploads\/800-fovissste-1.jpg","width":800,"height":800,"caption":"Fovissste: DOF hace oficial el programa de condonaci\u00f3n de deudas"},{"@type":"BreadcrumbList","@id":"https:\/\/centrourbano.com\/revista\/vivienda\/fovissste-dof-condonaciones\/#breadcrumb","itemListElement":[{"@type":"ListItem","position":1,"name":"Portada","item":"https:\/\/centrourbano.com\/revista\/"},{"@type":"ListItem","position":2,"name":"Fovissste: DOF hace oficial el programa de condonaci\u00f3n de deudas"}]},{"@type":"WebSite","@id":"https:\/\/centrourbano.com\/revista\/#website","url":"https:\/\/centrourbano.com\/revista\/","name":"Centro Urbano","description":"Medio especializado en los sectores vivienda, inmobiliario, construcci\u00f3n, arquitectura y urbanismo.","publisher":{"@id":"https:\/\/centrourbano.com\/revista\/#organization"},"potentialAction":[{"@type":"SearchAction","target":{"@type":"EntryPoint","urlTemplate":"https:\/\/centrourbano.com\/revista\/?s={search_term_string}"},"query-input":{"@type":"PropertyValueSpecification","valueRequired":true,"valueName":"search_term_string"}}],"inLanguage":"es"},{"@type":"Organization","@id":"https:\/\/centrourbano.com\/revista\/#organization","name":"Centro Urbano","url":"https:\/\/centrourbano.com\/revista\/","logo":{"@type":"ImageObject","inLanguage":"es","@id":"https:\/\/centrourbano.com\/revista\/#\/schema\/logo\/image\/","url":"https:\/\/centrourbano.com\/revista\/wp-content\/uploads\/web_CU_logo-1.png","contentUrl":"https:\/\/centrourbano.com\/revista\/wp-content\/uploads\/web_CU_logo-1.png","width":350,"height":91,"caption":"Centro Urbano"},"image":{"@id":"https:\/\/centrourbano.com\/revista\/#\/schema\/logo\/image\/"},"sameAs":["https:\/\/www.facebook.com\/portalcentrourbano","https:\/\/x.com\/CentroUrbano","https:\/\/www.instagram.com\/centro_urbano\/","https:\/\/www.linkedin.com\/company\/centro-urbano\/","http:\/\/www.youtube.com\/user\/portalcentrourbano"]},{"@type":"Person","@id":"https:\/\/centrourbano.com\/revista\/#\/schema\/person\/680e7c50f9d6e917e416c9efdc26f996","name":"Redacci\u00f3n Centro Urbano","image":{"@type":"ImageObject","inLanguage":"es","@id":"https:\/\/secure.gravatar.com\/avatar\/15a789f894398c0f311f3a7a2ee28032bbc0483098539da66b6a045aa810bf35?s=96&d=mm&r=g","url":"https:\/\/secure.gravatar.com\/avatar\/15a789f894398c0f311f3a7a2ee28032bbc0483098539da66b6a045aa810bf35?s=96&d=mm&r=g","contentUrl":"https:\/\/secure.gravatar.com\/avatar\/15a789f894398c0f311f3a7a2ee28032bbc0483098539da66b6a045aa810bf35?s=96&d=mm&r=g","caption":"Redacci\u00f3n Centro Urbano"},"url":"https:\/\/centrourbano.com\/revista\/author\/editorial\/"}]}},"_links":{"self":[{"href":"https:\/\/centrourbano.com\/revista\/wp-json\/wp\/v2\/posts\/154646","targetHints":{"allow":["GET"]}}],"collection":[{"href":"https:\/\/centrourbano.com\/revista\/wp-json\/wp\/v2\/posts"}],"about":[{"href":"https:\/\/centrourbano.com\/revista\/wp-json\/wp\/v2\/types\/post"}],"author":[{"embeddable":true,"href":"https:\/\/centrourbano.com\/revista\/wp-json\/wp\/v2\/users\/14"}],"replies":[{"embeddable":true,"href":"https:\/\/centrourbano.com\/revista\/wp-json\/wp\/v2\/comments?post=154646"}],"version-history":[{"count":3,"href":"https:\/\/centrourbano.com\/revista\/wp-json\/wp\/v2\/posts\/154646\/revisions"}],"predecessor-version":[{"id":154650,"href":"https:\/\/centrourbano.com\/revista\/wp-json\/wp\/v2\/posts\/154646\/revisions\/154650"}],"wp:featuredmedia":[{"embeddable":true,"href":"https:\/\/centrourbano.com\/revista\/wp-json\/wp\/v2\/media\/154647"}],"wp:attachment":[{"href":"https:\/\/centrourbano.com\/revista\/wp-json\/wp\/v2\/media?parent=154646"}],"wp:term":[{"taxonomy":"category","embeddable":true,"href":"https:\/\/centrourbano.com\/revista\/wp-json\/wp\/v2\/categories?post=154646"},{"taxonomy":"post_tag","embeddable":true,"href":"https:\/\/centrourbano.com\/revista\/wp-json\/wp\/v2\/tags?post=154646"}],"curies":[{"name":"wp","href":"https:\/\/api.w.org\/{rel}","templated":true}]}}