{"id":15460,"date":"2015-02-18T10:47:29","date_gmt":"2015-02-18T16:47:29","guid":{"rendered":"http:\/\/centrourbano.com\/?p=15460"},"modified":"2015-02-18T12:19:56","modified_gmt":"2015-02-18T18:19:56","slug":"invertiran-12904-mdp-en-puertos-de-tamaulipas","status":"publish","type":"post","link":"https:\/\/centrourbano.com\/revista\/construccion\/invertiran-12904-mdp-en-puertos-de-tamaulipas\/","title":{"rendered":"Invertir\u00e1n 12,904 mdp para impulsar puertos de Tamaulipas"},"content":{"rendered":"<p>&nbsp;<\/p>\n<p><em>La Secretar\u00eda de Comunicaciones y Transportes anunci\u00f3 las obras para aumentar la conectividad en la entidad<\/em><!--more--><\/p>\n<p>&nbsp;<\/p>\n<p>El coordinador General de Puertos y Marina Mercante, Guillermo Ruiz de Teresa, junto con el gobernador de Tamaulipas, Egidio Torre Cant\u00fa, coloc\u00f3 la primera piedra de dos distribuidores viales en Altamira, para la cual la inversi\u00f3n supera los 10,700 millones de pesos.<\/p>\n<p>Durante el acto se revel\u00f3 que la Secretar\u00eda de Comunicaciones y Transportes (SCT) invertir\u00e1 12,904 millones de pesos en obras para aumentar la conectividad de los puertos de Altamira, Tampico y Matamoros.<\/p>\n<p>Aunque la capacidad del puerto aumentar\u00e1, pues se prev\u00e9 que en 2018 maneje 40 millones de toneladas al a\u00f1o, se mencion\u00f3 que si las conexiones carreteras y ferroviarias manejan, por ejemplo, s\u00f3lo 30 toneladas, \u00e9ste s\u00f3lo operar\u00e1 dicho volumen y no se aprovechar\u00e1 su capacidad total.<\/p>\n<p>Por ello, destac\u00f3 la relevancia del arranque de la construcci\u00f3n de los distribuidores viales, la cual contar\u00e1 con recursos por 587 millones de pesos e incluye obras de alumbrado, drenaje y mejora de la infraestructura actual.<\/p>\n<p>Ruiz de Teresa inform\u00f3 que este a\u00f1o se invertir\u00e1n 270.56 millones de pesos para la construcci\u00f3n del Paso Superior Vehicular Boulevard de los R\u00edos y Calle R\u00edo Tames\u00ed; as\u00ed como el Paso Superior Vehicular Boulevard de los R\u00edos y Libramiento, los cuales concluir\u00e1n en 2016 con una inversi\u00f3n complementaria de 40.5 millones de pesos. Tambi\u00e9n se trabaja en la modernizaci\u00f3n de las v\u00edas f\u00e9rreas con una inversi\u00f3n de 95 millones de pesos durante el sexenio.<\/p>\n<p>Por otro lado, destac\u00f3 la nueva Terminal de Usos M\u00faltiples con un presupuesto de 922 millones de pesos, para fortalecer la vocaci\u00f3n comercial de Tampico, que concluir\u00e1 en 2018.<\/p>\n<p>Para el pr\u00f3ximo a\u00f1o se planea terminar un centro de operaciones para las actividades de exploraci\u00f3n y explotaci\u00f3n de los yacimientos petroleros transfronterizos del norte del Golfo de M\u00e9xico, para lo cual tienen destinados 282 millones de pesos.<\/p>\n<p>En tanto, para mejorar la conectividad terrestre del Puerto de Matamoros, con una inversi\u00f3n de 397.4 millones de pesos, se reconstruye el camino de acceso que conecta con la ciudad, misma que presenta un avance en 27 kil\u00f3metros terminados y 17 kil\u00f3metros en proceso de un total de 64 kil\u00f3metros.<\/p>\n<p>El Coordinador mencion\u00f3 en materia de carreteras y aeropuertos, que existen otros cuatro compromisos de gobierno que sumados con Matamoros, superan los 3,337 millones de pesos; mientras que en materia ferroviaria, este a\u00f1o concluir\u00e1 la construcci\u00f3n del libramiento ferroviario Reynosa Sur 2 con recursos por 1,558 millones de pesos, el cual disminuir\u00e1 en 45 minutos el traslado de mercanc\u00edas en el Corredor Econ\u00f3mico del Norte, de Mazatl\u00e1n hasta los tres puertos tamaulipecos; aunado a que el libramiento ferroviario Puente Internacional Matamoros-Brownsville, podr\u00eda expandirse hasta el Puerto de Matamoros.<\/p>\n","protected":false},"excerpt":{"rendered":"<p>&nbsp; La Secretar\u00eda de Comunicaciones y Transportes anunci\u00f3 las obras para aumentar la conectividad en la entidad<\/p>\n","protected":false},"author":5,"featured_media":0,"comment_status":"open","ping_status":"closed","sticky":false,"template":"","format":"standard","meta":{"om_disable_all_campaigns":false,"inline_featured_image":false,"_monsterinsights_skip_tracking":false,"_monsterinsights_sitenote_active":false,"_monsterinsights_sitenote_note":"","_monsterinsights_sitenote_category":0,"footnotes":""},"categories":[14],"tags":[],"class_list":["post-15460","post","type-post","status-publish","format-standard","hentry","category-construccion"],"yoast_head":"<!-- This site is optimized with the Yoast SEO plugin v27.4 - https:\/\/yoast.com\/product\/yoast-seo-wordpress\/ -->\n<title>Invertir\u00e1n 12,904 mdp para impulsar puertos de Tamaulipas -<\/title>\n<meta name=\"description\" content=\"&nbsp; La Secretar\u00eda de Comunicaciones y Transportes anunci\u00f3 las obras para aumentar la conectividad en la entidad &nbsp; El coordinador General de\" \/>\n<meta name=\"robots\" content=\"index, follow, max-snippet:-1, max-image-preview:large, max-video-preview:-1\" \/>\n<link rel=\"canonical\" href=\"https:\/\/centrourbano.com\/revista\/construccion\/invertiran-12904-mdp-en-puertos-de-tamaulipas\/\" \/>\n<meta property=\"og:locale\" content=\"es_ES\" \/>\n<meta property=\"og:type\" content=\"article\" \/>\n<meta property=\"og:title\" content=\"Invertir\u00e1n 12,904 mdp para impulsar puertos de Tamaulipas -\" \/>\n<meta property=\"og:description\" content=\"&nbsp; La Secretar\u00eda de Comunicaciones y Transportes anunci\u00f3 las obras para aumentar la conectividad en la entidad &nbsp; El coordinador General de\" \/>\n<meta property=\"og:url\" content=\"https:\/\/centrourbano.com\/revista\/construccion\/invertiran-12904-mdp-en-puertos-de-tamaulipas\/\" \/>\n<meta property=\"og:site_name\" content=\"Centro Urbano\" \/>\n<meta property=\"article:publisher\" content=\"https:\/\/www.facebook.com\/portalcentrourbano\" \/>\n<meta property=\"article:published_time\" content=\"2015-02-18T16:47:29+00:00\" \/>\n<meta property=\"article:modified_time\" content=\"2015-02-18T18:19:56+00:00\" \/>\n<meta property=\"og:image\" content=\"https:\/\/centrourbano.com\/revista\/wp-content\/uploads\/CU-logo.png\" \/>\n\t<meta property=\"og:image:width\" content=\"350\" \/>\n\t<meta property=\"og:image:height\" content=\"91\" \/>\n\t<meta property=\"og:image:type\" content=\"image\/png\" \/>\n<meta name=\"author\" content=\"Aura Fuentes\" \/>\n<meta name=\"twitter:card\" content=\"summary_large_image\" \/>\n<meta name=\"twitter:creator\" content=\"@CentroUrbano\" \/>\n<meta name=\"twitter:site\" content=\"@CentroUrbano\" \/>\n<meta name=\"twitter:label1\" content=\"Escrito por\" \/>\n\t<meta name=\"twitter:data1\" content=\"Aura Fuentes\" \/>\n\t<meta name=\"twitter:label2\" content=\"Tiempo de lectura\" \/>\n\t<meta name=\"twitter:data2\" content=\"2 minutos\" \/>\n<script type=\"application\/ld+json\" class=\"yoast-schema-graph\">{\"@context\":\"https:\\\/\\\/schema.org\",\"@graph\":[{\"@type\":\"Article\",\"@id\":\"https:\\\/\\\/centrourbano.com\\\/revista\\\/construccion\\\/invertiran-12904-mdp-en-puertos-de-tamaulipas\\\/#article\",\"isPartOf\":{\"@id\":\"https:\\\/\\\/centrourbano.com\\\/revista\\\/construccion\\\/invertiran-12904-mdp-en-puertos-de-tamaulipas\\\/\"},\"author\":{\"name\":\"Aura Fuentes\",\"@id\":\"https:\\\/\\\/centrourbano.com\\\/revista\\\/#\\\/schema\\\/person\\\/756e631daf8400a0026dd8474463803a\"},\"headline\":\"Invertir\u00e1n 12,904 mdp para impulsar puertos de Tamaulipas\",\"datePublished\":\"2015-02-18T16:47:29+00:00\",\"dateModified\":\"2015-02-18T18:19:56+00:00\",\"mainEntityOfPage\":{\"@id\":\"https:\\\/\\\/centrourbano.com\\\/revista\\\/construccion\\\/invertiran-12904-mdp-en-puertos-de-tamaulipas\\\/\"},\"wordCount\":478,\"commentCount\":0,\"publisher\":{\"@id\":\"https:\\\/\\\/centrourbano.com\\\/revista\\\/#organization\"},\"articleSection\":[\"Construcci\u00f3n\"],\"inLanguage\":\"es\",\"potentialAction\":[{\"@type\":\"CommentAction\",\"name\":\"Comment\",\"target\":[\"https:\\\/\\\/centrourbano.com\\\/revista\\\/construccion\\\/invertiran-12904-mdp-en-puertos-de-tamaulipas\\\/#respond\"]}]},{\"@type\":\"WebPage\",\"@id\":\"https:\\\/\\\/centrourbano.com\\\/revista\\\/construccion\\\/invertiran-12904-mdp-en-puertos-de-tamaulipas\\\/\",\"url\":\"https:\\\/\\\/centrourbano.com\\\/revista\\\/construccion\\\/invertiran-12904-mdp-en-puertos-de-tamaulipas\\\/\",\"name\":\"Invertir\u00e1n 12,904 mdp para impulsar puertos de Tamaulipas -\",\"isPartOf\":{\"@id\":\"https:\\\/\\\/centrourbano.com\\\/revista\\\/#website\"},\"datePublished\":\"2015-02-18T16:47:29+00:00\",\"dateModified\":\"2015-02-18T18:19:56+00:00\",\"description\":\"&nbsp; La Secretar\u00eda de Comunicaciones y Transportes anunci\u00f3 las obras para aumentar la conectividad en la entidad &nbsp; El coordinador General de\",\"breadcrumb\":{\"@id\":\"https:\\\/\\\/centrourbano.com\\\/revista\\\/construccion\\\/invertiran-12904-mdp-en-puertos-de-tamaulipas\\\/#breadcrumb\"},\"inLanguage\":\"es\",\"potentialAction\":[{\"@type\":\"ReadAction\",\"target\":[\"https:\\\/\\\/centrourbano.com\\\/revista\\\/construccion\\\/invertiran-12904-mdp-en-puertos-de-tamaulipas\\\/\"]}]},{\"@type\":\"BreadcrumbList\",\"@id\":\"https:\\\/\\\/centrourbano.com\\\/revista\\\/construccion\\\/invertiran-12904-mdp-en-puertos-de-tamaulipas\\\/#breadcrumb\",\"itemListElement\":[{\"@type\":\"ListItem\",\"position\":1,\"name\":\"Portada\",\"item\":\"https:\\\/\\\/centrourbano.com\\\/revista\\\/\"},{\"@type\":\"ListItem\",\"position\":2,\"name\":\"Invertir\u00e1n 12,904 mdp para impulsar puertos de Tamaulipas\"}]},{\"@type\":\"WebSite\",\"@id\":\"https:\\\/\\\/centrourbano.com\\\/revista\\\/#website\",\"url\":\"https:\\\/\\\/centrourbano.com\\\/revista\\\/\",\"name\":\"Centro Urbano\",\"description\":\"Medio especializado en los sectores vivienda, inmobiliario, construcci\u00f3n, arquitectura y urbanismo.\",\"publisher\":{\"@id\":\"https:\\\/\\\/centrourbano.com\\\/revista\\\/#organization\"},\"potentialAction\":[{\"@type\":\"SearchAction\",\"target\":{\"@type\":\"EntryPoint\",\"urlTemplate\":\"https:\\\/\\\/centrourbano.com\\\/revista\\\/?s={search_term_string}\"},\"query-input\":{\"@type\":\"PropertyValueSpecification\",\"valueRequired\":true,\"valueName\":\"search_term_string\"}}],\"inLanguage\":\"es\"},{\"@type\":\"Organization\",\"@id\":\"https:\\\/\\\/centrourbano.com\\\/revista\\\/#organization\",\"name\":\"Centro Urbano\",\"url\":\"https:\\\/\\\/centrourbano.com\\\/revista\\\/\",\"logo\":{\"@type\":\"ImageObject\",\"inLanguage\":\"es\",\"@id\":\"https:\\\/\\\/centrourbano.com\\\/revista\\\/#\\\/schema\\\/logo\\\/image\\\/\",\"url\":\"https:\\\/\\\/centrourbano.com\\\/revista\\\/wp-content\\\/uploads\\\/web_CU_logo-1.png\",\"contentUrl\":\"https:\\\/\\\/centrourbano.com\\\/revista\\\/wp-content\\\/uploads\\\/web_CU_logo-1.png\",\"width\":350,\"height\":91,\"caption\":\"Centro Urbano\"},\"image\":{\"@id\":\"https:\\\/\\\/centrourbano.com\\\/revista\\\/#\\\/schema\\\/logo\\\/image\\\/\"},\"sameAs\":[\"https:\\\/\\\/www.facebook.com\\\/portalcentrourbano\",\"https:\\\/\\\/x.com\\\/CentroUrbano\",\"https:\\\/\\\/www.instagram.com\\\/centro_urbano\\\/\",\"https:\\\/\\\/www.linkedin.com\\\/company\\\/centro-urbano\\\/\",\"http:\\\/\\\/www.youtube.com\\\/user\\\/portalcentrourbano\"]},{\"@type\":\"Person\",\"@id\":\"https:\\\/\\\/centrourbano.com\\\/revista\\\/#\\\/schema\\\/person\\\/756e631daf8400a0026dd8474463803a\",\"name\":\"Aura Fuentes\",\"image\":{\"@type\":\"ImageObject\",\"inLanguage\":\"es\",\"@id\":\"https:\\\/\\\/secure.gravatar.com\\\/avatar\\\/d4d494c7466b3a8e92935aa38a4205c72303f888e06051bec24b2018c769f20a?s=96&d=mm&r=g\",\"url\":\"https:\\\/\\\/secure.gravatar.com\\\/avatar\\\/d4d494c7466b3a8e92935aa38a4205c72303f888e06051bec24b2018c769f20a?s=96&d=mm&r=g\",\"contentUrl\":\"https:\\\/\\\/secure.gravatar.com\\\/avatar\\\/d4d494c7466b3a8e92935aa38a4205c72303f888e06051bec24b2018c769f20a?s=96&d=mm&r=g\",\"caption\":\"Aura Fuentes\"},\"description\":\"Egresada de la carrera de Comunicaci\u00f3n y Periodismo en la FES Arag\u00f3n, UNAM. Aunque se especializ\u00f3 en Televisi\u00f3n prefiere estar detr\u00e1s de una computadora haciendo lo que m\u00e1s le gusta: escribir. Su mayor experiencia como profesionista la obtuvo en Diario de M\u00e9xico Edici\u00f3n USA, donde fungi\u00f3 como coordinadora editorial. Siempre perfeccionista y responsable, ahora se desempe\u00f1a como Editora en Jefe dentro de Centro Urbano.\",\"sameAs\":[\"http:\\\/\\\/@Aura_CU\"],\"url\":\"https:\\\/\\\/centrourbano.com\\\/revista\\\/author\\\/aura-fuentes\\\/\"}]}<\/script>\n<!-- \/ Yoast SEO plugin. -->","yoast_head_json":{"title":"Invertir\u00e1n 12,904 mdp para impulsar puertos de Tamaulipas -","description":"&nbsp; La Secretar\u00eda de Comunicaciones y Transportes anunci\u00f3 las obras para aumentar la conectividad en la entidad &nbsp; El coordinador General de","robots":{"index":"index","follow":"follow","max-snippet":"max-snippet:-1","max-image-preview":"max-image-preview:large","max-video-preview":"max-video-preview:-1"},"canonical":"https:\/\/centrourbano.com\/revista\/construccion\/invertiran-12904-mdp-en-puertos-de-tamaulipas\/","og_locale":"es_ES","og_type":"article","og_title":"Invertir\u00e1n 12,904 mdp para impulsar puertos de Tamaulipas -","og_description":"&nbsp; La Secretar\u00eda de Comunicaciones y Transportes anunci\u00f3 las obras para aumentar la conectividad en la entidad &nbsp; El coordinador General de","og_url":"https:\/\/centrourbano.com\/revista\/construccion\/invertiran-12904-mdp-en-puertos-de-tamaulipas\/","og_site_name":"Centro Urbano","article_publisher":"https:\/\/www.facebook.com\/portalcentrourbano","article_published_time":"2015-02-18T16:47:29+00:00","article_modified_time":"2015-02-18T18:19:56+00:00","og_image":[{"width":350,"height":91,"url":"https:\/\/centrourbano.com\/revista\/wp-content\/uploads\/CU-logo.png","type":"image\/png"}],"author":"Aura Fuentes","twitter_card":"summary_large_image","twitter_creator":"@CentroUrbano","twitter_site":"@CentroUrbano","twitter_misc":{"Escrito por":"Aura Fuentes","Tiempo de lectura":"2 minutos"},"schema":{"@context":"https:\/\/schema.org","@graph":[{"@type":"Article","@id":"https:\/\/centrourbano.com\/revista\/construccion\/invertiran-12904-mdp-en-puertos-de-tamaulipas\/#article","isPartOf":{"@id":"https:\/\/centrourbano.com\/revista\/construccion\/invertiran-12904-mdp-en-puertos-de-tamaulipas\/"},"author":{"name":"Aura Fuentes","@id":"https:\/\/centrourbano.com\/revista\/#\/schema\/person\/756e631daf8400a0026dd8474463803a"},"headline":"Invertir\u00e1n 12,904 mdp para impulsar puertos de Tamaulipas","datePublished":"2015-02-18T16:47:29+00:00","dateModified":"2015-02-18T18:19:56+00:00","mainEntityOfPage":{"@id":"https:\/\/centrourbano.com\/revista\/construccion\/invertiran-12904-mdp-en-puertos-de-tamaulipas\/"},"wordCount":478,"commentCount":0,"publisher":{"@id":"https:\/\/centrourbano.com\/revista\/#organization"},"articleSection":["Construcci\u00f3n"],"inLanguage":"es","potentialAction":[{"@type":"CommentAction","name":"Comment","target":["https:\/\/centrourbano.com\/revista\/construccion\/invertiran-12904-mdp-en-puertos-de-tamaulipas\/#respond"]}]},{"@type":"WebPage","@id":"https:\/\/centrourbano.com\/revista\/construccion\/invertiran-12904-mdp-en-puertos-de-tamaulipas\/","url":"https:\/\/centrourbano.com\/revista\/construccion\/invertiran-12904-mdp-en-puertos-de-tamaulipas\/","name":"Invertir\u00e1n 12,904 mdp para impulsar puertos de Tamaulipas -","isPartOf":{"@id":"https:\/\/centrourbano.com\/revista\/#website"},"datePublished":"2015-02-18T16:47:29+00:00","dateModified":"2015-02-18T18:19:56+00:00","description":"&nbsp; La Secretar\u00eda de Comunicaciones y Transportes anunci\u00f3 las obras para aumentar la conectividad en la entidad &nbsp; El coordinador General de","breadcrumb":{"@id":"https:\/\/centrourbano.com\/revista\/construccion\/invertiran-12904-mdp-en-puertos-de-tamaulipas\/#breadcrumb"},"inLanguage":"es","potentialAction":[{"@type":"ReadAction","target":["https:\/\/centrourbano.com\/revista\/construccion\/invertiran-12904-mdp-en-puertos-de-tamaulipas\/"]}]},{"@type":"BreadcrumbList","@id":"https:\/\/centrourbano.com\/revista\/construccion\/invertiran-12904-mdp-en-puertos-de-tamaulipas\/#breadcrumb","itemListElement":[{"@type":"ListItem","position":1,"name":"Portada","item":"https:\/\/centrourbano.com\/revista\/"},{"@type":"ListItem","position":2,"name":"Invertir\u00e1n 12,904 mdp para impulsar puertos de Tamaulipas"}]},{"@type":"WebSite","@id":"https:\/\/centrourbano.com\/revista\/#website","url":"https:\/\/centrourbano.com\/revista\/","name":"Centro Urbano","description":"Medio especializado en los sectores vivienda, inmobiliario, construcci\u00f3n, arquitectura y urbanismo.","publisher":{"@id":"https:\/\/centrourbano.com\/revista\/#organization"},"potentialAction":[{"@type":"SearchAction","target":{"@type":"EntryPoint","urlTemplate":"https:\/\/centrourbano.com\/revista\/?s={search_term_string}"},"query-input":{"@type":"PropertyValueSpecification","valueRequired":true,"valueName":"search_term_string"}}],"inLanguage":"es"},{"@type":"Organization","@id":"https:\/\/centrourbano.com\/revista\/#organization","name":"Centro Urbano","url":"https:\/\/centrourbano.com\/revista\/","logo":{"@type":"ImageObject","inLanguage":"es","@id":"https:\/\/centrourbano.com\/revista\/#\/schema\/logo\/image\/","url":"https:\/\/centrourbano.com\/revista\/wp-content\/uploads\/web_CU_logo-1.png","contentUrl":"https:\/\/centrourbano.com\/revista\/wp-content\/uploads\/web_CU_logo-1.png","width":350,"height":91,"caption":"Centro Urbano"},"image":{"@id":"https:\/\/centrourbano.com\/revista\/#\/schema\/logo\/image\/"},"sameAs":["https:\/\/www.facebook.com\/portalcentrourbano","https:\/\/x.com\/CentroUrbano","https:\/\/www.instagram.com\/centro_urbano\/","https:\/\/www.linkedin.com\/company\/centro-urbano\/","http:\/\/www.youtube.com\/user\/portalcentrourbano"]},{"@type":"Person","@id":"https:\/\/centrourbano.com\/revista\/#\/schema\/person\/756e631daf8400a0026dd8474463803a","name":"Aura Fuentes","image":{"@type":"ImageObject","inLanguage":"es","@id":"https:\/\/secure.gravatar.com\/avatar\/d4d494c7466b3a8e92935aa38a4205c72303f888e06051bec24b2018c769f20a?s=96&d=mm&r=g","url":"https:\/\/secure.gravatar.com\/avatar\/d4d494c7466b3a8e92935aa38a4205c72303f888e06051bec24b2018c769f20a?s=96&d=mm&r=g","contentUrl":"https:\/\/secure.gravatar.com\/avatar\/d4d494c7466b3a8e92935aa38a4205c72303f888e06051bec24b2018c769f20a?s=96&d=mm&r=g","caption":"Aura Fuentes"},"description":"Egresada de la carrera de Comunicaci\u00f3n y Periodismo en la FES Arag\u00f3n, UNAM. Aunque se especializ\u00f3 en Televisi\u00f3n prefiere estar detr\u00e1s de una computadora haciendo lo que m\u00e1s le gusta: escribir. Su mayor experiencia como profesionista la obtuvo en Diario de M\u00e9xico Edici\u00f3n USA, donde fungi\u00f3 como coordinadora editorial. Siempre perfeccionista y responsable, ahora se desempe\u00f1a como Editora en Jefe dentro de Centro Urbano.","sameAs":["http:\/\/@Aura_CU"],"url":"https:\/\/centrourbano.com\/revista\/author\/aura-fuentes\/"}]}},"_links":{"self":[{"href":"https:\/\/centrourbano.com\/revista\/wp-json\/wp\/v2\/posts\/15460","targetHints":{"allow":["GET"]}}],"collection":[{"href":"https:\/\/centrourbano.com\/revista\/wp-json\/wp\/v2\/posts"}],"about":[{"href":"https:\/\/centrourbano.com\/revista\/wp-json\/wp\/v2\/types\/post"}],"author":[{"embeddable":true,"href":"https:\/\/centrourbano.com\/revista\/wp-json\/wp\/v2\/users\/5"}],"replies":[{"embeddable":true,"href":"https:\/\/centrourbano.com\/revista\/wp-json\/wp\/v2\/comments?post=15460"}],"version-history":[{"count":0,"href":"https:\/\/centrourbano.com\/revista\/wp-json\/wp\/v2\/posts\/15460\/revisions"}],"wp:attachment":[{"href":"https:\/\/centrourbano.com\/revista\/wp-json\/wp\/v2\/media?parent=15460"}],"wp:term":[{"taxonomy":"category","embeddable":true,"href":"https:\/\/centrourbano.com\/revista\/wp-json\/wp\/v2\/categories?post=15460"},{"taxonomy":"post_tag","embeddable":true,"href":"https:\/\/centrourbano.com\/revista\/wp-json\/wp\/v2\/tags?post=15460"}],"curies":[{"name":"wp","href":"https:\/\/api.w.org\/{rel}","templated":true}]}}