{"id":154463,"date":"2025-04-01T17:39:27","date_gmt":"2025-04-01T23:39:27","guid":{"rendered":"https:\/\/centrourbano.com\/revista\/?p=154463"},"modified":"2025-04-01T17:39:27","modified_gmt":"2025-04-01T23:39:27","slug":"114-anos-mario-pani","status":"publish","type":"post","link":"https:\/\/centrourbano.com\/revista\/arquitectura-2\/114-anos-mario-pani\/","title":{"rendered":"Se cumplen 114 a\u00f1os del nacimiento de Mario Pani"},"content":{"rendered":"<p><em>El legado de Pani comprende proyectos de todas las tipolog\u00edas, como viviendas, escuelas, edificios p\u00fablicos, hospitales, hoteles, oficinas, entre otros<\/em><!--more--><\/p>\n<p>El pasado 29 de marzo se cumplieron 114 a\u00f1os del nacimiento de de <strong>Mario Pani Darqui<\/strong>, arquitecto y urbanista mexicano reconocido por promover el funcionalismo, el estilo internacional y las ideas de Le Corbusier en M\u00e9xico.<\/p>\n<p><strong>Pani<\/strong> naci\u00f3 en la Ciudad de M\u00e9xico el 29 de marzo de 1911, y desde ni\u00f1o estuvo ligado a la ingenier\u00eda y arquitectura, por lo que realiz\u00f3 sus estudios profesionales de Arquitectura en la <strong>Escuela Nacional de Bellas Artes de Par\u00eds,<\/strong> Francia, obteniendo su t\u00edtulo en junio de 1934, mismo que fue revalidado en octubre del mismo a\u00f1o por la <strong>Universidad Nacional Aut\u00f3noma de M\u00e9xico<\/strong> (<strong>UNAM<\/strong>).<\/p>\n<p>En 1946, <strong>Pani<\/strong> se convirti\u00f3 en fundador del <strong>Colegio de Arquitectos de M\u00e9xico<\/strong>, y en 1948 de la <strong>revista Arquitectura<\/strong> (posteriormente llamada Arquitectura M\u00e9xico), la cual, durante m\u00e1s de 40 a\u00f1os, public\u00f3 la obra de arquitectos como Augusto H. \u00c1lvarez, Juan O&#8217;Gorman, Jos\u00e9 Villagr\u00e1n Garc\u00eda, Vladimir Kasp\u00e9, Mathias Goeritz, entre otros.<\/p>\n<p>Asimismo, fue profesor de composici\u00f3n en la <strong>Escuela Nacional de Arquitectura de la UNAM<\/strong> y miembro del jurado internacional de la <strong>Bienal de Sao Paulo<\/strong> (1951), junto con los arquitectos Siegfried Giedion, de Z\u00farich, y Junzo Sakakura, de Tokio.<\/p>\n<p>Adem\u00e1s, recibi\u00f3 el <strong>Gran Premio de la Academia Nacional de Arquitectura <\/strong>en 1984 y el <strong>Premio Nacional de las Artes<\/strong> en 1986.<\/p>\n<a href=\"https:\/\/centrourbano.com\/revista\/wp-content\/uploads\/MiembroObraPaniMario06.jpg\"><img loading=\"lazy\" decoding=\"async\" class=\"aligncenter wp-image-154466\" src=\"https:\/\/centrourbano.com\/revista\/wp-content\/uploads\/MiembroObraPaniMario06.jpg\" alt=\"\" width=\"700\" height=\"472\" srcset=\"https:\/\/centrourbano.com\/revista\/wp-content\/uploads\/MiembroObraPaniMario06.jpg 1920w, https:\/\/centrourbano.com\/revista\/wp-content\/uploads\/MiembroObraPaniMario06-300x202.jpg 300w, https:\/\/centrourbano.com\/revista\/wp-content\/uploads\/MiembroObraPaniMario06-1000x674.jpg 1000w, https:\/\/centrourbano.com\/revista\/wp-content\/uploads\/MiembroObraPaniMario06-768x518.jpg 768w, https:\/\/centrourbano.com\/revista\/wp-content\/uploads\/MiembroObraPaniMario06-1536x1036.jpg 1536w\" sizes=\"auto, (max-width: 700px) 100vw, 700px\" \/><\/a>\n<p><!--more--><\/p>\n<h2><strong>La obra de Mario Pani<\/strong><\/h2>\n<p><strong>Mario Pani<\/strong> se destac\u00f3 por importar las <strong>tendencias arquitect\u00f3nicas<\/strong> m\u00e1s novedosas de la primera mitad del siglo XX, con las que dio forma a una buena parte del entorno urbano de la CDMX.<\/p>\n<p>Su legado comprende <strong>136 proyectos<\/strong> de todas las tipolog\u00edas: viviendas, escuelas, edificios p\u00fablicos, hospitales, hoteles y oficinas; adem\u00e1s de edificios comerciales y aeropuertos.<\/p>\n<p>Dentro de sus obras destaca el Hotel Reforma; el Hospital General de Saltillo; Conservatorio Nacional de M\u00fasica; el Hotel Plaza; la Escuela Normal de Maestros; la Secretar\u00eda de Recursos Hidr\u00e1ulicos; la Torre de Rector\u00eda de Ciudad Universitaria de la UNAM; el Plan Maestro de Ciudad Universitaria; el Aeropuerto de Acapulco; el Conjunto Urbano Nonoalco Tlatelolco; as\u00ed como la Torre Insignia que, con una altura de 127 metros y 25 pisos, se erigi\u00f3 como el segundo edificio m\u00e1s alto de M\u00e9xico, s\u00f3lo superado por la Torre Latinoamericana; por mencionar solo algunas.<\/p>\n<p>No obstante, <strong>Pani<\/strong> tambi\u00e9n contribuy\u00f3 a dar soluci\u00f3n a los <strong>problemas de urbanismo y planificaci\u00f3n <\/strong>de las principales ciudades del pa\u00eds, desarrollando y participando en los planes urban\u00edsticos m\u00e1s ambiciosos del siglo XX, como Ciudad Sat\u00e9lite (en conjunto con Domingo Garc\u00eda Ramos y Jos\u00e9 Luis Cuevas), Tlatelolco, los multifamiliares Ju\u00e1rez y Miguel Alem\u00e1n, y el Condominio en la Av. Paseo de la Reforma, todos en la CDMX; as\u00ed como la planificaci\u00f3n de la zona industrial de Guadalajara, Jalisco, la regional de Acapulco, Guerrero, y la regi\u00f3n henequenera de Yucat\u00e1n.<\/p>\n<a href=\"https:\/\/centrourbano.com\/revista\/wp-content\/uploads\/127322453.jpg\" target=\"_blank\" rel=\"noopener\"><img loading=\"lazy\" decoding=\"async\" class=\"aligncenter wp-image-154467 \" src=\"https:\/\/centrourbano.com\/revista\/wp-content\/uploads\/127322453.jpg\" alt=\"\" width=\"699\" height=\"466\" srcset=\"https:\/\/centrourbano.com\/revista\/wp-content\/uploads\/127322453.jpg 1200w, https:\/\/centrourbano.com\/revista\/wp-content\/uploads\/127322453-300x200.jpg 300w, https:\/\/centrourbano.com\/revista\/wp-content\/uploads\/127322453-1000x667.jpg 1000w, https:\/\/centrourbano.com\/revista\/wp-content\/uploads\/127322453-768x512.jpg 768w\" sizes=\"auto, (max-width: 699px) 100vw, 699px\" \/><\/a>\n","protected":false},"excerpt":{"rendered":"<p>El legado de Pani comprende proyectos de todas las tipolog\u00edas, como viviendas, escuelas, edificios p\u00fablicos, hospitales, hoteles, oficinas, entre otros<\/p>\n","protected":false},"author":73,"featured_media":154464,"comment_status":"open","ping_status":"closed","sticky":false,"template":"","format":"standard","meta":{"om_disable_all_campaigns":false,"inline_featured_image":false,"_monsterinsights_skip_tracking":false,"_monsterinsights_sitenote_active":false,"_monsterinsights_sitenote_note":"","_monsterinsights_sitenote_category":0,"footnotes":""},"categories":[81],"tags":[4943,20,24981,6156],"class_list":["post-154463","post","type-post","status-publish","format-standard","has-post-thumbnail","hentry","category-arquitectura-2","tag-aniversario","tag-arquitectura","tag-mario-oani","tag-urbanismo"],"yoast_head":"<!-- This site is optimized with the Yoast SEO plugin v27.5 - https:\/\/yoast.com\/product\/yoast-seo-wordpress\/ -->\n<title>Se cumplen 114 a\u00f1os del nacimiento de Mario Pani<\/title>\n<meta name=\"description\" content=\"El legado de Pani comprende proyectos de todas las tipolog\u00edas, como viviendas, escuelas, edificios p\u00fablicos, hoteles, oficinas, entre otros\" \/>\n<meta name=\"robots\" content=\"index, follow, max-snippet:-1, max-image-preview:large, max-video-preview:-1\" \/>\n<link rel=\"canonical\" href=\"https:\/\/centrourbano.com\/revista\/arquitectura-2\/114-anos-mario-pani\/\" \/>\n<meta property=\"og:locale\" content=\"es_ES\" \/>\n<meta property=\"og:type\" content=\"article\" \/>\n<meta property=\"og:title\" content=\"Se cumplen 114 a\u00f1os del nacimiento de Mario Pani\" \/>\n<meta property=\"og:description\" content=\"El legado de Pani comprende proyectos de todas las tipolog\u00edas, como viviendas, escuelas, edificios p\u00fablicos, hoteles, oficinas, entre otros\" \/>\n<meta property=\"og:url\" content=\"https:\/\/centrourbano.com\/revista\/arquitectura-2\/114-anos-mario-pani\/\" \/>\n<meta property=\"og:site_name\" content=\"Centro Urbano\" \/>\n<meta property=\"article:publisher\" content=\"https:\/\/www.facebook.com\/portalcentrourbano\" \/>\n<meta property=\"article:published_time\" content=\"2025-04-01T23:39:27+00:00\" \/>\n<meta property=\"og:image\" content=\"https:\/\/centrourbano.com\/revista\/wp-content\/uploads\/Se-cumplen-114-an\u0303os-del-nacimiento-de-Mario-Pani.jpg\" \/>\n\t<meta property=\"og:image:width\" content=\"1000\" \/>\n\t<meta property=\"og:image:height\" content=\"819\" \/>\n\t<meta property=\"og:image:type\" content=\"image\/jpeg\" \/>\n<meta name=\"author\" content=\"Fernanda Hern\u00e1ndez\" \/>\n<meta name=\"twitter:card\" content=\"summary_large_image\" \/>\n<meta name=\"twitter:creator\" content=\"@https:\/\/twitter.com\/Nannz_Hernandez\" \/>\n<meta name=\"twitter:site\" content=\"@CentroUrbano\" \/>\n<meta name=\"twitter:label1\" content=\"Escrito por\" \/>\n\t<meta name=\"twitter:data1\" content=\"Fernanda Hern\u00e1ndez\" \/>\n\t<meta name=\"twitter:label2\" content=\"Tiempo de lectura\" \/>\n\t<meta name=\"twitter:data2\" content=\"3 minutos\" \/>\n<script type=\"application\/ld+json\" class=\"yoast-schema-graph\">{\"@context\":\"https:\\\/\\\/schema.org\",\"@graph\":[{\"@type\":\"Article\",\"@id\":\"https:\\\/\\\/centrourbano.com\\\/revista\\\/arquitectura-2\\\/114-anos-mario-pani\\\/#article\",\"isPartOf\":{\"@id\":\"https:\\\/\\\/centrourbano.com\\\/revista\\\/arquitectura-2\\\/114-anos-mario-pani\\\/\"},\"author\":{\"name\":\"Fernanda Hern\u00e1ndez\",\"@id\":\"https:\\\/\\\/centrourbano.com\\\/revista\\\/#\\\/schema\\\/person\\\/bc284507d99af21c6df75a3f1924b95c\"},\"headline\":\"Se cumplen 114 a\u00f1os del nacimiento de Mario Pani\",\"datePublished\":\"2025-04-01T23:39:27+00:00\",\"mainEntityOfPage\":{\"@id\":\"https:\\\/\\\/centrourbano.com\\\/revista\\\/arquitectura-2\\\/114-anos-mario-pani\\\/\"},\"wordCount\":516,\"commentCount\":0,\"publisher\":{\"@id\":\"https:\\\/\\\/centrourbano.com\\\/revista\\\/#organization\"},\"image\":{\"@id\":\"https:\\\/\\\/centrourbano.com\\\/revista\\\/arquitectura-2\\\/114-anos-mario-pani\\\/#primaryimage\"},\"thumbnailUrl\":\"https:\\\/\\\/centrourbano.com\\\/revista\\\/wp-content\\\/uploads\\\/Se-cumplen-114-an\u0303os-del-nacimiento-de-Mario-Pani.jpg\",\"keywords\":[\"Aniversario\",\"arquitectura\",\"Mario Oani\",\"Urbanismo\"],\"articleSection\":[\"Arquitectura\"],\"inLanguage\":\"es\",\"potentialAction\":[{\"@type\":\"CommentAction\",\"name\":\"Comment\",\"target\":[\"https:\\\/\\\/centrourbano.com\\\/revista\\\/arquitectura-2\\\/114-anos-mario-pani\\\/#respond\"]}]},{\"@type\":\"WebPage\",\"@id\":\"https:\\\/\\\/centrourbano.com\\\/revista\\\/arquitectura-2\\\/114-anos-mario-pani\\\/\",\"url\":\"https:\\\/\\\/centrourbano.com\\\/revista\\\/arquitectura-2\\\/114-anos-mario-pani\\\/\",\"name\":\"Se cumplen 114 a\u00f1os del nacimiento de Mario Pani\",\"isPartOf\":{\"@id\":\"https:\\\/\\\/centrourbano.com\\\/revista\\\/#website\"},\"primaryImageOfPage\":{\"@id\":\"https:\\\/\\\/centrourbano.com\\\/revista\\\/arquitectura-2\\\/114-anos-mario-pani\\\/#primaryimage\"},\"image\":{\"@id\":\"https:\\\/\\\/centrourbano.com\\\/revista\\\/arquitectura-2\\\/114-anos-mario-pani\\\/#primaryimage\"},\"thumbnailUrl\":\"https:\\\/\\\/centrourbano.com\\\/revista\\\/wp-content\\\/uploads\\\/Se-cumplen-114-an\u0303os-del-nacimiento-de-Mario-Pani.jpg\",\"datePublished\":\"2025-04-01T23:39:27+00:00\",\"description\":\"El legado de Pani comprende proyectos de todas las tipolog\u00edas, como viviendas, escuelas, edificios p\u00fablicos, hoteles, oficinas, entre otros\",\"breadcrumb\":{\"@id\":\"https:\\\/\\\/centrourbano.com\\\/revista\\\/arquitectura-2\\\/114-anos-mario-pani\\\/#breadcrumb\"},\"inLanguage\":\"es\",\"potentialAction\":[{\"@type\":\"ReadAction\",\"target\":[\"https:\\\/\\\/centrourbano.com\\\/revista\\\/arquitectura-2\\\/114-anos-mario-pani\\\/\"]}]},{\"@type\":\"ImageObject\",\"inLanguage\":\"es\",\"@id\":\"https:\\\/\\\/centrourbano.com\\\/revista\\\/arquitectura-2\\\/114-anos-mario-pani\\\/#primaryimage\",\"url\":\"https:\\\/\\\/centrourbano.com\\\/revista\\\/wp-content\\\/uploads\\\/Se-cumplen-114-an\u0303os-del-nacimiento-de-Mario-Pani.jpg\",\"contentUrl\":\"https:\\\/\\\/centrourbano.com\\\/revista\\\/wp-content\\\/uploads\\\/Se-cumplen-114-an\u0303os-del-nacimiento-de-Mario-Pani.jpg\",\"width\":1000,\"height\":819,\"caption\":\"El legado de Pani comprende proyectos de todas las tipolog\u00edas, como viviendas, escuelas, edificios p\u00fablicos, hospitales, hoteles, oficinas, entre otros\"},{\"@type\":\"BreadcrumbList\",\"@id\":\"https:\\\/\\\/centrourbano.com\\\/revista\\\/arquitectura-2\\\/114-anos-mario-pani\\\/#breadcrumb\",\"itemListElement\":[{\"@type\":\"ListItem\",\"position\":1,\"name\":\"Portada\",\"item\":\"https:\\\/\\\/centrourbano.com\\\/revista\\\/\"},{\"@type\":\"ListItem\",\"position\":2,\"name\":\"Se cumplen 114 a\u00f1os del nacimiento de Mario Pani\"}]},{\"@type\":\"WebSite\",\"@id\":\"https:\\\/\\\/centrourbano.com\\\/revista\\\/#website\",\"url\":\"https:\\\/\\\/centrourbano.com\\\/revista\\\/\",\"name\":\"Centro Urbano\",\"description\":\"Medio especializado en los sectores vivienda, inmobiliario, construcci\u00f3n, arquitectura y urbanismo.\",\"publisher\":{\"@id\":\"https:\\\/\\\/centrourbano.com\\\/revista\\\/#organization\"},\"potentialAction\":[{\"@type\":\"SearchAction\",\"target\":{\"@type\":\"EntryPoint\",\"urlTemplate\":\"https:\\\/\\\/centrourbano.com\\\/revista\\\/?s={search_term_string}\"},\"query-input\":{\"@type\":\"PropertyValueSpecification\",\"valueRequired\":true,\"valueName\":\"search_term_string\"}}],\"inLanguage\":\"es\"},{\"@type\":\"Organization\",\"@id\":\"https:\\\/\\\/centrourbano.com\\\/revista\\\/#organization\",\"name\":\"Centro Urbano\",\"url\":\"https:\\\/\\\/centrourbano.com\\\/revista\\\/\",\"logo\":{\"@type\":\"ImageObject\",\"inLanguage\":\"es\",\"@id\":\"https:\\\/\\\/centrourbano.com\\\/revista\\\/#\\\/schema\\\/logo\\\/image\\\/\",\"url\":\"https:\\\/\\\/centrourbano.com\\\/revista\\\/wp-content\\\/uploads\\\/web_CU_logo-1.png\",\"contentUrl\":\"https:\\\/\\\/centrourbano.com\\\/revista\\\/wp-content\\\/uploads\\\/web_CU_logo-1.png\",\"width\":350,\"height\":91,\"caption\":\"Centro Urbano\"},\"image\":{\"@id\":\"https:\\\/\\\/centrourbano.com\\\/revista\\\/#\\\/schema\\\/logo\\\/image\\\/\"},\"sameAs\":[\"https:\\\/\\\/www.facebook.com\\\/portalcentrourbano\",\"https:\\\/\\\/x.com\\\/CentroUrbano\",\"https:\\\/\\\/www.instagram.com\\\/centro_urbano\\\/\",\"https:\\\/\\\/www.linkedin.com\\\/company\\\/centro-urbano\\\/\",\"http:\\\/\\\/www.youtube.com\\\/user\\\/portalcentrourbano\"]},{\"@type\":\"Person\",\"@id\":\"https:\\\/\\\/centrourbano.com\\\/revista\\\/#\\\/schema\\\/person\\\/bc284507d99af21c6df75a3f1924b95c\",\"name\":\"Fernanda Hern\u00e1ndez\",\"image\":{\"@type\":\"ImageObject\",\"inLanguage\":\"es\",\"@id\":\"https:\\\/\\\/secure.gravatar.com\\\/avatar\\\/9471831fb0a24eae9d32d826a7cb8ef07c34a41520aca1a0ab1f5c0903ba49b9?s=96&d=mm&r=g\",\"url\":\"https:\\\/\\\/secure.gravatar.com\\\/avatar\\\/9471831fb0a24eae9d32d826a7cb8ef07c34a41520aca1a0ab1f5c0903ba49b9?s=96&d=mm&r=g\",\"contentUrl\":\"https:\\\/\\\/secure.gravatar.com\\\/avatar\\\/9471831fb0a24eae9d32d826a7cb8ef07c34a41520aca1a0ab1f5c0903ba49b9?s=96&d=mm&r=g\",\"caption\":\"Fernanda Hern\u00e1ndez\"},\"description\":\"Reportera y redactora en Centro Urbano. Soy egresada de la licenciatura en Ciencias de la Comunicaci\u00f3n de la Facultad de Ciencias Pol\u00edticas y Sociales (UNAM). Me interesa la cultura, el urbanismo y la arquitectura. Amante del mundo digital, el cine, la m\u00fasica, la lectura y la escritura.\",\"sameAs\":[\"https:\\\/\\\/x.com\\\/https:\\\/\\\/twitter.com\\\/Nannz_Hernandez\"],\"url\":\"https:\\\/\\\/centrourbano.com\\\/revista\\\/author\\\/fernanda-hernandez\\\/\"}]}<\/script>\n<!-- \/ Yoast SEO plugin. -->","yoast_head_json":{"title":"Se cumplen 114 a\u00f1os del nacimiento de Mario Pani","description":"El legado de Pani comprende proyectos de todas las tipolog\u00edas, como viviendas, escuelas, edificios p\u00fablicos, hoteles, oficinas, entre otros","robots":{"index":"index","follow":"follow","max-snippet":"max-snippet:-1","max-image-preview":"max-image-preview:large","max-video-preview":"max-video-preview:-1"},"canonical":"https:\/\/centrourbano.com\/revista\/arquitectura-2\/114-anos-mario-pani\/","og_locale":"es_ES","og_type":"article","og_title":"Se cumplen 114 a\u00f1os del nacimiento de Mario Pani","og_description":"El legado de Pani comprende proyectos de todas las tipolog\u00edas, como viviendas, escuelas, edificios p\u00fablicos, hoteles, oficinas, entre otros","og_url":"https:\/\/centrourbano.com\/revista\/arquitectura-2\/114-anos-mario-pani\/","og_site_name":"Centro Urbano","article_publisher":"https:\/\/www.facebook.com\/portalcentrourbano","article_published_time":"2025-04-01T23:39:27+00:00","og_image":[{"width":1000,"height":819,"url":"https:\/\/centrourbano.com\/revista\/wp-content\/uploads\/Se-cumplen-114-an\u0303os-del-nacimiento-de-Mario-Pani.jpg","type":"image\/jpeg"}],"author":"Fernanda Hern\u00e1ndez","twitter_card":"summary_large_image","twitter_creator":"@https:\/\/twitter.com\/Nannz_Hernandez","twitter_site":"@CentroUrbano","twitter_misc":{"Escrito por":"Fernanda Hern\u00e1ndez","Tiempo de lectura":"3 minutos"},"schema":{"@context":"https:\/\/schema.org","@graph":[{"@type":"Article","@id":"https:\/\/centrourbano.com\/revista\/arquitectura-2\/114-anos-mario-pani\/#article","isPartOf":{"@id":"https:\/\/centrourbano.com\/revista\/arquitectura-2\/114-anos-mario-pani\/"},"author":{"name":"Fernanda Hern\u00e1ndez","@id":"https:\/\/centrourbano.com\/revista\/#\/schema\/person\/bc284507d99af21c6df75a3f1924b95c"},"headline":"Se cumplen 114 a\u00f1os del nacimiento de Mario Pani","datePublished":"2025-04-01T23:39:27+00:00","mainEntityOfPage":{"@id":"https:\/\/centrourbano.com\/revista\/arquitectura-2\/114-anos-mario-pani\/"},"wordCount":516,"commentCount":0,"publisher":{"@id":"https:\/\/centrourbano.com\/revista\/#organization"},"image":{"@id":"https:\/\/centrourbano.com\/revista\/arquitectura-2\/114-anos-mario-pani\/#primaryimage"},"thumbnailUrl":"https:\/\/centrourbano.com\/revista\/wp-content\/uploads\/Se-cumplen-114-an\u0303os-del-nacimiento-de-Mario-Pani.jpg","keywords":["Aniversario","arquitectura","Mario Oani","Urbanismo"],"articleSection":["Arquitectura"],"inLanguage":"es","potentialAction":[{"@type":"CommentAction","name":"Comment","target":["https:\/\/centrourbano.com\/revista\/arquitectura-2\/114-anos-mario-pani\/#respond"]}]},{"@type":"WebPage","@id":"https:\/\/centrourbano.com\/revista\/arquitectura-2\/114-anos-mario-pani\/","url":"https:\/\/centrourbano.com\/revista\/arquitectura-2\/114-anos-mario-pani\/","name":"Se cumplen 114 a\u00f1os del nacimiento de Mario Pani","isPartOf":{"@id":"https:\/\/centrourbano.com\/revista\/#website"},"primaryImageOfPage":{"@id":"https:\/\/centrourbano.com\/revista\/arquitectura-2\/114-anos-mario-pani\/#primaryimage"},"image":{"@id":"https:\/\/centrourbano.com\/revista\/arquitectura-2\/114-anos-mario-pani\/#primaryimage"},"thumbnailUrl":"https:\/\/centrourbano.com\/revista\/wp-content\/uploads\/Se-cumplen-114-an\u0303os-del-nacimiento-de-Mario-Pani.jpg","datePublished":"2025-04-01T23:39:27+00:00","description":"El legado de Pani comprende proyectos de todas las tipolog\u00edas, como viviendas, escuelas, edificios p\u00fablicos, hoteles, oficinas, entre otros","breadcrumb":{"@id":"https:\/\/centrourbano.com\/revista\/arquitectura-2\/114-anos-mario-pani\/#breadcrumb"},"inLanguage":"es","potentialAction":[{"@type":"ReadAction","target":["https:\/\/centrourbano.com\/revista\/arquitectura-2\/114-anos-mario-pani\/"]}]},{"@type":"ImageObject","inLanguage":"es","@id":"https:\/\/centrourbano.com\/revista\/arquitectura-2\/114-anos-mario-pani\/#primaryimage","url":"https:\/\/centrourbano.com\/revista\/wp-content\/uploads\/Se-cumplen-114-an\u0303os-del-nacimiento-de-Mario-Pani.jpg","contentUrl":"https:\/\/centrourbano.com\/revista\/wp-content\/uploads\/Se-cumplen-114-an\u0303os-del-nacimiento-de-Mario-Pani.jpg","width":1000,"height":819,"caption":"El legado de Pani comprende proyectos de todas las tipolog\u00edas, como viviendas, escuelas, edificios p\u00fablicos, hospitales, hoteles, oficinas, entre otros"},{"@type":"BreadcrumbList","@id":"https:\/\/centrourbano.com\/revista\/arquitectura-2\/114-anos-mario-pani\/#breadcrumb","itemListElement":[{"@type":"ListItem","position":1,"name":"Portada","item":"https:\/\/centrourbano.com\/revista\/"},{"@type":"ListItem","position":2,"name":"Se cumplen 114 a\u00f1os del nacimiento de Mario Pani"}]},{"@type":"WebSite","@id":"https:\/\/centrourbano.com\/revista\/#website","url":"https:\/\/centrourbano.com\/revista\/","name":"Centro Urbano","description":"Medio especializado en los sectores vivienda, inmobiliario, construcci\u00f3n, arquitectura y urbanismo.","publisher":{"@id":"https:\/\/centrourbano.com\/revista\/#organization"},"potentialAction":[{"@type":"SearchAction","target":{"@type":"EntryPoint","urlTemplate":"https:\/\/centrourbano.com\/revista\/?s={search_term_string}"},"query-input":{"@type":"PropertyValueSpecification","valueRequired":true,"valueName":"search_term_string"}}],"inLanguage":"es"},{"@type":"Organization","@id":"https:\/\/centrourbano.com\/revista\/#organization","name":"Centro Urbano","url":"https:\/\/centrourbano.com\/revista\/","logo":{"@type":"ImageObject","inLanguage":"es","@id":"https:\/\/centrourbano.com\/revista\/#\/schema\/logo\/image\/","url":"https:\/\/centrourbano.com\/revista\/wp-content\/uploads\/web_CU_logo-1.png","contentUrl":"https:\/\/centrourbano.com\/revista\/wp-content\/uploads\/web_CU_logo-1.png","width":350,"height":91,"caption":"Centro Urbano"},"image":{"@id":"https:\/\/centrourbano.com\/revista\/#\/schema\/logo\/image\/"},"sameAs":["https:\/\/www.facebook.com\/portalcentrourbano","https:\/\/x.com\/CentroUrbano","https:\/\/www.instagram.com\/centro_urbano\/","https:\/\/www.linkedin.com\/company\/centro-urbano\/","http:\/\/www.youtube.com\/user\/portalcentrourbano"]},{"@type":"Person","@id":"https:\/\/centrourbano.com\/revista\/#\/schema\/person\/bc284507d99af21c6df75a3f1924b95c","name":"Fernanda Hern\u00e1ndez","image":{"@type":"ImageObject","inLanguage":"es","@id":"https:\/\/secure.gravatar.com\/avatar\/9471831fb0a24eae9d32d826a7cb8ef07c34a41520aca1a0ab1f5c0903ba49b9?s=96&d=mm&r=g","url":"https:\/\/secure.gravatar.com\/avatar\/9471831fb0a24eae9d32d826a7cb8ef07c34a41520aca1a0ab1f5c0903ba49b9?s=96&d=mm&r=g","contentUrl":"https:\/\/secure.gravatar.com\/avatar\/9471831fb0a24eae9d32d826a7cb8ef07c34a41520aca1a0ab1f5c0903ba49b9?s=96&d=mm&r=g","caption":"Fernanda Hern\u00e1ndez"},"description":"Reportera y redactora en Centro Urbano. Soy egresada de la licenciatura en Ciencias de la Comunicaci\u00f3n de la Facultad de Ciencias Pol\u00edticas y Sociales (UNAM). Me interesa la cultura, el urbanismo y la arquitectura. Amante del mundo digital, el cine, la m\u00fasica, la lectura y la escritura.","sameAs":["https:\/\/x.com\/https:\/\/twitter.com\/Nannz_Hernandez"],"url":"https:\/\/centrourbano.com\/revista\/author\/fernanda-hernandez\/"}]}},"_links":{"self":[{"href":"https:\/\/centrourbano.com\/revista\/wp-json\/wp\/v2\/posts\/154463","targetHints":{"allow":["GET"]}}],"collection":[{"href":"https:\/\/centrourbano.com\/revista\/wp-json\/wp\/v2\/posts"}],"about":[{"href":"https:\/\/centrourbano.com\/revista\/wp-json\/wp\/v2\/types\/post"}],"author":[{"embeddable":true,"href":"https:\/\/centrourbano.com\/revista\/wp-json\/wp\/v2\/users\/73"}],"replies":[{"embeddable":true,"href":"https:\/\/centrourbano.com\/revista\/wp-json\/wp\/v2\/comments?post=154463"}],"version-history":[{"count":1,"href":"https:\/\/centrourbano.com\/revista\/wp-json\/wp\/v2\/posts\/154463\/revisions"}],"predecessor-version":[{"id":154468,"href":"https:\/\/centrourbano.com\/revista\/wp-json\/wp\/v2\/posts\/154463\/revisions\/154468"}],"wp:featuredmedia":[{"embeddable":true,"href":"https:\/\/centrourbano.com\/revista\/wp-json\/wp\/v2\/media\/154464"}],"wp:attachment":[{"href":"https:\/\/centrourbano.com\/revista\/wp-json\/wp\/v2\/media?parent=154463"}],"wp:term":[{"taxonomy":"category","embeddable":true,"href":"https:\/\/centrourbano.com\/revista\/wp-json\/wp\/v2\/categories?post=154463"},{"taxonomy":"post_tag","embeddable":true,"href":"https:\/\/centrourbano.com\/revista\/wp-json\/wp\/v2\/tags?post=154463"}],"curies":[{"name":"wp","href":"https:\/\/api.w.org\/{rel}","templated":true}]}}