{"id":154375,"date":"2025-03-27T19:16:40","date_gmt":"2025-03-28T01:16:40","guid":{"rendered":"https:\/\/centrourbano.com\/revista\/?p=154375"},"modified":"2025-03-27T19:16:40","modified_gmt":"2025-03-28T01:16:40","slug":"sgirpc-resiliencia-sismica-cdmx","status":"publish","type":"post","link":"https:\/\/centrourbano.com\/revista\/urbanismo\/sgirpc-resiliencia-sismica-cdmx\/","title":{"rendered":"Lanza SGIRPC iniciativa para fortalecer la resiliencia s\u00edsmica de CDMX"},"content":{"rendered":"<p><em>\u201cBuscamos soluciones innovadoras para que, a futuro, podamos proteger el bienestar de las personas y el desarrollo de la ciudad\u201d, dijo la titular de SGIRPC<\/em><!--more--><\/p>\n<p>El <strong>Gobierno de la Ciudad de M\u00e9xico<\/strong>, a trav\u00e9s de la <strong>Secretar\u00eda de Gesti\u00f3n Integral de Riesgos y Protecci\u00f3n Civil<\/strong> (<strong>SGIRPC<\/strong>), lanz\u00f3 el <strong>#GlobalRiskandResilienceFellowship<\/strong>, una iniciativa promovida por <strong>Howden<\/strong> y la <strong>Red Global de Ciudades Resilientes<\/strong> (<strong>R-Cities<\/strong>) que tiene el objetivo de que la resiliencia urbana no sea un eslogan, sino la capacidad de absorber un impacto, avanzar y construir con planificaci\u00f3n, recursos y trabajo colectivo.<\/p>\n<p>De esta manera, durante nueve meses, un especialista internacional trabajar\u00e1 de manera coordinada con la <strong>Direcci\u00f3n General de Resiliencia de la SGIRPC<\/strong> para identificar, de forma exploratoria, mecanismos financieros que permitan enfrentar los efectos de los <a href=\"https:\/\/centrourbano.com\/revista\/urbanismo\/sedatu-nom-sismos-huracanes\/\" target=\"_blank\" rel=\"noopener\"><strong>sismos<\/strong><\/a> en zonas urbanas vulnerables.<\/p>\n<p>Lo anterior con el prop\u00f3sito de generar <strong>conocimiento<\/strong>, construir <strong>capacidades t\u00e9cnicas<\/strong> y proponer <strong>rutas viables<\/strong> que fortalezcan la preparaci\u00f3n y recuperaci\u00f3n ante futuros eventos s\u00edsmicos en la metr\u00f3poli.<\/p>\n<p>\u201cLa importancia de este proyecto va m\u00e1s all\u00e1 de un tema t\u00e9cnico o financiero; en el fondo, estamos buscando soluciones innovadoras para que a futuro podamos proteger el bienestar de las personas y el desarrollo de la ciudad.<\/p>\n<p>\u201cLa <strong>Utop\u00eda<\/strong> es que, en un futuro pr\u00f3ximo, cada peso que logremos asegurar antes de un desastre es un peso que puede acelerar la reconstrucci\u00f3n de una vivienda, el restablecimiento de un negocio o la rehabilitaci\u00f3n de una escuela. La <strong>resiliencia urbana<\/strong> no es un eslogan, es la capacidad real de una ciudad para absorber un impacto y seguir avanzando, y esa capacidad se construye con planificaci\u00f3n, con recursos y con trabajo colectivo\u201d, se\u00f1al\u00f3 <strong>Myriam Urz\u00faa Venegas, titular de la SGIRPC<\/strong>.<\/p>\n<p>\u201cCon esta iniciativa, la Ciudad de M\u00e9xico reafirma su compromiso con la innovaci\u00f3n y la <strong>gesti\u00f3n integral del riesgo,<\/strong> apostando por alianzas estrat\u00e9gicas que permitan avanzar hacia soluciones sostenibles, con enfoque social y preventivo\u201d, indic\u00f3 la dependencia capitalina.<\/p>\n","protected":false},"excerpt":{"rendered":"<p>\u201cBuscamos soluciones innovadoras para que, a futuro, podamos proteger el bienestar de las personas y el desarrollo de la ciudad\u201d, dijo la titular de SGIRPC<\/p>\n","protected":false},"author":14,"featured_media":154376,"comment_status":"open","ping_status":"closed","sticky":false,"template":"","format":"standard","meta":{"om_disable_all_campaigns":false,"inline_featured_image":false,"_monsterinsights_skip_tracking":false,"_monsterinsights_sitenote_active":false,"_monsterinsights_sitenote_note":"","_monsterinsights_sitenote_category":0,"footnotes":""},"categories":[82],"tags":[24974,11286,19893,18022,1703],"class_list":["post-154375","post","type-post","status-publish","format-standard","has-post-thumbnail","hentry","category-urbanismo","tag-globalriskandresiliencefellowship","tag-gobierno-cdmx","tag-resiliencia-urbana","tag-sgirpc","tag-sismos"],"yoast_head":"<!-- This site is optimized with the Yoast SEO plugin v27.4 - https:\/\/yoast.com\/product\/yoast-seo-wordpress\/ -->\n<title>Lanza SGIRPC iniciativa para fortalecer la resiliencia s\u00edsmica de CDMX<\/title>\n<meta name=\"description\" content=\"\u201cBuscamos soluciones para que podamos proteger el bienestar de las personas y el desarrollo de la ciudad\u201d, dijo la titular de SGIRPC\" \/>\n<meta name=\"robots\" content=\"index, follow, max-snippet:-1, max-image-preview:large, max-video-preview:-1\" \/>\n<link rel=\"canonical\" href=\"https:\/\/centrourbano.com\/revista\/urbanismo\/sgirpc-resiliencia-sismica-cdmx\/\" \/>\n<meta property=\"og:locale\" content=\"es_ES\" \/>\n<meta property=\"og:type\" content=\"article\" \/>\n<meta property=\"og:title\" content=\"Lanza SGIRPC iniciativa para fortalecer la resiliencia s\u00edsmica de CDMX\" \/>\n<meta property=\"og:description\" content=\"\u201cBuscamos soluciones para que podamos proteger el bienestar de las personas y el desarrollo de la ciudad\u201d, dijo la titular de SGIRPC\" \/>\n<meta property=\"og:url\" content=\"https:\/\/centrourbano.com\/revista\/urbanismo\/sgirpc-resiliencia-sismica-cdmx\/\" \/>\n<meta property=\"og:site_name\" content=\"Centro Urbano\" \/>\n<meta property=\"article:publisher\" content=\"https:\/\/www.facebook.com\/portalcentrourbano\" \/>\n<meta property=\"article:published_time\" content=\"2025-03-28T01:16:40+00:00\" \/>\n<meta property=\"og:image\" content=\"https:\/\/centrourbano.com\/revista\/wp-content\/uploads\/Lanza-SGIRPC-iniciativa-para-fortalecer-la-resiliencia-si\u0301smica-de-CDMX.jpg\" \/>\n\t<meta property=\"og:image:width\" content=\"1400\" \/>\n\t<meta property=\"og:image:height\" content=\"1280\" \/>\n\t<meta property=\"og:image:type\" content=\"image\/jpeg\" \/>\n<meta name=\"author\" content=\"Redacci\u00f3n Centro Urbano\" \/>\n<meta name=\"twitter:card\" content=\"summary_large_image\" \/>\n<meta name=\"twitter:creator\" content=\"@CentroUrbano\" \/>\n<meta name=\"twitter:site\" content=\"@CentroUrbano\" \/>\n<meta name=\"twitter:label1\" content=\"Escrito por\" \/>\n\t<meta name=\"twitter:data1\" content=\"Redacci\u00f3n Centro Urbano\" \/>\n\t<meta name=\"twitter:label2\" content=\"Tiempo de lectura\" \/>\n\t<meta name=\"twitter:data2\" content=\"2 minutos\" \/>\n<script type=\"application\/ld+json\" class=\"yoast-schema-graph\">{\"@context\":\"https:\\\/\\\/schema.org\",\"@graph\":[{\"@type\":\"Article\",\"@id\":\"https:\\\/\\\/centrourbano.com\\\/revista\\\/urbanismo\\\/sgirpc-resiliencia-sismica-cdmx\\\/#article\",\"isPartOf\":{\"@id\":\"https:\\\/\\\/centrourbano.com\\\/revista\\\/urbanismo\\\/sgirpc-resiliencia-sismica-cdmx\\\/\"},\"author\":{\"name\":\"Redacci\u00f3n Centro Urbano\",\"@id\":\"https:\\\/\\\/centrourbano.com\\\/revista\\\/#\\\/schema\\\/person\\\/680e7c50f9d6e917e416c9efdc26f996\"},\"headline\":\"Lanza SGIRPC iniciativa para fortalecer la resiliencia s\u00edsmica de CDMX\",\"datePublished\":\"2025-03-28T01:16:40+00:00\",\"mainEntityOfPage\":{\"@id\":\"https:\\\/\\\/centrourbano.com\\\/revista\\\/urbanismo\\\/sgirpc-resiliencia-sismica-cdmx\\\/\"},\"wordCount\":354,\"commentCount\":0,\"publisher\":{\"@id\":\"https:\\\/\\\/centrourbano.com\\\/revista\\\/#organization\"},\"image\":{\"@id\":\"https:\\\/\\\/centrourbano.com\\\/revista\\\/urbanismo\\\/sgirpc-resiliencia-sismica-cdmx\\\/#primaryimage\"},\"thumbnailUrl\":\"https:\\\/\\\/centrourbano.com\\\/revista\\\/wp-content\\\/uploads\\\/Lanza-SGIRPC-iniciativa-para-fortalecer-la-resiliencia-si\u0301smica-de-CDMX.jpg\",\"keywords\":[\"#GlobalRiskandResilienceFellowship\",\"Gobierno CDMX\",\"resiliencia urbana\",\"SGIRPC\",\"sismos\"],\"articleSection\":[\"Urbanismo\"],\"inLanguage\":\"es\",\"potentialAction\":[{\"@type\":\"CommentAction\",\"name\":\"Comment\",\"target\":[\"https:\\\/\\\/centrourbano.com\\\/revista\\\/urbanismo\\\/sgirpc-resiliencia-sismica-cdmx\\\/#respond\"]}]},{\"@type\":\"WebPage\",\"@id\":\"https:\\\/\\\/centrourbano.com\\\/revista\\\/urbanismo\\\/sgirpc-resiliencia-sismica-cdmx\\\/\",\"url\":\"https:\\\/\\\/centrourbano.com\\\/revista\\\/urbanismo\\\/sgirpc-resiliencia-sismica-cdmx\\\/\",\"name\":\"Lanza SGIRPC iniciativa para fortalecer la resiliencia s\u00edsmica de CDMX\",\"isPartOf\":{\"@id\":\"https:\\\/\\\/centrourbano.com\\\/revista\\\/#website\"},\"primaryImageOfPage\":{\"@id\":\"https:\\\/\\\/centrourbano.com\\\/revista\\\/urbanismo\\\/sgirpc-resiliencia-sismica-cdmx\\\/#primaryimage\"},\"image\":{\"@id\":\"https:\\\/\\\/centrourbano.com\\\/revista\\\/urbanismo\\\/sgirpc-resiliencia-sismica-cdmx\\\/#primaryimage\"},\"thumbnailUrl\":\"https:\\\/\\\/centrourbano.com\\\/revista\\\/wp-content\\\/uploads\\\/Lanza-SGIRPC-iniciativa-para-fortalecer-la-resiliencia-si\u0301smica-de-CDMX.jpg\",\"datePublished\":\"2025-03-28T01:16:40+00:00\",\"description\":\"\u201cBuscamos soluciones para que podamos proteger el bienestar de las personas y el desarrollo de la ciudad\u201d, dijo la titular de SGIRPC\",\"breadcrumb\":{\"@id\":\"https:\\\/\\\/centrourbano.com\\\/revista\\\/urbanismo\\\/sgirpc-resiliencia-sismica-cdmx\\\/#breadcrumb\"},\"inLanguage\":\"es\",\"potentialAction\":[{\"@type\":\"ReadAction\",\"target\":[\"https:\\\/\\\/centrourbano.com\\\/revista\\\/urbanismo\\\/sgirpc-resiliencia-sismica-cdmx\\\/\"]}]},{\"@type\":\"ImageObject\",\"inLanguage\":\"es\",\"@id\":\"https:\\\/\\\/centrourbano.com\\\/revista\\\/urbanismo\\\/sgirpc-resiliencia-sismica-cdmx\\\/#primaryimage\",\"url\":\"https:\\\/\\\/centrourbano.com\\\/revista\\\/wp-content\\\/uploads\\\/Lanza-SGIRPC-iniciativa-para-fortalecer-la-resiliencia-si\u0301smica-de-CDMX.jpg\",\"contentUrl\":\"https:\\\/\\\/centrourbano.com\\\/revista\\\/wp-content\\\/uploads\\\/Lanza-SGIRPC-iniciativa-para-fortalecer-la-resiliencia-si\u0301smica-de-CDMX.jpg\",\"width\":1400,\"height\":1280,\"caption\":\"\u201cBuscamos soluciones innovadoras para que, a futuro, podamos proteger el bienestar de las personas y el desarrollo de la ciudad\u201d, dijo la titular de SGIRPC\"},{\"@type\":\"BreadcrumbList\",\"@id\":\"https:\\\/\\\/centrourbano.com\\\/revista\\\/urbanismo\\\/sgirpc-resiliencia-sismica-cdmx\\\/#breadcrumb\",\"itemListElement\":[{\"@type\":\"ListItem\",\"position\":1,\"name\":\"Portada\",\"item\":\"https:\\\/\\\/centrourbano.com\\\/revista\\\/\"},{\"@type\":\"ListItem\",\"position\":2,\"name\":\"Lanza SGIRPC iniciativa para fortalecer la resiliencia s\u00edsmica de CDMX\"}]},{\"@type\":\"WebSite\",\"@id\":\"https:\\\/\\\/centrourbano.com\\\/revista\\\/#website\",\"url\":\"https:\\\/\\\/centrourbano.com\\\/revista\\\/\",\"name\":\"Centro Urbano\",\"description\":\"Medio especializado en los sectores vivienda, inmobiliario, construcci\u00f3n, arquitectura y urbanismo.\",\"publisher\":{\"@id\":\"https:\\\/\\\/centrourbano.com\\\/revista\\\/#organization\"},\"potentialAction\":[{\"@type\":\"SearchAction\",\"target\":{\"@type\":\"EntryPoint\",\"urlTemplate\":\"https:\\\/\\\/centrourbano.com\\\/revista\\\/?s={search_term_string}\"},\"query-input\":{\"@type\":\"PropertyValueSpecification\",\"valueRequired\":true,\"valueName\":\"search_term_string\"}}],\"inLanguage\":\"es\"},{\"@type\":\"Organization\",\"@id\":\"https:\\\/\\\/centrourbano.com\\\/revista\\\/#organization\",\"name\":\"Centro Urbano\",\"url\":\"https:\\\/\\\/centrourbano.com\\\/revista\\\/\",\"logo\":{\"@type\":\"ImageObject\",\"inLanguage\":\"es\",\"@id\":\"https:\\\/\\\/centrourbano.com\\\/revista\\\/#\\\/schema\\\/logo\\\/image\\\/\",\"url\":\"https:\\\/\\\/centrourbano.com\\\/revista\\\/wp-content\\\/uploads\\\/web_CU_logo-1.png\",\"contentUrl\":\"https:\\\/\\\/centrourbano.com\\\/revista\\\/wp-content\\\/uploads\\\/web_CU_logo-1.png\",\"width\":350,\"height\":91,\"caption\":\"Centro Urbano\"},\"image\":{\"@id\":\"https:\\\/\\\/centrourbano.com\\\/revista\\\/#\\\/schema\\\/logo\\\/image\\\/\"},\"sameAs\":[\"https:\\\/\\\/www.facebook.com\\\/portalcentrourbano\",\"https:\\\/\\\/x.com\\\/CentroUrbano\",\"https:\\\/\\\/www.instagram.com\\\/centro_urbano\\\/\",\"https:\\\/\\\/www.linkedin.com\\\/company\\\/centro-urbano\\\/\",\"http:\\\/\\\/www.youtube.com\\\/user\\\/portalcentrourbano\"]},{\"@type\":\"Person\",\"@id\":\"https:\\\/\\\/centrourbano.com\\\/revista\\\/#\\\/schema\\\/person\\\/680e7c50f9d6e917e416c9efdc26f996\",\"name\":\"Redacci\u00f3n Centro Urbano\",\"image\":{\"@type\":\"ImageObject\",\"inLanguage\":\"es\",\"@id\":\"https:\\\/\\\/secure.gravatar.com\\\/avatar\\\/15a789f894398c0f311f3a7a2ee28032bbc0483098539da66b6a045aa810bf35?s=96&d=mm&r=g\",\"url\":\"https:\\\/\\\/secure.gravatar.com\\\/avatar\\\/15a789f894398c0f311f3a7a2ee28032bbc0483098539da66b6a045aa810bf35?s=96&d=mm&r=g\",\"contentUrl\":\"https:\\\/\\\/secure.gravatar.com\\\/avatar\\\/15a789f894398c0f311f3a7a2ee28032bbc0483098539da66b6a045aa810bf35?s=96&d=mm&r=g\",\"caption\":\"Redacci\u00f3n Centro Urbano\"},\"url\":\"https:\\\/\\\/centrourbano.com\\\/revista\\\/author\\\/editorial\\\/\"}]}<\/script>\n<!-- \/ Yoast SEO plugin. -->","yoast_head_json":{"title":"Lanza SGIRPC iniciativa para fortalecer la resiliencia s\u00edsmica de CDMX","description":"\u201cBuscamos soluciones para que podamos proteger el bienestar de las personas y el desarrollo de la ciudad\u201d, dijo la titular de SGIRPC","robots":{"index":"index","follow":"follow","max-snippet":"max-snippet:-1","max-image-preview":"max-image-preview:large","max-video-preview":"max-video-preview:-1"},"canonical":"https:\/\/centrourbano.com\/revista\/urbanismo\/sgirpc-resiliencia-sismica-cdmx\/","og_locale":"es_ES","og_type":"article","og_title":"Lanza SGIRPC iniciativa para fortalecer la resiliencia s\u00edsmica de CDMX","og_description":"\u201cBuscamos soluciones para que podamos proteger el bienestar de las personas y el desarrollo de la ciudad\u201d, dijo la titular de SGIRPC","og_url":"https:\/\/centrourbano.com\/revista\/urbanismo\/sgirpc-resiliencia-sismica-cdmx\/","og_site_name":"Centro Urbano","article_publisher":"https:\/\/www.facebook.com\/portalcentrourbano","article_published_time":"2025-03-28T01:16:40+00:00","og_image":[{"width":1400,"height":1280,"url":"https:\/\/centrourbano.com\/revista\/wp-content\/uploads\/Lanza-SGIRPC-iniciativa-para-fortalecer-la-resiliencia-si\u0301smica-de-CDMX.jpg","type":"image\/jpeg"}],"author":"Redacci\u00f3n Centro Urbano","twitter_card":"summary_large_image","twitter_creator":"@CentroUrbano","twitter_site":"@CentroUrbano","twitter_misc":{"Escrito por":"Redacci\u00f3n Centro Urbano","Tiempo de lectura":"2 minutos"},"schema":{"@context":"https:\/\/schema.org","@graph":[{"@type":"Article","@id":"https:\/\/centrourbano.com\/revista\/urbanismo\/sgirpc-resiliencia-sismica-cdmx\/#article","isPartOf":{"@id":"https:\/\/centrourbano.com\/revista\/urbanismo\/sgirpc-resiliencia-sismica-cdmx\/"},"author":{"name":"Redacci\u00f3n Centro Urbano","@id":"https:\/\/centrourbano.com\/revista\/#\/schema\/person\/680e7c50f9d6e917e416c9efdc26f996"},"headline":"Lanza SGIRPC iniciativa para fortalecer la resiliencia s\u00edsmica de CDMX","datePublished":"2025-03-28T01:16:40+00:00","mainEntityOfPage":{"@id":"https:\/\/centrourbano.com\/revista\/urbanismo\/sgirpc-resiliencia-sismica-cdmx\/"},"wordCount":354,"commentCount":0,"publisher":{"@id":"https:\/\/centrourbano.com\/revista\/#organization"},"image":{"@id":"https:\/\/centrourbano.com\/revista\/urbanismo\/sgirpc-resiliencia-sismica-cdmx\/#primaryimage"},"thumbnailUrl":"https:\/\/centrourbano.com\/revista\/wp-content\/uploads\/Lanza-SGIRPC-iniciativa-para-fortalecer-la-resiliencia-si\u0301smica-de-CDMX.jpg","keywords":["#GlobalRiskandResilienceFellowship","Gobierno CDMX","resiliencia urbana","SGIRPC","sismos"],"articleSection":["Urbanismo"],"inLanguage":"es","potentialAction":[{"@type":"CommentAction","name":"Comment","target":["https:\/\/centrourbano.com\/revista\/urbanismo\/sgirpc-resiliencia-sismica-cdmx\/#respond"]}]},{"@type":"WebPage","@id":"https:\/\/centrourbano.com\/revista\/urbanismo\/sgirpc-resiliencia-sismica-cdmx\/","url":"https:\/\/centrourbano.com\/revista\/urbanismo\/sgirpc-resiliencia-sismica-cdmx\/","name":"Lanza SGIRPC iniciativa para fortalecer la resiliencia s\u00edsmica de CDMX","isPartOf":{"@id":"https:\/\/centrourbano.com\/revista\/#website"},"primaryImageOfPage":{"@id":"https:\/\/centrourbano.com\/revista\/urbanismo\/sgirpc-resiliencia-sismica-cdmx\/#primaryimage"},"image":{"@id":"https:\/\/centrourbano.com\/revista\/urbanismo\/sgirpc-resiliencia-sismica-cdmx\/#primaryimage"},"thumbnailUrl":"https:\/\/centrourbano.com\/revista\/wp-content\/uploads\/Lanza-SGIRPC-iniciativa-para-fortalecer-la-resiliencia-si\u0301smica-de-CDMX.jpg","datePublished":"2025-03-28T01:16:40+00:00","description":"\u201cBuscamos soluciones para que podamos proteger el bienestar de las personas y el desarrollo de la ciudad\u201d, dijo la titular de SGIRPC","breadcrumb":{"@id":"https:\/\/centrourbano.com\/revista\/urbanismo\/sgirpc-resiliencia-sismica-cdmx\/#breadcrumb"},"inLanguage":"es","potentialAction":[{"@type":"ReadAction","target":["https:\/\/centrourbano.com\/revista\/urbanismo\/sgirpc-resiliencia-sismica-cdmx\/"]}]},{"@type":"ImageObject","inLanguage":"es","@id":"https:\/\/centrourbano.com\/revista\/urbanismo\/sgirpc-resiliencia-sismica-cdmx\/#primaryimage","url":"https:\/\/centrourbano.com\/revista\/wp-content\/uploads\/Lanza-SGIRPC-iniciativa-para-fortalecer-la-resiliencia-si\u0301smica-de-CDMX.jpg","contentUrl":"https:\/\/centrourbano.com\/revista\/wp-content\/uploads\/Lanza-SGIRPC-iniciativa-para-fortalecer-la-resiliencia-si\u0301smica-de-CDMX.jpg","width":1400,"height":1280,"caption":"\u201cBuscamos soluciones innovadoras para que, a futuro, podamos proteger el bienestar de las personas y el desarrollo de la ciudad\u201d, dijo la titular de SGIRPC"},{"@type":"BreadcrumbList","@id":"https:\/\/centrourbano.com\/revista\/urbanismo\/sgirpc-resiliencia-sismica-cdmx\/#breadcrumb","itemListElement":[{"@type":"ListItem","position":1,"name":"Portada","item":"https:\/\/centrourbano.com\/revista\/"},{"@type":"ListItem","position":2,"name":"Lanza SGIRPC iniciativa para fortalecer la resiliencia s\u00edsmica de CDMX"}]},{"@type":"WebSite","@id":"https:\/\/centrourbano.com\/revista\/#website","url":"https:\/\/centrourbano.com\/revista\/","name":"Centro Urbano","description":"Medio especializado en los sectores vivienda, inmobiliario, construcci\u00f3n, arquitectura y urbanismo.","publisher":{"@id":"https:\/\/centrourbano.com\/revista\/#organization"},"potentialAction":[{"@type":"SearchAction","target":{"@type":"EntryPoint","urlTemplate":"https:\/\/centrourbano.com\/revista\/?s={search_term_string}"},"query-input":{"@type":"PropertyValueSpecification","valueRequired":true,"valueName":"search_term_string"}}],"inLanguage":"es"},{"@type":"Organization","@id":"https:\/\/centrourbano.com\/revista\/#organization","name":"Centro Urbano","url":"https:\/\/centrourbano.com\/revista\/","logo":{"@type":"ImageObject","inLanguage":"es","@id":"https:\/\/centrourbano.com\/revista\/#\/schema\/logo\/image\/","url":"https:\/\/centrourbano.com\/revista\/wp-content\/uploads\/web_CU_logo-1.png","contentUrl":"https:\/\/centrourbano.com\/revista\/wp-content\/uploads\/web_CU_logo-1.png","width":350,"height":91,"caption":"Centro Urbano"},"image":{"@id":"https:\/\/centrourbano.com\/revista\/#\/schema\/logo\/image\/"},"sameAs":["https:\/\/www.facebook.com\/portalcentrourbano","https:\/\/x.com\/CentroUrbano","https:\/\/www.instagram.com\/centro_urbano\/","https:\/\/www.linkedin.com\/company\/centro-urbano\/","http:\/\/www.youtube.com\/user\/portalcentrourbano"]},{"@type":"Person","@id":"https:\/\/centrourbano.com\/revista\/#\/schema\/person\/680e7c50f9d6e917e416c9efdc26f996","name":"Redacci\u00f3n Centro Urbano","image":{"@type":"ImageObject","inLanguage":"es","@id":"https:\/\/secure.gravatar.com\/avatar\/15a789f894398c0f311f3a7a2ee28032bbc0483098539da66b6a045aa810bf35?s=96&d=mm&r=g","url":"https:\/\/secure.gravatar.com\/avatar\/15a789f894398c0f311f3a7a2ee28032bbc0483098539da66b6a045aa810bf35?s=96&d=mm&r=g","contentUrl":"https:\/\/secure.gravatar.com\/avatar\/15a789f894398c0f311f3a7a2ee28032bbc0483098539da66b6a045aa810bf35?s=96&d=mm&r=g","caption":"Redacci\u00f3n Centro Urbano"},"url":"https:\/\/centrourbano.com\/revista\/author\/editorial\/"}]}},"_links":{"self":[{"href":"https:\/\/centrourbano.com\/revista\/wp-json\/wp\/v2\/posts\/154375","targetHints":{"allow":["GET"]}}],"collection":[{"href":"https:\/\/centrourbano.com\/revista\/wp-json\/wp\/v2\/posts"}],"about":[{"href":"https:\/\/centrourbano.com\/revista\/wp-json\/wp\/v2\/types\/post"}],"author":[{"embeddable":true,"href":"https:\/\/centrourbano.com\/revista\/wp-json\/wp\/v2\/users\/14"}],"replies":[{"embeddable":true,"href":"https:\/\/centrourbano.com\/revista\/wp-json\/wp\/v2\/comments?post=154375"}],"version-history":[{"count":1,"href":"https:\/\/centrourbano.com\/revista\/wp-json\/wp\/v2\/posts\/154375\/revisions"}],"predecessor-version":[{"id":154377,"href":"https:\/\/centrourbano.com\/revista\/wp-json\/wp\/v2\/posts\/154375\/revisions\/154377"}],"wp:featuredmedia":[{"embeddable":true,"href":"https:\/\/centrourbano.com\/revista\/wp-json\/wp\/v2\/media\/154376"}],"wp:attachment":[{"href":"https:\/\/centrourbano.com\/revista\/wp-json\/wp\/v2\/media?parent=154375"}],"wp:term":[{"taxonomy":"category","embeddable":true,"href":"https:\/\/centrourbano.com\/revista\/wp-json\/wp\/v2\/categories?post=154375"},{"taxonomy":"post_tag","embeddable":true,"href":"https:\/\/centrourbano.com\/revista\/wp-json\/wp\/v2\/tags?post=154375"}],"curies":[{"name":"wp","href":"https:\/\/api.w.org\/{rel}","templated":true}]}}