{"id":154227,"date":"2025-03-20T16:29:25","date_gmt":"2025-03-20T22:29:25","guid":{"rendered":"https:\/\/centrourbano.com\/revista\/?p=154227"},"modified":"2025-03-20T16:52:04","modified_gmt":"2025-03-20T22:52:04","slug":"retiran-reforma-ley-del-issste","status":"publish","type":"post","link":"https:\/\/centrourbano.com\/revista\/vivienda\/retiran-reforma-ley-del-issste\/","title":{"rendered":"Retiran reforma a la Ley del ISSSTE; cambios en el FOVISSSTE se aplicar\u00e1n mediante decretos"},"content":{"rendered":"<p><em>El Ejecutivo Federal buscar\u00e1 que el Fovissste recupere su capacidad de construcci\u00f3n \u201csin tocar la Ley del Issste\u201d<\/em><!--more--><\/p>\n<p>Claudia Sheinbaum Pardo, presidenta de M\u00e9xico, anunci\u00f3 el <strong>retiro de la propuesta de reforma <\/strong>a la Ley del Instituto de Seguridad y Servicios Sociales de los Trabajadores del Estado (<a href=\"https:\/\/www.gob.mx\/issste\" target=\"_blank\" rel=\"noopener\">Issste<\/a>), presentada al Congreso de la Uni\u00f3n el pasado 7 de febrero de 2025.<\/p>\n<p>La Jefa del Ejecutivo decidi\u00f3 retirar su propuesta luego de reunirse con la Coordinadora Nacional de Trabajadores de la Educaci\u00f3n (CNTE), <strong>debido a la desinformaci\u00f3n<\/strong> generada en torno a la iniciativa<\/p>\n<blockquote><p>\u201cNosotros enviamos una iniciativa de reforma a la Ley del ISSSTE de muchas de las demandas que ten\u00edan los maestros, como lo del Fovissste tambi\u00e9n; sin embargo, hubo confusi\u00f3n en qu\u00e9 es lo que est\u00e1bamos planteando; se pens\u00f3 que quer\u00edamos quitarles a todos los maestros un porcentaje o retirarles un porcentaje para fortalecer al Issste, y en el caso de los maestros, pues no era tal\u201d, se\u00f1al\u00f3.<\/p><\/blockquote>\n<p>Asimismo, como resultado de la reuni\u00f3n con la CNTE y el Gobierno Federal, se establecieron cuatro puntos principales:<\/p>\n<ol>\n<li><strong>Retiro inmediato de la iniciativa <\/strong>de reforma a la Ley del Issste.<\/li>\n<li><strong>Implementaci\u00f3n de un programa para congelar<\/strong> y disminuir, mediante quitas o condonaciones, las <strong>\u2018deudas impagables\u2019 <\/strong>de los acreditados del Fovissste. Adem\u00e1s, se supervisar\u00e1 la recuperaci\u00f3n de las atribuciones del Fondo para la reconstrucci\u00f3n, rehabilitaci\u00f3n y mejora de la vivienda social.<\/li>\n<li><strong>Detener el incremento de la edad m\u00ednima de jubilaci\u00f3n<\/strong> previsto en la ley, para mantenerla en 58 a\u00f1os para trabajadores y 56 a\u00f1os para trabajadoras.<\/li>\n<li>Organizar <strong>foros escuela por escuela<\/strong> para garantizar los derechos laborales de los trabajadores y asegurar la transparencia y\u00a0\u2018cero corrupci\u00f3n\u2019 en el Instituto.<\/li>\n<\/ol>\n<p>Sheinbaum Pardo reiter\u00f3 que su administraci\u00f3n buscar\u00e1 devolver al <a href=\"https:\/\/centrourbano.com\/revista\/vivienda\/fovissste-regresa-construccion\/\" target=\"_blank\" rel=\"noopener\">Fovissste<\/a> sus atribuciones para construir, rehabilitar y mejorar la vivienda social. No obstante, estas acciones se implementar\u00e1n mediante <strong>decretos<\/strong>, <strong>sin necesidad de modificar la Ley del Issste<\/strong>, al igual que los programas de congelamiento y condonaci\u00f3n de deudas.<\/p>\n<blockquote><p>\u201cComo ya cambi\u00f3 la Constituci\u00f3n para que el Infonavit pueda construir vivienda, tambi\u00e9n eso puede llegar al Fovissste. Entonces, que el Fovissste recupere su capacidad de construcci\u00f3n sin tocar la Ley del Issste, sino a partir de un decreto de la presidenta, que ya estamos trabajando en \u00e9l para que se pueda hacer. Entonces, por Decreto hacemos estas dos caracter\u00edsticas: uno, quitar las deudas y dos, la capacidad de construcci\u00f3n del Fovissste\u201d, coment\u00f3.<\/p><\/blockquote>\n","protected":false},"excerpt":{"rendered":"<p>El Ejecutivo Federal buscar\u00e1 que el Fovissste recupere su capacidad de construcci\u00f3n \u201csin tocar la Ley del Issste\u201d<\/p>\n","protected":false},"author":88,"featured_media":154228,"comment_status":"open","ping_status":"closed","sticky":false,"template":"","format":"standard","meta":{"om_disable_all_campaigns":false,"inline_featured_image":false,"_monsterinsights_skip_tracking":false,"_monsterinsights_sitenote_active":false,"_monsterinsights_sitenote_note":"","_monsterinsights_sitenote_category":0,"footnotes":""},"categories":[12],"tags":[155,24920,352,3582,24959],"class_list":["post-154227","post","type-post","status-publish","format-standard","has-post-thumbnail","hentry","category-vivienda","tag-fovissste","tag-fovissste-constructor","tag-issste","tag-ley-del-issste","tag-reforma-al-issste"],"yoast_head":"<!-- This site is optimized with the Yoast SEO plugin v27.5 - https:\/\/yoast.com\/product\/yoast-seo-wordpress\/ -->\n<title>Retiran reforma a la Ley del ISSSTE; cambios en el FOVISSSTE se aplicar\u00e1n mediante decretos<\/title>\n<meta name=\"description\" content=\"El Ejecutivo Federal buscar\u00e1 que el Fovissste recupere su capacidad de construcci\u00f3n \u201csin tocar la Ley del Issste\u201d\" \/>\n<meta name=\"robots\" content=\"index, follow, max-snippet:-1, max-image-preview:large, max-video-preview:-1\" \/>\n<link rel=\"canonical\" href=\"https:\/\/centrourbano.com\/revista\/vivienda\/retiran-reforma-ley-del-issste\/\" \/>\n<meta property=\"og:locale\" content=\"es_ES\" \/>\n<meta property=\"og:type\" content=\"article\" \/>\n<meta property=\"og:title\" content=\"Retiran reforma a la Ley del ISSSTE; cambios en el FOVISSSTE se aplicar\u00e1n mediante decretos\" \/>\n<meta property=\"og:description\" content=\"El Ejecutivo Federal buscar\u00e1 que el Fovissste recupere su capacidad de construcci\u00f3n \u201csin tocar la Ley del Issste\u201d\" \/>\n<meta property=\"og:url\" content=\"https:\/\/centrourbano.com\/revista\/vivienda\/retiran-reforma-ley-del-issste\/\" \/>\n<meta property=\"og:site_name\" content=\"Centro Urbano\" \/>\n<meta property=\"article:publisher\" content=\"https:\/\/www.facebook.com\/portalcentrourbano\" \/>\n<meta property=\"article:published_time\" content=\"2025-03-20T22:29:25+00:00\" \/>\n<meta property=\"article:modified_time\" content=\"2025-03-20T22:52:04+00:00\" \/>\n<meta property=\"og:image\" content=\"https:\/\/centrourbano.com\/revista\/wp-content\/uploads\/Retiran-reforma-a-la-Ley-del-ISSSTE-cambios-en-el-FOVISSSTE-se-aplicaran-mediante-decretos.jpg\" \/>\n\t<meta property=\"og:image:width\" content=\"800\" \/>\n\t<meta property=\"og:image:height\" content=\"800\" \/>\n\t<meta property=\"og:image:type\" content=\"image\/jpeg\" \/>\n<meta name=\"author\" content=\"Rebeca Romero\" \/>\n<meta name=\"twitter:card\" content=\"summary_large_image\" \/>\n<meta name=\"twitter:creator\" content=\"@CentroUrbano\" \/>\n<meta name=\"twitter:site\" content=\"@CentroUrbano\" \/>\n<meta name=\"twitter:label1\" content=\"Escrito por\" \/>\n\t<meta name=\"twitter:data1\" content=\"Rebeca Romero\" \/>\n\t<meta name=\"twitter:label2\" content=\"Tiempo de lectura\" \/>\n\t<meta name=\"twitter:data2\" content=\"2 minutos\" \/>\n<script type=\"application\/ld+json\" class=\"yoast-schema-graph\">{\"@context\":\"https:\\\/\\\/schema.org\",\"@graph\":[{\"@type\":\"Article\",\"@id\":\"https:\\\/\\\/centrourbano.com\\\/revista\\\/vivienda\\\/retiran-reforma-ley-del-issste\\\/#article\",\"isPartOf\":{\"@id\":\"https:\\\/\\\/centrourbano.com\\\/revista\\\/vivienda\\\/retiran-reforma-ley-del-issste\\\/\"},\"author\":{\"name\":\"Rebeca Romero\",\"@id\":\"https:\\\/\\\/centrourbano.com\\\/revista\\\/#\\\/schema\\\/person\\\/585fcd52a02a59422de60d5ae8e0f491\"},\"headline\":\"Retiran reforma a la Ley del ISSSTE; cambios en el FOVISSSTE se aplicar\u00e1n mediante decretos\",\"datePublished\":\"2025-03-20T22:29:25+00:00\",\"dateModified\":\"2025-03-20T22:52:04+00:00\",\"mainEntityOfPage\":{\"@id\":\"https:\\\/\\\/centrourbano.com\\\/revista\\\/vivienda\\\/retiran-reforma-ley-del-issste\\\/\"},\"wordCount\":439,\"commentCount\":0,\"publisher\":{\"@id\":\"https:\\\/\\\/centrourbano.com\\\/revista\\\/#organization\"},\"image\":{\"@id\":\"https:\\\/\\\/centrourbano.com\\\/revista\\\/vivienda\\\/retiran-reforma-ley-del-issste\\\/#primaryimage\"},\"thumbnailUrl\":\"https:\\\/\\\/centrourbano.com\\\/revista\\\/wp-content\\\/uploads\\\/Retiran-reforma-a-la-Ley-del-ISSSTE-cambios-en-el-FOVISSSTE-se-aplicaran-mediante-decretos.jpg\",\"keywords\":[\"Fovissste\",\"Fovissste constructor\",\"ISSSTE\",\"Ley del Issste\",\"reforma al Issste\"],\"articleSection\":[\"Vivienda\"],\"inLanguage\":\"es\",\"potentialAction\":[{\"@type\":\"CommentAction\",\"name\":\"Comment\",\"target\":[\"https:\\\/\\\/centrourbano.com\\\/revista\\\/vivienda\\\/retiran-reforma-ley-del-issste\\\/#respond\"]}]},{\"@type\":\"WebPage\",\"@id\":\"https:\\\/\\\/centrourbano.com\\\/revista\\\/vivienda\\\/retiran-reforma-ley-del-issste\\\/\",\"url\":\"https:\\\/\\\/centrourbano.com\\\/revista\\\/vivienda\\\/retiran-reforma-ley-del-issste\\\/\",\"name\":\"Retiran reforma a la Ley del ISSSTE; cambios en el FOVISSSTE se aplicar\u00e1n mediante decretos\",\"isPartOf\":{\"@id\":\"https:\\\/\\\/centrourbano.com\\\/revista\\\/#website\"},\"primaryImageOfPage\":{\"@id\":\"https:\\\/\\\/centrourbano.com\\\/revista\\\/vivienda\\\/retiran-reforma-ley-del-issste\\\/#primaryimage\"},\"image\":{\"@id\":\"https:\\\/\\\/centrourbano.com\\\/revista\\\/vivienda\\\/retiran-reforma-ley-del-issste\\\/#primaryimage\"},\"thumbnailUrl\":\"https:\\\/\\\/centrourbano.com\\\/revista\\\/wp-content\\\/uploads\\\/Retiran-reforma-a-la-Ley-del-ISSSTE-cambios-en-el-FOVISSSTE-se-aplicaran-mediante-decretos.jpg\",\"datePublished\":\"2025-03-20T22:29:25+00:00\",\"dateModified\":\"2025-03-20T22:52:04+00:00\",\"description\":\"El Ejecutivo Federal buscar\u00e1 que el Fovissste recupere su capacidad de construcci\u00f3n \u201csin tocar la Ley del Issste\u201d\",\"breadcrumb\":{\"@id\":\"https:\\\/\\\/centrourbano.com\\\/revista\\\/vivienda\\\/retiran-reforma-ley-del-issste\\\/#breadcrumb\"},\"inLanguage\":\"es\",\"potentialAction\":[{\"@type\":\"ReadAction\",\"target\":[\"https:\\\/\\\/centrourbano.com\\\/revista\\\/vivienda\\\/retiran-reforma-ley-del-issste\\\/\"]}]},{\"@type\":\"ImageObject\",\"inLanguage\":\"es\",\"@id\":\"https:\\\/\\\/centrourbano.com\\\/revista\\\/vivienda\\\/retiran-reforma-ley-del-issste\\\/#primaryimage\",\"url\":\"https:\\\/\\\/centrourbano.com\\\/revista\\\/wp-content\\\/uploads\\\/Retiran-reforma-a-la-Ley-del-ISSSTE-cambios-en-el-FOVISSSTE-se-aplicaran-mediante-decretos.jpg\",\"contentUrl\":\"https:\\\/\\\/centrourbano.com\\\/revista\\\/wp-content\\\/uploads\\\/Retiran-reforma-a-la-Ley-del-ISSSTE-cambios-en-el-FOVISSSTE-se-aplicaran-mediante-decretos.jpg\",\"width\":800,\"height\":800,\"caption\":\"Retiran reforma a la Ley del ISSSTE; cambios en el FOVISSSTE se aplicar\u00e1n mediante decretos\"},{\"@type\":\"BreadcrumbList\",\"@id\":\"https:\\\/\\\/centrourbano.com\\\/revista\\\/vivienda\\\/retiran-reforma-ley-del-issste\\\/#breadcrumb\",\"itemListElement\":[{\"@type\":\"ListItem\",\"position\":1,\"name\":\"Portada\",\"item\":\"https:\\\/\\\/centrourbano.com\\\/revista\\\/\"},{\"@type\":\"ListItem\",\"position\":2,\"name\":\"Retiran reforma a la Ley del ISSSTE; cambios en el FOVISSSTE se aplicar\u00e1n mediante decretos\"}]},{\"@type\":\"WebSite\",\"@id\":\"https:\\\/\\\/centrourbano.com\\\/revista\\\/#website\",\"url\":\"https:\\\/\\\/centrourbano.com\\\/revista\\\/\",\"name\":\"Centro Urbano\",\"description\":\"Medio especializado en los sectores vivienda, inmobiliario, construcci\u00f3n, arquitectura y urbanismo.\",\"publisher\":{\"@id\":\"https:\\\/\\\/centrourbano.com\\\/revista\\\/#organization\"},\"potentialAction\":[{\"@type\":\"SearchAction\",\"target\":{\"@type\":\"EntryPoint\",\"urlTemplate\":\"https:\\\/\\\/centrourbano.com\\\/revista\\\/?s={search_term_string}\"},\"query-input\":{\"@type\":\"PropertyValueSpecification\",\"valueRequired\":true,\"valueName\":\"search_term_string\"}}],\"inLanguage\":\"es\"},{\"@type\":\"Organization\",\"@id\":\"https:\\\/\\\/centrourbano.com\\\/revista\\\/#organization\",\"name\":\"Centro Urbano\",\"url\":\"https:\\\/\\\/centrourbano.com\\\/revista\\\/\",\"logo\":{\"@type\":\"ImageObject\",\"inLanguage\":\"es\",\"@id\":\"https:\\\/\\\/centrourbano.com\\\/revista\\\/#\\\/schema\\\/logo\\\/image\\\/\",\"url\":\"https:\\\/\\\/centrourbano.com\\\/revista\\\/wp-content\\\/uploads\\\/web_CU_logo-1.png\",\"contentUrl\":\"https:\\\/\\\/centrourbano.com\\\/revista\\\/wp-content\\\/uploads\\\/web_CU_logo-1.png\",\"width\":350,\"height\":91,\"caption\":\"Centro Urbano\"},\"image\":{\"@id\":\"https:\\\/\\\/centrourbano.com\\\/revista\\\/#\\\/schema\\\/logo\\\/image\\\/\"},\"sameAs\":[\"https:\\\/\\\/www.facebook.com\\\/portalcentrourbano\",\"https:\\\/\\\/x.com\\\/CentroUrbano\",\"https:\\\/\\\/www.instagram.com\\\/centro_urbano\\\/\",\"https:\\\/\\\/www.linkedin.com\\\/company\\\/centro-urbano\\\/\",\"http:\\\/\\\/www.youtube.com\\\/user\\\/portalcentrourbano\"]},{\"@type\":\"Person\",\"@id\":\"https:\\\/\\\/centrourbano.com\\\/revista\\\/#\\\/schema\\\/person\\\/585fcd52a02a59422de60d5ae8e0f491\",\"name\":\"Rebeca Romero\",\"image\":{\"@type\":\"ImageObject\",\"inLanguage\":\"es\",\"@id\":\"https:\\\/\\\/secure.gravatar.com\\\/avatar\\\/aee0068ae3cc041082e0e84a8258fe5ccc00a733f187bde73b0b40d86b892826?s=96&d=mm&r=g\",\"url\":\"https:\\\/\\\/secure.gravatar.com\\\/avatar\\\/aee0068ae3cc041082e0e84a8258fe5ccc00a733f187bde73b0b40d86b892826?s=96&d=mm&r=g\",\"contentUrl\":\"https:\\\/\\\/secure.gravatar.com\\\/avatar\\\/aee0068ae3cc041082e0e84a8258fe5ccc00a733f187bde73b0b40d86b892826?s=96&d=mm&r=g\",\"caption\":\"Rebeca Romero\"},\"url\":\"https:\\\/\\\/centrourbano.com\\\/revista\\\/author\\\/rebeca-romero\\\/\"}]}<\/script>\n<!-- \/ Yoast SEO plugin. -->","yoast_head_json":{"title":"Retiran reforma a la Ley del ISSSTE; cambios en el FOVISSSTE se aplicar\u00e1n mediante decretos","description":"El Ejecutivo Federal buscar\u00e1 que el Fovissste recupere su capacidad de construcci\u00f3n \u201csin tocar la Ley del Issste\u201d","robots":{"index":"index","follow":"follow","max-snippet":"max-snippet:-1","max-image-preview":"max-image-preview:large","max-video-preview":"max-video-preview:-1"},"canonical":"https:\/\/centrourbano.com\/revista\/vivienda\/retiran-reforma-ley-del-issste\/","og_locale":"es_ES","og_type":"article","og_title":"Retiran reforma a la Ley del ISSSTE; cambios en el FOVISSSTE se aplicar\u00e1n mediante decretos","og_description":"El Ejecutivo Federal buscar\u00e1 que el Fovissste recupere su capacidad de construcci\u00f3n \u201csin tocar la Ley del Issste\u201d","og_url":"https:\/\/centrourbano.com\/revista\/vivienda\/retiran-reforma-ley-del-issste\/","og_site_name":"Centro Urbano","article_publisher":"https:\/\/www.facebook.com\/portalcentrourbano","article_published_time":"2025-03-20T22:29:25+00:00","article_modified_time":"2025-03-20T22:52:04+00:00","og_image":[{"width":800,"height":800,"url":"https:\/\/centrourbano.com\/revista\/wp-content\/uploads\/Retiran-reforma-a-la-Ley-del-ISSSTE-cambios-en-el-FOVISSSTE-se-aplicaran-mediante-decretos.jpg","type":"image\/jpeg"}],"author":"Rebeca Romero","twitter_card":"summary_large_image","twitter_creator":"@CentroUrbano","twitter_site":"@CentroUrbano","twitter_misc":{"Escrito por":"Rebeca Romero","Tiempo de lectura":"2 minutos"},"schema":{"@context":"https:\/\/schema.org","@graph":[{"@type":"Article","@id":"https:\/\/centrourbano.com\/revista\/vivienda\/retiran-reforma-ley-del-issste\/#article","isPartOf":{"@id":"https:\/\/centrourbano.com\/revista\/vivienda\/retiran-reforma-ley-del-issste\/"},"author":{"name":"Rebeca Romero","@id":"https:\/\/centrourbano.com\/revista\/#\/schema\/person\/585fcd52a02a59422de60d5ae8e0f491"},"headline":"Retiran reforma a la Ley del ISSSTE; cambios en el FOVISSSTE se aplicar\u00e1n mediante decretos","datePublished":"2025-03-20T22:29:25+00:00","dateModified":"2025-03-20T22:52:04+00:00","mainEntityOfPage":{"@id":"https:\/\/centrourbano.com\/revista\/vivienda\/retiran-reforma-ley-del-issste\/"},"wordCount":439,"commentCount":0,"publisher":{"@id":"https:\/\/centrourbano.com\/revista\/#organization"},"image":{"@id":"https:\/\/centrourbano.com\/revista\/vivienda\/retiran-reforma-ley-del-issste\/#primaryimage"},"thumbnailUrl":"https:\/\/centrourbano.com\/revista\/wp-content\/uploads\/Retiran-reforma-a-la-Ley-del-ISSSTE-cambios-en-el-FOVISSSTE-se-aplicaran-mediante-decretos.jpg","keywords":["Fovissste","Fovissste constructor","ISSSTE","Ley del Issste","reforma al Issste"],"articleSection":["Vivienda"],"inLanguage":"es","potentialAction":[{"@type":"CommentAction","name":"Comment","target":["https:\/\/centrourbano.com\/revista\/vivienda\/retiran-reforma-ley-del-issste\/#respond"]}]},{"@type":"WebPage","@id":"https:\/\/centrourbano.com\/revista\/vivienda\/retiran-reforma-ley-del-issste\/","url":"https:\/\/centrourbano.com\/revista\/vivienda\/retiran-reforma-ley-del-issste\/","name":"Retiran reforma a la Ley del ISSSTE; cambios en el FOVISSSTE se aplicar\u00e1n mediante decretos","isPartOf":{"@id":"https:\/\/centrourbano.com\/revista\/#website"},"primaryImageOfPage":{"@id":"https:\/\/centrourbano.com\/revista\/vivienda\/retiran-reforma-ley-del-issste\/#primaryimage"},"image":{"@id":"https:\/\/centrourbano.com\/revista\/vivienda\/retiran-reforma-ley-del-issste\/#primaryimage"},"thumbnailUrl":"https:\/\/centrourbano.com\/revista\/wp-content\/uploads\/Retiran-reforma-a-la-Ley-del-ISSSTE-cambios-en-el-FOVISSSTE-se-aplicaran-mediante-decretos.jpg","datePublished":"2025-03-20T22:29:25+00:00","dateModified":"2025-03-20T22:52:04+00:00","description":"El Ejecutivo Federal buscar\u00e1 que el Fovissste recupere su capacidad de construcci\u00f3n \u201csin tocar la Ley del Issste\u201d","breadcrumb":{"@id":"https:\/\/centrourbano.com\/revista\/vivienda\/retiran-reforma-ley-del-issste\/#breadcrumb"},"inLanguage":"es","potentialAction":[{"@type":"ReadAction","target":["https:\/\/centrourbano.com\/revista\/vivienda\/retiran-reforma-ley-del-issste\/"]}]},{"@type":"ImageObject","inLanguage":"es","@id":"https:\/\/centrourbano.com\/revista\/vivienda\/retiran-reforma-ley-del-issste\/#primaryimage","url":"https:\/\/centrourbano.com\/revista\/wp-content\/uploads\/Retiran-reforma-a-la-Ley-del-ISSSTE-cambios-en-el-FOVISSSTE-se-aplicaran-mediante-decretos.jpg","contentUrl":"https:\/\/centrourbano.com\/revista\/wp-content\/uploads\/Retiran-reforma-a-la-Ley-del-ISSSTE-cambios-en-el-FOVISSSTE-se-aplicaran-mediante-decretos.jpg","width":800,"height":800,"caption":"Retiran reforma a la Ley del ISSSTE; cambios en el FOVISSSTE se aplicar\u00e1n mediante decretos"},{"@type":"BreadcrumbList","@id":"https:\/\/centrourbano.com\/revista\/vivienda\/retiran-reforma-ley-del-issste\/#breadcrumb","itemListElement":[{"@type":"ListItem","position":1,"name":"Portada","item":"https:\/\/centrourbano.com\/revista\/"},{"@type":"ListItem","position":2,"name":"Retiran reforma a la Ley del ISSSTE; cambios en el FOVISSSTE se aplicar\u00e1n mediante decretos"}]},{"@type":"WebSite","@id":"https:\/\/centrourbano.com\/revista\/#website","url":"https:\/\/centrourbano.com\/revista\/","name":"Centro Urbano","description":"Medio especializado en los sectores vivienda, inmobiliario, construcci\u00f3n, arquitectura y urbanismo.","publisher":{"@id":"https:\/\/centrourbano.com\/revista\/#organization"},"potentialAction":[{"@type":"SearchAction","target":{"@type":"EntryPoint","urlTemplate":"https:\/\/centrourbano.com\/revista\/?s={search_term_string}"},"query-input":{"@type":"PropertyValueSpecification","valueRequired":true,"valueName":"search_term_string"}}],"inLanguage":"es"},{"@type":"Organization","@id":"https:\/\/centrourbano.com\/revista\/#organization","name":"Centro Urbano","url":"https:\/\/centrourbano.com\/revista\/","logo":{"@type":"ImageObject","inLanguage":"es","@id":"https:\/\/centrourbano.com\/revista\/#\/schema\/logo\/image\/","url":"https:\/\/centrourbano.com\/revista\/wp-content\/uploads\/web_CU_logo-1.png","contentUrl":"https:\/\/centrourbano.com\/revista\/wp-content\/uploads\/web_CU_logo-1.png","width":350,"height":91,"caption":"Centro Urbano"},"image":{"@id":"https:\/\/centrourbano.com\/revista\/#\/schema\/logo\/image\/"},"sameAs":["https:\/\/www.facebook.com\/portalcentrourbano","https:\/\/x.com\/CentroUrbano","https:\/\/www.instagram.com\/centro_urbano\/","https:\/\/www.linkedin.com\/company\/centro-urbano\/","http:\/\/www.youtube.com\/user\/portalcentrourbano"]},{"@type":"Person","@id":"https:\/\/centrourbano.com\/revista\/#\/schema\/person\/585fcd52a02a59422de60d5ae8e0f491","name":"Rebeca Romero","image":{"@type":"ImageObject","inLanguage":"es","@id":"https:\/\/secure.gravatar.com\/avatar\/aee0068ae3cc041082e0e84a8258fe5ccc00a733f187bde73b0b40d86b892826?s=96&d=mm&r=g","url":"https:\/\/secure.gravatar.com\/avatar\/aee0068ae3cc041082e0e84a8258fe5ccc00a733f187bde73b0b40d86b892826?s=96&d=mm&r=g","contentUrl":"https:\/\/secure.gravatar.com\/avatar\/aee0068ae3cc041082e0e84a8258fe5ccc00a733f187bde73b0b40d86b892826?s=96&d=mm&r=g","caption":"Rebeca Romero"},"url":"https:\/\/centrourbano.com\/revista\/author\/rebeca-romero\/"}]}},"_links":{"self":[{"href":"https:\/\/centrourbano.com\/revista\/wp-json\/wp\/v2\/posts\/154227","targetHints":{"allow":["GET"]}}],"collection":[{"href":"https:\/\/centrourbano.com\/revista\/wp-json\/wp\/v2\/posts"}],"about":[{"href":"https:\/\/centrourbano.com\/revista\/wp-json\/wp\/v2\/types\/post"}],"author":[{"embeddable":true,"href":"https:\/\/centrourbano.com\/revista\/wp-json\/wp\/v2\/users\/88"}],"replies":[{"embeddable":true,"href":"https:\/\/centrourbano.com\/revista\/wp-json\/wp\/v2\/comments?post=154227"}],"version-history":[{"count":1,"href":"https:\/\/centrourbano.com\/revista\/wp-json\/wp\/v2\/posts\/154227\/revisions"}],"predecessor-version":[{"id":154229,"href":"https:\/\/centrourbano.com\/revista\/wp-json\/wp\/v2\/posts\/154227\/revisions\/154229"}],"wp:featuredmedia":[{"embeddable":true,"href":"https:\/\/centrourbano.com\/revista\/wp-json\/wp\/v2\/media\/154228"}],"wp:attachment":[{"href":"https:\/\/centrourbano.com\/revista\/wp-json\/wp\/v2\/media?parent=154227"}],"wp:term":[{"taxonomy":"category","embeddable":true,"href":"https:\/\/centrourbano.com\/revista\/wp-json\/wp\/v2\/categories?post=154227"},{"taxonomy":"post_tag","embeddable":true,"href":"https:\/\/centrourbano.com\/revista\/wp-json\/wp\/v2\/tags?post=154227"}],"curies":[{"name":"wp","href":"https:\/\/api.w.org\/{rel}","templated":true}]}}