{"id":154076,"date":"2025-03-12T16:43:55","date_gmt":"2025-03-12T22:43:55","guid":{"rendered":"https:\/\/centrourbano.com\/revista\/?p=154076"},"modified":"2025-03-12T16:43:55","modified_gmt":"2025-03-12T22:43:55","slug":"sedatu-presidencia-sistema-movilidad","status":"publish","type":"post","link":"https:\/\/centrourbano.com\/revista\/urbanismo\/sedatu-presidencia-sistema-movilidad\/","title":{"rendered":"Sedatu retoma presidencia del Sistema Nacional de Movilidad"},"content":{"rendered":"<p><em>\u00abDesde la entrada en vigor de la LGMSV, el Gobierno de M\u00e9xico, a trav\u00e9s de la Sedatu y el SNMySV, ha impulsado un nuevo paradigma en movilidad\u201d<\/em><!--more--><\/p>\n<p>Durante la Sexta Sesi\u00f3n Ordinaria del <strong>Sistema Nacional de Movilidad y Seguridad Vial<\/strong> (<strong>SNMySV<\/strong>), la <strong>Secretar\u00eda de Infraestructura, Comunicaciones y Transporte<\/strong> (<a href=\"https:\/\/centrourbano.com\/revista\/urbanismo\/sict-presidencia-sistema-movilidad\/\" target=\"_blank\" rel=\"noopener\"><strong>SICT<\/strong><\/a>) entreg\u00f3 formalmente la presidencia de esta estructura a la <strong>Secretar\u00eda de Desarrollo Agrario, Territorial y Urbano<\/strong> (<strong>Sedatu<\/strong>) para el periodo 2025-2026.<\/p>\n<p>Asimismo, el <strong>SNMySV<\/strong> aprob\u00f3 su plan de actividades para el nuevo periodo a cargo de la Sedatu, que incluye, a corto plazo, impulsar y coordinar los proyectos prioritarios del Gobierno de M\u00e9xico en materia de movilidad, como el <strong>Programa de Vivienda para el Bienestar,<\/strong> <strong>Rutas de Trenes de Pasajeros<\/strong> (83,300 km de infraestructura ferroviaria) y los <strong>Polos de Bienestar<\/strong>.<\/p>\n<p>Y, de igual manera, se dar\u00e1 continuidad a los trabajos de armonizaci\u00f3n de las leyes estatales y reglamentos de tr\u00e1nsito conforme a la <strong>Ley General de Movilidad y Seguridad Vial<\/strong> (<strong>LGMSV<\/strong>).<\/p>\n<p>Al respecto, <strong>V\u00edctor Hugo Hofmann Aguirre, subsecretario de Ordenamiento Territorial, Urbano y Vivienda de la Sedatu<\/strong>, se\u00f1al\u00f3 que el el plan de trabajo se basa en los ejes de la Estrategia Nacional: Movilidades articuladas al desarrollo econ\u00f3mico territorial; servicios de transporte p\u00fablico de personas, as\u00ed como la participaci\u00f3n activa de los gobiernos locales en su planeaci\u00f3n y ejecuci\u00f3n.<\/p>\n<p>\u00abDesde la entrada en vigor de la <strong>LGMSV<\/strong> en 2022, el Gobierno de M\u00e9xico a trav\u00e9s de la <strong>Sedatu<\/strong> y el <strong>SNMySV<\/strong> ha impulsado un nuevo paradigma en movilidad, destacando iniciativas como ha sido la <strong>Estrategia Nacional de Movilidad (Enamov<\/strong>) 2023-2042. Este programa se desarrolla con base en las necesidades locales, asegurando su participaci\u00f3n colaborativa y su alineaci\u00f3n con los proyectos del Gobierno de M\u00e9xico, para garantizar una movilidad segura, accesible y sostenible\u00bb, destac\u00f3.<\/p>\n<p>En su intervenci\u00f3n, <strong>Janet de Luna Jim\u00e9nez, directora general de Pol\u00edtica Territorial y Movilidad de la Sedatu<\/strong>, indic\u00f3 que se promover\u00e1n m\u00e1s grupos de trabajo a fin de ampliar las estrategias de movilidad y seguridad vial en todos los estados de la rep\u00fablica.<\/p>\n<p>Por su parte, <strong>Juan Carlos Fuentes Orrala, subsecretario de Infraestructura de la SICT<\/strong>, present\u00f3 el seguimiento a la implementaci\u00f3n de la <strong>Enamov<\/strong>: la promoci\u00f3n a la Pol\u00edtica Nacional de Transporte P\u00fablico Colectivo Urbano; los lineamientos para la armonizaci\u00f3n de los reglamentos de tr\u00e1nsito; proyectos de trenes de carga y pasajeros; la implementaci\u00f3n, monitoreo, vigencia y sanci\u00f3n de la velocidad; y se difundieron las normas y manuales para el dise\u00f1o de carreteras.<\/p>\n","protected":false},"excerpt":{"rendered":"<p>\u00abDesde la entrada en vigor de la LGMSV, el Gobierno de M\u00e9xico, a trav\u00e9s de la Sedatu y el SNMySV, ha impulsado un nuevo paradigma en movilidad\u201d<\/p>\n","protected":false},"author":14,"featured_media":154077,"comment_status":"open","ping_status":"closed","sticky":false,"template":"","format":"standard","meta":{"om_disable_all_campaigns":false,"inline_featured_image":false,"_monsterinsights_skip_tracking":false,"_monsterinsights_sitenote_active":false,"_monsterinsights_sitenote_note":"","_monsterinsights_sitenote_category":0,"footnotes":""},"categories":[82],"tags":[21380,105,21136,21935],"class_list":["post-154076","post","type-post","status-publish","format-standard","has-post-thumbnail","hentry","category-urbanismo","tag-ley-general-de-movilidad-y-seguridad-vial","tag-sedatu","tag-sict","tag-sistema-nacional-de-movilidad-y-seguridad-vial"],"yoast_head":"<!-- This site is optimized with the Yoast SEO plugin v27.4 - https:\/\/yoast.com\/product\/yoast-seo-wordpress\/ -->\n<title>Sedatu retoma presidencia del Sistema Nacional de Movilidad<\/title>\n<meta name=\"description\" content=\"&quot;Desde la entrada en vigor de la LGMSV, el Gobierno, a trav\u00e9s de la Sedatu y el SNMySV, ha impulsado un nuevo paradigma en movilidad\u201d\" \/>\n<meta name=\"robots\" content=\"index, follow, max-snippet:-1, max-image-preview:large, max-video-preview:-1\" \/>\n<link rel=\"canonical\" href=\"https:\/\/centrourbano.com\/revista\/urbanismo\/sedatu-presidencia-sistema-movilidad\/\" \/>\n<meta property=\"og:locale\" content=\"es_ES\" \/>\n<meta property=\"og:type\" content=\"article\" \/>\n<meta property=\"og:title\" content=\"Sedatu retoma presidencia del Sistema Nacional de Movilidad\" \/>\n<meta property=\"og:description\" content=\"&quot;Desde la entrada en vigor de la LGMSV, el Gobierno, a trav\u00e9s de la Sedatu y el SNMySV, ha impulsado un nuevo paradigma en movilidad\u201d\" \/>\n<meta property=\"og:url\" content=\"https:\/\/centrourbano.com\/revista\/urbanismo\/sedatu-presidencia-sistema-movilidad\/\" \/>\n<meta property=\"og:site_name\" content=\"Centro Urbano\" \/>\n<meta property=\"article:publisher\" content=\"https:\/\/www.facebook.com\/portalcentrourbano\" \/>\n<meta property=\"article:published_time\" content=\"2025-03-12T22:43:55+00:00\" \/>\n<meta property=\"og:image\" content=\"https:\/\/centrourbano.com\/revista\/wp-content\/uploads\/Sedatu-retoma-presidencia-del-Sistema-Nacional-de-Movilidad-.jpg\" \/>\n\t<meta property=\"og:image:width\" content=\"800\" \/>\n\t<meta property=\"og:image:height\" content=\"615\" \/>\n\t<meta property=\"og:image:type\" content=\"image\/jpeg\" \/>\n<meta name=\"author\" content=\"Redacci\u00f3n Centro Urbano\" \/>\n<meta name=\"twitter:card\" content=\"summary_large_image\" \/>\n<meta name=\"twitter:creator\" content=\"@CentroUrbano\" \/>\n<meta name=\"twitter:site\" content=\"@CentroUrbano\" \/>\n<meta name=\"twitter:label1\" content=\"Escrito por\" \/>\n\t<meta name=\"twitter:data1\" content=\"Redacci\u00f3n Centro Urbano\" \/>\n\t<meta name=\"twitter:label2\" content=\"Tiempo de lectura\" \/>\n\t<meta name=\"twitter:data2\" content=\"3 minutos\" \/>\n<script type=\"application\/ld+json\" class=\"yoast-schema-graph\">{\"@context\":\"https:\\\/\\\/schema.org\",\"@graph\":[{\"@type\":\"Article\",\"@id\":\"https:\\\/\\\/centrourbano.com\\\/revista\\\/urbanismo\\\/sedatu-presidencia-sistema-movilidad\\\/#article\",\"isPartOf\":{\"@id\":\"https:\\\/\\\/centrourbano.com\\\/revista\\\/urbanismo\\\/sedatu-presidencia-sistema-movilidad\\\/\"},\"author\":{\"name\":\"Redacci\u00f3n Centro Urbano\",\"@id\":\"https:\\\/\\\/centrourbano.com\\\/revista\\\/#\\\/schema\\\/person\\\/680e7c50f9d6e917e416c9efdc26f996\"},\"headline\":\"Sedatu retoma presidencia del Sistema Nacional de Movilidad\",\"datePublished\":\"2025-03-12T22:43:55+00:00\",\"mainEntityOfPage\":{\"@id\":\"https:\\\/\\\/centrourbano.com\\\/revista\\\/urbanismo\\\/sedatu-presidencia-sistema-movilidad\\\/\"},\"wordCount\":447,\"commentCount\":0,\"publisher\":{\"@id\":\"https:\\\/\\\/centrourbano.com\\\/revista\\\/#organization\"},\"image\":{\"@id\":\"https:\\\/\\\/centrourbano.com\\\/revista\\\/urbanismo\\\/sedatu-presidencia-sistema-movilidad\\\/#primaryimage\"},\"thumbnailUrl\":\"https:\\\/\\\/centrourbano.com\\\/revista\\\/wp-content\\\/uploads\\\/Sedatu-retoma-presidencia-del-Sistema-Nacional-de-Movilidad-.jpg\",\"keywords\":[\"Ley General de Movilidad y Seguridad Vial\",\"Sedatu\",\"SICT\",\"Sistema Nacional de Movilidad y Seguridad Vial\"],\"articleSection\":[\"Urbanismo\"],\"inLanguage\":\"es\",\"potentialAction\":[{\"@type\":\"CommentAction\",\"name\":\"Comment\",\"target\":[\"https:\\\/\\\/centrourbano.com\\\/revista\\\/urbanismo\\\/sedatu-presidencia-sistema-movilidad\\\/#respond\"]}]},{\"@type\":\"WebPage\",\"@id\":\"https:\\\/\\\/centrourbano.com\\\/revista\\\/urbanismo\\\/sedatu-presidencia-sistema-movilidad\\\/\",\"url\":\"https:\\\/\\\/centrourbano.com\\\/revista\\\/urbanismo\\\/sedatu-presidencia-sistema-movilidad\\\/\",\"name\":\"Sedatu retoma presidencia del Sistema Nacional de Movilidad\",\"isPartOf\":{\"@id\":\"https:\\\/\\\/centrourbano.com\\\/revista\\\/#website\"},\"primaryImageOfPage\":{\"@id\":\"https:\\\/\\\/centrourbano.com\\\/revista\\\/urbanismo\\\/sedatu-presidencia-sistema-movilidad\\\/#primaryimage\"},\"image\":{\"@id\":\"https:\\\/\\\/centrourbano.com\\\/revista\\\/urbanismo\\\/sedatu-presidencia-sistema-movilidad\\\/#primaryimage\"},\"thumbnailUrl\":\"https:\\\/\\\/centrourbano.com\\\/revista\\\/wp-content\\\/uploads\\\/Sedatu-retoma-presidencia-del-Sistema-Nacional-de-Movilidad-.jpg\",\"datePublished\":\"2025-03-12T22:43:55+00:00\",\"description\":\"\\\"Desde la entrada en vigor de la LGMSV, el Gobierno, a trav\u00e9s de la Sedatu y el SNMySV, ha impulsado un nuevo paradigma en movilidad\u201d\",\"breadcrumb\":{\"@id\":\"https:\\\/\\\/centrourbano.com\\\/revista\\\/urbanismo\\\/sedatu-presidencia-sistema-movilidad\\\/#breadcrumb\"},\"inLanguage\":\"es\",\"potentialAction\":[{\"@type\":\"ReadAction\",\"target\":[\"https:\\\/\\\/centrourbano.com\\\/revista\\\/urbanismo\\\/sedatu-presidencia-sistema-movilidad\\\/\"]}]},{\"@type\":\"ImageObject\",\"inLanguage\":\"es\",\"@id\":\"https:\\\/\\\/centrourbano.com\\\/revista\\\/urbanismo\\\/sedatu-presidencia-sistema-movilidad\\\/#primaryimage\",\"url\":\"https:\\\/\\\/centrourbano.com\\\/revista\\\/wp-content\\\/uploads\\\/Sedatu-retoma-presidencia-del-Sistema-Nacional-de-Movilidad-.jpg\",\"contentUrl\":\"https:\\\/\\\/centrourbano.com\\\/revista\\\/wp-content\\\/uploads\\\/Sedatu-retoma-presidencia-del-Sistema-Nacional-de-Movilidad-.jpg\",\"width\":800,\"height\":615,\"caption\":\"\\\"Desde la entrada en vigor de la LGMSV, el Gobierno de M\u00e9xico a trav\u00e9s de la Sedatu y el SNMySV, ha impulsado un nuevo paradigma en movilidad\u201d\"},{\"@type\":\"BreadcrumbList\",\"@id\":\"https:\\\/\\\/centrourbano.com\\\/revista\\\/urbanismo\\\/sedatu-presidencia-sistema-movilidad\\\/#breadcrumb\",\"itemListElement\":[{\"@type\":\"ListItem\",\"position\":1,\"name\":\"Portada\",\"item\":\"https:\\\/\\\/centrourbano.com\\\/revista\\\/\"},{\"@type\":\"ListItem\",\"position\":2,\"name\":\"Sedatu retoma presidencia del Sistema Nacional de Movilidad\"}]},{\"@type\":\"WebSite\",\"@id\":\"https:\\\/\\\/centrourbano.com\\\/revista\\\/#website\",\"url\":\"https:\\\/\\\/centrourbano.com\\\/revista\\\/\",\"name\":\"Centro Urbano\",\"description\":\"Medio especializado en los sectores vivienda, inmobiliario, construcci\u00f3n, arquitectura y urbanismo.\",\"publisher\":{\"@id\":\"https:\\\/\\\/centrourbano.com\\\/revista\\\/#organization\"},\"potentialAction\":[{\"@type\":\"SearchAction\",\"target\":{\"@type\":\"EntryPoint\",\"urlTemplate\":\"https:\\\/\\\/centrourbano.com\\\/revista\\\/?s={search_term_string}\"},\"query-input\":{\"@type\":\"PropertyValueSpecification\",\"valueRequired\":true,\"valueName\":\"search_term_string\"}}],\"inLanguage\":\"es\"},{\"@type\":\"Organization\",\"@id\":\"https:\\\/\\\/centrourbano.com\\\/revista\\\/#organization\",\"name\":\"Centro Urbano\",\"url\":\"https:\\\/\\\/centrourbano.com\\\/revista\\\/\",\"logo\":{\"@type\":\"ImageObject\",\"inLanguage\":\"es\",\"@id\":\"https:\\\/\\\/centrourbano.com\\\/revista\\\/#\\\/schema\\\/logo\\\/image\\\/\",\"url\":\"https:\\\/\\\/centrourbano.com\\\/revista\\\/wp-content\\\/uploads\\\/web_CU_logo-1.png\",\"contentUrl\":\"https:\\\/\\\/centrourbano.com\\\/revista\\\/wp-content\\\/uploads\\\/web_CU_logo-1.png\",\"width\":350,\"height\":91,\"caption\":\"Centro Urbano\"},\"image\":{\"@id\":\"https:\\\/\\\/centrourbano.com\\\/revista\\\/#\\\/schema\\\/logo\\\/image\\\/\"},\"sameAs\":[\"https:\\\/\\\/www.facebook.com\\\/portalcentrourbano\",\"https:\\\/\\\/x.com\\\/CentroUrbano\",\"https:\\\/\\\/www.instagram.com\\\/centro_urbano\\\/\",\"https:\\\/\\\/www.linkedin.com\\\/company\\\/centro-urbano\\\/\",\"http:\\\/\\\/www.youtube.com\\\/user\\\/portalcentrourbano\"]},{\"@type\":\"Person\",\"@id\":\"https:\\\/\\\/centrourbano.com\\\/revista\\\/#\\\/schema\\\/person\\\/680e7c50f9d6e917e416c9efdc26f996\",\"name\":\"Redacci\u00f3n Centro Urbano\",\"image\":{\"@type\":\"ImageObject\",\"inLanguage\":\"es\",\"@id\":\"https:\\\/\\\/secure.gravatar.com\\\/avatar\\\/15a789f894398c0f311f3a7a2ee28032bbc0483098539da66b6a045aa810bf35?s=96&d=mm&r=g\",\"url\":\"https:\\\/\\\/secure.gravatar.com\\\/avatar\\\/15a789f894398c0f311f3a7a2ee28032bbc0483098539da66b6a045aa810bf35?s=96&d=mm&r=g\",\"contentUrl\":\"https:\\\/\\\/secure.gravatar.com\\\/avatar\\\/15a789f894398c0f311f3a7a2ee28032bbc0483098539da66b6a045aa810bf35?s=96&d=mm&r=g\",\"caption\":\"Redacci\u00f3n Centro Urbano\"},\"url\":\"https:\\\/\\\/centrourbano.com\\\/revista\\\/author\\\/editorial\\\/\"}]}<\/script>\n<!-- \/ Yoast SEO plugin. -->","yoast_head_json":{"title":"Sedatu retoma presidencia del Sistema Nacional de Movilidad","description":"\"Desde la entrada en vigor de la LGMSV, el Gobierno, a trav\u00e9s de la Sedatu y el SNMySV, ha impulsado un nuevo paradigma en movilidad\u201d","robots":{"index":"index","follow":"follow","max-snippet":"max-snippet:-1","max-image-preview":"max-image-preview:large","max-video-preview":"max-video-preview:-1"},"canonical":"https:\/\/centrourbano.com\/revista\/urbanismo\/sedatu-presidencia-sistema-movilidad\/","og_locale":"es_ES","og_type":"article","og_title":"Sedatu retoma presidencia del Sistema Nacional de Movilidad","og_description":"\"Desde la entrada en vigor de la LGMSV, el Gobierno, a trav\u00e9s de la Sedatu y el SNMySV, ha impulsado un nuevo paradigma en movilidad\u201d","og_url":"https:\/\/centrourbano.com\/revista\/urbanismo\/sedatu-presidencia-sistema-movilidad\/","og_site_name":"Centro Urbano","article_publisher":"https:\/\/www.facebook.com\/portalcentrourbano","article_published_time":"2025-03-12T22:43:55+00:00","og_image":[{"width":800,"height":615,"url":"https:\/\/centrourbano.com\/revista\/wp-content\/uploads\/Sedatu-retoma-presidencia-del-Sistema-Nacional-de-Movilidad-.jpg","type":"image\/jpeg"}],"author":"Redacci\u00f3n Centro Urbano","twitter_card":"summary_large_image","twitter_creator":"@CentroUrbano","twitter_site":"@CentroUrbano","twitter_misc":{"Escrito por":"Redacci\u00f3n Centro Urbano","Tiempo de lectura":"3 minutos"},"schema":{"@context":"https:\/\/schema.org","@graph":[{"@type":"Article","@id":"https:\/\/centrourbano.com\/revista\/urbanismo\/sedatu-presidencia-sistema-movilidad\/#article","isPartOf":{"@id":"https:\/\/centrourbano.com\/revista\/urbanismo\/sedatu-presidencia-sistema-movilidad\/"},"author":{"name":"Redacci\u00f3n Centro Urbano","@id":"https:\/\/centrourbano.com\/revista\/#\/schema\/person\/680e7c50f9d6e917e416c9efdc26f996"},"headline":"Sedatu retoma presidencia del Sistema Nacional de Movilidad","datePublished":"2025-03-12T22:43:55+00:00","mainEntityOfPage":{"@id":"https:\/\/centrourbano.com\/revista\/urbanismo\/sedatu-presidencia-sistema-movilidad\/"},"wordCount":447,"commentCount":0,"publisher":{"@id":"https:\/\/centrourbano.com\/revista\/#organization"},"image":{"@id":"https:\/\/centrourbano.com\/revista\/urbanismo\/sedatu-presidencia-sistema-movilidad\/#primaryimage"},"thumbnailUrl":"https:\/\/centrourbano.com\/revista\/wp-content\/uploads\/Sedatu-retoma-presidencia-del-Sistema-Nacional-de-Movilidad-.jpg","keywords":["Ley General de Movilidad y Seguridad Vial","Sedatu","SICT","Sistema Nacional de Movilidad y Seguridad Vial"],"articleSection":["Urbanismo"],"inLanguage":"es","potentialAction":[{"@type":"CommentAction","name":"Comment","target":["https:\/\/centrourbano.com\/revista\/urbanismo\/sedatu-presidencia-sistema-movilidad\/#respond"]}]},{"@type":"WebPage","@id":"https:\/\/centrourbano.com\/revista\/urbanismo\/sedatu-presidencia-sistema-movilidad\/","url":"https:\/\/centrourbano.com\/revista\/urbanismo\/sedatu-presidencia-sistema-movilidad\/","name":"Sedatu retoma presidencia del Sistema Nacional de Movilidad","isPartOf":{"@id":"https:\/\/centrourbano.com\/revista\/#website"},"primaryImageOfPage":{"@id":"https:\/\/centrourbano.com\/revista\/urbanismo\/sedatu-presidencia-sistema-movilidad\/#primaryimage"},"image":{"@id":"https:\/\/centrourbano.com\/revista\/urbanismo\/sedatu-presidencia-sistema-movilidad\/#primaryimage"},"thumbnailUrl":"https:\/\/centrourbano.com\/revista\/wp-content\/uploads\/Sedatu-retoma-presidencia-del-Sistema-Nacional-de-Movilidad-.jpg","datePublished":"2025-03-12T22:43:55+00:00","description":"\"Desde la entrada en vigor de la LGMSV, el Gobierno, a trav\u00e9s de la Sedatu y el SNMySV, ha impulsado un nuevo paradigma en movilidad\u201d","breadcrumb":{"@id":"https:\/\/centrourbano.com\/revista\/urbanismo\/sedatu-presidencia-sistema-movilidad\/#breadcrumb"},"inLanguage":"es","potentialAction":[{"@type":"ReadAction","target":["https:\/\/centrourbano.com\/revista\/urbanismo\/sedatu-presidencia-sistema-movilidad\/"]}]},{"@type":"ImageObject","inLanguage":"es","@id":"https:\/\/centrourbano.com\/revista\/urbanismo\/sedatu-presidencia-sistema-movilidad\/#primaryimage","url":"https:\/\/centrourbano.com\/revista\/wp-content\/uploads\/Sedatu-retoma-presidencia-del-Sistema-Nacional-de-Movilidad-.jpg","contentUrl":"https:\/\/centrourbano.com\/revista\/wp-content\/uploads\/Sedatu-retoma-presidencia-del-Sistema-Nacional-de-Movilidad-.jpg","width":800,"height":615,"caption":"\"Desde la entrada en vigor de la LGMSV, el Gobierno de M\u00e9xico a trav\u00e9s de la Sedatu y el SNMySV, ha impulsado un nuevo paradigma en movilidad\u201d"},{"@type":"BreadcrumbList","@id":"https:\/\/centrourbano.com\/revista\/urbanismo\/sedatu-presidencia-sistema-movilidad\/#breadcrumb","itemListElement":[{"@type":"ListItem","position":1,"name":"Portada","item":"https:\/\/centrourbano.com\/revista\/"},{"@type":"ListItem","position":2,"name":"Sedatu retoma presidencia del Sistema Nacional de Movilidad"}]},{"@type":"WebSite","@id":"https:\/\/centrourbano.com\/revista\/#website","url":"https:\/\/centrourbano.com\/revista\/","name":"Centro Urbano","description":"Medio especializado en los sectores vivienda, inmobiliario, construcci\u00f3n, arquitectura y urbanismo.","publisher":{"@id":"https:\/\/centrourbano.com\/revista\/#organization"},"potentialAction":[{"@type":"SearchAction","target":{"@type":"EntryPoint","urlTemplate":"https:\/\/centrourbano.com\/revista\/?s={search_term_string}"},"query-input":{"@type":"PropertyValueSpecification","valueRequired":true,"valueName":"search_term_string"}}],"inLanguage":"es"},{"@type":"Organization","@id":"https:\/\/centrourbano.com\/revista\/#organization","name":"Centro Urbano","url":"https:\/\/centrourbano.com\/revista\/","logo":{"@type":"ImageObject","inLanguage":"es","@id":"https:\/\/centrourbano.com\/revista\/#\/schema\/logo\/image\/","url":"https:\/\/centrourbano.com\/revista\/wp-content\/uploads\/web_CU_logo-1.png","contentUrl":"https:\/\/centrourbano.com\/revista\/wp-content\/uploads\/web_CU_logo-1.png","width":350,"height":91,"caption":"Centro Urbano"},"image":{"@id":"https:\/\/centrourbano.com\/revista\/#\/schema\/logo\/image\/"},"sameAs":["https:\/\/www.facebook.com\/portalcentrourbano","https:\/\/x.com\/CentroUrbano","https:\/\/www.instagram.com\/centro_urbano\/","https:\/\/www.linkedin.com\/company\/centro-urbano\/","http:\/\/www.youtube.com\/user\/portalcentrourbano"]},{"@type":"Person","@id":"https:\/\/centrourbano.com\/revista\/#\/schema\/person\/680e7c50f9d6e917e416c9efdc26f996","name":"Redacci\u00f3n Centro Urbano","image":{"@type":"ImageObject","inLanguage":"es","@id":"https:\/\/secure.gravatar.com\/avatar\/15a789f894398c0f311f3a7a2ee28032bbc0483098539da66b6a045aa810bf35?s=96&d=mm&r=g","url":"https:\/\/secure.gravatar.com\/avatar\/15a789f894398c0f311f3a7a2ee28032bbc0483098539da66b6a045aa810bf35?s=96&d=mm&r=g","contentUrl":"https:\/\/secure.gravatar.com\/avatar\/15a789f894398c0f311f3a7a2ee28032bbc0483098539da66b6a045aa810bf35?s=96&d=mm&r=g","caption":"Redacci\u00f3n Centro Urbano"},"url":"https:\/\/centrourbano.com\/revista\/author\/editorial\/"}]}},"_links":{"self":[{"href":"https:\/\/centrourbano.com\/revista\/wp-json\/wp\/v2\/posts\/154076","targetHints":{"allow":["GET"]}}],"collection":[{"href":"https:\/\/centrourbano.com\/revista\/wp-json\/wp\/v2\/posts"}],"about":[{"href":"https:\/\/centrourbano.com\/revista\/wp-json\/wp\/v2\/types\/post"}],"author":[{"embeddable":true,"href":"https:\/\/centrourbano.com\/revista\/wp-json\/wp\/v2\/users\/14"}],"replies":[{"embeddable":true,"href":"https:\/\/centrourbano.com\/revista\/wp-json\/wp\/v2\/comments?post=154076"}],"version-history":[{"count":1,"href":"https:\/\/centrourbano.com\/revista\/wp-json\/wp\/v2\/posts\/154076\/revisions"}],"predecessor-version":[{"id":154079,"href":"https:\/\/centrourbano.com\/revista\/wp-json\/wp\/v2\/posts\/154076\/revisions\/154079"}],"wp:featuredmedia":[{"embeddable":true,"href":"https:\/\/centrourbano.com\/revista\/wp-json\/wp\/v2\/media\/154077"}],"wp:attachment":[{"href":"https:\/\/centrourbano.com\/revista\/wp-json\/wp\/v2\/media?parent=154076"}],"wp:term":[{"taxonomy":"category","embeddable":true,"href":"https:\/\/centrourbano.com\/revista\/wp-json\/wp\/v2\/categories?post=154076"},{"taxonomy":"post_tag","embeddable":true,"href":"https:\/\/centrourbano.com\/revista\/wp-json\/wp\/v2\/tags?post=154076"}],"curies":[{"name":"wp","href":"https:\/\/api.w.org\/{rel}","templated":true}]}}