{"id":153801,"date":"2025-02-28T15:36:35","date_gmt":"2025-02-28T21:36:35","guid":{"rendered":"https:\/\/centrourbano.com\/revista\/?p=153801"},"modified":"2025-08-26T15:32:06","modified_gmt":"2025-08-26T21:32:06","slug":"video-propiedad-fraccional-bim","status":"publish","type":"post","link":"https:\/\/centrourbano.com\/revista\/centro-urbano-home\/video-propiedad-fraccional-bim\/","title":{"rendered":"\u25b6\ufe0f Video | Propiedad Fraccional con Fideicomisos BIM"},"content":{"rendered":"<p>En esta sesi\u00f3n de #CentroUrbanoHome, Mar\u00eda Jos\u00e9 Mu\u00f1oz Moreno, directora de Promoci\u00f3n Fiduciaria en Banco Inmobiliario Mexicano (BIM), habl\u00f3 sobre la propiedad fraccional, es decir, un modelo de inversi\u00f3n inmobiliaria en el que una propiedad, como su nombre lo indica, se fracciona entre cierto n\u00famero de propietarios.<\/p>\n<p>La especialista detall\u00f3 que este modelo es mucho m\u00e1s flexible que la copropiedad, adem\u00e1s de que el inmueble no se divide en partes iguales, sino que cada propietario recibe el porcentaje con el que particip\u00f3, se obtiene certeza jur\u00eddica y se est\u00e1 protegido ante el fallecimiento o ausencia de un propietario.<!--more--><\/p>\n<p><iframe loading=\"lazy\" width=\"560\" height=\"315\" src=\"https:\/\/www.youtube.com\/embed\/1DHmcsfy9CQ?si=XCyRhFE3gkdUdjYH&amp;start=83\" title=\"YouTube video player\" frameborder=\"0\" allow=\"accelerometer; autoplay; clipboard-write; encrypted-media; gyroscope; picture-in-picture; web-share\" referrerpolicy=\"strict-origin-when-cross-origin\" allowfullscreen><\/iframe><\/p>\n","protected":false},"excerpt":{"rendered":"<p>En esta sesi\u00f3n de #CentroUrbanoHome, Mar\u00eda Jos\u00e9 Mu\u00f1oz Moreno, directora de Promoci\u00f3n Fiduciaria en Banco Inmobiliario Mexicano (BIM), habl\u00f3 sobre la propiedad fraccional, es decir, un modelo de inversi\u00f3n inmobiliaria en el que una propiedad, como su nombre lo indica, se fracciona entre cierto n\u00famero de propietarios. La especialista detall\u00f3 que este modelo es mucho [&hellip;]<\/p>\n","protected":false},"author":14,"featured_media":153805,"comment_status":"open","ping_status":"closed","sticky":false,"template":"","format":"standard","meta":{"om_disable_all_campaigns":false,"inline_featured_image":false,"_monsterinsights_skip_tracking":false,"_monsterinsights_sitenote_active":false,"_monsterinsights_sitenote_note":"","_monsterinsights_sitenote_category":0,"footnotes":""},"categories":[10,18124,20344],"tags":[],"class_list":["post-153801","post","type-post","status-publish","format-standard","has-post-thumbnail","hentry","category-centro-urbano-digital","category-centro-urbano-home","category-entrevistas-centro-urbano-digital"],"yoast_head":"<!-- This site is optimized with the Yoast SEO plugin v27.4 - https:\/\/yoast.com\/product\/yoast-seo-wordpress\/ -->\n<title>\u25b6\ufe0f Video | Propiedad Fraccional con Fideicomisos BIM<\/title>\n<meta name=\"description\" content=\"En esta sesi\u00f3n de #CentroUrbanoHome, Mar\u00eda Jos\u00e9 Mu\u00f1oz Moreno, directora de Promoci\u00f3n Fiduciaria en Banco Inmobiliario Mexicano (BIM), habl\u00f3 sobre la\" \/>\n<meta name=\"robots\" content=\"index, follow, max-snippet:-1, max-image-preview:large, max-video-preview:-1\" \/>\n<link rel=\"canonical\" href=\"https:\/\/centrourbano.com\/revista\/centro-urbano-home\/video-propiedad-fraccional-bim\/\" \/>\n<meta property=\"og:locale\" content=\"es_ES\" \/>\n<meta property=\"og:type\" content=\"article\" \/>\n<meta property=\"og:title\" content=\"\u25b6\ufe0f Video | Propiedad Fraccional con Fideicomisos BIM\" \/>\n<meta property=\"og:description\" content=\"En esta sesi\u00f3n de #CentroUrbanoHome, Mar\u00eda Jos\u00e9 Mu\u00f1oz Moreno, directora de Promoci\u00f3n Fiduciaria en Banco Inmobiliario Mexicano (BIM), habl\u00f3 sobre la\" \/>\n<meta property=\"og:url\" content=\"https:\/\/centrourbano.com\/revista\/centro-urbano-home\/video-propiedad-fraccional-bim\/\" \/>\n<meta property=\"og:site_name\" content=\"Centro Urbano\" \/>\n<meta property=\"article:publisher\" content=\"https:\/\/www.facebook.com\/portalcentrourbano\" \/>\n<meta property=\"article:published_time\" content=\"2025-02-28T21:36:35+00:00\" \/>\n<meta property=\"article:modified_time\" content=\"2025-08-26T21:32:06+00:00\" \/>\n<meta property=\"og:image\" content=\"https:\/\/centrourbano.com\/revista\/wp-content\/uploads\/Captura-de-pantalla-2025-02-28-a-las-13.55.00.png\" \/>\n\t<meta property=\"og:image:width\" content=\"697\" \/>\n\t<meta property=\"og:image:height\" content=\"590\" \/>\n\t<meta property=\"og:image:type\" content=\"image\/png\" \/>\n<meta name=\"author\" content=\"Redacci\u00f3n Centro Urbano\" \/>\n<meta name=\"twitter:card\" content=\"summary_large_image\" \/>\n<meta name=\"twitter:creator\" content=\"@CentroUrbano\" \/>\n<meta name=\"twitter:site\" content=\"@CentroUrbano\" \/>\n<meta name=\"twitter:label1\" content=\"Escrito por\" \/>\n\t<meta name=\"twitter:data1\" content=\"Redacci\u00f3n Centro Urbano\" \/>\n\t<meta name=\"twitter:label2\" content=\"Tiempo de lectura\" \/>\n\t<meta name=\"twitter:data2\" content=\"1 minuto\" \/>\n<script type=\"application\/ld+json\" class=\"yoast-schema-graph\">{\"@context\":\"https:\\\/\\\/schema.org\",\"@graph\":[{\"@type\":\"Article\",\"@id\":\"https:\\\/\\\/centrourbano.com\\\/revista\\\/centro-urbano-home\\\/video-propiedad-fraccional-bim\\\/#article\",\"isPartOf\":{\"@id\":\"https:\\\/\\\/centrourbano.com\\\/revista\\\/centro-urbano-home\\\/video-propiedad-fraccional-bim\\\/\"},\"author\":{\"name\":\"Redacci\u00f3n Centro Urbano\",\"@id\":\"https:\\\/\\\/centrourbano.com\\\/revista\\\/#\\\/schema\\\/person\\\/680e7c50f9d6e917e416c9efdc26f996\"},\"headline\":\"\u25b6\ufe0f Video | Propiedad Fraccional con Fideicomisos BIM\",\"datePublished\":\"2025-02-28T21:36:35+00:00\",\"dateModified\":\"2025-08-26T21:32:06+00:00\",\"mainEntityOfPage\":{\"@id\":\"https:\\\/\\\/centrourbano.com\\\/revista\\\/centro-urbano-home\\\/video-propiedad-fraccional-bim\\\/\"},\"wordCount\":113,\"commentCount\":0,\"publisher\":{\"@id\":\"https:\\\/\\\/centrourbano.com\\\/revista\\\/#organization\"},\"image\":{\"@id\":\"https:\\\/\\\/centrourbano.com\\\/revista\\\/centro-urbano-home\\\/video-propiedad-fraccional-bim\\\/#primaryimage\"},\"thumbnailUrl\":\"https:\\\/\\\/centrourbano.com\\\/revista\\\/wp-content\\\/uploads\\\/Captura-de-pantalla-2025-02-28-a-las-13.55.00.png\",\"articleSection\":[\"Centro Urbano Digital\",\"Centro Urbano Home\",\"Entrevistas\"],\"inLanguage\":\"es\",\"potentialAction\":[{\"@type\":\"CommentAction\",\"name\":\"Comment\",\"target\":[\"https:\\\/\\\/centrourbano.com\\\/revista\\\/centro-urbano-home\\\/video-propiedad-fraccional-bim\\\/#respond\"]}]},{\"@type\":\"WebPage\",\"@id\":\"https:\\\/\\\/centrourbano.com\\\/revista\\\/centro-urbano-home\\\/video-propiedad-fraccional-bim\\\/\",\"url\":\"https:\\\/\\\/centrourbano.com\\\/revista\\\/centro-urbano-home\\\/video-propiedad-fraccional-bim\\\/\",\"name\":\"\u25b6\ufe0f Video | Propiedad Fraccional con Fideicomisos BIM\",\"isPartOf\":{\"@id\":\"https:\\\/\\\/centrourbano.com\\\/revista\\\/#website\"},\"primaryImageOfPage\":{\"@id\":\"https:\\\/\\\/centrourbano.com\\\/revista\\\/centro-urbano-home\\\/video-propiedad-fraccional-bim\\\/#primaryimage\"},\"image\":{\"@id\":\"https:\\\/\\\/centrourbano.com\\\/revista\\\/centro-urbano-home\\\/video-propiedad-fraccional-bim\\\/#primaryimage\"},\"thumbnailUrl\":\"https:\\\/\\\/centrourbano.com\\\/revista\\\/wp-content\\\/uploads\\\/Captura-de-pantalla-2025-02-28-a-las-13.55.00.png\",\"datePublished\":\"2025-02-28T21:36:35+00:00\",\"dateModified\":\"2025-08-26T21:32:06+00:00\",\"description\":\"En esta sesi\u00f3n de #CentroUrbanoHome, Mar\u00eda Jos\u00e9 Mu\u00f1oz Moreno, directora de Promoci\u00f3n Fiduciaria en Banco Inmobiliario Mexicano (BIM), habl\u00f3 sobre la\",\"breadcrumb\":{\"@id\":\"https:\\\/\\\/centrourbano.com\\\/revista\\\/centro-urbano-home\\\/video-propiedad-fraccional-bim\\\/#breadcrumb\"},\"inLanguage\":\"es\",\"potentialAction\":[{\"@type\":\"ReadAction\",\"target\":[\"https:\\\/\\\/centrourbano.com\\\/revista\\\/centro-urbano-home\\\/video-propiedad-fraccional-bim\\\/\"]}]},{\"@type\":\"ImageObject\",\"inLanguage\":\"es\",\"@id\":\"https:\\\/\\\/centrourbano.com\\\/revista\\\/centro-urbano-home\\\/video-propiedad-fraccional-bim\\\/#primaryimage\",\"url\":\"https:\\\/\\\/centrourbano.com\\\/revista\\\/wp-content\\\/uploads\\\/Captura-de-pantalla-2025-02-28-a-las-13.55.00.png\",\"contentUrl\":\"https:\\\/\\\/centrourbano.com\\\/revista\\\/wp-content\\\/uploads\\\/Captura-de-pantalla-2025-02-28-a-las-13.55.00.png\",\"width\":697,\"height\":590,\"caption\":\"Propiedad Fraccional con Fideicomisos BIM\"},{\"@type\":\"BreadcrumbList\",\"@id\":\"https:\\\/\\\/centrourbano.com\\\/revista\\\/centro-urbano-home\\\/video-propiedad-fraccional-bim\\\/#breadcrumb\",\"itemListElement\":[{\"@type\":\"ListItem\",\"position\":1,\"name\":\"Portada\",\"item\":\"https:\\\/\\\/centrourbano.com\\\/revista\\\/\"},{\"@type\":\"ListItem\",\"position\":2,\"name\":\"\u25b6\ufe0f Video | Propiedad Fraccional con Fideicomisos BIM\"}]},{\"@type\":\"WebSite\",\"@id\":\"https:\\\/\\\/centrourbano.com\\\/revista\\\/#website\",\"url\":\"https:\\\/\\\/centrourbano.com\\\/revista\\\/\",\"name\":\"Centro Urbano\",\"description\":\"Medio especializado en los sectores vivienda, inmobiliario, construcci\u00f3n, arquitectura y urbanismo.\",\"publisher\":{\"@id\":\"https:\\\/\\\/centrourbano.com\\\/revista\\\/#organization\"},\"potentialAction\":[{\"@type\":\"SearchAction\",\"target\":{\"@type\":\"EntryPoint\",\"urlTemplate\":\"https:\\\/\\\/centrourbano.com\\\/revista\\\/?s={search_term_string}\"},\"query-input\":{\"@type\":\"PropertyValueSpecification\",\"valueRequired\":true,\"valueName\":\"search_term_string\"}}],\"inLanguage\":\"es\"},{\"@type\":\"Organization\",\"@id\":\"https:\\\/\\\/centrourbano.com\\\/revista\\\/#organization\",\"name\":\"Centro Urbano\",\"url\":\"https:\\\/\\\/centrourbano.com\\\/revista\\\/\",\"logo\":{\"@type\":\"ImageObject\",\"inLanguage\":\"es\",\"@id\":\"https:\\\/\\\/centrourbano.com\\\/revista\\\/#\\\/schema\\\/logo\\\/image\\\/\",\"url\":\"https:\\\/\\\/centrourbano.com\\\/revista\\\/wp-content\\\/uploads\\\/web_CU_logo-1.png\",\"contentUrl\":\"https:\\\/\\\/centrourbano.com\\\/revista\\\/wp-content\\\/uploads\\\/web_CU_logo-1.png\",\"width\":350,\"height\":91,\"caption\":\"Centro Urbano\"},\"image\":{\"@id\":\"https:\\\/\\\/centrourbano.com\\\/revista\\\/#\\\/schema\\\/logo\\\/image\\\/\"},\"sameAs\":[\"https:\\\/\\\/www.facebook.com\\\/portalcentrourbano\",\"https:\\\/\\\/x.com\\\/CentroUrbano\",\"https:\\\/\\\/www.instagram.com\\\/centro_urbano\\\/\",\"https:\\\/\\\/www.linkedin.com\\\/company\\\/centro-urbano\\\/\",\"http:\\\/\\\/www.youtube.com\\\/user\\\/portalcentrourbano\"]},{\"@type\":\"Person\",\"@id\":\"https:\\\/\\\/centrourbano.com\\\/revista\\\/#\\\/schema\\\/person\\\/680e7c50f9d6e917e416c9efdc26f996\",\"name\":\"Redacci\u00f3n Centro Urbano\",\"image\":{\"@type\":\"ImageObject\",\"inLanguage\":\"es\",\"@id\":\"https:\\\/\\\/secure.gravatar.com\\\/avatar\\\/15a789f894398c0f311f3a7a2ee28032bbc0483098539da66b6a045aa810bf35?s=96&d=mm&r=g\",\"url\":\"https:\\\/\\\/secure.gravatar.com\\\/avatar\\\/15a789f894398c0f311f3a7a2ee28032bbc0483098539da66b6a045aa810bf35?s=96&d=mm&r=g\",\"contentUrl\":\"https:\\\/\\\/secure.gravatar.com\\\/avatar\\\/15a789f894398c0f311f3a7a2ee28032bbc0483098539da66b6a045aa810bf35?s=96&d=mm&r=g\",\"caption\":\"Redacci\u00f3n Centro Urbano\"},\"url\":\"https:\\\/\\\/centrourbano.com\\\/revista\\\/author\\\/editorial\\\/\"}]}<\/script>\n<!-- \/ Yoast SEO plugin. -->","yoast_head_json":{"title":"\u25b6\ufe0f Video | Propiedad Fraccional con Fideicomisos BIM","description":"En esta sesi\u00f3n de #CentroUrbanoHome, Mar\u00eda Jos\u00e9 Mu\u00f1oz Moreno, directora de Promoci\u00f3n Fiduciaria en Banco Inmobiliario Mexicano (BIM), habl\u00f3 sobre la","robots":{"index":"index","follow":"follow","max-snippet":"max-snippet:-1","max-image-preview":"max-image-preview:large","max-video-preview":"max-video-preview:-1"},"canonical":"https:\/\/centrourbano.com\/revista\/centro-urbano-home\/video-propiedad-fraccional-bim\/","og_locale":"es_ES","og_type":"article","og_title":"\u25b6\ufe0f Video | Propiedad Fraccional con Fideicomisos BIM","og_description":"En esta sesi\u00f3n de #CentroUrbanoHome, Mar\u00eda Jos\u00e9 Mu\u00f1oz Moreno, directora de Promoci\u00f3n Fiduciaria en Banco Inmobiliario Mexicano (BIM), habl\u00f3 sobre la","og_url":"https:\/\/centrourbano.com\/revista\/centro-urbano-home\/video-propiedad-fraccional-bim\/","og_site_name":"Centro Urbano","article_publisher":"https:\/\/www.facebook.com\/portalcentrourbano","article_published_time":"2025-02-28T21:36:35+00:00","article_modified_time":"2025-08-26T21:32:06+00:00","og_image":[{"width":697,"height":590,"url":"https:\/\/centrourbano.com\/revista\/wp-content\/uploads\/Captura-de-pantalla-2025-02-28-a-las-13.55.00.png","type":"image\/png"}],"author":"Redacci\u00f3n Centro Urbano","twitter_card":"summary_large_image","twitter_creator":"@CentroUrbano","twitter_site":"@CentroUrbano","twitter_misc":{"Escrito por":"Redacci\u00f3n Centro Urbano","Tiempo de lectura":"1 minuto"},"schema":{"@context":"https:\/\/schema.org","@graph":[{"@type":"Article","@id":"https:\/\/centrourbano.com\/revista\/centro-urbano-home\/video-propiedad-fraccional-bim\/#article","isPartOf":{"@id":"https:\/\/centrourbano.com\/revista\/centro-urbano-home\/video-propiedad-fraccional-bim\/"},"author":{"name":"Redacci\u00f3n Centro Urbano","@id":"https:\/\/centrourbano.com\/revista\/#\/schema\/person\/680e7c50f9d6e917e416c9efdc26f996"},"headline":"\u25b6\ufe0f Video | Propiedad Fraccional con Fideicomisos BIM","datePublished":"2025-02-28T21:36:35+00:00","dateModified":"2025-08-26T21:32:06+00:00","mainEntityOfPage":{"@id":"https:\/\/centrourbano.com\/revista\/centro-urbano-home\/video-propiedad-fraccional-bim\/"},"wordCount":113,"commentCount":0,"publisher":{"@id":"https:\/\/centrourbano.com\/revista\/#organization"},"image":{"@id":"https:\/\/centrourbano.com\/revista\/centro-urbano-home\/video-propiedad-fraccional-bim\/#primaryimage"},"thumbnailUrl":"https:\/\/centrourbano.com\/revista\/wp-content\/uploads\/Captura-de-pantalla-2025-02-28-a-las-13.55.00.png","articleSection":["Centro Urbano Digital","Centro Urbano Home","Entrevistas"],"inLanguage":"es","potentialAction":[{"@type":"CommentAction","name":"Comment","target":["https:\/\/centrourbano.com\/revista\/centro-urbano-home\/video-propiedad-fraccional-bim\/#respond"]}]},{"@type":"WebPage","@id":"https:\/\/centrourbano.com\/revista\/centro-urbano-home\/video-propiedad-fraccional-bim\/","url":"https:\/\/centrourbano.com\/revista\/centro-urbano-home\/video-propiedad-fraccional-bim\/","name":"\u25b6\ufe0f Video | Propiedad Fraccional con Fideicomisos BIM","isPartOf":{"@id":"https:\/\/centrourbano.com\/revista\/#website"},"primaryImageOfPage":{"@id":"https:\/\/centrourbano.com\/revista\/centro-urbano-home\/video-propiedad-fraccional-bim\/#primaryimage"},"image":{"@id":"https:\/\/centrourbano.com\/revista\/centro-urbano-home\/video-propiedad-fraccional-bim\/#primaryimage"},"thumbnailUrl":"https:\/\/centrourbano.com\/revista\/wp-content\/uploads\/Captura-de-pantalla-2025-02-28-a-las-13.55.00.png","datePublished":"2025-02-28T21:36:35+00:00","dateModified":"2025-08-26T21:32:06+00:00","description":"En esta sesi\u00f3n de #CentroUrbanoHome, Mar\u00eda Jos\u00e9 Mu\u00f1oz Moreno, directora de Promoci\u00f3n Fiduciaria en Banco Inmobiliario Mexicano (BIM), habl\u00f3 sobre la","breadcrumb":{"@id":"https:\/\/centrourbano.com\/revista\/centro-urbano-home\/video-propiedad-fraccional-bim\/#breadcrumb"},"inLanguage":"es","potentialAction":[{"@type":"ReadAction","target":["https:\/\/centrourbano.com\/revista\/centro-urbano-home\/video-propiedad-fraccional-bim\/"]}]},{"@type":"ImageObject","inLanguage":"es","@id":"https:\/\/centrourbano.com\/revista\/centro-urbano-home\/video-propiedad-fraccional-bim\/#primaryimage","url":"https:\/\/centrourbano.com\/revista\/wp-content\/uploads\/Captura-de-pantalla-2025-02-28-a-las-13.55.00.png","contentUrl":"https:\/\/centrourbano.com\/revista\/wp-content\/uploads\/Captura-de-pantalla-2025-02-28-a-las-13.55.00.png","width":697,"height":590,"caption":"Propiedad Fraccional con Fideicomisos BIM"},{"@type":"BreadcrumbList","@id":"https:\/\/centrourbano.com\/revista\/centro-urbano-home\/video-propiedad-fraccional-bim\/#breadcrumb","itemListElement":[{"@type":"ListItem","position":1,"name":"Portada","item":"https:\/\/centrourbano.com\/revista\/"},{"@type":"ListItem","position":2,"name":"\u25b6\ufe0f Video | Propiedad Fraccional con Fideicomisos BIM"}]},{"@type":"WebSite","@id":"https:\/\/centrourbano.com\/revista\/#website","url":"https:\/\/centrourbano.com\/revista\/","name":"Centro Urbano","description":"Medio especializado en los sectores vivienda, inmobiliario, construcci\u00f3n, arquitectura y urbanismo.","publisher":{"@id":"https:\/\/centrourbano.com\/revista\/#organization"},"potentialAction":[{"@type":"SearchAction","target":{"@type":"EntryPoint","urlTemplate":"https:\/\/centrourbano.com\/revista\/?s={search_term_string}"},"query-input":{"@type":"PropertyValueSpecification","valueRequired":true,"valueName":"search_term_string"}}],"inLanguage":"es"},{"@type":"Organization","@id":"https:\/\/centrourbano.com\/revista\/#organization","name":"Centro Urbano","url":"https:\/\/centrourbano.com\/revista\/","logo":{"@type":"ImageObject","inLanguage":"es","@id":"https:\/\/centrourbano.com\/revista\/#\/schema\/logo\/image\/","url":"https:\/\/centrourbano.com\/revista\/wp-content\/uploads\/web_CU_logo-1.png","contentUrl":"https:\/\/centrourbano.com\/revista\/wp-content\/uploads\/web_CU_logo-1.png","width":350,"height":91,"caption":"Centro Urbano"},"image":{"@id":"https:\/\/centrourbano.com\/revista\/#\/schema\/logo\/image\/"},"sameAs":["https:\/\/www.facebook.com\/portalcentrourbano","https:\/\/x.com\/CentroUrbano","https:\/\/www.instagram.com\/centro_urbano\/","https:\/\/www.linkedin.com\/company\/centro-urbano\/","http:\/\/www.youtube.com\/user\/portalcentrourbano"]},{"@type":"Person","@id":"https:\/\/centrourbano.com\/revista\/#\/schema\/person\/680e7c50f9d6e917e416c9efdc26f996","name":"Redacci\u00f3n Centro Urbano","image":{"@type":"ImageObject","inLanguage":"es","@id":"https:\/\/secure.gravatar.com\/avatar\/15a789f894398c0f311f3a7a2ee28032bbc0483098539da66b6a045aa810bf35?s=96&d=mm&r=g","url":"https:\/\/secure.gravatar.com\/avatar\/15a789f894398c0f311f3a7a2ee28032bbc0483098539da66b6a045aa810bf35?s=96&d=mm&r=g","contentUrl":"https:\/\/secure.gravatar.com\/avatar\/15a789f894398c0f311f3a7a2ee28032bbc0483098539da66b6a045aa810bf35?s=96&d=mm&r=g","caption":"Redacci\u00f3n Centro Urbano"},"url":"https:\/\/centrourbano.com\/revista\/author\/editorial\/"}]}},"_links":{"self":[{"href":"https:\/\/centrourbano.com\/revista\/wp-json\/wp\/v2\/posts\/153801","targetHints":{"allow":["GET"]}}],"collection":[{"href":"https:\/\/centrourbano.com\/revista\/wp-json\/wp\/v2\/posts"}],"about":[{"href":"https:\/\/centrourbano.com\/revista\/wp-json\/wp\/v2\/types\/post"}],"author":[{"embeddable":true,"href":"https:\/\/centrourbano.com\/revista\/wp-json\/wp\/v2\/users\/14"}],"replies":[{"embeddable":true,"href":"https:\/\/centrourbano.com\/revista\/wp-json\/wp\/v2\/comments?post=153801"}],"version-history":[{"count":4,"href":"https:\/\/centrourbano.com\/revista\/wp-json\/wp\/v2\/posts\/153801\/revisions"}],"predecessor-version":[{"id":157270,"href":"https:\/\/centrourbano.com\/revista\/wp-json\/wp\/v2\/posts\/153801\/revisions\/157270"}],"wp:featuredmedia":[{"embeddable":true,"href":"https:\/\/centrourbano.com\/revista\/wp-json\/wp\/v2\/media\/153805"}],"wp:attachment":[{"href":"https:\/\/centrourbano.com\/revista\/wp-json\/wp\/v2\/media?parent=153801"}],"wp:term":[{"taxonomy":"category","embeddable":true,"href":"https:\/\/centrourbano.com\/revista\/wp-json\/wp\/v2\/categories?post=153801"},{"taxonomy":"post_tag","embeddable":true,"href":"https:\/\/centrourbano.com\/revista\/wp-json\/wp\/v2\/tags?post=153801"}],"curies":[{"name":"wp","href":"https:\/\/api.w.org\/{rel}","templated":true}]}}