{"id":153753,"date":"2025-03-03T09:00:37","date_gmt":"2025-03-03T15:00:37","guid":{"rendered":"https:\/\/centrourbano.com\/revista\/?p=153753"},"modified":"2025-02-27T15:07:19","modified_gmt":"2025-02-27T21:07:19","slug":"urge-reactivar-construccion","status":"publish","type":"post","link":"https:\/\/centrourbano.com\/revista\/opinion\/urge-reactivar-construccion\/","title":{"rendered":"Urge reactivar la industria de la construcci\u00f3n"},"content":{"rendered":"<p><em>M\u00e9xico necesita encender o acelerar todo motor que impulse su desarrollo, y por eso hay que insistir en que urge reactivar la industria de la construcci\u00f3n<\/em><!--more--><\/p>\n<p><em>Por Horacio Urbano<\/em><!--more--><\/p>\n<p>A ver. Todo apunta a que este ser\u00e1 un a\u00f1o dif\u00edcil para la econom\u00eda mexicana, con pron\u00f3sticos de crecimiento que ya eran de origen malos, pero que durante las semanas recientes han tenido que ser ajustados a la baja.<\/p>\n<p>\u00bfQu\u00e9 tan a la baja? Pues digamos que los escenarios m\u00e1s positivos proponen un crecimiento que no llegar\u00e1 al uno por ciento.<\/p>\n<p>No le demos vueltas, el a\u00f1o ser\u00e1 retador y ni las promesas del nearshoring alcanzan para cambiar esta realidad.<\/p>\n<p>Y no se ve c\u00f3mo revertir esta tendencia\u2026 No en lo inmediato\u2026 Y no con acciones que est\u00e9n al alcance de lo que pueda hacer el gobierno mexicano, que debe enfrentar los efectos de las olas provocadas por el hurac\u00e1n Trump.<\/p>\n<p>Pero el caso es que algo hay que hacer, y la l\u00f3gica indica que es momento de recurrir a todo lo que tengamos a mano que pueda ayudar a impulsar la econom\u00eda nacional y sus econom\u00edas locales.<\/p>\n<p>Es momento, claro, de encender motores que estaban apagados o de acelerar los que estaban a baja velocidad, y que puedan aportar valiosos puntos al PIB, traducidos en dinamismo econ\u00f3mico que alcance cuanta rama de la econom\u00eda sea posible, que tengan el mayor impacto en las econom\u00edas locales y que sean importantes generadores de empleo.<\/p>\n<p>Motores como la vivienda, lo que ya est\u00e1 planteado a partir de un ambicioso programa sexenal, pero, tambi\u00e9n, motores como el sector inmobiliario, la construcci\u00f3n y la obra p\u00fablica, que durante \u00e9l sexenio pasado estuvieron olvidados y que en lo que va del presente, no acaban de ser se\u00f1alados como elementos estrat\u00e9gicos como parte de un proceso para fortalecer nuestra econom\u00eda y nuestro nivel de competitividad.<\/p>\n<p>El sector inmobiliario, con la clara excepci\u00f3n de los segmentos industriales y residencial, resienten el impacto de no haber sido considerados parte de una estrategia de desarrollo nacional o regional, situaci\u00f3n que se agrav\u00f3 bajo los efectos de la pandemia, de las consecuentes desaceleraci\u00f3n de la econom\u00eda y sus efectos inflacionarios, y de profundos cambios en las formas de trabajo y consumo.<\/p>\n<p>Y hay que decir que si el efecto no fue tan contundente en los segmentos vivienda e industrial, no fue a causa de una estrategia de gobierno, sino porque estos segmentos siguieron evidenciando la fortaleza de una demanda real y en constante renovaci\u00f3n. Son, por as\u00ed decirlo, segmentos que se defienden solos, y que, con o a pesar de los gobiernos, seguir\u00e1n activos en tanto sigan dando respuesta a necesidades reales de la sociedad y de las actividades productivas.<\/p>\n<p>Pero con la construcci\u00f3n y la obra p\u00fablica la cosa es diferente. Porque m\u00e1s all\u00e1 del discurso oficial, si durante el 2023 los grandes proyectos promovidos por el gobierno impulsaron la construcci\u00f3n, este impulso cay\u00f3 en el 2024, marcando el peor descenso en la actividad desde el pand\u00e9mico 2020.<\/p>\n<p>Los benditos datos nos dicen, tomando como fuente al <a href=\"https:\/\/www.inegi.org.mx\/temas\/construccion\/\" target=\"_blank\" rel=\"noopener\">Inegi<\/a>, que en el 2024 la producci\u00f3n de la construcci\u00f3n cay\u00f3 -6.9%, arrastrada en esa ca\u00edda por los desplomes de la inversi\u00f3n en los segmentos transporte y urbanizaci\u00f3n, y obra p\u00fablica, que reportaron descensos de -25.5% y -20.1%, respectivamente.<\/p>\n<p>Y claro\u2026 Estas ca\u00eddas arrastraron con ellas indicadores de empleo, desarrollo regional y dispersi\u00f3n a quienes conforman cadenas de valor relacionadas con cada actividad.<\/p>\n<p>\u00bfHay condiciones para reactivar el sector inmobiliario, la construcci\u00f3n y la obra p\u00fablica?<\/p>\n<p>No\u2026 O por decirlo con un \u00e1nimo m\u00e1s real y positivo\u2026 No todav\u00eda, en tanto el gobierno no presente sus programas, anuncie inversiones y d\u00e9 al sector privado las se\u00f1ales de confianza indispensables para pensar en la viabilidad de esa reactivaci\u00f3n.<\/p>\n<p>Ojal\u00e1 que el Plan Nacional de Desarrollo traiga esos elementos al debate\u2026<\/p>\n<p>Para que, sobre esa base, se den a conocer los programas de infraestructura y obra p\u00fablica y se formalicen acuerdos que permitan que el sector inmobiliario vuelva a ser tomado en cuenta y sus empresas recuperen el inter\u00e9s en invertir en el pa\u00eds.<\/p>\n<p>No hay que darle vueltas. M\u00e9xico necesita encender o acelerar todo motor que impulse su desarrollo, y por eso hay que insistir en que urge reactivar la industria de la construcci\u00f3n.<\/p>\n<p>No podemos darnos el lujo de perder sus aportaciones en lo econ\u00f3mico, en lo social, y como factor determinante en la generaci\u00f3n de entornos propicios para alcanzar mejores escenarios de futuro.<\/p>\n<h2><strong>\u00a1Ah\u00ed viene el Fovissste!<\/strong><\/h2>\n<p>La presidenta <strong>Claudia Sheinbaum<\/strong> anunci\u00f3 una pol\u00edtica de vivienda que contempla la construcci\u00f3n de un mill\u00f3n de viviendas, que, detall\u00f3, ser\u00e1n construidas a partes iguales por el Infonavit, de <strong>Octavio Romero<\/strong>, y por la Comisi\u00f3n Nacional de Vivienda (Conavi). de <strong>Rodrigo Ch\u00e1vez<\/strong>.<\/p>\n<p>Pero quienes conocen la estructura del sector vivienda sab\u00edan que ah\u00ed faltaba mencionar al Fovissste.<\/p>\n<p>Y el hecho es que el Fovissste, que dirige <strong>Jabnely Maldonado<\/strong>, se suma\u00a0 a esta estrategia nacional, agregando a esa meta un n\u00famero de viviendas a\u00fan por definir.<\/p>\n<p>Y aun por definir, porque el fondo que atiende las demandas de vivienda de los trabajadores al servicio del Estado, tendr\u00e1 ajustes en su operaci\u00f3n como resultado de una iniciativa que se acaba de presentar al Congreso, para reformar la Ley del ISSSTE, en temas relacionados con sus servicios de vivienda.<\/p>\n<p>La Reforma busca seguir los pasos del Infonavit, otorgando al Fovissste facultades para construir, administrar inventarios de vivienda e implementar programas de arrendamiento.<\/p>\n<p>Habr\u00e1 que estar atentos a la iniciativa, que con el antecedente de lo que pas\u00f3 con la del Infonavit, con toda probabilidad ser\u00e1 r\u00e1pidamente aprobada y puesta en marcha, para con eso, poder agregar una cifra del orden de 100,000 viviendas adicionales, a la meta sexenal de 1 mill\u00f3n de viviendas, planteada por la presidenta Sheinbaum.<\/p>\n<p>Y bueno, si esto pasa, la meta sexenal ser\u00eda que el gobierno construya, a trav\u00e9s de Infonavit, Fovissste y Conavi, 1 mill\u00f3n 100,000 viviendas, que se agregar\u00edan a las que en forma inercial ya ven\u00eda generando el sector privado, que, a su vez, con toda probabilidad podr\u00eda ver crecer sus n\u00fameros a partir del papel prioritario que se est\u00e1 dando a la pol\u00edtica de vivienda.<\/p>\n<p>Si todo camina bien, estar\u00edamos hablando de que vienen buenos a\u00f1os para el sector, y, sobre todo, para los mexicanos que requieren atenci\u00f3n a su reto habitacional.<\/p>\n<h2><strong>\u00a0<\/strong><strong>\u00bfIdeas en busca de inversiones?<\/strong><\/h2>\n<p>\u00bfTienen una idea para desarrollar un producto o servicio que pueda revolucionar el sector inmobiliario pero necesitan inversionistas y\/o \u201ccontactos\u201d para hacerla realidad?<\/p>\n<p>\u00bfSon empresarios o inversionistas en el sector inmobiliario y est\u00e1n en busca de ideas innovadoras y disruptivas que les permitan crecer con mayor rapidez y con la mira puesta en el futuro?<\/p>\n<p>\u00bfTienen productos y servicios dirigidos al sector inmobiliario y est\u00e1n en busca de clientes o aliados?<\/p>\n<p>\u00bfO son empresarios del sector y est\u00e1n en busca de productos y servicios para mejorar su operaci\u00f3n?<\/p>\n<p>Vamos a desarrollar un ejercicio en que pondremos en contacto a quienes tienen esas ideas y esos productos, con grandes empresarios e inversionistas del sector.<\/p>\n<p>Y para ello sumamos fuerzas con muchos l\u00edderes de la industria inmobiliaria, para lanzar una plataforma que busca fortalecer los alcances del sector y abrir nuevas oportunidades tanto para quienes integran sus cadenas de valor, como para la sociedad.<\/p>\n<p>Est\u00e9nse atentos\u2026 Que por aqu\u00ed y desde los canales de Centro Urbano les estaremos comentando.<\/p>\n<p>\u00bfInteresados?<\/p>\n<p>Informes: relacionespublicas@centrourbano.com<\/p>\n<h2><strong>Vivienda 360\/Vivienda para Todos<\/strong><\/h2>\n<p>Los invito a conocer, compartir y usar <strong>Vivienda 360\/Vivienda para Todos<\/strong>. Un documento que generamos en <strong>Centro Urbano <\/strong>con el objetivo de recoger, generar, agrupar, organizar y presentar, un conjunto de ideas integradas en un recetario que propone tres acciones esenciales, y una caja de 100 herramientas para entender y atender el reto habitacional.<\/p>\n<p>Los invito a leer, compartir y comentar. Esta es la sexta actualizaci\u00f3n de este documento. Un documento vivo, que no queda cerrado, porque se estar\u00e1 actualizando peri\u00f3dicamente, agregando, depurando y afinando\u2026 Agregando, depurando y afinando\u2026\u00a0 Agregando, depurando y afinando\u2026<\/p>\n<p>Aqu\u00ed les dejo la liga: <a href=\"https:\/\/centrourbano.com\/revista\/publicaciones\/360o-vivienda-para-todos\/\" target=\"_blank\" rel=\"noopener\">https:\/\/centrourbano.com\/revista\/publicaciones\/360o-vivienda-para-todos\/<\/a><\/p>\n<a href=\"https:\/\/centrourbano.com\/revista\/wp-content\/uploads\/360-2-2-1-1.png\" target=\"_blank\" rel=\"noopener\"><img loading=\"lazy\" decoding=\"async\" class=\"aligncenter wp-image-153755 size-full\" src=\"https:\/\/centrourbano.com\/revista\/wp-content\/uploads\/360-2-2-1-1.png\" alt=\"\" width=\"635\" height=\"635\" srcset=\"https:\/\/centrourbano.com\/revista\/wp-content\/uploads\/360-2-2-1-1.png 635w, https:\/\/centrourbano.com\/revista\/wp-content\/uploads\/360-2-2-1-1-300x300.png 300w, https:\/\/centrourbano.com\/revista\/wp-content\/uploads\/360-2-2-1-1-150x150.png 150w, https:\/\/centrourbano.com\/revista\/wp-content\/uploads\/360-2-2-1-1-445x445.png 445w, https:\/\/centrourbano.com\/revista\/wp-content\/uploads\/360-2-2-1-1-350x350.png 350w, https:\/\/centrourbano.com\/revista\/wp-content\/uploads\/360-2-2-1-1-160x160.png 160w, https:\/\/centrourbano.com\/revista\/wp-content\/uploads\/360-2-2-1-1-255x255.png 255w, https:\/\/centrourbano.com\/revista\/wp-content\/uploads\/360-2-2-1-1-65x65.png 65w\" sizes=\"auto, (max-width: 635px) 100vw, 635px\" \/><\/a>\n","protected":false},"excerpt":{"rendered":"<p>M\u00e9xico necesita encender o acelerar todo motor que impulse su desarrollo, y por eso hay que insistir en que urge reactivar la industria de la construcci\u00f3n<\/p>\n","protected":false},"author":13,"featured_media":153754,"comment_status":"open","ping_status":"closed","sticky":false,"template":"","format":"standard","meta":{"om_disable_all_campaigns":false,"inline_featured_image":false,"_monsterinsights_skip_tracking":false,"_monsterinsights_sitenote_active":false,"_monsterinsights_sitenote_note":"","_monsterinsights_sitenote_category":0,"footnotes":""},"categories":[241,5],"tags":[22,155,100,24723,60],"class_list":["post-153753","post","type-post","status-publish","format-standard","has-post-thumbnail","hentry","category-blog-desde-la-casa","category-opinion","tag-construccion-2","tag-fovissste","tag-infonavit","tag-programa-de-vivienda-para-el-bienestar","tag-vivienda-2"],"yoast_head":"<!-- This site is optimized with the Yoast SEO plugin v27.4 - https:\/\/yoast.com\/product\/yoast-seo-wordpress\/ -->\n<title>Urge reactivar la industria de la construcci\u00f3n<\/title>\n<meta name=\"description\" content=\"M\u00e9xico necesita encender o acelerar todo motor que impulse su desarrollo, y por eso hay que reactivar la industria de la construcci\u00f3n\" \/>\n<meta name=\"robots\" content=\"index, follow, max-snippet:-1, max-image-preview:large, max-video-preview:-1\" \/>\n<link rel=\"canonical\" href=\"https:\/\/centrourbano.com\/revista\/opinion\/urge-reactivar-construccion\/\" \/>\n<meta property=\"og:locale\" content=\"es_ES\" \/>\n<meta property=\"og:type\" content=\"article\" \/>\n<meta property=\"og:title\" content=\"Urge reactivar la industria de la construcci\u00f3n\" \/>\n<meta property=\"og:description\" content=\"M\u00e9xico necesita encender o acelerar todo motor que impulse su desarrollo, y por eso hay que reactivar la industria de la construcci\u00f3n\" \/>\n<meta property=\"og:url\" content=\"https:\/\/centrourbano.com\/revista\/opinion\/urge-reactivar-construccion\/\" \/>\n<meta property=\"og:site_name\" content=\"Centro Urbano\" \/>\n<meta property=\"article:publisher\" content=\"https:\/\/www.facebook.com\/portalcentrourbano\" \/>\n<meta property=\"article:author\" content=\"https:\/\/www.facebook.com\/urbano.horacio\/\" \/>\n<meta property=\"article:published_time\" content=\"2025-03-03T15:00:37+00:00\" \/>\n<meta property=\"og:image\" content=\"https:\/\/centrourbano.com\/revista\/wp-content\/uploads\/BlogHoracio-635x635-1.jpg\" \/>\n\t<meta property=\"og:image:width\" content=\"635\" \/>\n\t<meta property=\"og:image:height\" content=\"635\" \/>\n\t<meta property=\"og:image:type\" content=\"image\/jpeg\" \/>\n<meta name=\"author\" content=\"Horacio Urbano\" \/>\n<meta name=\"twitter:card\" content=\"summary_large_image\" \/>\n<meta name=\"twitter:creator\" content=\"@https:\/\/twitter.com\/horacio_urbano\" \/>\n<meta name=\"twitter:site\" content=\"@CentroUrbano\" \/>\n<meta name=\"twitter:label1\" content=\"Escrito por\" \/>\n\t<meta name=\"twitter:data1\" content=\"Horacio Urbano\" \/>\n\t<meta name=\"twitter:label2\" content=\"Tiempo de lectura\" \/>\n\t<meta name=\"twitter:data2\" content=\"7 minutos\" \/>\n<script type=\"application\/ld+json\" class=\"yoast-schema-graph\">{\"@context\":\"https:\\\/\\\/schema.org\",\"@graph\":[{\"@type\":\"Article\",\"@id\":\"https:\\\/\\\/centrourbano.com\\\/revista\\\/opinion\\\/urge-reactivar-construccion\\\/#article\",\"isPartOf\":{\"@id\":\"https:\\\/\\\/centrourbano.com\\\/revista\\\/opinion\\\/urge-reactivar-construccion\\\/\"},\"author\":{\"name\":\"Horacio Urbano\",\"@id\":\"https:\\\/\\\/centrourbano.com\\\/revista\\\/#\\\/schema\\\/person\\\/69755154fe97eeebe4fe9394cb318d28\"},\"headline\":\"Urge reactivar la industria de la construcci\u00f3n\",\"datePublished\":\"2025-03-03T15:00:37+00:00\",\"mainEntityOfPage\":{\"@id\":\"https:\\\/\\\/centrourbano.com\\\/revista\\\/opinion\\\/urge-reactivar-construccion\\\/\"},\"wordCount\":1423,\"commentCount\":0,\"publisher\":{\"@id\":\"https:\\\/\\\/centrourbano.com\\\/revista\\\/#organization\"},\"image\":{\"@id\":\"https:\\\/\\\/centrourbano.com\\\/revista\\\/opinion\\\/urge-reactivar-construccion\\\/#primaryimage\"},\"thumbnailUrl\":\"https:\\\/\\\/centrourbano.com\\\/revista\\\/wp-content\\\/uploads\\\/BlogHoracio-635x635-1.jpg\",\"keywords\":[\"construcci\u00f3n\",\"Fovissste\",\"Infonavit\",\"Programa de Vivienda para el Bienestar\",\"vivienda\"],\"articleSection\":[\"Desde la Casa\",\"Opini\u00f3n\"],\"inLanguage\":\"es\",\"potentialAction\":[{\"@type\":\"CommentAction\",\"name\":\"Comment\",\"target\":[\"https:\\\/\\\/centrourbano.com\\\/revista\\\/opinion\\\/urge-reactivar-construccion\\\/#respond\"]}]},{\"@type\":\"WebPage\",\"@id\":\"https:\\\/\\\/centrourbano.com\\\/revista\\\/opinion\\\/urge-reactivar-construccion\\\/\",\"url\":\"https:\\\/\\\/centrourbano.com\\\/revista\\\/opinion\\\/urge-reactivar-construccion\\\/\",\"name\":\"Urge reactivar la industria de la construcci\u00f3n\",\"isPartOf\":{\"@id\":\"https:\\\/\\\/centrourbano.com\\\/revista\\\/#website\"},\"primaryImageOfPage\":{\"@id\":\"https:\\\/\\\/centrourbano.com\\\/revista\\\/opinion\\\/urge-reactivar-construccion\\\/#primaryimage\"},\"image\":{\"@id\":\"https:\\\/\\\/centrourbano.com\\\/revista\\\/opinion\\\/urge-reactivar-construccion\\\/#primaryimage\"},\"thumbnailUrl\":\"https:\\\/\\\/centrourbano.com\\\/revista\\\/wp-content\\\/uploads\\\/BlogHoracio-635x635-1.jpg\",\"datePublished\":\"2025-03-03T15:00:37+00:00\",\"description\":\"M\u00e9xico necesita encender o acelerar todo motor que impulse su desarrollo, y por eso hay que reactivar la industria de la construcci\u00f3n\",\"breadcrumb\":{\"@id\":\"https:\\\/\\\/centrourbano.com\\\/revista\\\/opinion\\\/urge-reactivar-construccion\\\/#breadcrumb\"},\"inLanguage\":\"es\",\"potentialAction\":[{\"@type\":\"ReadAction\",\"target\":[\"https:\\\/\\\/centrourbano.com\\\/revista\\\/opinion\\\/urge-reactivar-construccion\\\/\"]}]},{\"@type\":\"ImageObject\",\"inLanguage\":\"es\",\"@id\":\"https:\\\/\\\/centrourbano.com\\\/revista\\\/opinion\\\/urge-reactivar-construccion\\\/#primaryimage\",\"url\":\"https:\\\/\\\/centrourbano.com\\\/revista\\\/wp-content\\\/uploads\\\/BlogHoracio-635x635-1.jpg\",\"contentUrl\":\"https:\\\/\\\/centrourbano.com\\\/revista\\\/wp-content\\\/uploads\\\/BlogHoracio-635x635-1.jpg\",\"width\":635,\"height\":635,\"caption\":\"Urge reactivar la industria de la construcci\u00f3n\"},{\"@type\":\"BreadcrumbList\",\"@id\":\"https:\\\/\\\/centrourbano.com\\\/revista\\\/opinion\\\/urge-reactivar-construccion\\\/#breadcrumb\",\"itemListElement\":[{\"@type\":\"ListItem\",\"position\":1,\"name\":\"Portada\",\"item\":\"https:\\\/\\\/centrourbano.com\\\/revista\\\/\"},{\"@type\":\"ListItem\",\"position\":2,\"name\":\"Urge reactivar la industria de la construcci\u00f3n\"}]},{\"@type\":\"WebSite\",\"@id\":\"https:\\\/\\\/centrourbano.com\\\/revista\\\/#website\",\"url\":\"https:\\\/\\\/centrourbano.com\\\/revista\\\/\",\"name\":\"Centro Urbano\",\"description\":\"Medio especializado en los sectores vivienda, inmobiliario, construcci\u00f3n, arquitectura y urbanismo.\",\"publisher\":{\"@id\":\"https:\\\/\\\/centrourbano.com\\\/revista\\\/#organization\"},\"potentialAction\":[{\"@type\":\"SearchAction\",\"target\":{\"@type\":\"EntryPoint\",\"urlTemplate\":\"https:\\\/\\\/centrourbano.com\\\/revista\\\/?s={search_term_string}\"},\"query-input\":{\"@type\":\"PropertyValueSpecification\",\"valueRequired\":true,\"valueName\":\"search_term_string\"}}],\"inLanguage\":\"es\"},{\"@type\":\"Organization\",\"@id\":\"https:\\\/\\\/centrourbano.com\\\/revista\\\/#organization\",\"name\":\"Centro Urbano\",\"url\":\"https:\\\/\\\/centrourbano.com\\\/revista\\\/\",\"logo\":{\"@type\":\"ImageObject\",\"inLanguage\":\"es\",\"@id\":\"https:\\\/\\\/centrourbano.com\\\/revista\\\/#\\\/schema\\\/logo\\\/image\\\/\",\"url\":\"https:\\\/\\\/centrourbano.com\\\/revista\\\/wp-content\\\/uploads\\\/web_CU_logo-1.png\",\"contentUrl\":\"https:\\\/\\\/centrourbano.com\\\/revista\\\/wp-content\\\/uploads\\\/web_CU_logo-1.png\",\"width\":350,\"height\":91,\"caption\":\"Centro Urbano\"},\"image\":{\"@id\":\"https:\\\/\\\/centrourbano.com\\\/revista\\\/#\\\/schema\\\/logo\\\/image\\\/\"},\"sameAs\":[\"https:\\\/\\\/www.facebook.com\\\/portalcentrourbano\",\"https:\\\/\\\/x.com\\\/CentroUrbano\",\"https:\\\/\\\/www.instagram.com\\\/centro_urbano\\\/\",\"https:\\\/\\\/www.linkedin.com\\\/company\\\/centro-urbano\\\/\",\"http:\\\/\\\/www.youtube.com\\\/user\\\/portalcentrourbano\"]},{\"@type\":\"Person\",\"@id\":\"https:\\\/\\\/centrourbano.com\\\/revista\\\/#\\\/schema\\\/person\\\/69755154fe97eeebe4fe9394cb318d28\",\"name\":\"Horacio Urbano\",\"image\":{\"@type\":\"ImageObject\",\"inLanguage\":\"es\",\"@id\":\"https:\\\/\\\/secure.gravatar.com\\\/avatar\\\/bf4232bac122249113b7bcc4636a8d0432b9fa8bcce4243f1ed6c1ecb8fe915f?s=96&d=mm&r=g\",\"url\":\"https:\\\/\\\/secure.gravatar.com\\\/avatar\\\/bf4232bac122249113b7bcc4636a8d0432b9fa8bcce4243f1ed6c1ecb8fe915f?s=96&d=mm&r=g\",\"contentUrl\":\"https:\\\/\\\/secure.gravatar.com\\\/avatar\\\/bf4232bac122249113b7bcc4636a8d0432b9fa8bcce4243f1ed6c1ecb8fe915f?s=96&d=mm&r=g\",\"caption\":\"Horacio Urbano\"},\"description\":\"Horacio Urbano es arquitecto. Su experiencia profesional se ha desarrollado en los diferentes \u00e1mbitos que definen la industria de la vivienda. En 1999 inici\u00f3 un proyecto editorial dirigido a los sectores inmobiliario y construcci\u00f3n que a lo largo de los a\u00f1os se ha convertido en una poderosa plataforma multimedios y en una verdadera referencia para esta industria. Fundador, junto con la tambi\u00e9n arquitecta Roxana Fabris, de Grupo Centro Urbano, firma que impulsa y desarrolla una serie de esfuerzos de comunicaci\u00f3n relacionados con estos sectores. Como parte de su trabajo en M\u00e9xico y el extranjero, ha escrito o participado en una serie de libros especializados, es colaborador de diferentes medios impresos y electr\u00f3nicos, es activo conferencista y bajo diferentes modelos colabora tambi\u00e9n con diversas empresas e instituciones p\u00fablicas y privadas del sector.\",\"sameAs\":[\"http:\\\/\\\/horaciourbano.com\\\/home\\\/\",\"https:\\\/\\\/www.facebook.com\\\/urbano.horacio\\\/\",\"https:\\\/\\\/x.com\\\/https:\\\/\\\/twitter.com\\\/horacio_urbano\"],\"url\":\"https:\\\/\\\/centrourbano.com\\\/revista\\\/author\\\/horacio-urbano\\\/\"}]}<\/script>\n<!-- \/ Yoast SEO plugin. -->","yoast_head_json":{"title":"Urge reactivar la industria de la construcci\u00f3n","description":"M\u00e9xico necesita encender o acelerar todo motor que impulse su desarrollo, y por eso hay que reactivar la industria de la construcci\u00f3n","robots":{"index":"index","follow":"follow","max-snippet":"max-snippet:-1","max-image-preview":"max-image-preview:large","max-video-preview":"max-video-preview:-1"},"canonical":"https:\/\/centrourbano.com\/revista\/opinion\/urge-reactivar-construccion\/","og_locale":"es_ES","og_type":"article","og_title":"Urge reactivar la industria de la construcci\u00f3n","og_description":"M\u00e9xico necesita encender o acelerar todo motor que impulse su desarrollo, y por eso hay que reactivar la industria de la construcci\u00f3n","og_url":"https:\/\/centrourbano.com\/revista\/opinion\/urge-reactivar-construccion\/","og_site_name":"Centro Urbano","article_publisher":"https:\/\/www.facebook.com\/portalcentrourbano","article_author":"https:\/\/www.facebook.com\/urbano.horacio\/","article_published_time":"2025-03-03T15:00:37+00:00","og_image":[{"width":635,"height":635,"url":"https:\/\/centrourbano.com\/revista\/wp-content\/uploads\/BlogHoracio-635x635-1.jpg","type":"image\/jpeg"}],"author":"Horacio Urbano","twitter_card":"summary_large_image","twitter_creator":"@https:\/\/twitter.com\/horacio_urbano","twitter_site":"@CentroUrbano","twitter_misc":{"Escrito por":"Horacio Urbano","Tiempo de lectura":"7 minutos"},"schema":{"@context":"https:\/\/schema.org","@graph":[{"@type":"Article","@id":"https:\/\/centrourbano.com\/revista\/opinion\/urge-reactivar-construccion\/#article","isPartOf":{"@id":"https:\/\/centrourbano.com\/revista\/opinion\/urge-reactivar-construccion\/"},"author":{"name":"Horacio Urbano","@id":"https:\/\/centrourbano.com\/revista\/#\/schema\/person\/69755154fe97eeebe4fe9394cb318d28"},"headline":"Urge reactivar la industria de la construcci\u00f3n","datePublished":"2025-03-03T15:00:37+00:00","mainEntityOfPage":{"@id":"https:\/\/centrourbano.com\/revista\/opinion\/urge-reactivar-construccion\/"},"wordCount":1423,"commentCount":0,"publisher":{"@id":"https:\/\/centrourbano.com\/revista\/#organization"},"image":{"@id":"https:\/\/centrourbano.com\/revista\/opinion\/urge-reactivar-construccion\/#primaryimage"},"thumbnailUrl":"https:\/\/centrourbano.com\/revista\/wp-content\/uploads\/BlogHoracio-635x635-1.jpg","keywords":["construcci\u00f3n","Fovissste","Infonavit","Programa de Vivienda para el Bienestar","vivienda"],"articleSection":["Desde la Casa","Opini\u00f3n"],"inLanguage":"es","potentialAction":[{"@type":"CommentAction","name":"Comment","target":["https:\/\/centrourbano.com\/revista\/opinion\/urge-reactivar-construccion\/#respond"]}]},{"@type":"WebPage","@id":"https:\/\/centrourbano.com\/revista\/opinion\/urge-reactivar-construccion\/","url":"https:\/\/centrourbano.com\/revista\/opinion\/urge-reactivar-construccion\/","name":"Urge reactivar la industria de la construcci\u00f3n","isPartOf":{"@id":"https:\/\/centrourbano.com\/revista\/#website"},"primaryImageOfPage":{"@id":"https:\/\/centrourbano.com\/revista\/opinion\/urge-reactivar-construccion\/#primaryimage"},"image":{"@id":"https:\/\/centrourbano.com\/revista\/opinion\/urge-reactivar-construccion\/#primaryimage"},"thumbnailUrl":"https:\/\/centrourbano.com\/revista\/wp-content\/uploads\/BlogHoracio-635x635-1.jpg","datePublished":"2025-03-03T15:00:37+00:00","description":"M\u00e9xico necesita encender o acelerar todo motor que impulse su desarrollo, y por eso hay que reactivar la industria de la construcci\u00f3n","breadcrumb":{"@id":"https:\/\/centrourbano.com\/revista\/opinion\/urge-reactivar-construccion\/#breadcrumb"},"inLanguage":"es","potentialAction":[{"@type":"ReadAction","target":["https:\/\/centrourbano.com\/revista\/opinion\/urge-reactivar-construccion\/"]}]},{"@type":"ImageObject","inLanguage":"es","@id":"https:\/\/centrourbano.com\/revista\/opinion\/urge-reactivar-construccion\/#primaryimage","url":"https:\/\/centrourbano.com\/revista\/wp-content\/uploads\/BlogHoracio-635x635-1.jpg","contentUrl":"https:\/\/centrourbano.com\/revista\/wp-content\/uploads\/BlogHoracio-635x635-1.jpg","width":635,"height":635,"caption":"Urge reactivar la industria de la construcci\u00f3n"},{"@type":"BreadcrumbList","@id":"https:\/\/centrourbano.com\/revista\/opinion\/urge-reactivar-construccion\/#breadcrumb","itemListElement":[{"@type":"ListItem","position":1,"name":"Portada","item":"https:\/\/centrourbano.com\/revista\/"},{"@type":"ListItem","position":2,"name":"Urge reactivar la industria de la construcci\u00f3n"}]},{"@type":"WebSite","@id":"https:\/\/centrourbano.com\/revista\/#website","url":"https:\/\/centrourbano.com\/revista\/","name":"Centro Urbano","description":"Medio especializado en los sectores vivienda, inmobiliario, construcci\u00f3n, arquitectura y urbanismo.","publisher":{"@id":"https:\/\/centrourbano.com\/revista\/#organization"},"potentialAction":[{"@type":"SearchAction","target":{"@type":"EntryPoint","urlTemplate":"https:\/\/centrourbano.com\/revista\/?s={search_term_string}"},"query-input":{"@type":"PropertyValueSpecification","valueRequired":true,"valueName":"search_term_string"}}],"inLanguage":"es"},{"@type":"Organization","@id":"https:\/\/centrourbano.com\/revista\/#organization","name":"Centro Urbano","url":"https:\/\/centrourbano.com\/revista\/","logo":{"@type":"ImageObject","inLanguage":"es","@id":"https:\/\/centrourbano.com\/revista\/#\/schema\/logo\/image\/","url":"https:\/\/centrourbano.com\/revista\/wp-content\/uploads\/web_CU_logo-1.png","contentUrl":"https:\/\/centrourbano.com\/revista\/wp-content\/uploads\/web_CU_logo-1.png","width":350,"height":91,"caption":"Centro Urbano"},"image":{"@id":"https:\/\/centrourbano.com\/revista\/#\/schema\/logo\/image\/"},"sameAs":["https:\/\/www.facebook.com\/portalcentrourbano","https:\/\/x.com\/CentroUrbano","https:\/\/www.instagram.com\/centro_urbano\/","https:\/\/www.linkedin.com\/company\/centro-urbano\/","http:\/\/www.youtube.com\/user\/portalcentrourbano"]},{"@type":"Person","@id":"https:\/\/centrourbano.com\/revista\/#\/schema\/person\/69755154fe97eeebe4fe9394cb318d28","name":"Horacio Urbano","image":{"@type":"ImageObject","inLanguage":"es","@id":"https:\/\/secure.gravatar.com\/avatar\/bf4232bac122249113b7bcc4636a8d0432b9fa8bcce4243f1ed6c1ecb8fe915f?s=96&d=mm&r=g","url":"https:\/\/secure.gravatar.com\/avatar\/bf4232bac122249113b7bcc4636a8d0432b9fa8bcce4243f1ed6c1ecb8fe915f?s=96&d=mm&r=g","contentUrl":"https:\/\/secure.gravatar.com\/avatar\/bf4232bac122249113b7bcc4636a8d0432b9fa8bcce4243f1ed6c1ecb8fe915f?s=96&d=mm&r=g","caption":"Horacio Urbano"},"description":"Horacio Urbano es arquitecto. Su experiencia profesional se ha desarrollado en los diferentes \u00e1mbitos que definen la industria de la vivienda. En 1999 inici\u00f3 un proyecto editorial dirigido a los sectores inmobiliario y construcci\u00f3n que a lo largo de los a\u00f1os se ha convertido en una poderosa plataforma multimedios y en una verdadera referencia para esta industria. Fundador, junto con la tambi\u00e9n arquitecta Roxana Fabris, de Grupo Centro Urbano, firma que impulsa y desarrolla una serie de esfuerzos de comunicaci\u00f3n relacionados con estos sectores. Como parte de su trabajo en M\u00e9xico y el extranjero, ha escrito o participado en una serie de libros especializados, es colaborador de diferentes medios impresos y electr\u00f3nicos, es activo conferencista y bajo diferentes modelos colabora tambi\u00e9n con diversas empresas e instituciones p\u00fablicas y privadas del sector.","sameAs":["http:\/\/horaciourbano.com\/home\/","https:\/\/www.facebook.com\/urbano.horacio\/","https:\/\/x.com\/https:\/\/twitter.com\/horacio_urbano"],"url":"https:\/\/centrourbano.com\/revista\/author\/horacio-urbano\/"}]}},"_links":{"self":[{"href":"https:\/\/centrourbano.com\/revista\/wp-json\/wp\/v2\/posts\/153753","targetHints":{"allow":["GET"]}}],"collection":[{"href":"https:\/\/centrourbano.com\/revista\/wp-json\/wp\/v2\/posts"}],"about":[{"href":"https:\/\/centrourbano.com\/revista\/wp-json\/wp\/v2\/types\/post"}],"author":[{"embeddable":true,"href":"https:\/\/centrourbano.com\/revista\/wp-json\/wp\/v2\/users\/13"}],"replies":[{"embeddable":true,"href":"https:\/\/centrourbano.com\/revista\/wp-json\/wp\/v2\/comments?post=153753"}],"version-history":[{"count":1,"href":"https:\/\/centrourbano.com\/revista\/wp-json\/wp\/v2\/posts\/153753\/revisions"}],"predecessor-version":[{"id":153756,"href":"https:\/\/centrourbano.com\/revista\/wp-json\/wp\/v2\/posts\/153753\/revisions\/153756"}],"wp:featuredmedia":[{"embeddable":true,"href":"https:\/\/centrourbano.com\/revista\/wp-json\/wp\/v2\/media\/153754"}],"wp:attachment":[{"href":"https:\/\/centrourbano.com\/revista\/wp-json\/wp\/v2\/media?parent=153753"}],"wp:term":[{"taxonomy":"category","embeddable":true,"href":"https:\/\/centrourbano.com\/revista\/wp-json\/wp\/v2\/categories?post=153753"},{"taxonomy":"post_tag","embeddable":true,"href":"https:\/\/centrourbano.com\/revista\/wp-json\/wp\/v2\/tags?post=153753"}],"curies":[{"name":"wp","href":"https:\/\/api.w.org\/{rel}","templated":true}]}}