{"id":153498,"date":"2025-02-14T16:43:34","date_gmt":"2025-02-14T22:43:34","guid":{"rendered":"https:\/\/centrourbano.com\/revista\/?p=153498"},"modified":"2025-02-14T16:43:34","modified_gmt":"2025-02-14T22:43:34","slug":"brugada-linea-5-cablebus","status":"publish","type":"post","link":"https:\/\/centrourbano.com\/revista\/urbanismo\/brugada-linea-5-cablebus\/","title":{"rendered":"Anuncia Brugada construcci\u00f3n de L\u00ednea 5 del Cableb\u00fas"},"content":{"rendered":"<p><em>La mandataria capitalina destac\u00f3 que la nueva l\u00ednea del Cableb\u00fas correr\u00e1 por las demarcaciones \u00c1lvaro Obreg\u00f3n y La Magdalena Contreras<\/em><!--more--><\/p>\n<p>La <strong>jefa de gobierno, Clara Brugada Molina<\/strong>, asegur\u00f3 que este a\u00f1o arrancar\u00e1 la construcci\u00f3n de la <strong>l\u00ednea 5 del Cableb\u00fas<\/strong>, en beneficio de las y los habitantes de la alcald\u00eda <strong>La Magdalena Contreras<\/strong>.<\/p>\n<p>Asimismo, la mandataria capitalina indic\u00f3 que en los Campos deportivos Oyamel de la colonia Tierra Unida se construir\u00e1 una de las terminales de la nueva l\u00ednea del Cableb\u00fas, que correr\u00e1 por las demarcaciones <strong>\u00c1lvaro Obreg\u00f3n y La Magdalena Contreras<\/strong>.<\/p>\n<p>Adem\u00e1s, destac\u00f3 que es un transporte silencioso, no genera emisiones y es r\u00e1pido, por lo que beneficiar\u00e1 a las y los vecinos al conectarse de manera \u00e1gil con otros sistemas de transporte.<\/p>\n<p>\u201cEs el mejor transporte del mundo para los que viven en las <strong>partes altas<\/strong>, para los que viven en la <strong>periferia<\/strong> y es justicia territorial porque no queremos que s\u00f3lo la ciudad central se llene de servicios y queden abandonadas las zonas alejadas. No. Queremos que lo que hist\u00f3ricamente ha quedado abandonado hoy se convierta en prioridad para el gobierno de la ciudad\u201d, a\u00f1adi\u00f3.<\/p>\n<p>De igual manera, coment\u00f3 que la construcci\u00f3n de una l\u00ednea del <strong>Cableb\u00fas<\/strong> toma dos a\u00f1os aproximadamente, y dio a conocer que la administraci\u00f3n capitalina ya cuenta con los recursos para iniciar las obras y muy pronto se concluir\u00e1n los estudios para definir la ruta exacta y continuar con la licitaci\u00f3n internacional.<\/p>\n<p>Por su parte, <strong>Ra\u00fal Basulto Luviano, titular de la Secretar\u00eda de Obras y Servicios capitalina<\/strong> (<strong>Sobse<\/strong>), inform\u00f3 que ya se iniciaron los estudios de varias l\u00edneas, la m\u00e1s avanzada es la 4, de Tlalpan, que ser\u00e1 la primera en arrancar, y luego sigue la l\u00ednea 5, una vez que se terminen los estudios.<\/p>\n<p>Por otro lado, <strong>Clara Brugada<\/strong> adelant\u00f3 que en los campos deportivos de Tierra Unida tambi\u00e9n se construir\u00e1 en este a\u00f1o la <strong>Utop\u00eda Oyamel<\/strong>, que tendr\u00e1 alberca, casa de d\u00eda para adultos mayores, trotapista de tart\u00e1n, centro de rehabilitaci\u00f3n y servicios m\u00e9dicos y laboratorio cl\u00ednico.<\/p>\n<p>Adicionalmente, refiri\u00f3 que uno de los asuntos m\u00e1s sensibles en La Magdalena Contreras es el <strong>abasto de agua<\/strong>, por lo que afirm\u00f3 que se har\u00e1 una inversi\u00f3n de 120 millones de pesos para ingresar m\u00e1s agua a esta zona.<\/p>\n<p>\u201cVenimos a decirles todo lo que vamos a hacer para que las zonas m\u00e1s dif\u00edciles, las m\u00e1s altas, las que les tocaba sufrir m\u00e1s, son las que hoy van a tener beneficios, (&#8230;) entonces van a arrancar tres obras: el <strong>agua, la movilidad y la Utop\u00eda<\/strong>\u201d, dijo.<\/p>\n<a href=\"https:\/\/centrourbano.com\/revista\/wp-content\/uploads\/67ae7be95a93c438085343-scaled.jpeg\" target=\"_blank\" rel=\"noopener\"><img loading=\"lazy\" decoding=\"async\" class=\"aligncenter wp-image-153501 \" src=\"https:\/\/centrourbano.com\/revista\/wp-content\/uploads\/67ae7be95a93c438085343-scaled.jpeg\" alt=\"\" width=\"699\" height=\"466\" srcset=\"https:\/\/centrourbano.com\/revista\/wp-content\/uploads\/67ae7be95a93c438085343-scaled.jpeg 2560w, https:\/\/centrourbano.com\/revista\/wp-content\/uploads\/67ae7be95a93c438085343-300x200.jpeg 300w, https:\/\/centrourbano.com\/revista\/wp-content\/uploads\/67ae7be95a93c438085343-1000x667.jpeg 1000w, https:\/\/centrourbano.com\/revista\/wp-content\/uploads\/67ae7be95a93c438085343-768x512.jpeg 768w, https:\/\/centrourbano.com\/revista\/wp-content\/uploads\/67ae7be95a93c438085343-1536x1024.jpeg 1536w, https:\/\/centrourbano.com\/revista\/wp-content\/uploads\/67ae7be95a93c438085343-2048x1365.jpeg 2048w\" sizes=\"auto, (max-width: 699px) 100vw, 699px\" \/><\/a>\n","protected":false},"excerpt":{"rendered":"<p>La mandataria capitalina destac\u00f3 que la nueva l\u00ednea del Cableb\u00fas correr\u00e1 por las demarcaciones \u00c1lvaro Obreg\u00f3n y La Magdalena Contreras<\/p>\n","protected":false},"author":73,"featured_media":153499,"comment_status":"open","ping_status":"closed","sticky":false,"template":"","format":"standard","meta":{"om_disable_all_campaigns":false,"inline_featured_image":false,"_monsterinsights_skip_tracking":false,"_monsterinsights_sitenote_active":false,"_monsterinsights_sitenote_note":"","_monsterinsights_sitenote_category":0,"footnotes":""},"categories":[82],"tags":[575,22,11286,24894,5370,487],"class_list":["post-153498","post","type-post","status-publish","format-standard","has-post-thumbnail","hentry","category-urbanismo","tag-cablebus","tag-construccion-2","tag-gobierno-cdmx","tag-la-magdalena-contreras","tag-linea-5","tag-movilidad"],"yoast_head":"<!-- This site is optimized with the Yoast SEO plugin v27.5 - https:\/\/yoast.com\/product\/yoast-seo-wordpress\/ -->\n<title>Anuncia Brugada construcci\u00f3n de L\u00ednea 5 del Cableb\u00fas<\/title>\n<meta name=\"description\" content=\"La mandataria capitalina destac\u00f3 que la nueva l\u00ednea del Cableb\u00fas correr\u00e1 por las demarcaciones \u00c1lvaro Obreg\u00f3n y La Magdalena Contreras\" \/>\n<meta name=\"robots\" content=\"index, follow, max-snippet:-1, max-image-preview:large, max-video-preview:-1\" \/>\n<link rel=\"canonical\" href=\"https:\/\/centrourbano.com\/revista\/urbanismo\/brugada-linea-5-cablebus\/\" \/>\n<meta property=\"og:locale\" content=\"es_ES\" \/>\n<meta property=\"og:type\" content=\"article\" \/>\n<meta property=\"og:title\" content=\"Anuncia Brugada construcci\u00f3n de L\u00ednea 5 del Cableb\u00fas\" \/>\n<meta property=\"og:description\" content=\"La mandataria capitalina destac\u00f3 que la nueva l\u00ednea del Cableb\u00fas correr\u00e1 por las demarcaciones \u00c1lvaro Obreg\u00f3n y La Magdalena Contreras\" \/>\n<meta property=\"og:url\" content=\"https:\/\/centrourbano.com\/revista\/urbanismo\/brugada-linea-5-cablebus\/\" \/>\n<meta property=\"og:site_name\" content=\"Centro Urbano\" \/>\n<meta property=\"article:publisher\" content=\"https:\/\/www.facebook.com\/portalcentrourbano\" \/>\n<meta property=\"article:published_time\" content=\"2025-02-14T22:43:34+00:00\" \/>\n<meta property=\"og:image\" content=\"https:\/\/centrourbano.com\/revista\/wp-content\/uploads\/Anuncia-Brugada-construccio\u0301n-de-Li\u0301nea-5-del-Cablebu\u0301s.jpg\" \/>\n\t<meta property=\"og:image:width\" content=\"1420\" \/>\n\t<meta property=\"og:image:height\" content=\"1280\" \/>\n\t<meta property=\"og:image:type\" content=\"image\/jpeg\" \/>\n<meta name=\"author\" content=\"Fernanda Hern\u00e1ndez\" \/>\n<meta name=\"twitter:card\" content=\"summary_large_image\" \/>\n<meta name=\"twitter:creator\" content=\"@https:\/\/twitter.com\/Nannz_Hernandez\" \/>\n<meta name=\"twitter:site\" content=\"@CentroUrbano\" \/>\n<meta name=\"twitter:label1\" content=\"Escrito por\" \/>\n\t<meta name=\"twitter:data1\" content=\"Fernanda Hern\u00e1ndez\" \/>\n\t<meta name=\"twitter:label2\" content=\"Tiempo de lectura\" \/>\n\t<meta name=\"twitter:data2\" content=\"3 minutos\" \/>\n<script type=\"application\/ld+json\" class=\"yoast-schema-graph\">{\"@context\":\"https:\\\/\\\/schema.org\",\"@graph\":[{\"@type\":\"Article\",\"@id\":\"https:\\\/\\\/centrourbano.com\\\/revista\\\/urbanismo\\\/brugada-linea-5-cablebus\\\/#article\",\"isPartOf\":{\"@id\":\"https:\\\/\\\/centrourbano.com\\\/revista\\\/urbanismo\\\/brugada-linea-5-cablebus\\\/\"},\"author\":{\"name\":\"Fernanda Hern\u00e1ndez\",\"@id\":\"https:\\\/\\\/centrourbano.com\\\/revista\\\/#\\\/schema\\\/person\\\/bc284507d99af21c6df75a3f1924b95c\"},\"headline\":\"Anuncia Brugada construcci\u00f3n de L\u00ednea 5 del Cableb\u00fas\",\"datePublished\":\"2025-02-14T22:43:34+00:00\",\"mainEntityOfPage\":{\"@id\":\"https:\\\/\\\/centrourbano.com\\\/revista\\\/urbanismo\\\/brugada-linea-5-cablebus\\\/\"},\"wordCount\":471,\"commentCount\":0,\"publisher\":{\"@id\":\"https:\\\/\\\/centrourbano.com\\\/revista\\\/#organization\"},\"image\":{\"@id\":\"https:\\\/\\\/centrourbano.com\\\/revista\\\/urbanismo\\\/brugada-linea-5-cablebus\\\/#primaryimage\"},\"thumbnailUrl\":\"https:\\\/\\\/centrourbano.com\\\/revista\\\/wp-content\\\/uploads\\\/Anuncia-Brugada-construccio\u0301n-de-Li\u0301nea-5-del-Cablebu\u0301s.jpg\",\"keywords\":[\"cableb\u00fas\",\"construcci\u00f3n\",\"Gobierno CDMX\",\"La Magdalena Contreras\",\"L\u00ednea 5\",\"movilidad\"],\"articleSection\":[\"Urbanismo\"],\"inLanguage\":\"es\",\"potentialAction\":[{\"@type\":\"CommentAction\",\"name\":\"Comment\",\"target\":[\"https:\\\/\\\/centrourbano.com\\\/revista\\\/urbanismo\\\/brugada-linea-5-cablebus\\\/#respond\"]}]},{\"@type\":\"WebPage\",\"@id\":\"https:\\\/\\\/centrourbano.com\\\/revista\\\/urbanismo\\\/brugada-linea-5-cablebus\\\/\",\"url\":\"https:\\\/\\\/centrourbano.com\\\/revista\\\/urbanismo\\\/brugada-linea-5-cablebus\\\/\",\"name\":\"Anuncia Brugada construcci\u00f3n de L\u00ednea 5 del Cableb\u00fas\",\"isPartOf\":{\"@id\":\"https:\\\/\\\/centrourbano.com\\\/revista\\\/#website\"},\"primaryImageOfPage\":{\"@id\":\"https:\\\/\\\/centrourbano.com\\\/revista\\\/urbanismo\\\/brugada-linea-5-cablebus\\\/#primaryimage\"},\"image\":{\"@id\":\"https:\\\/\\\/centrourbano.com\\\/revista\\\/urbanismo\\\/brugada-linea-5-cablebus\\\/#primaryimage\"},\"thumbnailUrl\":\"https:\\\/\\\/centrourbano.com\\\/revista\\\/wp-content\\\/uploads\\\/Anuncia-Brugada-construccio\u0301n-de-Li\u0301nea-5-del-Cablebu\u0301s.jpg\",\"datePublished\":\"2025-02-14T22:43:34+00:00\",\"description\":\"La mandataria capitalina destac\u00f3 que la nueva l\u00ednea del Cableb\u00fas correr\u00e1 por las demarcaciones \u00c1lvaro Obreg\u00f3n y La Magdalena Contreras\",\"breadcrumb\":{\"@id\":\"https:\\\/\\\/centrourbano.com\\\/revista\\\/urbanismo\\\/brugada-linea-5-cablebus\\\/#breadcrumb\"},\"inLanguage\":\"es\",\"potentialAction\":[{\"@type\":\"ReadAction\",\"target\":[\"https:\\\/\\\/centrourbano.com\\\/revista\\\/urbanismo\\\/brugada-linea-5-cablebus\\\/\"]}]},{\"@type\":\"ImageObject\",\"inLanguage\":\"es\",\"@id\":\"https:\\\/\\\/centrourbano.com\\\/revista\\\/urbanismo\\\/brugada-linea-5-cablebus\\\/#primaryimage\",\"url\":\"https:\\\/\\\/centrourbano.com\\\/revista\\\/wp-content\\\/uploads\\\/Anuncia-Brugada-construccio\u0301n-de-Li\u0301nea-5-del-Cablebu\u0301s.jpg\",\"contentUrl\":\"https:\\\/\\\/centrourbano.com\\\/revista\\\/wp-content\\\/uploads\\\/Anuncia-Brugada-construccio\u0301n-de-Li\u0301nea-5-del-Cablebu\u0301s.jpg\",\"width\":1420,\"height\":1280,\"caption\":\"La mandataria capitalina destac\u00f3 que la nueva l\u00ednea del Cableb\u00fas correr\u00e1 por las demarcaciones \u00c1lvaro Obreg\u00f3n y La Magdalena Contreras\"},{\"@type\":\"BreadcrumbList\",\"@id\":\"https:\\\/\\\/centrourbano.com\\\/revista\\\/urbanismo\\\/brugada-linea-5-cablebus\\\/#breadcrumb\",\"itemListElement\":[{\"@type\":\"ListItem\",\"position\":1,\"name\":\"Portada\",\"item\":\"https:\\\/\\\/centrourbano.com\\\/revista\\\/\"},{\"@type\":\"ListItem\",\"position\":2,\"name\":\"Anuncia Brugada construcci\u00f3n de L\u00ednea 5 del Cableb\u00fas\"}]},{\"@type\":\"WebSite\",\"@id\":\"https:\\\/\\\/centrourbano.com\\\/revista\\\/#website\",\"url\":\"https:\\\/\\\/centrourbano.com\\\/revista\\\/\",\"name\":\"Centro Urbano\",\"description\":\"Medio especializado en los sectores vivienda, inmobiliario, construcci\u00f3n, arquitectura y urbanismo.\",\"publisher\":{\"@id\":\"https:\\\/\\\/centrourbano.com\\\/revista\\\/#organization\"},\"potentialAction\":[{\"@type\":\"SearchAction\",\"target\":{\"@type\":\"EntryPoint\",\"urlTemplate\":\"https:\\\/\\\/centrourbano.com\\\/revista\\\/?s={search_term_string}\"},\"query-input\":{\"@type\":\"PropertyValueSpecification\",\"valueRequired\":true,\"valueName\":\"search_term_string\"}}],\"inLanguage\":\"es\"},{\"@type\":\"Organization\",\"@id\":\"https:\\\/\\\/centrourbano.com\\\/revista\\\/#organization\",\"name\":\"Centro Urbano\",\"url\":\"https:\\\/\\\/centrourbano.com\\\/revista\\\/\",\"logo\":{\"@type\":\"ImageObject\",\"inLanguage\":\"es\",\"@id\":\"https:\\\/\\\/centrourbano.com\\\/revista\\\/#\\\/schema\\\/logo\\\/image\\\/\",\"url\":\"https:\\\/\\\/centrourbano.com\\\/revista\\\/wp-content\\\/uploads\\\/web_CU_logo-1.png\",\"contentUrl\":\"https:\\\/\\\/centrourbano.com\\\/revista\\\/wp-content\\\/uploads\\\/web_CU_logo-1.png\",\"width\":350,\"height\":91,\"caption\":\"Centro Urbano\"},\"image\":{\"@id\":\"https:\\\/\\\/centrourbano.com\\\/revista\\\/#\\\/schema\\\/logo\\\/image\\\/\"},\"sameAs\":[\"https:\\\/\\\/www.facebook.com\\\/portalcentrourbano\",\"https:\\\/\\\/x.com\\\/CentroUrbano\",\"https:\\\/\\\/www.instagram.com\\\/centro_urbano\\\/\",\"https:\\\/\\\/www.linkedin.com\\\/company\\\/centro-urbano\\\/\",\"http:\\\/\\\/www.youtube.com\\\/user\\\/portalcentrourbano\"]},{\"@type\":\"Person\",\"@id\":\"https:\\\/\\\/centrourbano.com\\\/revista\\\/#\\\/schema\\\/person\\\/bc284507d99af21c6df75a3f1924b95c\",\"name\":\"Fernanda Hern\u00e1ndez\",\"image\":{\"@type\":\"ImageObject\",\"inLanguage\":\"es\",\"@id\":\"https:\\\/\\\/secure.gravatar.com\\\/avatar\\\/9471831fb0a24eae9d32d826a7cb8ef07c34a41520aca1a0ab1f5c0903ba49b9?s=96&d=mm&r=g\",\"url\":\"https:\\\/\\\/secure.gravatar.com\\\/avatar\\\/9471831fb0a24eae9d32d826a7cb8ef07c34a41520aca1a0ab1f5c0903ba49b9?s=96&d=mm&r=g\",\"contentUrl\":\"https:\\\/\\\/secure.gravatar.com\\\/avatar\\\/9471831fb0a24eae9d32d826a7cb8ef07c34a41520aca1a0ab1f5c0903ba49b9?s=96&d=mm&r=g\",\"caption\":\"Fernanda Hern\u00e1ndez\"},\"description\":\"Reportera y redactora en Centro Urbano. Soy egresada de la licenciatura en Ciencias de la Comunicaci\u00f3n de la Facultad de Ciencias Pol\u00edticas y Sociales (UNAM). Me interesa la cultura, el urbanismo y la arquitectura. Amante del mundo digital, el cine, la m\u00fasica, la lectura y la escritura.\",\"sameAs\":[\"https:\\\/\\\/x.com\\\/https:\\\/\\\/twitter.com\\\/Nannz_Hernandez\"],\"url\":\"https:\\\/\\\/centrourbano.com\\\/revista\\\/author\\\/fernanda-hernandez\\\/\"}]}<\/script>\n<!-- \/ Yoast SEO plugin. -->","yoast_head_json":{"title":"Anuncia Brugada construcci\u00f3n de L\u00ednea 5 del Cableb\u00fas","description":"La mandataria capitalina destac\u00f3 que la nueva l\u00ednea del Cableb\u00fas correr\u00e1 por las demarcaciones \u00c1lvaro Obreg\u00f3n y La Magdalena Contreras","robots":{"index":"index","follow":"follow","max-snippet":"max-snippet:-1","max-image-preview":"max-image-preview:large","max-video-preview":"max-video-preview:-1"},"canonical":"https:\/\/centrourbano.com\/revista\/urbanismo\/brugada-linea-5-cablebus\/","og_locale":"es_ES","og_type":"article","og_title":"Anuncia Brugada construcci\u00f3n de L\u00ednea 5 del Cableb\u00fas","og_description":"La mandataria capitalina destac\u00f3 que la nueva l\u00ednea del Cableb\u00fas correr\u00e1 por las demarcaciones \u00c1lvaro Obreg\u00f3n y La Magdalena Contreras","og_url":"https:\/\/centrourbano.com\/revista\/urbanismo\/brugada-linea-5-cablebus\/","og_site_name":"Centro Urbano","article_publisher":"https:\/\/www.facebook.com\/portalcentrourbano","article_published_time":"2025-02-14T22:43:34+00:00","og_image":[{"width":1420,"height":1280,"url":"https:\/\/centrourbano.com\/revista\/wp-content\/uploads\/Anuncia-Brugada-construccio\u0301n-de-Li\u0301nea-5-del-Cablebu\u0301s.jpg","type":"image\/jpeg"}],"author":"Fernanda Hern\u00e1ndez","twitter_card":"summary_large_image","twitter_creator":"@https:\/\/twitter.com\/Nannz_Hernandez","twitter_site":"@CentroUrbano","twitter_misc":{"Escrito por":"Fernanda Hern\u00e1ndez","Tiempo de lectura":"3 minutos"},"schema":{"@context":"https:\/\/schema.org","@graph":[{"@type":"Article","@id":"https:\/\/centrourbano.com\/revista\/urbanismo\/brugada-linea-5-cablebus\/#article","isPartOf":{"@id":"https:\/\/centrourbano.com\/revista\/urbanismo\/brugada-linea-5-cablebus\/"},"author":{"name":"Fernanda Hern\u00e1ndez","@id":"https:\/\/centrourbano.com\/revista\/#\/schema\/person\/bc284507d99af21c6df75a3f1924b95c"},"headline":"Anuncia Brugada construcci\u00f3n de L\u00ednea 5 del Cableb\u00fas","datePublished":"2025-02-14T22:43:34+00:00","mainEntityOfPage":{"@id":"https:\/\/centrourbano.com\/revista\/urbanismo\/brugada-linea-5-cablebus\/"},"wordCount":471,"commentCount":0,"publisher":{"@id":"https:\/\/centrourbano.com\/revista\/#organization"},"image":{"@id":"https:\/\/centrourbano.com\/revista\/urbanismo\/brugada-linea-5-cablebus\/#primaryimage"},"thumbnailUrl":"https:\/\/centrourbano.com\/revista\/wp-content\/uploads\/Anuncia-Brugada-construccio\u0301n-de-Li\u0301nea-5-del-Cablebu\u0301s.jpg","keywords":["cableb\u00fas","construcci\u00f3n","Gobierno CDMX","La Magdalena Contreras","L\u00ednea 5","movilidad"],"articleSection":["Urbanismo"],"inLanguage":"es","potentialAction":[{"@type":"CommentAction","name":"Comment","target":["https:\/\/centrourbano.com\/revista\/urbanismo\/brugada-linea-5-cablebus\/#respond"]}]},{"@type":"WebPage","@id":"https:\/\/centrourbano.com\/revista\/urbanismo\/brugada-linea-5-cablebus\/","url":"https:\/\/centrourbano.com\/revista\/urbanismo\/brugada-linea-5-cablebus\/","name":"Anuncia Brugada construcci\u00f3n de L\u00ednea 5 del Cableb\u00fas","isPartOf":{"@id":"https:\/\/centrourbano.com\/revista\/#website"},"primaryImageOfPage":{"@id":"https:\/\/centrourbano.com\/revista\/urbanismo\/brugada-linea-5-cablebus\/#primaryimage"},"image":{"@id":"https:\/\/centrourbano.com\/revista\/urbanismo\/brugada-linea-5-cablebus\/#primaryimage"},"thumbnailUrl":"https:\/\/centrourbano.com\/revista\/wp-content\/uploads\/Anuncia-Brugada-construccio\u0301n-de-Li\u0301nea-5-del-Cablebu\u0301s.jpg","datePublished":"2025-02-14T22:43:34+00:00","description":"La mandataria capitalina destac\u00f3 que la nueva l\u00ednea del Cableb\u00fas correr\u00e1 por las demarcaciones \u00c1lvaro Obreg\u00f3n y La Magdalena Contreras","breadcrumb":{"@id":"https:\/\/centrourbano.com\/revista\/urbanismo\/brugada-linea-5-cablebus\/#breadcrumb"},"inLanguage":"es","potentialAction":[{"@type":"ReadAction","target":["https:\/\/centrourbano.com\/revista\/urbanismo\/brugada-linea-5-cablebus\/"]}]},{"@type":"ImageObject","inLanguage":"es","@id":"https:\/\/centrourbano.com\/revista\/urbanismo\/brugada-linea-5-cablebus\/#primaryimage","url":"https:\/\/centrourbano.com\/revista\/wp-content\/uploads\/Anuncia-Brugada-construccio\u0301n-de-Li\u0301nea-5-del-Cablebu\u0301s.jpg","contentUrl":"https:\/\/centrourbano.com\/revista\/wp-content\/uploads\/Anuncia-Brugada-construccio\u0301n-de-Li\u0301nea-5-del-Cablebu\u0301s.jpg","width":1420,"height":1280,"caption":"La mandataria capitalina destac\u00f3 que la nueva l\u00ednea del Cableb\u00fas correr\u00e1 por las demarcaciones \u00c1lvaro Obreg\u00f3n y La Magdalena Contreras"},{"@type":"BreadcrumbList","@id":"https:\/\/centrourbano.com\/revista\/urbanismo\/brugada-linea-5-cablebus\/#breadcrumb","itemListElement":[{"@type":"ListItem","position":1,"name":"Portada","item":"https:\/\/centrourbano.com\/revista\/"},{"@type":"ListItem","position":2,"name":"Anuncia Brugada construcci\u00f3n de L\u00ednea 5 del Cableb\u00fas"}]},{"@type":"WebSite","@id":"https:\/\/centrourbano.com\/revista\/#website","url":"https:\/\/centrourbano.com\/revista\/","name":"Centro Urbano","description":"Medio especializado en los sectores vivienda, inmobiliario, construcci\u00f3n, arquitectura y urbanismo.","publisher":{"@id":"https:\/\/centrourbano.com\/revista\/#organization"},"potentialAction":[{"@type":"SearchAction","target":{"@type":"EntryPoint","urlTemplate":"https:\/\/centrourbano.com\/revista\/?s={search_term_string}"},"query-input":{"@type":"PropertyValueSpecification","valueRequired":true,"valueName":"search_term_string"}}],"inLanguage":"es"},{"@type":"Organization","@id":"https:\/\/centrourbano.com\/revista\/#organization","name":"Centro Urbano","url":"https:\/\/centrourbano.com\/revista\/","logo":{"@type":"ImageObject","inLanguage":"es","@id":"https:\/\/centrourbano.com\/revista\/#\/schema\/logo\/image\/","url":"https:\/\/centrourbano.com\/revista\/wp-content\/uploads\/web_CU_logo-1.png","contentUrl":"https:\/\/centrourbano.com\/revista\/wp-content\/uploads\/web_CU_logo-1.png","width":350,"height":91,"caption":"Centro Urbano"},"image":{"@id":"https:\/\/centrourbano.com\/revista\/#\/schema\/logo\/image\/"},"sameAs":["https:\/\/www.facebook.com\/portalcentrourbano","https:\/\/x.com\/CentroUrbano","https:\/\/www.instagram.com\/centro_urbano\/","https:\/\/www.linkedin.com\/company\/centro-urbano\/","http:\/\/www.youtube.com\/user\/portalcentrourbano"]},{"@type":"Person","@id":"https:\/\/centrourbano.com\/revista\/#\/schema\/person\/bc284507d99af21c6df75a3f1924b95c","name":"Fernanda Hern\u00e1ndez","image":{"@type":"ImageObject","inLanguage":"es","@id":"https:\/\/secure.gravatar.com\/avatar\/9471831fb0a24eae9d32d826a7cb8ef07c34a41520aca1a0ab1f5c0903ba49b9?s=96&d=mm&r=g","url":"https:\/\/secure.gravatar.com\/avatar\/9471831fb0a24eae9d32d826a7cb8ef07c34a41520aca1a0ab1f5c0903ba49b9?s=96&d=mm&r=g","contentUrl":"https:\/\/secure.gravatar.com\/avatar\/9471831fb0a24eae9d32d826a7cb8ef07c34a41520aca1a0ab1f5c0903ba49b9?s=96&d=mm&r=g","caption":"Fernanda Hern\u00e1ndez"},"description":"Reportera y redactora en Centro Urbano. Soy egresada de la licenciatura en Ciencias de la Comunicaci\u00f3n de la Facultad de Ciencias Pol\u00edticas y Sociales (UNAM). Me interesa la cultura, el urbanismo y la arquitectura. Amante del mundo digital, el cine, la m\u00fasica, la lectura y la escritura.","sameAs":["https:\/\/x.com\/https:\/\/twitter.com\/Nannz_Hernandez"],"url":"https:\/\/centrourbano.com\/revista\/author\/fernanda-hernandez\/"}]}},"_links":{"self":[{"href":"https:\/\/centrourbano.com\/revista\/wp-json\/wp\/v2\/posts\/153498","targetHints":{"allow":["GET"]}}],"collection":[{"href":"https:\/\/centrourbano.com\/revista\/wp-json\/wp\/v2\/posts"}],"about":[{"href":"https:\/\/centrourbano.com\/revista\/wp-json\/wp\/v2\/types\/post"}],"author":[{"embeddable":true,"href":"https:\/\/centrourbano.com\/revista\/wp-json\/wp\/v2\/users\/73"}],"replies":[{"embeddable":true,"href":"https:\/\/centrourbano.com\/revista\/wp-json\/wp\/v2\/comments?post=153498"}],"version-history":[{"count":1,"href":"https:\/\/centrourbano.com\/revista\/wp-json\/wp\/v2\/posts\/153498\/revisions"}],"predecessor-version":[{"id":153503,"href":"https:\/\/centrourbano.com\/revista\/wp-json\/wp\/v2\/posts\/153498\/revisions\/153503"}],"wp:featuredmedia":[{"embeddable":true,"href":"https:\/\/centrourbano.com\/revista\/wp-json\/wp\/v2\/media\/153499"}],"wp:attachment":[{"href":"https:\/\/centrourbano.com\/revista\/wp-json\/wp\/v2\/media?parent=153498"}],"wp:term":[{"taxonomy":"category","embeddable":true,"href":"https:\/\/centrourbano.com\/revista\/wp-json\/wp\/v2\/categories?post=153498"},{"taxonomy":"post_tag","embeddable":true,"href":"https:\/\/centrourbano.com\/revista\/wp-json\/wp\/v2\/tags?post=153498"}],"curies":[{"name":"wp","href":"https:\/\/api.w.org\/{rel}","templated":true}]}}