{"id":152988,"date":"2025-01-22T17:18:42","date_gmt":"2025-01-22T23:18:42","guid":{"rendered":"https:\/\/centrourbano.com\/revista\/?p=152988"},"modified":"2025-01-22T17:18:42","modified_gmt":"2025-01-22T23:18:42","slug":"brugada-ventanilla-inmobiliaria","status":"publish","type":"post","link":"https:\/\/centrourbano.com\/revista\/inmobiliario\/brugada-ventanilla-inmobiliaria\/","title":{"rendered":"Anuncia Brugada apertura de Ventanilla \u00danica Inmobiliaria"},"content":{"rendered":"<p><em>La ventanilla tendr\u00e1 el objetivo de agilizar tr\u00e1mites y promover inversiones inmobiliarias transparentes y con una visi\u00f3n sustentable<\/em><!--more--><\/p>\n<p>La <strong>jefa de Gobierno de la Ciudad de M\u00e9xico, <a href=\"https:\/\/centrourbano.com\/revista\/urbanismo\/brugada-incentivos-fiscales-2025\/\" target=\"_blank\" rel=\"noopener\">Clara Brugada Molina<\/a><\/strong>, anunci\u00f3 que la pr\u00f3xima semana abrir\u00e1 la <strong>Ventanilla de Coordinaci\u00f3n Inmobiliaria<\/strong>, que tiene el objetivo de simplificar y agilizar tr\u00e1mites, as\u00ed como combatir la corrupci\u00f3n, promover inversiones transparentes y garantizar certeza jur\u00eddica a los inversionistas.<\/p>\n<p>Dicha <strong>Ventanilla<\/strong> implementar\u00e1 un <strong>expediente \u00fanico<\/strong> y <strong>homologar\u00e1 requisitos<\/strong> para los proyectos inmobiliarios viables. Adem\u00e1s, garantizar\u00e1 seguimiento continuo para los inversionistas, as\u00ed como la aplicaci\u00f3n de normas espec\u00edficas como la <strong>Norma General de Ordenaci\u00f3n 26<\/strong>.<\/p>\n<p>Cabe mencionar que los proyectos clasificados incluir\u00e1n aquellos con m\u00e1s de 10,000 metros cuadrados (m\u00b2) de construcci\u00f3n para <strong>vivienda<\/strong> y m\u00e1s de 5,000 m\u00b2 para <strong>oficinas<\/strong> y <strong>comercios<\/strong>.<\/p>\n<p>Al respecto, <strong>Brugada<\/strong> indic\u00f3 que esta <strong>Ventanilla<\/strong> consolidar\u00e1 a la CDMX como un <strong>polo de atracci\u00f3n econ\u00f3mica<\/strong> a nivel nacional, adem\u00e1s de que dar\u00e1 un importante impulso a la econom\u00eda de la ciudad al promover inversiones con una visi\u00f3n sustentable.<\/p>\n<p>\u201cLos empresarios podr\u00e1n conocer, a trav\u00e9s de esta ventanilla, el estatus de sus tr\u00e1mites, resolver problemas de manera directa y recibir acompa\u00f1amiento en todas las etapas. Esto les brindar\u00e1 certeza jur\u00eddica en cada uno de los procesos\u201d, a\u00f1adi\u00f3.<\/p>\n<p>No obstante, destac\u00f3 que los proyectos deber\u00e1n respetar los <strong>derechos de las comunidades <\/strong>y fomentar un <strong>impacto positivo en la calidad de vida urbana<\/strong>. Y, para ello, se implementar\u00e1n mecanismos \u00e1giles para que las inversiones fluyan y no anden de ventanilla en ventanilla, con lo que se genera as\u00ed un mayor desarrollo econ\u00f3mico en la ciudad.<\/p>\n<p>\u201cNuestro objetivo es seguir combatiendo la corrupci\u00f3n\u201d, resalt\u00f3 <strong>Brugada<\/strong>; y al <strong>sector inmobiliario<\/strong> le garantiz\u00f3: \u201ccerteza, legalidad y absoluta transparencia en todos los tr\u00e1mites. Ning\u00fan empresario tendr\u00e1 que pagar sobornos para construir al margen de la ley. As\u00ed que pedimos cumplimiento de la ley\u201d.<\/p>\n<p>De igual manera, la mandataria destac\u00f3 que la nueva herramienta \u201ctambi\u00e9n es un ant\u00eddoto contra el <strong>cartel inmobiliario<\/strong>. No queremos gentrificaci\u00f3n ni proyectos que perjudiquen a las comunidades. Nuestro objetivo es potenciar las colonias, evitar el desplazamiento de sus habitantes y combatir al c\u00e1rtel inmobiliario\u201d.<\/p>\n<p>Adem\u00e1s, subray\u00f3 que, con esta medida, el sector privado tendr\u00e1 una oportunidad significativa en la <strong>construcci\u00f3n de vivienda de inter\u00e9s social<\/strong>, con la meta hist\u00f3rica de alcanzar m\u00e1s de 200,000 viviendas financiadas por el gobierno al t\u00e9rmino del sexenio.<\/p>\n<p>Por su parte, <strong>Alejandro Encinas Rodr\u00edguez, titular de la Secretar\u00eda de Planeaci\u00f3n, Ordenamiento Territorial y Coordinaci\u00f3n Metropolitana<\/strong>, indic\u00f3 que la Ventanilla ser\u00e1 un \u00f3rgano resolutivo para evaluar y discutir proyectos de inversi\u00f3n.<\/p>\n<p>\u201cEl prop\u00f3sito de esta herramienta es <strong>simplificar y agilizar los tr\u00e1mites administrativos<\/strong>, promoviendo la inversi\u00f3n responsable a trav\u00e9s de procesos transparentes y eficientes que eliminen cualquier indicio de corrupci\u00f3n\u201d, puntualiz\u00f3.<\/p>\n<p>En tanto, <strong>Leopoldo Hirschhorn Cymerman, presidente de la C\u00e1mara Nacional de la Industria de Desarrollo y Promoci\u00f3n de Vivienda<\/strong> (<strong>Canadevi<\/strong>) <strong>Valle de M\u00e9xico<\/strong>, se\u00f1al\u00f3 que esta ventanilla \u00fanica genera confianza en el sector, y record\u00f3 que la industria inmobiliaria representa el 6% del PIB de la CDMX.<\/p>\n","protected":false},"excerpt":{"rendered":"<p>La ventanilla tendr\u00e1 el objetivo de agilizar tr\u00e1mites y promover inversiones inmobiliarias transparentes y con una visi\u00f3n sustentable<\/p>\n","protected":false},"author":73,"featured_media":152989,"comment_status":"open","ping_status":"closed","sticky":false,"template":"","format":"standard","meta":{"om_disable_all_campaigns":false,"inline_featured_image":false,"_monsterinsights_skip_tracking":false,"_monsterinsights_sitenote_active":false,"_monsterinsights_sitenote_note":"","_monsterinsights_sitenote_category":0,"footnotes":""},"categories":[15],"tags":[24175,748,1462,24853],"class_list":["post-152988","post","type-post","status-publish","format-standard","has-post-thumbnail","hentry","category-inmobiliario","tag-clara-brugada","tag-proyectos-inmobiliarios","tag-tramites","tag-ventanilla-de-coordinacion-inmobiliaria"],"yoast_head":"<!-- This site is optimized with the Yoast SEO plugin v27.5 - https:\/\/yoast.com\/product\/yoast-seo-wordpress\/ -->\n<title>Anuncia Brugada apertura de Ventanilla \u00danica Inmobiliaria<\/title>\n<meta name=\"description\" content=\"La ventanilla tendr\u00e1 el objetivo de agilizar tr\u00e1mites y promover inversiones inmobiliarias transparentes y con una visi\u00f3n sustentable\" \/>\n<meta name=\"robots\" content=\"index, follow, max-snippet:-1, max-image-preview:large, max-video-preview:-1\" \/>\n<link rel=\"canonical\" href=\"https:\/\/centrourbano.com\/revista\/inmobiliario\/brugada-ventanilla-inmobiliaria\/\" \/>\n<meta property=\"og:locale\" content=\"es_ES\" \/>\n<meta property=\"og:type\" content=\"article\" \/>\n<meta property=\"og:title\" content=\"Anuncia Brugada apertura de Ventanilla \u00danica Inmobiliaria\" \/>\n<meta property=\"og:description\" content=\"La ventanilla tendr\u00e1 el objetivo de agilizar tr\u00e1mites y promover inversiones inmobiliarias transparentes y con una visi\u00f3n sustentable\" \/>\n<meta property=\"og:url\" content=\"https:\/\/centrourbano.com\/revista\/inmobiliario\/brugada-ventanilla-inmobiliaria\/\" \/>\n<meta property=\"og:site_name\" content=\"Centro Urbano\" \/>\n<meta property=\"article:publisher\" content=\"https:\/\/www.facebook.com\/portalcentrourbano\" \/>\n<meta property=\"article:published_time\" content=\"2025-01-22T23:18:42+00:00\" \/>\n<meta property=\"og:image\" content=\"https:\/\/centrourbano.com\/revista\/wp-content\/uploads\/Captura-de-pantalla-2025-01-22-a-las-16.58.20.png\" \/>\n\t<meta property=\"og:image:width\" content=\"1102\" \/>\n\t<meta property=\"og:image:height\" content=\"1027\" \/>\n\t<meta property=\"og:image:type\" content=\"image\/png\" \/>\n<meta name=\"author\" content=\"Fernanda Hern\u00e1ndez\" \/>\n<meta name=\"twitter:card\" content=\"summary_large_image\" \/>\n<meta name=\"twitter:creator\" content=\"@https:\/\/twitter.com\/Nannz_Hernandez\" \/>\n<meta name=\"twitter:site\" content=\"@CentroUrbano\" \/>\n<meta name=\"twitter:label1\" content=\"Escrito por\" \/>\n\t<meta name=\"twitter:data1\" content=\"Fernanda Hern\u00e1ndez\" \/>\n\t<meta name=\"twitter:label2\" content=\"Tiempo de lectura\" \/>\n\t<meta name=\"twitter:data2\" content=\"3 minutos\" \/>\n<script type=\"application\/ld+json\" class=\"yoast-schema-graph\">{\"@context\":\"https:\\\/\\\/schema.org\",\"@graph\":[{\"@type\":\"Article\",\"@id\":\"https:\\\/\\\/centrourbano.com\\\/revista\\\/inmobiliario\\\/brugada-ventanilla-inmobiliaria\\\/#article\",\"isPartOf\":{\"@id\":\"https:\\\/\\\/centrourbano.com\\\/revista\\\/inmobiliario\\\/brugada-ventanilla-inmobiliaria\\\/\"},\"author\":{\"name\":\"Fernanda Hern\u00e1ndez\",\"@id\":\"https:\\\/\\\/centrourbano.com\\\/revista\\\/#\\\/schema\\\/person\\\/b190b20bbbceb41ec72278c546fa8df3\"},\"headline\":\"Anuncia Brugada apertura de Ventanilla \u00danica Inmobiliaria\",\"datePublished\":\"2025-01-22T23:18:42+00:00\",\"mainEntityOfPage\":{\"@id\":\"https:\\\/\\\/centrourbano.com\\\/revista\\\/inmobiliario\\\/brugada-ventanilla-inmobiliaria\\\/\"},\"wordCount\":558,\"commentCount\":0,\"publisher\":{\"@id\":\"https:\\\/\\\/centrourbano.com\\\/revista\\\/#organization\"},\"image\":{\"@id\":\"https:\\\/\\\/centrourbano.com\\\/revista\\\/inmobiliario\\\/brugada-ventanilla-inmobiliaria\\\/#primaryimage\"},\"thumbnailUrl\":\"https:\\\/\\\/centrourbano.com\\\/revista\\\/wp-content\\\/uploads\\\/Captura-de-pantalla-2025-01-22-a-las-16.58.20.png\",\"keywords\":[\"Clara Brugada\",\"proyectos inmobiliarios\",\"tramites\",\"Ventanilla de Coordinaci\u00f3n Inmobiliaria\"],\"articleSection\":[\"Inmobiliario\"],\"inLanguage\":\"es\",\"potentialAction\":[{\"@type\":\"CommentAction\",\"name\":\"Comment\",\"target\":[\"https:\\\/\\\/centrourbano.com\\\/revista\\\/inmobiliario\\\/brugada-ventanilla-inmobiliaria\\\/#respond\"]}]},{\"@type\":\"WebPage\",\"@id\":\"https:\\\/\\\/centrourbano.com\\\/revista\\\/inmobiliario\\\/brugada-ventanilla-inmobiliaria\\\/\",\"url\":\"https:\\\/\\\/centrourbano.com\\\/revista\\\/inmobiliario\\\/brugada-ventanilla-inmobiliaria\\\/\",\"name\":\"Anuncia Brugada apertura de Ventanilla \u00danica Inmobiliaria\",\"isPartOf\":{\"@id\":\"https:\\\/\\\/centrourbano.com\\\/revista\\\/#website\"},\"primaryImageOfPage\":{\"@id\":\"https:\\\/\\\/centrourbano.com\\\/revista\\\/inmobiliario\\\/brugada-ventanilla-inmobiliaria\\\/#primaryimage\"},\"image\":{\"@id\":\"https:\\\/\\\/centrourbano.com\\\/revista\\\/inmobiliario\\\/brugada-ventanilla-inmobiliaria\\\/#primaryimage\"},\"thumbnailUrl\":\"https:\\\/\\\/centrourbano.com\\\/revista\\\/wp-content\\\/uploads\\\/Captura-de-pantalla-2025-01-22-a-las-16.58.20.png\",\"datePublished\":\"2025-01-22T23:18:42+00:00\",\"description\":\"La ventanilla tendr\u00e1 el objetivo de agilizar tr\u00e1mites y promover inversiones inmobiliarias transparentes y con una visi\u00f3n sustentable\",\"breadcrumb\":{\"@id\":\"https:\\\/\\\/centrourbano.com\\\/revista\\\/inmobiliario\\\/brugada-ventanilla-inmobiliaria\\\/#breadcrumb\"},\"inLanguage\":\"es\",\"potentialAction\":[{\"@type\":\"ReadAction\",\"target\":[\"https:\\\/\\\/centrourbano.com\\\/revista\\\/inmobiliario\\\/brugada-ventanilla-inmobiliaria\\\/\"]}]},{\"@type\":\"ImageObject\",\"inLanguage\":\"es\",\"@id\":\"https:\\\/\\\/centrourbano.com\\\/revista\\\/inmobiliario\\\/brugada-ventanilla-inmobiliaria\\\/#primaryimage\",\"url\":\"https:\\\/\\\/centrourbano.com\\\/revista\\\/wp-content\\\/uploads\\\/Captura-de-pantalla-2025-01-22-a-las-16.58.20.png\",\"contentUrl\":\"https:\\\/\\\/centrourbano.com\\\/revista\\\/wp-content\\\/uploads\\\/Captura-de-pantalla-2025-01-22-a-las-16.58.20.png\",\"width\":1102,\"height\":1027,\"caption\":\"La ventanilla tendr\u00e1 el objetivo de agilizar tr\u00e1mites y promover inversiones inmobiliarias transparentes y con una visi\u00f3n sustentable\"},{\"@type\":\"BreadcrumbList\",\"@id\":\"https:\\\/\\\/centrourbano.com\\\/revista\\\/inmobiliario\\\/brugada-ventanilla-inmobiliaria\\\/#breadcrumb\",\"itemListElement\":[{\"@type\":\"ListItem\",\"position\":1,\"name\":\"Portada\",\"item\":\"https:\\\/\\\/centrourbano.com\\\/revista\\\/\"},{\"@type\":\"ListItem\",\"position\":2,\"name\":\"Anuncia Brugada apertura de Ventanilla \u00danica Inmobiliaria\"}]},{\"@type\":\"WebSite\",\"@id\":\"https:\\\/\\\/centrourbano.com\\\/revista\\\/#website\",\"url\":\"https:\\\/\\\/centrourbano.com\\\/revista\\\/\",\"name\":\"Centro Urbano\",\"description\":\"Medio especializado en los sectores vivienda, inmobiliario, construcci\u00f3n, arquitectura y urbanismo.\",\"publisher\":{\"@id\":\"https:\\\/\\\/centrourbano.com\\\/revista\\\/#organization\"},\"potentialAction\":[{\"@type\":\"SearchAction\",\"target\":{\"@type\":\"EntryPoint\",\"urlTemplate\":\"https:\\\/\\\/centrourbano.com\\\/revista\\\/?s={search_term_string}\"},\"query-input\":{\"@type\":\"PropertyValueSpecification\",\"valueRequired\":true,\"valueName\":\"search_term_string\"}}],\"inLanguage\":\"es\"},{\"@type\":\"Organization\",\"@id\":\"https:\\\/\\\/centrourbano.com\\\/revista\\\/#organization\",\"name\":\"Centro Urbano\",\"url\":\"https:\\\/\\\/centrourbano.com\\\/revista\\\/\",\"logo\":{\"@type\":\"ImageObject\",\"inLanguage\":\"es\",\"@id\":\"https:\\\/\\\/centrourbano.com\\\/revista\\\/#\\\/schema\\\/logo\\\/image\\\/\",\"url\":\"https:\\\/\\\/centrourbano.com\\\/revista\\\/wp-content\\\/uploads\\\/web_CU_logo-1.png\",\"contentUrl\":\"https:\\\/\\\/centrourbano.com\\\/revista\\\/wp-content\\\/uploads\\\/web_CU_logo-1.png\",\"width\":350,\"height\":91,\"caption\":\"Centro Urbano\"},\"image\":{\"@id\":\"https:\\\/\\\/centrourbano.com\\\/revista\\\/#\\\/schema\\\/logo\\\/image\\\/\"},\"sameAs\":[\"https:\\\/\\\/www.facebook.com\\\/portalcentrourbano\",\"https:\\\/\\\/x.com\\\/CentroUrbano\",\"https:\\\/\\\/www.instagram.com\\\/centro_urbano\\\/\",\"https:\\\/\\\/www.linkedin.com\\\/company\\\/centro-urbano\\\/\",\"http:\\\/\\\/www.youtube.com\\\/user\\\/portalcentrourbano\"]},{\"@type\":\"Person\",\"@id\":\"https:\\\/\\\/centrourbano.com\\\/revista\\\/#\\\/schema\\\/person\\\/b190b20bbbceb41ec72278c546fa8df3\",\"name\":\"Fernanda Hern\u00e1ndez\",\"image\":{\"@type\":\"ImageObject\",\"inLanguage\":\"es\",\"@id\":\"https:\\\/\\\/secure.gravatar.com\\\/avatar\\\/9471831fb0a24eae9d32d826a7cb8ef07c34a41520aca1a0ab1f5c0903ba49b9?s=96&d=mm&r=g\",\"url\":\"https:\\\/\\\/secure.gravatar.com\\\/avatar\\\/9471831fb0a24eae9d32d826a7cb8ef07c34a41520aca1a0ab1f5c0903ba49b9?s=96&d=mm&r=g\",\"contentUrl\":\"https:\\\/\\\/secure.gravatar.com\\\/avatar\\\/9471831fb0a24eae9d32d826a7cb8ef07c34a41520aca1a0ab1f5c0903ba49b9?s=96&d=mm&r=g\",\"caption\":\"Fernanda Hern\u00e1ndez\"},\"description\":\"Reportera y redactora en Centro Urbano. Soy egresada de la licenciatura en Ciencias de la Comunicaci\u00f3n de la Facultad de Ciencias Pol\u00edticas y Sociales (UNAM). Me interesa la cultura, el urbanismo y la arquitectura. Amante del mundo digital, el cine, la m\u00fasica, la lectura y la escritura.\",\"sameAs\":[\"https:\\\/\\\/x.com\\\/https:\\\/\\\/twitter.com\\\/Nannz_Hernandez\"],\"url\":\"https:\\\/\\\/centrourbano.com\\\/revista\\\/author\\\/fernanda-hernandez\\\/\"}]}<\/script>\n<!-- \/ Yoast SEO plugin. -->","yoast_head_json":{"title":"Anuncia Brugada apertura de Ventanilla \u00danica Inmobiliaria","description":"La ventanilla tendr\u00e1 el objetivo de agilizar tr\u00e1mites y promover inversiones inmobiliarias transparentes y con una visi\u00f3n sustentable","robots":{"index":"index","follow":"follow","max-snippet":"max-snippet:-1","max-image-preview":"max-image-preview:large","max-video-preview":"max-video-preview:-1"},"canonical":"https:\/\/centrourbano.com\/revista\/inmobiliario\/brugada-ventanilla-inmobiliaria\/","og_locale":"es_ES","og_type":"article","og_title":"Anuncia Brugada apertura de Ventanilla \u00danica Inmobiliaria","og_description":"La ventanilla tendr\u00e1 el objetivo de agilizar tr\u00e1mites y promover inversiones inmobiliarias transparentes y con una visi\u00f3n sustentable","og_url":"https:\/\/centrourbano.com\/revista\/inmobiliario\/brugada-ventanilla-inmobiliaria\/","og_site_name":"Centro Urbano","article_publisher":"https:\/\/www.facebook.com\/portalcentrourbano","article_published_time":"2025-01-22T23:18:42+00:00","og_image":[{"width":1102,"height":1027,"url":"https:\/\/centrourbano.com\/revista\/wp-content\/uploads\/Captura-de-pantalla-2025-01-22-a-las-16.58.20.png","type":"image\/png"}],"author":"Fernanda Hern\u00e1ndez","twitter_card":"summary_large_image","twitter_creator":"@https:\/\/twitter.com\/Nannz_Hernandez","twitter_site":"@CentroUrbano","twitter_misc":{"Escrito por":"Fernanda Hern\u00e1ndez","Tiempo de lectura":"3 minutos"},"schema":{"@context":"https:\/\/schema.org","@graph":[{"@type":"Article","@id":"https:\/\/centrourbano.com\/revista\/inmobiliario\/brugada-ventanilla-inmobiliaria\/#article","isPartOf":{"@id":"https:\/\/centrourbano.com\/revista\/inmobiliario\/brugada-ventanilla-inmobiliaria\/"},"author":{"name":"Fernanda Hern\u00e1ndez","@id":"https:\/\/centrourbano.com\/revista\/#\/schema\/person\/b190b20bbbceb41ec72278c546fa8df3"},"headline":"Anuncia Brugada apertura de Ventanilla \u00danica Inmobiliaria","datePublished":"2025-01-22T23:18:42+00:00","mainEntityOfPage":{"@id":"https:\/\/centrourbano.com\/revista\/inmobiliario\/brugada-ventanilla-inmobiliaria\/"},"wordCount":558,"commentCount":0,"publisher":{"@id":"https:\/\/centrourbano.com\/revista\/#organization"},"image":{"@id":"https:\/\/centrourbano.com\/revista\/inmobiliario\/brugada-ventanilla-inmobiliaria\/#primaryimage"},"thumbnailUrl":"https:\/\/centrourbano.com\/revista\/wp-content\/uploads\/Captura-de-pantalla-2025-01-22-a-las-16.58.20.png","keywords":["Clara Brugada","proyectos inmobiliarios","tramites","Ventanilla de Coordinaci\u00f3n Inmobiliaria"],"articleSection":["Inmobiliario"],"inLanguage":"es","potentialAction":[{"@type":"CommentAction","name":"Comment","target":["https:\/\/centrourbano.com\/revista\/inmobiliario\/brugada-ventanilla-inmobiliaria\/#respond"]}]},{"@type":"WebPage","@id":"https:\/\/centrourbano.com\/revista\/inmobiliario\/brugada-ventanilla-inmobiliaria\/","url":"https:\/\/centrourbano.com\/revista\/inmobiliario\/brugada-ventanilla-inmobiliaria\/","name":"Anuncia Brugada apertura de Ventanilla \u00danica Inmobiliaria","isPartOf":{"@id":"https:\/\/centrourbano.com\/revista\/#website"},"primaryImageOfPage":{"@id":"https:\/\/centrourbano.com\/revista\/inmobiliario\/brugada-ventanilla-inmobiliaria\/#primaryimage"},"image":{"@id":"https:\/\/centrourbano.com\/revista\/inmobiliario\/brugada-ventanilla-inmobiliaria\/#primaryimage"},"thumbnailUrl":"https:\/\/centrourbano.com\/revista\/wp-content\/uploads\/Captura-de-pantalla-2025-01-22-a-las-16.58.20.png","datePublished":"2025-01-22T23:18:42+00:00","description":"La ventanilla tendr\u00e1 el objetivo de agilizar tr\u00e1mites y promover inversiones inmobiliarias transparentes y con una visi\u00f3n sustentable","breadcrumb":{"@id":"https:\/\/centrourbano.com\/revista\/inmobiliario\/brugada-ventanilla-inmobiliaria\/#breadcrumb"},"inLanguage":"es","potentialAction":[{"@type":"ReadAction","target":["https:\/\/centrourbano.com\/revista\/inmobiliario\/brugada-ventanilla-inmobiliaria\/"]}]},{"@type":"ImageObject","inLanguage":"es","@id":"https:\/\/centrourbano.com\/revista\/inmobiliario\/brugada-ventanilla-inmobiliaria\/#primaryimage","url":"https:\/\/centrourbano.com\/revista\/wp-content\/uploads\/Captura-de-pantalla-2025-01-22-a-las-16.58.20.png","contentUrl":"https:\/\/centrourbano.com\/revista\/wp-content\/uploads\/Captura-de-pantalla-2025-01-22-a-las-16.58.20.png","width":1102,"height":1027,"caption":"La ventanilla tendr\u00e1 el objetivo de agilizar tr\u00e1mites y promover inversiones inmobiliarias transparentes y con una visi\u00f3n sustentable"},{"@type":"BreadcrumbList","@id":"https:\/\/centrourbano.com\/revista\/inmobiliario\/brugada-ventanilla-inmobiliaria\/#breadcrumb","itemListElement":[{"@type":"ListItem","position":1,"name":"Portada","item":"https:\/\/centrourbano.com\/revista\/"},{"@type":"ListItem","position":2,"name":"Anuncia Brugada apertura de Ventanilla \u00danica Inmobiliaria"}]},{"@type":"WebSite","@id":"https:\/\/centrourbano.com\/revista\/#website","url":"https:\/\/centrourbano.com\/revista\/","name":"Centro Urbano","description":"Medio especializado en los sectores vivienda, inmobiliario, construcci\u00f3n, arquitectura y urbanismo.","publisher":{"@id":"https:\/\/centrourbano.com\/revista\/#organization"},"potentialAction":[{"@type":"SearchAction","target":{"@type":"EntryPoint","urlTemplate":"https:\/\/centrourbano.com\/revista\/?s={search_term_string}"},"query-input":{"@type":"PropertyValueSpecification","valueRequired":true,"valueName":"search_term_string"}}],"inLanguage":"es"},{"@type":"Organization","@id":"https:\/\/centrourbano.com\/revista\/#organization","name":"Centro Urbano","url":"https:\/\/centrourbano.com\/revista\/","logo":{"@type":"ImageObject","inLanguage":"es","@id":"https:\/\/centrourbano.com\/revista\/#\/schema\/logo\/image\/","url":"https:\/\/centrourbano.com\/revista\/wp-content\/uploads\/web_CU_logo-1.png","contentUrl":"https:\/\/centrourbano.com\/revista\/wp-content\/uploads\/web_CU_logo-1.png","width":350,"height":91,"caption":"Centro Urbano"},"image":{"@id":"https:\/\/centrourbano.com\/revista\/#\/schema\/logo\/image\/"},"sameAs":["https:\/\/www.facebook.com\/portalcentrourbano","https:\/\/x.com\/CentroUrbano","https:\/\/www.instagram.com\/centro_urbano\/","https:\/\/www.linkedin.com\/company\/centro-urbano\/","http:\/\/www.youtube.com\/user\/portalcentrourbano"]},{"@type":"Person","@id":"https:\/\/centrourbano.com\/revista\/#\/schema\/person\/b190b20bbbceb41ec72278c546fa8df3","name":"Fernanda Hern\u00e1ndez","image":{"@type":"ImageObject","inLanguage":"es","@id":"https:\/\/secure.gravatar.com\/avatar\/9471831fb0a24eae9d32d826a7cb8ef07c34a41520aca1a0ab1f5c0903ba49b9?s=96&d=mm&r=g","url":"https:\/\/secure.gravatar.com\/avatar\/9471831fb0a24eae9d32d826a7cb8ef07c34a41520aca1a0ab1f5c0903ba49b9?s=96&d=mm&r=g","contentUrl":"https:\/\/secure.gravatar.com\/avatar\/9471831fb0a24eae9d32d826a7cb8ef07c34a41520aca1a0ab1f5c0903ba49b9?s=96&d=mm&r=g","caption":"Fernanda Hern\u00e1ndez"},"description":"Reportera y redactora en Centro Urbano. Soy egresada de la licenciatura en Ciencias de la Comunicaci\u00f3n de la Facultad de Ciencias Pol\u00edticas y Sociales (UNAM). Me interesa la cultura, el urbanismo y la arquitectura. Amante del mundo digital, el cine, la m\u00fasica, la lectura y la escritura.","sameAs":["https:\/\/x.com\/https:\/\/twitter.com\/Nannz_Hernandez"],"url":"https:\/\/centrourbano.com\/revista\/author\/fernanda-hernandez\/"}]}},"_links":{"self":[{"href":"https:\/\/centrourbano.com\/revista\/wp-json\/wp\/v2\/posts\/152988","targetHints":{"allow":["GET"]}}],"collection":[{"href":"https:\/\/centrourbano.com\/revista\/wp-json\/wp\/v2\/posts"}],"about":[{"href":"https:\/\/centrourbano.com\/revista\/wp-json\/wp\/v2\/types\/post"}],"author":[{"embeddable":true,"href":"https:\/\/centrourbano.com\/revista\/wp-json\/wp\/v2\/users\/73"}],"replies":[{"embeddable":true,"href":"https:\/\/centrourbano.com\/revista\/wp-json\/wp\/v2\/comments?post=152988"}],"version-history":[{"count":1,"href":"https:\/\/centrourbano.com\/revista\/wp-json\/wp\/v2\/posts\/152988\/revisions"}],"predecessor-version":[{"id":152990,"href":"https:\/\/centrourbano.com\/revista\/wp-json\/wp\/v2\/posts\/152988\/revisions\/152990"}],"wp:featuredmedia":[{"embeddable":true,"href":"https:\/\/centrourbano.com\/revista\/wp-json\/wp\/v2\/media\/152989"}],"wp:attachment":[{"href":"https:\/\/centrourbano.com\/revista\/wp-json\/wp\/v2\/media?parent=152988"}],"wp:term":[{"taxonomy":"category","embeddable":true,"href":"https:\/\/centrourbano.com\/revista\/wp-json\/wp\/v2\/categories?post=152988"},{"taxonomy":"post_tag","embeddable":true,"href":"https:\/\/centrourbano.com\/revista\/wp-json\/wp\/v2\/tags?post=152988"}],"curies":[{"name":"wp","href":"https:\/\/api.w.org\/{rel}","templated":true}]}}