{"id":152399,"date":"2024-12-20T17:06:49","date_gmt":"2024-12-20T23:06:49","guid":{"rendered":"https:\/\/centrourbano.com\/revista\/?p=152399"},"modified":"2024-12-20T17:06:49","modified_gmt":"2024-12-20T23:06:49","slug":"brugada-escrituracion-vivienda-2025","status":"publish","type":"post","link":"https:\/\/centrourbano.com\/revista\/vivienda\/brugada-escrituracion-vivienda-2025\/","title":{"rendered":"Anuncia Brugada programa de escrituraci\u00f3n de vivienda para 2025"},"content":{"rendered":"<p><em>\u201cLa escrituraci\u00f3n y otros servicios relacionados con testamentos se convertir\u00e1n en un servicio social del Gobierno de la CDMX\u201d, dijo la mandataria<\/em><!--more--><\/p>\n<p>Este viernes, <strong>Clara Brugada Molina, jefa de Gobierno de la Ciudad de M\u00e9xico<\/strong>, anunci\u00f3 que en 2025 se pondr\u00e1 en marcha un <strong>programa masivo de escrituraci\u00f3n<\/strong> para resolver, de manera \u00e1gil y a bajo costo, la situaci\u00f3n jur\u00eddica de las viviendas capitalinas que no han sido regularizadas debido al costo y tiempo de los tr\u00e1mites.<\/p>\n<p>\u201cVamos a implementar un gran <strong>programa de escrituraci\u00f3n de vivienda<\/strong> el pr\u00f3ximo a\u00f1o; un programa que implique que demos un avance muy grande en esta ciudad para la escrituraci\u00f3n, vamos a poner metas concretas y avances. (\u2026) Vamos a trabajar para que esto sea verdaderamente un instrumento que ayude a cientos de miles de familias que tienen problemas de recursos para poder poner en orden la situaci\u00f3n jur\u00eddica de sus viviendas\u201d, detall\u00f3 la mandataria.<\/p>\n<p>Asimismo, explic\u00f3 que se aplicar\u00e1 este programa debido a que <strong>m\u00e1s de la mitad de las viviendas en la CDMX no est\u00e1n escrituradas<\/strong>, se encuentran intestadas o requieren de un tr\u00e1mite de cambio de nombre de propietario, el cual est\u00e1 detenido porque es costoso y las familias no cuentan con los recursos para pagarlo.<\/p>\n<p>Por ello, detall\u00f3 que la primera fase de la iniciativa ser\u00e1 realizar un censo para identificar las <strong>necesidades de la escrituraci\u00f3n de viviendas<\/strong>; en segundo lugar, se implementar\u00e1 un conjunto de programas para atender en poco tiempo estos problemas, y la tercera etapa ser\u00e1 el programa de <strong>escrituraci\u00f3n social<\/strong> y de <strong>testamentos<\/strong> para la ciudad.<\/p>\n<p>Brugada coment\u00f3 que, para implementar estas acciones, se establecer\u00e1n acuerdos con el <strong>Colegio de Notarios de la CDMX<\/strong> y se propondr\u00e1n reformas legislativas en materia de <strong>notariado social<\/strong>, a fin de tener servicios notariales que ayuden a los que menos tienen.<\/p>\n<p>\u201cLa <strong>escrituraci\u00f3n<\/strong> y tambi\u00e9n otros servicios relacionados con <strong>testamentos<\/strong> se convertir\u00e1n, en los pr\u00f3ximos a\u00f1os, en un servicio social del Gobierno de la Ciudad de M\u00e9xico, lo m\u00e1s econ\u00f3mico posible, lo mejor en tiempo para que no duren a\u00f1os en recibir sus escrituras o sus testamentos\u201d, destac\u00f3 la mandataria capitalina.<\/p>\n<p>Por su parte, <strong>Er\u00e9ndira Cruzvillegas Fuentes, consejera Jur\u00eddica y de Servicios Legales<\/strong>, destac\u00f3 que el programa de escrituraci\u00f3n de vivienda que impulsar\u00e1 el gobierno capitalino permitir\u00e1 a miles familias realizar este tipo de tr\u00e1mites con mayor facilidad y transparencia.<\/p>\n<p>En tanto, <strong>Roberto Garz\u00f3n Jim\u00e9nez, presidente del Colegio de Notarios<\/strong>, reconoci\u00f3 a la mandataria capitalina por impulsar en conjunto la certeza jur\u00eddica y tranquilidad a las familias.<\/p>\n<p>\u201cEl notariado tiene un compromiso indeclinable con la sociedad. No solo brindamos seguridad jur\u00eddica en actos de gran trascendencia para las personas, como la adquisici\u00f3n de una vivienda o la elaboraci\u00f3n de un testamento, sino que tambi\u00e9n vamos a colaborar y seguir colaborando activamente en programas sociales que busquen el bienestar de la comunidad\u201d, a\u00f1adi\u00f3.<\/p>\n","protected":false},"excerpt":{"rendered":"<p>\u201cLa escrituraci\u00f3n y otros servicios relacionados con testamentos se convertir\u00e1n en un servicio social del Gobierno de la CDMX\u201d, dijo la mandataria<\/p>\n","protected":false},"author":73,"featured_media":152400,"comment_status":"open","ping_status":"closed","sticky":false,"template":"","format":"standard","meta":{"om_disable_all_campaigns":false,"inline_featured_image":false,"_monsterinsights_skip_tracking":false,"_monsterinsights_sitenote_active":false,"_monsterinsights_sitenote_note":"","_monsterinsights_sitenote_category":0,"footnotes":""},"categories":[12],"tags":[24175,1078,530,11286,60],"class_list":["post-152399","post","type-post","status-publish","format-standard","has-post-thumbnail","hentry","category-vivienda","tag-clara-brugada","tag-colegio-de-notarios","tag-escrituracion","tag-gobierno-cdmx","tag-vivienda-2"],"yoast_head":"<!-- This site is optimized with the Yoast SEO plugin v27.4 - https:\/\/yoast.com\/product\/yoast-seo-wordpress\/ -->\n<title>Anuncia Brugada programa de escrituraci\u00f3n de vivienda para 2025<\/title>\n<meta name=\"description\" content=\"\u201cLa escrituraci\u00f3n y otros servicios relacionados con testamentos se convertir\u00e1n en un servicio social del Gobierno de la CDMX\u201d\" \/>\n<meta name=\"robots\" content=\"index, follow, max-snippet:-1, max-image-preview:large, max-video-preview:-1\" \/>\n<link rel=\"canonical\" href=\"https:\/\/centrourbano.com\/revista\/vivienda\/brugada-escrituracion-vivienda-2025\/\" \/>\n<meta property=\"og:locale\" content=\"es_ES\" \/>\n<meta property=\"og:type\" content=\"article\" \/>\n<meta property=\"og:title\" content=\"Anuncia Brugada programa de escrituraci\u00f3n de vivienda para 2025\" \/>\n<meta property=\"og:description\" content=\"\u201cLa escrituraci\u00f3n y otros servicios relacionados con testamentos se convertir\u00e1n en un servicio social del Gobierno de la CDMX\u201d\" \/>\n<meta property=\"og:url\" content=\"https:\/\/centrourbano.com\/revista\/vivienda\/brugada-escrituracion-vivienda-2025\/\" \/>\n<meta property=\"og:site_name\" content=\"Centro Urbano\" \/>\n<meta property=\"article:publisher\" content=\"https:\/\/www.facebook.com\/portalcentrourbano\" \/>\n<meta property=\"article:published_time\" content=\"2024-12-20T23:06:49+00:00\" \/>\n<meta property=\"og:image\" content=\"https:\/\/centrourbano.com\/revista\/wp-content\/uploads\/Anuncia-Brugada-programa-de-escrituracio\u0301n-de-vivienda-para-2025.jpg\" \/>\n\t<meta property=\"og:image:width\" content=\"1500\" \/>\n\t<meta property=\"og:image:height\" content=\"1306\" \/>\n\t<meta property=\"og:image:type\" content=\"image\/jpeg\" \/>\n<meta name=\"author\" content=\"Fernanda Hern\u00e1ndez\" \/>\n<meta name=\"twitter:card\" content=\"summary_large_image\" \/>\n<meta name=\"twitter:creator\" content=\"@https:\/\/twitter.com\/Nannz_Hernandez\" \/>\n<meta name=\"twitter:site\" content=\"@CentroUrbano\" \/>\n<meta name=\"twitter:label1\" content=\"Escrito por\" \/>\n\t<meta name=\"twitter:data1\" content=\"Fernanda Hern\u00e1ndez\" \/>\n\t<meta name=\"twitter:label2\" content=\"Tiempo de lectura\" \/>\n\t<meta name=\"twitter:data2\" content=\"3 minutos\" \/>\n<script type=\"application\/ld+json\" class=\"yoast-schema-graph\">{\"@context\":\"https:\\\/\\\/schema.org\",\"@graph\":[{\"@type\":\"Article\",\"@id\":\"https:\\\/\\\/centrourbano.com\\\/revista\\\/vivienda\\\/brugada-escrituracion-vivienda-2025\\\/#article\",\"isPartOf\":{\"@id\":\"https:\\\/\\\/centrourbano.com\\\/revista\\\/vivienda\\\/brugada-escrituracion-vivienda-2025\\\/\"},\"author\":{\"name\":\"Fernanda Hern\u00e1ndez\",\"@id\":\"https:\\\/\\\/centrourbano.com\\\/revista\\\/#\\\/schema\\\/person\\\/b190b20bbbceb41ec72278c546fa8df3\"},\"headline\":\"Anuncia Brugada programa de escrituraci\u00f3n de vivienda para 2025\",\"datePublished\":\"2024-12-20T23:06:49+00:00\",\"mainEntityOfPage\":{\"@id\":\"https:\\\/\\\/centrourbano.com\\\/revista\\\/vivienda\\\/brugada-escrituracion-vivienda-2025\\\/\"},\"wordCount\":520,\"commentCount\":0,\"publisher\":{\"@id\":\"https:\\\/\\\/centrourbano.com\\\/revista\\\/#organization\"},\"image\":{\"@id\":\"https:\\\/\\\/centrourbano.com\\\/revista\\\/vivienda\\\/brugada-escrituracion-vivienda-2025\\\/#primaryimage\"},\"thumbnailUrl\":\"https:\\\/\\\/centrourbano.com\\\/revista\\\/wp-content\\\/uploads\\\/Anuncia-Brugada-programa-de-escrituracio\u0301n-de-vivienda-para-2025.jpg\",\"keywords\":[\"Clara Brugada\",\"Colegio de notarios\",\"Escrituraci\u00f3n\",\"Gobierno CDMX\",\"vivienda\"],\"articleSection\":[\"Vivienda\"],\"inLanguage\":\"es\",\"potentialAction\":[{\"@type\":\"CommentAction\",\"name\":\"Comment\",\"target\":[\"https:\\\/\\\/centrourbano.com\\\/revista\\\/vivienda\\\/brugada-escrituracion-vivienda-2025\\\/#respond\"]}]},{\"@type\":\"WebPage\",\"@id\":\"https:\\\/\\\/centrourbano.com\\\/revista\\\/vivienda\\\/brugada-escrituracion-vivienda-2025\\\/\",\"url\":\"https:\\\/\\\/centrourbano.com\\\/revista\\\/vivienda\\\/brugada-escrituracion-vivienda-2025\\\/\",\"name\":\"Anuncia Brugada programa de escrituraci\u00f3n de vivienda para 2025\",\"isPartOf\":{\"@id\":\"https:\\\/\\\/centrourbano.com\\\/revista\\\/#website\"},\"primaryImageOfPage\":{\"@id\":\"https:\\\/\\\/centrourbano.com\\\/revista\\\/vivienda\\\/brugada-escrituracion-vivienda-2025\\\/#primaryimage\"},\"image\":{\"@id\":\"https:\\\/\\\/centrourbano.com\\\/revista\\\/vivienda\\\/brugada-escrituracion-vivienda-2025\\\/#primaryimage\"},\"thumbnailUrl\":\"https:\\\/\\\/centrourbano.com\\\/revista\\\/wp-content\\\/uploads\\\/Anuncia-Brugada-programa-de-escrituracio\u0301n-de-vivienda-para-2025.jpg\",\"datePublished\":\"2024-12-20T23:06:49+00:00\",\"description\":\"\u201cLa escrituraci\u00f3n y otros servicios relacionados con testamentos se convertir\u00e1n en un servicio social del Gobierno de la CDMX\u201d\",\"breadcrumb\":{\"@id\":\"https:\\\/\\\/centrourbano.com\\\/revista\\\/vivienda\\\/brugada-escrituracion-vivienda-2025\\\/#breadcrumb\"},\"inLanguage\":\"es\",\"potentialAction\":[{\"@type\":\"ReadAction\",\"target\":[\"https:\\\/\\\/centrourbano.com\\\/revista\\\/vivienda\\\/brugada-escrituracion-vivienda-2025\\\/\"]}]},{\"@type\":\"ImageObject\",\"inLanguage\":\"es\",\"@id\":\"https:\\\/\\\/centrourbano.com\\\/revista\\\/vivienda\\\/brugada-escrituracion-vivienda-2025\\\/#primaryimage\",\"url\":\"https:\\\/\\\/centrourbano.com\\\/revista\\\/wp-content\\\/uploads\\\/Anuncia-Brugada-programa-de-escrituracio\u0301n-de-vivienda-para-2025.jpg\",\"contentUrl\":\"https:\\\/\\\/centrourbano.com\\\/revista\\\/wp-content\\\/uploads\\\/Anuncia-Brugada-programa-de-escrituracio\u0301n-de-vivienda-para-2025.jpg\",\"width\":1500,\"height\":1306,\"caption\":\"\u201cLa escrituraci\u00f3n y otros servicios relacionados con testamentos se convertir\u00e1n en un servicio social del Gobierno de la CDMX\u201d, dijo la mandataria\"},{\"@type\":\"BreadcrumbList\",\"@id\":\"https:\\\/\\\/centrourbano.com\\\/revista\\\/vivienda\\\/brugada-escrituracion-vivienda-2025\\\/#breadcrumb\",\"itemListElement\":[{\"@type\":\"ListItem\",\"position\":1,\"name\":\"Portada\",\"item\":\"https:\\\/\\\/centrourbano.com\\\/revista\\\/\"},{\"@type\":\"ListItem\",\"position\":2,\"name\":\"Anuncia Brugada programa de escrituraci\u00f3n de vivienda para 2025\"}]},{\"@type\":\"WebSite\",\"@id\":\"https:\\\/\\\/centrourbano.com\\\/revista\\\/#website\",\"url\":\"https:\\\/\\\/centrourbano.com\\\/revista\\\/\",\"name\":\"Centro Urbano\",\"description\":\"Medio especializado en los sectores vivienda, inmobiliario, construcci\u00f3n, arquitectura y urbanismo.\",\"publisher\":{\"@id\":\"https:\\\/\\\/centrourbano.com\\\/revista\\\/#organization\"},\"potentialAction\":[{\"@type\":\"SearchAction\",\"target\":{\"@type\":\"EntryPoint\",\"urlTemplate\":\"https:\\\/\\\/centrourbano.com\\\/revista\\\/?s={search_term_string}\"},\"query-input\":{\"@type\":\"PropertyValueSpecification\",\"valueRequired\":true,\"valueName\":\"search_term_string\"}}],\"inLanguage\":\"es\"},{\"@type\":\"Organization\",\"@id\":\"https:\\\/\\\/centrourbano.com\\\/revista\\\/#organization\",\"name\":\"Centro Urbano\",\"url\":\"https:\\\/\\\/centrourbano.com\\\/revista\\\/\",\"logo\":{\"@type\":\"ImageObject\",\"inLanguage\":\"es\",\"@id\":\"https:\\\/\\\/centrourbano.com\\\/revista\\\/#\\\/schema\\\/logo\\\/image\\\/\",\"url\":\"https:\\\/\\\/centrourbano.com\\\/revista\\\/wp-content\\\/uploads\\\/web_CU_logo-1.png\",\"contentUrl\":\"https:\\\/\\\/centrourbano.com\\\/revista\\\/wp-content\\\/uploads\\\/web_CU_logo-1.png\",\"width\":350,\"height\":91,\"caption\":\"Centro Urbano\"},\"image\":{\"@id\":\"https:\\\/\\\/centrourbano.com\\\/revista\\\/#\\\/schema\\\/logo\\\/image\\\/\"},\"sameAs\":[\"https:\\\/\\\/www.facebook.com\\\/portalcentrourbano\",\"https:\\\/\\\/x.com\\\/CentroUrbano\",\"https:\\\/\\\/www.instagram.com\\\/centro_urbano\\\/\",\"https:\\\/\\\/www.linkedin.com\\\/company\\\/centro-urbano\\\/\",\"http:\\\/\\\/www.youtube.com\\\/user\\\/portalcentrourbano\"]},{\"@type\":\"Person\",\"@id\":\"https:\\\/\\\/centrourbano.com\\\/revista\\\/#\\\/schema\\\/person\\\/b190b20bbbceb41ec72278c546fa8df3\",\"name\":\"Fernanda Hern\u00e1ndez\",\"image\":{\"@type\":\"ImageObject\",\"inLanguage\":\"es\",\"@id\":\"https:\\\/\\\/secure.gravatar.com\\\/avatar\\\/9471831fb0a24eae9d32d826a7cb8ef07c34a41520aca1a0ab1f5c0903ba49b9?s=96&d=mm&r=g\",\"url\":\"https:\\\/\\\/secure.gravatar.com\\\/avatar\\\/9471831fb0a24eae9d32d826a7cb8ef07c34a41520aca1a0ab1f5c0903ba49b9?s=96&d=mm&r=g\",\"contentUrl\":\"https:\\\/\\\/secure.gravatar.com\\\/avatar\\\/9471831fb0a24eae9d32d826a7cb8ef07c34a41520aca1a0ab1f5c0903ba49b9?s=96&d=mm&r=g\",\"caption\":\"Fernanda Hern\u00e1ndez\"},\"description\":\"Reportera y redactora en Centro Urbano. Soy egresada de la licenciatura en Ciencias de la Comunicaci\u00f3n de la Facultad de Ciencias Pol\u00edticas y Sociales (UNAM). Me interesa la cultura, el urbanismo y la arquitectura. Amante del mundo digital, el cine, la m\u00fasica, la lectura y la escritura.\",\"sameAs\":[\"https:\\\/\\\/x.com\\\/https:\\\/\\\/twitter.com\\\/Nannz_Hernandez\"],\"url\":\"https:\\\/\\\/centrourbano.com\\\/revista\\\/author\\\/fernanda-hernandez\\\/\"}]}<\/script>\n<!-- \/ Yoast SEO plugin. -->","yoast_head_json":{"title":"Anuncia Brugada programa de escrituraci\u00f3n de vivienda para 2025","description":"\u201cLa escrituraci\u00f3n y otros servicios relacionados con testamentos se convertir\u00e1n en un servicio social del Gobierno de la CDMX\u201d","robots":{"index":"index","follow":"follow","max-snippet":"max-snippet:-1","max-image-preview":"max-image-preview:large","max-video-preview":"max-video-preview:-1"},"canonical":"https:\/\/centrourbano.com\/revista\/vivienda\/brugada-escrituracion-vivienda-2025\/","og_locale":"es_ES","og_type":"article","og_title":"Anuncia Brugada programa de escrituraci\u00f3n de vivienda para 2025","og_description":"\u201cLa escrituraci\u00f3n y otros servicios relacionados con testamentos se convertir\u00e1n en un servicio social del Gobierno de la CDMX\u201d","og_url":"https:\/\/centrourbano.com\/revista\/vivienda\/brugada-escrituracion-vivienda-2025\/","og_site_name":"Centro Urbano","article_publisher":"https:\/\/www.facebook.com\/portalcentrourbano","article_published_time":"2024-12-20T23:06:49+00:00","og_image":[{"width":1500,"height":1306,"url":"https:\/\/centrourbano.com\/revista\/wp-content\/uploads\/Anuncia-Brugada-programa-de-escrituracio\u0301n-de-vivienda-para-2025.jpg","type":"image\/jpeg"}],"author":"Fernanda Hern\u00e1ndez","twitter_card":"summary_large_image","twitter_creator":"@https:\/\/twitter.com\/Nannz_Hernandez","twitter_site":"@CentroUrbano","twitter_misc":{"Escrito por":"Fernanda Hern\u00e1ndez","Tiempo de lectura":"3 minutos"},"schema":{"@context":"https:\/\/schema.org","@graph":[{"@type":"Article","@id":"https:\/\/centrourbano.com\/revista\/vivienda\/brugada-escrituracion-vivienda-2025\/#article","isPartOf":{"@id":"https:\/\/centrourbano.com\/revista\/vivienda\/brugada-escrituracion-vivienda-2025\/"},"author":{"name":"Fernanda Hern\u00e1ndez","@id":"https:\/\/centrourbano.com\/revista\/#\/schema\/person\/b190b20bbbceb41ec72278c546fa8df3"},"headline":"Anuncia Brugada programa de escrituraci\u00f3n de vivienda para 2025","datePublished":"2024-12-20T23:06:49+00:00","mainEntityOfPage":{"@id":"https:\/\/centrourbano.com\/revista\/vivienda\/brugada-escrituracion-vivienda-2025\/"},"wordCount":520,"commentCount":0,"publisher":{"@id":"https:\/\/centrourbano.com\/revista\/#organization"},"image":{"@id":"https:\/\/centrourbano.com\/revista\/vivienda\/brugada-escrituracion-vivienda-2025\/#primaryimage"},"thumbnailUrl":"https:\/\/centrourbano.com\/revista\/wp-content\/uploads\/Anuncia-Brugada-programa-de-escrituracio\u0301n-de-vivienda-para-2025.jpg","keywords":["Clara Brugada","Colegio de notarios","Escrituraci\u00f3n","Gobierno CDMX","vivienda"],"articleSection":["Vivienda"],"inLanguage":"es","potentialAction":[{"@type":"CommentAction","name":"Comment","target":["https:\/\/centrourbano.com\/revista\/vivienda\/brugada-escrituracion-vivienda-2025\/#respond"]}]},{"@type":"WebPage","@id":"https:\/\/centrourbano.com\/revista\/vivienda\/brugada-escrituracion-vivienda-2025\/","url":"https:\/\/centrourbano.com\/revista\/vivienda\/brugada-escrituracion-vivienda-2025\/","name":"Anuncia Brugada programa de escrituraci\u00f3n de vivienda para 2025","isPartOf":{"@id":"https:\/\/centrourbano.com\/revista\/#website"},"primaryImageOfPage":{"@id":"https:\/\/centrourbano.com\/revista\/vivienda\/brugada-escrituracion-vivienda-2025\/#primaryimage"},"image":{"@id":"https:\/\/centrourbano.com\/revista\/vivienda\/brugada-escrituracion-vivienda-2025\/#primaryimage"},"thumbnailUrl":"https:\/\/centrourbano.com\/revista\/wp-content\/uploads\/Anuncia-Brugada-programa-de-escrituracio\u0301n-de-vivienda-para-2025.jpg","datePublished":"2024-12-20T23:06:49+00:00","description":"\u201cLa escrituraci\u00f3n y otros servicios relacionados con testamentos se convertir\u00e1n en un servicio social del Gobierno de la CDMX\u201d","breadcrumb":{"@id":"https:\/\/centrourbano.com\/revista\/vivienda\/brugada-escrituracion-vivienda-2025\/#breadcrumb"},"inLanguage":"es","potentialAction":[{"@type":"ReadAction","target":["https:\/\/centrourbano.com\/revista\/vivienda\/brugada-escrituracion-vivienda-2025\/"]}]},{"@type":"ImageObject","inLanguage":"es","@id":"https:\/\/centrourbano.com\/revista\/vivienda\/brugada-escrituracion-vivienda-2025\/#primaryimage","url":"https:\/\/centrourbano.com\/revista\/wp-content\/uploads\/Anuncia-Brugada-programa-de-escrituracio\u0301n-de-vivienda-para-2025.jpg","contentUrl":"https:\/\/centrourbano.com\/revista\/wp-content\/uploads\/Anuncia-Brugada-programa-de-escrituracio\u0301n-de-vivienda-para-2025.jpg","width":1500,"height":1306,"caption":"\u201cLa escrituraci\u00f3n y otros servicios relacionados con testamentos se convertir\u00e1n en un servicio social del Gobierno de la CDMX\u201d, dijo la mandataria"},{"@type":"BreadcrumbList","@id":"https:\/\/centrourbano.com\/revista\/vivienda\/brugada-escrituracion-vivienda-2025\/#breadcrumb","itemListElement":[{"@type":"ListItem","position":1,"name":"Portada","item":"https:\/\/centrourbano.com\/revista\/"},{"@type":"ListItem","position":2,"name":"Anuncia Brugada programa de escrituraci\u00f3n de vivienda para 2025"}]},{"@type":"WebSite","@id":"https:\/\/centrourbano.com\/revista\/#website","url":"https:\/\/centrourbano.com\/revista\/","name":"Centro Urbano","description":"Medio especializado en los sectores vivienda, inmobiliario, construcci\u00f3n, arquitectura y urbanismo.","publisher":{"@id":"https:\/\/centrourbano.com\/revista\/#organization"},"potentialAction":[{"@type":"SearchAction","target":{"@type":"EntryPoint","urlTemplate":"https:\/\/centrourbano.com\/revista\/?s={search_term_string}"},"query-input":{"@type":"PropertyValueSpecification","valueRequired":true,"valueName":"search_term_string"}}],"inLanguage":"es"},{"@type":"Organization","@id":"https:\/\/centrourbano.com\/revista\/#organization","name":"Centro Urbano","url":"https:\/\/centrourbano.com\/revista\/","logo":{"@type":"ImageObject","inLanguage":"es","@id":"https:\/\/centrourbano.com\/revista\/#\/schema\/logo\/image\/","url":"https:\/\/centrourbano.com\/revista\/wp-content\/uploads\/web_CU_logo-1.png","contentUrl":"https:\/\/centrourbano.com\/revista\/wp-content\/uploads\/web_CU_logo-1.png","width":350,"height":91,"caption":"Centro Urbano"},"image":{"@id":"https:\/\/centrourbano.com\/revista\/#\/schema\/logo\/image\/"},"sameAs":["https:\/\/www.facebook.com\/portalcentrourbano","https:\/\/x.com\/CentroUrbano","https:\/\/www.instagram.com\/centro_urbano\/","https:\/\/www.linkedin.com\/company\/centro-urbano\/","http:\/\/www.youtube.com\/user\/portalcentrourbano"]},{"@type":"Person","@id":"https:\/\/centrourbano.com\/revista\/#\/schema\/person\/b190b20bbbceb41ec72278c546fa8df3","name":"Fernanda Hern\u00e1ndez","image":{"@type":"ImageObject","inLanguage":"es","@id":"https:\/\/secure.gravatar.com\/avatar\/9471831fb0a24eae9d32d826a7cb8ef07c34a41520aca1a0ab1f5c0903ba49b9?s=96&d=mm&r=g","url":"https:\/\/secure.gravatar.com\/avatar\/9471831fb0a24eae9d32d826a7cb8ef07c34a41520aca1a0ab1f5c0903ba49b9?s=96&d=mm&r=g","contentUrl":"https:\/\/secure.gravatar.com\/avatar\/9471831fb0a24eae9d32d826a7cb8ef07c34a41520aca1a0ab1f5c0903ba49b9?s=96&d=mm&r=g","caption":"Fernanda Hern\u00e1ndez"},"description":"Reportera y redactora en Centro Urbano. Soy egresada de la licenciatura en Ciencias de la Comunicaci\u00f3n de la Facultad de Ciencias Pol\u00edticas y Sociales (UNAM). Me interesa la cultura, el urbanismo y la arquitectura. Amante del mundo digital, el cine, la m\u00fasica, la lectura y la escritura.","sameAs":["https:\/\/x.com\/https:\/\/twitter.com\/Nannz_Hernandez"],"url":"https:\/\/centrourbano.com\/revista\/author\/fernanda-hernandez\/"}]}},"_links":{"self":[{"href":"https:\/\/centrourbano.com\/revista\/wp-json\/wp\/v2\/posts\/152399","targetHints":{"allow":["GET"]}}],"collection":[{"href":"https:\/\/centrourbano.com\/revista\/wp-json\/wp\/v2\/posts"}],"about":[{"href":"https:\/\/centrourbano.com\/revista\/wp-json\/wp\/v2\/types\/post"}],"author":[{"embeddable":true,"href":"https:\/\/centrourbano.com\/revista\/wp-json\/wp\/v2\/users\/73"}],"replies":[{"embeddable":true,"href":"https:\/\/centrourbano.com\/revista\/wp-json\/wp\/v2\/comments?post=152399"}],"version-history":[{"count":1,"href":"https:\/\/centrourbano.com\/revista\/wp-json\/wp\/v2\/posts\/152399\/revisions"}],"predecessor-version":[{"id":152406,"href":"https:\/\/centrourbano.com\/revista\/wp-json\/wp\/v2\/posts\/152399\/revisions\/152406"}],"wp:featuredmedia":[{"embeddable":true,"href":"https:\/\/centrourbano.com\/revista\/wp-json\/wp\/v2\/media\/152400"}],"wp:attachment":[{"href":"https:\/\/centrourbano.com\/revista\/wp-json\/wp\/v2\/media?parent=152399"}],"wp:term":[{"taxonomy":"category","embeddable":true,"href":"https:\/\/centrourbano.com\/revista\/wp-json\/wp\/v2\/categories?post=152399"},{"taxonomy":"post_tag","embeddable":true,"href":"https:\/\/centrourbano.com\/revista\/wp-json\/wp\/v2\/tags?post=152399"}],"curies":[{"name":"wp","href":"https:\/\/api.w.org\/{rel}","templated":true}]}}