{"id":152294,"date":"2024-12-16T13:50:37","date_gmt":"2024-12-16T19:50:37","guid":{"rendered":"https:\/\/centrourbano.com\/revista\/?p=152294"},"modified":"2024-12-16T13:50:37","modified_gmt":"2024-12-16T19:50:37","slug":"meyer-falcon-infraestructura-sict","status":"publish","type":"post","link":"https:\/\/centrourbano.com\/revista\/construccion\/meyer-falcon-infraestructura-sict\/","title":{"rendered":"Meyer Falc\u00f3n coordinar\u00e1 proyectos de infraestructura en la SICT"},"content":{"rendered":"<p><em>Rom\u00e1n Meyer Falc\u00f3n se encargar\u00e1 de coordinar el dise\u00f1o de toda la infraestructura cultural, educativa y ferroviaria que se construya en el pa\u00eds<\/em><!--more--><\/p>\n<p>A partir de una reforma a la <strong>Ley Org\u00e1nica de la Administraci\u00f3n Federal<\/strong>, que otorg\u00f3 a la <strong>Secretar\u00eda de Infraestructura, Comunicaciones y Transportes<\/strong> (<a href=\"https:\/\/centrourbano.com\/revista\/elecciones-2024\/jesus-esteva-titular-sict\/\" target=\"_blank\" rel=\"noopener\"><strong>SICT<\/strong><\/a>) atribuciones para hacerse cargo de los proyectos ejecutivos de las obras de infraestructura de la actual administraci\u00f3n, se dio a conocer que <strong>Rom\u00e1n Meyer Falc\u00f3n<\/strong> ser\u00e1 el encargado de dicha \u00e1rea en la dependencia.<\/p>\n<p>De esta manera, el extitular de la <strong>Secretar\u00eda de Desarrollo Agrario, Territorial y Urbano (Sedatu<\/strong>), estar\u00e1 al frente de una oficina en la <strong>SICT<\/strong> que se encargar\u00e1 de coordinar el dise\u00f1o de toda la <strong>infraestructura cultural, educativa y ferroviaria<\/strong> que se construya en el pa\u00eds durante este sexenio.<\/p>\n<p>Entre las funciones de <strong>Meyer Falc\u00f3n<\/strong> se encuentran los proyectos ejecutivos de las obras prioritarias del gobierno de <strong>Claudia Sheinbaum<\/strong>, como la edificaci\u00f3n de universidades y el desarrollo de 3,000 kil\u00f3metros de infraestructura ferroviaria.<\/p>\n<p>Cabe mencionar que, derivado de la reforma a la <strong>Ley Org\u00e1nica de la Administraci\u00f3n Federal<\/strong>, publicada a finales de noviembre en el Diario Oficial de la Federaci\u00f3n (DOF), la <strong>SICT<\/strong> adquiri\u00f3 la responsabilidad de construir, equipar, restaurar, reforzar, reconstruir y rehabilitar obras p\u00fablicas de infraestructura urbana y para el <strong>transporte p\u00fablico de pasajeros<\/strong>.<\/p>\n<p>De igual manera, la dependencia, a trav\u00e9s de la oficina que encabezar\u00e1 Meyer Falc\u00f3n, se encargar\u00e1 de las intervenciones al espacio p\u00fablico necesarias; as\u00ed como de construir, equipar, restaurar, reforzar, reconstruir y rehabilitar infraestructura urbana para <strong>proyectos culturales<\/strong> e <strong>instalaciones destinadas al servicio del sistema educativo nacional<\/strong>.<\/p>\n<p>Adem\u00e1s, la <strong>SICT<\/strong> deber\u00e1 coadyuvar con la <strong>Secretar\u00eda de Medio Ambiente y Recursos Naturales (Semarnat<\/strong>) en la construcci\u00f3n, restauraci\u00f3n, reforzamiento, reconstrucci\u00f3n y rehabilitaci\u00f3n de infraestructura para sistemas de reciclamiento y tratamiento de residuos s\u00f3lidos, estaciones de transferencia, plantas de selecci\u00f3n para el reciclaje y de composta, y de cualquier tecnolog\u00eda para el manejo y tratamiento de los residuos s\u00f3lidos.<\/p>\n","protected":false},"excerpt":{"rendered":"<p>Rom\u00e1n Meyer Falc\u00f3n se encargar\u00e1 de coordinar el dise\u00f1o de toda la infraestructura cultural, educativa y ferroviaria que se construya en el pa\u00eds<\/p>\n","protected":false},"author":73,"featured_media":152295,"comment_status":"open","ping_status":"closed","sticky":false,"template":"","format":"standard","meta":{"om_disable_all_campaigns":false,"inline_featured_image":false,"_monsterinsights_skip_tracking":false,"_monsterinsights_sitenote_active":false,"_monsterinsights_sitenote_note":"","_monsterinsights_sitenote_category":0,"footnotes":""},"categories":[14],"tags":[311,13493,105,21136],"class_list":["post-152294","post","type-post","status-publish","format-standard","has-post-thumbnail","hentry","category-construccion","tag-infraestructura","tag-roman-meyer-falcon","tag-sedatu","tag-sict"],"yoast_head":"<!-- This site is optimized with the Yoast SEO plugin v27.4 - https:\/\/yoast.com\/product\/yoast-seo-wordpress\/ -->\n<title>Meyer Falc\u00f3n coordinar\u00e1 proyectos de infraestructura en la SICT<\/title>\n<meta name=\"description\" content=\"Rom\u00e1n Meyer Falc\u00f3n coordinar\u00e1 el dise\u00f1o de toda la infraestructura cultural, educativa y ferroviaria que se construya en el pa\u00eds\" \/>\n<meta name=\"robots\" content=\"index, follow, max-snippet:-1, max-image-preview:large, max-video-preview:-1\" \/>\n<link rel=\"canonical\" href=\"https:\/\/centrourbano.com\/revista\/construccion\/meyer-falcon-infraestructura-sict\/\" \/>\n<meta property=\"og:locale\" content=\"es_ES\" \/>\n<meta property=\"og:type\" content=\"article\" \/>\n<meta property=\"og:title\" content=\"Meyer Falc\u00f3n coordinar\u00e1 proyectos de infraestructura en la SICT\" \/>\n<meta property=\"og:description\" content=\"Rom\u00e1n Meyer Falc\u00f3n coordinar\u00e1 el dise\u00f1o de toda la infraestructura cultural, educativa y ferroviaria que se construya en el pa\u00eds\" \/>\n<meta property=\"og:url\" content=\"https:\/\/centrourbano.com\/revista\/construccion\/meyer-falcon-infraestructura-sict\/\" \/>\n<meta property=\"og:site_name\" content=\"Centro Urbano\" \/>\n<meta property=\"article:publisher\" content=\"https:\/\/www.facebook.com\/portalcentrourbano\" \/>\n<meta property=\"article:published_time\" content=\"2024-12-16T19:50:37+00:00\" \/>\n<meta property=\"og:image\" content=\"https:\/\/centrourbano.com\/revista\/wp-content\/uploads\/Meyer-Falco\u0301n-coordinara\u0301-proyectos-de-infraestructura-en-la-SICT.jpg\" \/>\n\t<meta property=\"og:image:width\" content=\"800\" \/>\n\t<meta property=\"og:image:height\" content=\"675\" \/>\n\t<meta property=\"og:image:type\" content=\"image\/jpeg\" \/>\n<meta name=\"author\" content=\"Fernanda Hern\u00e1ndez\" \/>\n<meta name=\"twitter:card\" content=\"summary_large_image\" \/>\n<meta name=\"twitter:creator\" content=\"@https:\/\/twitter.com\/Nannz_Hernandez\" \/>\n<meta name=\"twitter:site\" content=\"@CentroUrbano\" \/>\n<meta name=\"twitter:label1\" content=\"Escrito por\" \/>\n\t<meta name=\"twitter:data1\" content=\"Fernanda Hern\u00e1ndez\" \/>\n\t<meta name=\"twitter:label2\" content=\"Tiempo de lectura\" \/>\n\t<meta name=\"twitter:data2\" content=\"2 minutos\" \/>\n<script type=\"application\/ld+json\" class=\"yoast-schema-graph\">{\"@context\":\"https:\\\/\\\/schema.org\",\"@graph\":[{\"@type\":\"Article\",\"@id\":\"https:\\\/\\\/centrourbano.com\\\/revista\\\/construccion\\\/meyer-falcon-infraestructura-sict\\\/#article\",\"isPartOf\":{\"@id\":\"https:\\\/\\\/centrourbano.com\\\/revista\\\/construccion\\\/meyer-falcon-infraestructura-sict\\\/\"},\"author\":{\"name\":\"Fernanda Hern\u00e1ndez\",\"@id\":\"https:\\\/\\\/centrourbano.com\\\/revista\\\/#\\\/schema\\\/person\\\/b190b20bbbceb41ec72278c546fa8df3\"},\"headline\":\"Meyer Falc\u00f3n coordinar\u00e1 proyectos de infraestructura en la SICT\",\"datePublished\":\"2024-12-16T19:50:37+00:00\",\"mainEntityOfPage\":{\"@id\":\"https:\\\/\\\/centrourbano.com\\\/revista\\\/construccion\\\/meyer-falcon-infraestructura-sict\\\/\"},\"wordCount\":365,\"commentCount\":0,\"publisher\":{\"@id\":\"https:\\\/\\\/centrourbano.com\\\/revista\\\/#organization\"},\"image\":{\"@id\":\"https:\\\/\\\/centrourbano.com\\\/revista\\\/construccion\\\/meyer-falcon-infraestructura-sict\\\/#primaryimage\"},\"thumbnailUrl\":\"https:\\\/\\\/centrourbano.com\\\/revista\\\/wp-content\\\/uploads\\\/Meyer-Falco\u0301n-coordinara\u0301-proyectos-de-infraestructura-en-la-SICT.jpg\",\"keywords\":[\"infraestructura\",\"Rom\u00e1n Meyer Falc\u00f3n\",\"Sedatu\",\"SICT\"],\"articleSection\":[\"Construcci\u00f3n\"],\"inLanguage\":\"es\",\"potentialAction\":[{\"@type\":\"CommentAction\",\"name\":\"Comment\",\"target\":[\"https:\\\/\\\/centrourbano.com\\\/revista\\\/construccion\\\/meyer-falcon-infraestructura-sict\\\/#respond\"]}]},{\"@type\":\"WebPage\",\"@id\":\"https:\\\/\\\/centrourbano.com\\\/revista\\\/construccion\\\/meyer-falcon-infraestructura-sict\\\/\",\"url\":\"https:\\\/\\\/centrourbano.com\\\/revista\\\/construccion\\\/meyer-falcon-infraestructura-sict\\\/\",\"name\":\"Meyer Falc\u00f3n coordinar\u00e1 proyectos de infraestructura en la SICT\",\"isPartOf\":{\"@id\":\"https:\\\/\\\/centrourbano.com\\\/revista\\\/#website\"},\"primaryImageOfPage\":{\"@id\":\"https:\\\/\\\/centrourbano.com\\\/revista\\\/construccion\\\/meyer-falcon-infraestructura-sict\\\/#primaryimage\"},\"image\":{\"@id\":\"https:\\\/\\\/centrourbano.com\\\/revista\\\/construccion\\\/meyer-falcon-infraestructura-sict\\\/#primaryimage\"},\"thumbnailUrl\":\"https:\\\/\\\/centrourbano.com\\\/revista\\\/wp-content\\\/uploads\\\/Meyer-Falco\u0301n-coordinara\u0301-proyectos-de-infraestructura-en-la-SICT.jpg\",\"datePublished\":\"2024-12-16T19:50:37+00:00\",\"description\":\"Rom\u00e1n Meyer Falc\u00f3n coordinar\u00e1 el dise\u00f1o de toda la infraestructura cultural, educativa y ferroviaria que se construya en el pa\u00eds\",\"breadcrumb\":{\"@id\":\"https:\\\/\\\/centrourbano.com\\\/revista\\\/construccion\\\/meyer-falcon-infraestructura-sict\\\/#breadcrumb\"},\"inLanguage\":\"es\",\"potentialAction\":[{\"@type\":\"ReadAction\",\"target\":[\"https:\\\/\\\/centrourbano.com\\\/revista\\\/construccion\\\/meyer-falcon-infraestructura-sict\\\/\"]}]},{\"@type\":\"ImageObject\",\"inLanguage\":\"es\",\"@id\":\"https:\\\/\\\/centrourbano.com\\\/revista\\\/construccion\\\/meyer-falcon-infraestructura-sict\\\/#primaryimage\",\"url\":\"https:\\\/\\\/centrourbano.com\\\/revista\\\/wp-content\\\/uploads\\\/Meyer-Falco\u0301n-coordinara\u0301-proyectos-de-infraestructura-en-la-SICT.jpg\",\"contentUrl\":\"https:\\\/\\\/centrourbano.com\\\/revista\\\/wp-content\\\/uploads\\\/Meyer-Falco\u0301n-coordinara\u0301-proyectos-de-infraestructura-en-la-SICT.jpg\",\"width\":800,\"height\":675,\"caption\":\"Rom\u00e1n Meyer Falc\u00f3n se encargar\u00e1 de coordinar el dise\u00f1o de toda la infraestructura cultural, educativa y ferroviaria que se construya en el pa\u00eds\"},{\"@type\":\"BreadcrumbList\",\"@id\":\"https:\\\/\\\/centrourbano.com\\\/revista\\\/construccion\\\/meyer-falcon-infraestructura-sict\\\/#breadcrumb\",\"itemListElement\":[{\"@type\":\"ListItem\",\"position\":1,\"name\":\"Portada\",\"item\":\"https:\\\/\\\/centrourbano.com\\\/revista\\\/\"},{\"@type\":\"ListItem\",\"position\":2,\"name\":\"Meyer Falc\u00f3n coordinar\u00e1 proyectos de infraestructura en la SICT\"}]},{\"@type\":\"WebSite\",\"@id\":\"https:\\\/\\\/centrourbano.com\\\/revista\\\/#website\",\"url\":\"https:\\\/\\\/centrourbano.com\\\/revista\\\/\",\"name\":\"Centro Urbano\",\"description\":\"Medio especializado en los sectores vivienda, inmobiliario, construcci\u00f3n, arquitectura y urbanismo.\",\"publisher\":{\"@id\":\"https:\\\/\\\/centrourbano.com\\\/revista\\\/#organization\"},\"potentialAction\":[{\"@type\":\"SearchAction\",\"target\":{\"@type\":\"EntryPoint\",\"urlTemplate\":\"https:\\\/\\\/centrourbano.com\\\/revista\\\/?s={search_term_string}\"},\"query-input\":{\"@type\":\"PropertyValueSpecification\",\"valueRequired\":true,\"valueName\":\"search_term_string\"}}],\"inLanguage\":\"es\"},{\"@type\":\"Organization\",\"@id\":\"https:\\\/\\\/centrourbano.com\\\/revista\\\/#organization\",\"name\":\"Centro Urbano\",\"url\":\"https:\\\/\\\/centrourbano.com\\\/revista\\\/\",\"logo\":{\"@type\":\"ImageObject\",\"inLanguage\":\"es\",\"@id\":\"https:\\\/\\\/centrourbano.com\\\/revista\\\/#\\\/schema\\\/logo\\\/image\\\/\",\"url\":\"https:\\\/\\\/centrourbano.com\\\/revista\\\/wp-content\\\/uploads\\\/web_CU_logo-1.png\",\"contentUrl\":\"https:\\\/\\\/centrourbano.com\\\/revista\\\/wp-content\\\/uploads\\\/web_CU_logo-1.png\",\"width\":350,\"height\":91,\"caption\":\"Centro Urbano\"},\"image\":{\"@id\":\"https:\\\/\\\/centrourbano.com\\\/revista\\\/#\\\/schema\\\/logo\\\/image\\\/\"},\"sameAs\":[\"https:\\\/\\\/www.facebook.com\\\/portalcentrourbano\",\"https:\\\/\\\/x.com\\\/CentroUrbano\",\"https:\\\/\\\/www.instagram.com\\\/centro_urbano\\\/\",\"https:\\\/\\\/www.linkedin.com\\\/company\\\/centro-urbano\\\/\",\"http:\\\/\\\/www.youtube.com\\\/user\\\/portalcentrourbano\"]},{\"@type\":\"Person\",\"@id\":\"https:\\\/\\\/centrourbano.com\\\/revista\\\/#\\\/schema\\\/person\\\/b190b20bbbceb41ec72278c546fa8df3\",\"name\":\"Fernanda Hern\u00e1ndez\",\"image\":{\"@type\":\"ImageObject\",\"inLanguage\":\"es\",\"@id\":\"https:\\\/\\\/secure.gravatar.com\\\/avatar\\\/9471831fb0a24eae9d32d826a7cb8ef07c34a41520aca1a0ab1f5c0903ba49b9?s=96&d=mm&r=g\",\"url\":\"https:\\\/\\\/secure.gravatar.com\\\/avatar\\\/9471831fb0a24eae9d32d826a7cb8ef07c34a41520aca1a0ab1f5c0903ba49b9?s=96&d=mm&r=g\",\"contentUrl\":\"https:\\\/\\\/secure.gravatar.com\\\/avatar\\\/9471831fb0a24eae9d32d826a7cb8ef07c34a41520aca1a0ab1f5c0903ba49b9?s=96&d=mm&r=g\",\"caption\":\"Fernanda Hern\u00e1ndez\"},\"description\":\"Reportera y redactora en Centro Urbano. Soy egresada de la licenciatura en Ciencias de la Comunicaci\u00f3n de la Facultad de Ciencias Pol\u00edticas y Sociales (UNAM). Me interesa la cultura, el urbanismo y la arquitectura. Amante del mundo digital, el cine, la m\u00fasica, la lectura y la escritura.\",\"sameAs\":[\"https:\\\/\\\/x.com\\\/https:\\\/\\\/twitter.com\\\/Nannz_Hernandez\"],\"url\":\"https:\\\/\\\/centrourbano.com\\\/revista\\\/author\\\/fernanda-hernandez\\\/\"}]}<\/script>\n<!-- \/ Yoast SEO plugin. -->","yoast_head_json":{"title":"Meyer Falc\u00f3n coordinar\u00e1 proyectos de infraestructura en la SICT","description":"Rom\u00e1n Meyer Falc\u00f3n coordinar\u00e1 el dise\u00f1o de toda la infraestructura cultural, educativa y ferroviaria que se construya en el pa\u00eds","robots":{"index":"index","follow":"follow","max-snippet":"max-snippet:-1","max-image-preview":"max-image-preview:large","max-video-preview":"max-video-preview:-1"},"canonical":"https:\/\/centrourbano.com\/revista\/construccion\/meyer-falcon-infraestructura-sict\/","og_locale":"es_ES","og_type":"article","og_title":"Meyer Falc\u00f3n coordinar\u00e1 proyectos de infraestructura en la SICT","og_description":"Rom\u00e1n Meyer Falc\u00f3n coordinar\u00e1 el dise\u00f1o de toda la infraestructura cultural, educativa y ferroviaria que se construya en el pa\u00eds","og_url":"https:\/\/centrourbano.com\/revista\/construccion\/meyer-falcon-infraestructura-sict\/","og_site_name":"Centro Urbano","article_publisher":"https:\/\/www.facebook.com\/portalcentrourbano","article_published_time":"2024-12-16T19:50:37+00:00","og_image":[{"width":800,"height":675,"url":"https:\/\/centrourbano.com\/revista\/wp-content\/uploads\/Meyer-Falco\u0301n-coordinara\u0301-proyectos-de-infraestructura-en-la-SICT.jpg","type":"image\/jpeg"}],"author":"Fernanda Hern\u00e1ndez","twitter_card":"summary_large_image","twitter_creator":"@https:\/\/twitter.com\/Nannz_Hernandez","twitter_site":"@CentroUrbano","twitter_misc":{"Escrito por":"Fernanda Hern\u00e1ndez","Tiempo de lectura":"2 minutos"},"schema":{"@context":"https:\/\/schema.org","@graph":[{"@type":"Article","@id":"https:\/\/centrourbano.com\/revista\/construccion\/meyer-falcon-infraestructura-sict\/#article","isPartOf":{"@id":"https:\/\/centrourbano.com\/revista\/construccion\/meyer-falcon-infraestructura-sict\/"},"author":{"name":"Fernanda Hern\u00e1ndez","@id":"https:\/\/centrourbano.com\/revista\/#\/schema\/person\/b190b20bbbceb41ec72278c546fa8df3"},"headline":"Meyer Falc\u00f3n coordinar\u00e1 proyectos de infraestructura en la SICT","datePublished":"2024-12-16T19:50:37+00:00","mainEntityOfPage":{"@id":"https:\/\/centrourbano.com\/revista\/construccion\/meyer-falcon-infraestructura-sict\/"},"wordCount":365,"commentCount":0,"publisher":{"@id":"https:\/\/centrourbano.com\/revista\/#organization"},"image":{"@id":"https:\/\/centrourbano.com\/revista\/construccion\/meyer-falcon-infraestructura-sict\/#primaryimage"},"thumbnailUrl":"https:\/\/centrourbano.com\/revista\/wp-content\/uploads\/Meyer-Falco\u0301n-coordinara\u0301-proyectos-de-infraestructura-en-la-SICT.jpg","keywords":["infraestructura","Rom\u00e1n Meyer Falc\u00f3n","Sedatu","SICT"],"articleSection":["Construcci\u00f3n"],"inLanguage":"es","potentialAction":[{"@type":"CommentAction","name":"Comment","target":["https:\/\/centrourbano.com\/revista\/construccion\/meyer-falcon-infraestructura-sict\/#respond"]}]},{"@type":"WebPage","@id":"https:\/\/centrourbano.com\/revista\/construccion\/meyer-falcon-infraestructura-sict\/","url":"https:\/\/centrourbano.com\/revista\/construccion\/meyer-falcon-infraestructura-sict\/","name":"Meyer Falc\u00f3n coordinar\u00e1 proyectos de infraestructura en la SICT","isPartOf":{"@id":"https:\/\/centrourbano.com\/revista\/#website"},"primaryImageOfPage":{"@id":"https:\/\/centrourbano.com\/revista\/construccion\/meyer-falcon-infraestructura-sict\/#primaryimage"},"image":{"@id":"https:\/\/centrourbano.com\/revista\/construccion\/meyer-falcon-infraestructura-sict\/#primaryimage"},"thumbnailUrl":"https:\/\/centrourbano.com\/revista\/wp-content\/uploads\/Meyer-Falco\u0301n-coordinara\u0301-proyectos-de-infraestructura-en-la-SICT.jpg","datePublished":"2024-12-16T19:50:37+00:00","description":"Rom\u00e1n Meyer Falc\u00f3n coordinar\u00e1 el dise\u00f1o de toda la infraestructura cultural, educativa y ferroviaria que se construya en el pa\u00eds","breadcrumb":{"@id":"https:\/\/centrourbano.com\/revista\/construccion\/meyer-falcon-infraestructura-sict\/#breadcrumb"},"inLanguage":"es","potentialAction":[{"@type":"ReadAction","target":["https:\/\/centrourbano.com\/revista\/construccion\/meyer-falcon-infraestructura-sict\/"]}]},{"@type":"ImageObject","inLanguage":"es","@id":"https:\/\/centrourbano.com\/revista\/construccion\/meyer-falcon-infraestructura-sict\/#primaryimage","url":"https:\/\/centrourbano.com\/revista\/wp-content\/uploads\/Meyer-Falco\u0301n-coordinara\u0301-proyectos-de-infraestructura-en-la-SICT.jpg","contentUrl":"https:\/\/centrourbano.com\/revista\/wp-content\/uploads\/Meyer-Falco\u0301n-coordinara\u0301-proyectos-de-infraestructura-en-la-SICT.jpg","width":800,"height":675,"caption":"Rom\u00e1n Meyer Falc\u00f3n se encargar\u00e1 de coordinar el dise\u00f1o de toda la infraestructura cultural, educativa y ferroviaria que se construya en el pa\u00eds"},{"@type":"BreadcrumbList","@id":"https:\/\/centrourbano.com\/revista\/construccion\/meyer-falcon-infraestructura-sict\/#breadcrumb","itemListElement":[{"@type":"ListItem","position":1,"name":"Portada","item":"https:\/\/centrourbano.com\/revista\/"},{"@type":"ListItem","position":2,"name":"Meyer Falc\u00f3n coordinar\u00e1 proyectos de infraestructura en la SICT"}]},{"@type":"WebSite","@id":"https:\/\/centrourbano.com\/revista\/#website","url":"https:\/\/centrourbano.com\/revista\/","name":"Centro Urbano","description":"Medio especializado en los sectores vivienda, inmobiliario, construcci\u00f3n, arquitectura y urbanismo.","publisher":{"@id":"https:\/\/centrourbano.com\/revista\/#organization"},"potentialAction":[{"@type":"SearchAction","target":{"@type":"EntryPoint","urlTemplate":"https:\/\/centrourbano.com\/revista\/?s={search_term_string}"},"query-input":{"@type":"PropertyValueSpecification","valueRequired":true,"valueName":"search_term_string"}}],"inLanguage":"es"},{"@type":"Organization","@id":"https:\/\/centrourbano.com\/revista\/#organization","name":"Centro Urbano","url":"https:\/\/centrourbano.com\/revista\/","logo":{"@type":"ImageObject","inLanguage":"es","@id":"https:\/\/centrourbano.com\/revista\/#\/schema\/logo\/image\/","url":"https:\/\/centrourbano.com\/revista\/wp-content\/uploads\/web_CU_logo-1.png","contentUrl":"https:\/\/centrourbano.com\/revista\/wp-content\/uploads\/web_CU_logo-1.png","width":350,"height":91,"caption":"Centro Urbano"},"image":{"@id":"https:\/\/centrourbano.com\/revista\/#\/schema\/logo\/image\/"},"sameAs":["https:\/\/www.facebook.com\/portalcentrourbano","https:\/\/x.com\/CentroUrbano","https:\/\/www.instagram.com\/centro_urbano\/","https:\/\/www.linkedin.com\/company\/centro-urbano\/","http:\/\/www.youtube.com\/user\/portalcentrourbano"]},{"@type":"Person","@id":"https:\/\/centrourbano.com\/revista\/#\/schema\/person\/b190b20bbbceb41ec72278c546fa8df3","name":"Fernanda Hern\u00e1ndez","image":{"@type":"ImageObject","inLanguage":"es","@id":"https:\/\/secure.gravatar.com\/avatar\/9471831fb0a24eae9d32d826a7cb8ef07c34a41520aca1a0ab1f5c0903ba49b9?s=96&d=mm&r=g","url":"https:\/\/secure.gravatar.com\/avatar\/9471831fb0a24eae9d32d826a7cb8ef07c34a41520aca1a0ab1f5c0903ba49b9?s=96&d=mm&r=g","contentUrl":"https:\/\/secure.gravatar.com\/avatar\/9471831fb0a24eae9d32d826a7cb8ef07c34a41520aca1a0ab1f5c0903ba49b9?s=96&d=mm&r=g","caption":"Fernanda Hern\u00e1ndez"},"description":"Reportera y redactora en Centro Urbano. Soy egresada de la licenciatura en Ciencias de la Comunicaci\u00f3n de la Facultad de Ciencias Pol\u00edticas y Sociales (UNAM). Me interesa la cultura, el urbanismo y la arquitectura. Amante del mundo digital, el cine, la m\u00fasica, la lectura y la escritura.","sameAs":["https:\/\/x.com\/https:\/\/twitter.com\/Nannz_Hernandez"],"url":"https:\/\/centrourbano.com\/revista\/author\/fernanda-hernandez\/"}]}},"_links":{"self":[{"href":"https:\/\/centrourbano.com\/revista\/wp-json\/wp\/v2\/posts\/152294","targetHints":{"allow":["GET"]}}],"collection":[{"href":"https:\/\/centrourbano.com\/revista\/wp-json\/wp\/v2\/posts"}],"about":[{"href":"https:\/\/centrourbano.com\/revista\/wp-json\/wp\/v2\/types\/post"}],"author":[{"embeddable":true,"href":"https:\/\/centrourbano.com\/revista\/wp-json\/wp\/v2\/users\/73"}],"replies":[{"embeddable":true,"href":"https:\/\/centrourbano.com\/revista\/wp-json\/wp\/v2\/comments?post=152294"}],"version-history":[{"count":1,"href":"https:\/\/centrourbano.com\/revista\/wp-json\/wp\/v2\/posts\/152294\/revisions"}],"predecessor-version":[{"id":152296,"href":"https:\/\/centrourbano.com\/revista\/wp-json\/wp\/v2\/posts\/152294\/revisions\/152296"}],"wp:featuredmedia":[{"embeddable":true,"href":"https:\/\/centrourbano.com\/revista\/wp-json\/wp\/v2\/media\/152295"}],"wp:attachment":[{"href":"https:\/\/centrourbano.com\/revista\/wp-json\/wp\/v2\/media?parent=152294"}],"wp:term":[{"taxonomy":"category","embeddable":true,"href":"https:\/\/centrourbano.com\/revista\/wp-json\/wp\/v2\/categories?post=152294"},{"taxonomy":"post_tag","embeddable":true,"href":"https:\/\/centrourbano.com\/revista\/wp-json\/wp\/v2\/tags?post=152294"}],"curies":[{"name":"wp","href":"https:\/\/api.w.org\/{rel}","templated":true}]}}