{"id":152266,"date":"2024-12-13T16:25:40","date_gmt":"2024-12-13T22:25:40","guid":{"rendered":"https:\/\/centrourbano.com\/revista\/?p=152266"},"modified":"2024-12-13T16:25:40","modified_gmt":"2024-12-13T22:25:40","slug":"aeropuerto-de-tulum-vuelo-alemania","status":"publish","type":"post","link":"https:\/\/centrourbano.com\/revista\/actualidad\/aeropuerto-de-tulum-vuelo-alemania\/","title":{"rendered":"Aeropuerto de Tulum recibe el primer vuelo directo desde Alemania"},"content":{"rendered":"<p><em>La Gobernadora inform\u00f3 que el Aeropuerto de Tulum recibir\u00e1 el vuelo directo desde Frankfurt dos veces por semana <\/em><!--more--><\/p>\n<p>El d\u00eda de ayer, el <strong>Aeropuerto<\/strong> Internacional Felipe Carrillo Puerto, en <strong>Tulum, recibi\u00f3 el primer vuelo directo desde Alemania<\/strong>. Este vuelo, operado por Discover Airlines, la aerol\u00ednea vacacional de Lufthansa, transport\u00f3 a 199 pasajeros.<\/p>\n<p>Mara Lezama Espinosa, gobernadora de <a href=\"https:\/\/centrourbano.com\/revista\/?s=quintana+roo\" target=\"_blank\" rel=\"noopener\">Quintana Roo<\/a>, anunci\u00f3 que la nueva ruta a\u00e9rea Frankfurt (FRA)- Tulum (TQO) contar\u00e1 con <strong>dos vuelos semanales<\/strong>, operados <strong>los jueves y domingos<\/strong>, hasta el 27 de abril 2025.<\/p>\n<p>Desde el Aeropuerto de Tulum, Lezama Espinosa se\u00f1al\u00f3 que este <strong>vuelo directo representa la confianza<\/strong> del Gobierno Federal y empresarios nacionales e internacionales <strong>en el Caribe<\/strong>.<\/p>\n<blockquote><p>\u201cTambi\u00e9n se suma a la confianza que generan nuestros destinos tur\u00edsticos y los gobiernos de la Cuarta Transformaci\u00f3n de Quintana Roo y M\u00e9xico, por parte de los grupos empresariales e inversores nacionales e internacionales, que anticipan un futuro promisorio para el Caribe Mexicano, gigante tur\u00edstico de la regi\u00f3n\u201d, coment\u00f3.<\/p><\/blockquote>\n<p>Por su parte, Clemens von Goetze, embajador de Alemania, resalt\u00f3 que<a href=\"https:\/\/aitulum.com\/es\" target=\"_blank\" rel=\"noopener\"><strong> Tulum<\/strong><\/a> se ha consolidado como un <strong>destino tur\u00edstico popular entre los visitantes internacionales<\/strong>, por lo que el vuelo es una oportunidad de fortalecimiento a la conexi\u00f3n entre los pa\u00edses.<\/p>\n<blockquote><p>\u201cEl Caribe es conocido por su rica herencia cultural y sobre todo por la hospitalidad de su gente. Tulum se ha fortalecido como uno de los destinos favoritos, por sus playas paradis\u00edacas. La inauguraci\u00f3n de este vuelo representa m\u00e1s que una conexi\u00f3n \u00e1rea, es un puente entre M\u00e9xico y Alemania\u201d, platic\u00f3.<\/p><\/blockquote>\n<img loading=\"lazy\" decoding=\"async\" class=\"aligncenter size-large wp-image-152268\" src=\"https:\/\/centrourbano.com\/revista\/wp-content\/uploads\/Aeropuerto-de-Tulum-recibe-el-primer-vuelo-directo-desde-Alemania-1000x338.jpeg\" alt=\"Aeropuerto de Tulum recibe el primer vuelo directo desde Alemania\" width=\"1000\" height=\"338\" srcset=\"https:\/\/centrourbano.com\/revista\/wp-content\/uploads\/Aeropuerto-de-Tulum-recibe-el-primer-vuelo-directo-desde-Alemania-1000x338.jpeg 1000w, https:\/\/centrourbano.com\/revista\/wp-content\/uploads\/Aeropuerto-de-Tulum-recibe-el-primer-vuelo-directo-desde-Alemania-300x101.jpeg 300w, https:\/\/centrourbano.com\/revista\/wp-content\/uploads\/Aeropuerto-de-Tulum-recibe-el-primer-vuelo-directo-desde-Alemania-768x260.jpeg 768w, https:\/\/centrourbano.com\/revista\/wp-content\/uploads\/Aeropuerto-de-Tulum-recibe-el-primer-vuelo-directo-desde-Alemania-1536x520.jpeg 1536w, https:\/\/centrourbano.com\/revista\/wp-content\/uploads\/Aeropuerto-de-Tulum-recibe-el-primer-vuelo-directo-desde-Alemania-2048x693.jpeg 2048w\" sizes=\"auto, (max-width: 1000px) 100vw, 1000px\" \/>\n","protected":false},"excerpt":{"rendered":"<p>La Gobernadora inform\u00f3 que el Aeropuerto de Tulum recibir\u00e1 el vuelo directo desde Frankfurt dos veces por semana<\/p>\n","protected":false},"author":88,"featured_media":152267,"comment_status":"open","ping_status":"closed","sticky":false,"template":"","format":"standard","meta":{"om_disable_all_campaigns":false,"inline_featured_image":false,"_monsterinsights_skip_tracking":false,"_monsterinsights_sitenote_active":false,"_monsterinsights_sitenote_note":"","_monsterinsights_sitenote_category":0,"footnotes":""},"categories":[80],"tags":[23369,795,993],"class_list":["post-152266","post","type-post","status-publish","format-standard","has-post-thumbnail","hentry","category-actualidad","tag-aeropuerto-de-tulum","tag-riviera-maya","tag-tulum"],"yoast_head":"<!-- This site is optimized with the Yoast SEO plugin v27.4 - https:\/\/yoast.com\/product\/yoast-seo-wordpress\/ -->\n<title>Aeropuerto de Tulum recibe el primer vuelo directo desde Alemania<\/title>\n<meta name=\"description\" content=\"La Gobernadora inform\u00f3 que el Aeropuerto de Tulum recibir\u00e1 el vuelo directo desde Frankfurt dos veces por semana.\" \/>\n<meta name=\"robots\" content=\"index, follow, max-snippet:-1, max-image-preview:large, max-video-preview:-1\" \/>\n<link rel=\"canonical\" href=\"https:\/\/centrourbano.com\/revista\/actualidad\/aeropuerto-de-tulum-vuelo-alemania\/\" \/>\n<meta property=\"og:locale\" content=\"es_ES\" \/>\n<meta property=\"og:type\" content=\"article\" \/>\n<meta property=\"og:title\" content=\"Aeropuerto de Tulum recibe el primer vuelo directo desde Alemania\" \/>\n<meta property=\"og:description\" content=\"La Gobernadora inform\u00f3 que el Aeropuerto de Tulum recibir\u00e1 el vuelo directo desde Frankfurt dos veces por semana.\" \/>\n<meta property=\"og:url\" content=\"https:\/\/centrourbano.com\/revista\/actualidad\/aeropuerto-de-tulum-vuelo-alemania\/\" \/>\n<meta property=\"og:site_name\" content=\"Centro Urbano\" \/>\n<meta property=\"article:publisher\" content=\"https:\/\/www.facebook.com\/portalcentrourbano\" \/>\n<meta property=\"article:published_time\" content=\"2024-12-13T22:25:40+00:00\" \/>\n<meta property=\"og:image\" content=\"https:\/\/centrourbano.com\/revista\/wp-content\/uploads\/vuelo.jpg\" \/>\n\t<meta property=\"og:image:width\" content=\"800\" \/>\n\t<meta property=\"og:image:height\" content=\"800\" \/>\n\t<meta property=\"og:image:type\" content=\"image\/jpeg\" \/>\n<meta name=\"author\" content=\"Rebeca Romero\" \/>\n<meta name=\"twitter:card\" content=\"summary_large_image\" \/>\n<meta name=\"twitter:creator\" content=\"@CentroUrbano\" \/>\n<meta name=\"twitter:site\" content=\"@CentroUrbano\" \/>\n<meta name=\"twitter:label1\" content=\"Escrito por\" \/>\n\t<meta name=\"twitter:data1\" content=\"Rebeca Romero\" \/>\n\t<meta name=\"twitter:label2\" content=\"Tiempo de lectura\" \/>\n\t<meta name=\"twitter:data2\" content=\"2 minutos\" \/>\n<script type=\"application\/ld+json\" class=\"yoast-schema-graph\">{\"@context\":\"https:\\\/\\\/schema.org\",\"@graph\":[{\"@type\":\"Article\",\"@id\":\"https:\\\/\\\/centrourbano.com\\\/revista\\\/actualidad\\\/aeropuerto-de-tulum-vuelo-alemania\\\/#article\",\"isPartOf\":{\"@id\":\"https:\\\/\\\/centrourbano.com\\\/revista\\\/actualidad\\\/aeropuerto-de-tulum-vuelo-alemania\\\/\"},\"author\":{\"name\":\"Rebeca Romero\",\"@id\":\"https:\\\/\\\/centrourbano.com\\\/revista\\\/#\\\/schema\\\/person\\\/c665f1c60da3ad48cd761a707b7090b0\"},\"headline\":\"Aeropuerto de Tulum recibe el primer vuelo directo desde Alemania\",\"datePublished\":\"2024-12-13T22:25:40+00:00\",\"mainEntityOfPage\":{\"@id\":\"https:\\\/\\\/centrourbano.com\\\/revista\\\/actualidad\\\/aeropuerto-de-tulum-vuelo-alemania\\\/\"},\"wordCount\":277,\"commentCount\":0,\"publisher\":{\"@id\":\"https:\\\/\\\/centrourbano.com\\\/revista\\\/#organization\"},\"image\":{\"@id\":\"https:\\\/\\\/centrourbano.com\\\/revista\\\/actualidad\\\/aeropuerto-de-tulum-vuelo-alemania\\\/#primaryimage\"},\"thumbnailUrl\":\"https:\\\/\\\/centrourbano.com\\\/revista\\\/wp-content\\\/uploads\\\/vuelo.jpg\",\"keywords\":[\"Aeropuerto de Tulum\",\"Riviera Maya\",\"Tulum\"],\"articleSection\":[\"Actualidad\"],\"inLanguage\":\"es\",\"potentialAction\":[{\"@type\":\"CommentAction\",\"name\":\"Comment\",\"target\":[\"https:\\\/\\\/centrourbano.com\\\/revista\\\/actualidad\\\/aeropuerto-de-tulum-vuelo-alemania\\\/#respond\"]}]},{\"@type\":\"WebPage\",\"@id\":\"https:\\\/\\\/centrourbano.com\\\/revista\\\/actualidad\\\/aeropuerto-de-tulum-vuelo-alemania\\\/\",\"url\":\"https:\\\/\\\/centrourbano.com\\\/revista\\\/actualidad\\\/aeropuerto-de-tulum-vuelo-alemania\\\/\",\"name\":\"Aeropuerto de Tulum recibe el primer vuelo directo desde Alemania\",\"isPartOf\":{\"@id\":\"https:\\\/\\\/centrourbano.com\\\/revista\\\/#website\"},\"primaryImageOfPage\":{\"@id\":\"https:\\\/\\\/centrourbano.com\\\/revista\\\/actualidad\\\/aeropuerto-de-tulum-vuelo-alemania\\\/#primaryimage\"},\"image\":{\"@id\":\"https:\\\/\\\/centrourbano.com\\\/revista\\\/actualidad\\\/aeropuerto-de-tulum-vuelo-alemania\\\/#primaryimage\"},\"thumbnailUrl\":\"https:\\\/\\\/centrourbano.com\\\/revista\\\/wp-content\\\/uploads\\\/vuelo.jpg\",\"datePublished\":\"2024-12-13T22:25:40+00:00\",\"description\":\"La Gobernadora inform\u00f3 que el Aeropuerto de Tulum recibir\u00e1 el vuelo directo desde Frankfurt dos veces por semana.\",\"breadcrumb\":{\"@id\":\"https:\\\/\\\/centrourbano.com\\\/revista\\\/actualidad\\\/aeropuerto-de-tulum-vuelo-alemania\\\/#breadcrumb\"},\"inLanguage\":\"es\",\"potentialAction\":[{\"@type\":\"ReadAction\",\"target\":[\"https:\\\/\\\/centrourbano.com\\\/revista\\\/actualidad\\\/aeropuerto-de-tulum-vuelo-alemania\\\/\"]}]},{\"@type\":\"ImageObject\",\"inLanguage\":\"es\",\"@id\":\"https:\\\/\\\/centrourbano.com\\\/revista\\\/actualidad\\\/aeropuerto-de-tulum-vuelo-alemania\\\/#primaryimage\",\"url\":\"https:\\\/\\\/centrourbano.com\\\/revista\\\/wp-content\\\/uploads\\\/vuelo.jpg\",\"contentUrl\":\"https:\\\/\\\/centrourbano.com\\\/revista\\\/wp-content\\\/uploads\\\/vuelo.jpg\",\"width\":800,\"height\":800,\"caption\":\"Aeropuerto de Tulum recibe el primer vuelo directo desde Alemania\"},{\"@type\":\"BreadcrumbList\",\"@id\":\"https:\\\/\\\/centrourbano.com\\\/revista\\\/actualidad\\\/aeropuerto-de-tulum-vuelo-alemania\\\/#breadcrumb\",\"itemListElement\":[{\"@type\":\"ListItem\",\"position\":1,\"name\":\"Portada\",\"item\":\"https:\\\/\\\/centrourbano.com\\\/revista\\\/\"},{\"@type\":\"ListItem\",\"position\":2,\"name\":\"Aeropuerto de Tulum recibe el primer vuelo directo desde Alemania\"}]},{\"@type\":\"WebSite\",\"@id\":\"https:\\\/\\\/centrourbano.com\\\/revista\\\/#website\",\"url\":\"https:\\\/\\\/centrourbano.com\\\/revista\\\/\",\"name\":\"Centro Urbano\",\"description\":\"Medio especializado en los sectores vivienda, inmobiliario, construcci\u00f3n, arquitectura y urbanismo.\",\"publisher\":{\"@id\":\"https:\\\/\\\/centrourbano.com\\\/revista\\\/#organization\"},\"potentialAction\":[{\"@type\":\"SearchAction\",\"target\":{\"@type\":\"EntryPoint\",\"urlTemplate\":\"https:\\\/\\\/centrourbano.com\\\/revista\\\/?s={search_term_string}\"},\"query-input\":{\"@type\":\"PropertyValueSpecification\",\"valueRequired\":true,\"valueName\":\"search_term_string\"}}],\"inLanguage\":\"es\"},{\"@type\":\"Organization\",\"@id\":\"https:\\\/\\\/centrourbano.com\\\/revista\\\/#organization\",\"name\":\"Centro Urbano\",\"url\":\"https:\\\/\\\/centrourbano.com\\\/revista\\\/\",\"logo\":{\"@type\":\"ImageObject\",\"inLanguage\":\"es\",\"@id\":\"https:\\\/\\\/centrourbano.com\\\/revista\\\/#\\\/schema\\\/logo\\\/image\\\/\",\"url\":\"https:\\\/\\\/centrourbano.com\\\/revista\\\/wp-content\\\/uploads\\\/web_CU_logo-1.png\",\"contentUrl\":\"https:\\\/\\\/centrourbano.com\\\/revista\\\/wp-content\\\/uploads\\\/web_CU_logo-1.png\",\"width\":350,\"height\":91,\"caption\":\"Centro Urbano\"},\"image\":{\"@id\":\"https:\\\/\\\/centrourbano.com\\\/revista\\\/#\\\/schema\\\/logo\\\/image\\\/\"},\"sameAs\":[\"https:\\\/\\\/www.facebook.com\\\/portalcentrourbano\",\"https:\\\/\\\/x.com\\\/CentroUrbano\",\"https:\\\/\\\/www.instagram.com\\\/centro_urbano\\\/\",\"https:\\\/\\\/www.linkedin.com\\\/company\\\/centro-urbano\\\/\",\"http:\\\/\\\/www.youtube.com\\\/user\\\/portalcentrourbano\"]},{\"@type\":\"Person\",\"@id\":\"https:\\\/\\\/centrourbano.com\\\/revista\\\/#\\\/schema\\\/person\\\/c665f1c60da3ad48cd761a707b7090b0\",\"name\":\"Rebeca Romero\",\"image\":{\"@type\":\"ImageObject\",\"inLanguage\":\"es\",\"@id\":\"https:\\\/\\\/secure.gravatar.com\\\/avatar\\\/aee0068ae3cc041082e0e84a8258fe5ccc00a733f187bde73b0b40d86b892826?s=96&d=mm&r=g\",\"url\":\"https:\\\/\\\/secure.gravatar.com\\\/avatar\\\/aee0068ae3cc041082e0e84a8258fe5ccc00a733f187bde73b0b40d86b892826?s=96&d=mm&r=g\",\"contentUrl\":\"https:\\\/\\\/secure.gravatar.com\\\/avatar\\\/aee0068ae3cc041082e0e84a8258fe5ccc00a733f187bde73b0b40d86b892826?s=96&d=mm&r=g\",\"caption\":\"Rebeca Romero\"},\"url\":\"https:\\\/\\\/centrourbano.com\\\/revista\\\/author\\\/rebeca-romero\\\/\"}]}<\/script>\n<!-- \/ Yoast SEO plugin. -->","yoast_head_json":{"title":"Aeropuerto de Tulum recibe el primer vuelo directo desde Alemania","description":"La Gobernadora inform\u00f3 que el Aeropuerto de Tulum recibir\u00e1 el vuelo directo desde Frankfurt dos veces por semana.","robots":{"index":"index","follow":"follow","max-snippet":"max-snippet:-1","max-image-preview":"max-image-preview:large","max-video-preview":"max-video-preview:-1"},"canonical":"https:\/\/centrourbano.com\/revista\/actualidad\/aeropuerto-de-tulum-vuelo-alemania\/","og_locale":"es_ES","og_type":"article","og_title":"Aeropuerto de Tulum recibe el primer vuelo directo desde Alemania","og_description":"La Gobernadora inform\u00f3 que el Aeropuerto de Tulum recibir\u00e1 el vuelo directo desde Frankfurt dos veces por semana.","og_url":"https:\/\/centrourbano.com\/revista\/actualidad\/aeropuerto-de-tulum-vuelo-alemania\/","og_site_name":"Centro Urbano","article_publisher":"https:\/\/www.facebook.com\/portalcentrourbano","article_published_time":"2024-12-13T22:25:40+00:00","og_image":[{"width":800,"height":800,"url":"https:\/\/centrourbano.com\/revista\/wp-content\/uploads\/vuelo.jpg","type":"image\/jpeg"}],"author":"Rebeca Romero","twitter_card":"summary_large_image","twitter_creator":"@CentroUrbano","twitter_site":"@CentroUrbano","twitter_misc":{"Escrito por":"Rebeca Romero","Tiempo de lectura":"2 minutos"},"schema":{"@context":"https:\/\/schema.org","@graph":[{"@type":"Article","@id":"https:\/\/centrourbano.com\/revista\/actualidad\/aeropuerto-de-tulum-vuelo-alemania\/#article","isPartOf":{"@id":"https:\/\/centrourbano.com\/revista\/actualidad\/aeropuerto-de-tulum-vuelo-alemania\/"},"author":{"name":"Rebeca Romero","@id":"https:\/\/centrourbano.com\/revista\/#\/schema\/person\/c665f1c60da3ad48cd761a707b7090b0"},"headline":"Aeropuerto de Tulum recibe el primer vuelo directo desde Alemania","datePublished":"2024-12-13T22:25:40+00:00","mainEntityOfPage":{"@id":"https:\/\/centrourbano.com\/revista\/actualidad\/aeropuerto-de-tulum-vuelo-alemania\/"},"wordCount":277,"commentCount":0,"publisher":{"@id":"https:\/\/centrourbano.com\/revista\/#organization"},"image":{"@id":"https:\/\/centrourbano.com\/revista\/actualidad\/aeropuerto-de-tulum-vuelo-alemania\/#primaryimage"},"thumbnailUrl":"https:\/\/centrourbano.com\/revista\/wp-content\/uploads\/vuelo.jpg","keywords":["Aeropuerto de Tulum","Riviera Maya","Tulum"],"articleSection":["Actualidad"],"inLanguage":"es","potentialAction":[{"@type":"CommentAction","name":"Comment","target":["https:\/\/centrourbano.com\/revista\/actualidad\/aeropuerto-de-tulum-vuelo-alemania\/#respond"]}]},{"@type":"WebPage","@id":"https:\/\/centrourbano.com\/revista\/actualidad\/aeropuerto-de-tulum-vuelo-alemania\/","url":"https:\/\/centrourbano.com\/revista\/actualidad\/aeropuerto-de-tulum-vuelo-alemania\/","name":"Aeropuerto de Tulum recibe el primer vuelo directo desde Alemania","isPartOf":{"@id":"https:\/\/centrourbano.com\/revista\/#website"},"primaryImageOfPage":{"@id":"https:\/\/centrourbano.com\/revista\/actualidad\/aeropuerto-de-tulum-vuelo-alemania\/#primaryimage"},"image":{"@id":"https:\/\/centrourbano.com\/revista\/actualidad\/aeropuerto-de-tulum-vuelo-alemania\/#primaryimage"},"thumbnailUrl":"https:\/\/centrourbano.com\/revista\/wp-content\/uploads\/vuelo.jpg","datePublished":"2024-12-13T22:25:40+00:00","description":"La Gobernadora inform\u00f3 que el Aeropuerto de Tulum recibir\u00e1 el vuelo directo desde Frankfurt dos veces por semana.","breadcrumb":{"@id":"https:\/\/centrourbano.com\/revista\/actualidad\/aeropuerto-de-tulum-vuelo-alemania\/#breadcrumb"},"inLanguage":"es","potentialAction":[{"@type":"ReadAction","target":["https:\/\/centrourbano.com\/revista\/actualidad\/aeropuerto-de-tulum-vuelo-alemania\/"]}]},{"@type":"ImageObject","inLanguage":"es","@id":"https:\/\/centrourbano.com\/revista\/actualidad\/aeropuerto-de-tulum-vuelo-alemania\/#primaryimage","url":"https:\/\/centrourbano.com\/revista\/wp-content\/uploads\/vuelo.jpg","contentUrl":"https:\/\/centrourbano.com\/revista\/wp-content\/uploads\/vuelo.jpg","width":800,"height":800,"caption":"Aeropuerto de Tulum recibe el primer vuelo directo desde Alemania"},{"@type":"BreadcrumbList","@id":"https:\/\/centrourbano.com\/revista\/actualidad\/aeropuerto-de-tulum-vuelo-alemania\/#breadcrumb","itemListElement":[{"@type":"ListItem","position":1,"name":"Portada","item":"https:\/\/centrourbano.com\/revista\/"},{"@type":"ListItem","position":2,"name":"Aeropuerto de Tulum recibe el primer vuelo directo desde Alemania"}]},{"@type":"WebSite","@id":"https:\/\/centrourbano.com\/revista\/#website","url":"https:\/\/centrourbano.com\/revista\/","name":"Centro Urbano","description":"Medio especializado en los sectores vivienda, inmobiliario, construcci\u00f3n, arquitectura y urbanismo.","publisher":{"@id":"https:\/\/centrourbano.com\/revista\/#organization"},"potentialAction":[{"@type":"SearchAction","target":{"@type":"EntryPoint","urlTemplate":"https:\/\/centrourbano.com\/revista\/?s={search_term_string}"},"query-input":{"@type":"PropertyValueSpecification","valueRequired":true,"valueName":"search_term_string"}}],"inLanguage":"es"},{"@type":"Organization","@id":"https:\/\/centrourbano.com\/revista\/#organization","name":"Centro Urbano","url":"https:\/\/centrourbano.com\/revista\/","logo":{"@type":"ImageObject","inLanguage":"es","@id":"https:\/\/centrourbano.com\/revista\/#\/schema\/logo\/image\/","url":"https:\/\/centrourbano.com\/revista\/wp-content\/uploads\/web_CU_logo-1.png","contentUrl":"https:\/\/centrourbano.com\/revista\/wp-content\/uploads\/web_CU_logo-1.png","width":350,"height":91,"caption":"Centro Urbano"},"image":{"@id":"https:\/\/centrourbano.com\/revista\/#\/schema\/logo\/image\/"},"sameAs":["https:\/\/www.facebook.com\/portalcentrourbano","https:\/\/x.com\/CentroUrbano","https:\/\/www.instagram.com\/centro_urbano\/","https:\/\/www.linkedin.com\/company\/centro-urbano\/","http:\/\/www.youtube.com\/user\/portalcentrourbano"]},{"@type":"Person","@id":"https:\/\/centrourbano.com\/revista\/#\/schema\/person\/c665f1c60da3ad48cd761a707b7090b0","name":"Rebeca Romero","image":{"@type":"ImageObject","inLanguage":"es","@id":"https:\/\/secure.gravatar.com\/avatar\/aee0068ae3cc041082e0e84a8258fe5ccc00a733f187bde73b0b40d86b892826?s=96&d=mm&r=g","url":"https:\/\/secure.gravatar.com\/avatar\/aee0068ae3cc041082e0e84a8258fe5ccc00a733f187bde73b0b40d86b892826?s=96&d=mm&r=g","contentUrl":"https:\/\/secure.gravatar.com\/avatar\/aee0068ae3cc041082e0e84a8258fe5ccc00a733f187bde73b0b40d86b892826?s=96&d=mm&r=g","caption":"Rebeca Romero"},"url":"https:\/\/centrourbano.com\/revista\/author\/rebeca-romero\/"}]}},"_links":{"self":[{"href":"https:\/\/centrourbano.com\/revista\/wp-json\/wp\/v2\/posts\/152266","targetHints":{"allow":["GET"]}}],"collection":[{"href":"https:\/\/centrourbano.com\/revista\/wp-json\/wp\/v2\/posts"}],"about":[{"href":"https:\/\/centrourbano.com\/revista\/wp-json\/wp\/v2\/types\/post"}],"author":[{"embeddable":true,"href":"https:\/\/centrourbano.com\/revista\/wp-json\/wp\/v2\/users\/88"}],"replies":[{"embeddable":true,"href":"https:\/\/centrourbano.com\/revista\/wp-json\/wp\/v2\/comments?post=152266"}],"version-history":[{"count":1,"href":"https:\/\/centrourbano.com\/revista\/wp-json\/wp\/v2\/posts\/152266\/revisions"}],"predecessor-version":[{"id":152269,"href":"https:\/\/centrourbano.com\/revista\/wp-json\/wp\/v2\/posts\/152266\/revisions\/152269"}],"wp:featuredmedia":[{"embeddable":true,"href":"https:\/\/centrourbano.com\/revista\/wp-json\/wp\/v2\/media\/152267"}],"wp:attachment":[{"href":"https:\/\/centrourbano.com\/revista\/wp-json\/wp\/v2\/media?parent=152266"}],"wp:term":[{"taxonomy":"category","embeddable":true,"href":"https:\/\/centrourbano.com\/revista\/wp-json\/wp\/v2\/categories?post=152266"},{"taxonomy":"post_tag","embeddable":true,"href":"https:\/\/centrourbano.com\/revista\/wp-json\/wp\/v2\/tags?post=152266"}],"curies":[{"name":"wp","href":"https:\/\/api.w.org\/{rel}","templated":true}]}}