{"id":15214,"date":"2015-02-12T12:37:24","date_gmt":"2015-02-12T18:37:24","guid":{"rendered":"http:\/\/centrourbano.com\/?p=15214"},"modified":"2015-02-12T17:39:17","modified_gmt":"2015-02-12T23:39:17","slug":"se-mejoraran-parques-industriales-al-norte-del-pais","status":"publish","type":"post","link":"https:\/\/centrourbano.com\/revista\/inmobiliario\/se-mejoraran-parques-industriales-al-norte-del-pais\/","title":{"rendered":"Mejorar\u00e1n parques industriales al norte del pa\u00eds"},"content":{"rendered":"<p>&nbsp;<\/p>\n<p><em>Las mejoras incluyen alumbrado, nomenclatura y limpieza de 6 cinturones industriales en la ciudad de Torre\u00f3n y 4 en Chihuahua<\/em><!--more--><\/p>\n<p>&nbsp;<\/p>\n<p>El vocero de la Asociaci\u00f3n de Parques Industriales de La Laguna, Alejandro Guti\u00e9rrez, explic\u00f3 que uno de los acuerdos prioritarios tomados por los socios es mejorar la imagen urbana que tienen los 6 complejos industriales de la regi\u00f3n.<\/p>\n<p>&nbsp;<\/p>\n<p>Revel\u00f3 que las mejoras se hacen con la intenci\u00f3n de mejorar el cuadro de los parques en la regi\u00f3n y as\u00ed poder atraer nuevas inversiones para dar un mantenimiento a todas las \u00e1reas, adem\u00e1s enfatiz\u00f3 que las mejoras contemplan el alumbrado, la nomenclatura y la limpieza del Parque Industrial Oriente, Peque\u00f1o, Ciudad Industrial, Mielera, Las Am\u00e9ricas y Ana, los cuales son los parque socios del territorrio.<\/p>\n<p>&nbsp;<\/p>\n<p>Por su parte Jos\u00e9 Eleno Villalba Salas, titular de Desarrollo Urbano del estado de Chihuahua, declar\u00f3 que durante el presente mes se mejorar\u00e1n 4 parques de la entidad mediante trabajos de bacheo, pavimentaci\u00f3n, rehabilitaci\u00f3n de alumbrado p\u00fablico y arreglo de jardineras.<\/p>\n<p>&nbsp;<\/p>\n<p>Villalba Salas expres\u00f3 que la mejoras se enmarcan dentro de los trabajos de mejoramiento de imagen urbana\u00a0 de Ju\u00e1rez los cuales ha impulsado fuertemente el presidente Municipal, Enrique Serrano Escobar. Los parques que se ver\u00e1n beneficiados por las obras ser\u00e1n Ju\u00e1rez-Gema, Waterfil, Berm\u00fadez y Magnaflex, adem\u00e1s se destac\u00f3 que en el cintur\u00f3n Gema se buscar\u00e1 concluir las obras de encauzamiento del Arroyo del Indio que se dej\u00f3 inconcluso, y en el Magnaflex se corregir\u00e1 el exceso de topes viales y las l\u00e1mparas que se encuentran en mal estado.<\/p>\n<p>&nbsp;<\/p>\n","protected":false},"excerpt":{"rendered":"<p>&nbsp; Las mejoras incluyen alumbrado, nomenclatura y limpieza de 6 cinturones industriales en la ciudad de Torre\u00f3n y 4 en Chihuahua<\/p>\n","protected":false},"author":29,"featured_media":15215,"comment_status":"open","ping_status":"closed","sticky":false,"template":"","format":"standard","meta":{"om_disable_all_campaigns":false,"inline_featured_image":false,"_monsterinsights_skip_tracking":false,"_monsterinsights_sitenote_active":false,"_monsterinsights_sitenote_note":"","_monsterinsights_sitenote_category":0,"footnotes":""},"categories":[15],"tags":[495,223,4382],"class_list":["post-15214","post","type-post","status-publish","format-standard","has-post-thumbnail","hentry","category-inmobiliario","tag-chihuahua","tag-parques-industriales","tag-torreon"],"yoast_head":"<!-- This site is optimized with the Yoast SEO plugin v27.5 - https:\/\/yoast.com\/product\/yoast-seo-wordpress\/ -->\n<title>Mejorar\u00e1n parques industriales al norte del pa\u00eds -<\/title>\n<meta name=\"description\" content=\"&nbsp; Las mejoras incluyen alumbrado, nomenclatura y limpieza de 6 cinturones industriales en la ciudad de Torre\u00f3n y 4 en Chihuahua &nbsp; El vocero de\" \/>\n<meta name=\"robots\" content=\"index, follow, max-snippet:-1, max-image-preview:large, max-video-preview:-1\" \/>\n<link rel=\"canonical\" href=\"https:\/\/centrourbano.com\/revista\/inmobiliario\/se-mejoraran-parques-industriales-al-norte-del-pais\/\" \/>\n<meta property=\"og:locale\" content=\"es_ES\" \/>\n<meta property=\"og:type\" content=\"article\" \/>\n<meta property=\"og:title\" content=\"Mejorar\u00e1n parques industriales al norte del pa\u00eds -\" \/>\n<meta property=\"og:description\" content=\"&nbsp; Las mejoras incluyen alumbrado, nomenclatura y limpieza de 6 cinturones industriales en la ciudad de Torre\u00f3n y 4 en Chihuahua &nbsp; El vocero de\" \/>\n<meta property=\"og:url\" content=\"https:\/\/centrourbano.com\/revista\/inmobiliario\/se-mejoraran-parques-industriales-al-norte-del-pais\/\" \/>\n<meta property=\"og:site_name\" content=\"Centro Urbano\" \/>\n<meta property=\"article:publisher\" content=\"https:\/\/www.facebook.com\/portalcentrourbano\" \/>\n<meta property=\"article:published_time\" content=\"2015-02-12T18:37:24+00:00\" \/>\n<meta property=\"article:modified_time\" content=\"2015-02-12T23:39:17+00:00\" \/>\n<meta property=\"og:image\" content=\"https:\/\/centrourbano.com\/revista\/wp-content\/uploads\/130300754397.jpg\" \/>\n\t<meta property=\"og:image:width\" content=\"300\" \/>\n\t<meta property=\"og:image:height\" content=\"222\" \/>\n\t<meta property=\"og:image:type\" content=\"image\/jpeg\" \/>\n<meta name=\"author\" content=\"Oscar Guti\u00e9rrez Arriaga\" \/>\n<meta name=\"twitter:card\" content=\"summary_large_image\" \/>\n<meta name=\"twitter:creator\" content=\"@CentroUrbano\" \/>\n<meta name=\"twitter:site\" content=\"@CentroUrbano\" \/>\n<meta name=\"twitter:label1\" content=\"Escrito por\" \/>\n\t<meta name=\"twitter:data1\" content=\"Oscar Guti\u00e9rrez Arriaga\" \/>\n\t<meta name=\"twitter:label2\" content=\"Tiempo de lectura\" \/>\n\t<meta name=\"twitter:data2\" content=\"1 minuto\" \/>\n<script type=\"application\/ld+json\" class=\"yoast-schema-graph\">{\"@context\":\"https:\\\/\\\/schema.org\",\"@graph\":[{\"@type\":\"Article\",\"@id\":\"https:\\\/\\\/centrourbano.com\\\/revista\\\/inmobiliario\\\/se-mejoraran-parques-industriales-al-norte-del-pais\\\/#article\",\"isPartOf\":{\"@id\":\"https:\\\/\\\/centrourbano.com\\\/revista\\\/inmobiliario\\\/se-mejoraran-parques-industriales-al-norte-del-pais\\\/\"},\"author\":{\"name\":\"Oscar Guti\u00e9rrez Arriaga\",\"@id\":\"https:\\\/\\\/centrourbano.com\\\/revista\\\/#\\\/schema\\\/person\\\/feaf63a7f02383981ae55d9df478ebfb\"},\"headline\":\"Mejorar\u00e1n parques industriales al norte del pa\u00eds\",\"datePublished\":\"2015-02-12T18:37:24+00:00\",\"dateModified\":\"2015-02-12T23:39:17+00:00\",\"mainEntityOfPage\":{\"@id\":\"https:\\\/\\\/centrourbano.com\\\/revista\\\/inmobiliario\\\/se-mejoraran-parques-industriales-al-norte-del-pais\\\/\"},\"wordCount\":285,\"commentCount\":0,\"publisher\":{\"@id\":\"https:\\\/\\\/centrourbano.com\\\/revista\\\/#organization\"},\"image\":{\"@id\":\"https:\\\/\\\/centrourbano.com\\\/revista\\\/inmobiliario\\\/se-mejoraran-parques-industriales-al-norte-del-pais\\\/#primaryimage\"},\"thumbnailUrl\":\"https:\\\/\\\/centrourbano.com\\\/revista\\\/wp-content\\\/uploads\\\/130300754397.jpg\",\"keywords\":[\"Chihuahua\",\"parques industriales\",\"Torre\u00f3n\"],\"articleSection\":[\"Inmobiliario\"],\"inLanguage\":\"es\",\"potentialAction\":[{\"@type\":\"CommentAction\",\"name\":\"Comment\",\"target\":[\"https:\\\/\\\/centrourbano.com\\\/revista\\\/inmobiliario\\\/se-mejoraran-parques-industriales-al-norte-del-pais\\\/#respond\"]}]},{\"@type\":\"WebPage\",\"@id\":\"https:\\\/\\\/centrourbano.com\\\/revista\\\/inmobiliario\\\/se-mejoraran-parques-industriales-al-norte-del-pais\\\/\",\"url\":\"https:\\\/\\\/centrourbano.com\\\/revista\\\/inmobiliario\\\/se-mejoraran-parques-industriales-al-norte-del-pais\\\/\",\"name\":\"Mejorar\u00e1n parques industriales al norte del pa\u00eds -\",\"isPartOf\":{\"@id\":\"https:\\\/\\\/centrourbano.com\\\/revista\\\/#website\"},\"primaryImageOfPage\":{\"@id\":\"https:\\\/\\\/centrourbano.com\\\/revista\\\/inmobiliario\\\/se-mejoraran-parques-industriales-al-norte-del-pais\\\/#primaryimage\"},\"image\":{\"@id\":\"https:\\\/\\\/centrourbano.com\\\/revista\\\/inmobiliario\\\/se-mejoraran-parques-industriales-al-norte-del-pais\\\/#primaryimage\"},\"thumbnailUrl\":\"https:\\\/\\\/centrourbano.com\\\/revista\\\/wp-content\\\/uploads\\\/130300754397.jpg\",\"datePublished\":\"2015-02-12T18:37:24+00:00\",\"dateModified\":\"2015-02-12T23:39:17+00:00\",\"description\":\"&nbsp; Las mejoras incluyen alumbrado, nomenclatura y limpieza de 6 cinturones industriales en la ciudad de Torre\u00f3n y 4 en Chihuahua &nbsp; El vocero de\",\"breadcrumb\":{\"@id\":\"https:\\\/\\\/centrourbano.com\\\/revista\\\/inmobiliario\\\/se-mejoraran-parques-industriales-al-norte-del-pais\\\/#breadcrumb\"},\"inLanguage\":\"es\",\"potentialAction\":[{\"@type\":\"ReadAction\",\"target\":[\"https:\\\/\\\/centrourbano.com\\\/revista\\\/inmobiliario\\\/se-mejoraran-parques-industriales-al-norte-del-pais\\\/\"]}]},{\"@type\":\"ImageObject\",\"inLanguage\":\"es\",\"@id\":\"https:\\\/\\\/centrourbano.com\\\/revista\\\/inmobiliario\\\/se-mejoraran-parques-industriales-al-norte-del-pais\\\/#primaryimage\",\"url\":\"https:\\\/\\\/centrourbano.com\\\/revista\\\/wp-content\\\/uploads\\\/130300754397.jpg\",\"contentUrl\":\"https:\\\/\\\/centrourbano.com\\\/revista\\\/wp-content\\\/uploads\\\/130300754397.jpg\",\"width\":300,\"height\":222},{\"@type\":\"BreadcrumbList\",\"@id\":\"https:\\\/\\\/centrourbano.com\\\/revista\\\/inmobiliario\\\/se-mejoraran-parques-industriales-al-norte-del-pais\\\/#breadcrumb\",\"itemListElement\":[{\"@type\":\"ListItem\",\"position\":1,\"name\":\"Portada\",\"item\":\"https:\\\/\\\/centrourbano.com\\\/revista\\\/\"},{\"@type\":\"ListItem\",\"position\":2,\"name\":\"Mejorar\u00e1n parques industriales al norte del pa\u00eds\"}]},{\"@type\":\"WebSite\",\"@id\":\"https:\\\/\\\/centrourbano.com\\\/revista\\\/#website\",\"url\":\"https:\\\/\\\/centrourbano.com\\\/revista\\\/\",\"name\":\"Centro Urbano\",\"description\":\"Medio especializado en los sectores vivienda, inmobiliario, construcci\u00f3n, arquitectura y urbanismo.\",\"publisher\":{\"@id\":\"https:\\\/\\\/centrourbano.com\\\/revista\\\/#organization\"},\"potentialAction\":[{\"@type\":\"SearchAction\",\"target\":{\"@type\":\"EntryPoint\",\"urlTemplate\":\"https:\\\/\\\/centrourbano.com\\\/revista\\\/?s={search_term_string}\"},\"query-input\":{\"@type\":\"PropertyValueSpecification\",\"valueRequired\":true,\"valueName\":\"search_term_string\"}}],\"inLanguage\":\"es\"},{\"@type\":\"Organization\",\"@id\":\"https:\\\/\\\/centrourbano.com\\\/revista\\\/#organization\",\"name\":\"Centro Urbano\",\"url\":\"https:\\\/\\\/centrourbano.com\\\/revista\\\/\",\"logo\":{\"@type\":\"ImageObject\",\"inLanguage\":\"es\",\"@id\":\"https:\\\/\\\/centrourbano.com\\\/revista\\\/#\\\/schema\\\/logo\\\/image\\\/\",\"url\":\"https:\\\/\\\/centrourbano.com\\\/revista\\\/wp-content\\\/uploads\\\/web_CU_logo-1.png\",\"contentUrl\":\"https:\\\/\\\/centrourbano.com\\\/revista\\\/wp-content\\\/uploads\\\/web_CU_logo-1.png\",\"width\":350,\"height\":91,\"caption\":\"Centro Urbano\"},\"image\":{\"@id\":\"https:\\\/\\\/centrourbano.com\\\/revista\\\/#\\\/schema\\\/logo\\\/image\\\/\"},\"sameAs\":[\"https:\\\/\\\/www.facebook.com\\\/portalcentrourbano\",\"https:\\\/\\\/x.com\\\/CentroUrbano\",\"https:\\\/\\\/www.instagram.com\\\/centro_urbano\\\/\",\"https:\\\/\\\/www.linkedin.com\\\/company\\\/centro-urbano\\\/\",\"http:\\\/\\\/www.youtube.com\\\/user\\\/portalcentrourbano\"]},{\"@type\":\"Person\",\"@id\":\"https:\\\/\\\/centrourbano.com\\\/revista\\\/#\\\/schema\\\/person\\\/feaf63a7f02383981ae55d9df478ebfb\",\"name\":\"Oscar Guti\u00e9rrez Arriaga\",\"image\":{\"@type\":\"ImageObject\",\"inLanguage\":\"es\",\"@id\":\"https:\\\/\\\/secure.gravatar.com\\\/avatar\\\/2cc65c460a9554cb4b76ce1ec6538c61db0db5ddd3275ef867a16f59c0d4810d?s=96&d=mm&r=g\",\"url\":\"https:\\\/\\\/secure.gravatar.com\\\/avatar\\\/2cc65c460a9554cb4b76ce1ec6538c61db0db5ddd3275ef867a16f59c0d4810d?s=96&d=mm&r=g\",\"contentUrl\":\"https:\\\/\\\/secure.gravatar.com\\\/avatar\\\/2cc65c460a9554cb4b76ce1ec6538c61db0db5ddd3275ef867a16f59c0d4810d?s=96&d=mm&r=g\",\"caption\":\"Oscar Guti\u00e9rrez Arriaga\"},\"description\":\"Licenciado en Ciencias de la Comunicaci\u00f3n por la FCPyS UNAM, comunic\u00f3logo pol\u00edtico por decisi\u00f3n, ex profesor y ahora\u2026 reportero\",\"url\":\"https:\\\/\\\/centrourbano.com\\\/revista\\\/author\\\/oscar-gutierrez\\\/\"}]}<\/script>\n<!-- \/ Yoast SEO plugin. -->","yoast_head_json":{"title":"Mejorar\u00e1n parques industriales al norte del pa\u00eds -","description":"&nbsp; Las mejoras incluyen alumbrado, nomenclatura y limpieza de 6 cinturones industriales en la ciudad de Torre\u00f3n y 4 en Chihuahua &nbsp; El vocero de","robots":{"index":"index","follow":"follow","max-snippet":"max-snippet:-1","max-image-preview":"max-image-preview:large","max-video-preview":"max-video-preview:-1"},"canonical":"https:\/\/centrourbano.com\/revista\/inmobiliario\/se-mejoraran-parques-industriales-al-norte-del-pais\/","og_locale":"es_ES","og_type":"article","og_title":"Mejorar\u00e1n parques industriales al norte del pa\u00eds -","og_description":"&nbsp; Las mejoras incluyen alumbrado, nomenclatura y limpieza de 6 cinturones industriales en la ciudad de Torre\u00f3n y 4 en Chihuahua &nbsp; El vocero de","og_url":"https:\/\/centrourbano.com\/revista\/inmobiliario\/se-mejoraran-parques-industriales-al-norte-del-pais\/","og_site_name":"Centro Urbano","article_publisher":"https:\/\/www.facebook.com\/portalcentrourbano","article_published_time":"2015-02-12T18:37:24+00:00","article_modified_time":"2015-02-12T23:39:17+00:00","og_image":[{"width":300,"height":222,"url":"https:\/\/centrourbano.com\/revista\/wp-content\/uploads\/130300754397.jpg","type":"image\/jpeg"}],"author":"Oscar Guti\u00e9rrez Arriaga","twitter_card":"summary_large_image","twitter_creator":"@CentroUrbano","twitter_site":"@CentroUrbano","twitter_misc":{"Escrito por":"Oscar Guti\u00e9rrez Arriaga","Tiempo de lectura":"1 minuto"},"schema":{"@context":"https:\/\/schema.org","@graph":[{"@type":"Article","@id":"https:\/\/centrourbano.com\/revista\/inmobiliario\/se-mejoraran-parques-industriales-al-norte-del-pais\/#article","isPartOf":{"@id":"https:\/\/centrourbano.com\/revista\/inmobiliario\/se-mejoraran-parques-industriales-al-norte-del-pais\/"},"author":{"name":"Oscar Guti\u00e9rrez Arriaga","@id":"https:\/\/centrourbano.com\/revista\/#\/schema\/person\/feaf63a7f02383981ae55d9df478ebfb"},"headline":"Mejorar\u00e1n parques industriales al norte del pa\u00eds","datePublished":"2015-02-12T18:37:24+00:00","dateModified":"2015-02-12T23:39:17+00:00","mainEntityOfPage":{"@id":"https:\/\/centrourbano.com\/revista\/inmobiliario\/se-mejoraran-parques-industriales-al-norte-del-pais\/"},"wordCount":285,"commentCount":0,"publisher":{"@id":"https:\/\/centrourbano.com\/revista\/#organization"},"image":{"@id":"https:\/\/centrourbano.com\/revista\/inmobiliario\/se-mejoraran-parques-industriales-al-norte-del-pais\/#primaryimage"},"thumbnailUrl":"https:\/\/centrourbano.com\/revista\/wp-content\/uploads\/130300754397.jpg","keywords":["Chihuahua","parques industriales","Torre\u00f3n"],"articleSection":["Inmobiliario"],"inLanguage":"es","potentialAction":[{"@type":"CommentAction","name":"Comment","target":["https:\/\/centrourbano.com\/revista\/inmobiliario\/se-mejoraran-parques-industriales-al-norte-del-pais\/#respond"]}]},{"@type":"WebPage","@id":"https:\/\/centrourbano.com\/revista\/inmobiliario\/se-mejoraran-parques-industriales-al-norte-del-pais\/","url":"https:\/\/centrourbano.com\/revista\/inmobiliario\/se-mejoraran-parques-industriales-al-norte-del-pais\/","name":"Mejorar\u00e1n parques industriales al norte del pa\u00eds -","isPartOf":{"@id":"https:\/\/centrourbano.com\/revista\/#website"},"primaryImageOfPage":{"@id":"https:\/\/centrourbano.com\/revista\/inmobiliario\/se-mejoraran-parques-industriales-al-norte-del-pais\/#primaryimage"},"image":{"@id":"https:\/\/centrourbano.com\/revista\/inmobiliario\/se-mejoraran-parques-industriales-al-norte-del-pais\/#primaryimage"},"thumbnailUrl":"https:\/\/centrourbano.com\/revista\/wp-content\/uploads\/130300754397.jpg","datePublished":"2015-02-12T18:37:24+00:00","dateModified":"2015-02-12T23:39:17+00:00","description":"&nbsp; Las mejoras incluyen alumbrado, nomenclatura y limpieza de 6 cinturones industriales en la ciudad de Torre\u00f3n y 4 en Chihuahua &nbsp; El vocero de","breadcrumb":{"@id":"https:\/\/centrourbano.com\/revista\/inmobiliario\/se-mejoraran-parques-industriales-al-norte-del-pais\/#breadcrumb"},"inLanguage":"es","potentialAction":[{"@type":"ReadAction","target":["https:\/\/centrourbano.com\/revista\/inmobiliario\/se-mejoraran-parques-industriales-al-norte-del-pais\/"]}]},{"@type":"ImageObject","inLanguage":"es","@id":"https:\/\/centrourbano.com\/revista\/inmobiliario\/se-mejoraran-parques-industriales-al-norte-del-pais\/#primaryimage","url":"https:\/\/centrourbano.com\/revista\/wp-content\/uploads\/130300754397.jpg","contentUrl":"https:\/\/centrourbano.com\/revista\/wp-content\/uploads\/130300754397.jpg","width":300,"height":222},{"@type":"BreadcrumbList","@id":"https:\/\/centrourbano.com\/revista\/inmobiliario\/se-mejoraran-parques-industriales-al-norte-del-pais\/#breadcrumb","itemListElement":[{"@type":"ListItem","position":1,"name":"Portada","item":"https:\/\/centrourbano.com\/revista\/"},{"@type":"ListItem","position":2,"name":"Mejorar\u00e1n parques industriales al norte del pa\u00eds"}]},{"@type":"WebSite","@id":"https:\/\/centrourbano.com\/revista\/#website","url":"https:\/\/centrourbano.com\/revista\/","name":"Centro Urbano","description":"Medio especializado en los sectores vivienda, inmobiliario, construcci\u00f3n, arquitectura y urbanismo.","publisher":{"@id":"https:\/\/centrourbano.com\/revista\/#organization"},"potentialAction":[{"@type":"SearchAction","target":{"@type":"EntryPoint","urlTemplate":"https:\/\/centrourbano.com\/revista\/?s={search_term_string}"},"query-input":{"@type":"PropertyValueSpecification","valueRequired":true,"valueName":"search_term_string"}}],"inLanguage":"es"},{"@type":"Organization","@id":"https:\/\/centrourbano.com\/revista\/#organization","name":"Centro Urbano","url":"https:\/\/centrourbano.com\/revista\/","logo":{"@type":"ImageObject","inLanguage":"es","@id":"https:\/\/centrourbano.com\/revista\/#\/schema\/logo\/image\/","url":"https:\/\/centrourbano.com\/revista\/wp-content\/uploads\/web_CU_logo-1.png","contentUrl":"https:\/\/centrourbano.com\/revista\/wp-content\/uploads\/web_CU_logo-1.png","width":350,"height":91,"caption":"Centro Urbano"},"image":{"@id":"https:\/\/centrourbano.com\/revista\/#\/schema\/logo\/image\/"},"sameAs":["https:\/\/www.facebook.com\/portalcentrourbano","https:\/\/x.com\/CentroUrbano","https:\/\/www.instagram.com\/centro_urbano\/","https:\/\/www.linkedin.com\/company\/centro-urbano\/","http:\/\/www.youtube.com\/user\/portalcentrourbano"]},{"@type":"Person","@id":"https:\/\/centrourbano.com\/revista\/#\/schema\/person\/feaf63a7f02383981ae55d9df478ebfb","name":"Oscar Guti\u00e9rrez Arriaga","image":{"@type":"ImageObject","inLanguage":"es","@id":"https:\/\/secure.gravatar.com\/avatar\/2cc65c460a9554cb4b76ce1ec6538c61db0db5ddd3275ef867a16f59c0d4810d?s=96&d=mm&r=g","url":"https:\/\/secure.gravatar.com\/avatar\/2cc65c460a9554cb4b76ce1ec6538c61db0db5ddd3275ef867a16f59c0d4810d?s=96&d=mm&r=g","contentUrl":"https:\/\/secure.gravatar.com\/avatar\/2cc65c460a9554cb4b76ce1ec6538c61db0db5ddd3275ef867a16f59c0d4810d?s=96&d=mm&r=g","caption":"Oscar Guti\u00e9rrez Arriaga"},"description":"Licenciado en Ciencias de la Comunicaci\u00f3n por la FCPyS UNAM, comunic\u00f3logo pol\u00edtico por decisi\u00f3n, ex profesor y ahora\u2026 reportero","url":"https:\/\/centrourbano.com\/revista\/author\/oscar-gutierrez\/"}]}},"_links":{"self":[{"href":"https:\/\/centrourbano.com\/revista\/wp-json\/wp\/v2\/posts\/15214","targetHints":{"allow":["GET"]}}],"collection":[{"href":"https:\/\/centrourbano.com\/revista\/wp-json\/wp\/v2\/posts"}],"about":[{"href":"https:\/\/centrourbano.com\/revista\/wp-json\/wp\/v2\/types\/post"}],"author":[{"embeddable":true,"href":"https:\/\/centrourbano.com\/revista\/wp-json\/wp\/v2\/users\/29"}],"replies":[{"embeddable":true,"href":"https:\/\/centrourbano.com\/revista\/wp-json\/wp\/v2\/comments?post=15214"}],"version-history":[{"count":0,"href":"https:\/\/centrourbano.com\/revista\/wp-json\/wp\/v2\/posts\/15214\/revisions"}],"wp:featuredmedia":[{"embeddable":true,"href":"https:\/\/centrourbano.com\/revista\/wp-json\/wp\/v2\/media\/15215"}],"wp:attachment":[{"href":"https:\/\/centrourbano.com\/revista\/wp-json\/wp\/v2\/media?parent=15214"}],"wp:term":[{"taxonomy":"category","embeddable":true,"href":"https:\/\/centrourbano.com\/revista\/wp-json\/wp\/v2\/categories?post=15214"},{"taxonomy":"post_tag","embeddable":true,"href":"https:\/\/centrourbano.com\/revista\/wp-json\/wp\/v2\/tags?post=15214"}],"curies":[{"name":"wp","href":"https:\/\/api.w.org\/{rel}","templated":true}]}}