{"id":15181,"date":"2015-02-11T12:21:50","date_gmt":"2015-02-11T18:21:50","guid":{"rendered":"http:\/\/centrourbano.com\/?p=15181"},"modified":"2015-02-11T14:49:53","modified_gmt":"2015-02-11T20:49:53","slug":"fibrashop-expandira-centros-comerciales","status":"publish","type":"post","link":"https:\/\/centrourbano.com\/revista\/inmobiliario\/fibrashop-expandira-centros-comerciales\/","title":{"rendered":"FibraShop expandir\u00e1 4 centros comerciales"},"content":{"rendered":"<p>La\u00a0<span style=\"line-height: 1.5\">inversi\u00f3n aproximada ser\u00e1 de 215 millones de pesos, equivalentes a\u00a0un crecimiento de 17,000 metros cuadrados en \u00e1rea rentable<\/span><\/p>\n<p><!--more--><\/p>\n<p>&nbsp;<\/p>\n<p>La instituci\u00f3n de fideicomiso de inversi\u00f3n en bienes ra\u00edces especializado en centros comerciales, FibraShop, anunci\u00f3 sus planes para este 2015 los cuales abarcan cuatro expansiones extras a la anunciadas previamente dentro de su portafolio.<\/p>\n<p>El objetivo de la instituci\u00f3n es continuar con un plan de negocios el cual no contempla una adquisici\u00f3n de nuevos centros comerciales sino la potencializaci\u00f3n de las propiedades con las que ya cuenta en su portafolio derivado de su especializaci\u00f3n en centros comerciales, lo que ha derivado en una fuerte relaci\u00f3n con distintas marcas l\u00edderes en el mercado mexicano.<\/p>\n<p>La expansi\u00f3n dentro de los cuatro centros comerciales que tiene presupuestada FibraShop contempla una inversi\u00f3n aproximada de 215 millones de pesos lo que involucrar\u00eda un crecimiento de 17 mil metros cuadrados en el \u00e1rea rentable y 13.5 mil metros cuadrados de estacionamientos.<\/p>\n<p>Con esta expansi\u00f3n los n\u00fameros FibraShop en cuesti\u00f3n al \u00e1rea bruta rentable que posee asciende a 411 mil metros cuadrados, lo que es igual a un 193% de crecimiento desde que la compa\u00f1\u00eda comenz\u00f3 con sus operaciones.<\/p>\n<p>Los complejos comerciales en los que FibraShop trabajar\u00e1 para tener un desarrollo son: Plaza Cibeles la cual contar\u00e1 en su primera etapa con una construcci\u00f3n de \u00e1rea bruta rentable de 12,882 m\u00b2 y un estacionamiento de tres niveles de 41,548 metros cuadrados, y en la segunda se adicionar\u00e1n 9,165 metros cuadrados y un nivel m\u00e1s de estacionamiento con 362 cajones y 13,545 metros cuadrados.<\/p>\n<p>Urban Center Jurica con una extensi\u00f3n de 3,530 metros cuadrados en el cual se construir\u00e1 un complejo de cines Cinemex 2,287 metros cuadrados, un \u00e1rea comercial de 990, y un estacionamiento de 3,500 metros cuadrados.<\/p>\n<p>Puerta Texcoco, la cual el pasado 25 de noviembre firm\u00f3 un contrato con Liverpool para la inclusi\u00f3n de una tienda de F\u00e1bricas de Francia de 6,270 metros cuadrados en dos niveles, con lo que la plaza crecer\u00e1 en 4,447 metros cuadrados de \u00e1rea bruta rentable.<\/p>\n<p>Y Plaza Kukulc\u00e1n la cual el pasado noviembre abri\u00f3 sus puertas a Soriana ampliando la oferta comercial del complejo.<\/p>\n","protected":false},"excerpt":{"rendered":"<p>La\u00a0inversi\u00f3n aproximada ser\u00e1 de 215 millones de pesos, equivalentes a\u00a0un crecimiento de 17,000 metros cuadrados en \u00e1rea rentable<\/p>\n","protected":false},"author":29,"featured_media":15182,"comment_status":"open","ping_status":"closed","sticky":false,"template":"","format":"standard","meta":{"om_disable_all_campaigns":false,"inline_featured_image":false,"_monsterinsights_skip_tracking":false,"_monsterinsights_sitenote_active":false,"_monsterinsights_sitenote_note":"","_monsterinsights_sitenote_category":0,"footnotes":""},"categories":[15],"tags":[2052,4373,4374,4125,4372],"class_list":["post-15181","post","type-post","status-publish","format-standard","has-post-thumbnail","hentry","category-inmobiliario","tag-fibrashop","tag-plaza-cibeles","tag-plaza-kukulcan","tag-puerta-texcoco","tag-urban-center-jurica"],"yoast_head":"<!-- This site is optimized with the Yoast SEO plugin v27.4 - https:\/\/yoast.com\/product\/yoast-seo-wordpress\/ -->\n<title>FibraShop expandir\u00e1 4 centros comerciales -<\/title>\n<meta name=\"description\" content=\"La\u00a0inversi\u00f3n aproximada ser\u00e1 de 215 millones de pesos, equivalentes a\u00a0un crecimiento de 17,000 metros cuadrados en \u00e1rea rentable &nbsp; La instituci\u00f3n de\" \/>\n<meta name=\"robots\" content=\"index, follow, max-snippet:-1, max-image-preview:large, max-video-preview:-1\" \/>\n<link rel=\"canonical\" href=\"https:\/\/centrourbano.com\/revista\/inmobiliario\/fibrashop-expandira-centros-comerciales\/\" \/>\n<meta property=\"og:locale\" content=\"es_ES\" \/>\n<meta property=\"og:type\" content=\"article\" \/>\n<meta property=\"og:title\" content=\"FibraShop expandir\u00e1 4 centros comerciales -\" \/>\n<meta property=\"og:description\" content=\"La\u00a0inversi\u00f3n aproximada ser\u00e1 de 215 millones de pesos, equivalentes a\u00a0un crecimiento de 17,000 metros cuadrados en \u00e1rea rentable &nbsp; La instituci\u00f3n de\" \/>\n<meta property=\"og:url\" content=\"https:\/\/centrourbano.com\/revista\/inmobiliario\/fibrashop-expandira-centros-comerciales\/\" \/>\n<meta property=\"og:site_name\" content=\"Centro Urbano\" \/>\n<meta property=\"article:publisher\" content=\"https:\/\/www.facebook.com\/portalcentrourbano\" \/>\n<meta property=\"article:published_time\" content=\"2015-02-11T18:21:50+00:00\" \/>\n<meta property=\"article:modified_time\" content=\"2015-02-11T20:49:53+00:00\" \/>\n<meta property=\"og:image\" content=\"https:\/\/centrourbano.com\/revista\/wp-content\/uploads\/FibraShop2.jpg\" \/>\n\t<meta property=\"og:image:width\" content=\"600\" \/>\n\t<meta property=\"og:image:height\" content=\"335\" \/>\n\t<meta property=\"og:image:type\" content=\"image\/jpeg\" \/>\n<meta name=\"author\" content=\"Oscar Guti\u00e9rrez Arriaga\" \/>\n<meta name=\"twitter:card\" content=\"summary_large_image\" \/>\n<meta name=\"twitter:creator\" content=\"@CentroUrbano\" \/>\n<meta name=\"twitter:site\" content=\"@CentroUrbano\" \/>\n<meta name=\"twitter:label1\" content=\"Escrito por\" \/>\n\t<meta name=\"twitter:data1\" content=\"Oscar Guti\u00e9rrez Arriaga\" \/>\n\t<meta name=\"twitter:label2\" content=\"Tiempo de lectura\" \/>\n\t<meta name=\"twitter:data2\" content=\"2 minutos\" \/>\n<script type=\"application\/ld+json\" class=\"yoast-schema-graph\">{\"@context\":\"https:\\\/\\\/schema.org\",\"@graph\":[{\"@type\":\"Article\",\"@id\":\"https:\\\/\\\/centrourbano.com\\\/revista\\\/inmobiliario\\\/fibrashop-expandira-centros-comerciales\\\/#article\",\"isPartOf\":{\"@id\":\"https:\\\/\\\/centrourbano.com\\\/revista\\\/inmobiliario\\\/fibrashop-expandira-centros-comerciales\\\/\"},\"author\":{\"name\":\"Oscar Guti\u00e9rrez Arriaga\",\"@id\":\"https:\\\/\\\/centrourbano.com\\\/revista\\\/#\\\/schema\\\/person\\\/4c9d581213c6d17ee82daf6d9fd0773e\"},\"headline\":\"FibraShop expandir\u00e1 4 centros comerciales\",\"datePublished\":\"2015-02-11T18:21:50+00:00\",\"dateModified\":\"2015-02-11T20:49:53+00:00\",\"mainEntityOfPage\":{\"@id\":\"https:\\\/\\\/centrourbano.com\\\/revista\\\/inmobiliario\\\/fibrashop-expandira-centros-comerciales\\\/\"},\"wordCount\":364,\"commentCount\":0,\"publisher\":{\"@id\":\"https:\\\/\\\/centrourbano.com\\\/revista\\\/#organization\"},\"image\":{\"@id\":\"https:\\\/\\\/centrourbano.com\\\/revista\\\/inmobiliario\\\/fibrashop-expandira-centros-comerciales\\\/#primaryimage\"},\"thumbnailUrl\":\"https:\\\/\\\/centrourbano.com\\\/revista\\\/wp-content\\\/uploads\\\/FibraShop2.jpg\",\"keywords\":[\"FibraShop\",\"Plaza Cibeles\",\"Plaza Kukulc\u00e1n\",\"Puerta Texcoco\",\"Urban Center Jurica\"],\"articleSection\":[\"Inmobiliario\"],\"inLanguage\":\"es\",\"potentialAction\":[{\"@type\":\"CommentAction\",\"name\":\"Comment\",\"target\":[\"https:\\\/\\\/centrourbano.com\\\/revista\\\/inmobiliario\\\/fibrashop-expandira-centros-comerciales\\\/#respond\"]}]},{\"@type\":\"WebPage\",\"@id\":\"https:\\\/\\\/centrourbano.com\\\/revista\\\/inmobiliario\\\/fibrashop-expandira-centros-comerciales\\\/\",\"url\":\"https:\\\/\\\/centrourbano.com\\\/revista\\\/inmobiliario\\\/fibrashop-expandira-centros-comerciales\\\/\",\"name\":\"FibraShop expandir\u00e1 4 centros comerciales -\",\"isPartOf\":{\"@id\":\"https:\\\/\\\/centrourbano.com\\\/revista\\\/#website\"},\"primaryImageOfPage\":{\"@id\":\"https:\\\/\\\/centrourbano.com\\\/revista\\\/inmobiliario\\\/fibrashop-expandira-centros-comerciales\\\/#primaryimage\"},\"image\":{\"@id\":\"https:\\\/\\\/centrourbano.com\\\/revista\\\/inmobiliario\\\/fibrashop-expandira-centros-comerciales\\\/#primaryimage\"},\"thumbnailUrl\":\"https:\\\/\\\/centrourbano.com\\\/revista\\\/wp-content\\\/uploads\\\/FibraShop2.jpg\",\"datePublished\":\"2015-02-11T18:21:50+00:00\",\"dateModified\":\"2015-02-11T20:49:53+00:00\",\"description\":\"La\u00a0inversi\u00f3n aproximada ser\u00e1 de 215 millones de pesos, equivalentes a\u00a0un crecimiento de 17,000 metros cuadrados en \u00e1rea rentable &nbsp; La instituci\u00f3n de\",\"breadcrumb\":{\"@id\":\"https:\\\/\\\/centrourbano.com\\\/revista\\\/inmobiliario\\\/fibrashop-expandira-centros-comerciales\\\/#breadcrumb\"},\"inLanguage\":\"es\",\"potentialAction\":[{\"@type\":\"ReadAction\",\"target\":[\"https:\\\/\\\/centrourbano.com\\\/revista\\\/inmobiliario\\\/fibrashop-expandira-centros-comerciales\\\/\"]}]},{\"@type\":\"ImageObject\",\"inLanguage\":\"es\",\"@id\":\"https:\\\/\\\/centrourbano.com\\\/revista\\\/inmobiliario\\\/fibrashop-expandira-centros-comerciales\\\/#primaryimage\",\"url\":\"https:\\\/\\\/centrourbano.com\\\/revista\\\/wp-content\\\/uploads\\\/FibraShop2.jpg\",\"contentUrl\":\"https:\\\/\\\/centrourbano.com\\\/revista\\\/wp-content\\\/uploads\\\/FibraShop2.jpg\",\"width\":600,\"height\":335,\"caption\":\"Este resultado se debe a los indicadores de deuda en el \u00faltimo a\u00f1o y proyecciones de deuda\"},{\"@type\":\"BreadcrumbList\",\"@id\":\"https:\\\/\\\/centrourbano.com\\\/revista\\\/inmobiliario\\\/fibrashop-expandira-centros-comerciales\\\/#breadcrumb\",\"itemListElement\":[{\"@type\":\"ListItem\",\"position\":1,\"name\":\"Portada\",\"item\":\"https:\\\/\\\/centrourbano.com\\\/revista\\\/\"},{\"@type\":\"ListItem\",\"position\":2,\"name\":\"FibraShop expandir\u00e1 4 centros comerciales\"}]},{\"@type\":\"WebSite\",\"@id\":\"https:\\\/\\\/centrourbano.com\\\/revista\\\/#website\",\"url\":\"https:\\\/\\\/centrourbano.com\\\/revista\\\/\",\"name\":\"Centro Urbano\",\"description\":\"Medio especializado en los sectores vivienda, inmobiliario, construcci\u00f3n, arquitectura y urbanismo.\",\"publisher\":{\"@id\":\"https:\\\/\\\/centrourbano.com\\\/revista\\\/#organization\"},\"potentialAction\":[{\"@type\":\"SearchAction\",\"target\":{\"@type\":\"EntryPoint\",\"urlTemplate\":\"https:\\\/\\\/centrourbano.com\\\/revista\\\/?s={search_term_string}\"},\"query-input\":{\"@type\":\"PropertyValueSpecification\",\"valueRequired\":true,\"valueName\":\"search_term_string\"}}],\"inLanguage\":\"es\"},{\"@type\":\"Organization\",\"@id\":\"https:\\\/\\\/centrourbano.com\\\/revista\\\/#organization\",\"name\":\"Centro Urbano\",\"url\":\"https:\\\/\\\/centrourbano.com\\\/revista\\\/\",\"logo\":{\"@type\":\"ImageObject\",\"inLanguage\":\"es\",\"@id\":\"https:\\\/\\\/centrourbano.com\\\/revista\\\/#\\\/schema\\\/logo\\\/image\\\/\",\"url\":\"https:\\\/\\\/centrourbano.com\\\/revista\\\/wp-content\\\/uploads\\\/web_CU_logo-1.png\",\"contentUrl\":\"https:\\\/\\\/centrourbano.com\\\/revista\\\/wp-content\\\/uploads\\\/web_CU_logo-1.png\",\"width\":350,\"height\":91,\"caption\":\"Centro Urbano\"},\"image\":{\"@id\":\"https:\\\/\\\/centrourbano.com\\\/revista\\\/#\\\/schema\\\/logo\\\/image\\\/\"},\"sameAs\":[\"https:\\\/\\\/www.facebook.com\\\/portalcentrourbano\",\"https:\\\/\\\/x.com\\\/CentroUrbano\",\"https:\\\/\\\/www.instagram.com\\\/centro_urbano\\\/\",\"https:\\\/\\\/www.linkedin.com\\\/company\\\/centro-urbano\\\/\",\"http:\\\/\\\/www.youtube.com\\\/user\\\/portalcentrourbano\"]},{\"@type\":\"Person\",\"@id\":\"https:\\\/\\\/centrourbano.com\\\/revista\\\/#\\\/schema\\\/person\\\/4c9d581213c6d17ee82daf6d9fd0773e\",\"name\":\"Oscar Guti\u00e9rrez Arriaga\",\"image\":{\"@type\":\"ImageObject\",\"inLanguage\":\"es\",\"@id\":\"https:\\\/\\\/secure.gravatar.com\\\/avatar\\\/2cc65c460a9554cb4b76ce1ec6538c61db0db5ddd3275ef867a16f59c0d4810d?s=96&d=mm&r=g\",\"url\":\"https:\\\/\\\/secure.gravatar.com\\\/avatar\\\/2cc65c460a9554cb4b76ce1ec6538c61db0db5ddd3275ef867a16f59c0d4810d?s=96&d=mm&r=g\",\"contentUrl\":\"https:\\\/\\\/secure.gravatar.com\\\/avatar\\\/2cc65c460a9554cb4b76ce1ec6538c61db0db5ddd3275ef867a16f59c0d4810d?s=96&d=mm&r=g\",\"caption\":\"Oscar Guti\u00e9rrez Arriaga\"},\"description\":\"Licenciado en Ciencias de la Comunicaci\u00f3n por la FCPyS UNAM, comunic\u00f3logo pol\u00edtico por decisi\u00f3n, ex profesor y ahora\u2026 reportero\",\"url\":\"https:\\\/\\\/centrourbano.com\\\/revista\\\/author\\\/oscar-gutierrez\\\/\"}]}<\/script>\n<!-- \/ Yoast SEO plugin. -->","yoast_head_json":{"title":"FibraShop expandir\u00e1 4 centros comerciales -","description":"La\u00a0inversi\u00f3n aproximada ser\u00e1 de 215 millones de pesos, equivalentes a\u00a0un crecimiento de 17,000 metros cuadrados en \u00e1rea rentable &nbsp; La instituci\u00f3n de","robots":{"index":"index","follow":"follow","max-snippet":"max-snippet:-1","max-image-preview":"max-image-preview:large","max-video-preview":"max-video-preview:-1"},"canonical":"https:\/\/centrourbano.com\/revista\/inmobiliario\/fibrashop-expandira-centros-comerciales\/","og_locale":"es_ES","og_type":"article","og_title":"FibraShop expandir\u00e1 4 centros comerciales -","og_description":"La\u00a0inversi\u00f3n aproximada ser\u00e1 de 215 millones de pesos, equivalentes a\u00a0un crecimiento de 17,000 metros cuadrados en \u00e1rea rentable &nbsp; La instituci\u00f3n de","og_url":"https:\/\/centrourbano.com\/revista\/inmobiliario\/fibrashop-expandira-centros-comerciales\/","og_site_name":"Centro Urbano","article_publisher":"https:\/\/www.facebook.com\/portalcentrourbano","article_published_time":"2015-02-11T18:21:50+00:00","article_modified_time":"2015-02-11T20:49:53+00:00","og_image":[{"width":600,"height":335,"url":"https:\/\/centrourbano.com\/revista\/wp-content\/uploads\/FibraShop2.jpg","type":"image\/jpeg"}],"author":"Oscar Guti\u00e9rrez Arriaga","twitter_card":"summary_large_image","twitter_creator":"@CentroUrbano","twitter_site":"@CentroUrbano","twitter_misc":{"Escrito por":"Oscar Guti\u00e9rrez Arriaga","Tiempo de lectura":"2 minutos"},"schema":{"@context":"https:\/\/schema.org","@graph":[{"@type":"Article","@id":"https:\/\/centrourbano.com\/revista\/inmobiliario\/fibrashop-expandira-centros-comerciales\/#article","isPartOf":{"@id":"https:\/\/centrourbano.com\/revista\/inmobiliario\/fibrashop-expandira-centros-comerciales\/"},"author":{"name":"Oscar Guti\u00e9rrez Arriaga","@id":"https:\/\/centrourbano.com\/revista\/#\/schema\/person\/4c9d581213c6d17ee82daf6d9fd0773e"},"headline":"FibraShop expandir\u00e1 4 centros comerciales","datePublished":"2015-02-11T18:21:50+00:00","dateModified":"2015-02-11T20:49:53+00:00","mainEntityOfPage":{"@id":"https:\/\/centrourbano.com\/revista\/inmobiliario\/fibrashop-expandira-centros-comerciales\/"},"wordCount":364,"commentCount":0,"publisher":{"@id":"https:\/\/centrourbano.com\/revista\/#organization"},"image":{"@id":"https:\/\/centrourbano.com\/revista\/inmobiliario\/fibrashop-expandira-centros-comerciales\/#primaryimage"},"thumbnailUrl":"https:\/\/centrourbano.com\/revista\/wp-content\/uploads\/FibraShop2.jpg","keywords":["FibraShop","Plaza Cibeles","Plaza Kukulc\u00e1n","Puerta Texcoco","Urban Center Jurica"],"articleSection":["Inmobiliario"],"inLanguage":"es","potentialAction":[{"@type":"CommentAction","name":"Comment","target":["https:\/\/centrourbano.com\/revista\/inmobiliario\/fibrashop-expandira-centros-comerciales\/#respond"]}]},{"@type":"WebPage","@id":"https:\/\/centrourbano.com\/revista\/inmobiliario\/fibrashop-expandira-centros-comerciales\/","url":"https:\/\/centrourbano.com\/revista\/inmobiliario\/fibrashop-expandira-centros-comerciales\/","name":"FibraShop expandir\u00e1 4 centros comerciales -","isPartOf":{"@id":"https:\/\/centrourbano.com\/revista\/#website"},"primaryImageOfPage":{"@id":"https:\/\/centrourbano.com\/revista\/inmobiliario\/fibrashop-expandira-centros-comerciales\/#primaryimage"},"image":{"@id":"https:\/\/centrourbano.com\/revista\/inmobiliario\/fibrashop-expandira-centros-comerciales\/#primaryimage"},"thumbnailUrl":"https:\/\/centrourbano.com\/revista\/wp-content\/uploads\/FibraShop2.jpg","datePublished":"2015-02-11T18:21:50+00:00","dateModified":"2015-02-11T20:49:53+00:00","description":"La\u00a0inversi\u00f3n aproximada ser\u00e1 de 215 millones de pesos, equivalentes a\u00a0un crecimiento de 17,000 metros cuadrados en \u00e1rea rentable &nbsp; La instituci\u00f3n de","breadcrumb":{"@id":"https:\/\/centrourbano.com\/revista\/inmobiliario\/fibrashop-expandira-centros-comerciales\/#breadcrumb"},"inLanguage":"es","potentialAction":[{"@type":"ReadAction","target":["https:\/\/centrourbano.com\/revista\/inmobiliario\/fibrashop-expandira-centros-comerciales\/"]}]},{"@type":"ImageObject","inLanguage":"es","@id":"https:\/\/centrourbano.com\/revista\/inmobiliario\/fibrashop-expandira-centros-comerciales\/#primaryimage","url":"https:\/\/centrourbano.com\/revista\/wp-content\/uploads\/FibraShop2.jpg","contentUrl":"https:\/\/centrourbano.com\/revista\/wp-content\/uploads\/FibraShop2.jpg","width":600,"height":335,"caption":"Este resultado se debe a los indicadores de deuda en el \u00faltimo a\u00f1o y proyecciones de deuda"},{"@type":"BreadcrumbList","@id":"https:\/\/centrourbano.com\/revista\/inmobiliario\/fibrashop-expandira-centros-comerciales\/#breadcrumb","itemListElement":[{"@type":"ListItem","position":1,"name":"Portada","item":"https:\/\/centrourbano.com\/revista\/"},{"@type":"ListItem","position":2,"name":"FibraShop expandir\u00e1 4 centros comerciales"}]},{"@type":"WebSite","@id":"https:\/\/centrourbano.com\/revista\/#website","url":"https:\/\/centrourbano.com\/revista\/","name":"Centro Urbano","description":"Medio especializado en los sectores vivienda, inmobiliario, construcci\u00f3n, arquitectura y urbanismo.","publisher":{"@id":"https:\/\/centrourbano.com\/revista\/#organization"},"potentialAction":[{"@type":"SearchAction","target":{"@type":"EntryPoint","urlTemplate":"https:\/\/centrourbano.com\/revista\/?s={search_term_string}"},"query-input":{"@type":"PropertyValueSpecification","valueRequired":true,"valueName":"search_term_string"}}],"inLanguage":"es"},{"@type":"Organization","@id":"https:\/\/centrourbano.com\/revista\/#organization","name":"Centro Urbano","url":"https:\/\/centrourbano.com\/revista\/","logo":{"@type":"ImageObject","inLanguage":"es","@id":"https:\/\/centrourbano.com\/revista\/#\/schema\/logo\/image\/","url":"https:\/\/centrourbano.com\/revista\/wp-content\/uploads\/web_CU_logo-1.png","contentUrl":"https:\/\/centrourbano.com\/revista\/wp-content\/uploads\/web_CU_logo-1.png","width":350,"height":91,"caption":"Centro Urbano"},"image":{"@id":"https:\/\/centrourbano.com\/revista\/#\/schema\/logo\/image\/"},"sameAs":["https:\/\/www.facebook.com\/portalcentrourbano","https:\/\/x.com\/CentroUrbano","https:\/\/www.instagram.com\/centro_urbano\/","https:\/\/www.linkedin.com\/company\/centro-urbano\/","http:\/\/www.youtube.com\/user\/portalcentrourbano"]},{"@type":"Person","@id":"https:\/\/centrourbano.com\/revista\/#\/schema\/person\/4c9d581213c6d17ee82daf6d9fd0773e","name":"Oscar Guti\u00e9rrez Arriaga","image":{"@type":"ImageObject","inLanguage":"es","@id":"https:\/\/secure.gravatar.com\/avatar\/2cc65c460a9554cb4b76ce1ec6538c61db0db5ddd3275ef867a16f59c0d4810d?s=96&d=mm&r=g","url":"https:\/\/secure.gravatar.com\/avatar\/2cc65c460a9554cb4b76ce1ec6538c61db0db5ddd3275ef867a16f59c0d4810d?s=96&d=mm&r=g","contentUrl":"https:\/\/secure.gravatar.com\/avatar\/2cc65c460a9554cb4b76ce1ec6538c61db0db5ddd3275ef867a16f59c0d4810d?s=96&d=mm&r=g","caption":"Oscar Guti\u00e9rrez Arriaga"},"description":"Licenciado en Ciencias de la Comunicaci\u00f3n por la FCPyS UNAM, comunic\u00f3logo pol\u00edtico por decisi\u00f3n, ex profesor y ahora\u2026 reportero","url":"https:\/\/centrourbano.com\/revista\/author\/oscar-gutierrez\/"}]}},"_links":{"self":[{"href":"https:\/\/centrourbano.com\/revista\/wp-json\/wp\/v2\/posts\/15181","targetHints":{"allow":["GET"]}}],"collection":[{"href":"https:\/\/centrourbano.com\/revista\/wp-json\/wp\/v2\/posts"}],"about":[{"href":"https:\/\/centrourbano.com\/revista\/wp-json\/wp\/v2\/types\/post"}],"author":[{"embeddable":true,"href":"https:\/\/centrourbano.com\/revista\/wp-json\/wp\/v2\/users\/29"}],"replies":[{"embeddable":true,"href":"https:\/\/centrourbano.com\/revista\/wp-json\/wp\/v2\/comments?post=15181"}],"version-history":[{"count":0,"href":"https:\/\/centrourbano.com\/revista\/wp-json\/wp\/v2\/posts\/15181\/revisions"}],"wp:featuredmedia":[{"embeddable":true,"href":"https:\/\/centrourbano.com\/revista\/wp-json\/wp\/v2\/media\/15182"}],"wp:attachment":[{"href":"https:\/\/centrourbano.com\/revista\/wp-json\/wp\/v2\/media?parent=15181"}],"wp:term":[{"taxonomy":"category","embeddable":true,"href":"https:\/\/centrourbano.com\/revista\/wp-json\/wp\/v2\/categories?post=15181"},{"taxonomy":"post_tag","embeddable":true,"href":"https:\/\/centrourbano.com\/revista\/wp-json\/wp\/v2\/tags?post=15181"}],"curies":[{"name":"wp","href":"https:\/\/api.w.org\/{rel}","templated":true}]}}