{"id":151372,"date":"2024-10-22T09:00:20","date_gmt":"2024-10-22T15:00:20","guid":{"rendered":"https:\/\/centrourbano.com\/revista\/?p=151372"},"modified":"2024-10-22T00:45:07","modified_gmt":"2024-10-22T06:45:07","slug":"ganadores-bienal-arquitectura-paisaje","status":"publish","type":"post","link":"https:\/\/centrourbano.com\/revista\/arquitectura-2\/ganadores-bienal-arquitectura-paisaje\/","title":{"rendered":"Anuncian ganadores de la VI Bienal de Arquitectura de Paisaje"},"content":{"rendered":"<p><em>El objetivo de la Bienal fue destacar el papel de esta disciplina en la mejora de la calidad de vida a trav\u00e9s de propuestas responsables<\/em><!--more--><\/p>\n<p>El pasado 17 de octubre, se celebr\u00f3, en la ciudad de Medell\u00edn, Colombia, la <strong>VI Bienal Latinoamericana de Arquitectura de Paisaje<\/strong>, organizada por la <strong>Sociedad de Arquitectos Paisajistas de M\u00e9xico<\/strong> (<a href=\"https:\/\/www.blappaisaje.com\/\" target=\"_blank\" rel=\"noopener\"><strong>SAPmx<\/strong><\/a>).<\/p>\n<p>Durante el evento se llev\u00f3 a cabo la ceremonia de premiaci\u00f3n en la <strong>Universidad Pontificia Bolivariana<\/strong>, donde se reconocieron iniciativas y proyectos de arquitectura paisajista que proponen soluciones innovadoras a los problemas que afectan a Latinoam\u00e9rica.<\/p>\n<p>Estos son los <strong>ganadores<\/strong>:<\/p>\n<h3><strong>Obra construida<\/strong><\/h3>\n<p><strong>Residencias y conjuntos habitacionales:<\/strong><\/p>\n<ul>\n<li>Ganador- Parque Chauquen Panguipulli (Chile)<\/li>\n<li>Menci\u00f3n Honor\u00edfica- Conjunto residencial \u00c1rbol de fuego (M\u00e9xico)<\/li>\n<\/ul>\n<p><strong>Corporativos, oficinas e instituciones:<\/strong><\/p>\n<ul>\n<li>Ganador y Menci\u00f3n Honor\u00edfica- OUM (M\u00e9xico)<\/li>\n<\/ul>\n<p><strong>Espacio p\u00fablico, parques y \u00e1reas recreativas:<\/strong><\/p>\n<ul>\n<li>Ganador- Jard\u00edn del Mercado (Chile)<\/li>\n<li>Menci\u00f3n Honor\u00edfica- Parque Xicot\u00e9ncatl (M\u00e9xico)<\/li>\n<li>Menci\u00f3n Honor\u00edfica- Humedal Artificial del Centro para la Preservaci\u00f3n de la Biodiversidad de la Ciudad de M\u00e9xico (M\u00e9xico)<\/li>\n<\/ul>\n<p><strong>Desarrollos tur\u00edsticos:<\/strong><\/p>\n<ul>\n<li>Menci\u00f3n Honor\u00edfica- Four Seasons Tamarindo Resort (M\u00e9xico)<\/li>\n<\/ul>\n<h3><strong>Proyectos de planeaci\u00f3n territorial<\/strong><\/h3>\n<p><strong>Programas de planeaci\u00f3n-ordenamiento territorial vigentes:<\/strong><\/p>\n<ul>\n<li>Ganador- Paisaje Vivo, Nuevo Norte de Bucaramanga (Colombia)<\/li>\n<li>Menci\u00f3n Honor\u00edfica- Las Veredas del Agua (M\u00e9xico)<\/li>\n<li>Menci\u00f3n Honor\u00edfica- TEJIDO PATRIMONIAL. Plan para la recuperaci\u00f3n del centro de la ciudad de Cali a trav\u00e9s de la hist\u00f3rica Calle 5ta (Colombia)<\/li>\n<\/ul>\n<h3><strong>Proyectos no construidos<\/strong><\/h3>\n<p><strong>Proyecto profesional escala arquitect\u00f3nica:<\/strong><\/p>\n<ul>\n<li>Ganador- Holobionte. Laboratorio Urbano para la Regeneraci\u00f3n (M\u00e9xico)<\/li>\n<li>Menci\u00f3n Honor\u00edfica- 3 Patrimonios, Jardines para los antiguos establos de la hacienda Piedragrande, Cali (Colombia)<\/li>\n<\/ul>\n<p><strong>Proyecto profesional escala urbana:<\/strong><\/p>\n<ul>\n<li>Ganador- NARRATIVAS DE UN PATRIMONIO H\u00cdDRICO RESILIENTE. Plan maestro para rehabilitaci\u00f3n y recuperaci\u00f3n del patrimonio ambiental del bosque municipal de la ciudad Palmira (Colombia)<\/li>\n<li>Menci\u00f3n Honor\u00edfica- Parque Observatorio Cerro Cal\u00e1n (Chile)<\/li>\n<\/ul>\n<p><strong>Escala regional:<\/strong><\/p>\n<ul>\n<li>Ganador- Correr la tierra (Colombia)<\/li>\n<li>Menci\u00f3n Honor\u00edfica- Ci\u00e9naga de Mallorqu\u00edn \u2018Paisajes de vida; el valor sagrado de la naturaleza entre ci\u00e9naga y comunidad\u2019 (Colombia)<\/li>\n<\/ul>\n<h3><strong>Trabajos te\u00f3ricos y de investigaci\u00f3n<\/strong><\/h3>\n<p><strong>Publicaciones:<\/strong><\/p>\n<ul>\n<li>Ganador- MAPOCHO AGUAS ABAJO. Atlas visual para la revalorizaci\u00f3n del patrimonio y paisaje ribere\u00f1o (Chile)<\/li>\n<li>Menci\u00f3n Honor\u00edfica- Libro Humedales costeros en zonas \u00e1ridas. Conservaci\u00f3n, rehabilitaci\u00f3n y gesti\u00f3n para ciudades resilientes (Chile)<\/li>\n<li>Menci\u00f3n Honor\u00edfica- La Revoluci\u00f3n Circular. El Camino a Cero. Trabajo de investigaci\u00f3n para una nueva visi\u00f3n en la Arquitectura del Paisaje. Plan estrat\u00e9gico para el manejo de los residuos de construcci\u00f3n y demolici\u00f3n para su incorporaci\u00f3n al modelo econ\u00f3mico de los pa\u00edses en v\u00edas de desarrollo en una econom\u00eda circular. (M\u00e9xico)<\/li>\n<\/ul>\n<p>\u201cCada proyecto premiado hoy representa un compromiso con la sostenibilidad y el bienestar social. Estos esfuerzos son un testimonio de la creatividad y la dedicaci\u00f3n de los profesionales en nuestra regi\u00f3n\u201d, se\u00f1al\u00f3 <strong>Fernanda Rionda, presidenta de la SAPmx.<\/strong><\/p>\n<p>De igual manera, durante la <strong>Bienal<\/strong> se entreg\u00f3 el <strong>Reconocimiento IFLA de Arquitectura de Paisaje por Desarrollo Sustentable<\/strong>, otorgado por la Federaci\u00f3n Internacional de Arquitectos Paisajistas a proyectos que demuestran un impacto significativo en el desarrollo sostenible, la excelencia en dise\u00f1o y la participaci\u00f3n comunitaria.<\/p>\n<p>El proyecto seleccionado para el recibir dicho reconocimiento es el <strong>Parque Xicot\u00e9ncatl<\/strong>, ubicado en Tijuana, Baja California, del despacho Taller Capital, de Loreta Castro-Reguera y Jos\u00e9 Pablo Ambrosi.<\/p>\n<p>La <strong>VI Bienal Latinoamericana de Arquitectura de Paisaje<\/strong> tuvo el objetivo de destacar el papel de esta disciplina en la mejora de la calidad de vida a trav\u00e9s de propuestas ambiental, social y culturalmente responsables.<\/p>\n<p>\u201cNuestra disciplina tiene el poder de transformar realidades y conectar a las personas con su entorno. Es un honor ver c\u00f3mo estos proyectos reflejan un compromiso con la sostenibilidad y la mejora de la calidad de vida en nuestras comunidades\u201d, concluy\u00f3 <strong>Rionda<\/strong>.<\/p>\n<a href=\"https:\/\/centrourbano.com\/revista\/wp-content\/uploads\/image002-2-1.png\" target=\"_blank\" rel=\"noopener\"><img loading=\"lazy\" decoding=\"async\" class=\"aligncenter wp-image-151377 size-full\" src=\"https:\/\/centrourbano.com\/revista\/wp-content\/uploads\/image002-2-1.png\" alt=\"\" width=\"727\" height=\"484\" srcset=\"https:\/\/centrourbano.com\/revista\/wp-content\/uploads\/image002-2-1.png 727w, https:\/\/centrourbano.com\/revista\/wp-content\/uploads\/image002-2-1-300x200.png 300w\" sizes=\"auto, (max-width: 727px) 100vw, 727px\" \/><\/a>\n","protected":false},"excerpt":{"rendered":"<p>El objetivo de la Bienal fue destacar el papel de esta disciplina en la mejora de la calidad de vida a trav\u00e9s de propuestas responsables<\/p>\n","protected":false},"author":73,"featured_media":151376,"comment_status":"open","ping_status":"closed","sticky":false,"template":"","format":"standard","meta":{"om_disable_all_campaigns":false,"inline_featured_image":false,"_monsterinsights_skip_tracking":false,"_monsterinsights_sitenote_active":false,"_monsterinsights_sitenote_note":"","_monsterinsights_sitenote_category":0,"footnotes":""},"categories":[81],"tags":[19540,11723,260,24232],"class_list":["post-151372","post","type-post","status-publish","format-standard","has-post-thumbnail","hentry","category-arquitectura-2","tag-bienal-latinoamericana-de-arquitectura-de-paisaje","tag-ganadores","tag-premio","tag-sapmx"],"yoast_head":"<!-- This site is optimized with the Yoast SEO plugin v27.4 - https:\/\/yoast.com\/product\/yoast-seo-wordpress\/ -->\n<title>Anuncian ganadores de la VI Bienal de Arquitectura de Paisaje<\/title>\n<meta name=\"description\" content=\"El objetivo de la Bienal fue destacar el papel de esta disciplina en la mejora de la calidad de vida a trav\u00e9s de propuestas responsables\" \/>\n<meta name=\"robots\" content=\"index, follow, max-snippet:-1, max-image-preview:large, max-video-preview:-1\" \/>\n<link rel=\"canonical\" href=\"https:\/\/centrourbano.com\/revista\/arquitectura-2\/ganadores-bienal-arquitectura-paisaje\/\" \/>\n<meta property=\"og:locale\" content=\"es_ES\" \/>\n<meta property=\"og:type\" content=\"article\" \/>\n<meta property=\"og:title\" content=\"Anuncian ganadores de la VI Bienal de Arquitectura de Paisaje\" \/>\n<meta property=\"og:description\" content=\"El objetivo de la Bienal fue destacar el papel de esta disciplina en la mejora de la calidad de vida a trav\u00e9s de propuestas responsables\" \/>\n<meta property=\"og:url\" content=\"https:\/\/centrourbano.com\/revista\/arquitectura-2\/ganadores-bienal-arquitectura-paisaje\/\" \/>\n<meta property=\"og:site_name\" content=\"Centro Urbano\" \/>\n<meta property=\"article:publisher\" content=\"https:\/\/www.facebook.com\/portalcentrourbano\" \/>\n<meta property=\"article:published_time\" content=\"2024-10-22T15:00:20+00:00\" \/>\n<meta property=\"og:image\" content=\"https:\/\/centrourbano.com\/revista\/wp-content\/uploads\/Captura-de-pantalla-2024-10-21-a-las-23.59.57.png\" \/>\n\t<meta property=\"og:image:width\" content=\"897\" \/>\n\t<meta property=\"og:image:height\" content=\"789\" \/>\n\t<meta property=\"og:image:type\" content=\"image\/png\" \/>\n<meta name=\"author\" content=\"Fernanda Hern\u00e1ndez\" \/>\n<meta name=\"twitter:card\" content=\"summary_large_image\" \/>\n<meta name=\"twitter:creator\" content=\"@https:\/\/twitter.com\/Nannz_Hernandez\" \/>\n<meta name=\"twitter:site\" content=\"@CentroUrbano\" \/>\n<meta name=\"twitter:label1\" content=\"Escrito por\" \/>\n\t<meta name=\"twitter:data1\" content=\"Fernanda Hern\u00e1ndez\" \/>\n\t<meta name=\"twitter:label2\" content=\"Tiempo de lectura\" \/>\n\t<meta name=\"twitter:data2\" content=\"4 minutos\" \/>\n<script type=\"application\/ld+json\" class=\"yoast-schema-graph\">{\"@context\":\"https:\\\/\\\/schema.org\",\"@graph\":[{\"@type\":\"Article\",\"@id\":\"https:\\\/\\\/centrourbano.com\\\/revista\\\/arquitectura-2\\\/ganadores-bienal-arquitectura-paisaje\\\/#article\",\"isPartOf\":{\"@id\":\"https:\\\/\\\/centrourbano.com\\\/revista\\\/arquitectura-2\\\/ganadores-bienal-arquitectura-paisaje\\\/\"},\"author\":{\"name\":\"Fernanda Hern\u00e1ndez\",\"@id\":\"https:\\\/\\\/centrourbano.com\\\/revista\\\/#\\\/schema\\\/person\\\/b190b20bbbceb41ec72278c546fa8df3\"},\"headline\":\"Anuncian ganadores de la VI Bienal de Arquitectura de Paisaje\",\"datePublished\":\"2024-10-22T15:00:20+00:00\",\"mainEntityOfPage\":{\"@id\":\"https:\\\/\\\/centrourbano.com\\\/revista\\\/arquitectura-2\\\/ganadores-bienal-arquitectura-paisaje\\\/\"},\"wordCount\":674,\"commentCount\":0,\"publisher\":{\"@id\":\"https:\\\/\\\/centrourbano.com\\\/revista\\\/#organization\"},\"image\":{\"@id\":\"https:\\\/\\\/centrourbano.com\\\/revista\\\/arquitectura-2\\\/ganadores-bienal-arquitectura-paisaje\\\/#primaryimage\"},\"thumbnailUrl\":\"https:\\\/\\\/centrourbano.com\\\/revista\\\/wp-content\\\/uploads\\\/Captura-de-pantalla-2024-10-21-a-las-23.59.57.png\",\"keywords\":[\"Bienal Latinoamericana de Arquitectura de Paisaje\",\"Ganadores\",\"Premio\",\"SAPmx\"],\"articleSection\":[\"Arquitectura\"],\"inLanguage\":\"es\",\"potentialAction\":[{\"@type\":\"CommentAction\",\"name\":\"Comment\",\"target\":[\"https:\\\/\\\/centrourbano.com\\\/revista\\\/arquitectura-2\\\/ganadores-bienal-arquitectura-paisaje\\\/#respond\"]}]},{\"@type\":\"WebPage\",\"@id\":\"https:\\\/\\\/centrourbano.com\\\/revista\\\/arquitectura-2\\\/ganadores-bienal-arquitectura-paisaje\\\/\",\"url\":\"https:\\\/\\\/centrourbano.com\\\/revista\\\/arquitectura-2\\\/ganadores-bienal-arquitectura-paisaje\\\/\",\"name\":\"Anuncian ganadores de la VI Bienal de Arquitectura de Paisaje\",\"isPartOf\":{\"@id\":\"https:\\\/\\\/centrourbano.com\\\/revista\\\/#website\"},\"primaryImageOfPage\":{\"@id\":\"https:\\\/\\\/centrourbano.com\\\/revista\\\/arquitectura-2\\\/ganadores-bienal-arquitectura-paisaje\\\/#primaryimage\"},\"image\":{\"@id\":\"https:\\\/\\\/centrourbano.com\\\/revista\\\/arquitectura-2\\\/ganadores-bienal-arquitectura-paisaje\\\/#primaryimage\"},\"thumbnailUrl\":\"https:\\\/\\\/centrourbano.com\\\/revista\\\/wp-content\\\/uploads\\\/Captura-de-pantalla-2024-10-21-a-las-23.59.57.png\",\"datePublished\":\"2024-10-22T15:00:20+00:00\",\"description\":\"El objetivo de la Bienal fue destacar el papel de esta disciplina en la mejora de la calidad de vida a trav\u00e9s de propuestas responsables\",\"breadcrumb\":{\"@id\":\"https:\\\/\\\/centrourbano.com\\\/revista\\\/arquitectura-2\\\/ganadores-bienal-arquitectura-paisaje\\\/#breadcrumb\"},\"inLanguage\":\"es\",\"potentialAction\":[{\"@type\":\"ReadAction\",\"target\":[\"https:\\\/\\\/centrourbano.com\\\/revista\\\/arquitectura-2\\\/ganadores-bienal-arquitectura-paisaje\\\/\"]}]},{\"@type\":\"ImageObject\",\"inLanguage\":\"es\",\"@id\":\"https:\\\/\\\/centrourbano.com\\\/revista\\\/arquitectura-2\\\/ganadores-bienal-arquitectura-paisaje\\\/#primaryimage\",\"url\":\"https:\\\/\\\/centrourbano.com\\\/revista\\\/wp-content\\\/uploads\\\/Captura-de-pantalla-2024-10-21-a-las-23.59.57.png\",\"contentUrl\":\"https:\\\/\\\/centrourbano.com\\\/revista\\\/wp-content\\\/uploads\\\/Captura-de-pantalla-2024-10-21-a-las-23.59.57.png\",\"width\":897,\"height\":789,\"caption\":\"El objetivo de la Bienal fue destacar el papel de esta disciplina en la mejora de la calidad de vida a trav\u00e9s de propuestas responsables\"},{\"@type\":\"BreadcrumbList\",\"@id\":\"https:\\\/\\\/centrourbano.com\\\/revista\\\/arquitectura-2\\\/ganadores-bienal-arquitectura-paisaje\\\/#breadcrumb\",\"itemListElement\":[{\"@type\":\"ListItem\",\"position\":1,\"name\":\"Portada\",\"item\":\"https:\\\/\\\/centrourbano.com\\\/revista\\\/\"},{\"@type\":\"ListItem\",\"position\":2,\"name\":\"Anuncian ganadores de la VI Bienal de Arquitectura de Paisaje\"}]},{\"@type\":\"WebSite\",\"@id\":\"https:\\\/\\\/centrourbano.com\\\/revista\\\/#website\",\"url\":\"https:\\\/\\\/centrourbano.com\\\/revista\\\/\",\"name\":\"Centro Urbano\",\"description\":\"Medio especializado en los sectores vivienda, inmobiliario, construcci\u00f3n, arquitectura y urbanismo.\",\"publisher\":{\"@id\":\"https:\\\/\\\/centrourbano.com\\\/revista\\\/#organization\"},\"potentialAction\":[{\"@type\":\"SearchAction\",\"target\":{\"@type\":\"EntryPoint\",\"urlTemplate\":\"https:\\\/\\\/centrourbano.com\\\/revista\\\/?s={search_term_string}\"},\"query-input\":{\"@type\":\"PropertyValueSpecification\",\"valueRequired\":true,\"valueName\":\"search_term_string\"}}],\"inLanguage\":\"es\"},{\"@type\":\"Organization\",\"@id\":\"https:\\\/\\\/centrourbano.com\\\/revista\\\/#organization\",\"name\":\"Centro Urbano\",\"url\":\"https:\\\/\\\/centrourbano.com\\\/revista\\\/\",\"logo\":{\"@type\":\"ImageObject\",\"inLanguage\":\"es\",\"@id\":\"https:\\\/\\\/centrourbano.com\\\/revista\\\/#\\\/schema\\\/logo\\\/image\\\/\",\"url\":\"https:\\\/\\\/centrourbano.com\\\/revista\\\/wp-content\\\/uploads\\\/web_CU_logo-1.png\",\"contentUrl\":\"https:\\\/\\\/centrourbano.com\\\/revista\\\/wp-content\\\/uploads\\\/web_CU_logo-1.png\",\"width\":350,\"height\":91,\"caption\":\"Centro Urbano\"},\"image\":{\"@id\":\"https:\\\/\\\/centrourbano.com\\\/revista\\\/#\\\/schema\\\/logo\\\/image\\\/\"},\"sameAs\":[\"https:\\\/\\\/www.facebook.com\\\/portalcentrourbano\",\"https:\\\/\\\/x.com\\\/CentroUrbano\",\"https:\\\/\\\/www.instagram.com\\\/centro_urbano\\\/\",\"https:\\\/\\\/www.linkedin.com\\\/company\\\/centro-urbano\\\/\",\"http:\\\/\\\/www.youtube.com\\\/user\\\/portalcentrourbano\"]},{\"@type\":\"Person\",\"@id\":\"https:\\\/\\\/centrourbano.com\\\/revista\\\/#\\\/schema\\\/person\\\/b190b20bbbceb41ec72278c546fa8df3\",\"name\":\"Fernanda Hern\u00e1ndez\",\"image\":{\"@type\":\"ImageObject\",\"inLanguage\":\"es\",\"@id\":\"https:\\\/\\\/secure.gravatar.com\\\/avatar\\\/9471831fb0a24eae9d32d826a7cb8ef07c34a41520aca1a0ab1f5c0903ba49b9?s=96&d=mm&r=g\",\"url\":\"https:\\\/\\\/secure.gravatar.com\\\/avatar\\\/9471831fb0a24eae9d32d826a7cb8ef07c34a41520aca1a0ab1f5c0903ba49b9?s=96&d=mm&r=g\",\"contentUrl\":\"https:\\\/\\\/secure.gravatar.com\\\/avatar\\\/9471831fb0a24eae9d32d826a7cb8ef07c34a41520aca1a0ab1f5c0903ba49b9?s=96&d=mm&r=g\",\"caption\":\"Fernanda Hern\u00e1ndez\"},\"description\":\"Reportera y redactora en Centro Urbano. Soy egresada de la licenciatura en Ciencias de la Comunicaci\u00f3n de la Facultad de Ciencias Pol\u00edticas y Sociales (UNAM). Me interesa la cultura, el urbanismo y la arquitectura. Amante del mundo digital, el cine, la m\u00fasica, la lectura y la escritura.\",\"sameAs\":[\"https:\\\/\\\/x.com\\\/https:\\\/\\\/twitter.com\\\/Nannz_Hernandez\"],\"url\":\"https:\\\/\\\/centrourbano.com\\\/revista\\\/author\\\/fernanda-hernandez\\\/\"}]}<\/script>\n<!-- \/ Yoast SEO plugin. -->","yoast_head_json":{"title":"Anuncian ganadores de la VI Bienal de Arquitectura de Paisaje","description":"El objetivo de la Bienal fue destacar el papel de esta disciplina en la mejora de la calidad de vida a trav\u00e9s de propuestas responsables","robots":{"index":"index","follow":"follow","max-snippet":"max-snippet:-1","max-image-preview":"max-image-preview:large","max-video-preview":"max-video-preview:-1"},"canonical":"https:\/\/centrourbano.com\/revista\/arquitectura-2\/ganadores-bienal-arquitectura-paisaje\/","og_locale":"es_ES","og_type":"article","og_title":"Anuncian ganadores de la VI Bienal de Arquitectura de Paisaje","og_description":"El objetivo de la Bienal fue destacar el papel de esta disciplina en la mejora de la calidad de vida a trav\u00e9s de propuestas responsables","og_url":"https:\/\/centrourbano.com\/revista\/arquitectura-2\/ganadores-bienal-arquitectura-paisaje\/","og_site_name":"Centro Urbano","article_publisher":"https:\/\/www.facebook.com\/portalcentrourbano","article_published_time":"2024-10-22T15:00:20+00:00","og_image":[{"width":897,"height":789,"url":"https:\/\/centrourbano.com\/revista\/wp-content\/uploads\/Captura-de-pantalla-2024-10-21-a-las-23.59.57.png","type":"image\/png"}],"author":"Fernanda Hern\u00e1ndez","twitter_card":"summary_large_image","twitter_creator":"@https:\/\/twitter.com\/Nannz_Hernandez","twitter_site":"@CentroUrbano","twitter_misc":{"Escrito por":"Fernanda Hern\u00e1ndez","Tiempo de lectura":"4 minutos"},"schema":{"@context":"https:\/\/schema.org","@graph":[{"@type":"Article","@id":"https:\/\/centrourbano.com\/revista\/arquitectura-2\/ganadores-bienal-arquitectura-paisaje\/#article","isPartOf":{"@id":"https:\/\/centrourbano.com\/revista\/arquitectura-2\/ganadores-bienal-arquitectura-paisaje\/"},"author":{"name":"Fernanda Hern\u00e1ndez","@id":"https:\/\/centrourbano.com\/revista\/#\/schema\/person\/b190b20bbbceb41ec72278c546fa8df3"},"headline":"Anuncian ganadores de la VI Bienal de Arquitectura de Paisaje","datePublished":"2024-10-22T15:00:20+00:00","mainEntityOfPage":{"@id":"https:\/\/centrourbano.com\/revista\/arquitectura-2\/ganadores-bienal-arquitectura-paisaje\/"},"wordCount":674,"commentCount":0,"publisher":{"@id":"https:\/\/centrourbano.com\/revista\/#organization"},"image":{"@id":"https:\/\/centrourbano.com\/revista\/arquitectura-2\/ganadores-bienal-arquitectura-paisaje\/#primaryimage"},"thumbnailUrl":"https:\/\/centrourbano.com\/revista\/wp-content\/uploads\/Captura-de-pantalla-2024-10-21-a-las-23.59.57.png","keywords":["Bienal Latinoamericana de Arquitectura de Paisaje","Ganadores","Premio","SAPmx"],"articleSection":["Arquitectura"],"inLanguage":"es","potentialAction":[{"@type":"CommentAction","name":"Comment","target":["https:\/\/centrourbano.com\/revista\/arquitectura-2\/ganadores-bienal-arquitectura-paisaje\/#respond"]}]},{"@type":"WebPage","@id":"https:\/\/centrourbano.com\/revista\/arquitectura-2\/ganadores-bienal-arquitectura-paisaje\/","url":"https:\/\/centrourbano.com\/revista\/arquitectura-2\/ganadores-bienal-arquitectura-paisaje\/","name":"Anuncian ganadores de la VI Bienal de Arquitectura de Paisaje","isPartOf":{"@id":"https:\/\/centrourbano.com\/revista\/#website"},"primaryImageOfPage":{"@id":"https:\/\/centrourbano.com\/revista\/arquitectura-2\/ganadores-bienal-arquitectura-paisaje\/#primaryimage"},"image":{"@id":"https:\/\/centrourbano.com\/revista\/arquitectura-2\/ganadores-bienal-arquitectura-paisaje\/#primaryimage"},"thumbnailUrl":"https:\/\/centrourbano.com\/revista\/wp-content\/uploads\/Captura-de-pantalla-2024-10-21-a-las-23.59.57.png","datePublished":"2024-10-22T15:00:20+00:00","description":"El objetivo de la Bienal fue destacar el papel de esta disciplina en la mejora de la calidad de vida a trav\u00e9s de propuestas responsables","breadcrumb":{"@id":"https:\/\/centrourbano.com\/revista\/arquitectura-2\/ganadores-bienal-arquitectura-paisaje\/#breadcrumb"},"inLanguage":"es","potentialAction":[{"@type":"ReadAction","target":["https:\/\/centrourbano.com\/revista\/arquitectura-2\/ganadores-bienal-arquitectura-paisaje\/"]}]},{"@type":"ImageObject","inLanguage":"es","@id":"https:\/\/centrourbano.com\/revista\/arquitectura-2\/ganadores-bienal-arquitectura-paisaje\/#primaryimage","url":"https:\/\/centrourbano.com\/revista\/wp-content\/uploads\/Captura-de-pantalla-2024-10-21-a-las-23.59.57.png","contentUrl":"https:\/\/centrourbano.com\/revista\/wp-content\/uploads\/Captura-de-pantalla-2024-10-21-a-las-23.59.57.png","width":897,"height":789,"caption":"El objetivo de la Bienal fue destacar el papel de esta disciplina en la mejora de la calidad de vida a trav\u00e9s de propuestas responsables"},{"@type":"BreadcrumbList","@id":"https:\/\/centrourbano.com\/revista\/arquitectura-2\/ganadores-bienal-arquitectura-paisaje\/#breadcrumb","itemListElement":[{"@type":"ListItem","position":1,"name":"Portada","item":"https:\/\/centrourbano.com\/revista\/"},{"@type":"ListItem","position":2,"name":"Anuncian ganadores de la VI Bienal de Arquitectura de Paisaje"}]},{"@type":"WebSite","@id":"https:\/\/centrourbano.com\/revista\/#website","url":"https:\/\/centrourbano.com\/revista\/","name":"Centro Urbano","description":"Medio especializado en los sectores vivienda, inmobiliario, construcci\u00f3n, arquitectura y urbanismo.","publisher":{"@id":"https:\/\/centrourbano.com\/revista\/#organization"},"potentialAction":[{"@type":"SearchAction","target":{"@type":"EntryPoint","urlTemplate":"https:\/\/centrourbano.com\/revista\/?s={search_term_string}"},"query-input":{"@type":"PropertyValueSpecification","valueRequired":true,"valueName":"search_term_string"}}],"inLanguage":"es"},{"@type":"Organization","@id":"https:\/\/centrourbano.com\/revista\/#organization","name":"Centro Urbano","url":"https:\/\/centrourbano.com\/revista\/","logo":{"@type":"ImageObject","inLanguage":"es","@id":"https:\/\/centrourbano.com\/revista\/#\/schema\/logo\/image\/","url":"https:\/\/centrourbano.com\/revista\/wp-content\/uploads\/web_CU_logo-1.png","contentUrl":"https:\/\/centrourbano.com\/revista\/wp-content\/uploads\/web_CU_logo-1.png","width":350,"height":91,"caption":"Centro Urbano"},"image":{"@id":"https:\/\/centrourbano.com\/revista\/#\/schema\/logo\/image\/"},"sameAs":["https:\/\/www.facebook.com\/portalcentrourbano","https:\/\/x.com\/CentroUrbano","https:\/\/www.instagram.com\/centro_urbano\/","https:\/\/www.linkedin.com\/company\/centro-urbano\/","http:\/\/www.youtube.com\/user\/portalcentrourbano"]},{"@type":"Person","@id":"https:\/\/centrourbano.com\/revista\/#\/schema\/person\/b190b20bbbceb41ec72278c546fa8df3","name":"Fernanda Hern\u00e1ndez","image":{"@type":"ImageObject","inLanguage":"es","@id":"https:\/\/secure.gravatar.com\/avatar\/9471831fb0a24eae9d32d826a7cb8ef07c34a41520aca1a0ab1f5c0903ba49b9?s=96&d=mm&r=g","url":"https:\/\/secure.gravatar.com\/avatar\/9471831fb0a24eae9d32d826a7cb8ef07c34a41520aca1a0ab1f5c0903ba49b9?s=96&d=mm&r=g","contentUrl":"https:\/\/secure.gravatar.com\/avatar\/9471831fb0a24eae9d32d826a7cb8ef07c34a41520aca1a0ab1f5c0903ba49b9?s=96&d=mm&r=g","caption":"Fernanda Hern\u00e1ndez"},"description":"Reportera y redactora en Centro Urbano. Soy egresada de la licenciatura en Ciencias de la Comunicaci\u00f3n de la Facultad de Ciencias Pol\u00edticas y Sociales (UNAM). Me interesa la cultura, el urbanismo y la arquitectura. Amante del mundo digital, el cine, la m\u00fasica, la lectura y la escritura.","sameAs":["https:\/\/x.com\/https:\/\/twitter.com\/Nannz_Hernandez"],"url":"https:\/\/centrourbano.com\/revista\/author\/fernanda-hernandez\/"}]}},"_links":{"self":[{"href":"https:\/\/centrourbano.com\/revista\/wp-json\/wp\/v2\/posts\/151372","targetHints":{"allow":["GET"]}}],"collection":[{"href":"https:\/\/centrourbano.com\/revista\/wp-json\/wp\/v2\/posts"}],"about":[{"href":"https:\/\/centrourbano.com\/revista\/wp-json\/wp\/v2\/types\/post"}],"author":[{"embeddable":true,"href":"https:\/\/centrourbano.com\/revista\/wp-json\/wp\/v2\/users\/73"}],"replies":[{"embeddable":true,"href":"https:\/\/centrourbano.com\/revista\/wp-json\/wp\/v2\/comments?post=151372"}],"version-history":[{"count":1,"href":"https:\/\/centrourbano.com\/revista\/wp-json\/wp\/v2\/posts\/151372\/revisions"}],"predecessor-version":[{"id":151378,"href":"https:\/\/centrourbano.com\/revista\/wp-json\/wp\/v2\/posts\/151372\/revisions\/151378"}],"wp:featuredmedia":[{"embeddable":true,"href":"https:\/\/centrourbano.com\/revista\/wp-json\/wp\/v2\/media\/151376"}],"wp:attachment":[{"href":"https:\/\/centrourbano.com\/revista\/wp-json\/wp\/v2\/media?parent=151372"}],"wp:term":[{"taxonomy":"category","embeddable":true,"href":"https:\/\/centrourbano.com\/revista\/wp-json\/wp\/v2\/categories?post=151372"},{"taxonomy":"post_tag","embeddable":true,"href":"https:\/\/centrourbano.com\/revista\/wp-json\/wp\/v2\/tags?post=151372"}],"curies":[{"name":"wp","href":"https:\/\/api.w.org\/{rel}","templated":true}]}}