{"id":151228,"date":"2024-10-15T09:00:55","date_gmt":"2024-10-15T15:00:55","guid":{"rendered":"https:\/\/centrourbano.com\/revista\/?p=151228"},"modified":"2024-10-14T23:06:35","modified_gmt":"2024-10-15T05:06:35","slug":"ruba-3t2024-crecimiento-ingresos","status":"publish","type":"post","link":"https:\/\/centrourbano.com\/revista\/vivienda\/ruba-3t2024-crecimiento-ingresos\/","title":{"rendered":"Ruba cierra el 3T2024 con crecimiento de 20% en sus ingresos"},"content":{"rendered":"<p><em>\u201cEn el marco de esta tendencia ascendente, observamos un escenario favorable para los pr\u00f3ximos seis a\u00f1os\u201d, asegur\u00f3 el director general de Ruba<\/em><!--more--><\/p>\n<p>En su reporte correspondiente al tercer trimestre del a\u00f1o (3T2024), presentado a la Bolsa Mexicana de Valores (BMV), la desarrolladora <strong>Ruba<\/strong> destac\u00f3 un crecimiento de 20.2% en sus <strong>ingresos<\/strong>, en comparaci\u00f3n con el mismo periodo del a\u00f1o anterior.<\/p>\n<p>Asimismo, la viviendera destac\u00f3 un aumento anual de 26.0% en la <strong>utilidad neta<\/strong>, con lo que mantuvo su tendencia positiva de 14 a\u00f1os en la mayor\u00eda de los indicadores.<\/p>\n<p>Adem\u00e1s, de enero a septiembre de 2024, <strong>Ruba<\/strong> logr\u00f3 escriturar un acumulado de <strong>7,425 viviendas<\/strong>, lo cual es 10.1% m\u00e1s que en el mismo periodo de 2023. En esta cifra, la vivienda de <strong>inter\u00e9s social<\/strong> creci\u00f3 0.2% en unidades y 17.8% en ingresos; mientras que los segmentos de <strong>vivienda media y residencial<\/strong> ganaron 18.3% en unidades y 20.8% en ingresos.<\/p>\n<p>De igual manera, en el desglose de las mezclas de unidades e ingresos, la viviendera registr\u00f3 que las viviendas escrituradas en el segmento de <strong>inter\u00e9s social<\/strong> representaron el 41%, lo que origin\u00f3 el 22% de los ingresos; mientras que los segmentos <strong>medio y residencial<\/strong>, con el 59% de las unidades, generaron el 78% de los ingresos.<\/p>\n<p>\u201cEn el marco de esta tendencia continuamente ascendente de la empresa, observamos un escenario de favorable expectativa para los pr\u00f3ximos seis a\u00f1os, tanto para la econom\u00eda nacional en su conjunto como para el sector espec\u00edfico de la vivienda\u201d, coment\u00f3 el <strong>director general de Ruba, <a href=\"https:\/\/centrourbano.com\/revista\/vivienda\/ruba-1s2024-viviendas-escrituradas\/\" target=\"_blank\" rel=\"noopener\">Jes\u00fas Sandoval Armenta<\/a><\/strong>.<\/p>\n<p>\u201cConsiderando, entre otros factores, las fortalezas del pa\u00eds, la apertura comercial y la fuerza del mercado interno con una s\u00f3lida demanda, en esa coyuntura habremos de mantener nuestras inversiones en materia de vivienda accesible, de calidad, en cada segmento y en especial en la vivienda de inter\u00e9s social\u201d, agreg\u00f3.<\/p>\n<p>Cabe mencionar que, actualmente, <strong>Ruba<\/strong> es considerada como una de las dos desarrolladoras de vivienda m\u00e1s importantes del pa\u00eds en t\u00e9rminos de ingresos, utilidad y rentabilidad.<\/p>\n<p>Lo anterior gracias a que, en sus 43 a\u00f1os de operaciones, ha escriturado m\u00e1s de 250,000 viviendas en 16 plazas de 12 estados de la rep\u00fablica; adem\u00e1s de que produce cerca de10,000 unidades anualmente.<\/p>\n","protected":false},"excerpt":{"rendered":"<p>\u201cEn el marco de esta tendencia ascendente, observamos un escenario favorable para los pr\u00f3ximos seis a\u00f1os\u201d, asegur\u00f3 el director general de Ruba<\/p>\n","protected":false},"author":73,"featured_media":151229,"comment_status":"open","ping_status":"closed","sticky":false,"template":"","format":"standard","meta":{"om_disable_all_campaigns":false,"inline_featured_image":false,"_monsterinsights_skip_tracking":false,"_monsterinsights_sitenote_active":false,"_monsterinsights_sitenote_note":"","_monsterinsights_sitenote_category":0,"footnotes":""},"categories":[12],"tags":[24665,407,2561,10040,578,60],"class_list":["post-151228","post","type-post","status-publish","format-standard","has-post-thumbnail","hentry","category-vivienda","tag-3t2024","tag-bmv","tag-ingresos","tag-resultados","tag-ruba","tag-vivienda-2"],"yoast_head":"<!-- This site is optimized with the Yoast SEO plugin v27.5 - https:\/\/yoast.com\/product\/yoast-seo-wordpress\/ -->\n<title>Ruba cierra el 3T2024 con crecimiento de 20% en sus ingresos<\/title>\n<meta name=\"description\" content=\"\u201cEn el marco de esta tendencia ascendente, observamos un escenario favorable para los pr\u00f3ximos seis a\u00f1os\u201d, asegur\u00f3 el director de Ruba\" \/>\n<meta name=\"robots\" content=\"index, follow, max-snippet:-1, max-image-preview:large, max-video-preview:-1\" \/>\n<link rel=\"canonical\" href=\"https:\/\/centrourbano.com\/revista\/vivienda\/ruba-3t2024-crecimiento-ingresos\/\" \/>\n<meta property=\"og:locale\" content=\"es_ES\" \/>\n<meta property=\"og:type\" content=\"article\" \/>\n<meta property=\"og:title\" content=\"Ruba cierra el 3T2024 con crecimiento de 20% en sus ingresos\" \/>\n<meta property=\"og:description\" content=\"\u201cEn el marco de esta tendencia ascendente, observamos un escenario favorable para los pr\u00f3ximos seis a\u00f1os\u201d, asegur\u00f3 el director de Ruba\" \/>\n<meta property=\"og:url\" content=\"https:\/\/centrourbano.com\/revista\/vivienda\/ruba-3t2024-crecimiento-ingresos\/\" \/>\n<meta property=\"og:site_name\" content=\"Centro Urbano\" \/>\n<meta property=\"article:publisher\" content=\"https:\/\/www.facebook.com\/portalcentrourbano\" \/>\n<meta property=\"article:published_time\" content=\"2024-10-15T15:00:55+00:00\" \/>\n<meta property=\"og:image\" content=\"https:\/\/centrourbano.com\/revista\/wp-content\/uploads\/Ruba-cierra-el-3T2024-con-crecimiento-de-20_-en-sus-ingresos.jpg\" \/>\n\t<meta property=\"og:image:width\" content=\"700\" \/>\n\t<meta property=\"og:image:height\" content=\"600\" \/>\n\t<meta property=\"og:image:type\" content=\"image\/jpeg\" \/>\n<meta name=\"author\" content=\"Fernanda Hern\u00e1ndez\" \/>\n<meta name=\"twitter:card\" content=\"summary_large_image\" \/>\n<meta name=\"twitter:creator\" content=\"@https:\/\/twitter.com\/Nannz_Hernandez\" \/>\n<meta name=\"twitter:site\" content=\"@CentroUrbano\" \/>\n<meta name=\"twitter:label1\" content=\"Escrito por\" \/>\n\t<meta name=\"twitter:data1\" content=\"Fernanda Hern\u00e1ndez\" \/>\n\t<meta name=\"twitter:label2\" content=\"Tiempo de lectura\" \/>\n\t<meta name=\"twitter:data2\" content=\"2 minutos\" \/>\n<script type=\"application\/ld+json\" class=\"yoast-schema-graph\">{\"@context\":\"https:\\\/\\\/schema.org\",\"@graph\":[{\"@type\":\"Article\",\"@id\":\"https:\\\/\\\/centrourbano.com\\\/revista\\\/vivienda\\\/ruba-3t2024-crecimiento-ingresos\\\/#article\",\"isPartOf\":{\"@id\":\"https:\\\/\\\/centrourbano.com\\\/revista\\\/vivienda\\\/ruba-3t2024-crecimiento-ingresos\\\/\"},\"author\":{\"name\":\"Fernanda Hern\u00e1ndez\",\"@id\":\"https:\\\/\\\/centrourbano.com\\\/revista\\\/#\\\/schema\\\/person\\\/b190b20bbbceb41ec72278c546fa8df3\"},\"headline\":\"Ruba cierra el 3T2024 con crecimiento de 20% en sus ingresos\",\"datePublished\":\"2024-10-15T15:00:55+00:00\",\"mainEntityOfPage\":{\"@id\":\"https:\\\/\\\/centrourbano.com\\\/revista\\\/vivienda\\\/ruba-3t2024-crecimiento-ingresos\\\/\"},\"wordCount\":378,\"commentCount\":0,\"publisher\":{\"@id\":\"https:\\\/\\\/centrourbano.com\\\/revista\\\/#organization\"},\"image\":{\"@id\":\"https:\\\/\\\/centrourbano.com\\\/revista\\\/vivienda\\\/ruba-3t2024-crecimiento-ingresos\\\/#primaryimage\"},\"thumbnailUrl\":\"https:\\\/\\\/centrourbano.com\\\/revista\\\/wp-content\\\/uploads\\\/Ruba-cierra-el-3T2024-con-crecimiento-de-20_-en-sus-ingresos.jpg\",\"keywords\":[\"3T2024\",\"BMV\",\"ingresos\",\"resultados\",\"Ruba\",\"vivienda\"],\"articleSection\":[\"Vivienda\"],\"inLanguage\":\"es\",\"potentialAction\":[{\"@type\":\"CommentAction\",\"name\":\"Comment\",\"target\":[\"https:\\\/\\\/centrourbano.com\\\/revista\\\/vivienda\\\/ruba-3t2024-crecimiento-ingresos\\\/#respond\"]}]},{\"@type\":\"WebPage\",\"@id\":\"https:\\\/\\\/centrourbano.com\\\/revista\\\/vivienda\\\/ruba-3t2024-crecimiento-ingresos\\\/\",\"url\":\"https:\\\/\\\/centrourbano.com\\\/revista\\\/vivienda\\\/ruba-3t2024-crecimiento-ingresos\\\/\",\"name\":\"Ruba cierra el 3T2024 con crecimiento de 20% en sus ingresos\",\"isPartOf\":{\"@id\":\"https:\\\/\\\/centrourbano.com\\\/revista\\\/#website\"},\"primaryImageOfPage\":{\"@id\":\"https:\\\/\\\/centrourbano.com\\\/revista\\\/vivienda\\\/ruba-3t2024-crecimiento-ingresos\\\/#primaryimage\"},\"image\":{\"@id\":\"https:\\\/\\\/centrourbano.com\\\/revista\\\/vivienda\\\/ruba-3t2024-crecimiento-ingresos\\\/#primaryimage\"},\"thumbnailUrl\":\"https:\\\/\\\/centrourbano.com\\\/revista\\\/wp-content\\\/uploads\\\/Ruba-cierra-el-3T2024-con-crecimiento-de-20_-en-sus-ingresos.jpg\",\"datePublished\":\"2024-10-15T15:00:55+00:00\",\"description\":\"\u201cEn el marco de esta tendencia ascendente, observamos un escenario favorable para los pr\u00f3ximos seis a\u00f1os\u201d, asegur\u00f3 el director de Ruba\",\"breadcrumb\":{\"@id\":\"https:\\\/\\\/centrourbano.com\\\/revista\\\/vivienda\\\/ruba-3t2024-crecimiento-ingresos\\\/#breadcrumb\"},\"inLanguage\":\"es\",\"potentialAction\":[{\"@type\":\"ReadAction\",\"target\":[\"https:\\\/\\\/centrourbano.com\\\/revista\\\/vivienda\\\/ruba-3t2024-crecimiento-ingresos\\\/\"]}]},{\"@type\":\"ImageObject\",\"inLanguage\":\"es\",\"@id\":\"https:\\\/\\\/centrourbano.com\\\/revista\\\/vivienda\\\/ruba-3t2024-crecimiento-ingresos\\\/#primaryimage\",\"url\":\"https:\\\/\\\/centrourbano.com\\\/revista\\\/wp-content\\\/uploads\\\/Ruba-cierra-el-3T2024-con-crecimiento-de-20_-en-sus-ingresos.jpg\",\"contentUrl\":\"https:\\\/\\\/centrourbano.com\\\/revista\\\/wp-content\\\/uploads\\\/Ruba-cierra-el-3T2024-con-crecimiento-de-20_-en-sus-ingresos.jpg\",\"width\":700,\"height\":600,\"caption\":\"\u201cEn el marco de esta tendencia ascendente, observamos un escenario favorable para los pr\u00f3ximos seis a\u00f1os\u201d, asegur\u00f3 el director general de Ruba\"},{\"@type\":\"BreadcrumbList\",\"@id\":\"https:\\\/\\\/centrourbano.com\\\/revista\\\/vivienda\\\/ruba-3t2024-crecimiento-ingresos\\\/#breadcrumb\",\"itemListElement\":[{\"@type\":\"ListItem\",\"position\":1,\"name\":\"Portada\",\"item\":\"https:\\\/\\\/centrourbano.com\\\/revista\\\/\"},{\"@type\":\"ListItem\",\"position\":2,\"name\":\"Ruba cierra el 3T2024 con crecimiento de 20% en sus ingresos\"}]},{\"@type\":\"WebSite\",\"@id\":\"https:\\\/\\\/centrourbano.com\\\/revista\\\/#website\",\"url\":\"https:\\\/\\\/centrourbano.com\\\/revista\\\/\",\"name\":\"Centro Urbano\",\"description\":\"Medio especializado en los sectores vivienda, inmobiliario, construcci\u00f3n, arquitectura y urbanismo.\",\"publisher\":{\"@id\":\"https:\\\/\\\/centrourbano.com\\\/revista\\\/#organization\"},\"potentialAction\":[{\"@type\":\"SearchAction\",\"target\":{\"@type\":\"EntryPoint\",\"urlTemplate\":\"https:\\\/\\\/centrourbano.com\\\/revista\\\/?s={search_term_string}\"},\"query-input\":{\"@type\":\"PropertyValueSpecification\",\"valueRequired\":true,\"valueName\":\"search_term_string\"}}],\"inLanguage\":\"es\"},{\"@type\":\"Organization\",\"@id\":\"https:\\\/\\\/centrourbano.com\\\/revista\\\/#organization\",\"name\":\"Centro Urbano\",\"url\":\"https:\\\/\\\/centrourbano.com\\\/revista\\\/\",\"logo\":{\"@type\":\"ImageObject\",\"inLanguage\":\"es\",\"@id\":\"https:\\\/\\\/centrourbano.com\\\/revista\\\/#\\\/schema\\\/logo\\\/image\\\/\",\"url\":\"https:\\\/\\\/centrourbano.com\\\/revista\\\/wp-content\\\/uploads\\\/web_CU_logo-1.png\",\"contentUrl\":\"https:\\\/\\\/centrourbano.com\\\/revista\\\/wp-content\\\/uploads\\\/web_CU_logo-1.png\",\"width\":350,\"height\":91,\"caption\":\"Centro Urbano\"},\"image\":{\"@id\":\"https:\\\/\\\/centrourbano.com\\\/revista\\\/#\\\/schema\\\/logo\\\/image\\\/\"},\"sameAs\":[\"https:\\\/\\\/www.facebook.com\\\/portalcentrourbano\",\"https:\\\/\\\/x.com\\\/CentroUrbano\",\"https:\\\/\\\/www.instagram.com\\\/centro_urbano\\\/\",\"https:\\\/\\\/www.linkedin.com\\\/company\\\/centro-urbano\\\/\",\"http:\\\/\\\/www.youtube.com\\\/user\\\/portalcentrourbano\"]},{\"@type\":\"Person\",\"@id\":\"https:\\\/\\\/centrourbano.com\\\/revista\\\/#\\\/schema\\\/person\\\/b190b20bbbceb41ec72278c546fa8df3\",\"name\":\"Fernanda Hern\u00e1ndez\",\"image\":{\"@type\":\"ImageObject\",\"inLanguage\":\"es\",\"@id\":\"https:\\\/\\\/secure.gravatar.com\\\/avatar\\\/9471831fb0a24eae9d32d826a7cb8ef07c34a41520aca1a0ab1f5c0903ba49b9?s=96&d=mm&r=g\",\"url\":\"https:\\\/\\\/secure.gravatar.com\\\/avatar\\\/9471831fb0a24eae9d32d826a7cb8ef07c34a41520aca1a0ab1f5c0903ba49b9?s=96&d=mm&r=g\",\"contentUrl\":\"https:\\\/\\\/secure.gravatar.com\\\/avatar\\\/9471831fb0a24eae9d32d826a7cb8ef07c34a41520aca1a0ab1f5c0903ba49b9?s=96&d=mm&r=g\",\"caption\":\"Fernanda Hern\u00e1ndez\"},\"description\":\"Reportera y redactora en Centro Urbano. Soy egresada de la licenciatura en Ciencias de la Comunicaci\u00f3n de la Facultad de Ciencias Pol\u00edticas y Sociales (UNAM). Me interesa la cultura, el urbanismo y la arquitectura. Amante del mundo digital, el cine, la m\u00fasica, la lectura y la escritura.\",\"sameAs\":[\"https:\\\/\\\/x.com\\\/https:\\\/\\\/twitter.com\\\/Nannz_Hernandez\"],\"url\":\"https:\\\/\\\/centrourbano.com\\\/revista\\\/author\\\/fernanda-hernandez\\\/\"}]}<\/script>\n<!-- \/ Yoast SEO plugin. -->","yoast_head_json":{"title":"Ruba cierra el 3T2024 con crecimiento de 20% en sus ingresos","description":"\u201cEn el marco de esta tendencia ascendente, observamos un escenario favorable para los pr\u00f3ximos seis a\u00f1os\u201d, asegur\u00f3 el director de Ruba","robots":{"index":"index","follow":"follow","max-snippet":"max-snippet:-1","max-image-preview":"max-image-preview:large","max-video-preview":"max-video-preview:-1"},"canonical":"https:\/\/centrourbano.com\/revista\/vivienda\/ruba-3t2024-crecimiento-ingresos\/","og_locale":"es_ES","og_type":"article","og_title":"Ruba cierra el 3T2024 con crecimiento de 20% en sus ingresos","og_description":"\u201cEn el marco de esta tendencia ascendente, observamos un escenario favorable para los pr\u00f3ximos seis a\u00f1os\u201d, asegur\u00f3 el director de Ruba","og_url":"https:\/\/centrourbano.com\/revista\/vivienda\/ruba-3t2024-crecimiento-ingresos\/","og_site_name":"Centro Urbano","article_publisher":"https:\/\/www.facebook.com\/portalcentrourbano","article_published_time":"2024-10-15T15:00:55+00:00","og_image":[{"width":700,"height":600,"url":"https:\/\/centrourbano.com\/revista\/wp-content\/uploads\/Ruba-cierra-el-3T2024-con-crecimiento-de-20_-en-sus-ingresos.jpg","type":"image\/jpeg"}],"author":"Fernanda Hern\u00e1ndez","twitter_card":"summary_large_image","twitter_creator":"@https:\/\/twitter.com\/Nannz_Hernandez","twitter_site":"@CentroUrbano","twitter_misc":{"Escrito por":"Fernanda Hern\u00e1ndez","Tiempo de lectura":"2 minutos"},"schema":{"@context":"https:\/\/schema.org","@graph":[{"@type":"Article","@id":"https:\/\/centrourbano.com\/revista\/vivienda\/ruba-3t2024-crecimiento-ingresos\/#article","isPartOf":{"@id":"https:\/\/centrourbano.com\/revista\/vivienda\/ruba-3t2024-crecimiento-ingresos\/"},"author":{"name":"Fernanda Hern\u00e1ndez","@id":"https:\/\/centrourbano.com\/revista\/#\/schema\/person\/b190b20bbbceb41ec72278c546fa8df3"},"headline":"Ruba cierra el 3T2024 con crecimiento de 20% en sus ingresos","datePublished":"2024-10-15T15:00:55+00:00","mainEntityOfPage":{"@id":"https:\/\/centrourbano.com\/revista\/vivienda\/ruba-3t2024-crecimiento-ingresos\/"},"wordCount":378,"commentCount":0,"publisher":{"@id":"https:\/\/centrourbano.com\/revista\/#organization"},"image":{"@id":"https:\/\/centrourbano.com\/revista\/vivienda\/ruba-3t2024-crecimiento-ingresos\/#primaryimage"},"thumbnailUrl":"https:\/\/centrourbano.com\/revista\/wp-content\/uploads\/Ruba-cierra-el-3T2024-con-crecimiento-de-20_-en-sus-ingresos.jpg","keywords":["3T2024","BMV","ingresos","resultados","Ruba","vivienda"],"articleSection":["Vivienda"],"inLanguage":"es","potentialAction":[{"@type":"CommentAction","name":"Comment","target":["https:\/\/centrourbano.com\/revista\/vivienda\/ruba-3t2024-crecimiento-ingresos\/#respond"]}]},{"@type":"WebPage","@id":"https:\/\/centrourbano.com\/revista\/vivienda\/ruba-3t2024-crecimiento-ingresos\/","url":"https:\/\/centrourbano.com\/revista\/vivienda\/ruba-3t2024-crecimiento-ingresos\/","name":"Ruba cierra el 3T2024 con crecimiento de 20% en sus ingresos","isPartOf":{"@id":"https:\/\/centrourbano.com\/revista\/#website"},"primaryImageOfPage":{"@id":"https:\/\/centrourbano.com\/revista\/vivienda\/ruba-3t2024-crecimiento-ingresos\/#primaryimage"},"image":{"@id":"https:\/\/centrourbano.com\/revista\/vivienda\/ruba-3t2024-crecimiento-ingresos\/#primaryimage"},"thumbnailUrl":"https:\/\/centrourbano.com\/revista\/wp-content\/uploads\/Ruba-cierra-el-3T2024-con-crecimiento-de-20_-en-sus-ingresos.jpg","datePublished":"2024-10-15T15:00:55+00:00","description":"\u201cEn el marco de esta tendencia ascendente, observamos un escenario favorable para los pr\u00f3ximos seis a\u00f1os\u201d, asegur\u00f3 el director de Ruba","breadcrumb":{"@id":"https:\/\/centrourbano.com\/revista\/vivienda\/ruba-3t2024-crecimiento-ingresos\/#breadcrumb"},"inLanguage":"es","potentialAction":[{"@type":"ReadAction","target":["https:\/\/centrourbano.com\/revista\/vivienda\/ruba-3t2024-crecimiento-ingresos\/"]}]},{"@type":"ImageObject","inLanguage":"es","@id":"https:\/\/centrourbano.com\/revista\/vivienda\/ruba-3t2024-crecimiento-ingresos\/#primaryimage","url":"https:\/\/centrourbano.com\/revista\/wp-content\/uploads\/Ruba-cierra-el-3T2024-con-crecimiento-de-20_-en-sus-ingresos.jpg","contentUrl":"https:\/\/centrourbano.com\/revista\/wp-content\/uploads\/Ruba-cierra-el-3T2024-con-crecimiento-de-20_-en-sus-ingresos.jpg","width":700,"height":600,"caption":"\u201cEn el marco de esta tendencia ascendente, observamos un escenario favorable para los pr\u00f3ximos seis a\u00f1os\u201d, asegur\u00f3 el director general de Ruba"},{"@type":"BreadcrumbList","@id":"https:\/\/centrourbano.com\/revista\/vivienda\/ruba-3t2024-crecimiento-ingresos\/#breadcrumb","itemListElement":[{"@type":"ListItem","position":1,"name":"Portada","item":"https:\/\/centrourbano.com\/revista\/"},{"@type":"ListItem","position":2,"name":"Ruba cierra el 3T2024 con crecimiento de 20% en sus ingresos"}]},{"@type":"WebSite","@id":"https:\/\/centrourbano.com\/revista\/#website","url":"https:\/\/centrourbano.com\/revista\/","name":"Centro Urbano","description":"Medio especializado en los sectores vivienda, inmobiliario, construcci\u00f3n, arquitectura y urbanismo.","publisher":{"@id":"https:\/\/centrourbano.com\/revista\/#organization"},"potentialAction":[{"@type":"SearchAction","target":{"@type":"EntryPoint","urlTemplate":"https:\/\/centrourbano.com\/revista\/?s={search_term_string}"},"query-input":{"@type":"PropertyValueSpecification","valueRequired":true,"valueName":"search_term_string"}}],"inLanguage":"es"},{"@type":"Organization","@id":"https:\/\/centrourbano.com\/revista\/#organization","name":"Centro Urbano","url":"https:\/\/centrourbano.com\/revista\/","logo":{"@type":"ImageObject","inLanguage":"es","@id":"https:\/\/centrourbano.com\/revista\/#\/schema\/logo\/image\/","url":"https:\/\/centrourbano.com\/revista\/wp-content\/uploads\/web_CU_logo-1.png","contentUrl":"https:\/\/centrourbano.com\/revista\/wp-content\/uploads\/web_CU_logo-1.png","width":350,"height":91,"caption":"Centro Urbano"},"image":{"@id":"https:\/\/centrourbano.com\/revista\/#\/schema\/logo\/image\/"},"sameAs":["https:\/\/www.facebook.com\/portalcentrourbano","https:\/\/x.com\/CentroUrbano","https:\/\/www.instagram.com\/centro_urbano\/","https:\/\/www.linkedin.com\/company\/centro-urbano\/","http:\/\/www.youtube.com\/user\/portalcentrourbano"]},{"@type":"Person","@id":"https:\/\/centrourbano.com\/revista\/#\/schema\/person\/b190b20bbbceb41ec72278c546fa8df3","name":"Fernanda Hern\u00e1ndez","image":{"@type":"ImageObject","inLanguage":"es","@id":"https:\/\/secure.gravatar.com\/avatar\/9471831fb0a24eae9d32d826a7cb8ef07c34a41520aca1a0ab1f5c0903ba49b9?s=96&d=mm&r=g","url":"https:\/\/secure.gravatar.com\/avatar\/9471831fb0a24eae9d32d826a7cb8ef07c34a41520aca1a0ab1f5c0903ba49b9?s=96&d=mm&r=g","contentUrl":"https:\/\/secure.gravatar.com\/avatar\/9471831fb0a24eae9d32d826a7cb8ef07c34a41520aca1a0ab1f5c0903ba49b9?s=96&d=mm&r=g","caption":"Fernanda Hern\u00e1ndez"},"description":"Reportera y redactora en Centro Urbano. Soy egresada de la licenciatura en Ciencias de la Comunicaci\u00f3n de la Facultad de Ciencias Pol\u00edticas y Sociales (UNAM). Me interesa la cultura, el urbanismo y la arquitectura. Amante del mundo digital, el cine, la m\u00fasica, la lectura y la escritura.","sameAs":["https:\/\/x.com\/https:\/\/twitter.com\/Nannz_Hernandez"],"url":"https:\/\/centrourbano.com\/revista\/author\/fernanda-hernandez\/"}]}},"_links":{"self":[{"href":"https:\/\/centrourbano.com\/revista\/wp-json\/wp\/v2\/posts\/151228","targetHints":{"allow":["GET"]}}],"collection":[{"href":"https:\/\/centrourbano.com\/revista\/wp-json\/wp\/v2\/posts"}],"about":[{"href":"https:\/\/centrourbano.com\/revista\/wp-json\/wp\/v2\/types\/post"}],"author":[{"embeddable":true,"href":"https:\/\/centrourbano.com\/revista\/wp-json\/wp\/v2\/users\/73"}],"replies":[{"embeddable":true,"href":"https:\/\/centrourbano.com\/revista\/wp-json\/wp\/v2\/comments?post=151228"}],"version-history":[{"count":1,"href":"https:\/\/centrourbano.com\/revista\/wp-json\/wp\/v2\/posts\/151228\/revisions"}],"predecessor-version":[{"id":151230,"href":"https:\/\/centrourbano.com\/revista\/wp-json\/wp\/v2\/posts\/151228\/revisions\/151230"}],"wp:featuredmedia":[{"embeddable":true,"href":"https:\/\/centrourbano.com\/revista\/wp-json\/wp\/v2\/media\/151229"}],"wp:attachment":[{"href":"https:\/\/centrourbano.com\/revista\/wp-json\/wp\/v2\/media?parent=151228"}],"wp:term":[{"taxonomy":"category","embeddable":true,"href":"https:\/\/centrourbano.com\/revista\/wp-json\/wp\/v2\/categories?post=151228"},{"taxonomy":"post_tag","embeddable":true,"href":"https:\/\/centrourbano.com\/revista\/wp-json\/wp\/v2\/tags?post=151228"}],"curies":[{"name":"wp","href":"https:\/\/api.w.org\/{rel}","templated":true}]}}