{"id":151173,"date":"2024-10-11T17:28:03","date_gmt":"2024-10-11T23:28:03","guid":{"rendered":"https:\/\/centrourbano.com\/revista\/?p=151173"},"modified":"2024-10-11T18:28:29","modified_gmt":"2024-10-12T00:28:29","slug":"nuevo-leon-logros-movilidad","status":"publish","type":"post","link":"https:\/\/centrourbano.com\/revista\/urbanismo\/nuevo-leon-logros-movilidad\/","title":{"rendered":"Destaca Nuevo Le\u00f3n logros en materia de movilidad"},"content":{"rendered":"<p><em>El secretario de Movilidad de Nuevo Le\u00f3n resalt\u00f3 la construcci\u00f3n de carreteras, ampliaci\u00f3n de rutas de Transmetro y arranque de obras en el Metro<\/em><!--more--><\/p>\n<p>El <a href=\"https:\/\/centrourbano.com\/revista\/urbanismo\/tren-pasajeros-nuevo-leon-texas\/\" target=\"_blank\" rel=\"noopener\"><strong>Gobierno de Nuevo Le\u00f3n<\/strong><\/a>, a trav\u00e9s de la <strong>Secretar\u00eda de Movilidad y Planeaci\u00f3n Urbana<\/strong>, destac\u00f3 que, en los primeros tres a\u00f1os de la presente administraci\u00f3n, ha avanzado en la construcci\u00f3n y mejora de la <strong>movilidad<\/strong> en el estado.<\/p>\n<p>En conferencia de prensa, <strong>Hern\u00e1n Villarreal Rodr\u00edguez, secretario de Movilidad de Nuevo Le\u00f3n<\/strong>, resalt\u00f3 los avances en infraestructura vial, la ampliaci\u00f3n de rutas de transporte y de las l\u00edneas del Metro y asegur\u00f3 que las obras proyectadas quedar\u00e1n listas antes de que termine esta administraci\u00f3n.<\/p>\n<p>\u201cEn estos primeros tres a\u00f1os de la actual administraci\u00f3n, desde que entramos nos pusimos a trabajar con la intenci\u00f3n de mejorar todas las formas en que nos movemos. Seguiremos trabajando para terminar todas nuestras obras y como lo prometimos toda obra que comencemos nuestra intenci\u00f3n es terminarla durante la actual administraci\u00f3n\u201d, se\u00f1al\u00f3.<\/p>\n<p>En ese sentido, el funcionario record\u00f3 que, recientemente, se inaugur\u00f3 la <strong>carretera La Gloria-Colombia<\/strong> que conecta la autopista Laredo con la Aduana; adem\u00e1s, actualmente se trabaja en la <strong>Carretera Interserrana<\/strong> para conectar el norte con el sur de Nuevo Le\u00f3n, ambas con el fin de apoyar e impulsar las inversiones del <strong>nearshoring<\/strong>.<\/p>\n<p>\u201cQue Nuevo Le\u00f3n est\u00e9 listo para recibir la mitad del nearshoring que viene a Latinoam\u00e9rica. Trabajamos para construir una <strong>infraestructura de primer nivel<\/strong> que nos permitir\u00e1 trabajar y apoyar todas las inversiones de nearshoring, todo lo que viene del centro del pa\u00eds y que ahora pasar\u00e1 por el estado de Nuevo Le\u00f3n para conectarse con Texas\u201d, agreg\u00f3 Villarreal.<\/p>\n<p>Asimismo, detall\u00f3 otras obras como la renovaci\u00f3n de la <strong>carretera estatal 001 Norte<\/strong>, de la cual ya se entreg\u00f3 la primera etapa.<\/p>\n<p>Con respecto al transporte, el funcionario destac\u00f3 la construcci\u00f3n de las nuevas <strong>l\u00edneas 4 y 6 del Metro<\/strong>, que conectar\u00e1n los municipios de Monterrey, Guadalupe y Apodaca, Santa Catarina con una flota de 13 trenes con capacidad para 720 personas.<\/p>\n<p>De igual manera, inform\u00f3 que est\u00e1n por llegar nuevos trenes para la <strong>L\u00ednea 1 del Metro<\/strong> y ya entraron en circulaci\u00f3n cuatro trenes dobles articulados, climatizados, con c\u00e1maras de seguridad y con Wi-Fi; adem\u00e1s de que se trabaja en la fabricaci\u00f3n de 18 trenes m\u00e1s.<\/p>\n<p>Finalmente, mencion\u00f3 la ampliaci\u00f3n de la <strong>red de Transmetro<\/strong>, que triplicar\u00e1 la red de rutas, de 10 a 32, con 310 autobuses de bajas emisiones; as\u00ed como la implementaci\u00f3n del pago electr\u00f3nico.<\/p>\n","protected":false},"excerpt":{"rendered":"<p>El secretario de Movilidad de Nuevo Le\u00f3n resalt\u00f3 la construcci\u00f3n de carreteras, ampliaci\u00f3n de rutas de Transmetro y arranque de obras en el Metro<\/p>\n","protected":false},"author":73,"featured_media":151174,"comment_status":"open","ping_status":"closed","sticky":false,"template":"","format":"standard","meta":{"om_disable_all_campaigns":false,"inline_featured_image":false,"_monsterinsights_skip_tracking":false,"_monsterinsights_sitenote_active":false,"_monsterinsights_sitenote_note":"","_monsterinsights_sitenote_category":0,"footnotes":""},"categories":[82],"tags":[310,21992,487,23594,39],"class_list":["post-151173","post","type-post","status-publish","format-standard","has-post-thumbnail","hentry","category-urbanismo","tag-carreteras","tag-gobierno-de-nuevo-leon","tag-movilidad","tag-secretaria-de-movilidad-y-planeacion-urbana","tag-transporte"],"yoast_head":"<!-- This site is optimized with the Yoast SEO plugin v27.4 - https:\/\/yoast.com\/product\/yoast-seo-wordpress\/ -->\n<title>Destaca Nuevo Le\u00f3n logros en materia de movilidad<\/title>\n<meta name=\"description\" content=\"El secretario de Movilidad de Nuevo Le\u00f3n resalt\u00f3 la construcci\u00f3n de carreteras, ampliaci\u00f3n de rutas y arranque de obras en el Metro\" \/>\n<meta name=\"robots\" content=\"index, follow, max-snippet:-1, max-image-preview:large, max-video-preview:-1\" \/>\n<link rel=\"canonical\" href=\"https:\/\/centrourbano.com\/revista\/urbanismo\/nuevo-leon-logros-movilidad\/\" \/>\n<meta property=\"og:locale\" content=\"es_ES\" \/>\n<meta property=\"og:type\" content=\"article\" \/>\n<meta property=\"og:title\" content=\"Destaca Nuevo Le\u00f3n logros en materia de movilidad\" \/>\n<meta property=\"og:description\" content=\"El secretario de Movilidad de Nuevo Le\u00f3n resalt\u00f3 la construcci\u00f3n de carreteras, ampliaci\u00f3n de rutas y arranque de obras en el Metro\" \/>\n<meta property=\"og:url\" content=\"https:\/\/centrourbano.com\/revista\/urbanismo\/nuevo-leon-logros-movilidad\/\" \/>\n<meta property=\"og:site_name\" content=\"Centro Urbano\" \/>\n<meta property=\"article:publisher\" content=\"https:\/\/www.facebook.com\/portalcentrourbano\" \/>\n<meta property=\"article:published_time\" content=\"2024-10-11T23:28:03+00:00\" \/>\n<meta property=\"article:modified_time\" content=\"2024-10-12T00:28:29+00:00\" \/>\n<meta property=\"og:image\" content=\"https:\/\/centrourbano.com\/revista\/wp-content\/uploads\/Destaca-Nuevo-Leo\u0301n-logros-en-materia-de-movilidad.png\" \/>\n\t<meta property=\"og:image:width\" content=\"1280\" \/>\n\t<meta property=\"og:image:height\" content=\"1180\" \/>\n\t<meta property=\"og:image:type\" content=\"image\/png\" \/>\n<meta name=\"author\" content=\"Fernanda Hern\u00e1ndez\" \/>\n<meta name=\"twitter:card\" content=\"summary_large_image\" \/>\n<meta name=\"twitter:creator\" content=\"@https:\/\/twitter.com\/Nannz_Hernandez\" \/>\n<meta name=\"twitter:site\" content=\"@CentroUrbano\" \/>\n<meta name=\"twitter:label1\" content=\"Escrito por\" \/>\n\t<meta name=\"twitter:data1\" content=\"Fernanda Hern\u00e1ndez\" \/>\n\t<meta name=\"twitter:label2\" content=\"Tiempo de lectura\" \/>\n\t<meta name=\"twitter:data2\" content=\"3 minutos\" \/>\n<script type=\"application\/ld+json\" class=\"yoast-schema-graph\">{\"@context\":\"https:\\\/\\\/schema.org\",\"@graph\":[{\"@type\":\"Article\",\"@id\":\"https:\\\/\\\/centrourbano.com\\\/revista\\\/urbanismo\\\/nuevo-leon-logros-movilidad\\\/#article\",\"isPartOf\":{\"@id\":\"https:\\\/\\\/centrourbano.com\\\/revista\\\/urbanismo\\\/nuevo-leon-logros-movilidad\\\/\"},\"author\":{\"name\":\"Fernanda Hern\u00e1ndez\",\"@id\":\"https:\\\/\\\/centrourbano.com\\\/revista\\\/#\\\/schema\\\/person\\\/b190b20bbbceb41ec72278c546fa8df3\"},\"headline\":\"Destaca Nuevo Le\u00f3n logros en materia de movilidad\",\"datePublished\":\"2024-10-11T23:28:03+00:00\",\"dateModified\":\"2024-10-12T00:28:29+00:00\",\"mainEntityOfPage\":{\"@id\":\"https:\\\/\\\/centrourbano.com\\\/revista\\\/urbanismo\\\/nuevo-leon-logros-movilidad\\\/\"},\"wordCount\":451,\"commentCount\":0,\"publisher\":{\"@id\":\"https:\\\/\\\/centrourbano.com\\\/revista\\\/#organization\"},\"image\":{\"@id\":\"https:\\\/\\\/centrourbano.com\\\/revista\\\/urbanismo\\\/nuevo-leon-logros-movilidad\\\/#primaryimage\"},\"thumbnailUrl\":\"https:\\\/\\\/centrourbano.com\\\/revista\\\/wp-content\\\/uploads\\\/Destaca-Nuevo-Leo\u0301n-logros-en-materia-de-movilidad.png\",\"keywords\":[\"carreteras\",\"Gobierno de Nuevo Le\u00f3n\",\"movilidad\",\"Secretar\u00eda de Movilidad y Planeaci\u00f3n Urbana\",\"transporte\"],\"articleSection\":[\"Urbanismo\"],\"inLanguage\":\"es\",\"potentialAction\":[{\"@type\":\"CommentAction\",\"name\":\"Comment\",\"target\":[\"https:\\\/\\\/centrourbano.com\\\/revista\\\/urbanismo\\\/nuevo-leon-logros-movilidad\\\/#respond\"]}]},{\"@type\":\"WebPage\",\"@id\":\"https:\\\/\\\/centrourbano.com\\\/revista\\\/urbanismo\\\/nuevo-leon-logros-movilidad\\\/\",\"url\":\"https:\\\/\\\/centrourbano.com\\\/revista\\\/urbanismo\\\/nuevo-leon-logros-movilidad\\\/\",\"name\":\"Destaca Nuevo Le\u00f3n logros en materia de movilidad\",\"isPartOf\":{\"@id\":\"https:\\\/\\\/centrourbano.com\\\/revista\\\/#website\"},\"primaryImageOfPage\":{\"@id\":\"https:\\\/\\\/centrourbano.com\\\/revista\\\/urbanismo\\\/nuevo-leon-logros-movilidad\\\/#primaryimage\"},\"image\":{\"@id\":\"https:\\\/\\\/centrourbano.com\\\/revista\\\/urbanismo\\\/nuevo-leon-logros-movilidad\\\/#primaryimage\"},\"thumbnailUrl\":\"https:\\\/\\\/centrourbano.com\\\/revista\\\/wp-content\\\/uploads\\\/Destaca-Nuevo-Leo\u0301n-logros-en-materia-de-movilidad.png\",\"datePublished\":\"2024-10-11T23:28:03+00:00\",\"dateModified\":\"2024-10-12T00:28:29+00:00\",\"description\":\"El secretario de Movilidad de Nuevo Le\u00f3n resalt\u00f3 la construcci\u00f3n de carreteras, ampliaci\u00f3n de rutas y arranque de obras en el Metro\",\"breadcrumb\":{\"@id\":\"https:\\\/\\\/centrourbano.com\\\/revista\\\/urbanismo\\\/nuevo-leon-logros-movilidad\\\/#breadcrumb\"},\"inLanguage\":\"es\",\"potentialAction\":[{\"@type\":\"ReadAction\",\"target\":[\"https:\\\/\\\/centrourbano.com\\\/revista\\\/urbanismo\\\/nuevo-leon-logros-movilidad\\\/\"]}]},{\"@type\":\"ImageObject\",\"inLanguage\":\"es\",\"@id\":\"https:\\\/\\\/centrourbano.com\\\/revista\\\/urbanismo\\\/nuevo-leon-logros-movilidad\\\/#primaryimage\",\"url\":\"https:\\\/\\\/centrourbano.com\\\/revista\\\/wp-content\\\/uploads\\\/Destaca-Nuevo-Leo\u0301n-logros-en-materia-de-movilidad.png\",\"contentUrl\":\"https:\\\/\\\/centrourbano.com\\\/revista\\\/wp-content\\\/uploads\\\/Destaca-Nuevo-Leo\u0301n-logros-en-materia-de-movilidad.png\",\"width\":1280,\"height\":1180,\"caption\":\"El secretario de Movilidad de Nuevo Le\u00f3n resalt\u00f3 la construcci\u00f3n de carreteras, ampliaci\u00f3n de rutas de Transmetro y arranque de obras en el Metro\"},{\"@type\":\"BreadcrumbList\",\"@id\":\"https:\\\/\\\/centrourbano.com\\\/revista\\\/urbanismo\\\/nuevo-leon-logros-movilidad\\\/#breadcrumb\",\"itemListElement\":[{\"@type\":\"ListItem\",\"position\":1,\"name\":\"Portada\",\"item\":\"https:\\\/\\\/centrourbano.com\\\/revista\\\/\"},{\"@type\":\"ListItem\",\"position\":2,\"name\":\"Destaca Nuevo Le\u00f3n logros en materia de movilidad\"}]},{\"@type\":\"WebSite\",\"@id\":\"https:\\\/\\\/centrourbano.com\\\/revista\\\/#website\",\"url\":\"https:\\\/\\\/centrourbano.com\\\/revista\\\/\",\"name\":\"Centro Urbano\",\"description\":\"Medio especializado en los sectores vivienda, inmobiliario, construcci\u00f3n, arquitectura y urbanismo.\",\"publisher\":{\"@id\":\"https:\\\/\\\/centrourbano.com\\\/revista\\\/#organization\"},\"potentialAction\":[{\"@type\":\"SearchAction\",\"target\":{\"@type\":\"EntryPoint\",\"urlTemplate\":\"https:\\\/\\\/centrourbano.com\\\/revista\\\/?s={search_term_string}\"},\"query-input\":{\"@type\":\"PropertyValueSpecification\",\"valueRequired\":true,\"valueName\":\"search_term_string\"}}],\"inLanguage\":\"es\"},{\"@type\":\"Organization\",\"@id\":\"https:\\\/\\\/centrourbano.com\\\/revista\\\/#organization\",\"name\":\"Centro Urbano\",\"url\":\"https:\\\/\\\/centrourbano.com\\\/revista\\\/\",\"logo\":{\"@type\":\"ImageObject\",\"inLanguage\":\"es\",\"@id\":\"https:\\\/\\\/centrourbano.com\\\/revista\\\/#\\\/schema\\\/logo\\\/image\\\/\",\"url\":\"https:\\\/\\\/centrourbano.com\\\/revista\\\/wp-content\\\/uploads\\\/web_CU_logo-1.png\",\"contentUrl\":\"https:\\\/\\\/centrourbano.com\\\/revista\\\/wp-content\\\/uploads\\\/web_CU_logo-1.png\",\"width\":350,\"height\":91,\"caption\":\"Centro Urbano\"},\"image\":{\"@id\":\"https:\\\/\\\/centrourbano.com\\\/revista\\\/#\\\/schema\\\/logo\\\/image\\\/\"},\"sameAs\":[\"https:\\\/\\\/www.facebook.com\\\/portalcentrourbano\",\"https:\\\/\\\/x.com\\\/CentroUrbano\",\"https:\\\/\\\/www.instagram.com\\\/centro_urbano\\\/\",\"https:\\\/\\\/www.linkedin.com\\\/company\\\/centro-urbano\\\/\",\"http:\\\/\\\/www.youtube.com\\\/user\\\/portalcentrourbano\"]},{\"@type\":\"Person\",\"@id\":\"https:\\\/\\\/centrourbano.com\\\/revista\\\/#\\\/schema\\\/person\\\/b190b20bbbceb41ec72278c546fa8df3\",\"name\":\"Fernanda Hern\u00e1ndez\",\"image\":{\"@type\":\"ImageObject\",\"inLanguage\":\"es\",\"@id\":\"https:\\\/\\\/secure.gravatar.com\\\/avatar\\\/9471831fb0a24eae9d32d826a7cb8ef07c34a41520aca1a0ab1f5c0903ba49b9?s=96&d=mm&r=g\",\"url\":\"https:\\\/\\\/secure.gravatar.com\\\/avatar\\\/9471831fb0a24eae9d32d826a7cb8ef07c34a41520aca1a0ab1f5c0903ba49b9?s=96&d=mm&r=g\",\"contentUrl\":\"https:\\\/\\\/secure.gravatar.com\\\/avatar\\\/9471831fb0a24eae9d32d826a7cb8ef07c34a41520aca1a0ab1f5c0903ba49b9?s=96&d=mm&r=g\",\"caption\":\"Fernanda Hern\u00e1ndez\"},\"description\":\"Reportera y redactora en Centro Urbano. Soy egresada de la licenciatura en Ciencias de la Comunicaci\u00f3n de la Facultad de Ciencias Pol\u00edticas y Sociales (UNAM). Me interesa la cultura, el urbanismo y la arquitectura. Amante del mundo digital, el cine, la m\u00fasica, la lectura y la escritura.\",\"sameAs\":[\"https:\\\/\\\/x.com\\\/https:\\\/\\\/twitter.com\\\/Nannz_Hernandez\"],\"url\":\"https:\\\/\\\/centrourbano.com\\\/revista\\\/author\\\/fernanda-hernandez\\\/\"}]}<\/script>\n<!-- \/ Yoast SEO plugin. -->","yoast_head_json":{"title":"Destaca Nuevo Le\u00f3n logros en materia de movilidad","description":"El secretario de Movilidad de Nuevo Le\u00f3n resalt\u00f3 la construcci\u00f3n de carreteras, ampliaci\u00f3n de rutas y arranque de obras en el Metro","robots":{"index":"index","follow":"follow","max-snippet":"max-snippet:-1","max-image-preview":"max-image-preview:large","max-video-preview":"max-video-preview:-1"},"canonical":"https:\/\/centrourbano.com\/revista\/urbanismo\/nuevo-leon-logros-movilidad\/","og_locale":"es_ES","og_type":"article","og_title":"Destaca Nuevo Le\u00f3n logros en materia de movilidad","og_description":"El secretario de Movilidad de Nuevo Le\u00f3n resalt\u00f3 la construcci\u00f3n de carreteras, ampliaci\u00f3n de rutas y arranque de obras en el Metro","og_url":"https:\/\/centrourbano.com\/revista\/urbanismo\/nuevo-leon-logros-movilidad\/","og_site_name":"Centro Urbano","article_publisher":"https:\/\/www.facebook.com\/portalcentrourbano","article_published_time":"2024-10-11T23:28:03+00:00","article_modified_time":"2024-10-12T00:28:29+00:00","og_image":[{"width":1280,"height":1180,"url":"https:\/\/centrourbano.com\/revista\/wp-content\/uploads\/Destaca-Nuevo-Leo\u0301n-logros-en-materia-de-movilidad.png","type":"image\/png"}],"author":"Fernanda Hern\u00e1ndez","twitter_card":"summary_large_image","twitter_creator":"@https:\/\/twitter.com\/Nannz_Hernandez","twitter_site":"@CentroUrbano","twitter_misc":{"Escrito por":"Fernanda Hern\u00e1ndez","Tiempo de lectura":"3 minutos"},"schema":{"@context":"https:\/\/schema.org","@graph":[{"@type":"Article","@id":"https:\/\/centrourbano.com\/revista\/urbanismo\/nuevo-leon-logros-movilidad\/#article","isPartOf":{"@id":"https:\/\/centrourbano.com\/revista\/urbanismo\/nuevo-leon-logros-movilidad\/"},"author":{"name":"Fernanda Hern\u00e1ndez","@id":"https:\/\/centrourbano.com\/revista\/#\/schema\/person\/b190b20bbbceb41ec72278c546fa8df3"},"headline":"Destaca Nuevo Le\u00f3n logros en materia de movilidad","datePublished":"2024-10-11T23:28:03+00:00","dateModified":"2024-10-12T00:28:29+00:00","mainEntityOfPage":{"@id":"https:\/\/centrourbano.com\/revista\/urbanismo\/nuevo-leon-logros-movilidad\/"},"wordCount":451,"commentCount":0,"publisher":{"@id":"https:\/\/centrourbano.com\/revista\/#organization"},"image":{"@id":"https:\/\/centrourbano.com\/revista\/urbanismo\/nuevo-leon-logros-movilidad\/#primaryimage"},"thumbnailUrl":"https:\/\/centrourbano.com\/revista\/wp-content\/uploads\/Destaca-Nuevo-Leo\u0301n-logros-en-materia-de-movilidad.png","keywords":["carreteras","Gobierno de Nuevo Le\u00f3n","movilidad","Secretar\u00eda de Movilidad y Planeaci\u00f3n Urbana","transporte"],"articleSection":["Urbanismo"],"inLanguage":"es","potentialAction":[{"@type":"CommentAction","name":"Comment","target":["https:\/\/centrourbano.com\/revista\/urbanismo\/nuevo-leon-logros-movilidad\/#respond"]}]},{"@type":"WebPage","@id":"https:\/\/centrourbano.com\/revista\/urbanismo\/nuevo-leon-logros-movilidad\/","url":"https:\/\/centrourbano.com\/revista\/urbanismo\/nuevo-leon-logros-movilidad\/","name":"Destaca Nuevo Le\u00f3n logros en materia de movilidad","isPartOf":{"@id":"https:\/\/centrourbano.com\/revista\/#website"},"primaryImageOfPage":{"@id":"https:\/\/centrourbano.com\/revista\/urbanismo\/nuevo-leon-logros-movilidad\/#primaryimage"},"image":{"@id":"https:\/\/centrourbano.com\/revista\/urbanismo\/nuevo-leon-logros-movilidad\/#primaryimage"},"thumbnailUrl":"https:\/\/centrourbano.com\/revista\/wp-content\/uploads\/Destaca-Nuevo-Leo\u0301n-logros-en-materia-de-movilidad.png","datePublished":"2024-10-11T23:28:03+00:00","dateModified":"2024-10-12T00:28:29+00:00","description":"El secretario de Movilidad de Nuevo Le\u00f3n resalt\u00f3 la construcci\u00f3n de carreteras, ampliaci\u00f3n de rutas y arranque de obras en el Metro","breadcrumb":{"@id":"https:\/\/centrourbano.com\/revista\/urbanismo\/nuevo-leon-logros-movilidad\/#breadcrumb"},"inLanguage":"es","potentialAction":[{"@type":"ReadAction","target":["https:\/\/centrourbano.com\/revista\/urbanismo\/nuevo-leon-logros-movilidad\/"]}]},{"@type":"ImageObject","inLanguage":"es","@id":"https:\/\/centrourbano.com\/revista\/urbanismo\/nuevo-leon-logros-movilidad\/#primaryimage","url":"https:\/\/centrourbano.com\/revista\/wp-content\/uploads\/Destaca-Nuevo-Leo\u0301n-logros-en-materia-de-movilidad.png","contentUrl":"https:\/\/centrourbano.com\/revista\/wp-content\/uploads\/Destaca-Nuevo-Leo\u0301n-logros-en-materia-de-movilidad.png","width":1280,"height":1180,"caption":"El secretario de Movilidad de Nuevo Le\u00f3n resalt\u00f3 la construcci\u00f3n de carreteras, ampliaci\u00f3n de rutas de Transmetro y arranque de obras en el Metro"},{"@type":"BreadcrumbList","@id":"https:\/\/centrourbano.com\/revista\/urbanismo\/nuevo-leon-logros-movilidad\/#breadcrumb","itemListElement":[{"@type":"ListItem","position":1,"name":"Portada","item":"https:\/\/centrourbano.com\/revista\/"},{"@type":"ListItem","position":2,"name":"Destaca Nuevo Le\u00f3n logros en materia de movilidad"}]},{"@type":"WebSite","@id":"https:\/\/centrourbano.com\/revista\/#website","url":"https:\/\/centrourbano.com\/revista\/","name":"Centro Urbano","description":"Medio especializado en los sectores vivienda, inmobiliario, construcci\u00f3n, arquitectura y urbanismo.","publisher":{"@id":"https:\/\/centrourbano.com\/revista\/#organization"},"potentialAction":[{"@type":"SearchAction","target":{"@type":"EntryPoint","urlTemplate":"https:\/\/centrourbano.com\/revista\/?s={search_term_string}"},"query-input":{"@type":"PropertyValueSpecification","valueRequired":true,"valueName":"search_term_string"}}],"inLanguage":"es"},{"@type":"Organization","@id":"https:\/\/centrourbano.com\/revista\/#organization","name":"Centro Urbano","url":"https:\/\/centrourbano.com\/revista\/","logo":{"@type":"ImageObject","inLanguage":"es","@id":"https:\/\/centrourbano.com\/revista\/#\/schema\/logo\/image\/","url":"https:\/\/centrourbano.com\/revista\/wp-content\/uploads\/web_CU_logo-1.png","contentUrl":"https:\/\/centrourbano.com\/revista\/wp-content\/uploads\/web_CU_logo-1.png","width":350,"height":91,"caption":"Centro Urbano"},"image":{"@id":"https:\/\/centrourbano.com\/revista\/#\/schema\/logo\/image\/"},"sameAs":["https:\/\/www.facebook.com\/portalcentrourbano","https:\/\/x.com\/CentroUrbano","https:\/\/www.instagram.com\/centro_urbano\/","https:\/\/www.linkedin.com\/company\/centro-urbano\/","http:\/\/www.youtube.com\/user\/portalcentrourbano"]},{"@type":"Person","@id":"https:\/\/centrourbano.com\/revista\/#\/schema\/person\/b190b20bbbceb41ec72278c546fa8df3","name":"Fernanda Hern\u00e1ndez","image":{"@type":"ImageObject","inLanguage":"es","@id":"https:\/\/secure.gravatar.com\/avatar\/9471831fb0a24eae9d32d826a7cb8ef07c34a41520aca1a0ab1f5c0903ba49b9?s=96&d=mm&r=g","url":"https:\/\/secure.gravatar.com\/avatar\/9471831fb0a24eae9d32d826a7cb8ef07c34a41520aca1a0ab1f5c0903ba49b9?s=96&d=mm&r=g","contentUrl":"https:\/\/secure.gravatar.com\/avatar\/9471831fb0a24eae9d32d826a7cb8ef07c34a41520aca1a0ab1f5c0903ba49b9?s=96&d=mm&r=g","caption":"Fernanda Hern\u00e1ndez"},"description":"Reportera y redactora en Centro Urbano. Soy egresada de la licenciatura en Ciencias de la Comunicaci\u00f3n de la Facultad de Ciencias Pol\u00edticas y Sociales (UNAM). Me interesa la cultura, el urbanismo y la arquitectura. Amante del mundo digital, el cine, la m\u00fasica, la lectura y la escritura.","sameAs":["https:\/\/x.com\/https:\/\/twitter.com\/Nannz_Hernandez"],"url":"https:\/\/centrourbano.com\/revista\/author\/fernanda-hernandez\/"}]}},"_links":{"self":[{"href":"https:\/\/centrourbano.com\/revista\/wp-json\/wp\/v2\/posts\/151173","targetHints":{"allow":["GET"]}}],"collection":[{"href":"https:\/\/centrourbano.com\/revista\/wp-json\/wp\/v2\/posts"}],"about":[{"href":"https:\/\/centrourbano.com\/revista\/wp-json\/wp\/v2\/types\/post"}],"author":[{"embeddable":true,"href":"https:\/\/centrourbano.com\/revista\/wp-json\/wp\/v2\/users\/73"}],"replies":[{"embeddable":true,"href":"https:\/\/centrourbano.com\/revista\/wp-json\/wp\/v2\/comments?post=151173"}],"version-history":[{"count":1,"href":"https:\/\/centrourbano.com\/revista\/wp-json\/wp\/v2\/posts\/151173\/revisions"}],"predecessor-version":[{"id":151175,"href":"https:\/\/centrourbano.com\/revista\/wp-json\/wp\/v2\/posts\/151173\/revisions\/151175"}],"wp:featuredmedia":[{"embeddable":true,"href":"https:\/\/centrourbano.com\/revista\/wp-json\/wp\/v2\/media\/151174"}],"wp:attachment":[{"href":"https:\/\/centrourbano.com\/revista\/wp-json\/wp\/v2\/media?parent=151173"}],"wp:term":[{"taxonomy":"category","embeddable":true,"href":"https:\/\/centrourbano.com\/revista\/wp-json\/wp\/v2\/categories?post=151173"},{"taxonomy":"post_tag","embeddable":true,"href":"https:\/\/centrourbano.com\/revista\/wp-json\/wp\/v2\/tags?post=151173"}],"curies":[{"name":"wp","href":"https:\/\/api.w.org\/{rel}","templated":true}]}}