{"id":151130,"date":"2024-10-10T14:00:33","date_gmt":"2024-10-10T20:00:33","guid":{"rendered":"https:\/\/centrourbano.com\/revista\/?p=151130"},"modified":"2024-10-10T17:00:33","modified_gmt":"2024-10-10T23:00:33","slug":"boulevard-isidro-fabela-mejores-calles","status":"publish","type":"post","link":"https:\/\/centrourbano.com\/revista\/urbanismo\/boulevard-isidro-fabela-mejores-calles\/","title":{"rendered":"Boulevard Isidro Fabela, finalista en concurso de \u2018Mejores calles para M\u00e9xico\u2019"},"content":{"rendered":"<p><em>En el Boulevard Isidro Fabela, el gobierno del Edom\u00e9x le da prioridad a la movilidad urbana e impulsa la inclusi\u00f3n social y equidad, seguridad vial, entre otras<\/em><!--more--><\/p>\n<p>La Secretar\u00eda de Movilidad (<a href=\"https:\/\/smovilidad.edomex.gob.mx\/\" target=\"_blank\" rel=\"noopener\">Semov<\/a>) del Estado de M\u00e9xico inform\u00f3 que el proyecto de Reordenamiento Integral para la Seguridad Vial del <strong>Boulevard Isidro Fabela<\/strong> logr\u00f3 posicionarse <strong>dentro de los<\/strong> <strong>18 finalistas en el concurso \u2018Mejores Calles para M\u00e9xico\u2019<\/strong>. El galard\u00f3n es organizado por el Instituto de Pol\u00edticas para el Transporte y el Desarrollo (ITDP) M\u00e9xico y la empresa Cemex.<\/p>\n<p>Daniel Sibaja Gonz\u00e1lez, titular de la Semov, coment\u00f3 que, en la redistribuci\u00f3n vial del Boulevard Isidro Fabela, el Gobierno del <a href=\"https:\/\/centrourbano.com\/revista\/?s=edomex\" target=\"_blank\" rel=\"noopener\">Estado de M\u00e9xico<\/a> (GEM) le da prioridad a la <strong>movilidad urbana<\/strong> con cuatro estrategias principales: la <strong>inclusi\u00f3n social y equidad, seguridad vial, sostenibilidad y adaptabilidad<\/strong>.<\/p>\n<p>Del mismo modo, el funcionario explic\u00f3 que el proyecto contempla <strong>el reordenamiento de 31 rutas de transporte p\u00fablico, la instalaci\u00f3n de ocho paraderos seguros<\/strong> y la redistribuci\u00f3n vial del boulevard, la cual contempla la instalaci\u00f3n de una <strong>ciclov\u00eda<\/strong>, dos carriles para veh\u00edculos particulares, uno de ellos exclusivo para transporte p\u00fablico; la recuperaci\u00f3n de espacios p\u00fablicos y banquetas, entre otros.<\/p>\n<p>Cabe mencionar que, la edici\u00f3n del concurso <strong>\u2018Mejores Calles para M\u00e9xico\u2019 recibi\u00f3 m\u00e1s de 80 registros <\/strong>de organizaciones no gubernamentales y autoridades de todo el pa\u00eds. De los participantes, el ITDP seleccion\u00f3 18 finalistas, de los cuales, el<strong> 5 de noviembre<\/strong>, un jurado calificador seleccionar\u00e1 las propuestas ganadoras.<\/p>\n<p>El galard\u00f3n contar\u00e1 con ganadores en sus dos categor\u00edas <strong>sociedad civil y sector p\u00fablico<\/strong>. Los proyectos recibir\u00e1n un reconocimiento y asesor\u00eda t\u00e9cnica, con el objetivo de brindarle apoyo e impulsar el alcance de estas iniciativas.<\/p>\n<p>Por su parte, Gonzalo Pe\u00f3n, director Ejecutivo del ITDP M\u00e9xico, resalt\u00f3 que uno de los objetivos principales del premio es fomentar la transformaci\u00f3n de las calles se transformen en espacios para \u201cdisfrutar la ciudad\u201d.<\/p>\n<blockquote><p>\u201cEn el ITDP consideramos que mejorar las calles puede transformar a M\u00e9xico, incrementando el acceso a oportunidades de educaci\u00f3n, empleo y amor, donde las personas puedan llegar a sus destinos de manera segura, sostenible y sin dejar a nadie atr\u00e1s\u201d, coment\u00f3.<\/p><\/blockquote>\n<img loading=\"lazy\" decoding=\"async\" class=\"aligncenter size-large wp-image-151132\" src=\"https:\/\/centrourbano.com\/revista\/wp-content\/uploads\/w2_4699_1-1000x634.jpg\" alt=\"Boulevard Isidro Fabela, finalista en concurso de \u2018Mejores calles para M\u00e9xico\u2019\" width=\"1000\" height=\"634\" srcset=\"https:\/\/centrourbano.com\/revista\/wp-content\/uploads\/w2_4699_1-1000x634.jpg 1000w, https:\/\/centrourbano.com\/revista\/wp-content\/uploads\/w2_4699_1-300x190.jpg 300w, https:\/\/centrourbano.com\/revista\/wp-content\/uploads\/w2_4699_1-768x487.jpg 768w, https:\/\/centrourbano.com\/revista\/wp-content\/uploads\/w2_4699_1-1536x974.jpg 1536w, https:\/\/centrourbano.com\/revista\/wp-content\/uploads\/w2_4699_1-2048x1298.jpg 2048w\" sizes=\"auto, (max-width: 1000px) 100vw, 1000px\" \/>\n","protected":false},"excerpt":{"rendered":"<p>En el Boulevard Isidro Fabela, el gobierno del Edom\u00e9x le da prioridad a la movilidad urbana e impulsa la inclusi\u00f3n social y equidad, seguridad vial, entre otras<\/p>\n","protected":false},"author":88,"featured_media":151131,"comment_status":"open","ping_status":"closed","sticky":false,"template":"","format":"standard","meta":{"om_disable_all_campaigns":false,"inline_featured_image":false,"_monsterinsights_skip_tracking":false,"_monsterinsights_sitenote_active":false,"_monsterinsights_sitenote_note":"","_monsterinsights_sitenote_category":0,"footnotes":""},"categories":[82],"tags":[24656],"class_list":["post-151130","post","type-post","status-publish","format-standard","has-post-thumbnail","hentry","category-urbanismo","tag-boulevard-isidro-fabela"],"yoast_head":"<!-- This site is optimized with the Yoast SEO plugin v27.4 - https:\/\/yoast.com\/product\/yoast-seo-wordpress\/ -->\n<title>Boulevard Isidro Fabela, finalista en concurso de \u2018Mejores calles para M\u00e9xico\u2019<\/title>\n<meta name=\"description\" content=\"El Boulevard Isidro Fabela contar\u00e1 con reordenamiento de transporte p\u00fablico, de paraderos seguros y una ciclov\u00eda, entre otras.\" \/>\n<meta name=\"robots\" content=\"index, follow, max-snippet:-1, max-image-preview:large, max-video-preview:-1\" \/>\n<link rel=\"canonical\" href=\"https:\/\/centrourbano.com\/revista\/urbanismo\/boulevard-isidro-fabela-mejores-calles\/\" \/>\n<meta property=\"og:locale\" content=\"es_ES\" \/>\n<meta property=\"og:type\" content=\"article\" \/>\n<meta property=\"og:title\" content=\"Boulevard Isidro Fabela, finalista en concurso de \u2018Mejores calles para M\u00e9xico\u2019\" \/>\n<meta property=\"og:description\" content=\"El Boulevard Isidro Fabela contar\u00e1 con reordenamiento de transporte p\u00fablico, de paraderos seguros y una ciclov\u00eda, entre otras.\" \/>\n<meta property=\"og:url\" content=\"https:\/\/centrourbano.com\/revista\/urbanismo\/boulevard-isidro-fabela-mejores-calles\/\" \/>\n<meta property=\"og:site_name\" content=\"Centro Urbano\" \/>\n<meta property=\"article:publisher\" content=\"https:\/\/www.facebook.com\/portalcentrourbano\" \/>\n<meta property=\"article:published_time\" content=\"2024-10-10T20:00:33+00:00\" \/>\n<meta property=\"article:modified_time\" content=\"2024-10-10T23:00:33+00:00\" \/>\n<meta property=\"og:image\" content=\"https:\/\/centrourbano.com\/revista\/wp-content\/uploads\/semov.jpg\" \/>\n\t<meta property=\"og:image:width\" content=\"800\" \/>\n\t<meta property=\"og:image:height\" content=\"800\" \/>\n\t<meta property=\"og:image:type\" content=\"image\/jpeg\" \/>\n<meta name=\"author\" content=\"Rebeca Romero\" \/>\n<meta name=\"twitter:card\" content=\"summary_large_image\" \/>\n<meta name=\"twitter:creator\" content=\"@CentroUrbano\" \/>\n<meta name=\"twitter:site\" content=\"@CentroUrbano\" \/>\n<meta name=\"twitter:label1\" content=\"Escrito por\" \/>\n\t<meta name=\"twitter:data1\" content=\"Rebeca Romero\" \/>\n\t<meta name=\"twitter:label2\" content=\"Tiempo de lectura\" \/>\n\t<meta name=\"twitter:data2\" content=\"2 minutos\" \/>\n<script type=\"application\/ld+json\" class=\"yoast-schema-graph\">{\"@context\":\"https:\\\/\\\/schema.org\",\"@graph\":[{\"@type\":\"Article\",\"@id\":\"https:\\\/\\\/centrourbano.com\\\/revista\\\/urbanismo\\\/boulevard-isidro-fabela-mejores-calles\\\/#article\",\"isPartOf\":{\"@id\":\"https:\\\/\\\/centrourbano.com\\\/revista\\\/urbanismo\\\/boulevard-isidro-fabela-mejores-calles\\\/\"},\"author\":{\"name\":\"Rebeca Romero\",\"@id\":\"https:\\\/\\\/centrourbano.com\\\/revista\\\/#\\\/schema\\\/person\\\/c665f1c60da3ad48cd761a707b7090b0\"},\"headline\":\"Boulevard Isidro Fabela, finalista en concurso de \u2018Mejores calles para M\u00e9xico\u2019\",\"datePublished\":\"2024-10-10T20:00:33+00:00\",\"dateModified\":\"2024-10-10T23:00:33+00:00\",\"mainEntityOfPage\":{\"@id\":\"https:\\\/\\\/centrourbano.com\\\/revista\\\/urbanismo\\\/boulevard-isidro-fabela-mejores-calles\\\/\"},\"wordCount\":392,\"commentCount\":0,\"publisher\":{\"@id\":\"https:\\\/\\\/centrourbano.com\\\/revista\\\/#organization\"},\"image\":{\"@id\":\"https:\\\/\\\/centrourbano.com\\\/revista\\\/urbanismo\\\/boulevard-isidro-fabela-mejores-calles\\\/#primaryimage\"},\"thumbnailUrl\":\"https:\\\/\\\/centrourbano.com\\\/revista\\\/wp-content\\\/uploads\\\/semov.jpg\",\"keywords\":[\"Boulevard Isidro Fabela\"],\"articleSection\":[\"Urbanismo\"],\"inLanguage\":\"es\",\"potentialAction\":[{\"@type\":\"CommentAction\",\"name\":\"Comment\",\"target\":[\"https:\\\/\\\/centrourbano.com\\\/revista\\\/urbanismo\\\/boulevard-isidro-fabela-mejores-calles\\\/#respond\"]}]},{\"@type\":\"WebPage\",\"@id\":\"https:\\\/\\\/centrourbano.com\\\/revista\\\/urbanismo\\\/boulevard-isidro-fabela-mejores-calles\\\/\",\"url\":\"https:\\\/\\\/centrourbano.com\\\/revista\\\/urbanismo\\\/boulevard-isidro-fabela-mejores-calles\\\/\",\"name\":\"Boulevard Isidro Fabela, finalista en concurso de \u2018Mejores calles para M\u00e9xico\u2019\",\"isPartOf\":{\"@id\":\"https:\\\/\\\/centrourbano.com\\\/revista\\\/#website\"},\"primaryImageOfPage\":{\"@id\":\"https:\\\/\\\/centrourbano.com\\\/revista\\\/urbanismo\\\/boulevard-isidro-fabela-mejores-calles\\\/#primaryimage\"},\"image\":{\"@id\":\"https:\\\/\\\/centrourbano.com\\\/revista\\\/urbanismo\\\/boulevard-isidro-fabela-mejores-calles\\\/#primaryimage\"},\"thumbnailUrl\":\"https:\\\/\\\/centrourbano.com\\\/revista\\\/wp-content\\\/uploads\\\/semov.jpg\",\"datePublished\":\"2024-10-10T20:00:33+00:00\",\"dateModified\":\"2024-10-10T23:00:33+00:00\",\"description\":\"El Boulevard Isidro Fabela contar\u00e1 con reordenamiento de transporte p\u00fablico, de paraderos seguros y una ciclov\u00eda, entre otras.\",\"breadcrumb\":{\"@id\":\"https:\\\/\\\/centrourbano.com\\\/revista\\\/urbanismo\\\/boulevard-isidro-fabela-mejores-calles\\\/#breadcrumb\"},\"inLanguage\":\"es\",\"potentialAction\":[{\"@type\":\"ReadAction\",\"target\":[\"https:\\\/\\\/centrourbano.com\\\/revista\\\/urbanismo\\\/boulevard-isidro-fabela-mejores-calles\\\/\"]}]},{\"@type\":\"ImageObject\",\"inLanguage\":\"es\",\"@id\":\"https:\\\/\\\/centrourbano.com\\\/revista\\\/urbanismo\\\/boulevard-isidro-fabela-mejores-calles\\\/#primaryimage\",\"url\":\"https:\\\/\\\/centrourbano.com\\\/revista\\\/wp-content\\\/uploads\\\/semov.jpg\",\"contentUrl\":\"https:\\\/\\\/centrourbano.com\\\/revista\\\/wp-content\\\/uploads\\\/semov.jpg\",\"width\":800,\"height\":800,\"caption\":\"Boulevard Isidro Fabela, finalista en concurso de \u2018Mejores calles para M\u00e9xico\u2019\"},{\"@type\":\"BreadcrumbList\",\"@id\":\"https:\\\/\\\/centrourbano.com\\\/revista\\\/urbanismo\\\/boulevard-isidro-fabela-mejores-calles\\\/#breadcrumb\",\"itemListElement\":[{\"@type\":\"ListItem\",\"position\":1,\"name\":\"Portada\",\"item\":\"https:\\\/\\\/centrourbano.com\\\/revista\\\/\"},{\"@type\":\"ListItem\",\"position\":2,\"name\":\"Boulevard Isidro Fabela, finalista en concurso de \u2018Mejores calles para M\u00e9xico\u2019\"}]},{\"@type\":\"WebSite\",\"@id\":\"https:\\\/\\\/centrourbano.com\\\/revista\\\/#website\",\"url\":\"https:\\\/\\\/centrourbano.com\\\/revista\\\/\",\"name\":\"Centro Urbano\",\"description\":\"Medio especializado en los sectores vivienda, inmobiliario, construcci\u00f3n, arquitectura y urbanismo.\",\"publisher\":{\"@id\":\"https:\\\/\\\/centrourbano.com\\\/revista\\\/#organization\"},\"potentialAction\":[{\"@type\":\"SearchAction\",\"target\":{\"@type\":\"EntryPoint\",\"urlTemplate\":\"https:\\\/\\\/centrourbano.com\\\/revista\\\/?s={search_term_string}\"},\"query-input\":{\"@type\":\"PropertyValueSpecification\",\"valueRequired\":true,\"valueName\":\"search_term_string\"}}],\"inLanguage\":\"es\"},{\"@type\":\"Organization\",\"@id\":\"https:\\\/\\\/centrourbano.com\\\/revista\\\/#organization\",\"name\":\"Centro Urbano\",\"url\":\"https:\\\/\\\/centrourbano.com\\\/revista\\\/\",\"logo\":{\"@type\":\"ImageObject\",\"inLanguage\":\"es\",\"@id\":\"https:\\\/\\\/centrourbano.com\\\/revista\\\/#\\\/schema\\\/logo\\\/image\\\/\",\"url\":\"https:\\\/\\\/centrourbano.com\\\/revista\\\/wp-content\\\/uploads\\\/web_CU_logo-1.png\",\"contentUrl\":\"https:\\\/\\\/centrourbano.com\\\/revista\\\/wp-content\\\/uploads\\\/web_CU_logo-1.png\",\"width\":350,\"height\":91,\"caption\":\"Centro Urbano\"},\"image\":{\"@id\":\"https:\\\/\\\/centrourbano.com\\\/revista\\\/#\\\/schema\\\/logo\\\/image\\\/\"},\"sameAs\":[\"https:\\\/\\\/www.facebook.com\\\/portalcentrourbano\",\"https:\\\/\\\/x.com\\\/CentroUrbano\",\"https:\\\/\\\/www.instagram.com\\\/centro_urbano\\\/\",\"https:\\\/\\\/www.linkedin.com\\\/company\\\/centro-urbano\\\/\",\"http:\\\/\\\/www.youtube.com\\\/user\\\/portalcentrourbano\"]},{\"@type\":\"Person\",\"@id\":\"https:\\\/\\\/centrourbano.com\\\/revista\\\/#\\\/schema\\\/person\\\/c665f1c60da3ad48cd761a707b7090b0\",\"name\":\"Rebeca Romero\",\"image\":{\"@type\":\"ImageObject\",\"inLanguage\":\"es\",\"@id\":\"https:\\\/\\\/secure.gravatar.com\\\/avatar\\\/aee0068ae3cc041082e0e84a8258fe5ccc00a733f187bde73b0b40d86b892826?s=96&d=mm&r=g\",\"url\":\"https:\\\/\\\/secure.gravatar.com\\\/avatar\\\/aee0068ae3cc041082e0e84a8258fe5ccc00a733f187bde73b0b40d86b892826?s=96&d=mm&r=g\",\"contentUrl\":\"https:\\\/\\\/secure.gravatar.com\\\/avatar\\\/aee0068ae3cc041082e0e84a8258fe5ccc00a733f187bde73b0b40d86b892826?s=96&d=mm&r=g\",\"caption\":\"Rebeca Romero\"},\"url\":\"https:\\\/\\\/centrourbano.com\\\/revista\\\/author\\\/rebeca-romero\\\/\"}]}<\/script>\n<!-- \/ Yoast SEO plugin. -->","yoast_head_json":{"title":"Boulevard Isidro Fabela, finalista en concurso de \u2018Mejores calles para M\u00e9xico\u2019","description":"El Boulevard Isidro Fabela contar\u00e1 con reordenamiento de transporte p\u00fablico, de paraderos seguros y una ciclov\u00eda, entre otras.","robots":{"index":"index","follow":"follow","max-snippet":"max-snippet:-1","max-image-preview":"max-image-preview:large","max-video-preview":"max-video-preview:-1"},"canonical":"https:\/\/centrourbano.com\/revista\/urbanismo\/boulevard-isidro-fabela-mejores-calles\/","og_locale":"es_ES","og_type":"article","og_title":"Boulevard Isidro Fabela, finalista en concurso de \u2018Mejores calles para M\u00e9xico\u2019","og_description":"El Boulevard Isidro Fabela contar\u00e1 con reordenamiento de transporte p\u00fablico, de paraderos seguros y una ciclov\u00eda, entre otras.","og_url":"https:\/\/centrourbano.com\/revista\/urbanismo\/boulevard-isidro-fabela-mejores-calles\/","og_site_name":"Centro Urbano","article_publisher":"https:\/\/www.facebook.com\/portalcentrourbano","article_published_time":"2024-10-10T20:00:33+00:00","article_modified_time":"2024-10-10T23:00:33+00:00","og_image":[{"width":800,"height":800,"url":"https:\/\/centrourbano.com\/revista\/wp-content\/uploads\/semov.jpg","type":"image\/jpeg"}],"author":"Rebeca Romero","twitter_card":"summary_large_image","twitter_creator":"@CentroUrbano","twitter_site":"@CentroUrbano","twitter_misc":{"Escrito por":"Rebeca Romero","Tiempo de lectura":"2 minutos"},"schema":{"@context":"https:\/\/schema.org","@graph":[{"@type":"Article","@id":"https:\/\/centrourbano.com\/revista\/urbanismo\/boulevard-isidro-fabela-mejores-calles\/#article","isPartOf":{"@id":"https:\/\/centrourbano.com\/revista\/urbanismo\/boulevard-isidro-fabela-mejores-calles\/"},"author":{"name":"Rebeca Romero","@id":"https:\/\/centrourbano.com\/revista\/#\/schema\/person\/c665f1c60da3ad48cd761a707b7090b0"},"headline":"Boulevard Isidro Fabela, finalista en concurso de \u2018Mejores calles para M\u00e9xico\u2019","datePublished":"2024-10-10T20:00:33+00:00","dateModified":"2024-10-10T23:00:33+00:00","mainEntityOfPage":{"@id":"https:\/\/centrourbano.com\/revista\/urbanismo\/boulevard-isidro-fabela-mejores-calles\/"},"wordCount":392,"commentCount":0,"publisher":{"@id":"https:\/\/centrourbano.com\/revista\/#organization"},"image":{"@id":"https:\/\/centrourbano.com\/revista\/urbanismo\/boulevard-isidro-fabela-mejores-calles\/#primaryimage"},"thumbnailUrl":"https:\/\/centrourbano.com\/revista\/wp-content\/uploads\/semov.jpg","keywords":["Boulevard Isidro Fabela"],"articleSection":["Urbanismo"],"inLanguage":"es","potentialAction":[{"@type":"CommentAction","name":"Comment","target":["https:\/\/centrourbano.com\/revista\/urbanismo\/boulevard-isidro-fabela-mejores-calles\/#respond"]}]},{"@type":"WebPage","@id":"https:\/\/centrourbano.com\/revista\/urbanismo\/boulevard-isidro-fabela-mejores-calles\/","url":"https:\/\/centrourbano.com\/revista\/urbanismo\/boulevard-isidro-fabela-mejores-calles\/","name":"Boulevard Isidro Fabela, finalista en concurso de \u2018Mejores calles para M\u00e9xico\u2019","isPartOf":{"@id":"https:\/\/centrourbano.com\/revista\/#website"},"primaryImageOfPage":{"@id":"https:\/\/centrourbano.com\/revista\/urbanismo\/boulevard-isidro-fabela-mejores-calles\/#primaryimage"},"image":{"@id":"https:\/\/centrourbano.com\/revista\/urbanismo\/boulevard-isidro-fabela-mejores-calles\/#primaryimage"},"thumbnailUrl":"https:\/\/centrourbano.com\/revista\/wp-content\/uploads\/semov.jpg","datePublished":"2024-10-10T20:00:33+00:00","dateModified":"2024-10-10T23:00:33+00:00","description":"El Boulevard Isidro Fabela contar\u00e1 con reordenamiento de transporte p\u00fablico, de paraderos seguros y una ciclov\u00eda, entre otras.","breadcrumb":{"@id":"https:\/\/centrourbano.com\/revista\/urbanismo\/boulevard-isidro-fabela-mejores-calles\/#breadcrumb"},"inLanguage":"es","potentialAction":[{"@type":"ReadAction","target":["https:\/\/centrourbano.com\/revista\/urbanismo\/boulevard-isidro-fabela-mejores-calles\/"]}]},{"@type":"ImageObject","inLanguage":"es","@id":"https:\/\/centrourbano.com\/revista\/urbanismo\/boulevard-isidro-fabela-mejores-calles\/#primaryimage","url":"https:\/\/centrourbano.com\/revista\/wp-content\/uploads\/semov.jpg","contentUrl":"https:\/\/centrourbano.com\/revista\/wp-content\/uploads\/semov.jpg","width":800,"height":800,"caption":"Boulevard Isidro Fabela, finalista en concurso de \u2018Mejores calles para M\u00e9xico\u2019"},{"@type":"BreadcrumbList","@id":"https:\/\/centrourbano.com\/revista\/urbanismo\/boulevard-isidro-fabela-mejores-calles\/#breadcrumb","itemListElement":[{"@type":"ListItem","position":1,"name":"Portada","item":"https:\/\/centrourbano.com\/revista\/"},{"@type":"ListItem","position":2,"name":"Boulevard Isidro Fabela, finalista en concurso de \u2018Mejores calles para M\u00e9xico\u2019"}]},{"@type":"WebSite","@id":"https:\/\/centrourbano.com\/revista\/#website","url":"https:\/\/centrourbano.com\/revista\/","name":"Centro Urbano","description":"Medio especializado en los sectores vivienda, inmobiliario, construcci\u00f3n, arquitectura y urbanismo.","publisher":{"@id":"https:\/\/centrourbano.com\/revista\/#organization"},"potentialAction":[{"@type":"SearchAction","target":{"@type":"EntryPoint","urlTemplate":"https:\/\/centrourbano.com\/revista\/?s={search_term_string}"},"query-input":{"@type":"PropertyValueSpecification","valueRequired":true,"valueName":"search_term_string"}}],"inLanguage":"es"},{"@type":"Organization","@id":"https:\/\/centrourbano.com\/revista\/#organization","name":"Centro Urbano","url":"https:\/\/centrourbano.com\/revista\/","logo":{"@type":"ImageObject","inLanguage":"es","@id":"https:\/\/centrourbano.com\/revista\/#\/schema\/logo\/image\/","url":"https:\/\/centrourbano.com\/revista\/wp-content\/uploads\/web_CU_logo-1.png","contentUrl":"https:\/\/centrourbano.com\/revista\/wp-content\/uploads\/web_CU_logo-1.png","width":350,"height":91,"caption":"Centro Urbano"},"image":{"@id":"https:\/\/centrourbano.com\/revista\/#\/schema\/logo\/image\/"},"sameAs":["https:\/\/www.facebook.com\/portalcentrourbano","https:\/\/x.com\/CentroUrbano","https:\/\/www.instagram.com\/centro_urbano\/","https:\/\/www.linkedin.com\/company\/centro-urbano\/","http:\/\/www.youtube.com\/user\/portalcentrourbano"]},{"@type":"Person","@id":"https:\/\/centrourbano.com\/revista\/#\/schema\/person\/c665f1c60da3ad48cd761a707b7090b0","name":"Rebeca Romero","image":{"@type":"ImageObject","inLanguage":"es","@id":"https:\/\/secure.gravatar.com\/avatar\/aee0068ae3cc041082e0e84a8258fe5ccc00a733f187bde73b0b40d86b892826?s=96&d=mm&r=g","url":"https:\/\/secure.gravatar.com\/avatar\/aee0068ae3cc041082e0e84a8258fe5ccc00a733f187bde73b0b40d86b892826?s=96&d=mm&r=g","contentUrl":"https:\/\/secure.gravatar.com\/avatar\/aee0068ae3cc041082e0e84a8258fe5ccc00a733f187bde73b0b40d86b892826?s=96&d=mm&r=g","caption":"Rebeca Romero"},"url":"https:\/\/centrourbano.com\/revista\/author\/rebeca-romero\/"}]}},"_links":{"self":[{"href":"https:\/\/centrourbano.com\/revista\/wp-json\/wp\/v2\/posts\/151130","targetHints":{"allow":["GET"]}}],"collection":[{"href":"https:\/\/centrourbano.com\/revista\/wp-json\/wp\/v2\/posts"}],"about":[{"href":"https:\/\/centrourbano.com\/revista\/wp-json\/wp\/v2\/types\/post"}],"author":[{"embeddable":true,"href":"https:\/\/centrourbano.com\/revista\/wp-json\/wp\/v2\/users\/88"}],"replies":[{"embeddable":true,"href":"https:\/\/centrourbano.com\/revista\/wp-json\/wp\/v2\/comments?post=151130"}],"version-history":[{"count":1,"href":"https:\/\/centrourbano.com\/revista\/wp-json\/wp\/v2\/posts\/151130\/revisions"}],"predecessor-version":[{"id":151135,"href":"https:\/\/centrourbano.com\/revista\/wp-json\/wp\/v2\/posts\/151130\/revisions\/151135"}],"wp:featuredmedia":[{"embeddable":true,"href":"https:\/\/centrourbano.com\/revista\/wp-json\/wp\/v2\/media\/151131"}],"wp:attachment":[{"href":"https:\/\/centrourbano.com\/revista\/wp-json\/wp\/v2\/media?parent=151130"}],"wp:term":[{"taxonomy":"category","embeddable":true,"href":"https:\/\/centrourbano.com\/revista\/wp-json\/wp\/v2\/categories?post=151130"},{"taxonomy":"post_tag","embeddable":true,"href":"https:\/\/centrourbano.com\/revista\/wp-json\/wp\/v2\/tags?post=151130"}],"curies":[{"name":"wp","href":"https:\/\/api.w.org\/{rel}","templated":true}]}}