{"id":151119,"date":"2024-10-10T13:00:55","date_gmt":"2024-10-10T19:00:55","guid":{"rendered":"https:\/\/centrourbano.com\/revista\/?p=151119"},"modified":"2024-10-10T16:25:57","modified_gmt":"2024-10-10T22:25:57","slug":"rezago-habitacional-infonavit","status":"publish","type":"post","link":"https:\/\/centrourbano.com\/revista\/vivienda\/rezago-habitacional-infonavit\/","title":{"rendered":"DST busca reducir el rezago habitacional con nuevas iniciativas"},"content":{"rendered":"<p><em>Los ponentes resaltaron que es necesario que el Infonavit implemente acciones que busquen reducir el rezago habitacional, as\u00ed como impulsar el incremento de la colocaci\u00f3n de cr\u00e9ditos<\/em><\/p>\n<p><!--more--><\/p>\n<p>Mario Mac\u00edas Robles, director Sectorial de los Trabajadores del El Instituto del Fondo Nacional de la Vivienda para los Trabajadores (<a href=\"https:\/\/centrourbano.com\/revista\/page\/3\/?s=infonavit\" target=\"_blank\" rel=\"noopener\">Infonavit<\/a>), indic\u00f3 que, durante el nuevo sexenio y aprovechando el <strong>cambio de administraci\u00f3n federal y del organismo<\/strong>, el Instituto podr\u00eda trazar nuevas <strong>implementaciones para buscar reducir el rezago habitacional<\/strong> en el pa\u00eds.<\/p>\n<p>Durante la inauguraci\u00f3n del cuarto Congreso Nacional de las Comisiones Consultivas Regionales del Sector de los Trabajadores del Infonavit, Mac\u00edas Robles record\u00f3 que Claudia Sheinbaum, presidenta de M\u00e9xico, propone la <strong>construcci\u00f3n de un mill\u00f3n de viviendas<\/strong>, acci\u00f3n que el <strong>Sectorial de los T<\/strong><strong>rabajadores apoya<\/strong>.<\/p>\n<blockquote><p>\u201cEn nuestros trabajos abordaremos la propuesta en materia de vivienda incorporada por la presidenta Sherman en sus 100 compromisos de gobierno, la cuesti\u00f3n central de responder al reto que representa atender el rezago de en vivienda para los que menos ganan\u201d, coment\u00f3.<\/p><\/blockquote>\n<p>Del mismo modo, el director sectorial se\u00f1al\u00f3 que, durante el congreso, los participantes abordar\u00e1n temas relevantes en materia de vivienda enfocados en cumplir la mencionada propuesta, adem\u00e1s de mostrar el <strong>compromiso del Infonavit por brindarle vivienda adecuada a los trabajadores<\/strong>.<\/p>\n<h2>Acciones para reducir el rezago habitacional<\/h2>\n<p>En ese sentido, Mac\u00edas Robles resalt\u00f3 que es de suma importancia que la administraci\u00f3n federal, el sector privado y organismos como el Infonavit <strong>colaboren de manera estrecha<\/strong> en diversos temas para poder construir el mill\u00f3n de viviendas propuestas.<\/p>\n<blockquote><p>\u201c(El tema) de desarrollo regional y\u00a0la relocalizaci\u00f3n de las inversiones y muy especialmente las propuestas y compromisos que habr\u00edan de asumir los tres sectores, as\u00ed como la propia industria de la construcci\u00f3n y los desarrolladores aqu\u00ed presentes y promotores de vivienda, para que todos contribuyamos de la mejor manera, alcanzar la meta del mill\u00f3n de viviendas accesibles, habitables y de calidad en los pr\u00f3ximos seis a\u00f1os\u201d, indic\u00f3.<\/p><\/blockquote>\n<p>Al respecto, Mac\u00edas apunt\u00f3 que esta edici\u00f3n del congreso cuenta con mayor participaci\u00f3n que en a\u00f1os pasados, situaci\u00f3n que refleja el inter\u00e9s del sector con contribuir en las <strong>nuevas acciones de vivienda y fortalecer las existentes<\/strong>.<\/p>\n<p>En su participaci\u00f3n en la inauguraci\u00f3n, Patricio Flores Sandoval, representante del sector obrero, coment\u00f3 que el Infonavit ser\u00e1 una parte fundamental en la propuesta de la presidenta, ya que, gracias a su <strong>estructura tripartita<\/strong>, se ha consolidado como un organismo clave en el sector vivienda.<\/p>\n<blockquote><p>\u201cEl Infonavit por supuesto construir\u00e1 la mayor\u00eda o ayudar\u00e1 a que se haga a que concrete\u00a0la gran mayor\u00eda de ese mill\u00f3n, lo cual tambi\u00e9n hablar\u00e1 de la posibilidad que da la unidad en torno a un tripartismo fuerte, que ojal\u00e1 sea entendido, un tripartidismo que hay que cuidar no vaya a ser atacado desde la modificaci\u00f3n de leyes. (\u2026) Esta es una de las entidades para efectos laborales m\u00e1s entra\u00f1ables, junto con el Seguro Social, 52 a\u00f1os del Infonavit, con m\u00e1s de 10 millones de cr\u00e9ditos otorgados, hablan no de lo que un instituto hace, sino de lo que el tripartismo ha logrado\u201d, indic\u00f3.<\/p><\/blockquote>\n<p>Por su parte, Luis Ernesto Mungu\u00eda, presidente municipal de Puerto Vallarta, Jalisco, encargado de marcar la inauguraci\u00f3n del congreso, resalt\u00f3 que M\u00e9xico necesita contar con <strong>vivienda asequible y adecuada<\/strong>, pues la falta ello y una correcta <strong>planeaci\u00f3n<\/strong> ha propiciado uno de los grandes retos del sector, los asentamientos irregulares.<\/p>\n<blockquote><p>\u201cLa falta de vivienda asequible est\u00e1 empujando a las familias enteras a situaciones de precariedad, irregularidad jur\u00eddica, habitando espacios en lugares con falta de servicios, falta de equipamientos y falta de infraestructura, lo cual impide tener las condiciones dignas necesarias para la vida de nuestros trabajadores y sus familias. (\u2026) Necesitamos urgentemente la aplicaci\u00f3n de pol\u00edticas p\u00fablicas con estrategias efectivas que materialicen el desarrollo de vivienda social con atributos de calidad y que esta vivienda pueda ser adquirida por nuestros trabajadores\u201d, afirm\u00f3.<\/p><\/blockquote>\n<p>Finalmente, Mungu\u00eda indic\u00f3 que otro de los temas que deber\u00eda considerar la cuarta edici\u00f3n del congreso es el <strong>costo de la vivienda<\/strong> en relaci\u00f3n con los ingresos de los trabajadores, y, sobre todo, con el<strong> monto de pr\u00e9stamo <\/strong>que puede otorgar el Infonavit.<\/p>\n<p>Debido que, el presidente municipal se\u00f1al\u00f3 que, en Puerto Vallarta, 30,000 trabajadores cumplen con los requisitos para acceder a un cr\u00e9dito<a href=\"https:\/\/centrourbano.com\/revista\/?s=infonavit\" target=\"_blank\" rel=\"noopener\"> Infonavit<\/a>; sin embargo, 20,000 de ellos no cuentan con la posici\u00f3n econ\u00f3mica para costear la compra de una vivienda.<\/p>\n<blockquote><p>\u201cActualmente en puerto Vallarta, m\u00e1s de 30,000 trabajadores cuenta con suficientes puntos para utilizar su cr\u00e9dito Infonavit en las diferentes opciones que se ofrecen, sin embargo, m\u00e1s de 20,000 trabajadores tiene ingresos por debajo de los de los 12,000 pesos y eso s\u00f3lo les permite comprar una vivienda con precios de poquito por encima del del medio mill\u00f3n de pesos. De acuerdo con el registro \u00fanico de vivienda, en Puerto Vallarta se construyen actualmente solo 765 viviendas con un precio superior a los 750,000 pesos. Ese es el tama\u00f1o del reto que tenemos por resolver\u201d, concluy\u00f3.<\/p><\/blockquote>\n<p>&nbsp;<\/p>\n<img loading=\"lazy\" decoding=\"async\" class=\"aligncenter size-large wp-image-151121\" src=\"https:\/\/centrourbano.com\/revista\/wp-content\/uploads\/GZjRgX4WQAw2pwq-1000x563.jpg\" alt=\"DST busca reducir el rezago habitacional con nuevas iniciativas\" width=\"1000\" height=\"563\" srcset=\"https:\/\/centrourbano.com\/revista\/wp-content\/uploads\/GZjRgX4WQAw2pwq-1000x563.jpg 1000w, https:\/\/centrourbano.com\/revista\/wp-content\/uploads\/GZjRgX4WQAw2pwq-300x169.jpg 300w, https:\/\/centrourbano.com\/revista\/wp-content\/uploads\/GZjRgX4WQAw2pwq-768x432.jpg 768w, https:\/\/centrourbano.com\/revista\/wp-content\/uploads\/GZjRgX4WQAw2pwq-1536x864.jpg 1536w, https:\/\/centrourbano.com\/revista\/wp-content\/uploads\/GZjRgX4WQAw2pwq.jpg 1600w\" sizes=\"auto, (max-width: 1000px) 100vw, 1000px\" \/>\n","protected":false},"excerpt":{"rendered":"<p>Los ponentes resaltaron que es necesario que el Infonavit implemente acciones que busquen reducir el rezago habitacional, as\u00ed como impulsar el incremento de la colocaci\u00f3n de cr\u00e9ditos<\/p>\n","protected":false},"author":88,"featured_media":151120,"comment_status":"open","ping_status":"closed","sticky":false,"template":"","format":"standard","meta":{"om_disable_all_campaigns":false,"inline_featured_image":false,"_monsterinsights_skip_tracking":false,"_monsterinsights_sitenote_active":false,"_monsterinsights_sitenote_note":"","_monsterinsights_sitenote_category":0,"footnotes":""},"categories":[12],"tags":[709,4858,16021],"class_list":["post-151119","post","type-post","status-publish","format-standard","has-post-thumbnail","hentry","category-vivienda","tag-rezago-habitacional","tag-vivienda-adecuada","tag-vivienda-asequible"],"yoast_head":"<!-- This site is optimized with the Yoast SEO plugin v27.4 - https:\/\/yoast.com\/product\/yoast-seo-wordpress\/ -->\n<title>DST busca reducir el rezago habitacional con nuevas iniciativas<\/title>\n<meta name=\"description\" content=\"Durante el congreso, los participantes buscar\u00e1n acciones para reducir el rezago habitacional, as\u00ed como facilitar el acceso a financiamiento.\" \/>\n<meta name=\"robots\" content=\"index, follow, max-snippet:-1, max-image-preview:large, max-video-preview:-1\" \/>\n<link rel=\"canonical\" href=\"https:\/\/centrourbano.com\/revista\/vivienda\/rezago-habitacional-infonavit\/\" \/>\n<meta property=\"og:locale\" content=\"es_ES\" \/>\n<meta property=\"og:type\" content=\"article\" \/>\n<meta property=\"og:title\" content=\"DST busca reducir el rezago habitacional con nuevas iniciativas\" \/>\n<meta property=\"og:description\" content=\"Durante el congreso, los participantes buscar\u00e1n acciones para reducir el rezago habitacional, as\u00ed como facilitar el acceso a financiamiento.\" \/>\n<meta property=\"og:url\" content=\"https:\/\/centrourbano.com\/revista\/vivienda\/rezago-habitacional-infonavit\/\" \/>\n<meta property=\"og:site_name\" content=\"Centro Urbano\" \/>\n<meta property=\"article:publisher\" content=\"https:\/\/www.facebook.com\/portalcentrourbano\" \/>\n<meta property=\"article:published_time\" content=\"2024-10-10T19:00:55+00:00\" \/>\n<meta property=\"article:modified_time\" content=\"2024-10-10T22:25:57+00:00\" \/>\n<meta property=\"og:image\" content=\"https:\/\/centrourbano.com\/revista\/wp-content\/uploads\/800-congreso-1-1.jpg\" \/>\n\t<meta property=\"og:image:width\" content=\"800\" \/>\n\t<meta property=\"og:image:height\" content=\"800\" \/>\n\t<meta property=\"og:image:type\" content=\"image\/jpeg\" \/>\n<meta name=\"author\" content=\"Rebeca Romero\" \/>\n<meta name=\"twitter:card\" content=\"summary_large_image\" \/>\n<meta name=\"twitter:creator\" content=\"@CentroUrbano\" \/>\n<meta name=\"twitter:site\" content=\"@CentroUrbano\" \/>\n<meta name=\"twitter:label1\" content=\"Escrito por\" \/>\n\t<meta name=\"twitter:data1\" content=\"Rebeca Romero\" \/>\n\t<meta name=\"twitter:label2\" content=\"Tiempo de lectura\" \/>\n\t<meta name=\"twitter:data2\" content=\"3 minutos\" \/>\n<script type=\"application\/ld+json\" class=\"yoast-schema-graph\">{\"@context\":\"https:\\\/\\\/schema.org\",\"@graph\":[{\"@type\":\"Article\",\"@id\":\"https:\\\/\\\/centrourbano.com\\\/revista\\\/vivienda\\\/rezago-habitacional-infonavit\\\/#article\",\"isPartOf\":{\"@id\":\"https:\\\/\\\/centrourbano.com\\\/revista\\\/vivienda\\\/rezago-habitacional-infonavit\\\/\"},\"author\":{\"name\":\"Rebeca Romero\",\"@id\":\"https:\\\/\\\/centrourbano.com\\\/revista\\\/#\\\/schema\\\/person\\\/c665f1c60da3ad48cd761a707b7090b0\"},\"headline\":\"DST busca reducir el rezago habitacional con nuevas iniciativas\",\"datePublished\":\"2024-10-10T19:00:55+00:00\",\"dateModified\":\"2024-10-10T22:25:57+00:00\",\"mainEntityOfPage\":{\"@id\":\"https:\\\/\\\/centrourbano.com\\\/revista\\\/vivienda\\\/rezago-habitacional-infonavit\\\/\"},\"wordCount\":878,\"commentCount\":0,\"publisher\":{\"@id\":\"https:\\\/\\\/centrourbano.com\\\/revista\\\/#organization\"},\"image\":{\"@id\":\"https:\\\/\\\/centrourbano.com\\\/revista\\\/vivienda\\\/rezago-habitacional-infonavit\\\/#primaryimage\"},\"thumbnailUrl\":\"https:\\\/\\\/centrourbano.com\\\/revista\\\/wp-content\\\/uploads\\\/800-congreso-1-1.jpg\",\"keywords\":[\"Rezago habitacional\",\"vivienda adecuada\",\"Vivienda asequible\"],\"articleSection\":[\"Vivienda\"],\"inLanguage\":\"es\",\"potentialAction\":[{\"@type\":\"CommentAction\",\"name\":\"Comment\",\"target\":[\"https:\\\/\\\/centrourbano.com\\\/revista\\\/vivienda\\\/rezago-habitacional-infonavit\\\/#respond\"]}]},{\"@type\":\"WebPage\",\"@id\":\"https:\\\/\\\/centrourbano.com\\\/revista\\\/vivienda\\\/rezago-habitacional-infonavit\\\/\",\"url\":\"https:\\\/\\\/centrourbano.com\\\/revista\\\/vivienda\\\/rezago-habitacional-infonavit\\\/\",\"name\":\"DST busca reducir el rezago habitacional con nuevas iniciativas\",\"isPartOf\":{\"@id\":\"https:\\\/\\\/centrourbano.com\\\/revista\\\/#website\"},\"primaryImageOfPage\":{\"@id\":\"https:\\\/\\\/centrourbano.com\\\/revista\\\/vivienda\\\/rezago-habitacional-infonavit\\\/#primaryimage\"},\"image\":{\"@id\":\"https:\\\/\\\/centrourbano.com\\\/revista\\\/vivienda\\\/rezago-habitacional-infonavit\\\/#primaryimage\"},\"thumbnailUrl\":\"https:\\\/\\\/centrourbano.com\\\/revista\\\/wp-content\\\/uploads\\\/800-congreso-1-1.jpg\",\"datePublished\":\"2024-10-10T19:00:55+00:00\",\"dateModified\":\"2024-10-10T22:25:57+00:00\",\"description\":\"Durante el congreso, los participantes buscar\u00e1n acciones para reducir el rezago habitacional, as\u00ed como facilitar el acceso a financiamiento.\",\"breadcrumb\":{\"@id\":\"https:\\\/\\\/centrourbano.com\\\/revista\\\/vivienda\\\/rezago-habitacional-infonavit\\\/#breadcrumb\"},\"inLanguage\":\"es\",\"potentialAction\":[{\"@type\":\"ReadAction\",\"target\":[\"https:\\\/\\\/centrourbano.com\\\/revista\\\/vivienda\\\/rezago-habitacional-infonavit\\\/\"]}]},{\"@type\":\"ImageObject\",\"inLanguage\":\"es\",\"@id\":\"https:\\\/\\\/centrourbano.com\\\/revista\\\/vivienda\\\/rezago-habitacional-infonavit\\\/#primaryimage\",\"url\":\"https:\\\/\\\/centrourbano.com\\\/revista\\\/wp-content\\\/uploads\\\/800-congreso-1-1.jpg\",\"contentUrl\":\"https:\\\/\\\/centrourbano.com\\\/revista\\\/wp-content\\\/uploads\\\/800-congreso-1-1.jpg\",\"width\":800,\"height\":800,\"caption\":\"DST busca reducir el rezago habitacional con nuevas iniciativas\"},{\"@type\":\"BreadcrumbList\",\"@id\":\"https:\\\/\\\/centrourbano.com\\\/revista\\\/vivienda\\\/rezago-habitacional-infonavit\\\/#breadcrumb\",\"itemListElement\":[{\"@type\":\"ListItem\",\"position\":1,\"name\":\"Portada\",\"item\":\"https:\\\/\\\/centrourbano.com\\\/revista\\\/\"},{\"@type\":\"ListItem\",\"position\":2,\"name\":\"DST busca reducir el rezago habitacional con nuevas iniciativas\"}]},{\"@type\":\"WebSite\",\"@id\":\"https:\\\/\\\/centrourbano.com\\\/revista\\\/#website\",\"url\":\"https:\\\/\\\/centrourbano.com\\\/revista\\\/\",\"name\":\"Centro Urbano\",\"description\":\"Medio especializado en los sectores vivienda, inmobiliario, construcci\u00f3n, arquitectura y urbanismo.\",\"publisher\":{\"@id\":\"https:\\\/\\\/centrourbano.com\\\/revista\\\/#organization\"},\"potentialAction\":[{\"@type\":\"SearchAction\",\"target\":{\"@type\":\"EntryPoint\",\"urlTemplate\":\"https:\\\/\\\/centrourbano.com\\\/revista\\\/?s={search_term_string}\"},\"query-input\":{\"@type\":\"PropertyValueSpecification\",\"valueRequired\":true,\"valueName\":\"search_term_string\"}}],\"inLanguage\":\"es\"},{\"@type\":\"Organization\",\"@id\":\"https:\\\/\\\/centrourbano.com\\\/revista\\\/#organization\",\"name\":\"Centro Urbano\",\"url\":\"https:\\\/\\\/centrourbano.com\\\/revista\\\/\",\"logo\":{\"@type\":\"ImageObject\",\"inLanguage\":\"es\",\"@id\":\"https:\\\/\\\/centrourbano.com\\\/revista\\\/#\\\/schema\\\/logo\\\/image\\\/\",\"url\":\"https:\\\/\\\/centrourbano.com\\\/revista\\\/wp-content\\\/uploads\\\/web_CU_logo-1.png\",\"contentUrl\":\"https:\\\/\\\/centrourbano.com\\\/revista\\\/wp-content\\\/uploads\\\/web_CU_logo-1.png\",\"width\":350,\"height\":91,\"caption\":\"Centro Urbano\"},\"image\":{\"@id\":\"https:\\\/\\\/centrourbano.com\\\/revista\\\/#\\\/schema\\\/logo\\\/image\\\/\"},\"sameAs\":[\"https:\\\/\\\/www.facebook.com\\\/portalcentrourbano\",\"https:\\\/\\\/x.com\\\/CentroUrbano\",\"https:\\\/\\\/www.instagram.com\\\/centro_urbano\\\/\",\"https:\\\/\\\/www.linkedin.com\\\/company\\\/centro-urbano\\\/\",\"http:\\\/\\\/www.youtube.com\\\/user\\\/portalcentrourbano\"]},{\"@type\":\"Person\",\"@id\":\"https:\\\/\\\/centrourbano.com\\\/revista\\\/#\\\/schema\\\/person\\\/c665f1c60da3ad48cd761a707b7090b0\",\"name\":\"Rebeca Romero\",\"image\":{\"@type\":\"ImageObject\",\"inLanguage\":\"es\",\"@id\":\"https:\\\/\\\/secure.gravatar.com\\\/avatar\\\/aee0068ae3cc041082e0e84a8258fe5ccc00a733f187bde73b0b40d86b892826?s=96&d=mm&r=g\",\"url\":\"https:\\\/\\\/secure.gravatar.com\\\/avatar\\\/aee0068ae3cc041082e0e84a8258fe5ccc00a733f187bde73b0b40d86b892826?s=96&d=mm&r=g\",\"contentUrl\":\"https:\\\/\\\/secure.gravatar.com\\\/avatar\\\/aee0068ae3cc041082e0e84a8258fe5ccc00a733f187bde73b0b40d86b892826?s=96&d=mm&r=g\",\"caption\":\"Rebeca Romero\"},\"url\":\"https:\\\/\\\/centrourbano.com\\\/revista\\\/author\\\/rebeca-romero\\\/\"}]}<\/script>\n<!-- \/ Yoast SEO plugin. -->","yoast_head_json":{"title":"DST busca reducir el rezago habitacional con nuevas iniciativas","description":"Durante el congreso, los participantes buscar\u00e1n acciones para reducir el rezago habitacional, as\u00ed como facilitar el acceso a financiamiento.","robots":{"index":"index","follow":"follow","max-snippet":"max-snippet:-1","max-image-preview":"max-image-preview:large","max-video-preview":"max-video-preview:-1"},"canonical":"https:\/\/centrourbano.com\/revista\/vivienda\/rezago-habitacional-infonavit\/","og_locale":"es_ES","og_type":"article","og_title":"DST busca reducir el rezago habitacional con nuevas iniciativas","og_description":"Durante el congreso, los participantes buscar\u00e1n acciones para reducir el rezago habitacional, as\u00ed como facilitar el acceso a financiamiento.","og_url":"https:\/\/centrourbano.com\/revista\/vivienda\/rezago-habitacional-infonavit\/","og_site_name":"Centro Urbano","article_publisher":"https:\/\/www.facebook.com\/portalcentrourbano","article_published_time":"2024-10-10T19:00:55+00:00","article_modified_time":"2024-10-10T22:25:57+00:00","og_image":[{"width":800,"height":800,"url":"https:\/\/centrourbano.com\/revista\/wp-content\/uploads\/800-congreso-1-1.jpg","type":"image\/jpeg"}],"author":"Rebeca Romero","twitter_card":"summary_large_image","twitter_creator":"@CentroUrbano","twitter_site":"@CentroUrbano","twitter_misc":{"Escrito por":"Rebeca Romero","Tiempo de lectura":"3 minutos"},"schema":{"@context":"https:\/\/schema.org","@graph":[{"@type":"Article","@id":"https:\/\/centrourbano.com\/revista\/vivienda\/rezago-habitacional-infonavit\/#article","isPartOf":{"@id":"https:\/\/centrourbano.com\/revista\/vivienda\/rezago-habitacional-infonavit\/"},"author":{"name":"Rebeca Romero","@id":"https:\/\/centrourbano.com\/revista\/#\/schema\/person\/c665f1c60da3ad48cd761a707b7090b0"},"headline":"DST busca reducir el rezago habitacional con nuevas iniciativas","datePublished":"2024-10-10T19:00:55+00:00","dateModified":"2024-10-10T22:25:57+00:00","mainEntityOfPage":{"@id":"https:\/\/centrourbano.com\/revista\/vivienda\/rezago-habitacional-infonavit\/"},"wordCount":878,"commentCount":0,"publisher":{"@id":"https:\/\/centrourbano.com\/revista\/#organization"},"image":{"@id":"https:\/\/centrourbano.com\/revista\/vivienda\/rezago-habitacional-infonavit\/#primaryimage"},"thumbnailUrl":"https:\/\/centrourbano.com\/revista\/wp-content\/uploads\/800-congreso-1-1.jpg","keywords":["Rezago habitacional","vivienda adecuada","Vivienda asequible"],"articleSection":["Vivienda"],"inLanguage":"es","potentialAction":[{"@type":"CommentAction","name":"Comment","target":["https:\/\/centrourbano.com\/revista\/vivienda\/rezago-habitacional-infonavit\/#respond"]}]},{"@type":"WebPage","@id":"https:\/\/centrourbano.com\/revista\/vivienda\/rezago-habitacional-infonavit\/","url":"https:\/\/centrourbano.com\/revista\/vivienda\/rezago-habitacional-infonavit\/","name":"DST busca reducir el rezago habitacional con nuevas iniciativas","isPartOf":{"@id":"https:\/\/centrourbano.com\/revista\/#website"},"primaryImageOfPage":{"@id":"https:\/\/centrourbano.com\/revista\/vivienda\/rezago-habitacional-infonavit\/#primaryimage"},"image":{"@id":"https:\/\/centrourbano.com\/revista\/vivienda\/rezago-habitacional-infonavit\/#primaryimage"},"thumbnailUrl":"https:\/\/centrourbano.com\/revista\/wp-content\/uploads\/800-congreso-1-1.jpg","datePublished":"2024-10-10T19:00:55+00:00","dateModified":"2024-10-10T22:25:57+00:00","description":"Durante el congreso, los participantes buscar\u00e1n acciones para reducir el rezago habitacional, as\u00ed como facilitar el acceso a financiamiento.","breadcrumb":{"@id":"https:\/\/centrourbano.com\/revista\/vivienda\/rezago-habitacional-infonavit\/#breadcrumb"},"inLanguage":"es","potentialAction":[{"@type":"ReadAction","target":["https:\/\/centrourbano.com\/revista\/vivienda\/rezago-habitacional-infonavit\/"]}]},{"@type":"ImageObject","inLanguage":"es","@id":"https:\/\/centrourbano.com\/revista\/vivienda\/rezago-habitacional-infonavit\/#primaryimage","url":"https:\/\/centrourbano.com\/revista\/wp-content\/uploads\/800-congreso-1-1.jpg","contentUrl":"https:\/\/centrourbano.com\/revista\/wp-content\/uploads\/800-congreso-1-1.jpg","width":800,"height":800,"caption":"DST busca reducir el rezago habitacional con nuevas iniciativas"},{"@type":"BreadcrumbList","@id":"https:\/\/centrourbano.com\/revista\/vivienda\/rezago-habitacional-infonavit\/#breadcrumb","itemListElement":[{"@type":"ListItem","position":1,"name":"Portada","item":"https:\/\/centrourbano.com\/revista\/"},{"@type":"ListItem","position":2,"name":"DST busca reducir el rezago habitacional con nuevas iniciativas"}]},{"@type":"WebSite","@id":"https:\/\/centrourbano.com\/revista\/#website","url":"https:\/\/centrourbano.com\/revista\/","name":"Centro Urbano","description":"Medio especializado en los sectores vivienda, inmobiliario, construcci\u00f3n, arquitectura y urbanismo.","publisher":{"@id":"https:\/\/centrourbano.com\/revista\/#organization"},"potentialAction":[{"@type":"SearchAction","target":{"@type":"EntryPoint","urlTemplate":"https:\/\/centrourbano.com\/revista\/?s={search_term_string}"},"query-input":{"@type":"PropertyValueSpecification","valueRequired":true,"valueName":"search_term_string"}}],"inLanguage":"es"},{"@type":"Organization","@id":"https:\/\/centrourbano.com\/revista\/#organization","name":"Centro Urbano","url":"https:\/\/centrourbano.com\/revista\/","logo":{"@type":"ImageObject","inLanguage":"es","@id":"https:\/\/centrourbano.com\/revista\/#\/schema\/logo\/image\/","url":"https:\/\/centrourbano.com\/revista\/wp-content\/uploads\/web_CU_logo-1.png","contentUrl":"https:\/\/centrourbano.com\/revista\/wp-content\/uploads\/web_CU_logo-1.png","width":350,"height":91,"caption":"Centro Urbano"},"image":{"@id":"https:\/\/centrourbano.com\/revista\/#\/schema\/logo\/image\/"},"sameAs":["https:\/\/www.facebook.com\/portalcentrourbano","https:\/\/x.com\/CentroUrbano","https:\/\/www.instagram.com\/centro_urbano\/","https:\/\/www.linkedin.com\/company\/centro-urbano\/","http:\/\/www.youtube.com\/user\/portalcentrourbano"]},{"@type":"Person","@id":"https:\/\/centrourbano.com\/revista\/#\/schema\/person\/c665f1c60da3ad48cd761a707b7090b0","name":"Rebeca Romero","image":{"@type":"ImageObject","inLanguage":"es","@id":"https:\/\/secure.gravatar.com\/avatar\/aee0068ae3cc041082e0e84a8258fe5ccc00a733f187bde73b0b40d86b892826?s=96&d=mm&r=g","url":"https:\/\/secure.gravatar.com\/avatar\/aee0068ae3cc041082e0e84a8258fe5ccc00a733f187bde73b0b40d86b892826?s=96&d=mm&r=g","contentUrl":"https:\/\/secure.gravatar.com\/avatar\/aee0068ae3cc041082e0e84a8258fe5ccc00a733f187bde73b0b40d86b892826?s=96&d=mm&r=g","caption":"Rebeca Romero"},"url":"https:\/\/centrourbano.com\/revista\/author\/rebeca-romero\/"}]}},"_links":{"self":[{"href":"https:\/\/centrourbano.com\/revista\/wp-json\/wp\/v2\/posts\/151119","targetHints":{"allow":["GET"]}}],"collection":[{"href":"https:\/\/centrourbano.com\/revista\/wp-json\/wp\/v2\/posts"}],"about":[{"href":"https:\/\/centrourbano.com\/revista\/wp-json\/wp\/v2\/types\/post"}],"author":[{"embeddable":true,"href":"https:\/\/centrourbano.com\/revista\/wp-json\/wp\/v2\/users\/88"}],"replies":[{"embeddable":true,"href":"https:\/\/centrourbano.com\/revista\/wp-json\/wp\/v2\/comments?post=151119"}],"version-history":[{"count":3,"href":"https:\/\/centrourbano.com\/revista\/wp-json\/wp\/v2\/posts\/151119\/revisions"}],"predecessor-version":[{"id":151127,"href":"https:\/\/centrourbano.com\/revista\/wp-json\/wp\/v2\/posts\/151119\/revisions\/151127"}],"wp:featuredmedia":[{"embeddable":true,"href":"https:\/\/centrourbano.com\/revista\/wp-json\/wp\/v2\/media\/151120"}],"wp:attachment":[{"href":"https:\/\/centrourbano.com\/revista\/wp-json\/wp\/v2\/media?parent=151119"}],"wp:term":[{"taxonomy":"category","embeddable":true,"href":"https:\/\/centrourbano.com\/revista\/wp-json\/wp\/v2\/categories?post=151119"},{"taxonomy":"post_tag","embeddable":true,"href":"https:\/\/centrourbano.com\/revista\/wp-json\/wp\/v2\/tags?post=151119"}],"curies":[{"name":"wp","href":"https:\/\/api.w.org\/{rel}","templated":true}]}}