{"id":151109,"date":"2024-10-10T09:00:56","date_gmt":"2024-10-10T15:00:56","guid":{"rendered":"https:\/\/centrourbano.com\/revista\/?p=151109"},"modified":"2024-10-09T22:58:41","modified_gmt":"2024-10-10T04:58:41","slug":"diputados-vias-ferreas-pasajeros","status":"publish","type":"post","link":"https:\/\/centrourbano.com\/revista\/urbanismo\/diputados-vias-ferreas-pasajeros\/","title":{"rendered":"Aprueban Diputados que v\u00edas f\u00e9rreas se usen para trenes de pasajeros"},"content":{"rendered":"<p><em>\u201cUn servicio ferroviario de transporte de personas competitivo solo ser\u00e1 posible si mejora en t\u00e9rminos de las v\u00edas, locomotoras y tiempos de traslado\u201d<\/em><!--more--><\/p>\n<p>La <strong>C\u00e1mara de Diputados<\/strong> aprob\u00f3 el dictamen que reforma el art\u00edculo 28 de la <strong>Constituci\u00f3n Pol\u00edtica<\/strong>, a fin de que el Estado mexicano retome el derecho de utilizar las v\u00edas ferroviarias para prestar el servicio de transporte de pasajeros.<\/p>\n<p>Al respecto, el <strong>diputado Sergio Guti\u00e9rrez Luna, presidente de la Mesa Directiva<\/strong>, explic\u00f3 que el dictamen establece la reanudaci\u00f3n del derecho de parte del Estado mexicano a utilizar las <strong>v\u00edas ferroviarias<\/strong> para prestar el servicio de transporte de pasajeros.<\/p>\n<p>Para ello, el documento indica que el <strong>Ejecutivo Federal <\/strong>podr\u00e1 otorgar asignaciones a empresas p\u00fablicas o concesiones a particulares; adem\u00e1s de que menciona que, tanto el <strong>transporte de pasajeros como de carga<\/strong>, son \u00e1reas prioritarias para el desarrollo nacional.<\/p>\n<p>Asimismo, destaca que particulares que cuenten con concesiones para prestar el servicio de transporte ferroviario de carga podr\u00e1n obtener concesiones para prestar el servicio de transporte de pasajeros.<\/p>\n<p>Por otro lado, el dictamen considera conveniente que las <strong>v\u00edas ferroviarias<\/strong> tengan un uso m\u00e1s eficiente, que no se concentre en el transporte de carga, sino que se ampl\u00ede al transporte de pasajeros.<\/p>\n<p>Lo anterior, con la participaci\u00f3n de empresas a las que se asigne o concesione el servicio en la forma y t\u00e9rminos que determine la ley, a fin de propiciar que el transporte de personas por la <strong>red carretera<\/strong> se diversifique y ampl\u00ede al ferroviario.<\/p>\n<p>Finalmente, indica que el <strong>usuario final<\/strong> de ese servicio de transporte en el futuro podr\u00e1 elegir entre los diversos servicios disponibles.<\/p>\n<p>\u201cUn <strong>servicio ferroviario de transporte de personas competitivo<\/strong> solo ser\u00e1 posible si mejora en t\u00e9rminos de las v\u00edas, locomotoras, carros, coche, tiempos de traslado, precio, seguridad y calidad de servicio, en especial frente al transporte por carretera\u201d, subraya el documento.<\/p>\n","protected":false},"excerpt":{"rendered":"<p>\u201cUn servicio ferroviario de transporte de personas competitivo solo ser\u00e1 posible si mejora en t\u00e9rminos de las v\u00edas, locomotoras y tiempos de traslado\u201d<\/p>\n","protected":false},"author":73,"featured_media":151110,"comment_status":"open","ping_status":"closed","sticky":false,"template":"","format":"standard","meta":{"om_disable_all_campaigns":false,"inline_featured_image":false,"_monsterinsights_skip_tracking":false,"_monsterinsights_sitenote_active":false,"_monsterinsights_sitenote_note":"","_monsterinsights_sitenote_category":0,"footnotes":""},"categories":[82],"tags":[197,193,1706,18955,11898],"class_list":["post-151109","post","type-post","status-publish","format-standard","has-post-thumbnail","hentry","category-urbanismo","tag-camara-de-diputados","tag-reforma","tag-transporte-de-carga","tag-transporte-de-pasajeros","tag-vias-ferreas"],"yoast_head":"<!-- This site is optimized with the Yoast SEO plugin v27.4 - https:\/\/yoast.com\/product\/yoast-seo-wordpress\/ -->\n<title>Aprueban que v\u00edas f\u00e9rreas se usen para trenes de pasajeros<\/title>\n<meta name=\"description\" content=\"\u201cUn servicio ferroviario de transporte de personas competitivo solo ser\u00e1 posible si mejora en t\u00e9rminos de las v\u00edas, locomotoras y tiempos\u201d\" \/>\n<meta name=\"robots\" content=\"index, follow, max-snippet:-1, max-image-preview:large, max-video-preview:-1\" \/>\n<link rel=\"canonical\" href=\"https:\/\/centrourbano.com\/revista\/urbanismo\/diputados-vias-ferreas-pasajeros\/\" \/>\n<meta property=\"og:locale\" content=\"es_ES\" \/>\n<meta property=\"og:type\" content=\"article\" \/>\n<meta property=\"og:title\" content=\"Aprueban que v\u00edas f\u00e9rreas se usen para trenes de pasajeros\" \/>\n<meta property=\"og:description\" content=\"\u201cUn servicio ferroviario de transporte de personas competitivo solo ser\u00e1 posible si mejora en t\u00e9rminos de las v\u00edas, locomotoras y tiempos\u201d\" \/>\n<meta property=\"og:url\" content=\"https:\/\/centrourbano.com\/revista\/urbanismo\/diputados-vias-ferreas-pasajeros\/\" \/>\n<meta property=\"og:site_name\" content=\"Centro Urbano\" \/>\n<meta property=\"article:publisher\" content=\"https:\/\/www.facebook.com\/portalcentrourbano\" \/>\n<meta property=\"article:published_time\" content=\"2024-10-10T15:00:56+00:00\" \/>\n<meta property=\"og:image\" content=\"https:\/\/centrourbano.com\/revista\/wp-content\/uploads\/Aprueban-Diputados-que-vi\u0301as-fe\u0301rreas-se-usen-para-trenes-de-pasajeros.jpg\" \/>\n\t<meta property=\"og:image:width\" content=\"1100\" \/>\n\t<meta property=\"og:image:height\" content=\"960\" \/>\n\t<meta property=\"og:image:type\" content=\"image\/jpeg\" \/>\n<meta name=\"author\" content=\"Fernanda Hern\u00e1ndez\" \/>\n<meta name=\"twitter:card\" content=\"summary_large_image\" \/>\n<meta name=\"twitter:creator\" content=\"@https:\/\/twitter.com\/Nannz_Hernandez\" \/>\n<meta name=\"twitter:site\" content=\"@CentroUrbano\" \/>\n<meta name=\"twitter:label1\" content=\"Escrito por\" \/>\n\t<meta name=\"twitter:data1\" content=\"Fernanda Hern\u00e1ndez\" \/>\n\t<meta name=\"twitter:label2\" content=\"Tiempo de lectura\" \/>\n\t<meta name=\"twitter:data2\" content=\"2 minutos\" \/>\n<script type=\"application\/ld+json\" class=\"yoast-schema-graph\">{\"@context\":\"https:\\\/\\\/schema.org\",\"@graph\":[{\"@type\":\"Article\",\"@id\":\"https:\\\/\\\/centrourbano.com\\\/revista\\\/urbanismo\\\/diputados-vias-ferreas-pasajeros\\\/#article\",\"isPartOf\":{\"@id\":\"https:\\\/\\\/centrourbano.com\\\/revista\\\/urbanismo\\\/diputados-vias-ferreas-pasajeros\\\/\"},\"author\":{\"name\":\"Fernanda Hern\u00e1ndez\",\"@id\":\"https:\\\/\\\/centrourbano.com\\\/revista\\\/#\\\/schema\\\/person\\\/b190b20bbbceb41ec72278c546fa8df3\"},\"headline\":\"Aprueban Diputados que v\u00edas f\u00e9rreas se usen para trenes de pasajeros\",\"datePublished\":\"2024-10-10T15:00:56+00:00\",\"mainEntityOfPage\":{\"@id\":\"https:\\\/\\\/centrourbano.com\\\/revista\\\/urbanismo\\\/diputados-vias-ferreas-pasajeros\\\/\"},\"wordCount\":339,\"commentCount\":0,\"publisher\":{\"@id\":\"https:\\\/\\\/centrourbano.com\\\/revista\\\/#organization\"},\"image\":{\"@id\":\"https:\\\/\\\/centrourbano.com\\\/revista\\\/urbanismo\\\/diputados-vias-ferreas-pasajeros\\\/#primaryimage\"},\"thumbnailUrl\":\"https:\\\/\\\/centrourbano.com\\\/revista\\\/wp-content\\\/uploads\\\/Aprueban-Diputados-que-vi\u0301as-fe\u0301rreas-se-usen-para-trenes-de-pasajeros.jpg\",\"keywords\":[\"C\u00e1mara de diputados\",\"reforma\",\"transporte de carga\",\"transporte de pasajeros\",\"v\u00edas f\u00e9rreas\"],\"articleSection\":[\"Urbanismo\"],\"inLanguage\":\"es\",\"potentialAction\":[{\"@type\":\"CommentAction\",\"name\":\"Comment\",\"target\":[\"https:\\\/\\\/centrourbano.com\\\/revista\\\/urbanismo\\\/diputados-vias-ferreas-pasajeros\\\/#respond\"]}]},{\"@type\":\"WebPage\",\"@id\":\"https:\\\/\\\/centrourbano.com\\\/revista\\\/urbanismo\\\/diputados-vias-ferreas-pasajeros\\\/\",\"url\":\"https:\\\/\\\/centrourbano.com\\\/revista\\\/urbanismo\\\/diputados-vias-ferreas-pasajeros\\\/\",\"name\":\"Aprueban que v\u00edas f\u00e9rreas se usen para trenes de pasajeros\",\"isPartOf\":{\"@id\":\"https:\\\/\\\/centrourbano.com\\\/revista\\\/#website\"},\"primaryImageOfPage\":{\"@id\":\"https:\\\/\\\/centrourbano.com\\\/revista\\\/urbanismo\\\/diputados-vias-ferreas-pasajeros\\\/#primaryimage\"},\"image\":{\"@id\":\"https:\\\/\\\/centrourbano.com\\\/revista\\\/urbanismo\\\/diputados-vias-ferreas-pasajeros\\\/#primaryimage\"},\"thumbnailUrl\":\"https:\\\/\\\/centrourbano.com\\\/revista\\\/wp-content\\\/uploads\\\/Aprueban-Diputados-que-vi\u0301as-fe\u0301rreas-se-usen-para-trenes-de-pasajeros.jpg\",\"datePublished\":\"2024-10-10T15:00:56+00:00\",\"description\":\"\u201cUn servicio ferroviario de transporte de personas competitivo solo ser\u00e1 posible si mejora en t\u00e9rminos de las v\u00edas, locomotoras y tiempos\u201d\",\"breadcrumb\":{\"@id\":\"https:\\\/\\\/centrourbano.com\\\/revista\\\/urbanismo\\\/diputados-vias-ferreas-pasajeros\\\/#breadcrumb\"},\"inLanguage\":\"es\",\"potentialAction\":[{\"@type\":\"ReadAction\",\"target\":[\"https:\\\/\\\/centrourbano.com\\\/revista\\\/urbanismo\\\/diputados-vias-ferreas-pasajeros\\\/\"]}]},{\"@type\":\"ImageObject\",\"inLanguage\":\"es\",\"@id\":\"https:\\\/\\\/centrourbano.com\\\/revista\\\/urbanismo\\\/diputados-vias-ferreas-pasajeros\\\/#primaryimage\",\"url\":\"https:\\\/\\\/centrourbano.com\\\/revista\\\/wp-content\\\/uploads\\\/Aprueban-Diputados-que-vi\u0301as-fe\u0301rreas-se-usen-para-trenes-de-pasajeros.jpg\",\"contentUrl\":\"https:\\\/\\\/centrourbano.com\\\/revista\\\/wp-content\\\/uploads\\\/Aprueban-Diputados-que-vi\u0301as-fe\u0301rreas-se-usen-para-trenes-de-pasajeros.jpg\",\"width\":1100,\"height\":960,\"caption\":\"\u201cUn servicio ferroviario de transporte de personas competitivo solo ser\u00e1 posible si mejora en t\u00e9rminos de las v\u00edas, locomotoras y tiempos de traslado\u201d\"},{\"@type\":\"BreadcrumbList\",\"@id\":\"https:\\\/\\\/centrourbano.com\\\/revista\\\/urbanismo\\\/diputados-vias-ferreas-pasajeros\\\/#breadcrumb\",\"itemListElement\":[{\"@type\":\"ListItem\",\"position\":1,\"name\":\"Portada\",\"item\":\"https:\\\/\\\/centrourbano.com\\\/revista\\\/\"},{\"@type\":\"ListItem\",\"position\":2,\"name\":\"Aprueban Diputados que v\u00edas f\u00e9rreas se usen para trenes de pasajeros\"}]},{\"@type\":\"WebSite\",\"@id\":\"https:\\\/\\\/centrourbano.com\\\/revista\\\/#website\",\"url\":\"https:\\\/\\\/centrourbano.com\\\/revista\\\/\",\"name\":\"Centro Urbano\",\"description\":\"Medio especializado en los sectores vivienda, inmobiliario, construcci\u00f3n, arquitectura y urbanismo.\",\"publisher\":{\"@id\":\"https:\\\/\\\/centrourbano.com\\\/revista\\\/#organization\"},\"potentialAction\":[{\"@type\":\"SearchAction\",\"target\":{\"@type\":\"EntryPoint\",\"urlTemplate\":\"https:\\\/\\\/centrourbano.com\\\/revista\\\/?s={search_term_string}\"},\"query-input\":{\"@type\":\"PropertyValueSpecification\",\"valueRequired\":true,\"valueName\":\"search_term_string\"}}],\"inLanguage\":\"es\"},{\"@type\":\"Organization\",\"@id\":\"https:\\\/\\\/centrourbano.com\\\/revista\\\/#organization\",\"name\":\"Centro Urbano\",\"url\":\"https:\\\/\\\/centrourbano.com\\\/revista\\\/\",\"logo\":{\"@type\":\"ImageObject\",\"inLanguage\":\"es\",\"@id\":\"https:\\\/\\\/centrourbano.com\\\/revista\\\/#\\\/schema\\\/logo\\\/image\\\/\",\"url\":\"https:\\\/\\\/centrourbano.com\\\/revista\\\/wp-content\\\/uploads\\\/web_CU_logo-1.png\",\"contentUrl\":\"https:\\\/\\\/centrourbano.com\\\/revista\\\/wp-content\\\/uploads\\\/web_CU_logo-1.png\",\"width\":350,\"height\":91,\"caption\":\"Centro Urbano\"},\"image\":{\"@id\":\"https:\\\/\\\/centrourbano.com\\\/revista\\\/#\\\/schema\\\/logo\\\/image\\\/\"},\"sameAs\":[\"https:\\\/\\\/www.facebook.com\\\/portalcentrourbano\",\"https:\\\/\\\/x.com\\\/CentroUrbano\",\"https:\\\/\\\/www.instagram.com\\\/centro_urbano\\\/\",\"https:\\\/\\\/www.linkedin.com\\\/company\\\/centro-urbano\\\/\",\"http:\\\/\\\/www.youtube.com\\\/user\\\/portalcentrourbano\"]},{\"@type\":\"Person\",\"@id\":\"https:\\\/\\\/centrourbano.com\\\/revista\\\/#\\\/schema\\\/person\\\/b190b20bbbceb41ec72278c546fa8df3\",\"name\":\"Fernanda Hern\u00e1ndez\",\"image\":{\"@type\":\"ImageObject\",\"inLanguage\":\"es\",\"@id\":\"https:\\\/\\\/secure.gravatar.com\\\/avatar\\\/9471831fb0a24eae9d32d826a7cb8ef07c34a41520aca1a0ab1f5c0903ba49b9?s=96&d=mm&r=g\",\"url\":\"https:\\\/\\\/secure.gravatar.com\\\/avatar\\\/9471831fb0a24eae9d32d826a7cb8ef07c34a41520aca1a0ab1f5c0903ba49b9?s=96&d=mm&r=g\",\"contentUrl\":\"https:\\\/\\\/secure.gravatar.com\\\/avatar\\\/9471831fb0a24eae9d32d826a7cb8ef07c34a41520aca1a0ab1f5c0903ba49b9?s=96&d=mm&r=g\",\"caption\":\"Fernanda Hern\u00e1ndez\"},\"description\":\"Reportera y redactora en Centro Urbano. Soy egresada de la licenciatura en Ciencias de la Comunicaci\u00f3n de la Facultad de Ciencias Pol\u00edticas y Sociales (UNAM). Me interesa la cultura, el urbanismo y la arquitectura. Amante del mundo digital, el cine, la m\u00fasica, la lectura y la escritura.\",\"sameAs\":[\"https:\\\/\\\/x.com\\\/https:\\\/\\\/twitter.com\\\/Nannz_Hernandez\"],\"url\":\"https:\\\/\\\/centrourbano.com\\\/revista\\\/author\\\/fernanda-hernandez\\\/\"}]}<\/script>\n<!-- \/ Yoast SEO plugin. -->","yoast_head_json":{"title":"Aprueban que v\u00edas f\u00e9rreas se usen para trenes de pasajeros","description":"\u201cUn servicio ferroviario de transporte de personas competitivo solo ser\u00e1 posible si mejora en t\u00e9rminos de las v\u00edas, locomotoras y tiempos\u201d","robots":{"index":"index","follow":"follow","max-snippet":"max-snippet:-1","max-image-preview":"max-image-preview:large","max-video-preview":"max-video-preview:-1"},"canonical":"https:\/\/centrourbano.com\/revista\/urbanismo\/diputados-vias-ferreas-pasajeros\/","og_locale":"es_ES","og_type":"article","og_title":"Aprueban que v\u00edas f\u00e9rreas se usen para trenes de pasajeros","og_description":"\u201cUn servicio ferroviario de transporte de personas competitivo solo ser\u00e1 posible si mejora en t\u00e9rminos de las v\u00edas, locomotoras y tiempos\u201d","og_url":"https:\/\/centrourbano.com\/revista\/urbanismo\/diputados-vias-ferreas-pasajeros\/","og_site_name":"Centro Urbano","article_publisher":"https:\/\/www.facebook.com\/portalcentrourbano","article_published_time":"2024-10-10T15:00:56+00:00","og_image":[{"width":1100,"height":960,"url":"https:\/\/centrourbano.com\/revista\/wp-content\/uploads\/Aprueban-Diputados-que-vi\u0301as-fe\u0301rreas-se-usen-para-trenes-de-pasajeros.jpg","type":"image\/jpeg"}],"author":"Fernanda Hern\u00e1ndez","twitter_card":"summary_large_image","twitter_creator":"@https:\/\/twitter.com\/Nannz_Hernandez","twitter_site":"@CentroUrbano","twitter_misc":{"Escrito por":"Fernanda Hern\u00e1ndez","Tiempo de lectura":"2 minutos"},"schema":{"@context":"https:\/\/schema.org","@graph":[{"@type":"Article","@id":"https:\/\/centrourbano.com\/revista\/urbanismo\/diputados-vias-ferreas-pasajeros\/#article","isPartOf":{"@id":"https:\/\/centrourbano.com\/revista\/urbanismo\/diputados-vias-ferreas-pasajeros\/"},"author":{"name":"Fernanda Hern\u00e1ndez","@id":"https:\/\/centrourbano.com\/revista\/#\/schema\/person\/b190b20bbbceb41ec72278c546fa8df3"},"headline":"Aprueban Diputados que v\u00edas f\u00e9rreas se usen para trenes de pasajeros","datePublished":"2024-10-10T15:00:56+00:00","mainEntityOfPage":{"@id":"https:\/\/centrourbano.com\/revista\/urbanismo\/diputados-vias-ferreas-pasajeros\/"},"wordCount":339,"commentCount":0,"publisher":{"@id":"https:\/\/centrourbano.com\/revista\/#organization"},"image":{"@id":"https:\/\/centrourbano.com\/revista\/urbanismo\/diputados-vias-ferreas-pasajeros\/#primaryimage"},"thumbnailUrl":"https:\/\/centrourbano.com\/revista\/wp-content\/uploads\/Aprueban-Diputados-que-vi\u0301as-fe\u0301rreas-se-usen-para-trenes-de-pasajeros.jpg","keywords":["C\u00e1mara de diputados","reforma","transporte de carga","transporte de pasajeros","v\u00edas f\u00e9rreas"],"articleSection":["Urbanismo"],"inLanguage":"es","potentialAction":[{"@type":"CommentAction","name":"Comment","target":["https:\/\/centrourbano.com\/revista\/urbanismo\/diputados-vias-ferreas-pasajeros\/#respond"]}]},{"@type":"WebPage","@id":"https:\/\/centrourbano.com\/revista\/urbanismo\/diputados-vias-ferreas-pasajeros\/","url":"https:\/\/centrourbano.com\/revista\/urbanismo\/diputados-vias-ferreas-pasajeros\/","name":"Aprueban que v\u00edas f\u00e9rreas se usen para trenes de pasajeros","isPartOf":{"@id":"https:\/\/centrourbano.com\/revista\/#website"},"primaryImageOfPage":{"@id":"https:\/\/centrourbano.com\/revista\/urbanismo\/diputados-vias-ferreas-pasajeros\/#primaryimage"},"image":{"@id":"https:\/\/centrourbano.com\/revista\/urbanismo\/diputados-vias-ferreas-pasajeros\/#primaryimage"},"thumbnailUrl":"https:\/\/centrourbano.com\/revista\/wp-content\/uploads\/Aprueban-Diputados-que-vi\u0301as-fe\u0301rreas-se-usen-para-trenes-de-pasajeros.jpg","datePublished":"2024-10-10T15:00:56+00:00","description":"\u201cUn servicio ferroviario de transporte de personas competitivo solo ser\u00e1 posible si mejora en t\u00e9rminos de las v\u00edas, locomotoras y tiempos\u201d","breadcrumb":{"@id":"https:\/\/centrourbano.com\/revista\/urbanismo\/diputados-vias-ferreas-pasajeros\/#breadcrumb"},"inLanguage":"es","potentialAction":[{"@type":"ReadAction","target":["https:\/\/centrourbano.com\/revista\/urbanismo\/diputados-vias-ferreas-pasajeros\/"]}]},{"@type":"ImageObject","inLanguage":"es","@id":"https:\/\/centrourbano.com\/revista\/urbanismo\/diputados-vias-ferreas-pasajeros\/#primaryimage","url":"https:\/\/centrourbano.com\/revista\/wp-content\/uploads\/Aprueban-Diputados-que-vi\u0301as-fe\u0301rreas-se-usen-para-trenes-de-pasajeros.jpg","contentUrl":"https:\/\/centrourbano.com\/revista\/wp-content\/uploads\/Aprueban-Diputados-que-vi\u0301as-fe\u0301rreas-se-usen-para-trenes-de-pasajeros.jpg","width":1100,"height":960,"caption":"\u201cUn servicio ferroviario de transporte de personas competitivo solo ser\u00e1 posible si mejora en t\u00e9rminos de las v\u00edas, locomotoras y tiempos de traslado\u201d"},{"@type":"BreadcrumbList","@id":"https:\/\/centrourbano.com\/revista\/urbanismo\/diputados-vias-ferreas-pasajeros\/#breadcrumb","itemListElement":[{"@type":"ListItem","position":1,"name":"Portada","item":"https:\/\/centrourbano.com\/revista\/"},{"@type":"ListItem","position":2,"name":"Aprueban Diputados que v\u00edas f\u00e9rreas se usen para trenes de pasajeros"}]},{"@type":"WebSite","@id":"https:\/\/centrourbano.com\/revista\/#website","url":"https:\/\/centrourbano.com\/revista\/","name":"Centro Urbano","description":"Medio especializado en los sectores vivienda, inmobiliario, construcci\u00f3n, arquitectura y urbanismo.","publisher":{"@id":"https:\/\/centrourbano.com\/revista\/#organization"},"potentialAction":[{"@type":"SearchAction","target":{"@type":"EntryPoint","urlTemplate":"https:\/\/centrourbano.com\/revista\/?s={search_term_string}"},"query-input":{"@type":"PropertyValueSpecification","valueRequired":true,"valueName":"search_term_string"}}],"inLanguage":"es"},{"@type":"Organization","@id":"https:\/\/centrourbano.com\/revista\/#organization","name":"Centro Urbano","url":"https:\/\/centrourbano.com\/revista\/","logo":{"@type":"ImageObject","inLanguage":"es","@id":"https:\/\/centrourbano.com\/revista\/#\/schema\/logo\/image\/","url":"https:\/\/centrourbano.com\/revista\/wp-content\/uploads\/web_CU_logo-1.png","contentUrl":"https:\/\/centrourbano.com\/revista\/wp-content\/uploads\/web_CU_logo-1.png","width":350,"height":91,"caption":"Centro Urbano"},"image":{"@id":"https:\/\/centrourbano.com\/revista\/#\/schema\/logo\/image\/"},"sameAs":["https:\/\/www.facebook.com\/portalcentrourbano","https:\/\/x.com\/CentroUrbano","https:\/\/www.instagram.com\/centro_urbano\/","https:\/\/www.linkedin.com\/company\/centro-urbano\/","http:\/\/www.youtube.com\/user\/portalcentrourbano"]},{"@type":"Person","@id":"https:\/\/centrourbano.com\/revista\/#\/schema\/person\/b190b20bbbceb41ec72278c546fa8df3","name":"Fernanda Hern\u00e1ndez","image":{"@type":"ImageObject","inLanguage":"es","@id":"https:\/\/secure.gravatar.com\/avatar\/9471831fb0a24eae9d32d826a7cb8ef07c34a41520aca1a0ab1f5c0903ba49b9?s=96&d=mm&r=g","url":"https:\/\/secure.gravatar.com\/avatar\/9471831fb0a24eae9d32d826a7cb8ef07c34a41520aca1a0ab1f5c0903ba49b9?s=96&d=mm&r=g","contentUrl":"https:\/\/secure.gravatar.com\/avatar\/9471831fb0a24eae9d32d826a7cb8ef07c34a41520aca1a0ab1f5c0903ba49b9?s=96&d=mm&r=g","caption":"Fernanda Hern\u00e1ndez"},"description":"Reportera y redactora en Centro Urbano. Soy egresada de la licenciatura en Ciencias de la Comunicaci\u00f3n de la Facultad de Ciencias Pol\u00edticas y Sociales (UNAM). Me interesa la cultura, el urbanismo y la arquitectura. Amante del mundo digital, el cine, la m\u00fasica, la lectura y la escritura.","sameAs":["https:\/\/x.com\/https:\/\/twitter.com\/Nannz_Hernandez"],"url":"https:\/\/centrourbano.com\/revista\/author\/fernanda-hernandez\/"}]}},"_links":{"self":[{"href":"https:\/\/centrourbano.com\/revista\/wp-json\/wp\/v2\/posts\/151109","targetHints":{"allow":["GET"]}}],"collection":[{"href":"https:\/\/centrourbano.com\/revista\/wp-json\/wp\/v2\/posts"}],"about":[{"href":"https:\/\/centrourbano.com\/revista\/wp-json\/wp\/v2\/types\/post"}],"author":[{"embeddable":true,"href":"https:\/\/centrourbano.com\/revista\/wp-json\/wp\/v2\/users\/73"}],"replies":[{"embeddable":true,"href":"https:\/\/centrourbano.com\/revista\/wp-json\/wp\/v2\/comments?post=151109"}],"version-history":[{"count":1,"href":"https:\/\/centrourbano.com\/revista\/wp-json\/wp\/v2\/posts\/151109\/revisions"}],"predecessor-version":[{"id":151111,"href":"https:\/\/centrourbano.com\/revista\/wp-json\/wp\/v2\/posts\/151109\/revisions\/151111"}],"wp:featuredmedia":[{"embeddable":true,"href":"https:\/\/centrourbano.com\/revista\/wp-json\/wp\/v2\/media\/151110"}],"wp:attachment":[{"href":"https:\/\/centrourbano.com\/revista\/wp-json\/wp\/v2\/media?parent=151109"}],"wp:term":[{"taxonomy":"category","embeddable":true,"href":"https:\/\/centrourbano.com\/revista\/wp-json\/wp\/v2\/categories?post=151109"},{"taxonomy":"post_tag","embeddable":true,"href":"https:\/\/centrourbano.com\/revista\/wp-json\/wp\/v2\/tags?post=151109"}],"curies":[{"name":"wp","href":"https:\/\/api.w.org\/{rel}","templated":true}]}}