{"id":150959,"date":"2024-10-03T16:56:29","date_gmt":"2024-10-03T22:56:29","guid":{"rendered":"https:\/\/centrourbano.com\/revista\/?p=150959"},"modified":"2024-10-03T17:57:00","modified_gmt":"2024-10-03T23:57:00","slug":"propone-clara-brugada-vivienda","status":"publish","type":"post","link":"https:\/\/centrourbano.com\/revista\/vivienda\/propone-clara-brugada-vivienda\/","title":{"rendered":"\u00bfQu\u00e9 propone Clara Brugada en materia de vivienda?"},"content":{"rendered":"<p><em>Brugada mencion\u00f3 que su administraci\u00f3n tendr\u00e1 el programa de vivienda social m\u00e1s ambicioso en la historia de la CDMX<\/em><!--more--><\/p>\n<p>Como lo establece la <strong>Constituci\u00f3n Pol\u00edtica de la Ciudad de M\u00e9xico<\/strong>, este s\u00e1bado 5 de octubre, <a href=\"https:\/\/centrourbano.com\/revista\/elecciones-2024\/clara-brugada-triunfa-cdmx\/\" target=\"_blank\" rel=\"noopener\"><strong>Clara Brugada Molina<\/strong><\/a> tomar\u00e1 protesta como la nueva jefa de Gobierno de la capital del pa\u00eds.<\/p>\n<p>Cabe recordar que <strong>Brugada<\/strong> result\u00f3 ganadora en las elecciones del pasado 2 de junio con cerca del 51.9% de los votos, superando a sus contrincantes Santiago Taboada, de la alianza Va por CDMX, y Salom\u00f3n Chertorivski, de Movimiento Ciudadano.<\/p>\n<p>Durante su campa\u00f1a, la futura mandataria capitalina mencion\u00f3 que su administraci\u00f3n tendr\u00e1 el <strong>programa de vivienda social m\u00e1s ambicioso en la historia de la CDMX<\/strong>, que incluye, adem\u00e1s de construcci\u00f3n, acciones de mejoramiento, atenci\u00f3n de vivienda en riesgo, acciones de regularizaci\u00f3n e impulso a la renta.<\/p>\n<p>\u201cHace falta mucho por hacer en el tema de vivienda, yo s\u00e9 que las rentas est\u00e1n caras, as\u00ed que hay que hacer esfuerzo entre autoridades\u201d, dijo <strong>Brugada<\/strong> durante el \u00faltimo debate chilango.<\/p>\n<p>En ese sentido, anunci\u00f3 que se pondr\u00e1 en marcha el <strong>programa Vivienda para el Bienestar<\/strong>, que contempla las siguientes acciones:<\/p>\n<ul>\n<li>Aumentar progresivamente el <strong>presupuesto de vivienda<\/strong><\/li>\n<li>Realizaci\u00f3n de 200,000 <strong>acciones de vivienda<\/strong> en el sexenio, lo que incluye mejoramiento de vivienda y atenci\u00f3n a las viviendas en riesgo estructural<\/li>\n<li>Impulsar <strong>pol\u00edticas p\u00fablicas<\/strong> para garantizar vivienda asequible<\/li>\n<li>Frenar <strong>expulsi\u00f3n personas de las zonas c\u00e9ntricas de la ciudad<\/strong> mediante el impulso a la construcci\u00f3n de vivienda accesible en zonas caras como medida antigentrificaci\u00f3n<\/li>\n<li>Creaci\u00f3n un <strong>programa de vivienda social en renta<\/strong> con posibilidad de compra enfocado en j\u00f3venes, adultos mayores y mujeres<\/li>\n<\/ul>\n<h2><strong>Nueva Secretar\u00eda de Vivienda de la CDMX<\/strong><\/h2>\n<p>Asimismo, el pasado mes de agosto, <strong>Brugada<\/strong> present\u00f3 la propuesta de sustituir al Instituto de Vivienda capitalino (Invi) por una <strong>Secretar\u00eda de la Vivienda<\/strong>, iniciativa que ya fue aprobada por el Congreso de la CDMX.<\/p>\n<p>De esta manera, la nueva <strong>Secretar\u00eda de Vivienda de la Ciudad de M\u00e9xico<\/strong>, a cargo de <a href=\"https:\/\/x.com\/IntiMunoz\" target=\"_blank\" rel=\"noopener\"><strong>Inti Mu\u00f1oz Santini<\/strong><\/a>, contribuir\u00e1 a generar mayores acciones de vivienda accesible y adecuada, con especial \u00e9nfasis en la atenci\u00f3n a poblaciones vulnerables, combatir la gentrificaci\u00f3n y frenar la expulsi\u00f3n de las familias de sus colonias de origen.<\/p>\n<p>Adem\u00e1s, ampliar\u00e1 la cobertura de los programas de mejoramiento de vivienda y la atenci\u00f3n a la vivienda en situaci\u00f3n de riesgo estructural.<\/p>\n","protected":false},"excerpt":{"rendered":"<p>Brugada mencion\u00f3 que su administraci\u00f3n tendr\u00e1 el programa de vivienda social m\u00e1s ambicioso en la historia de la CDMX<\/p>\n","protected":false},"author":73,"featured_media":150960,"comment_status":"open","ping_status":"closed","sticky":false,"template":"","format":"standard","meta":{"om_disable_all_campaigns":false,"inline_featured_image":false,"_monsterinsights_skip_tracking":false,"_monsterinsights_sitenote_active":false,"_monsterinsights_sitenote_note":"","_monsterinsights_sitenote_category":0,"footnotes":""},"categories":[12],"tags":[24175,22005,9604,60],"class_list":["post-150959","post","type-post","status-publish","format-standard","has-post-thumbnail","hentry","category-vivienda","tag-clara-brugada","tag-jefatura-de-gobierno-de-la-cdmx","tag-propuestas","tag-vivienda-2"],"yoast_head":"<!-- This site is optimized with the Yoast SEO plugin v27.4 - https:\/\/yoast.com\/product\/yoast-seo-wordpress\/ -->\n<title>\u00bfQu\u00e9 propone Clara Brugada en materia de vivienda?<\/title>\n<meta name=\"description\" content=\"Brugada mencion\u00f3 que su administraci\u00f3n tendr\u00e1 el programa de vivienda social m\u00e1s ambicioso en la historia de la CDMX\" \/>\n<meta name=\"robots\" content=\"index, follow, max-snippet:-1, max-image-preview:large, max-video-preview:-1\" \/>\n<link rel=\"canonical\" href=\"https:\/\/centrourbano.com\/revista\/vivienda\/propone-clara-brugada-vivienda\/\" \/>\n<meta property=\"og:locale\" content=\"es_ES\" \/>\n<meta property=\"og:type\" content=\"article\" \/>\n<meta property=\"og:title\" content=\"\u00bfQu\u00e9 propone Clara Brugada en materia de vivienda?\" \/>\n<meta property=\"og:description\" content=\"Brugada mencion\u00f3 que su administraci\u00f3n tendr\u00e1 el programa de vivienda social m\u00e1s ambicioso en la historia de la CDMX\" \/>\n<meta property=\"og:url\" content=\"https:\/\/centrourbano.com\/revista\/vivienda\/propone-clara-brugada-vivienda\/\" \/>\n<meta property=\"og:site_name\" content=\"Centro Urbano\" \/>\n<meta property=\"article:publisher\" content=\"https:\/\/www.facebook.com\/portalcentrourbano\" \/>\n<meta property=\"article:published_time\" content=\"2024-10-03T22:56:29+00:00\" \/>\n<meta property=\"article:modified_time\" content=\"2024-10-03T23:57:00+00:00\" \/>\n<meta property=\"og:image\" content=\"https:\/\/centrourbano.com\/revista\/wp-content\/uploads\/\u00bfQue\u0301-propone-Clara-Brugada-en-materia-de-vivienda_.jpg\" \/>\n\t<meta property=\"og:image:width\" content=\"1100\" \/>\n\t<meta property=\"og:image:height\" content=\"960\" \/>\n\t<meta property=\"og:image:type\" content=\"image\/jpeg\" \/>\n<meta name=\"author\" content=\"Fernanda Hern\u00e1ndez\" \/>\n<meta name=\"twitter:card\" content=\"summary_large_image\" \/>\n<meta name=\"twitter:creator\" content=\"@https:\/\/twitter.com\/Nannz_Hernandez\" \/>\n<meta name=\"twitter:site\" content=\"@CentroUrbano\" \/>\n<meta name=\"twitter:label1\" content=\"Escrito por\" \/>\n\t<meta name=\"twitter:data1\" content=\"Fernanda Hern\u00e1ndez\" \/>\n\t<meta name=\"twitter:label2\" content=\"Tiempo de lectura\" \/>\n\t<meta name=\"twitter:data2\" content=\"2 minutos\" \/>\n<script type=\"application\/ld+json\" class=\"yoast-schema-graph\">{\"@context\":\"https:\\\/\\\/schema.org\",\"@graph\":[{\"@type\":\"Article\",\"@id\":\"https:\\\/\\\/centrourbano.com\\\/revista\\\/vivienda\\\/propone-clara-brugada-vivienda\\\/#article\",\"isPartOf\":{\"@id\":\"https:\\\/\\\/centrourbano.com\\\/revista\\\/vivienda\\\/propone-clara-brugada-vivienda\\\/\"},\"author\":{\"name\":\"Fernanda Hern\u00e1ndez\",\"@id\":\"https:\\\/\\\/centrourbano.com\\\/revista\\\/#\\\/schema\\\/person\\\/b190b20bbbceb41ec72278c546fa8df3\"},\"headline\":\"\u00bfQu\u00e9 propone Clara Brugada en materia de vivienda?\",\"datePublished\":\"2024-10-03T22:56:29+00:00\",\"dateModified\":\"2024-10-03T23:57:00+00:00\",\"mainEntityOfPage\":{\"@id\":\"https:\\\/\\\/centrourbano.com\\\/revista\\\/vivienda\\\/propone-clara-brugada-vivienda\\\/\"},\"wordCount\":426,\"commentCount\":0,\"publisher\":{\"@id\":\"https:\\\/\\\/centrourbano.com\\\/revista\\\/#organization\"},\"image\":{\"@id\":\"https:\\\/\\\/centrourbano.com\\\/revista\\\/vivienda\\\/propone-clara-brugada-vivienda\\\/#primaryimage\"},\"thumbnailUrl\":\"https:\\\/\\\/centrourbano.com\\\/revista\\\/wp-content\\\/uploads\\\/\u00bfQue\u0301-propone-Clara-Brugada-en-materia-de-vivienda_.jpg\",\"keywords\":[\"Clara Brugada\",\"Jefatura de Gobierno de la CDMX\",\"Propuestas\",\"vivienda\"],\"articleSection\":[\"Vivienda\"],\"inLanguage\":\"es\",\"potentialAction\":[{\"@type\":\"CommentAction\",\"name\":\"Comment\",\"target\":[\"https:\\\/\\\/centrourbano.com\\\/revista\\\/vivienda\\\/propone-clara-brugada-vivienda\\\/#respond\"]}]},{\"@type\":\"WebPage\",\"@id\":\"https:\\\/\\\/centrourbano.com\\\/revista\\\/vivienda\\\/propone-clara-brugada-vivienda\\\/\",\"url\":\"https:\\\/\\\/centrourbano.com\\\/revista\\\/vivienda\\\/propone-clara-brugada-vivienda\\\/\",\"name\":\"\u00bfQu\u00e9 propone Clara Brugada en materia de vivienda?\",\"isPartOf\":{\"@id\":\"https:\\\/\\\/centrourbano.com\\\/revista\\\/#website\"},\"primaryImageOfPage\":{\"@id\":\"https:\\\/\\\/centrourbano.com\\\/revista\\\/vivienda\\\/propone-clara-brugada-vivienda\\\/#primaryimage\"},\"image\":{\"@id\":\"https:\\\/\\\/centrourbano.com\\\/revista\\\/vivienda\\\/propone-clara-brugada-vivienda\\\/#primaryimage\"},\"thumbnailUrl\":\"https:\\\/\\\/centrourbano.com\\\/revista\\\/wp-content\\\/uploads\\\/\u00bfQue\u0301-propone-Clara-Brugada-en-materia-de-vivienda_.jpg\",\"datePublished\":\"2024-10-03T22:56:29+00:00\",\"dateModified\":\"2024-10-03T23:57:00+00:00\",\"description\":\"Brugada mencion\u00f3 que su administraci\u00f3n tendr\u00e1 el programa de vivienda social m\u00e1s ambicioso en la historia de la CDMX\",\"breadcrumb\":{\"@id\":\"https:\\\/\\\/centrourbano.com\\\/revista\\\/vivienda\\\/propone-clara-brugada-vivienda\\\/#breadcrumb\"},\"inLanguage\":\"es\",\"potentialAction\":[{\"@type\":\"ReadAction\",\"target\":[\"https:\\\/\\\/centrourbano.com\\\/revista\\\/vivienda\\\/propone-clara-brugada-vivienda\\\/\"]}]},{\"@type\":\"ImageObject\",\"inLanguage\":\"es\",\"@id\":\"https:\\\/\\\/centrourbano.com\\\/revista\\\/vivienda\\\/propone-clara-brugada-vivienda\\\/#primaryimage\",\"url\":\"https:\\\/\\\/centrourbano.com\\\/revista\\\/wp-content\\\/uploads\\\/\u00bfQue\u0301-propone-Clara-Brugada-en-materia-de-vivienda_.jpg\",\"contentUrl\":\"https:\\\/\\\/centrourbano.com\\\/revista\\\/wp-content\\\/uploads\\\/\u00bfQue\u0301-propone-Clara-Brugada-en-materia-de-vivienda_.jpg\",\"width\":1100,\"height\":960,\"caption\":\"Brugada mencion\u00f3 que su administraci\u00f3n tendr\u00e1 el programa de vivienda social m\u00e1s ambicioso en la historia de la CDMX\"},{\"@type\":\"BreadcrumbList\",\"@id\":\"https:\\\/\\\/centrourbano.com\\\/revista\\\/vivienda\\\/propone-clara-brugada-vivienda\\\/#breadcrumb\",\"itemListElement\":[{\"@type\":\"ListItem\",\"position\":1,\"name\":\"Portada\",\"item\":\"https:\\\/\\\/centrourbano.com\\\/revista\\\/\"},{\"@type\":\"ListItem\",\"position\":2,\"name\":\"\u00bfQu\u00e9 propone Clara Brugada en materia de vivienda?\"}]},{\"@type\":\"WebSite\",\"@id\":\"https:\\\/\\\/centrourbano.com\\\/revista\\\/#website\",\"url\":\"https:\\\/\\\/centrourbano.com\\\/revista\\\/\",\"name\":\"Centro Urbano\",\"description\":\"Medio especializado en los sectores vivienda, inmobiliario, construcci\u00f3n, arquitectura y urbanismo.\",\"publisher\":{\"@id\":\"https:\\\/\\\/centrourbano.com\\\/revista\\\/#organization\"},\"potentialAction\":[{\"@type\":\"SearchAction\",\"target\":{\"@type\":\"EntryPoint\",\"urlTemplate\":\"https:\\\/\\\/centrourbano.com\\\/revista\\\/?s={search_term_string}\"},\"query-input\":{\"@type\":\"PropertyValueSpecification\",\"valueRequired\":true,\"valueName\":\"search_term_string\"}}],\"inLanguage\":\"es\"},{\"@type\":\"Organization\",\"@id\":\"https:\\\/\\\/centrourbano.com\\\/revista\\\/#organization\",\"name\":\"Centro Urbano\",\"url\":\"https:\\\/\\\/centrourbano.com\\\/revista\\\/\",\"logo\":{\"@type\":\"ImageObject\",\"inLanguage\":\"es\",\"@id\":\"https:\\\/\\\/centrourbano.com\\\/revista\\\/#\\\/schema\\\/logo\\\/image\\\/\",\"url\":\"https:\\\/\\\/centrourbano.com\\\/revista\\\/wp-content\\\/uploads\\\/web_CU_logo-1.png\",\"contentUrl\":\"https:\\\/\\\/centrourbano.com\\\/revista\\\/wp-content\\\/uploads\\\/web_CU_logo-1.png\",\"width\":350,\"height\":91,\"caption\":\"Centro Urbano\"},\"image\":{\"@id\":\"https:\\\/\\\/centrourbano.com\\\/revista\\\/#\\\/schema\\\/logo\\\/image\\\/\"},\"sameAs\":[\"https:\\\/\\\/www.facebook.com\\\/portalcentrourbano\",\"https:\\\/\\\/x.com\\\/CentroUrbano\",\"https:\\\/\\\/www.instagram.com\\\/centro_urbano\\\/\",\"https:\\\/\\\/www.linkedin.com\\\/company\\\/centro-urbano\\\/\",\"http:\\\/\\\/www.youtube.com\\\/user\\\/portalcentrourbano\"]},{\"@type\":\"Person\",\"@id\":\"https:\\\/\\\/centrourbano.com\\\/revista\\\/#\\\/schema\\\/person\\\/b190b20bbbceb41ec72278c546fa8df3\",\"name\":\"Fernanda Hern\u00e1ndez\",\"image\":{\"@type\":\"ImageObject\",\"inLanguage\":\"es\",\"@id\":\"https:\\\/\\\/secure.gravatar.com\\\/avatar\\\/9471831fb0a24eae9d32d826a7cb8ef07c34a41520aca1a0ab1f5c0903ba49b9?s=96&d=mm&r=g\",\"url\":\"https:\\\/\\\/secure.gravatar.com\\\/avatar\\\/9471831fb0a24eae9d32d826a7cb8ef07c34a41520aca1a0ab1f5c0903ba49b9?s=96&d=mm&r=g\",\"contentUrl\":\"https:\\\/\\\/secure.gravatar.com\\\/avatar\\\/9471831fb0a24eae9d32d826a7cb8ef07c34a41520aca1a0ab1f5c0903ba49b9?s=96&d=mm&r=g\",\"caption\":\"Fernanda Hern\u00e1ndez\"},\"description\":\"Reportera y redactora en Centro Urbano. Soy egresada de la licenciatura en Ciencias de la Comunicaci\u00f3n de la Facultad de Ciencias Pol\u00edticas y Sociales (UNAM). Me interesa la cultura, el urbanismo y la arquitectura. Amante del mundo digital, el cine, la m\u00fasica, la lectura y la escritura.\",\"sameAs\":[\"https:\\\/\\\/x.com\\\/https:\\\/\\\/twitter.com\\\/Nannz_Hernandez\"],\"url\":\"https:\\\/\\\/centrourbano.com\\\/revista\\\/author\\\/fernanda-hernandez\\\/\"}]}<\/script>\n<!-- \/ Yoast SEO plugin. -->","yoast_head_json":{"title":"\u00bfQu\u00e9 propone Clara Brugada en materia de vivienda?","description":"Brugada mencion\u00f3 que su administraci\u00f3n tendr\u00e1 el programa de vivienda social m\u00e1s ambicioso en la historia de la CDMX","robots":{"index":"index","follow":"follow","max-snippet":"max-snippet:-1","max-image-preview":"max-image-preview:large","max-video-preview":"max-video-preview:-1"},"canonical":"https:\/\/centrourbano.com\/revista\/vivienda\/propone-clara-brugada-vivienda\/","og_locale":"es_ES","og_type":"article","og_title":"\u00bfQu\u00e9 propone Clara Brugada en materia de vivienda?","og_description":"Brugada mencion\u00f3 que su administraci\u00f3n tendr\u00e1 el programa de vivienda social m\u00e1s ambicioso en la historia de la CDMX","og_url":"https:\/\/centrourbano.com\/revista\/vivienda\/propone-clara-brugada-vivienda\/","og_site_name":"Centro Urbano","article_publisher":"https:\/\/www.facebook.com\/portalcentrourbano","article_published_time":"2024-10-03T22:56:29+00:00","article_modified_time":"2024-10-03T23:57:00+00:00","og_image":[{"width":1100,"height":960,"url":"https:\/\/centrourbano.com\/revista\/wp-content\/uploads\/\u00bfQue\u0301-propone-Clara-Brugada-en-materia-de-vivienda_.jpg","type":"image\/jpeg"}],"author":"Fernanda Hern\u00e1ndez","twitter_card":"summary_large_image","twitter_creator":"@https:\/\/twitter.com\/Nannz_Hernandez","twitter_site":"@CentroUrbano","twitter_misc":{"Escrito por":"Fernanda Hern\u00e1ndez","Tiempo de lectura":"2 minutos"},"schema":{"@context":"https:\/\/schema.org","@graph":[{"@type":"Article","@id":"https:\/\/centrourbano.com\/revista\/vivienda\/propone-clara-brugada-vivienda\/#article","isPartOf":{"@id":"https:\/\/centrourbano.com\/revista\/vivienda\/propone-clara-brugada-vivienda\/"},"author":{"name":"Fernanda Hern\u00e1ndez","@id":"https:\/\/centrourbano.com\/revista\/#\/schema\/person\/b190b20bbbceb41ec72278c546fa8df3"},"headline":"\u00bfQu\u00e9 propone Clara Brugada en materia de vivienda?","datePublished":"2024-10-03T22:56:29+00:00","dateModified":"2024-10-03T23:57:00+00:00","mainEntityOfPage":{"@id":"https:\/\/centrourbano.com\/revista\/vivienda\/propone-clara-brugada-vivienda\/"},"wordCount":426,"commentCount":0,"publisher":{"@id":"https:\/\/centrourbano.com\/revista\/#organization"},"image":{"@id":"https:\/\/centrourbano.com\/revista\/vivienda\/propone-clara-brugada-vivienda\/#primaryimage"},"thumbnailUrl":"https:\/\/centrourbano.com\/revista\/wp-content\/uploads\/\u00bfQue\u0301-propone-Clara-Brugada-en-materia-de-vivienda_.jpg","keywords":["Clara Brugada","Jefatura de Gobierno de la CDMX","Propuestas","vivienda"],"articleSection":["Vivienda"],"inLanguage":"es","potentialAction":[{"@type":"CommentAction","name":"Comment","target":["https:\/\/centrourbano.com\/revista\/vivienda\/propone-clara-brugada-vivienda\/#respond"]}]},{"@type":"WebPage","@id":"https:\/\/centrourbano.com\/revista\/vivienda\/propone-clara-brugada-vivienda\/","url":"https:\/\/centrourbano.com\/revista\/vivienda\/propone-clara-brugada-vivienda\/","name":"\u00bfQu\u00e9 propone Clara Brugada en materia de vivienda?","isPartOf":{"@id":"https:\/\/centrourbano.com\/revista\/#website"},"primaryImageOfPage":{"@id":"https:\/\/centrourbano.com\/revista\/vivienda\/propone-clara-brugada-vivienda\/#primaryimage"},"image":{"@id":"https:\/\/centrourbano.com\/revista\/vivienda\/propone-clara-brugada-vivienda\/#primaryimage"},"thumbnailUrl":"https:\/\/centrourbano.com\/revista\/wp-content\/uploads\/\u00bfQue\u0301-propone-Clara-Brugada-en-materia-de-vivienda_.jpg","datePublished":"2024-10-03T22:56:29+00:00","dateModified":"2024-10-03T23:57:00+00:00","description":"Brugada mencion\u00f3 que su administraci\u00f3n tendr\u00e1 el programa de vivienda social m\u00e1s ambicioso en la historia de la CDMX","breadcrumb":{"@id":"https:\/\/centrourbano.com\/revista\/vivienda\/propone-clara-brugada-vivienda\/#breadcrumb"},"inLanguage":"es","potentialAction":[{"@type":"ReadAction","target":["https:\/\/centrourbano.com\/revista\/vivienda\/propone-clara-brugada-vivienda\/"]}]},{"@type":"ImageObject","inLanguage":"es","@id":"https:\/\/centrourbano.com\/revista\/vivienda\/propone-clara-brugada-vivienda\/#primaryimage","url":"https:\/\/centrourbano.com\/revista\/wp-content\/uploads\/\u00bfQue\u0301-propone-Clara-Brugada-en-materia-de-vivienda_.jpg","contentUrl":"https:\/\/centrourbano.com\/revista\/wp-content\/uploads\/\u00bfQue\u0301-propone-Clara-Brugada-en-materia-de-vivienda_.jpg","width":1100,"height":960,"caption":"Brugada mencion\u00f3 que su administraci\u00f3n tendr\u00e1 el programa de vivienda social m\u00e1s ambicioso en la historia de la CDMX"},{"@type":"BreadcrumbList","@id":"https:\/\/centrourbano.com\/revista\/vivienda\/propone-clara-brugada-vivienda\/#breadcrumb","itemListElement":[{"@type":"ListItem","position":1,"name":"Portada","item":"https:\/\/centrourbano.com\/revista\/"},{"@type":"ListItem","position":2,"name":"\u00bfQu\u00e9 propone Clara Brugada en materia de vivienda?"}]},{"@type":"WebSite","@id":"https:\/\/centrourbano.com\/revista\/#website","url":"https:\/\/centrourbano.com\/revista\/","name":"Centro Urbano","description":"Medio especializado en los sectores vivienda, inmobiliario, construcci\u00f3n, arquitectura y urbanismo.","publisher":{"@id":"https:\/\/centrourbano.com\/revista\/#organization"},"potentialAction":[{"@type":"SearchAction","target":{"@type":"EntryPoint","urlTemplate":"https:\/\/centrourbano.com\/revista\/?s={search_term_string}"},"query-input":{"@type":"PropertyValueSpecification","valueRequired":true,"valueName":"search_term_string"}}],"inLanguage":"es"},{"@type":"Organization","@id":"https:\/\/centrourbano.com\/revista\/#organization","name":"Centro Urbano","url":"https:\/\/centrourbano.com\/revista\/","logo":{"@type":"ImageObject","inLanguage":"es","@id":"https:\/\/centrourbano.com\/revista\/#\/schema\/logo\/image\/","url":"https:\/\/centrourbano.com\/revista\/wp-content\/uploads\/web_CU_logo-1.png","contentUrl":"https:\/\/centrourbano.com\/revista\/wp-content\/uploads\/web_CU_logo-1.png","width":350,"height":91,"caption":"Centro Urbano"},"image":{"@id":"https:\/\/centrourbano.com\/revista\/#\/schema\/logo\/image\/"},"sameAs":["https:\/\/www.facebook.com\/portalcentrourbano","https:\/\/x.com\/CentroUrbano","https:\/\/www.instagram.com\/centro_urbano\/","https:\/\/www.linkedin.com\/company\/centro-urbano\/","http:\/\/www.youtube.com\/user\/portalcentrourbano"]},{"@type":"Person","@id":"https:\/\/centrourbano.com\/revista\/#\/schema\/person\/b190b20bbbceb41ec72278c546fa8df3","name":"Fernanda Hern\u00e1ndez","image":{"@type":"ImageObject","inLanguage":"es","@id":"https:\/\/secure.gravatar.com\/avatar\/9471831fb0a24eae9d32d826a7cb8ef07c34a41520aca1a0ab1f5c0903ba49b9?s=96&d=mm&r=g","url":"https:\/\/secure.gravatar.com\/avatar\/9471831fb0a24eae9d32d826a7cb8ef07c34a41520aca1a0ab1f5c0903ba49b9?s=96&d=mm&r=g","contentUrl":"https:\/\/secure.gravatar.com\/avatar\/9471831fb0a24eae9d32d826a7cb8ef07c34a41520aca1a0ab1f5c0903ba49b9?s=96&d=mm&r=g","caption":"Fernanda Hern\u00e1ndez"},"description":"Reportera y redactora en Centro Urbano. Soy egresada de la licenciatura en Ciencias de la Comunicaci\u00f3n de la Facultad de Ciencias Pol\u00edticas y Sociales (UNAM). Me interesa la cultura, el urbanismo y la arquitectura. Amante del mundo digital, el cine, la m\u00fasica, la lectura y la escritura.","sameAs":["https:\/\/x.com\/https:\/\/twitter.com\/Nannz_Hernandez"],"url":"https:\/\/centrourbano.com\/revista\/author\/fernanda-hernandez\/"}]}},"_links":{"self":[{"href":"https:\/\/centrourbano.com\/revista\/wp-json\/wp\/v2\/posts\/150959","targetHints":{"allow":["GET"]}}],"collection":[{"href":"https:\/\/centrourbano.com\/revista\/wp-json\/wp\/v2\/posts"}],"about":[{"href":"https:\/\/centrourbano.com\/revista\/wp-json\/wp\/v2\/types\/post"}],"author":[{"embeddable":true,"href":"https:\/\/centrourbano.com\/revista\/wp-json\/wp\/v2\/users\/73"}],"replies":[{"embeddable":true,"href":"https:\/\/centrourbano.com\/revista\/wp-json\/wp\/v2\/comments?post=150959"}],"version-history":[{"count":1,"href":"https:\/\/centrourbano.com\/revista\/wp-json\/wp\/v2\/posts\/150959\/revisions"}],"predecessor-version":[{"id":150961,"href":"https:\/\/centrourbano.com\/revista\/wp-json\/wp\/v2\/posts\/150959\/revisions\/150961"}],"wp:featuredmedia":[{"embeddable":true,"href":"https:\/\/centrourbano.com\/revista\/wp-json\/wp\/v2\/media\/150960"}],"wp:attachment":[{"href":"https:\/\/centrourbano.com\/revista\/wp-json\/wp\/v2\/media?parent=150959"}],"wp:term":[{"taxonomy":"category","embeddable":true,"href":"https:\/\/centrourbano.com\/revista\/wp-json\/wp\/v2\/categories?post=150959"},{"taxonomy":"post_tag","embeddable":true,"href":"https:\/\/centrourbano.com\/revista\/wp-json\/wp\/v2\/tags?post=150959"}],"curies":[{"name":"wp","href":"https:\/\/api.w.org\/{rel}","templated":true}]}}