{"id":150776,"date":"2024-09-23T15:18:31","date_gmt":"2024-09-23T21:18:31","guid":{"rendered":"https:\/\/centrourbano.com\/revista\/?p=150776"},"modified":"2024-09-23T16:18:55","modified_gmt":"2024-09-23T22:18:55","slug":"aprueban-apoyo-renta-19s","status":"publish","type":"post","link":"https:\/\/centrourbano.com\/revista\/vivienda\/aprueban-apoyo-renta-19s\/","title":{"rendered":"Aprueban aumento en apoyo para renta a damnificados del 19S en CDMX"},"content":{"rendered":"<p><em>\u201cA los damnificados de los temblores del 2017 que reciben apoyo para renta, les vamos a aumentar de 4,000 a 5,396 pesos el apoyo mensual\u201d<\/em><!--more--><\/p>\n<p>La <strong>Comisi\u00f3n para la Reconstrucci\u00f3n de la Ciudad de M\u00e9xico<\/strong>, unidad administrativa adscrita de la <strong>Secretar\u00eda de Desarrollo Urbano y Vivienda<\/strong> (<strong>Seduvi<\/strong>), inform\u00f3 que, el pasado 19 de septiembre, se public\u00f3 en la Gaceta Oficial la modificaci\u00f3n al <strong><a href=\"https:\/\/data.consejeria.cdmx.gob.mx\/portal_old\/uploads\/gacetas\/399690b7450ea01387d1cf2b520852ff.pdf\" target=\"_blank\" rel=\"noopener\">Plan Integral para la Reconstrucci\u00f3n<\/a>.<\/strong><\/p>\n<p>De esta manera, qued\u00f3 aprobado el <strong>incremento en el monto del apoyo a la renta<\/strong> para las familias damnificadas por el sismo del 19 de septiembre de 2017, cuyas viviendas se encuentran en proceso de reconstrucci\u00f3n o rehabilitaci\u00f3n.<\/p>\n<p>Cabe recordar que, el pasado 18 de septiembre, <strong>Mart\u00ed Batres Guadarrama, jefe de Gobierno de la CDMX<\/strong>, anunci\u00f3 que, de aprobarse por la instancia t\u00e9cnica correspondiente, dicho apoyo aumentar\u00eda 1,396 pesos, a fin de ajustarse a la inflaci\u00f3n reportada por el Banco de M\u00e9xico.<\/p>\n<p>As\u00ed, las familias damnificadas por pasar\u00edan de recibir <strong>4,000 a 5,396 pesos mensuales<\/strong>, esto a partir del mes de octubre y hasta que concluyan las obras de rehabilitaci\u00f3n de sus viviendas.<\/p>\n<p>\u201cQueremos informar que a los <strong>damnificados de los temblores del 2017<\/strong> que est\u00e1n recibiendo apoyos para renta, mientras se terminan las obras que se est\u00e1n realizando en su favor, les vamos a aumentar de 4,000 a 5,396 pesos el apoyo mensual.<\/p>\n<p>Por su parte, la <strong>comisionada para la Reconstrucci\u00f3n de la CDMX, Jabnely Maldonado Meza<\/strong>, explic\u00f3 que, para aplicar este ajuste en el apoyo para la renta, se solicitar\u00e1n los recursos ante el <strong>Comit\u00e9 T\u00e9cnico del Fideicomiso para la Reconstrucci\u00f3n Integral <\/strong>de la ciudad.<\/p>\n<p>\u201cEsta medida implica recursos adicionales a los ya previstos para el cierre del programa, por la cantidad de <strong>20 millones de pesos (mdp)<\/strong>, de los cuales \u00fanicamente 7.4 son destinados para el cierre del 2024 y el resto corresponde a lo que se concluir\u00e1 posteriormente por el Instituto de Vivienda. Contamos con los recursos necesarios para llevar a cabo este ajuste sin comprometer otras necesidades del <strong>Programa de Reconstrucci\u00f3n<\/strong>\u201d, asegur\u00f3.<\/p>\n<p>Asimismo, <strong>Maldonado<\/strong> resalt\u00f3 que, desde 2019, se han otorgado m\u00e1s de <strong>393,000 apoyos para renta <\/strong>a 13,573 familias damnificadas, con una inversi\u00f3n de 1,569 mdp, como parte del <strong>Programa de Reconstrucci\u00f3n<\/strong> que registra un avance del 99 por ciento.<\/p>\n<p>\u201cEste gobierno consider\u00f3 que el apoyo para la renta era y es un derecho fundamental para que las familias desplazadas afrontaran en mejores condiciones el proceso de restituci\u00f3n de sus viviendas. (\u2026) Compartimos con ustedes que el <strong>Programa de Reconstrucci\u00f3n<\/strong>, actualmente, tiene un avance del 99% en la atenci\u00f3n de m\u00e1s de 22,000 familias afectadas por el sismo del 19 de septiembre de 2017\u201d, concluy\u00f3.<\/p>\n","protected":false},"excerpt":{"rendered":"<p>\u201cA los damnificados de los temblores del 2017 que reciben apoyo para renta, les vamos a aumentar de 4,000 a 5,396 pesos el apoyo mensual\u201d<\/p>\n","protected":false},"author":73,"featured_media":150777,"comment_status":"open","ping_status":"closed","sticky":false,"template":"","format":"standard","meta":{"om_disable_all_campaigns":false,"inline_featured_image":false,"_monsterinsights_skip_tracking":false,"_monsterinsights_sitenote_active":false,"_monsterinsights_sitenote_note":"","_monsterinsights_sitenote_category":0,"footnotes":""},"categories":[12],"tags":[11962,24623,606,22217,11286,15043],"class_list":["post-150776","post","type-post","status-publish","format-standard","has-post-thumbnail","hentry","category-vivienda","tag-19s","tag-apoyos-para-renta","tag-cdmx","tag-comision-para-la-reconstruccion-de-la-cdmx","tag-gobierno-cdmx","tag-plan-integral-para-la-reconstruccion"],"yoast_head":"<!-- This site is optimized with the Yoast SEO plugin v27.4 - https:\/\/yoast.com\/product\/yoast-seo-wordpress\/ -->\n<title>Aprueban aumento en apoyo para renta a damnificados del 19S<\/title>\n<meta name=\"description\" content=\"\u201cA los damnificados de los temblores del 2017 que reciben apoyo para renta, les vamos a aumentar de 4,000 a 5,396 pesos el apoyo mensual\u201d\" \/>\n<meta name=\"robots\" content=\"index, follow, max-snippet:-1, max-image-preview:large, max-video-preview:-1\" \/>\n<link rel=\"canonical\" href=\"https:\/\/centrourbano.com\/revista\/vivienda\/aprueban-apoyo-renta-19s\/\" \/>\n<meta property=\"og:locale\" content=\"es_ES\" \/>\n<meta property=\"og:type\" content=\"article\" \/>\n<meta property=\"og:title\" content=\"Aprueban aumento en apoyo para renta a damnificados del 19S\" \/>\n<meta property=\"og:description\" content=\"\u201cA los damnificados de los temblores del 2017 que reciben apoyo para renta, les vamos a aumentar de 4,000 a 5,396 pesos el apoyo mensual\u201d\" \/>\n<meta property=\"og:url\" content=\"https:\/\/centrourbano.com\/revista\/vivienda\/aprueban-apoyo-renta-19s\/\" \/>\n<meta property=\"og:site_name\" content=\"Centro Urbano\" \/>\n<meta property=\"article:publisher\" content=\"https:\/\/www.facebook.com\/portalcentrourbano\" \/>\n<meta property=\"article:published_time\" content=\"2024-09-23T21:18:31+00:00\" \/>\n<meta property=\"article:modified_time\" content=\"2024-09-23T22:18:55+00:00\" \/>\n<meta property=\"og:image\" content=\"https:\/\/centrourbano.com\/revista\/wp-content\/uploads\/Aprueban-aumento-en-apoyo-para-renta-a-damnificados-del-19S.jpg\" \/>\n\t<meta property=\"og:image:width\" content=\"700\" \/>\n\t<meta property=\"og:image:height\" content=\"675\" \/>\n\t<meta property=\"og:image:type\" content=\"image\/jpeg\" \/>\n<meta name=\"author\" content=\"Fernanda Hern\u00e1ndez\" \/>\n<meta name=\"twitter:card\" content=\"summary_large_image\" \/>\n<meta name=\"twitter:creator\" content=\"@https:\/\/twitter.com\/Nannz_Hernandez\" \/>\n<meta name=\"twitter:site\" content=\"@CentroUrbano\" \/>\n<meta name=\"twitter:label1\" content=\"Escrito por\" \/>\n\t<meta name=\"twitter:data1\" content=\"Fernanda Hern\u00e1ndez\" \/>\n\t<meta name=\"twitter:label2\" content=\"Tiempo de lectura\" \/>\n\t<meta name=\"twitter:data2\" content=\"3 minutos\" \/>\n<script type=\"application\/ld+json\" class=\"yoast-schema-graph\">{\"@context\":\"https:\\\/\\\/schema.org\",\"@graph\":[{\"@type\":\"Article\",\"@id\":\"https:\\\/\\\/centrourbano.com\\\/revista\\\/vivienda\\\/aprueban-apoyo-renta-19s\\\/#article\",\"isPartOf\":{\"@id\":\"https:\\\/\\\/centrourbano.com\\\/revista\\\/vivienda\\\/aprueban-apoyo-renta-19s\\\/\"},\"author\":{\"name\":\"Fernanda Hern\u00e1ndez\",\"@id\":\"https:\\\/\\\/centrourbano.com\\\/revista\\\/#\\\/schema\\\/person\\\/b190b20bbbceb41ec72278c546fa8df3\"},\"headline\":\"Aprueban aumento en apoyo para renta a damnificados del 19S en CDMX\",\"datePublished\":\"2024-09-23T21:18:31+00:00\",\"dateModified\":\"2024-09-23T22:18:55+00:00\",\"mainEntityOfPage\":{\"@id\":\"https:\\\/\\\/centrourbano.com\\\/revista\\\/vivienda\\\/aprueban-apoyo-renta-19s\\\/\"},\"wordCount\":453,\"commentCount\":0,\"publisher\":{\"@id\":\"https:\\\/\\\/centrourbano.com\\\/revista\\\/#organization\"},\"image\":{\"@id\":\"https:\\\/\\\/centrourbano.com\\\/revista\\\/vivienda\\\/aprueban-apoyo-renta-19s\\\/#primaryimage\"},\"thumbnailUrl\":\"https:\\\/\\\/centrourbano.com\\\/revista\\\/wp-content\\\/uploads\\\/Aprueban-aumento-en-apoyo-para-renta-a-damnificados-del-19S.jpg\",\"keywords\":[\"19s\",\"Apoyos para Renta\",\"CDMX\",\"Comisi\u00f3n para la Reconstrucci\u00f3n de la CDMX\",\"Gobierno CDMX\",\"Plan Integral para la Reconstrucci\u00f3n\"],\"articleSection\":[\"Vivienda\"],\"inLanguage\":\"es\",\"potentialAction\":[{\"@type\":\"CommentAction\",\"name\":\"Comment\",\"target\":[\"https:\\\/\\\/centrourbano.com\\\/revista\\\/vivienda\\\/aprueban-apoyo-renta-19s\\\/#respond\"]}]},{\"@type\":\"WebPage\",\"@id\":\"https:\\\/\\\/centrourbano.com\\\/revista\\\/vivienda\\\/aprueban-apoyo-renta-19s\\\/\",\"url\":\"https:\\\/\\\/centrourbano.com\\\/revista\\\/vivienda\\\/aprueban-apoyo-renta-19s\\\/\",\"name\":\"Aprueban aumento en apoyo para renta a damnificados del 19S\",\"isPartOf\":{\"@id\":\"https:\\\/\\\/centrourbano.com\\\/revista\\\/#website\"},\"primaryImageOfPage\":{\"@id\":\"https:\\\/\\\/centrourbano.com\\\/revista\\\/vivienda\\\/aprueban-apoyo-renta-19s\\\/#primaryimage\"},\"image\":{\"@id\":\"https:\\\/\\\/centrourbano.com\\\/revista\\\/vivienda\\\/aprueban-apoyo-renta-19s\\\/#primaryimage\"},\"thumbnailUrl\":\"https:\\\/\\\/centrourbano.com\\\/revista\\\/wp-content\\\/uploads\\\/Aprueban-aumento-en-apoyo-para-renta-a-damnificados-del-19S.jpg\",\"datePublished\":\"2024-09-23T21:18:31+00:00\",\"dateModified\":\"2024-09-23T22:18:55+00:00\",\"description\":\"\u201cA los damnificados de los temblores del 2017 que reciben apoyo para renta, les vamos a aumentar de 4,000 a 5,396 pesos el apoyo mensual\u201d\",\"breadcrumb\":{\"@id\":\"https:\\\/\\\/centrourbano.com\\\/revista\\\/vivienda\\\/aprueban-apoyo-renta-19s\\\/#breadcrumb\"},\"inLanguage\":\"es\",\"potentialAction\":[{\"@type\":\"ReadAction\",\"target\":[\"https:\\\/\\\/centrourbano.com\\\/revista\\\/vivienda\\\/aprueban-apoyo-renta-19s\\\/\"]}]},{\"@type\":\"ImageObject\",\"inLanguage\":\"es\",\"@id\":\"https:\\\/\\\/centrourbano.com\\\/revista\\\/vivienda\\\/aprueban-apoyo-renta-19s\\\/#primaryimage\",\"url\":\"https:\\\/\\\/centrourbano.com\\\/revista\\\/wp-content\\\/uploads\\\/Aprueban-aumento-en-apoyo-para-renta-a-damnificados-del-19S.jpg\",\"contentUrl\":\"https:\\\/\\\/centrourbano.com\\\/revista\\\/wp-content\\\/uploads\\\/Aprueban-aumento-en-apoyo-para-renta-a-damnificados-del-19S.jpg\",\"width\":700,\"height\":675,\"caption\":\"\u201cA los damnificados de los temblores del 2017 que reciben apoyo para renta, les vamos a aumentar de 4,000 a 5,396 pesos el apoyo mensual\u201d\"},{\"@type\":\"BreadcrumbList\",\"@id\":\"https:\\\/\\\/centrourbano.com\\\/revista\\\/vivienda\\\/aprueban-apoyo-renta-19s\\\/#breadcrumb\",\"itemListElement\":[{\"@type\":\"ListItem\",\"position\":1,\"name\":\"Portada\",\"item\":\"https:\\\/\\\/centrourbano.com\\\/revista\\\/\"},{\"@type\":\"ListItem\",\"position\":2,\"name\":\"Aprueban aumento en apoyo para renta a damnificados del 19S en CDMX\"}]},{\"@type\":\"WebSite\",\"@id\":\"https:\\\/\\\/centrourbano.com\\\/revista\\\/#website\",\"url\":\"https:\\\/\\\/centrourbano.com\\\/revista\\\/\",\"name\":\"Centro Urbano\",\"description\":\"Medio especializado en los sectores vivienda, inmobiliario, construcci\u00f3n, arquitectura y urbanismo.\",\"publisher\":{\"@id\":\"https:\\\/\\\/centrourbano.com\\\/revista\\\/#organization\"},\"potentialAction\":[{\"@type\":\"SearchAction\",\"target\":{\"@type\":\"EntryPoint\",\"urlTemplate\":\"https:\\\/\\\/centrourbano.com\\\/revista\\\/?s={search_term_string}\"},\"query-input\":{\"@type\":\"PropertyValueSpecification\",\"valueRequired\":true,\"valueName\":\"search_term_string\"}}],\"inLanguage\":\"es\"},{\"@type\":\"Organization\",\"@id\":\"https:\\\/\\\/centrourbano.com\\\/revista\\\/#organization\",\"name\":\"Centro Urbano\",\"url\":\"https:\\\/\\\/centrourbano.com\\\/revista\\\/\",\"logo\":{\"@type\":\"ImageObject\",\"inLanguage\":\"es\",\"@id\":\"https:\\\/\\\/centrourbano.com\\\/revista\\\/#\\\/schema\\\/logo\\\/image\\\/\",\"url\":\"https:\\\/\\\/centrourbano.com\\\/revista\\\/wp-content\\\/uploads\\\/web_CU_logo-1.png\",\"contentUrl\":\"https:\\\/\\\/centrourbano.com\\\/revista\\\/wp-content\\\/uploads\\\/web_CU_logo-1.png\",\"width\":350,\"height\":91,\"caption\":\"Centro Urbano\"},\"image\":{\"@id\":\"https:\\\/\\\/centrourbano.com\\\/revista\\\/#\\\/schema\\\/logo\\\/image\\\/\"},\"sameAs\":[\"https:\\\/\\\/www.facebook.com\\\/portalcentrourbano\",\"https:\\\/\\\/x.com\\\/CentroUrbano\",\"https:\\\/\\\/www.instagram.com\\\/centro_urbano\\\/\",\"https:\\\/\\\/www.linkedin.com\\\/company\\\/centro-urbano\\\/\",\"http:\\\/\\\/www.youtube.com\\\/user\\\/portalcentrourbano\"]},{\"@type\":\"Person\",\"@id\":\"https:\\\/\\\/centrourbano.com\\\/revista\\\/#\\\/schema\\\/person\\\/b190b20bbbceb41ec72278c546fa8df3\",\"name\":\"Fernanda Hern\u00e1ndez\",\"image\":{\"@type\":\"ImageObject\",\"inLanguage\":\"es\",\"@id\":\"https:\\\/\\\/secure.gravatar.com\\\/avatar\\\/9471831fb0a24eae9d32d826a7cb8ef07c34a41520aca1a0ab1f5c0903ba49b9?s=96&d=mm&r=g\",\"url\":\"https:\\\/\\\/secure.gravatar.com\\\/avatar\\\/9471831fb0a24eae9d32d826a7cb8ef07c34a41520aca1a0ab1f5c0903ba49b9?s=96&d=mm&r=g\",\"contentUrl\":\"https:\\\/\\\/secure.gravatar.com\\\/avatar\\\/9471831fb0a24eae9d32d826a7cb8ef07c34a41520aca1a0ab1f5c0903ba49b9?s=96&d=mm&r=g\",\"caption\":\"Fernanda Hern\u00e1ndez\"},\"description\":\"Reportera y redactora en Centro Urbano. Soy egresada de la licenciatura en Ciencias de la Comunicaci\u00f3n de la Facultad de Ciencias Pol\u00edticas y Sociales (UNAM). Me interesa la cultura, el urbanismo y la arquitectura. Amante del mundo digital, el cine, la m\u00fasica, la lectura y la escritura.\",\"sameAs\":[\"https:\\\/\\\/x.com\\\/https:\\\/\\\/twitter.com\\\/Nannz_Hernandez\"],\"url\":\"https:\\\/\\\/centrourbano.com\\\/revista\\\/author\\\/fernanda-hernandez\\\/\"}]}<\/script>\n<!-- \/ Yoast SEO plugin. -->","yoast_head_json":{"title":"Aprueban aumento en apoyo para renta a damnificados del 19S","description":"\u201cA los damnificados de los temblores del 2017 que reciben apoyo para renta, les vamos a aumentar de 4,000 a 5,396 pesos el apoyo mensual\u201d","robots":{"index":"index","follow":"follow","max-snippet":"max-snippet:-1","max-image-preview":"max-image-preview:large","max-video-preview":"max-video-preview:-1"},"canonical":"https:\/\/centrourbano.com\/revista\/vivienda\/aprueban-apoyo-renta-19s\/","og_locale":"es_ES","og_type":"article","og_title":"Aprueban aumento en apoyo para renta a damnificados del 19S","og_description":"\u201cA los damnificados de los temblores del 2017 que reciben apoyo para renta, les vamos a aumentar de 4,000 a 5,396 pesos el apoyo mensual\u201d","og_url":"https:\/\/centrourbano.com\/revista\/vivienda\/aprueban-apoyo-renta-19s\/","og_site_name":"Centro Urbano","article_publisher":"https:\/\/www.facebook.com\/portalcentrourbano","article_published_time":"2024-09-23T21:18:31+00:00","article_modified_time":"2024-09-23T22:18:55+00:00","og_image":[{"width":700,"height":675,"url":"https:\/\/centrourbano.com\/revista\/wp-content\/uploads\/Aprueban-aumento-en-apoyo-para-renta-a-damnificados-del-19S.jpg","type":"image\/jpeg"}],"author":"Fernanda Hern\u00e1ndez","twitter_card":"summary_large_image","twitter_creator":"@https:\/\/twitter.com\/Nannz_Hernandez","twitter_site":"@CentroUrbano","twitter_misc":{"Escrito por":"Fernanda Hern\u00e1ndez","Tiempo de lectura":"3 minutos"},"schema":{"@context":"https:\/\/schema.org","@graph":[{"@type":"Article","@id":"https:\/\/centrourbano.com\/revista\/vivienda\/aprueban-apoyo-renta-19s\/#article","isPartOf":{"@id":"https:\/\/centrourbano.com\/revista\/vivienda\/aprueban-apoyo-renta-19s\/"},"author":{"name":"Fernanda Hern\u00e1ndez","@id":"https:\/\/centrourbano.com\/revista\/#\/schema\/person\/b190b20bbbceb41ec72278c546fa8df3"},"headline":"Aprueban aumento en apoyo para renta a damnificados del 19S en CDMX","datePublished":"2024-09-23T21:18:31+00:00","dateModified":"2024-09-23T22:18:55+00:00","mainEntityOfPage":{"@id":"https:\/\/centrourbano.com\/revista\/vivienda\/aprueban-apoyo-renta-19s\/"},"wordCount":453,"commentCount":0,"publisher":{"@id":"https:\/\/centrourbano.com\/revista\/#organization"},"image":{"@id":"https:\/\/centrourbano.com\/revista\/vivienda\/aprueban-apoyo-renta-19s\/#primaryimage"},"thumbnailUrl":"https:\/\/centrourbano.com\/revista\/wp-content\/uploads\/Aprueban-aumento-en-apoyo-para-renta-a-damnificados-del-19S.jpg","keywords":["19s","Apoyos para Renta","CDMX","Comisi\u00f3n para la Reconstrucci\u00f3n de la CDMX","Gobierno CDMX","Plan Integral para la Reconstrucci\u00f3n"],"articleSection":["Vivienda"],"inLanguage":"es","potentialAction":[{"@type":"CommentAction","name":"Comment","target":["https:\/\/centrourbano.com\/revista\/vivienda\/aprueban-apoyo-renta-19s\/#respond"]}]},{"@type":"WebPage","@id":"https:\/\/centrourbano.com\/revista\/vivienda\/aprueban-apoyo-renta-19s\/","url":"https:\/\/centrourbano.com\/revista\/vivienda\/aprueban-apoyo-renta-19s\/","name":"Aprueban aumento en apoyo para renta a damnificados del 19S","isPartOf":{"@id":"https:\/\/centrourbano.com\/revista\/#website"},"primaryImageOfPage":{"@id":"https:\/\/centrourbano.com\/revista\/vivienda\/aprueban-apoyo-renta-19s\/#primaryimage"},"image":{"@id":"https:\/\/centrourbano.com\/revista\/vivienda\/aprueban-apoyo-renta-19s\/#primaryimage"},"thumbnailUrl":"https:\/\/centrourbano.com\/revista\/wp-content\/uploads\/Aprueban-aumento-en-apoyo-para-renta-a-damnificados-del-19S.jpg","datePublished":"2024-09-23T21:18:31+00:00","dateModified":"2024-09-23T22:18:55+00:00","description":"\u201cA los damnificados de los temblores del 2017 que reciben apoyo para renta, les vamos a aumentar de 4,000 a 5,396 pesos el apoyo mensual\u201d","breadcrumb":{"@id":"https:\/\/centrourbano.com\/revista\/vivienda\/aprueban-apoyo-renta-19s\/#breadcrumb"},"inLanguage":"es","potentialAction":[{"@type":"ReadAction","target":["https:\/\/centrourbano.com\/revista\/vivienda\/aprueban-apoyo-renta-19s\/"]}]},{"@type":"ImageObject","inLanguage":"es","@id":"https:\/\/centrourbano.com\/revista\/vivienda\/aprueban-apoyo-renta-19s\/#primaryimage","url":"https:\/\/centrourbano.com\/revista\/wp-content\/uploads\/Aprueban-aumento-en-apoyo-para-renta-a-damnificados-del-19S.jpg","contentUrl":"https:\/\/centrourbano.com\/revista\/wp-content\/uploads\/Aprueban-aumento-en-apoyo-para-renta-a-damnificados-del-19S.jpg","width":700,"height":675,"caption":"\u201cA los damnificados de los temblores del 2017 que reciben apoyo para renta, les vamos a aumentar de 4,000 a 5,396 pesos el apoyo mensual\u201d"},{"@type":"BreadcrumbList","@id":"https:\/\/centrourbano.com\/revista\/vivienda\/aprueban-apoyo-renta-19s\/#breadcrumb","itemListElement":[{"@type":"ListItem","position":1,"name":"Portada","item":"https:\/\/centrourbano.com\/revista\/"},{"@type":"ListItem","position":2,"name":"Aprueban aumento en apoyo para renta a damnificados del 19S en CDMX"}]},{"@type":"WebSite","@id":"https:\/\/centrourbano.com\/revista\/#website","url":"https:\/\/centrourbano.com\/revista\/","name":"Centro Urbano","description":"Medio especializado en los sectores vivienda, inmobiliario, construcci\u00f3n, arquitectura y urbanismo.","publisher":{"@id":"https:\/\/centrourbano.com\/revista\/#organization"},"potentialAction":[{"@type":"SearchAction","target":{"@type":"EntryPoint","urlTemplate":"https:\/\/centrourbano.com\/revista\/?s={search_term_string}"},"query-input":{"@type":"PropertyValueSpecification","valueRequired":true,"valueName":"search_term_string"}}],"inLanguage":"es"},{"@type":"Organization","@id":"https:\/\/centrourbano.com\/revista\/#organization","name":"Centro Urbano","url":"https:\/\/centrourbano.com\/revista\/","logo":{"@type":"ImageObject","inLanguage":"es","@id":"https:\/\/centrourbano.com\/revista\/#\/schema\/logo\/image\/","url":"https:\/\/centrourbano.com\/revista\/wp-content\/uploads\/web_CU_logo-1.png","contentUrl":"https:\/\/centrourbano.com\/revista\/wp-content\/uploads\/web_CU_logo-1.png","width":350,"height":91,"caption":"Centro Urbano"},"image":{"@id":"https:\/\/centrourbano.com\/revista\/#\/schema\/logo\/image\/"},"sameAs":["https:\/\/www.facebook.com\/portalcentrourbano","https:\/\/x.com\/CentroUrbano","https:\/\/www.instagram.com\/centro_urbano\/","https:\/\/www.linkedin.com\/company\/centro-urbano\/","http:\/\/www.youtube.com\/user\/portalcentrourbano"]},{"@type":"Person","@id":"https:\/\/centrourbano.com\/revista\/#\/schema\/person\/b190b20bbbceb41ec72278c546fa8df3","name":"Fernanda Hern\u00e1ndez","image":{"@type":"ImageObject","inLanguage":"es","@id":"https:\/\/secure.gravatar.com\/avatar\/9471831fb0a24eae9d32d826a7cb8ef07c34a41520aca1a0ab1f5c0903ba49b9?s=96&d=mm&r=g","url":"https:\/\/secure.gravatar.com\/avatar\/9471831fb0a24eae9d32d826a7cb8ef07c34a41520aca1a0ab1f5c0903ba49b9?s=96&d=mm&r=g","contentUrl":"https:\/\/secure.gravatar.com\/avatar\/9471831fb0a24eae9d32d826a7cb8ef07c34a41520aca1a0ab1f5c0903ba49b9?s=96&d=mm&r=g","caption":"Fernanda Hern\u00e1ndez"},"description":"Reportera y redactora en Centro Urbano. Soy egresada de la licenciatura en Ciencias de la Comunicaci\u00f3n de la Facultad de Ciencias Pol\u00edticas y Sociales (UNAM). Me interesa la cultura, el urbanismo y la arquitectura. Amante del mundo digital, el cine, la m\u00fasica, la lectura y la escritura.","sameAs":["https:\/\/x.com\/https:\/\/twitter.com\/Nannz_Hernandez"],"url":"https:\/\/centrourbano.com\/revista\/author\/fernanda-hernandez\/"}]}},"_links":{"self":[{"href":"https:\/\/centrourbano.com\/revista\/wp-json\/wp\/v2\/posts\/150776","targetHints":{"allow":["GET"]}}],"collection":[{"href":"https:\/\/centrourbano.com\/revista\/wp-json\/wp\/v2\/posts"}],"about":[{"href":"https:\/\/centrourbano.com\/revista\/wp-json\/wp\/v2\/types\/post"}],"author":[{"embeddable":true,"href":"https:\/\/centrourbano.com\/revista\/wp-json\/wp\/v2\/users\/73"}],"replies":[{"embeddable":true,"href":"https:\/\/centrourbano.com\/revista\/wp-json\/wp\/v2\/comments?post=150776"}],"version-history":[{"count":1,"href":"https:\/\/centrourbano.com\/revista\/wp-json\/wp\/v2\/posts\/150776\/revisions"}],"predecessor-version":[{"id":150778,"href":"https:\/\/centrourbano.com\/revista\/wp-json\/wp\/v2\/posts\/150776\/revisions\/150778"}],"wp:featuredmedia":[{"embeddable":true,"href":"https:\/\/centrourbano.com\/revista\/wp-json\/wp\/v2\/media\/150777"}],"wp:attachment":[{"href":"https:\/\/centrourbano.com\/revista\/wp-json\/wp\/v2\/media?parent=150776"}],"wp:term":[{"taxonomy":"category","embeddable":true,"href":"https:\/\/centrourbano.com\/revista\/wp-json\/wp\/v2\/categories?post=150776"},{"taxonomy":"post_tag","embeddable":true,"href":"https:\/\/centrourbano.com\/revista\/wp-json\/wp\/v2\/tags?post=150776"}],"curies":[{"name":"wp","href":"https:\/\/api.w.org\/{rel}","templated":true}]}}