{"id":150156,"date":"2024-08-20T17:29:53","date_gmt":"2024-08-20T23:29:53","guid":{"rendered":"https:\/\/centrourbano.com\/revista\/?p=150156"},"modified":"2024-08-20T17:52:18","modified_gmt":"2024-08-20T23:52:18","slug":"estacionamientos-areas-verdes","status":"publish","type":"post","link":"https:\/\/centrourbano.com\/revista\/urbanismo\/estacionamientos-areas-verdes\/","title":{"rendered":"Estacionamientos deben contar con \u00e1reas verdes: diputados"},"content":{"rendered":"<p><em>La legisladora resalt\u00f3 que, la propuesta en los estacionamientos, forma parte de las acciones para mitigar el cambio clim\u00e1tico <\/em><!--more--><\/p>\n<p>Elizabeth P\u00e9rez Valdez, diputada por el Partido de la Revoluci\u00f3n Democr\u00e1tica (<a href=\"https:\/\/www.prd.org.mx\/\" target=\"_blank\" rel=\"noopener\">PRD<\/a>), present\u00f3 una propuesta que busca que los <strong>estacionamientos <\/strong>con una sola planta destinen por lo menos el <strong>10% de su superficie total para \u00e1reas verdes<\/strong>.<\/p>\n<p>La legisladora plante\u00f3 <strong>adicionar una fracci\u00f3n XXVI<\/strong> al art\u00edculo 10 de la<strong> Ley General de Asentamientos Humanos<\/strong>, Ordenamiento Territorial y Desarrollo Urbano, con el objetivo de que, por ley, los estacionamientos p\u00fablicos y privados destinen una parte de su superficie a \u00e1reas verdes. \u00a0Dicha propuesta fue <strong>turnada a la Comisi\u00f3n de Desarrollo Urbano<\/strong> y Ordenamiento Territorial.<\/p>\n<p>P\u00e9rez Valdez explic\u00f3 que la adici\u00f3n busca impulsar la <strong>conservaci\u00f3n de los espacios verdes urbanos<\/strong> como \u201cprimera prioridad\u201d. Durante la presentaci\u00f3n de la propuesta, la <a href=\"https:\/\/centrourbano.com\/revista\/?s=diputados+\" target=\"_blank\" rel=\"noopener\">diputada<\/a> resalt\u00f3 que ante la \u201ccrisis h\u00eddrica y de cambio clim\u00e1tico\u201d que afronta el pa\u00eds, es de suma importancia <strong>implementar acciones en materia de mitigaci\u00f3n del cambio clim\u00e1tico<\/strong>.<\/p>\n<p>De modo que, <strong>asegurar la creaci\u00f3n y conservaci\u00f3n de \u00e1reas verdes<\/strong>, forma parte de las acciones amigables con el medio ambiente y contribuye al bienestar y salud de los mexicanos.<\/p>\n<p>Por otro lado, P\u00e9rez Valdez se\u00f1al\u00f3 que la Ley General de Asentamientos Humanos, Ordenamiento Territorial y Desarrollo Urbano subrraya la concurrencia del \u00e1mbito municipal en materia de desarrollo urbano, por lo que se concentra principalmente en las regiones con el <strong>mayor n\u00famero de zonas metropolitanas y poblaci\u00f3n del pa\u00eds. <\/strong>Por lo tanto\u00a0de modo que es necesario que esta ley sea modificada para poder contar con un <strong>medio ambiente sano y un crecimiento ordenado<\/strong>.<\/p>\n","protected":false},"excerpt":{"rendered":"<p>La legisladora resalt\u00f3 que, la propuesta en los estacionamientos, forma parte de las acciones para mitigar el cambio clim\u00e1tico<\/p>\n","protected":false},"author":88,"featured_media":150161,"comment_status":"open","ping_status":"closed","sticky":false,"template":"","format":"standard","meta":{"om_disable_all_campaigns":false,"inline_featured_image":false,"_monsterinsights_skip_tracking":false,"_monsterinsights_sitenote_active":false,"_monsterinsights_sitenote_note":"","_monsterinsights_sitenote_category":0,"footnotes":""},"categories":[82],"tags":[1213,21436],"class_list":["post-150156","post","type-post","status-publish","format-standard","has-post-thumbnail","hentry","category-urbanismo","tag-diputados","tag-ley-general-de-asentamientos-humanos-ordenamiento-territorial-y-desarrollo-urbano"],"yoast_head":"<!-- This site is optimized with the Yoast SEO plugin v27.4 - https:\/\/yoast.com\/product\/yoast-seo-wordpress\/ -->\n<title>Estacionamientos deben contar con \u00e1reas verdes: diputados<\/title>\n<meta name=\"description\" content=\"La diputada propone que los estacionamientos p\u00fablicos y privados destinen una parte de su superficie para \u00e1reas verdes.\" \/>\n<meta name=\"robots\" content=\"index, follow, max-snippet:-1, max-image-preview:large, max-video-preview:-1\" \/>\n<link rel=\"canonical\" href=\"https:\/\/centrourbano.com\/revista\/urbanismo\/estacionamientos-areas-verdes\/\" \/>\n<meta property=\"og:locale\" content=\"es_ES\" \/>\n<meta property=\"og:type\" content=\"article\" \/>\n<meta property=\"og:title\" content=\"Estacionamientos deben contar con \u00e1reas verdes: diputados\" \/>\n<meta property=\"og:description\" content=\"La diputada propone que los estacionamientos p\u00fablicos y privados destinen una parte de su superficie para \u00e1reas verdes.\" \/>\n<meta property=\"og:url\" content=\"https:\/\/centrourbano.com\/revista\/urbanismo\/estacionamientos-areas-verdes\/\" \/>\n<meta property=\"og:site_name\" content=\"Centro Urbano\" \/>\n<meta property=\"article:publisher\" content=\"https:\/\/www.facebook.com\/portalcentrourbano\" \/>\n<meta property=\"article:published_time\" content=\"2024-08-20T23:29:53+00:00\" \/>\n<meta property=\"article:modified_time\" content=\"2024-08-20T23:52:18+00:00\" \/>\n<meta property=\"og:image\" content=\"https:\/\/centrourbano.com\/revista\/wp-content\/uploads\/estt.jpg\" \/>\n\t<meta property=\"og:image:width\" content=\"800\" \/>\n\t<meta property=\"og:image:height\" content=\"800\" \/>\n\t<meta property=\"og:image:type\" content=\"image\/jpeg\" \/>\n<meta name=\"author\" content=\"Rebeca Romero\" \/>\n<meta name=\"twitter:card\" content=\"summary_large_image\" \/>\n<meta name=\"twitter:creator\" content=\"@CentroUrbano\" \/>\n<meta name=\"twitter:site\" content=\"@CentroUrbano\" \/>\n<meta name=\"twitter:label1\" content=\"Escrito por\" \/>\n\t<meta name=\"twitter:data1\" content=\"Rebeca Romero\" \/>\n\t<meta name=\"twitter:label2\" content=\"Tiempo de lectura\" \/>\n\t<meta name=\"twitter:data2\" content=\"2 minutos\" \/>\n<script type=\"application\/ld+json\" class=\"yoast-schema-graph\">{\"@context\":\"https:\\\/\\\/schema.org\",\"@graph\":[{\"@type\":\"Article\",\"@id\":\"https:\\\/\\\/centrourbano.com\\\/revista\\\/urbanismo\\\/estacionamientos-areas-verdes\\\/#article\",\"isPartOf\":{\"@id\":\"https:\\\/\\\/centrourbano.com\\\/revista\\\/urbanismo\\\/estacionamientos-areas-verdes\\\/\"},\"author\":{\"name\":\"Rebeca Romero\",\"@id\":\"https:\\\/\\\/centrourbano.com\\\/revista\\\/#\\\/schema\\\/person\\\/c665f1c60da3ad48cd761a707b7090b0\"},\"headline\":\"Estacionamientos deben contar con \u00e1reas verdes: diputados\",\"datePublished\":\"2024-08-20T23:29:53+00:00\",\"dateModified\":\"2024-08-20T23:52:18+00:00\",\"mainEntityOfPage\":{\"@id\":\"https:\\\/\\\/centrourbano.com\\\/revista\\\/urbanismo\\\/estacionamientos-areas-verdes\\\/\"},\"wordCount\":298,\"commentCount\":0,\"publisher\":{\"@id\":\"https:\\\/\\\/centrourbano.com\\\/revista\\\/#organization\"},\"image\":{\"@id\":\"https:\\\/\\\/centrourbano.com\\\/revista\\\/urbanismo\\\/estacionamientos-areas-verdes\\\/#primaryimage\"},\"thumbnailUrl\":\"https:\\\/\\\/centrourbano.com\\\/revista\\\/wp-content\\\/uploads\\\/estt.jpg\",\"keywords\":[\"Diputados\",\"Ley General de Asentamientos Humanos Ordenamiento Territorial y Desarrollo Urbano\"],\"articleSection\":[\"Urbanismo\"],\"inLanguage\":\"es\",\"potentialAction\":[{\"@type\":\"CommentAction\",\"name\":\"Comment\",\"target\":[\"https:\\\/\\\/centrourbano.com\\\/revista\\\/urbanismo\\\/estacionamientos-areas-verdes\\\/#respond\"]}]},{\"@type\":\"WebPage\",\"@id\":\"https:\\\/\\\/centrourbano.com\\\/revista\\\/urbanismo\\\/estacionamientos-areas-verdes\\\/\",\"url\":\"https:\\\/\\\/centrourbano.com\\\/revista\\\/urbanismo\\\/estacionamientos-areas-verdes\\\/\",\"name\":\"Estacionamientos deben contar con \u00e1reas verdes: diputados\",\"isPartOf\":{\"@id\":\"https:\\\/\\\/centrourbano.com\\\/revista\\\/#website\"},\"primaryImageOfPage\":{\"@id\":\"https:\\\/\\\/centrourbano.com\\\/revista\\\/urbanismo\\\/estacionamientos-areas-verdes\\\/#primaryimage\"},\"image\":{\"@id\":\"https:\\\/\\\/centrourbano.com\\\/revista\\\/urbanismo\\\/estacionamientos-areas-verdes\\\/#primaryimage\"},\"thumbnailUrl\":\"https:\\\/\\\/centrourbano.com\\\/revista\\\/wp-content\\\/uploads\\\/estt.jpg\",\"datePublished\":\"2024-08-20T23:29:53+00:00\",\"dateModified\":\"2024-08-20T23:52:18+00:00\",\"description\":\"La diputada propone que los estacionamientos p\u00fablicos y privados destinen una parte de su superficie para \u00e1reas verdes.\",\"breadcrumb\":{\"@id\":\"https:\\\/\\\/centrourbano.com\\\/revista\\\/urbanismo\\\/estacionamientos-areas-verdes\\\/#breadcrumb\"},\"inLanguage\":\"es\",\"potentialAction\":[{\"@type\":\"ReadAction\",\"target\":[\"https:\\\/\\\/centrourbano.com\\\/revista\\\/urbanismo\\\/estacionamientos-areas-verdes\\\/\"]}]},{\"@type\":\"ImageObject\",\"inLanguage\":\"es\",\"@id\":\"https:\\\/\\\/centrourbano.com\\\/revista\\\/urbanismo\\\/estacionamientos-areas-verdes\\\/#primaryimage\",\"url\":\"https:\\\/\\\/centrourbano.com\\\/revista\\\/wp-content\\\/uploads\\\/estt.jpg\",\"contentUrl\":\"https:\\\/\\\/centrourbano.com\\\/revista\\\/wp-content\\\/uploads\\\/estt.jpg\",\"width\":800,\"height\":800,\"caption\":\"Estacionamientos deben contar con \u00e1reas verdes: diputados\"},{\"@type\":\"BreadcrumbList\",\"@id\":\"https:\\\/\\\/centrourbano.com\\\/revista\\\/urbanismo\\\/estacionamientos-areas-verdes\\\/#breadcrumb\",\"itemListElement\":[{\"@type\":\"ListItem\",\"position\":1,\"name\":\"Portada\",\"item\":\"https:\\\/\\\/centrourbano.com\\\/revista\\\/\"},{\"@type\":\"ListItem\",\"position\":2,\"name\":\"Estacionamientos deben contar con \u00e1reas verdes: diputados\"}]},{\"@type\":\"WebSite\",\"@id\":\"https:\\\/\\\/centrourbano.com\\\/revista\\\/#website\",\"url\":\"https:\\\/\\\/centrourbano.com\\\/revista\\\/\",\"name\":\"Centro Urbano\",\"description\":\"Medio especializado en los sectores vivienda, inmobiliario, construcci\u00f3n, arquitectura y urbanismo.\",\"publisher\":{\"@id\":\"https:\\\/\\\/centrourbano.com\\\/revista\\\/#organization\"},\"potentialAction\":[{\"@type\":\"SearchAction\",\"target\":{\"@type\":\"EntryPoint\",\"urlTemplate\":\"https:\\\/\\\/centrourbano.com\\\/revista\\\/?s={search_term_string}\"},\"query-input\":{\"@type\":\"PropertyValueSpecification\",\"valueRequired\":true,\"valueName\":\"search_term_string\"}}],\"inLanguage\":\"es\"},{\"@type\":\"Organization\",\"@id\":\"https:\\\/\\\/centrourbano.com\\\/revista\\\/#organization\",\"name\":\"Centro Urbano\",\"url\":\"https:\\\/\\\/centrourbano.com\\\/revista\\\/\",\"logo\":{\"@type\":\"ImageObject\",\"inLanguage\":\"es\",\"@id\":\"https:\\\/\\\/centrourbano.com\\\/revista\\\/#\\\/schema\\\/logo\\\/image\\\/\",\"url\":\"https:\\\/\\\/centrourbano.com\\\/revista\\\/wp-content\\\/uploads\\\/web_CU_logo-1.png\",\"contentUrl\":\"https:\\\/\\\/centrourbano.com\\\/revista\\\/wp-content\\\/uploads\\\/web_CU_logo-1.png\",\"width\":350,\"height\":91,\"caption\":\"Centro Urbano\"},\"image\":{\"@id\":\"https:\\\/\\\/centrourbano.com\\\/revista\\\/#\\\/schema\\\/logo\\\/image\\\/\"},\"sameAs\":[\"https:\\\/\\\/www.facebook.com\\\/portalcentrourbano\",\"https:\\\/\\\/x.com\\\/CentroUrbano\",\"https:\\\/\\\/www.instagram.com\\\/centro_urbano\\\/\",\"https:\\\/\\\/www.linkedin.com\\\/company\\\/centro-urbano\\\/\",\"http:\\\/\\\/www.youtube.com\\\/user\\\/portalcentrourbano\"]},{\"@type\":\"Person\",\"@id\":\"https:\\\/\\\/centrourbano.com\\\/revista\\\/#\\\/schema\\\/person\\\/c665f1c60da3ad48cd761a707b7090b0\",\"name\":\"Rebeca Romero\",\"image\":{\"@type\":\"ImageObject\",\"inLanguage\":\"es\",\"@id\":\"https:\\\/\\\/secure.gravatar.com\\\/avatar\\\/aee0068ae3cc041082e0e84a8258fe5ccc00a733f187bde73b0b40d86b892826?s=96&d=mm&r=g\",\"url\":\"https:\\\/\\\/secure.gravatar.com\\\/avatar\\\/aee0068ae3cc041082e0e84a8258fe5ccc00a733f187bde73b0b40d86b892826?s=96&d=mm&r=g\",\"contentUrl\":\"https:\\\/\\\/secure.gravatar.com\\\/avatar\\\/aee0068ae3cc041082e0e84a8258fe5ccc00a733f187bde73b0b40d86b892826?s=96&d=mm&r=g\",\"caption\":\"Rebeca Romero\"},\"url\":\"https:\\\/\\\/centrourbano.com\\\/revista\\\/author\\\/rebeca-romero\\\/\"}]}<\/script>\n<!-- \/ Yoast SEO plugin. -->","yoast_head_json":{"title":"Estacionamientos deben contar con \u00e1reas verdes: diputados","description":"La diputada propone que los estacionamientos p\u00fablicos y privados destinen una parte de su superficie para \u00e1reas verdes.","robots":{"index":"index","follow":"follow","max-snippet":"max-snippet:-1","max-image-preview":"max-image-preview:large","max-video-preview":"max-video-preview:-1"},"canonical":"https:\/\/centrourbano.com\/revista\/urbanismo\/estacionamientos-areas-verdes\/","og_locale":"es_ES","og_type":"article","og_title":"Estacionamientos deben contar con \u00e1reas verdes: diputados","og_description":"La diputada propone que los estacionamientos p\u00fablicos y privados destinen una parte de su superficie para \u00e1reas verdes.","og_url":"https:\/\/centrourbano.com\/revista\/urbanismo\/estacionamientos-areas-verdes\/","og_site_name":"Centro Urbano","article_publisher":"https:\/\/www.facebook.com\/portalcentrourbano","article_published_time":"2024-08-20T23:29:53+00:00","article_modified_time":"2024-08-20T23:52:18+00:00","og_image":[{"width":800,"height":800,"url":"https:\/\/centrourbano.com\/revista\/wp-content\/uploads\/estt.jpg","type":"image\/jpeg"}],"author":"Rebeca Romero","twitter_card":"summary_large_image","twitter_creator":"@CentroUrbano","twitter_site":"@CentroUrbano","twitter_misc":{"Escrito por":"Rebeca Romero","Tiempo de lectura":"2 minutos"},"schema":{"@context":"https:\/\/schema.org","@graph":[{"@type":"Article","@id":"https:\/\/centrourbano.com\/revista\/urbanismo\/estacionamientos-areas-verdes\/#article","isPartOf":{"@id":"https:\/\/centrourbano.com\/revista\/urbanismo\/estacionamientos-areas-verdes\/"},"author":{"name":"Rebeca Romero","@id":"https:\/\/centrourbano.com\/revista\/#\/schema\/person\/c665f1c60da3ad48cd761a707b7090b0"},"headline":"Estacionamientos deben contar con \u00e1reas verdes: diputados","datePublished":"2024-08-20T23:29:53+00:00","dateModified":"2024-08-20T23:52:18+00:00","mainEntityOfPage":{"@id":"https:\/\/centrourbano.com\/revista\/urbanismo\/estacionamientos-areas-verdes\/"},"wordCount":298,"commentCount":0,"publisher":{"@id":"https:\/\/centrourbano.com\/revista\/#organization"},"image":{"@id":"https:\/\/centrourbano.com\/revista\/urbanismo\/estacionamientos-areas-verdes\/#primaryimage"},"thumbnailUrl":"https:\/\/centrourbano.com\/revista\/wp-content\/uploads\/estt.jpg","keywords":["Diputados","Ley General de Asentamientos Humanos Ordenamiento Territorial y Desarrollo Urbano"],"articleSection":["Urbanismo"],"inLanguage":"es","potentialAction":[{"@type":"CommentAction","name":"Comment","target":["https:\/\/centrourbano.com\/revista\/urbanismo\/estacionamientos-areas-verdes\/#respond"]}]},{"@type":"WebPage","@id":"https:\/\/centrourbano.com\/revista\/urbanismo\/estacionamientos-areas-verdes\/","url":"https:\/\/centrourbano.com\/revista\/urbanismo\/estacionamientos-areas-verdes\/","name":"Estacionamientos deben contar con \u00e1reas verdes: diputados","isPartOf":{"@id":"https:\/\/centrourbano.com\/revista\/#website"},"primaryImageOfPage":{"@id":"https:\/\/centrourbano.com\/revista\/urbanismo\/estacionamientos-areas-verdes\/#primaryimage"},"image":{"@id":"https:\/\/centrourbano.com\/revista\/urbanismo\/estacionamientos-areas-verdes\/#primaryimage"},"thumbnailUrl":"https:\/\/centrourbano.com\/revista\/wp-content\/uploads\/estt.jpg","datePublished":"2024-08-20T23:29:53+00:00","dateModified":"2024-08-20T23:52:18+00:00","description":"La diputada propone que los estacionamientos p\u00fablicos y privados destinen una parte de su superficie para \u00e1reas verdes.","breadcrumb":{"@id":"https:\/\/centrourbano.com\/revista\/urbanismo\/estacionamientos-areas-verdes\/#breadcrumb"},"inLanguage":"es","potentialAction":[{"@type":"ReadAction","target":["https:\/\/centrourbano.com\/revista\/urbanismo\/estacionamientos-areas-verdes\/"]}]},{"@type":"ImageObject","inLanguage":"es","@id":"https:\/\/centrourbano.com\/revista\/urbanismo\/estacionamientos-areas-verdes\/#primaryimage","url":"https:\/\/centrourbano.com\/revista\/wp-content\/uploads\/estt.jpg","contentUrl":"https:\/\/centrourbano.com\/revista\/wp-content\/uploads\/estt.jpg","width":800,"height":800,"caption":"Estacionamientos deben contar con \u00e1reas verdes: diputados"},{"@type":"BreadcrumbList","@id":"https:\/\/centrourbano.com\/revista\/urbanismo\/estacionamientos-areas-verdes\/#breadcrumb","itemListElement":[{"@type":"ListItem","position":1,"name":"Portada","item":"https:\/\/centrourbano.com\/revista\/"},{"@type":"ListItem","position":2,"name":"Estacionamientos deben contar con \u00e1reas verdes: diputados"}]},{"@type":"WebSite","@id":"https:\/\/centrourbano.com\/revista\/#website","url":"https:\/\/centrourbano.com\/revista\/","name":"Centro Urbano","description":"Medio especializado en los sectores vivienda, inmobiliario, construcci\u00f3n, arquitectura y urbanismo.","publisher":{"@id":"https:\/\/centrourbano.com\/revista\/#organization"},"potentialAction":[{"@type":"SearchAction","target":{"@type":"EntryPoint","urlTemplate":"https:\/\/centrourbano.com\/revista\/?s={search_term_string}"},"query-input":{"@type":"PropertyValueSpecification","valueRequired":true,"valueName":"search_term_string"}}],"inLanguage":"es"},{"@type":"Organization","@id":"https:\/\/centrourbano.com\/revista\/#organization","name":"Centro Urbano","url":"https:\/\/centrourbano.com\/revista\/","logo":{"@type":"ImageObject","inLanguage":"es","@id":"https:\/\/centrourbano.com\/revista\/#\/schema\/logo\/image\/","url":"https:\/\/centrourbano.com\/revista\/wp-content\/uploads\/web_CU_logo-1.png","contentUrl":"https:\/\/centrourbano.com\/revista\/wp-content\/uploads\/web_CU_logo-1.png","width":350,"height":91,"caption":"Centro Urbano"},"image":{"@id":"https:\/\/centrourbano.com\/revista\/#\/schema\/logo\/image\/"},"sameAs":["https:\/\/www.facebook.com\/portalcentrourbano","https:\/\/x.com\/CentroUrbano","https:\/\/www.instagram.com\/centro_urbano\/","https:\/\/www.linkedin.com\/company\/centro-urbano\/","http:\/\/www.youtube.com\/user\/portalcentrourbano"]},{"@type":"Person","@id":"https:\/\/centrourbano.com\/revista\/#\/schema\/person\/c665f1c60da3ad48cd761a707b7090b0","name":"Rebeca Romero","image":{"@type":"ImageObject","inLanguage":"es","@id":"https:\/\/secure.gravatar.com\/avatar\/aee0068ae3cc041082e0e84a8258fe5ccc00a733f187bde73b0b40d86b892826?s=96&d=mm&r=g","url":"https:\/\/secure.gravatar.com\/avatar\/aee0068ae3cc041082e0e84a8258fe5ccc00a733f187bde73b0b40d86b892826?s=96&d=mm&r=g","contentUrl":"https:\/\/secure.gravatar.com\/avatar\/aee0068ae3cc041082e0e84a8258fe5ccc00a733f187bde73b0b40d86b892826?s=96&d=mm&r=g","caption":"Rebeca Romero"},"url":"https:\/\/centrourbano.com\/revista\/author\/rebeca-romero\/"}]}},"_links":{"self":[{"href":"https:\/\/centrourbano.com\/revista\/wp-json\/wp\/v2\/posts\/150156","targetHints":{"allow":["GET"]}}],"collection":[{"href":"https:\/\/centrourbano.com\/revista\/wp-json\/wp\/v2\/posts"}],"about":[{"href":"https:\/\/centrourbano.com\/revista\/wp-json\/wp\/v2\/types\/post"}],"author":[{"embeddable":true,"href":"https:\/\/centrourbano.com\/revista\/wp-json\/wp\/v2\/users\/88"}],"replies":[{"embeddable":true,"href":"https:\/\/centrourbano.com\/revista\/wp-json\/wp\/v2\/comments?post=150156"}],"version-history":[{"count":1,"href":"https:\/\/centrourbano.com\/revista\/wp-json\/wp\/v2\/posts\/150156\/revisions"}],"predecessor-version":[{"id":150162,"href":"https:\/\/centrourbano.com\/revista\/wp-json\/wp\/v2\/posts\/150156\/revisions\/150162"}],"wp:featuredmedia":[{"embeddable":true,"href":"https:\/\/centrourbano.com\/revista\/wp-json\/wp\/v2\/media\/150161"}],"wp:attachment":[{"href":"https:\/\/centrourbano.com\/revista\/wp-json\/wp\/v2\/media?parent=150156"}],"wp:term":[{"taxonomy":"category","embeddable":true,"href":"https:\/\/centrourbano.com\/revista\/wp-json\/wp\/v2\/categories?post=150156"},{"taxonomy":"post_tag","embeddable":true,"href":"https:\/\/centrourbano.com\/revista\/wp-json\/wp\/v2\/tags?post=150156"}],"curies":[{"name":"wp","href":"https:\/\/api.w.org\/{rel}","templated":true}]}}