{"id":149924,"date":"2024-08-08T14:22:14","date_gmt":"2024-08-08T20:22:14","guid":{"rendered":"https:\/\/centrourbano.com\/revista\/?p=149924"},"modified":"2024-08-08T15:17:57","modified_gmt":"2024-08-08T21:17:57","slug":"arendamiento-parques-industriales","status":"publish","type":"post","link":"https:\/\/centrourbano.com\/revista\/inmobiliario\/arendamiento-parques-industriales\/","title":{"rendered":"Arrendamiento de parques industriales incrementa 55%"},"content":{"rendered":"<p><em>Durante julio, la construcci\u00f3n de parques industriales registr\u00f3 5.8 millones de m\u00b2 en obra<\/em><!--more--><\/p>\n<p>De acuerdo con datos de <a href=\"https:\/\/www.solili.mx\/\" target=\"_blank\" rel=\"noopener\">Solili<\/a>, durante el mes de julio de 2024, el <strong>arrendamiento<\/strong> en el portafolio industrial nacional registr\u00f3 <strong>543,000 metros cuadrados<\/strong> (m\u00b2) demandados, cifra que representa un <strong>incremento del 55%<\/strong> en comparaci\u00f3n con <strong>julio del 2023<\/strong>.<\/p>\n<p>En ese sentido, la <strong>regi\u00f3n norte registr\u00f3 308,000 m\u00b2 en arrendamiento <a href=\"https:\/\/centrourbano.com\/revista\/?s=parques+industriales+\" target=\"_blank\" rel=\"noopener\">industrial<\/a><\/strong>. De dicho total, <strong>Monterrey encabeza la demanda con el 47%<\/strong> de la ocupaci\u00f3n, seguida Tijuana con 20 por ciento. Mientras tanto, el baj\u00edo alcanz\u00f3 los 90,000 m\u00b2, donde el mercado de <strong>Quer\u00e9taro acapara el 75% de la demanda industrial de la zona<\/strong>.<\/p>\n<p>Por otro lado, durante julio de 2024, la <strong>demanda de parques industriales se concentr\u00f3 principalmente en Monterrey <\/strong>con 145,000 m\u00b2, la\u00a0Ciudad de M\u00e9xico con 140,000 m\u00b2 y por\u00a0Quer\u00e9taro\u00a0con 68,000 m\u00b2 ocupados.<\/p>\n<p>En construcci\u00f3n industrial, julio registr\u00f3 un de total <strong>de 5.8 millones de m\u00b2 en obra<\/strong>, mientras que 654,000 m\u00b2 iniciaron su construcci\u00f3n, cifra que triplica el metraje registrado en julio de 2023.<\/p>\n<p>Al respecto, <strong>Ciudad de M\u00e9xico y Monterrey<\/strong> son las ciudades que lideran <strong>la construcci\u00f3n de parques industriales con 26% y 22%<\/strong>, respectivamente. Adem\u00e1s, Guadalajara tambi\u00e9n consigui\u00f3 posicionarse dentro de las entidades con el mayor n\u00famero de nuevos proyectos, con el 17% de las nuevas construcciones.<\/p>\n","protected":false},"excerpt":{"rendered":"<p>Durante julio, la construcci\u00f3n de parques industriales registr\u00f3 5.8 millones de m\u00b2 en obra<\/p>\n","protected":false},"author":88,"featured_media":149928,"comment_status":"open","ping_status":"closed","sticky":false,"template":"","format":"standard","meta":{"om_disable_all_campaigns":false,"inline_featured_image":false,"_monsterinsights_skip_tracking":false,"_monsterinsights_sitenote_active":false,"_monsterinsights_sitenote_note":"","_monsterinsights_sitenote_category":0,"footnotes":""},"categories":[15],"tags":[19022,223,15558],"class_list":["post-149924","post","type-post","status-publish","format-standard","has-post-thumbnail","hentry","category-inmobiliario","tag-arrendamiento-industrial","tag-parques-industriales","tag-solili"],"yoast_head":"<!-- This site is optimized with the Yoast SEO plugin v27.5 - https:\/\/yoast.com\/product\/yoast-seo-wordpress\/ -->\n<title>Arrendamiento de parques industriales incrementa 55%<\/title>\n<meta name=\"description\" content=\"Del total nacional de parques industriales en arrendamiento, la regi\u00f3n norte alcanz\u00f3 los 308,000 m\u00b2 en renta.\" \/>\n<meta name=\"robots\" content=\"index, follow, max-snippet:-1, max-image-preview:large, max-video-preview:-1\" \/>\n<link rel=\"canonical\" href=\"https:\/\/centrourbano.com\/revista\/inmobiliario\/arendamiento-parques-industriales\/\" \/>\n<meta property=\"og:locale\" content=\"es_ES\" \/>\n<meta property=\"og:type\" content=\"article\" \/>\n<meta property=\"og:title\" content=\"Arrendamiento de parques industriales incrementa 55%\" \/>\n<meta property=\"og:description\" content=\"Del total nacional de parques industriales en arrendamiento, la regi\u00f3n norte alcanz\u00f3 los 308,000 m\u00b2 en renta.\" \/>\n<meta property=\"og:url\" content=\"https:\/\/centrourbano.com\/revista\/inmobiliario\/arendamiento-parques-industriales\/\" \/>\n<meta property=\"og:site_name\" content=\"Centro Urbano\" \/>\n<meta property=\"article:publisher\" content=\"https:\/\/www.facebook.com\/portalcentrourbano\" \/>\n<meta property=\"article:published_time\" content=\"2024-08-08T20:22:14+00:00\" \/>\n<meta property=\"article:modified_time\" content=\"2024-08-08T21:17:57+00:00\" \/>\n<meta property=\"og:image\" content=\"https:\/\/centrourbano.com\/revista\/wp-content\/uploads\/800-parque-industrial-4-4.jpg\" \/>\n\t<meta property=\"og:image:width\" content=\"800\" \/>\n\t<meta property=\"og:image:height\" content=\"800\" \/>\n\t<meta property=\"og:image:type\" content=\"image\/jpeg\" \/>\n<meta name=\"author\" content=\"Rebeca Romero\" \/>\n<meta name=\"twitter:card\" content=\"summary_large_image\" \/>\n<meta name=\"twitter:creator\" content=\"@CentroUrbano\" \/>\n<meta name=\"twitter:site\" content=\"@CentroUrbano\" \/>\n<meta name=\"twitter:label1\" content=\"Escrito por\" \/>\n\t<meta name=\"twitter:data1\" content=\"Rebeca Romero\" \/>\n\t<meta name=\"twitter:label2\" content=\"Tiempo de lectura\" \/>\n\t<meta name=\"twitter:data2\" content=\"2 minutos\" \/>\n<script type=\"application\/ld+json\" class=\"yoast-schema-graph\">{\"@context\":\"https:\\\/\\\/schema.org\",\"@graph\":[{\"@type\":\"Article\",\"@id\":\"https:\\\/\\\/centrourbano.com\\\/revista\\\/inmobiliario\\\/arendamiento-parques-industriales\\\/#article\",\"isPartOf\":{\"@id\":\"https:\\\/\\\/centrourbano.com\\\/revista\\\/inmobiliario\\\/arendamiento-parques-industriales\\\/\"},\"author\":{\"name\":\"Rebeca Romero\",\"@id\":\"https:\\\/\\\/centrourbano.com\\\/revista\\\/#\\\/schema\\\/person\\\/585fcd52a02a59422de60d5ae8e0f491\"},\"headline\":\"Arrendamiento de parques industriales incrementa 55%\",\"datePublished\":\"2024-08-08T20:22:14+00:00\",\"dateModified\":\"2024-08-08T21:17:57+00:00\",\"mainEntityOfPage\":{\"@id\":\"https:\\\/\\\/centrourbano.com\\\/revista\\\/inmobiliario\\\/arendamiento-parques-industriales\\\/\"},\"wordCount\":218,\"commentCount\":0,\"publisher\":{\"@id\":\"https:\\\/\\\/centrourbano.com\\\/revista\\\/#organization\"},\"image\":{\"@id\":\"https:\\\/\\\/centrourbano.com\\\/revista\\\/inmobiliario\\\/arendamiento-parques-industriales\\\/#primaryimage\"},\"thumbnailUrl\":\"https:\\\/\\\/centrourbano.com\\\/revista\\\/wp-content\\\/uploads\\\/800-parque-industrial-4-4.jpg\",\"keywords\":[\"arrendamiento industrial\",\"parques industriales\",\"Solili\"],\"articleSection\":[\"Inmobiliario\"],\"inLanguage\":\"es\",\"potentialAction\":[{\"@type\":\"CommentAction\",\"name\":\"Comment\",\"target\":[\"https:\\\/\\\/centrourbano.com\\\/revista\\\/inmobiliario\\\/arendamiento-parques-industriales\\\/#respond\"]}]},{\"@type\":\"WebPage\",\"@id\":\"https:\\\/\\\/centrourbano.com\\\/revista\\\/inmobiliario\\\/arendamiento-parques-industriales\\\/\",\"url\":\"https:\\\/\\\/centrourbano.com\\\/revista\\\/inmobiliario\\\/arendamiento-parques-industriales\\\/\",\"name\":\"Arrendamiento de parques industriales incrementa 55%\",\"isPartOf\":{\"@id\":\"https:\\\/\\\/centrourbano.com\\\/revista\\\/#website\"},\"primaryImageOfPage\":{\"@id\":\"https:\\\/\\\/centrourbano.com\\\/revista\\\/inmobiliario\\\/arendamiento-parques-industriales\\\/#primaryimage\"},\"image\":{\"@id\":\"https:\\\/\\\/centrourbano.com\\\/revista\\\/inmobiliario\\\/arendamiento-parques-industriales\\\/#primaryimage\"},\"thumbnailUrl\":\"https:\\\/\\\/centrourbano.com\\\/revista\\\/wp-content\\\/uploads\\\/800-parque-industrial-4-4.jpg\",\"datePublished\":\"2024-08-08T20:22:14+00:00\",\"dateModified\":\"2024-08-08T21:17:57+00:00\",\"description\":\"Del total nacional de parques industriales en arrendamiento, la regi\u00f3n norte alcanz\u00f3 los 308,000 m\u00b2 en renta.\",\"breadcrumb\":{\"@id\":\"https:\\\/\\\/centrourbano.com\\\/revista\\\/inmobiliario\\\/arendamiento-parques-industriales\\\/#breadcrumb\"},\"inLanguage\":\"es\",\"potentialAction\":[{\"@type\":\"ReadAction\",\"target\":[\"https:\\\/\\\/centrourbano.com\\\/revista\\\/inmobiliario\\\/arendamiento-parques-industriales\\\/\"]}]},{\"@type\":\"ImageObject\",\"inLanguage\":\"es\",\"@id\":\"https:\\\/\\\/centrourbano.com\\\/revista\\\/inmobiliario\\\/arendamiento-parques-industriales\\\/#primaryimage\",\"url\":\"https:\\\/\\\/centrourbano.com\\\/revista\\\/wp-content\\\/uploads\\\/800-parque-industrial-4-4.jpg\",\"contentUrl\":\"https:\\\/\\\/centrourbano.com\\\/revista\\\/wp-content\\\/uploads\\\/800-parque-industrial-4-4.jpg\",\"width\":800,\"height\":800,\"caption\":\"Arrendamiento de parques industriales incrementa 55%\"},{\"@type\":\"BreadcrumbList\",\"@id\":\"https:\\\/\\\/centrourbano.com\\\/revista\\\/inmobiliario\\\/arendamiento-parques-industriales\\\/#breadcrumb\",\"itemListElement\":[{\"@type\":\"ListItem\",\"position\":1,\"name\":\"Portada\",\"item\":\"https:\\\/\\\/centrourbano.com\\\/revista\\\/\"},{\"@type\":\"ListItem\",\"position\":2,\"name\":\"Arrendamiento de parques industriales incrementa 55%\"}]},{\"@type\":\"WebSite\",\"@id\":\"https:\\\/\\\/centrourbano.com\\\/revista\\\/#website\",\"url\":\"https:\\\/\\\/centrourbano.com\\\/revista\\\/\",\"name\":\"Centro Urbano\",\"description\":\"Medio especializado en los sectores vivienda, inmobiliario, construcci\u00f3n, arquitectura y urbanismo.\",\"publisher\":{\"@id\":\"https:\\\/\\\/centrourbano.com\\\/revista\\\/#organization\"},\"potentialAction\":[{\"@type\":\"SearchAction\",\"target\":{\"@type\":\"EntryPoint\",\"urlTemplate\":\"https:\\\/\\\/centrourbano.com\\\/revista\\\/?s={search_term_string}\"},\"query-input\":{\"@type\":\"PropertyValueSpecification\",\"valueRequired\":true,\"valueName\":\"search_term_string\"}}],\"inLanguage\":\"es\"},{\"@type\":\"Organization\",\"@id\":\"https:\\\/\\\/centrourbano.com\\\/revista\\\/#organization\",\"name\":\"Centro Urbano\",\"url\":\"https:\\\/\\\/centrourbano.com\\\/revista\\\/\",\"logo\":{\"@type\":\"ImageObject\",\"inLanguage\":\"es\",\"@id\":\"https:\\\/\\\/centrourbano.com\\\/revista\\\/#\\\/schema\\\/logo\\\/image\\\/\",\"url\":\"https:\\\/\\\/centrourbano.com\\\/revista\\\/wp-content\\\/uploads\\\/web_CU_logo-1.png\",\"contentUrl\":\"https:\\\/\\\/centrourbano.com\\\/revista\\\/wp-content\\\/uploads\\\/web_CU_logo-1.png\",\"width\":350,\"height\":91,\"caption\":\"Centro Urbano\"},\"image\":{\"@id\":\"https:\\\/\\\/centrourbano.com\\\/revista\\\/#\\\/schema\\\/logo\\\/image\\\/\"},\"sameAs\":[\"https:\\\/\\\/www.facebook.com\\\/portalcentrourbano\",\"https:\\\/\\\/x.com\\\/CentroUrbano\",\"https:\\\/\\\/www.instagram.com\\\/centro_urbano\\\/\",\"https:\\\/\\\/www.linkedin.com\\\/company\\\/centro-urbano\\\/\",\"http:\\\/\\\/www.youtube.com\\\/user\\\/portalcentrourbano\"]},{\"@type\":\"Person\",\"@id\":\"https:\\\/\\\/centrourbano.com\\\/revista\\\/#\\\/schema\\\/person\\\/585fcd52a02a59422de60d5ae8e0f491\",\"name\":\"Rebeca Romero\",\"image\":{\"@type\":\"ImageObject\",\"inLanguage\":\"es\",\"@id\":\"https:\\\/\\\/secure.gravatar.com\\\/avatar\\\/aee0068ae3cc041082e0e84a8258fe5ccc00a733f187bde73b0b40d86b892826?s=96&d=mm&r=g\",\"url\":\"https:\\\/\\\/secure.gravatar.com\\\/avatar\\\/aee0068ae3cc041082e0e84a8258fe5ccc00a733f187bde73b0b40d86b892826?s=96&d=mm&r=g\",\"contentUrl\":\"https:\\\/\\\/secure.gravatar.com\\\/avatar\\\/aee0068ae3cc041082e0e84a8258fe5ccc00a733f187bde73b0b40d86b892826?s=96&d=mm&r=g\",\"caption\":\"Rebeca Romero\"},\"url\":\"https:\\\/\\\/centrourbano.com\\\/revista\\\/author\\\/rebeca-romero\\\/\"}]}<\/script>\n<!-- \/ Yoast SEO plugin. -->","yoast_head_json":{"title":"Arrendamiento de parques industriales incrementa 55%","description":"Del total nacional de parques industriales en arrendamiento, la regi\u00f3n norte alcanz\u00f3 los 308,000 m\u00b2 en renta.","robots":{"index":"index","follow":"follow","max-snippet":"max-snippet:-1","max-image-preview":"max-image-preview:large","max-video-preview":"max-video-preview:-1"},"canonical":"https:\/\/centrourbano.com\/revista\/inmobiliario\/arendamiento-parques-industriales\/","og_locale":"es_ES","og_type":"article","og_title":"Arrendamiento de parques industriales incrementa 55%","og_description":"Del total nacional de parques industriales en arrendamiento, la regi\u00f3n norte alcanz\u00f3 los 308,000 m\u00b2 en renta.","og_url":"https:\/\/centrourbano.com\/revista\/inmobiliario\/arendamiento-parques-industriales\/","og_site_name":"Centro Urbano","article_publisher":"https:\/\/www.facebook.com\/portalcentrourbano","article_published_time":"2024-08-08T20:22:14+00:00","article_modified_time":"2024-08-08T21:17:57+00:00","og_image":[{"width":800,"height":800,"url":"https:\/\/centrourbano.com\/revista\/wp-content\/uploads\/800-parque-industrial-4-4.jpg","type":"image\/jpeg"}],"author":"Rebeca Romero","twitter_card":"summary_large_image","twitter_creator":"@CentroUrbano","twitter_site":"@CentroUrbano","twitter_misc":{"Escrito por":"Rebeca Romero","Tiempo de lectura":"2 minutos"},"schema":{"@context":"https:\/\/schema.org","@graph":[{"@type":"Article","@id":"https:\/\/centrourbano.com\/revista\/inmobiliario\/arendamiento-parques-industriales\/#article","isPartOf":{"@id":"https:\/\/centrourbano.com\/revista\/inmobiliario\/arendamiento-parques-industriales\/"},"author":{"name":"Rebeca Romero","@id":"https:\/\/centrourbano.com\/revista\/#\/schema\/person\/585fcd52a02a59422de60d5ae8e0f491"},"headline":"Arrendamiento de parques industriales incrementa 55%","datePublished":"2024-08-08T20:22:14+00:00","dateModified":"2024-08-08T21:17:57+00:00","mainEntityOfPage":{"@id":"https:\/\/centrourbano.com\/revista\/inmobiliario\/arendamiento-parques-industriales\/"},"wordCount":218,"commentCount":0,"publisher":{"@id":"https:\/\/centrourbano.com\/revista\/#organization"},"image":{"@id":"https:\/\/centrourbano.com\/revista\/inmobiliario\/arendamiento-parques-industriales\/#primaryimage"},"thumbnailUrl":"https:\/\/centrourbano.com\/revista\/wp-content\/uploads\/800-parque-industrial-4-4.jpg","keywords":["arrendamiento industrial","parques industriales","Solili"],"articleSection":["Inmobiliario"],"inLanguage":"es","potentialAction":[{"@type":"CommentAction","name":"Comment","target":["https:\/\/centrourbano.com\/revista\/inmobiliario\/arendamiento-parques-industriales\/#respond"]}]},{"@type":"WebPage","@id":"https:\/\/centrourbano.com\/revista\/inmobiliario\/arendamiento-parques-industriales\/","url":"https:\/\/centrourbano.com\/revista\/inmobiliario\/arendamiento-parques-industriales\/","name":"Arrendamiento de parques industriales incrementa 55%","isPartOf":{"@id":"https:\/\/centrourbano.com\/revista\/#website"},"primaryImageOfPage":{"@id":"https:\/\/centrourbano.com\/revista\/inmobiliario\/arendamiento-parques-industriales\/#primaryimage"},"image":{"@id":"https:\/\/centrourbano.com\/revista\/inmobiliario\/arendamiento-parques-industriales\/#primaryimage"},"thumbnailUrl":"https:\/\/centrourbano.com\/revista\/wp-content\/uploads\/800-parque-industrial-4-4.jpg","datePublished":"2024-08-08T20:22:14+00:00","dateModified":"2024-08-08T21:17:57+00:00","description":"Del total nacional de parques industriales en arrendamiento, la regi\u00f3n norte alcanz\u00f3 los 308,000 m\u00b2 en renta.","breadcrumb":{"@id":"https:\/\/centrourbano.com\/revista\/inmobiliario\/arendamiento-parques-industriales\/#breadcrumb"},"inLanguage":"es","potentialAction":[{"@type":"ReadAction","target":["https:\/\/centrourbano.com\/revista\/inmobiliario\/arendamiento-parques-industriales\/"]}]},{"@type":"ImageObject","inLanguage":"es","@id":"https:\/\/centrourbano.com\/revista\/inmobiliario\/arendamiento-parques-industriales\/#primaryimage","url":"https:\/\/centrourbano.com\/revista\/wp-content\/uploads\/800-parque-industrial-4-4.jpg","contentUrl":"https:\/\/centrourbano.com\/revista\/wp-content\/uploads\/800-parque-industrial-4-4.jpg","width":800,"height":800,"caption":"Arrendamiento de parques industriales incrementa 55%"},{"@type":"BreadcrumbList","@id":"https:\/\/centrourbano.com\/revista\/inmobiliario\/arendamiento-parques-industriales\/#breadcrumb","itemListElement":[{"@type":"ListItem","position":1,"name":"Portada","item":"https:\/\/centrourbano.com\/revista\/"},{"@type":"ListItem","position":2,"name":"Arrendamiento de parques industriales incrementa 55%"}]},{"@type":"WebSite","@id":"https:\/\/centrourbano.com\/revista\/#website","url":"https:\/\/centrourbano.com\/revista\/","name":"Centro Urbano","description":"Medio especializado en los sectores vivienda, inmobiliario, construcci\u00f3n, arquitectura y urbanismo.","publisher":{"@id":"https:\/\/centrourbano.com\/revista\/#organization"},"potentialAction":[{"@type":"SearchAction","target":{"@type":"EntryPoint","urlTemplate":"https:\/\/centrourbano.com\/revista\/?s={search_term_string}"},"query-input":{"@type":"PropertyValueSpecification","valueRequired":true,"valueName":"search_term_string"}}],"inLanguage":"es"},{"@type":"Organization","@id":"https:\/\/centrourbano.com\/revista\/#organization","name":"Centro Urbano","url":"https:\/\/centrourbano.com\/revista\/","logo":{"@type":"ImageObject","inLanguage":"es","@id":"https:\/\/centrourbano.com\/revista\/#\/schema\/logo\/image\/","url":"https:\/\/centrourbano.com\/revista\/wp-content\/uploads\/web_CU_logo-1.png","contentUrl":"https:\/\/centrourbano.com\/revista\/wp-content\/uploads\/web_CU_logo-1.png","width":350,"height":91,"caption":"Centro Urbano"},"image":{"@id":"https:\/\/centrourbano.com\/revista\/#\/schema\/logo\/image\/"},"sameAs":["https:\/\/www.facebook.com\/portalcentrourbano","https:\/\/x.com\/CentroUrbano","https:\/\/www.instagram.com\/centro_urbano\/","https:\/\/www.linkedin.com\/company\/centro-urbano\/","http:\/\/www.youtube.com\/user\/portalcentrourbano"]},{"@type":"Person","@id":"https:\/\/centrourbano.com\/revista\/#\/schema\/person\/585fcd52a02a59422de60d5ae8e0f491","name":"Rebeca Romero","image":{"@type":"ImageObject","inLanguage":"es","@id":"https:\/\/secure.gravatar.com\/avatar\/aee0068ae3cc041082e0e84a8258fe5ccc00a733f187bde73b0b40d86b892826?s=96&d=mm&r=g","url":"https:\/\/secure.gravatar.com\/avatar\/aee0068ae3cc041082e0e84a8258fe5ccc00a733f187bde73b0b40d86b892826?s=96&d=mm&r=g","contentUrl":"https:\/\/secure.gravatar.com\/avatar\/aee0068ae3cc041082e0e84a8258fe5ccc00a733f187bde73b0b40d86b892826?s=96&d=mm&r=g","caption":"Rebeca Romero"},"url":"https:\/\/centrourbano.com\/revista\/author\/rebeca-romero\/"}]}},"_links":{"self":[{"href":"https:\/\/centrourbano.com\/revista\/wp-json\/wp\/v2\/posts\/149924","targetHints":{"allow":["GET"]}}],"collection":[{"href":"https:\/\/centrourbano.com\/revista\/wp-json\/wp\/v2\/posts"}],"about":[{"href":"https:\/\/centrourbano.com\/revista\/wp-json\/wp\/v2\/types\/post"}],"author":[{"embeddable":true,"href":"https:\/\/centrourbano.com\/revista\/wp-json\/wp\/v2\/users\/88"}],"replies":[{"embeddable":true,"href":"https:\/\/centrourbano.com\/revista\/wp-json\/wp\/v2\/comments?post=149924"}],"version-history":[{"count":1,"href":"https:\/\/centrourbano.com\/revista\/wp-json\/wp\/v2\/posts\/149924\/revisions"}],"predecessor-version":[{"id":149931,"href":"https:\/\/centrourbano.com\/revista\/wp-json\/wp\/v2\/posts\/149924\/revisions\/149931"}],"wp:featuredmedia":[{"embeddable":true,"href":"https:\/\/centrourbano.com\/revista\/wp-json\/wp\/v2\/media\/149928"}],"wp:attachment":[{"href":"https:\/\/centrourbano.com\/revista\/wp-json\/wp\/v2\/media?parent=149924"}],"wp:term":[{"taxonomy":"category","embeddable":true,"href":"https:\/\/centrourbano.com\/revista\/wp-json\/wp\/v2\/categories?post=149924"},{"taxonomy":"post_tag","embeddable":true,"href":"https:\/\/centrourbano.com\/revista\/wp-json\/wp\/v2\/tags?post=149924"}],"curies":[{"name":"wp","href":"https:\/\/api.w.org\/{rel}","templated":true}]}}