{"id":149909,"date":"2024-08-07T16:56:53","date_gmt":"2024-08-07T22:56:53","guid":{"rendered":"https:\/\/centrourbano.com\/revista\/?p=149909"},"modified":"2024-08-07T18:57:40","modified_gmt":"2024-08-08T00:57:40","slug":"acuerdo-vivienda-asequible","status":"publish","type":"post","link":"https:\/\/centrourbano.com\/revista\/vivienda\/acuerdo-vivienda-asequible\/","title":{"rendered":"Buscan acuerdo para garantizar acceso a la vivienda asequible"},"content":{"rendered":"<p><em>\u201cEs imperativo que nos unamos para abogar por pol\u00edticas que garanticen vivienda asequible y de calidad para todas y todos\u201d<\/em><!--more--><\/p>\n<p>Este mi\u00e9rcoles se realiz\u00f3 el <strong>Encuentro Nacional de Vivienda: Pilar en la prosperidad econ\u00f3mica de M\u00e9xico<\/strong>, con el objetivo de construir un acuerdo nacional entre empresarios, trabajadores y desarrolladores para contribuir en el cumplimiento de la <strong>Pol\u00edtica de Vivienda de <a href=\"https:\/\/centrourbano.com\/revista\/elecciones-2024\/claudia-sheinbaum-presidenta\/\" target=\"_blank\" rel=\"noopener\">Claudia Sheinbaum Pardo<\/a><\/strong>, virtual presidenta electa de M\u00e9xico.<\/p>\n<p>Durante la inauguraci\u00f3n del evento, el <strong>diputado federal Alfonso Ram\u00edrez Cu\u00e9llar<\/strong> destac\u00f3 que el prop\u00f3sito es establecer un acuerdo para cumplir con la meta de edificar <strong>1 mill\u00f3n de viviendas<\/strong> durante el pr\u00f3ximo sexenio.<\/p>\n<p>\u201cAqu\u00ed estamos para ir construyendo un gran <strong>acuerdo nacional<\/strong> entre todos los trabajadores y trabajadoras, empresarios y desarrolladores. Muchas de las instituciones p\u00fablicas queremos construir ese acuerdo para ayudar a la doctora Sheinbaum a cumplir la meta de 1 mill\u00f3n de viviendas en 2024-2030\u201d, dijo.<\/p>\n<p>En ese sentido, indic\u00f3 que lo que se busca es definir las l\u00edneas principales de lo que ser\u00e1 la <strong>pol\u00edtica del Estado en materia de vivienda<\/strong> para garantizar el acceso de los j\u00f3venes y la poblaci\u00f3n de menores ingresos a una vivienda; as\u00ed como para combatir el d\u00e9ficit de vivienda social.<\/p>\n<p>\u201cEstoy seguro de que de aqu\u00ed saldr\u00e1n los primeros pasos para construir ese acuerdo entre todos los <strong>trabajadores y trabajadoras<\/strong>, el sector de los <strong>empresarios<\/strong> y los principales <strong>desarrolladores<\/strong> del pa\u00eds, para garantizar el derecho humano a una vivienda digna, asequible, bien ubicada y que permita la felicidad de much\u00edsimas familias mexicanas\u201d, se\u00f1al\u00f3.<\/p>\n<p>Asimismo, consider\u00f3 que uno de los puntos m\u00e1s importantes para concretar dicha meta es la <strong>creaci\u00f3n de un banco de suelo<\/strong> para construir las viviendas, as\u00ed como encontrar <strong>esquemas de financiamiento m\u00e1s flexibles<\/strong> que permitan atender a los trabajadores no derechohabientes.<\/p>\n<p>\u201cEs un gran acuerdo. Le vamos a entregar el pr\u00f3ximo martes al secretario del Trabajo y a la secretaria de Sedatu las principales conclusiones, y tambi\u00e9n para que las considere la doctora Claudia en lo que pudiera hacer los primeros 100 d\u00edas de gobierno\u201d, indic\u00f3.<\/p>\n<p>En su participaci\u00f3n, <strong>Arturo Olivares Cerda, secretario general del Sindicato del Seguro Social<\/strong>, destac\u00f3 que, hist\u00f3ricamente, acceder a una <strong>vivienda digna y asequible<\/strong> ha sido un desaf\u00edo cada vez mayor para los trabajadores.<\/p>\n<p>\u201cPor ello, es imperativo que nos unamos para abogar por pol\u00edticas que garanticen <strong>viviendas asequibles y de calidad<\/strong> para todas y todos los trabajadores. La necesidad de m\u00e1s vivienda para los trabajadores es una cuesti\u00f3n de justicia social y econ\u00f3mica, y al cumplir con ello estaremos construyendo una sociedad m\u00e1s justa, saludable y pr\u00f3spera\u201d, concluy\u00f3.<\/p>\n","protected":false},"excerpt":{"rendered":"<p>\u201cEs imperativo que nos unamos para abogar por pol\u00edticas que garanticen vivienda asequible y de calidad para todas y todos\u201d<\/p>\n","protected":false},"author":73,"featured_media":149910,"comment_status":"open","ping_status":"closed","sticky":false,"template":"","format":"standard","meta":{"om_disable_all_campaigns":false,"inline_featured_image":false,"_monsterinsights_skip_tracking":false,"_monsterinsights_sitenote_active":false,"_monsterinsights_sitenote_note":"","_monsterinsights_sitenote_category":0,"footnotes":""},"categories":[12],"tags":[24515,11066,1785,100,60],"class_list":["post-149909","post","type-post","status-publish","format-standard","has-post-thumbnail","hentry","category-vivienda","tag-alfonso-ramirez-cuellar","tag-claudia-sheinbaum","tag-encuentro-nacional-de-vivienda","tag-infonavit","tag-vivienda-2"],"yoast_head":"<!-- This site is optimized with the Yoast SEO plugin v27.4 - https:\/\/yoast.com\/product\/yoast-seo-wordpress\/ -->\n<title>Buscan acuerdo para garantizar acceso a la vivienda asequible<\/title>\n<meta name=\"description\" content=\"\u201cEs imperativo que nos unamos para abogar por pol\u00edticas que garanticen vivienda asequible y de calidad para todas y todos\u201d\" \/>\n<meta name=\"robots\" content=\"index, follow, max-snippet:-1, max-image-preview:large, max-video-preview:-1\" \/>\n<link rel=\"canonical\" href=\"https:\/\/centrourbano.com\/revista\/vivienda\/acuerdo-vivienda-asequible\/\" \/>\n<meta property=\"og:locale\" content=\"es_ES\" \/>\n<meta property=\"og:type\" content=\"article\" \/>\n<meta property=\"og:title\" content=\"Buscan acuerdo para garantizar acceso a la vivienda asequible\" \/>\n<meta property=\"og:description\" content=\"\u201cEs imperativo que nos unamos para abogar por pol\u00edticas que garanticen vivienda asequible y de calidad para todas y todos\u201d\" \/>\n<meta property=\"og:url\" content=\"https:\/\/centrourbano.com\/revista\/vivienda\/acuerdo-vivienda-asequible\/\" \/>\n<meta property=\"og:site_name\" content=\"Centro Urbano\" \/>\n<meta property=\"article:publisher\" content=\"https:\/\/www.facebook.com\/portalcentrourbano\" \/>\n<meta property=\"article:published_time\" content=\"2024-08-07T22:56:53+00:00\" \/>\n<meta property=\"article:modified_time\" content=\"2024-08-08T00:57:40+00:00\" \/>\n<meta property=\"og:image\" content=\"https:\/\/centrourbano.com\/revista\/wp-content\/uploads\/Buscan-acuerdo-para-garantizar-derecho-a-la-vivienda-adecuada-.jpg\" \/>\n\t<meta property=\"og:image:width\" content=\"1000\" \/>\n\t<meta property=\"og:image:height\" content=\"852\" \/>\n\t<meta property=\"og:image:type\" content=\"image\/jpeg\" \/>\n<meta name=\"author\" content=\"Fernanda Hern\u00e1ndez\" \/>\n<meta name=\"twitter:card\" content=\"summary_large_image\" \/>\n<meta name=\"twitter:creator\" content=\"@https:\/\/twitter.com\/Nannz_Hernandez\" \/>\n<meta name=\"twitter:site\" content=\"@CentroUrbano\" \/>\n<meta name=\"twitter:label1\" content=\"Escrito por\" \/>\n\t<meta name=\"twitter:data1\" content=\"Fernanda Hern\u00e1ndez\" \/>\n\t<meta name=\"twitter:label2\" content=\"Tiempo de lectura\" \/>\n\t<meta name=\"twitter:data2\" content=\"3 minutos\" \/>\n<script type=\"application\/ld+json\" class=\"yoast-schema-graph\">{\"@context\":\"https:\\\/\\\/schema.org\",\"@graph\":[{\"@type\":\"Article\",\"@id\":\"https:\\\/\\\/centrourbano.com\\\/revista\\\/vivienda\\\/acuerdo-vivienda-asequible\\\/#article\",\"isPartOf\":{\"@id\":\"https:\\\/\\\/centrourbano.com\\\/revista\\\/vivienda\\\/acuerdo-vivienda-asequible\\\/\"},\"author\":{\"name\":\"Fernanda Hern\u00e1ndez\",\"@id\":\"https:\\\/\\\/centrourbano.com\\\/revista\\\/#\\\/schema\\\/person\\\/b190b20bbbceb41ec72278c546fa8df3\"},\"headline\":\"Buscan acuerdo para garantizar acceso a la vivienda asequible\",\"datePublished\":\"2024-08-07T22:56:53+00:00\",\"dateModified\":\"2024-08-08T00:57:40+00:00\",\"mainEntityOfPage\":{\"@id\":\"https:\\\/\\\/centrourbano.com\\\/revista\\\/vivienda\\\/acuerdo-vivienda-asequible\\\/\"},\"wordCount\":469,\"commentCount\":0,\"publisher\":{\"@id\":\"https:\\\/\\\/centrourbano.com\\\/revista\\\/#organization\"},\"image\":{\"@id\":\"https:\\\/\\\/centrourbano.com\\\/revista\\\/vivienda\\\/acuerdo-vivienda-asequible\\\/#primaryimage\"},\"thumbnailUrl\":\"https:\\\/\\\/centrourbano.com\\\/revista\\\/wp-content\\\/uploads\\\/Buscan-acuerdo-para-garantizar-derecho-a-la-vivienda-adecuada-.jpg\",\"keywords\":[\"Alfonso Ram\u00edrez Cu\u00e9llar\",\"Claudia Sheinbaum\",\"Encuentro Nacional de Vivienda\",\"Infonavit\",\"vivienda\"],\"articleSection\":[\"Vivienda\"],\"inLanguage\":\"es\",\"potentialAction\":[{\"@type\":\"CommentAction\",\"name\":\"Comment\",\"target\":[\"https:\\\/\\\/centrourbano.com\\\/revista\\\/vivienda\\\/acuerdo-vivienda-asequible\\\/#respond\"]}]},{\"@type\":\"WebPage\",\"@id\":\"https:\\\/\\\/centrourbano.com\\\/revista\\\/vivienda\\\/acuerdo-vivienda-asequible\\\/\",\"url\":\"https:\\\/\\\/centrourbano.com\\\/revista\\\/vivienda\\\/acuerdo-vivienda-asequible\\\/\",\"name\":\"Buscan acuerdo para garantizar acceso a la vivienda asequible\",\"isPartOf\":{\"@id\":\"https:\\\/\\\/centrourbano.com\\\/revista\\\/#website\"},\"primaryImageOfPage\":{\"@id\":\"https:\\\/\\\/centrourbano.com\\\/revista\\\/vivienda\\\/acuerdo-vivienda-asequible\\\/#primaryimage\"},\"image\":{\"@id\":\"https:\\\/\\\/centrourbano.com\\\/revista\\\/vivienda\\\/acuerdo-vivienda-asequible\\\/#primaryimage\"},\"thumbnailUrl\":\"https:\\\/\\\/centrourbano.com\\\/revista\\\/wp-content\\\/uploads\\\/Buscan-acuerdo-para-garantizar-derecho-a-la-vivienda-adecuada-.jpg\",\"datePublished\":\"2024-08-07T22:56:53+00:00\",\"dateModified\":\"2024-08-08T00:57:40+00:00\",\"description\":\"\u201cEs imperativo que nos unamos para abogar por pol\u00edticas que garanticen vivienda asequible y de calidad para todas y todos\u201d\",\"breadcrumb\":{\"@id\":\"https:\\\/\\\/centrourbano.com\\\/revista\\\/vivienda\\\/acuerdo-vivienda-asequible\\\/#breadcrumb\"},\"inLanguage\":\"es\",\"potentialAction\":[{\"@type\":\"ReadAction\",\"target\":[\"https:\\\/\\\/centrourbano.com\\\/revista\\\/vivienda\\\/acuerdo-vivienda-asequible\\\/\"]}]},{\"@type\":\"ImageObject\",\"inLanguage\":\"es\",\"@id\":\"https:\\\/\\\/centrourbano.com\\\/revista\\\/vivienda\\\/acuerdo-vivienda-asequible\\\/#primaryimage\",\"url\":\"https:\\\/\\\/centrourbano.com\\\/revista\\\/wp-content\\\/uploads\\\/Buscan-acuerdo-para-garantizar-derecho-a-la-vivienda-adecuada-.jpg\",\"contentUrl\":\"https:\\\/\\\/centrourbano.com\\\/revista\\\/wp-content\\\/uploads\\\/Buscan-acuerdo-para-garantizar-derecho-a-la-vivienda-adecuada-.jpg\",\"width\":1000,\"height\":852,\"caption\":\"\u201cEs imperativo que nos unamos para abogar por pol\u00edticas que garanticen vivienda asequible y de calidad para todas y todos\u201d\"},{\"@type\":\"BreadcrumbList\",\"@id\":\"https:\\\/\\\/centrourbano.com\\\/revista\\\/vivienda\\\/acuerdo-vivienda-asequible\\\/#breadcrumb\",\"itemListElement\":[{\"@type\":\"ListItem\",\"position\":1,\"name\":\"Portada\",\"item\":\"https:\\\/\\\/centrourbano.com\\\/revista\\\/\"},{\"@type\":\"ListItem\",\"position\":2,\"name\":\"Buscan acuerdo para garantizar acceso a la vivienda asequible\"}]},{\"@type\":\"WebSite\",\"@id\":\"https:\\\/\\\/centrourbano.com\\\/revista\\\/#website\",\"url\":\"https:\\\/\\\/centrourbano.com\\\/revista\\\/\",\"name\":\"Centro Urbano\",\"description\":\"Medio especializado en los sectores vivienda, inmobiliario, construcci\u00f3n, arquitectura y urbanismo.\",\"publisher\":{\"@id\":\"https:\\\/\\\/centrourbano.com\\\/revista\\\/#organization\"},\"potentialAction\":[{\"@type\":\"SearchAction\",\"target\":{\"@type\":\"EntryPoint\",\"urlTemplate\":\"https:\\\/\\\/centrourbano.com\\\/revista\\\/?s={search_term_string}\"},\"query-input\":{\"@type\":\"PropertyValueSpecification\",\"valueRequired\":true,\"valueName\":\"search_term_string\"}}],\"inLanguage\":\"es\"},{\"@type\":\"Organization\",\"@id\":\"https:\\\/\\\/centrourbano.com\\\/revista\\\/#organization\",\"name\":\"Centro Urbano\",\"url\":\"https:\\\/\\\/centrourbano.com\\\/revista\\\/\",\"logo\":{\"@type\":\"ImageObject\",\"inLanguage\":\"es\",\"@id\":\"https:\\\/\\\/centrourbano.com\\\/revista\\\/#\\\/schema\\\/logo\\\/image\\\/\",\"url\":\"https:\\\/\\\/centrourbano.com\\\/revista\\\/wp-content\\\/uploads\\\/web_CU_logo-1.png\",\"contentUrl\":\"https:\\\/\\\/centrourbano.com\\\/revista\\\/wp-content\\\/uploads\\\/web_CU_logo-1.png\",\"width\":350,\"height\":91,\"caption\":\"Centro Urbano\"},\"image\":{\"@id\":\"https:\\\/\\\/centrourbano.com\\\/revista\\\/#\\\/schema\\\/logo\\\/image\\\/\"},\"sameAs\":[\"https:\\\/\\\/www.facebook.com\\\/portalcentrourbano\",\"https:\\\/\\\/x.com\\\/CentroUrbano\",\"https:\\\/\\\/www.instagram.com\\\/centro_urbano\\\/\",\"https:\\\/\\\/www.linkedin.com\\\/company\\\/centro-urbano\\\/\",\"http:\\\/\\\/www.youtube.com\\\/user\\\/portalcentrourbano\"]},{\"@type\":\"Person\",\"@id\":\"https:\\\/\\\/centrourbano.com\\\/revista\\\/#\\\/schema\\\/person\\\/b190b20bbbceb41ec72278c546fa8df3\",\"name\":\"Fernanda Hern\u00e1ndez\",\"image\":{\"@type\":\"ImageObject\",\"inLanguage\":\"es\",\"@id\":\"https:\\\/\\\/secure.gravatar.com\\\/avatar\\\/9471831fb0a24eae9d32d826a7cb8ef07c34a41520aca1a0ab1f5c0903ba49b9?s=96&d=mm&r=g\",\"url\":\"https:\\\/\\\/secure.gravatar.com\\\/avatar\\\/9471831fb0a24eae9d32d826a7cb8ef07c34a41520aca1a0ab1f5c0903ba49b9?s=96&d=mm&r=g\",\"contentUrl\":\"https:\\\/\\\/secure.gravatar.com\\\/avatar\\\/9471831fb0a24eae9d32d826a7cb8ef07c34a41520aca1a0ab1f5c0903ba49b9?s=96&d=mm&r=g\",\"caption\":\"Fernanda Hern\u00e1ndez\"},\"description\":\"Reportera y redactora en Centro Urbano. Soy egresada de la licenciatura en Ciencias de la Comunicaci\u00f3n de la Facultad de Ciencias Pol\u00edticas y Sociales (UNAM). Me interesa la cultura, el urbanismo y la arquitectura. Amante del mundo digital, el cine, la m\u00fasica, la lectura y la escritura.\",\"sameAs\":[\"https:\\\/\\\/x.com\\\/https:\\\/\\\/twitter.com\\\/Nannz_Hernandez\"],\"url\":\"https:\\\/\\\/centrourbano.com\\\/revista\\\/author\\\/fernanda-hernandez\\\/\"}]}<\/script>\n<!-- \/ Yoast SEO plugin. -->","yoast_head_json":{"title":"Buscan acuerdo para garantizar acceso a la vivienda asequible","description":"\u201cEs imperativo que nos unamos para abogar por pol\u00edticas que garanticen vivienda asequible y de calidad para todas y todos\u201d","robots":{"index":"index","follow":"follow","max-snippet":"max-snippet:-1","max-image-preview":"max-image-preview:large","max-video-preview":"max-video-preview:-1"},"canonical":"https:\/\/centrourbano.com\/revista\/vivienda\/acuerdo-vivienda-asequible\/","og_locale":"es_ES","og_type":"article","og_title":"Buscan acuerdo para garantizar acceso a la vivienda asequible","og_description":"\u201cEs imperativo que nos unamos para abogar por pol\u00edticas que garanticen vivienda asequible y de calidad para todas y todos\u201d","og_url":"https:\/\/centrourbano.com\/revista\/vivienda\/acuerdo-vivienda-asequible\/","og_site_name":"Centro Urbano","article_publisher":"https:\/\/www.facebook.com\/portalcentrourbano","article_published_time":"2024-08-07T22:56:53+00:00","article_modified_time":"2024-08-08T00:57:40+00:00","og_image":[{"width":1000,"height":852,"url":"https:\/\/centrourbano.com\/revista\/wp-content\/uploads\/Buscan-acuerdo-para-garantizar-derecho-a-la-vivienda-adecuada-.jpg","type":"image\/jpeg"}],"author":"Fernanda Hern\u00e1ndez","twitter_card":"summary_large_image","twitter_creator":"@https:\/\/twitter.com\/Nannz_Hernandez","twitter_site":"@CentroUrbano","twitter_misc":{"Escrito por":"Fernanda Hern\u00e1ndez","Tiempo de lectura":"3 minutos"},"schema":{"@context":"https:\/\/schema.org","@graph":[{"@type":"Article","@id":"https:\/\/centrourbano.com\/revista\/vivienda\/acuerdo-vivienda-asequible\/#article","isPartOf":{"@id":"https:\/\/centrourbano.com\/revista\/vivienda\/acuerdo-vivienda-asequible\/"},"author":{"name":"Fernanda Hern\u00e1ndez","@id":"https:\/\/centrourbano.com\/revista\/#\/schema\/person\/b190b20bbbceb41ec72278c546fa8df3"},"headline":"Buscan acuerdo para garantizar acceso a la vivienda asequible","datePublished":"2024-08-07T22:56:53+00:00","dateModified":"2024-08-08T00:57:40+00:00","mainEntityOfPage":{"@id":"https:\/\/centrourbano.com\/revista\/vivienda\/acuerdo-vivienda-asequible\/"},"wordCount":469,"commentCount":0,"publisher":{"@id":"https:\/\/centrourbano.com\/revista\/#organization"},"image":{"@id":"https:\/\/centrourbano.com\/revista\/vivienda\/acuerdo-vivienda-asequible\/#primaryimage"},"thumbnailUrl":"https:\/\/centrourbano.com\/revista\/wp-content\/uploads\/Buscan-acuerdo-para-garantizar-derecho-a-la-vivienda-adecuada-.jpg","keywords":["Alfonso Ram\u00edrez Cu\u00e9llar","Claudia Sheinbaum","Encuentro Nacional de Vivienda","Infonavit","vivienda"],"articleSection":["Vivienda"],"inLanguage":"es","potentialAction":[{"@type":"CommentAction","name":"Comment","target":["https:\/\/centrourbano.com\/revista\/vivienda\/acuerdo-vivienda-asequible\/#respond"]}]},{"@type":"WebPage","@id":"https:\/\/centrourbano.com\/revista\/vivienda\/acuerdo-vivienda-asequible\/","url":"https:\/\/centrourbano.com\/revista\/vivienda\/acuerdo-vivienda-asequible\/","name":"Buscan acuerdo para garantizar acceso a la vivienda asequible","isPartOf":{"@id":"https:\/\/centrourbano.com\/revista\/#website"},"primaryImageOfPage":{"@id":"https:\/\/centrourbano.com\/revista\/vivienda\/acuerdo-vivienda-asequible\/#primaryimage"},"image":{"@id":"https:\/\/centrourbano.com\/revista\/vivienda\/acuerdo-vivienda-asequible\/#primaryimage"},"thumbnailUrl":"https:\/\/centrourbano.com\/revista\/wp-content\/uploads\/Buscan-acuerdo-para-garantizar-derecho-a-la-vivienda-adecuada-.jpg","datePublished":"2024-08-07T22:56:53+00:00","dateModified":"2024-08-08T00:57:40+00:00","description":"\u201cEs imperativo que nos unamos para abogar por pol\u00edticas que garanticen vivienda asequible y de calidad para todas y todos\u201d","breadcrumb":{"@id":"https:\/\/centrourbano.com\/revista\/vivienda\/acuerdo-vivienda-asequible\/#breadcrumb"},"inLanguage":"es","potentialAction":[{"@type":"ReadAction","target":["https:\/\/centrourbano.com\/revista\/vivienda\/acuerdo-vivienda-asequible\/"]}]},{"@type":"ImageObject","inLanguage":"es","@id":"https:\/\/centrourbano.com\/revista\/vivienda\/acuerdo-vivienda-asequible\/#primaryimage","url":"https:\/\/centrourbano.com\/revista\/wp-content\/uploads\/Buscan-acuerdo-para-garantizar-derecho-a-la-vivienda-adecuada-.jpg","contentUrl":"https:\/\/centrourbano.com\/revista\/wp-content\/uploads\/Buscan-acuerdo-para-garantizar-derecho-a-la-vivienda-adecuada-.jpg","width":1000,"height":852,"caption":"\u201cEs imperativo que nos unamos para abogar por pol\u00edticas que garanticen vivienda asequible y de calidad para todas y todos\u201d"},{"@type":"BreadcrumbList","@id":"https:\/\/centrourbano.com\/revista\/vivienda\/acuerdo-vivienda-asequible\/#breadcrumb","itemListElement":[{"@type":"ListItem","position":1,"name":"Portada","item":"https:\/\/centrourbano.com\/revista\/"},{"@type":"ListItem","position":2,"name":"Buscan acuerdo para garantizar acceso a la vivienda asequible"}]},{"@type":"WebSite","@id":"https:\/\/centrourbano.com\/revista\/#website","url":"https:\/\/centrourbano.com\/revista\/","name":"Centro Urbano","description":"Medio especializado en los sectores vivienda, inmobiliario, construcci\u00f3n, arquitectura y urbanismo.","publisher":{"@id":"https:\/\/centrourbano.com\/revista\/#organization"},"potentialAction":[{"@type":"SearchAction","target":{"@type":"EntryPoint","urlTemplate":"https:\/\/centrourbano.com\/revista\/?s={search_term_string}"},"query-input":{"@type":"PropertyValueSpecification","valueRequired":true,"valueName":"search_term_string"}}],"inLanguage":"es"},{"@type":"Organization","@id":"https:\/\/centrourbano.com\/revista\/#organization","name":"Centro Urbano","url":"https:\/\/centrourbano.com\/revista\/","logo":{"@type":"ImageObject","inLanguage":"es","@id":"https:\/\/centrourbano.com\/revista\/#\/schema\/logo\/image\/","url":"https:\/\/centrourbano.com\/revista\/wp-content\/uploads\/web_CU_logo-1.png","contentUrl":"https:\/\/centrourbano.com\/revista\/wp-content\/uploads\/web_CU_logo-1.png","width":350,"height":91,"caption":"Centro Urbano"},"image":{"@id":"https:\/\/centrourbano.com\/revista\/#\/schema\/logo\/image\/"},"sameAs":["https:\/\/www.facebook.com\/portalcentrourbano","https:\/\/x.com\/CentroUrbano","https:\/\/www.instagram.com\/centro_urbano\/","https:\/\/www.linkedin.com\/company\/centro-urbano\/","http:\/\/www.youtube.com\/user\/portalcentrourbano"]},{"@type":"Person","@id":"https:\/\/centrourbano.com\/revista\/#\/schema\/person\/b190b20bbbceb41ec72278c546fa8df3","name":"Fernanda Hern\u00e1ndez","image":{"@type":"ImageObject","inLanguage":"es","@id":"https:\/\/secure.gravatar.com\/avatar\/9471831fb0a24eae9d32d826a7cb8ef07c34a41520aca1a0ab1f5c0903ba49b9?s=96&d=mm&r=g","url":"https:\/\/secure.gravatar.com\/avatar\/9471831fb0a24eae9d32d826a7cb8ef07c34a41520aca1a0ab1f5c0903ba49b9?s=96&d=mm&r=g","contentUrl":"https:\/\/secure.gravatar.com\/avatar\/9471831fb0a24eae9d32d826a7cb8ef07c34a41520aca1a0ab1f5c0903ba49b9?s=96&d=mm&r=g","caption":"Fernanda Hern\u00e1ndez"},"description":"Reportera y redactora en Centro Urbano. Soy egresada de la licenciatura en Ciencias de la Comunicaci\u00f3n de la Facultad de Ciencias Pol\u00edticas y Sociales (UNAM). Me interesa la cultura, el urbanismo y la arquitectura. Amante del mundo digital, el cine, la m\u00fasica, la lectura y la escritura.","sameAs":["https:\/\/x.com\/https:\/\/twitter.com\/Nannz_Hernandez"],"url":"https:\/\/centrourbano.com\/revista\/author\/fernanda-hernandez\/"}]}},"_links":{"self":[{"href":"https:\/\/centrourbano.com\/revista\/wp-json\/wp\/v2\/posts\/149909","targetHints":{"allow":["GET"]}}],"collection":[{"href":"https:\/\/centrourbano.com\/revista\/wp-json\/wp\/v2\/posts"}],"about":[{"href":"https:\/\/centrourbano.com\/revista\/wp-json\/wp\/v2\/types\/post"}],"author":[{"embeddable":true,"href":"https:\/\/centrourbano.com\/revista\/wp-json\/wp\/v2\/users\/73"}],"replies":[{"embeddable":true,"href":"https:\/\/centrourbano.com\/revista\/wp-json\/wp\/v2\/comments?post=149909"}],"version-history":[{"count":1,"href":"https:\/\/centrourbano.com\/revista\/wp-json\/wp\/v2\/posts\/149909\/revisions"}],"predecessor-version":[{"id":149913,"href":"https:\/\/centrourbano.com\/revista\/wp-json\/wp\/v2\/posts\/149909\/revisions\/149913"}],"wp:featuredmedia":[{"embeddable":true,"href":"https:\/\/centrourbano.com\/revista\/wp-json\/wp\/v2\/media\/149910"}],"wp:attachment":[{"href":"https:\/\/centrourbano.com\/revista\/wp-json\/wp\/v2\/media?parent=149909"}],"wp:term":[{"taxonomy":"category","embeddable":true,"href":"https:\/\/centrourbano.com\/revista\/wp-json\/wp\/v2\/categories?post=149909"},{"taxonomy":"post_tag","embeddable":true,"href":"https:\/\/centrourbano.com\/revista\/wp-json\/wp\/v2\/tags?post=149909"}],"curies":[{"name":"wp","href":"https:\/\/api.w.org\/{rel}","templated":true}]}}