{"id":149711,"date":"2024-08-01T09:30:34","date_gmt":"2024-08-01T15:30:34","guid":{"rendered":"https:\/\/centrourbano.com\/revista\/?p=149711"},"modified":"2024-07-31T21:23:59","modified_gmt":"2024-08-01T03:23:59","slug":"gp-vivienda-58-anos-siendo-referente-de-vivienda","status":"publish","type":"post","link":"https:\/\/centrourbano.com\/revista\/vivienda\/gp-vivienda-58-anos-siendo-referente-de-vivienda\/","title":{"rendered":"GP Vivienda, 58 a\u00f1os siendo referente de vivienda"},"content":{"rendered":"<p><em>El principal compromiso de GP Vivienda es la creaci\u00f3n de proyectos de alto impacto social que contribuyan al <\/em><em>progreso del pa\u00eds, con alta plusval\u00eda y calidad de vida para cada uno de sus residentes.<\/em><!--more--><\/p>\n<p><strong>GP Vivienda<\/strong> desarrolla comunidades habitacionales integrales con equipamiento urbano,<br \/>\nconformado por escuelas, parques con juegos infantiles y \u00e1reas comerciales para brindar a sus<br \/>\nclientes m\u00e1s que una casa, un espacio confortable de alta calidad y sobre todo con plusval\u00eda y calidad<br \/>\nde vida.<!--more--><\/p>\n<p>Originaria de <strong>Monterrey, Nuevo Le\u00f3n<\/strong>, GP Vivienda pertenece a una de las <a href=\"https:\/\/gpvivienda.com\/\">seis unidades<\/a> del <strong>Grupo<\/strong><br \/>\n<strong>GP<\/strong>, cuyo principal objetivo es crear proyectos de alto impacto social que ayuden al progreso de<br \/>\nM\u00e9xico y el bienestar de las comunidades.<\/p>\n<p><img loading=\"lazy\" decoding=\"async\" class=\"aligncenter wp-image-149718\" src=\"https:\/\/centrourbano.com\/revista\/wp-content\/uploads\/casas-en-venta-queretaro-ankara-residencial-control-de-acceso-300x158.png\" alt=\"\" width=\"519\" height=\"273\" srcset=\"https:\/\/centrourbano.com\/revista\/wp-content\/uploads\/casas-en-venta-queretaro-ankara-residencial-control-de-acceso-300x158.png 300w, https:\/\/centrourbano.com\/revista\/wp-content\/uploads\/casas-en-venta-queretaro-ankara-residencial-control-de-acceso-1000x528.png 1000w, https:\/\/centrourbano.com\/revista\/wp-content\/uploads\/casas-en-venta-queretaro-ankara-residencial-control-de-acceso-768x406.png 768w, https:\/\/centrourbano.com\/revista\/wp-content\/uploads\/casas-en-venta-queretaro-ankara-residencial-control-de-acceso.png 1185w\" sizes=\"auto, (max-width: 519px) 100vw, 519px\" \/><!--more--><\/p>\n<p>GP Vivienda se ha convertido en sin\u00f3nimo de calidad y confianza, por ello, se encuentra certificada<br \/>\ncomo <strong>Empresa Socialmente Responsable (ESR)<\/strong> por el Centro Mexicano de la Filantrop\u00eda (CEMEFI),<br \/>\nreiterando su compromiso con el entorno y la calidad de vida.<!--more--><\/p>\n<p>Con 58 a\u00f1os en el ramo de la construcci\u00f3n y desarrollo inmobiliario en M\u00e9xico cuenta con m\u00e1s de<br \/>\n115 desarrollos inmobiliarios, teniendo presencia en: Nuevo Le\u00f3n, Coahuila, Tamaulipas,<br \/>\nGuanajuato y Quer\u00e9taro.<!--more--><\/p>\n<p>Adem\u00e1s, tiene 125,000 casas, 20 millones de m2 construidos, 35 parques industriales y m\u00e1s de 800<br \/>\nproyectos a lo largo de toda la Rep\u00fablica Mexicana, lo que lo convierte en un <strong>referente a nivel<\/strong><br \/>\n<strong>nacional en la<a href=\"https:\/\/centrourbano.com\/revista\/vivienda\/vivienda-proyectos-urbanos\/\"> industria inmobiliaria.<\/a><\/strong><\/p>\n<p>&nbsp;<\/p>\n<img loading=\"lazy\" decoding=\"async\" class=\"aligncenter wp-image-149717\" src=\"https:\/\/centrourbano.com\/revista\/wp-content\/uploads\/ankara-residencial-parque-300x158.png\" alt=\"\" width=\"536\" height=\"283\" srcset=\"https:\/\/centrourbano.com\/revista\/wp-content\/uploads\/ankara-residencial-parque-300x158.png 300w, https:\/\/centrourbano.com\/revista\/wp-content\/uploads\/ankara-residencial-parque-1000x528.png 1000w, https:\/\/centrourbano.com\/revista\/wp-content\/uploads\/ankara-residencial-parque-768x406.png 768w, https:\/\/centrourbano.com\/revista\/wp-content\/uploads\/ankara-residencial-parque.png 1185w\" sizes=\"auto, (max-width: 536px) 100vw, 536px\" \/>\n","protected":false},"excerpt":{"rendered":"<p>El principal compromiso de GP Vivienda es la creaci\u00f3n de proyectos de alto impacto social que contribuyan al progreso del pa\u00eds, con alta plusval\u00eda y calidad de vida para cada uno de sus residentes.<\/p>\n","protected":false},"author":89,"featured_media":149715,"comment_status":"open","ping_status":"closed","sticky":false,"template":"","format":"standard","meta":{"om_disable_all_campaigns":false,"inline_featured_image":false,"_monsterinsights_skip_tracking":false,"_monsterinsights_sitenote_active":false,"_monsterinsights_sitenote_note":"","_monsterinsights_sitenote_category":0,"footnotes":""},"categories":[12],"tags":[],"class_list":["post-149711","post","type-post","status-publish","format-standard","has-post-thumbnail","hentry","category-vivienda"],"yoast_head":"<!-- This site is optimized with the Yoast SEO plugin v27.4 - https:\/\/yoast.com\/product\/yoast-seo-wordpress\/ -->\n<title>GP Vivienda, 58 a\u00f1os siendo referente de vivienda -<\/title>\n<meta name=\"description\" content=\"El principal compromiso de GP Vivienda es la creaci\u00f3n de proyectos de alto impacto social que contribuyan al progreso del pa\u00eds, con alta plusval\u00eda y\" \/>\n<meta name=\"robots\" content=\"index, follow, max-snippet:-1, max-image-preview:large, max-video-preview:-1\" \/>\n<link rel=\"canonical\" href=\"https:\/\/centrourbano.com\/revista\/vivienda\/gp-vivienda-58-anos-siendo-referente-de-vivienda\/\" \/>\n<meta property=\"og:locale\" content=\"es_ES\" \/>\n<meta property=\"og:type\" content=\"article\" \/>\n<meta property=\"og:title\" content=\"GP Vivienda, 58 a\u00f1os siendo referente de vivienda -\" \/>\n<meta property=\"og:description\" content=\"El principal compromiso de GP Vivienda es la creaci\u00f3n de proyectos de alto impacto social que contribuyan al progreso del pa\u00eds, con alta plusval\u00eda y\" \/>\n<meta property=\"og:url\" content=\"https:\/\/centrourbano.com\/revista\/vivienda\/gp-vivienda-58-anos-siendo-referente-de-vivienda\/\" \/>\n<meta property=\"og:site_name\" content=\"Centro Urbano\" \/>\n<meta property=\"article:publisher\" content=\"https:\/\/www.facebook.com\/portalcentrourbano\" \/>\n<meta property=\"article:published_time\" content=\"2024-08-01T15:30:34+00:00\" \/>\n<meta property=\"og:image\" content=\"https:\/\/centrourbano.com\/revista\/wp-content\/uploads\/casas-en-venta-queretaro-ankara-residencial-acceso.png\" \/>\n\t<meta property=\"og:image:width\" content=\"1185\" \/>\n\t<meta property=\"og:image:height\" content=\"626\" \/>\n\t<meta property=\"og:image:type\" content=\"image\/png\" \/>\n<meta name=\"author\" content=\"Samantha Navarrete\" \/>\n<meta name=\"twitter:card\" content=\"summary_large_image\" \/>\n<meta name=\"twitter:creator\" content=\"@CentroUrbano\" \/>\n<meta name=\"twitter:site\" content=\"@CentroUrbano\" \/>\n<meta name=\"twitter:label1\" content=\"Escrito por\" \/>\n\t<meta name=\"twitter:data1\" content=\"Samantha Navarrete\" \/>\n\t<meta name=\"twitter:label2\" content=\"Tiempo de lectura\" \/>\n\t<meta name=\"twitter:data2\" content=\"2 minutos\" \/>\n<script type=\"application\/ld+json\" class=\"yoast-schema-graph\">{\"@context\":\"https:\\\/\\\/schema.org\",\"@graph\":[{\"@type\":\"Article\",\"@id\":\"https:\\\/\\\/centrourbano.com\\\/revista\\\/vivienda\\\/gp-vivienda-58-anos-siendo-referente-de-vivienda\\\/#article\",\"isPartOf\":{\"@id\":\"https:\\\/\\\/centrourbano.com\\\/revista\\\/vivienda\\\/gp-vivienda-58-anos-siendo-referente-de-vivienda\\\/\"},\"author\":{\"name\":\"Samantha Navarrete\",\"@id\":\"https:\\\/\\\/centrourbano.com\\\/revista\\\/#\\\/schema\\\/person\\\/29a11bc6f89e81ad25525f9e9d3bddb7\"},\"headline\":\"GP Vivienda, 58 a\u00f1os siendo referente de vivienda\",\"datePublished\":\"2024-08-01T15:30:34+00:00\",\"mainEntityOfPage\":{\"@id\":\"https:\\\/\\\/centrourbano.com\\\/revista\\\/vivienda\\\/gp-vivienda-58-anos-siendo-referente-de-vivienda\\\/\"},\"wordCount\":247,\"commentCount\":0,\"publisher\":{\"@id\":\"https:\\\/\\\/centrourbano.com\\\/revista\\\/#organization\"},\"image\":{\"@id\":\"https:\\\/\\\/centrourbano.com\\\/revista\\\/vivienda\\\/gp-vivienda-58-anos-siendo-referente-de-vivienda\\\/#primaryimage\"},\"thumbnailUrl\":\"https:\\\/\\\/centrourbano.com\\\/revista\\\/wp-content\\\/uploads\\\/casas-en-venta-queretaro-ankara-residencial-acceso.png\",\"articleSection\":[\"Vivienda\"],\"inLanguage\":\"es\",\"potentialAction\":[{\"@type\":\"CommentAction\",\"name\":\"Comment\",\"target\":[\"https:\\\/\\\/centrourbano.com\\\/revista\\\/vivienda\\\/gp-vivienda-58-anos-siendo-referente-de-vivienda\\\/#respond\"]}]},{\"@type\":\"WebPage\",\"@id\":\"https:\\\/\\\/centrourbano.com\\\/revista\\\/vivienda\\\/gp-vivienda-58-anos-siendo-referente-de-vivienda\\\/\",\"url\":\"https:\\\/\\\/centrourbano.com\\\/revista\\\/vivienda\\\/gp-vivienda-58-anos-siendo-referente-de-vivienda\\\/\",\"name\":\"GP Vivienda, 58 a\u00f1os siendo referente de vivienda -\",\"isPartOf\":{\"@id\":\"https:\\\/\\\/centrourbano.com\\\/revista\\\/#website\"},\"primaryImageOfPage\":{\"@id\":\"https:\\\/\\\/centrourbano.com\\\/revista\\\/vivienda\\\/gp-vivienda-58-anos-siendo-referente-de-vivienda\\\/#primaryimage\"},\"image\":{\"@id\":\"https:\\\/\\\/centrourbano.com\\\/revista\\\/vivienda\\\/gp-vivienda-58-anos-siendo-referente-de-vivienda\\\/#primaryimage\"},\"thumbnailUrl\":\"https:\\\/\\\/centrourbano.com\\\/revista\\\/wp-content\\\/uploads\\\/casas-en-venta-queretaro-ankara-residencial-acceso.png\",\"datePublished\":\"2024-08-01T15:30:34+00:00\",\"description\":\"El principal compromiso de GP Vivienda es la creaci\u00f3n de proyectos de alto impacto social que contribuyan al progreso del pa\u00eds, con alta plusval\u00eda y\",\"breadcrumb\":{\"@id\":\"https:\\\/\\\/centrourbano.com\\\/revista\\\/vivienda\\\/gp-vivienda-58-anos-siendo-referente-de-vivienda\\\/#breadcrumb\"},\"inLanguage\":\"es\",\"potentialAction\":[{\"@type\":\"ReadAction\",\"target\":[\"https:\\\/\\\/centrourbano.com\\\/revista\\\/vivienda\\\/gp-vivienda-58-anos-siendo-referente-de-vivienda\\\/\"]}]},{\"@type\":\"ImageObject\",\"inLanguage\":\"es\",\"@id\":\"https:\\\/\\\/centrourbano.com\\\/revista\\\/vivienda\\\/gp-vivienda-58-anos-siendo-referente-de-vivienda\\\/#primaryimage\",\"url\":\"https:\\\/\\\/centrourbano.com\\\/revista\\\/wp-content\\\/uploads\\\/casas-en-venta-queretaro-ankara-residencial-acceso.png\",\"contentUrl\":\"https:\\\/\\\/centrourbano.com\\\/revista\\\/wp-content\\\/uploads\\\/casas-en-venta-queretaro-ankara-residencial-acceso.png\",\"width\":1185,\"height\":626},{\"@type\":\"BreadcrumbList\",\"@id\":\"https:\\\/\\\/centrourbano.com\\\/revista\\\/vivienda\\\/gp-vivienda-58-anos-siendo-referente-de-vivienda\\\/#breadcrumb\",\"itemListElement\":[{\"@type\":\"ListItem\",\"position\":1,\"name\":\"Portada\",\"item\":\"https:\\\/\\\/centrourbano.com\\\/revista\\\/\"},{\"@type\":\"ListItem\",\"position\":2,\"name\":\"GP Vivienda, 58 a\u00f1os siendo referente de vivienda\"}]},{\"@type\":\"WebSite\",\"@id\":\"https:\\\/\\\/centrourbano.com\\\/revista\\\/#website\",\"url\":\"https:\\\/\\\/centrourbano.com\\\/revista\\\/\",\"name\":\"Centro Urbano\",\"description\":\"Medio especializado en los sectores vivienda, inmobiliario, construcci\u00f3n, arquitectura y urbanismo.\",\"publisher\":{\"@id\":\"https:\\\/\\\/centrourbano.com\\\/revista\\\/#organization\"},\"potentialAction\":[{\"@type\":\"SearchAction\",\"target\":{\"@type\":\"EntryPoint\",\"urlTemplate\":\"https:\\\/\\\/centrourbano.com\\\/revista\\\/?s={search_term_string}\"},\"query-input\":{\"@type\":\"PropertyValueSpecification\",\"valueRequired\":true,\"valueName\":\"search_term_string\"}}],\"inLanguage\":\"es\"},{\"@type\":\"Organization\",\"@id\":\"https:\\\/\\\/centrourbano.com\\\/revista\\\/#organization\",\"name\":\"Centro Urbano\",\"url\":\"https:\\\/\\\/centrourbano.com\\\/revista\\\/\",\"logo\":{\"@type\":\"ImageObject\",\"inLanguage\":\"es\",\"@id\":\"https:\\\/\\\/centrourbano.com\\\/revista\\\/#\\\/schema\\\/logo\\\/image\\\/\",\"url\":\"https:\\\/\\\/centrourbano.com\\\/revista\\\/wp-content\\\/uploads\\\/web_CU_logo-1.png\",\"contentUrl\":\"https:\\\/\\\/centrourbano.com\\\/revista\\\/wp-content\\\/uploads\\\/web_CU_logo-1.png\",\"width\":350,\"height\":91,\"caption\":\"Centro Urbano\"},\"image\":{\"@id\":\"https:\\\/\\\/centrourbano.com\\\/revista\\\/#\\\/schema\\\/logo\\\/image\\\/\"},\"sameAs\":[\"https:\\\/\\\/www.facebook.com\\\/portalcentrourbano\",\"https:\\\/\\\/x.com\\\/CentroUrbano\",\"https:\\\/\\\/www.instagram.com\\\/centro_urbano\\\/\",\"https:\\\/\\\/www.linkedin.com\\\/company\\\/centro-urbano\\\/\",\"http:\\\/\\\/www.youtube.com\\\/user\\\/portalcentrourbano\"]},{\"@type\":\"Person\",\"@id\":\"https:\\\/\\\/centrourbano.com\\\/revista\\\/#\\\/schema\\\/person\\\/29a11bc6f89e81ad25525f9e9d3bddb7\",\"name\":\"Samantha Navarrete\",\"image\":{\"@type\":\"ImageObject\",\"inLanguage\":\"es\",\"@id\":\"https:\\\/\\\/secure.gravatar.com\\\/avatar\\\/ac327b04343ef4665d1a7f2439feef4e95e9989dadeb927fddaf7f9a45c7c842?s=96&d=mm&r=g\",\"url\":\"https:\\\/\\\/secure.gravatar.com\\\/avatar\\\/ac327b04343ef4665d1a7f2439feef4e95e9989dadeb927fddaf7f9a45c7c842?s=96&d=mm&r=g\",\"contentUrl\":\"https:\\\/\\\/secure.gravatar.com\\\/avatar\\\/ac327b04343ef4665d1a7f2439feef4e95e9989dadeb927fddaf7f9a45c7c842?s=96&d=mm&r=g\",\"caption\":\"Samantha Navarrete\"},\"url\":\"https:\\\/\\\/centrourbano.com\\\/revista\\\/author\\\/samantha-navarrete\\\/\"}]}<\/script>\n<!-- \/ Yoast SEO plugin. -->","yoast_head_json":{"title":"GP Vivienda, 58 a\u00f1os siendo referente de vivienda -","description":"El principal compromiso de GP Vivienda es la creaci\u00f3n de proyectos de alto impacto social que contribuyan al progreso del pa\u00eds, con alta plusval\u00eda y","robots":{"index":"index","follow":"follow","max-snippet":"max-snippet:-1","max-image-preview":"max-image-preview:large","max-video-preview":"max-video-preview:-1"},"canonical":"https:\/\/centrourbano.com\/revista\/vivienda\/gp-vivienda-58-anos-siendo-referente-de-vivienda\/","og_locale":"es_ES","og_type":"article","og_title":"GP Vivienda, 58 a\u00f1os siendo referente de vivienda -","og_description":"El principal compromiso de GP Vivienda es la creaci\u00f3n de proyectos de alto impacto social que contribuyan al progreso del pa\u00eds, con alta plusval\u00eda y","og_url":"https:\/\/centrourbano.com\/revista\/vivienda\/gp-vivienda-58-anos-siendo-referente-de-vivienda\/","og_site_name":"Centro Urbano","article_publisher":"https:\/\/www.facebook.com\/portalcentrourbano","article_published_time":"2024-08-01T15:30:34+00:00","og_image":[{"width":1185,"height":626,"url":"https:\/\/centrourbano.com\/revista\/wp-content\/uploads\/casas-en-venta-queretaro-ankara-residencial-acceso.png","type":"image\/png"}],"author":"Samantha Navarrete","twitter_card":"summary_large_image","twitter_creator":"@CentroUrbano","twitter_site":"@CentroUrbano","twitter_misc":{"Escrito por":"Samantha Navarrete","Tiempo de lectura":"2 minutos"},"schema":{"@context":"https:\/\/schema.org","@graph":[{"@type":"Article","@id":"https:\/\/centrourbano.com\/revista\/vivienda\/gp-vivienda-58-anos-siendo-referente-de-vivienda\/#article","isPartOf":{"@id":"https:\/\/centrourbano.com\/revista\/vivienda\/gp-vivienda-58-anos-siendo-referente-de-vivienda\/"},"author":{"name":"Samantha Navarrete","@id":"https:\/\/centrourbano.com\/revista\/#\/schema\/person\/29a11bc6f89e81ad25525f9e9d3bddb7"},"headline":"GP Vivienda, 58 a\u00f1os siendo referente de vivienda","datePublished":"2024-08-01T15:30:34+00:00","mainEntityOfPage":{"@id":"https:\/\/centrourbano.com\/revista\/vivienda\/gp-vivienda-58-anos-siendo-referente-de-vivienda\/"},"wordCount":247,"commentCount":0,"publisher":{"@id":"https:\/\/centrourbano.com\/revista\/#organization"},"image":{"@id":"https:\/\/centrourbano.com\/revista\/vivienda\/gp-vivienda-58-anos-siendo-referente-de-vivienda\/#primaryimage"},"thumbnailUrl":"https:\/\/centrourbano.com\/revista\/wp-content\/uploads\/casas-en-venta-queretaro-ankara-residencial-acceso.png","articleSection":["Vivienda"],"inLanguage":"es","potentialAction":[{"@type":"CommentAction","name":"Comment","target":["https:\/\/centrourbano.com\/revista\/vivienda\/gp-vivienda-58-anos-siendo-referente-de-vivienda\/#respond"]}]},{"@type":"WebPage","@id":"https:\/\/centrourbano.com\/revista\/vivienda\/gp-vivienda-58-anos-siendo-referente-de-vivienda\/","url":"https:\/\/centrourbano.com\/revista\/vivienda\/gp-vivienda-58-anos-siendo-referente-de-vivienda\/","name":"GP Vivienda, 58 a\u00f1os siendo referente de vivienda -","isPartOf":{"@id":"https:\/\/centrourbano.com\/revista\/#website"},"primaryImageOfPage":{"@id":"https:\/\/centrourbano.com\/revista\/vivienda\/gp-vivienda-58-anos-siendo-referente-de-vivienda\/#primaryimage"},"image":{"@id":"https:\/\/centrourbano.com\/revista\/vivienda\/gp-vivienda-58-anos-siendo-referente-de-vivienda\/#primaryimage"},"thumbnailUrl":"https:\/\/centrourbano.com\/revista\/wp-content\/uploads\/casas-en-venta-queretaro-ankara-residencial-acceso.png","datePublished":"2024-08-01T15:30:34+00:00","description":"El principal compromiso de GP Vivienda es la creaci\u00f3n de proyectos de alto impacto social que contribuyan al progreso del pa\u00eds, con alta plusval\u00eda y","breadcrumb":{"@id":"https:\/\/centrourbano.com\/revista\/vivienda\/gp-vivienda-58-anos-siendo-referente-de-vivienda\/#breadcrumb"},"inLanguage":"es","potentialAction":[{"@type":"ReadAction","target":["https:\/\/centrourbano.com\/revista\/vivienda\/gp-vivienda-58-anos-siendo-referente-de-vivienda\/"]}]},{"@type":"ImageObject","inLanguage":"es","@id":"https:\/\/centrourbano.com\/revista\/vivienda\/gp-vivienda-58-anos-siendo-referente-de-vivienda\/#primaryimage","url":"https:\/\/centrourbano.com\/revista\/wp-content\/uploads\/casas-en-venta-queretaro-ankara-residencial-acceso.png","contentUrl":"https:\/\/centrourbano.com\/revista\/wp-content\/uploads\/casas-en-venta-queretaro-ankara-residencial-acceso.png","width":1185,"height":626},{"@type":"BreadcrumbList","@id":"https:\/\/centrourbano.com\/revista\/vivienda\/gp-vivienda-58-anos-siendo-referente-de-vivienda\/#breadcrumb","itemListElement":[{"@type":"ListItem","position":1,"name":"Portada","item":"https:\/\/centrourbano.com\/revista\/"},{"@type":"ListItem","position":2,"name":"GP Vivienda, 58 a\u00f1os siendo referente de vivienda"}]},{"@type":"WebSite","@id":"https:\/\/centrourbano.com\/revista\/#website","url":"https:\/\/centrourbano.com\/revista\/","name":"Centro Urbano","description":"Medio especializado en los sectores vivienda, inmobiliario, construcci\u00f3n, arquitectura y urbanismo.","publisher":{"@id":"https:\/\/centrourbano.com\/revista\/#organization"},"potentialAction":[{"@type":"SearchAction","target":{"@type":"EntryPoint","urlTemplate":"https:\/\/centrourbano.com\/revista\/?s={search_term_string}"},"query-input":{"@type":"PropertyValueSpecification","valueRequired":true,"valueName":"search_term_string"}}],"inLanguage":"es"},{"@type":"Organization","@id":"https:\/\/centrourbano.com\/revista\/#organization","name":"Centro Urbano","url":"https:\/\/centrourbano.com\/revista\/","logo":{"@type":"ImageObject","inLanguage":"es","@id":"https:\/\/centrourbano.com\/revista\/#\/schema\/logo\/image\/","url":"https:\/\/centrourbano.com\/revista\/wp-content\/uploads\/web_CU_logo-1.png","contentUrl":"https:\/\/centrourbano.com\/revista\/wp-content\/uploads\/web_CU_logo-1.png","width":350,"height":91,"caption":"Centro Urbano"},"image":{"@id":"https:\/\/centrourbano.com\/revista\/#\/schema\/logo\/image\/"},"sameAs":["https:\/\/www.facebook.com\/portalcentrourbano","https:\/\/x.com\/CentroUrbano","https:\/\/www.instagram.com\/centro_urbano\/","https:\/\/www.linkedin.com\/company\/centro-urbano\/","http:\/\/www.youtube.com\/user\/portalcentrourbano"]},{"@type":"Person","@id":"https:\/\/centrourbano.com\/revista\/#\/schema\/person\/29a11bc6f89e81ad25525f9e9d3bddb7","name":"Samantha Navarrete","image":{"@type":"ImageObject","inLanguage":"es","@id":"https:\/\/secure.gravatar.com\/avatar\/ac327b04343ef4665d1a7f2439feef4e95e9989dadeb927fddaf7f9a45c7c842?s=96&d=mm&r=g","url":"https:\/\/secure.gravatar.com\/avatar\/ac327b04343ef4665d1a7f2439feef4e95e9989dadeb927fddaf7f9a45c7c842?s=96&d=mm&r=g","contentUrl":"https:\/\/secure.gravatar.com\/avatar\/ac327b04343ef4665d1a7f2439feef4e95e9989dadeb927fddaf7f9a45c7c842?s=96&d=mm&r=g","caption":"Samantha Navarrete"},"url":"https:\/\/centrourbano.com\/revista\/author\/samantha-navarrete\/"}]}},"_links":{"self":[{"href":"https:\/\/centrourbano.com\/revista\/wp-json\/wp\/v2\/posts\/149711","targetHints":{"allow":["GET"]}}],"collection":[{"href":"https:\/\/centrourbano.com\/revista\/wp-json\/wp\/v2\/posts"}],"about":[{"href":"https:\/\/centrourbano.com\/revista\/wp-json\/wp\/v2\/types\/post"}],"author":[{"embeddable":true,"href":"https:\/\/centrourbano.com\/revista\/wp-json\/wp\/v2\/users\/89"}],"replies":[{"embeddable":true,"href":"https:\/\/centrourbano.com\/revista\/wp-json\/wp\/v2\/comments?post=149711"}],"version-history":[{"count":4,"href":"https:\/\/centrourbano.com\/revista\/wp-json\/wp\/v2\/posts\/149711\/revisions"}],"predecessor-version":[{"id":149720,"href":"https:\/\/centrourbano.com\/revista\/wp-json\/wp\/v2\/posts\/149711\/revisions\/149720"}],"wp:featuredmedia":[{"embeddable":true,"href":"https:\/\/centrourbano.com\/revista\/wp-json\/wp\/v2\/media\/149715"}],"wp:attachment":[{"href":"https:\/\/centrourbano.com\/revista\/wp-json\/wp\/v2\/media?parent=149711"}],"wp:term":[{"taxonomy":"category","embeddable":true,"href":"https:\/\/centrourbano.com\/revista\/wp-json\/wp\/v2\/categories?post=149711"},{"taxonomy":"post_tag","embeddable":true,"href":"https:\/\/centrourbano.com\/revista\/wp-json\/wp\/v2\/tags?post=149711"}],"curies":[{"name":"wp","href":"https:\/\/api.w.org\/{rel}","templated":true}]}}