{"id":149663,"date":"2024-07-29T09:00:30","date_gmt":"2024-07-29T15:00:30","guid":{"rendered":"https:\/\/centrourbano.com\/revista\/?p=149663"},"modified":"2024-07-27T03:28:59","modified_gmt":"2024-07-27T09:28:59","slug":"vivienda-personas-ruba","status":"publish","type":"post","link":"https:\/\/centrourbano.com\/revista\/vivienda\/vivienda-personas-ruba\/","title":{"rendered":"En la vivienda, lo m\u00e1s importante son las personas: Ruba"},"content":{"rendered":"<p><em>El director de finanzas de Ruba asegur\u00f3 que, para los desarrolladores de vivienda, lo m\u00e1s importante es crear condiciones para el bienestar de las personas<\/em><!--more--><\/p>\n<p>En el marco del <a href=\"https:\/\/centrourbano.com\/revista\/vivienda\/planeacion-politica-vivienda-meyer\/\" target=\"_blank\" rel=\"noopener\"><strong>III Foro Regional de Vivienda<\/strong><\/a>, se realiz\u00f3 el panel \u2018<strong>Impulso a la oferta de vivienda asequible, sostenible y resiliente\u2019<\/strong>, en el que desarrolladores de diversos pa\u00edses latinoamericanos expusieron los elementos f\u00edsicos que deben tener las viviendas actualmente.<\/p>\n<p>Sin embargo, en su intervenci\u00f3n, <strong>Ram\u00f3n Vidal L\u00f3pez, director de Finanzas de la desarrolladora mexicana Ruba<\/strong>, afirm\u00f3 que en la industria de la vivienda lo m\u00e1s importante son los clientes finales, es decir, las personas que habitan las viviendas.<\/p>\n<p>\u201cTodos los que nos dedicamos a hacer vivienda estamos de acuerdo. Compramos tierra, dise\u00f1amos el proyecto, comercializamos el producto, tratamos de generar todas las eficiencias habidas y por haber, pero, finalmente, <strong>lo m\u00e1s importante es el cliente<\/strong>\u201d, indic\u00f3.<\/p>\n<p>Asimismo, el directivo se\u00f1al\u00f3 que, al entregar una casa, se tiene la responsabilidad de brindar <strong>bienestar a sus ocupantes<\/strong>, lo que significa crear las condiciones para que las personas puedan crecer, desarrollarse y realizarse dentro de su hogar.<\/p>\n<p>Y, adicionalmente, se deben generar las herramientas para que los ocupantes de las viviendas trabajen de manera conjunta y ordenada para tomar decisiones para el bien com\u00fan.<\/p>\n<p>\u201cLo que creemos en la empresa es que <strong>no nada m\u00e1s es entregar la vivienda<\/strong>, tenemos que poner al servicio de los clientes las herramientas para que puedan organizarse, puedan trabajar juntos, puedan tomar decisiones juntos para el bien com\u00fan\u201d, dijo.<\/p>\n<p>Como ejemplo de lo anterior, <strong>Vidal<\/strong> destac\u00f3 el fraccionamiento <strong>Natura<\/strong>, desarrollado por Ruba en Tijuana, que cuenta con alrededor de 50,000 habitantes, quienes se encuentran organizados mediante <strong>Convive<\/strong>, un programa de desarrollo comunitario y convivencia vecinal.<\/p>\n<p>De esta manera, se han generado m\u00e1s de <strong>300 comit\u00e9s vecinales<\/strong> que trabajan para generar actividades de car\u00e1cter educativo, deportivo y social; as\u00ed como para generar sinergias con los tres \u00f3rdenes del gobierno y organizaciones civiles en beneficio de los habitantes del fraccionamiento.<\/p>\n<p>\u201cS\u00ed es importante tener elementos como ecotecnolog\u00edas, pero, aparte de los elementos f\u00edsicos, creo que <strong>lo m\u00e1s importante es trabajar con las personas<\/strong>. Si logramos hacer esto, vamos a poder tener un desarrollo sostenible en el largo plazo\u201d, coment\u00f3.<\/p>\n","protected":false},"excerpt":{"rendered":"<p>El director de finanzas de Ruba asegur\u00f3 que, para los desarrolladores de vivienda, lo m\u00e1s importante es crear condiciones para el bienestar de las personas<\/p>\n","protected":false},"author":73,"featured_media":149664,"comment_status":"open","ping_status":"closed","sticky":false,"template":"","format":"standard","meta":{"om_disable_all_campaigns":false,"inline_featured_image":false,"_monsterinsights_skip_tracking":false,"_monsterinsights_sitenote_active":false,"_monsterinsights_sitenote_note":"","_monsterinsights_sitenote_category":0,"footnotes":""},"categories":[12],"tags":[1520,190,24484,578,60],"class_list":["post-149663","post","type-post","status-publish","format-standard","has-post-thumbnail","hentry","category-vivienda","tag-clientes","tag-desarrolladores","tag-iii-foro-regional-de-vivienda","tag-ruba","tag-vivienda-2"],"yoast_head":"<!-- This site is optimized with the Yoast SEO plugin v27.5 - https:\/\/yoast.com\/product\/yoast-seo-wordpress\/ -->\n<title>En la vivienda, lo m\u00e1s importante son las personas: Ruba<\/title>\n<meta name=\"description\" content=\"El directivo de Ruba asegur\u00f3 que, para los desarrolladores de vivienda, lo m\u00e1s importante es el bienestar de las personas\" \/>\n<meta name=\"robots\" content=\"index, follow, max-snippet:-1, max-image-preview:large, max-video-preview:-1\" \/>\n<link rel=\"canonical\" href=\"https:\/\/centrourbano.com\/revista\/vivienda\/vivienda-personas-ruba\/\" \/>\n<meta property=\"og:locale\" content=\"es_ES\" \/>\n<meta property=\"og:type\" content=\"article\" \/>\n<meta property=\"og:title\" content=\"En la vivienda, lo m\u00e1s importante son las personas: Ruba\" \/>\n<meta property=\"og:description\" content=\"El directivo de Ruba asegur\u00f3 que, para los desarrolladores de vivienda, lo m\u00e1s importante es el bienestar de las personas\" \/>\n<meta property=\"og:url\" content=\"https:\/\/centrourbano.com\/revista\/vivienda\/vivienda-personas-ruba\/\" \/>\n<meta property=\"og:site_name\" content=\"Centro Urbano\" \/>\n<meta property=\"article:publisher\" content=\"https:\/\/www.facebook.com\/portalcentrourbano\" \/>\n<meta property=\"article:published_time\" content=\"2024-07-29T15:00:30+00:00\" \/>\n<meta property=\"og:image\" content=\"https:\/\/centrourbano.com\/revista\/wp-content\/uploads\/En-la-vivienda-lo-ma\u0301s-importante-son-las-personas-Ruba.jpg\" \/>\n\t<meta property=\"og:image:width\" content=\"630\" \/>\n\t<meta property=\"og:image:height\" content=\"450\" \/>\n\t<meta property=\"og:image:type\" content=\"image\/jpeg\" \/>\n<meta name=\"author\" content=\"Fernanda Hern\u00e1ndez\" \/>\n<meta name=\"twitter:card\" content=\"summary_large_image\" \/>\n<meta name=\"twitter:creator\" content=\"@https:\/\/twitter.com\/Nannz_Hernandez\" \/>\n<meta name=\"twitter:site\" content=\"@CentroUrbano\" \/>\n<meta name=\"twitter:label1\" content=\"Escrito por\" \/>\n\t<meta name=\"twitter:data1\" content=\"Fernanda Hern\u00e1ndez\" \/>\n\t<meta name=\"twitter:label2\" content=\"Tiempo de lectura\" \/>\n\t<meta name=\"twitter:data2\" content=\"2 minutos\" \/>\n<script type=\"application\/ld+json\" class=\"yoast-schema-graph\">{\"@context\":\"https:\\\/\\\/schema.org\",\"@graph\":[{\"@type\":\"Article\",\"@id\":\"https:\\\/\\\/centrourbano.com\\\/revista\\\/vivienda\\\/vivienda-personas-ruba\\\/#article\",\"isPartOf\":{\"@id\":\"https:\\\/\\\/centrourbano.com\\\/revista\\\/vivienda\\\/vivienda-personas-ruba\\\/\"},\"author\":{\"name\":\"Fernanda Hern\u00e1ndez\",\"@id\":\"https:\\\/\\\/centrourbano.com\\\/revista\\\/#\\\/schema\\\/person\\\/b190b20bbbceb41ec72278c546fa8df3\"},\"headline\":\"En la vivienda, lo m\u00e1s importante son las personas: Ruba\",\"datePublished\":\"2024-07-29T15:00:30+00:00\",\"mainEntityOfPage\":{\"@id\":\"https:\\\/\\\/centrourbano.com\\\/revista\\\/vivienda\\\/vivienda-personas-ruba\\\/\"},\"wordCount\":395,\"commentCount\":0,\"publisher\":{\"@id\":\"https:\\\/\\\/centrourbano.com\\\/revista\\\/#organization\"},\"image\":{\"@id\":\"https:\\\/\\\/centrourbano.com\\\/revista\\\/vivienda\\\/vivienda-personas-ruba\\\/#primaryimage\"},\"thumbnailUrl\":\"https:\\\/\\\/centrourbano.com\\\/revista\\\/wp-content\\\/uploads\\\/En-la-vivienda-lo-ma\u0301s-importante-son-las-personas-Ruba.jpg\",\"keywords\":[\"clientes\",\"desarrolladores\",\"III Foro Regional de Vivienda\",\"Ruba\",\"vivienda\"],\"articleSection\":[\"Vivienda\"],\"inLanguage\":\"es\",\"potentialAction\":[{\"@type\":\"CommentAction\",\"name\":\"Comment\",\"target\":[\"https:\\\/\\\/centrourbano.com\\\/revista\\\/vivienda\\\/vivienda-personas-ruba\\\/#respond\"]}]},{\"@type\":\"WebPage\",\"@id\":\"https:\\\/\\\/centrourbano.com\\\/revista\\\/vivienda\\\/vivienda-personas-ruba\\\/\",\"url\":\"https:\\\/\\\/centrourbano.com\\\/revista\\\/vivienda\\\/vivienda-personas-ruba\\\/\",\"name\":\"En la vivienda, lo m\u00e1s importante son las personas: Ruba\",\"isPartOf\":{\"@id\":\"https:\\\/\\\/centrourbano.com\\\/revista\\\/#website\"},\"primaryImageOfPage\":{\"@id\":\"https:\\\/\\\/centrourbano.com\\\/revista\\\/vivienda\\\/vivienda-personas-ruba\\\/#primaryimage\"},\"image\":{\"@id\":\"https:\\\/\\\/centrourbano.com\\\/revista\\\/vivienda\\\/vivienda-personas-ruba\\\/#primaryimage\"},\"thumbnailUrl\":\"https:\\\/\\\/centrourbano.com\\\/revista\\\/wp-content\\\/uploads\\\/En-la-vivienda-lo-ma\u0301s-importante-son-las-personas-Ruba.jpg\",\"datePublished\":\"2024-07-29T15:00:30+00:00\",\"description\":\"El directivo de Ruba asegur\u00f3 que, para los desarrolladores de vivienda, lo m\u00e1s importante es el bienestar de las personas\",\"breadcrumb\":{\"@id\":\"https:\\\/\\\/centrourbano.com\\\/revista\\\/vivienda\\\/vivienda-personas-ruba\\\/#breadcrumb\"},\"inLanguage\":\"es\",\"potentialAction\":[{\"@type\":\"ReadAction\",\"target\":[\"https:\\\/\\\/centrourbano.com\\\/revista\\\/vivienda\\\/vivienda-personas-ruba\\\/\"]}]},{\"@type\":\"ImageObject\",\"inLanguage\":\"es\",\"@id\":\"https:\\\/\\\/centrourbano.com\\\/revista\\\/vivienda\\\/vivienda-personas-ruba\\\/#primaryimage\",\"url\":\"https:\\\/\\\/centrourbano.com\\\/revista\\\/wp-content\\\/uploads\\\/En-la-vivienda-lo-ma\u0301s-importante-son-las-personas-Ruba.jpg\",\"contentUrl\":\"https:\\\/\\\/centrourbano.com\\\/revista\\\/wp-content\\\/uploads\\\/En-la-vivienda-lo-ma\u0301s-importante-son-las-personas-Ruba.jpg\",\"width\":630,\"height\":450,\"caption\":\"El director de finanzas de Ruba asegur\u00f3 que, para los desarrolladores de vivienda, lo m\u00e1s importante es crear condiciones para el bienestar de las personas\"},{\"@type\":\"BreadcrumbList\",\"@id\":\"https:\\\/\\\/centrourbano.com\\\/revista\\\/vivienda\\\/vivienda-personas-ruba\\\/#breadcrumb\",\"itemListElement\":[{\"@type\":\"ListItem\",\"position\":1,\"name\":\"Portada\",\"item\":\"https:\\\/\\\/centrourbano.com\\\/revista\\\/\"},{\"@type\":\"ListItem\",\"position\":2,\"name\":\"En la vivienda, lo m\u00e1s importante son las personas: Ruba\"}]},{\"@type\":\"WebSite\",\"@id\":\"https:\\\/\\\/centrourbano.com\\\/revista\\\/#website\",\"url\":\"https:\\\/\\\/centrourbano.com\\\/revista\\\/\",\"name\":\"Centro Urbano\",\"description\":\"Medio especializado en los sectores vivienda, inmobiliario, construcci\u00f3n, arquitectura y urbanismo.\",\"publisher\":{\"@id\":\"https:\\\/\\\/centrourbano.com\\\/revista\\\/#organization\"},\"potentialAction\":[{\"@type\":\"SearchAction\",\"target\":{\"@type\":\"EntryPoint\",\"urlTemplate\":\"https:\\\/\\\/centrourbano.com\\\/revista\\\/?s={search_term_string}\"},\"query-input\":{\"@type\":\"PropertyValueSpecification\",\"valueRequired\":true,\"valueName\":\"search_term_string\"}}],\"inLanguage\":\"es\"},{\"@type\":\"Organization\",\"@id\":\"https:\\\/\\\/centrourbano.com\\\/revista\\\/#organization\",\"name\":\"Centro Urbano\",\"url\":\"https:\\\/\\\/centrourbano.com\\\/revista\\\/\",\"logo\":{\"@type\":\"ImageObject\",\"inLanguage\":\"es\",\"@id\":\"https:\\\/\\\/centrourbano.com\\\/revista\\\/#\\\/schema\\\/logo\\\/image\\\/\",\"url\":\"https:\\\/\\\/centrourbano.com\\\/revista\\\/wp-content\\\/uploads\\\/web_CU_logo-1.png\",\"contentUrl\":\"https:\\\/\\\/centrourbano.com\\\/revista\\\/wp-content\\\/uploads\\\/web_CU_logo-1.png\",\"width\":350,\"height\":91,\"caption\":\"Centro Urbano\"},\"image\":{\"@id\":\"https:\\\/\\\/centrourbano.com\\\/revista\\\/#\\\/schema\\\/logo\\\/image\\\/\"},\"sameAs\":[\"https:\\\/\\\/www.facebook.com\\\/portalcentrourbano\",\"https:\\\/\\\/x.com\\\/CentroUrbano\",\"https:\\\/\\\/www.instagram.com\\\/centro_urbano\\\/\",\"https:\\\/\\\/www.linkedin.com\\\/company\\\/centro-urbano\\\/\",\"http:\\\/\\\/www.youtube.com\\\/user\\\/portalcentrourbano\"]},{\"@type\":\"Person\",\"@id\":\"https:\\\/\\\/centrourbano.com\\\/revista\\\/#\\\/schema\\\/person\\\/b190b20bbbceb41ec72278c546fa8df3\",\"name\":\"Fernanda Hern\u00e1ndez\",\"image\":{\"@type\":\"ImageObject\",\"inLanguage\":\"es\",\"@id\":\"https:\\\/\\\/secure.gravatar.com\\\/avatar\\\/9471831fb0a24eae9d32d826a7cb8ef07c34a41520aca1a0ab1f5c0903ba49b9?s=96&d=mm&r=g\",\"url\":\"https:\\\/\\\/secure.gravatar.com\\\/avatar\\\/9471831fb0a24eae9d32d826a7cb8ef07c34a41520aca1a0ab1f5c0903ba49b9?s=96&d=mm&r=g\",\"contentUrl\":\"https:\\\/\\\/secure.gravatar.com\\\/avatar\\\/9471831fb0a24eae9d32d826a7cb8ef07c34a41520aca1a0ab1f5c0903ba49b9?s=96&d=mm&r=g\",\"caption\":\"Fernanda Hern\u00e1ndez\"},\"description\":\"Reportera y redactora en Centro Urbano. Soy egresada de la licenciatura en Ciencias de la Comunicaci\u00f3n de la Facultad de Ciencias Pol\u00edticas y Sociales (UNAM). Me interesa la cultura, el urbanismo y la arquitectura. Amante del mundo digital, el cine, la m\u00fasica, la lectura y la escritura.\",\"sameAs\":[\"https:\\\/\\\/x.com\\\/https:\\\/\\\/twitter.com\\\/Nannz_Hernandez\"],\"url\":\"https:\\\/\\\/centrourbano.com\\\/revista\\\/author\\\/fernanda-hernandez\\\/\"}]}<\/script>\n<!-- \/ Yoast SEO plugin. -->","yoast_head_json":{"title":"En la vivienda, lo m\u00e1s importante son las personas: Ruba","description":"El directivo de Ruba asegur\u00f3 que, para los desarrolladores de vivienda, lo m\u00e1s importante es el bienestar de las personas","robots":{"index":"index","follow":"follow","max-snippet":"max-snippet:-1","max-image-preview":"max-image-preview:large","max-video-preview":"max-video-preview:-1"},"canonical":"https:\/\/centrourbano.com\/revista\/vivienda\/vivienda-personas-ruba\/","og_locale":"es_ES","og_type":"article","og_title":"En la vivienda, lo m\u00e1s importante son las personas: Ruba","og_description":"El directivo de Ruba asegur\u00f3 que, para los desarrolladores de vivienda, lo m\u00e1s importante es el bienestar de las personas","og_url":"https:\/\/centrourbano.com\/revista\/vivienda\/vivienda-personas-ruba\/","og_site_name":"Centro Urbano","article_publisher":"https:\/\/www.facebook.com\/portalcentrourbano","article_published_time":"2024-07-29T15:00:30+00:00","og_image":[{"width":630,"height":450,"url":"https:\/\/centrourbano.com\/revista\/wp-content\/uploads\/En-la-vivienda-lo-ma\u0301s-importante-son-las-personas-Ruba.jpg","type":"image\/jpeg"}],"author":"Fernanda Hern\u00e1ndez","twitter_card":"summary_large_image","twitter_creator":"@https:\/\/twitter.com\/Nannz_Hernandez","twitter_site":"@CentroUrbano","twitter_misc":{"Escrito por":"Fernanda Hern\u00e1ndez","Tiempo de lectura":"2 minutos"},"schema":{"@context":"https:\/\/schema.org","@graph":[{"@type":"Article","@id":"https:\/\/centrourbano.com\/revista\/vivienda\/vivienda-personas-ruba\/#article","isPartOf":{"@id":"https:\/\/centrourbano.com\/revista\/vivienda\/vivienda-personas-ruba\/"},"author":{"name":"Fernanda Hern\u00e1ndez","@id":"https:\/\/centrourbano.com\/revista\/#\/schema\/person\/b190b20bbbceb41ec72278c546fa8df3"},"headline":"En la vivienda, lo m\u00e1s importante son las personas: Ruba","datePublished":"2024-07-29T15:00:30+00:00","mainEntityOfPage":{"@id":"https:\/\/centrourbano.com\/revista\/vivienda\/vivienda-personas-ruba\/"},"wordCount":395,"commentCount":0,"publisher":{"@id":"https:\/\/centrourbano.com\/revista\/#organization"},"image":{"@id":"https:\/\/centrourbano.com\/revista\/vivienda\/vivienda-personas-ruba\/#primaryimage"},"thumbnailUrl":"https:\/\/centrourbano.com\/revista\/wp-content\/uploads\/En-la-vivienda-lo-ma\u0301s-importante-son-las-personas-Ruba.jpg","keywords":["clientes","desarrolladores","III Foro Regional de Vivienda","Ruba","vivienda"],"articleSection":["Vivienda"],"inLanguage":"es","potentialAction":[{"@type":"CommentAction","name":"Comment","target":["https:\/\/centrourbano.com\/revista\/vivienda\/vivienda-personas-ruba\/#respond"]}]},{"@type":"WebPage","@id":"https:\/\/centrourbano.com\/revista\/vivienda\/vivienda-personas-ruba\/","url":"https:\/\/centrourbano.com\/revista\/vivienda\/vivienda-personas-ruba\/","name":"En la vivienda, lo m\u00e1s importante son las personas: Ruba","isPartOf":{"@id":"https:\/\/centrourbano.com\/revista\/#website"},"primaryImageOfPage":{"@id":"https:\/\/centrourbano.com\/revista\/vivienda\/vivienda-personas-ruba\/#primaryimage"},"image":{"@id":"https:\/\/centrourbano.com\/revista\/vivienda\/vivienda-personas-ruba\/#primaryimage"},"thumbnailUrl":"https:\/\/centrourbano.com\/revista\/wp-content\/uploads\/En-la-vivienda-lo-ma\u0301s-importante-son-las-personas-Ruba.jpg","datePublished":"2024-07-29T15:00:30+00:00","description":"El directivo de Ruba asegur\u00f3 que, para los desarrolladores de vivienda, lo m\u00e1s importante es el bienestar de las personas","breadcrumb":{"@id":"https:\/\/centrourbano.com\/revista\/vivienda\/vivienda-personas-ruba\/#breadcrumb"},"inLanguage":"es","potentialAction":[{"@type":"ReadAction","target":["https:\/\/centrourbano.com\/revista\/vivienda\/vivienda-personas-ruba\/"]}]},{"@type":"ImageObject","inLanguage":"es","@id":"https:\/\/centrourbano.com\/revista\/vivienda\/vivienda-personas-ruba\/#primaryimage","url":"https:\/\/centrourbano.com\/revista\/wp-content\/uploads\/En-la-vivienda-lo-ma\u0301s-importante-son-las-personas-Ruba.jpg","contentUrl":"https:\/\/centrourbano.com\/revista\/wp-content\/uploads\/En-la-vivienda-lo-ma\u0301s-importante-son-las-personas-Ruba.jpg","width":630,"height":450,"caption":"El director de finanzas de Ruba asegur\u00f3 que, para los desarrolladores de vivienda, lo m\u00e1s importante es crear condiciones para el bienestar de las personas"},{"@type":"BreadcrumbList","@id":"https:\/\/centrourbano.com\/revista\/vivienda\/vivienda-personas-ruba\/#breadcrumb","itemListElement":[{"@type":"ListItem","position":1,"name":"Portada","item":"https:\/\/centrourbano.com\/revista\/"},{"@type":"ListItem","position":2,"name":"En la vivienda, lo m\u00e1s importante son las personas: Ruba"}]},{"@type":"WebSite","@id":"https:\/\/centrourbano.com\/revista\/#website","url":"https:\/\/centrourbano.com\/revista\/","name":"Centro Urbano","description":"Medio especializado en los sectores vivienda, inmobiliario, construcci\u00f3n, arquitectura y urbanismo.","publisher":{"@id":"https:\/\/centrourbano.com\/revista\/#organization"},"potentialAction":[{"@type":"SearchAction","target":{"@type":"EntryPoint","urlTemplate":"https:\/\/centrourbano.com\/revista\/?s={search_term_string}"},"query-input":{"@type":"PropertyValueSpecification","valueRequired":true,"valueName":"search_term_string"}}],"inLanguage":"es"},{"@type":"Organization","@id":"https:\/\/centrourbano.com\/revista\/#organization","name":"Centro Urbano","url":"https:\/\/centrourbano.com\/revista\/","logo":{"@type":"ImageObject","inLanguage":"es","@id":"https:\/\/centrourbano.com\/revista\/#\/schema\/logo\/image\/","url":"https:\/\/centrourbano.com\/revista\/wp-content\/uploads\/web_CU_logo-1.png","contentUrl":"https:\/\/centrourbano.com\/revista\/wp-content\/uploads\/web_CU_logo-1.png","width":350,"height":91,"caption":"Centro Urbano"},"image":{"@id":"https:\/\/centrourbano.com\/revista\/#\/schema\/logo\/image\/"},"sameAs":["https:\/\/www.facebook.com\/portalcentrourbano","https:\/\/x.com\/CentroUrbano","https:\/\/www.instagram.com\/centro_urbano\/","https:\/\/www.linkedin.com\/company\/centro-urbano\/","http:\/\/www.youtube.com\/user\/portalcentrourbano"]},{"@type":"Person","@id":"https:\/\/centrourbano.com\/revista\/#\/schema\/person\/b190b20bbbceb41ec72278c546fa8df3","name":"Fernanda Hern\u00e1ndez","image":{"@type":"ImageObject","inLanguage":"es","@id":"https:\/\/secure.gravatar.com\/avatar\/9471831fb0a24eae9d32d826a7cb8ef07c34a41520aca1a0ab1f5c0903ba49b9?s=96&d=mm&r=g","url":"https:\/\/secure.gravatar.com\/avatar\/9471831fb0a24eae9d32d826a7cb8ef07c34a41520aca1a0ab1f5c0903ba49b9?s=96&d=mm&r=g","contentUrl":"https:\/\/secure.gravatar.com\/avatar\/9471831fb0a24eae9d32d826a7cb8ef07c34a41520aca1a0ab1f5c0903ba49b9?s=96&d=mm&r=g","caption":"Fernanda Hern\u00e1ndez"},"description":"Reportera y redactora en Centro Urbano. Soy egresada de la licenciatura en Ciencias de la Comunicaci\u00f3n de la Facultad de Ciencias Pol\u00edticas y Sociales (UNAM). Me interesa la cultura, el urbanismo y la arquitectura. Amante del mundo digital, el cine, la m\u00fasica, la lectura y la escritura.","sameAs":["https:\/\/x.com\/https:\/\/twitter.com\/Nannz_Hernandez"],"url":"https:\/\/centrourbano.com\/revista\/author\/fernanda-hernandez\/"}]}},"_links":{"self":[{"href":"https:\/\/centrourbano.com\/revista\/wp-json\/wp\/v2\/posts\/149663","targetHints":{"allow":["GET"]}}],"collection":[{"href":"https:\/\/centrourbano.com\/revista\/wp-json\/wp\/v2\/posts"}],"about":[{"href":"https:\/\/centrourbano.com\/revista\/wp-json\/wp\/v2\/types\/post"}],"author":[{"embeddable":true,"href":"https:\/\/centrourbano.com\/revista\/wp-json\/wp\/v2\/users\/73"}],"replies":[{"embeddable":true,"href":"https:\/\/centrourbano.com\/revista\/wp-json\/wp\/v2\/comments?post=149663"}],"version-history":[{"count":1,"href":"https:\/\/centrourbano.com\/revista\/wp-json\/wp\/v2\/posts\/149663\/revisions"}],"predecessor-version":[{"id":149665,"href":"https:\/\/centrourbano.com\/revista\/wp-json\/wp\/v2\/posts\/149663\/revisions\/149665"}],"wp:featuredmedia":[{"embeddable":true,"href":"https:\/\/centrourbano.com\/revista\/wp-json\/wp\/v2\/media\/149664"}],"wp:attachment":[{"href":"https:\/\/centrourbano.com\/revista\/wp-json\/wp\/v2\/media?parent=149663"}],"wp:term":[{"taxonomy":"category","embeddable":true,"href":"https:\/\/centrourbano.com\/revista\/wp-json\/wp\/v2\/categories?post=149663"},{"taxonomy":"post_tag","embeddable":true,"href":"https:\/\/centrourbano.com\/revista\/wp-json\/wp\/v2\/tags?post=149663"}],"curies":[{"name":"wp","href":"https:\/\/api.w.org\/{rel}","templated":true}]}}