{"id":14953,"date":"2015-02-04T10:57:43","date_gmt":"2015-02-04T16:57:43","guid":{"rendered":"http:\/\/centrourbano.com\/?p=14953"},"modified":"2015-02-04T10:57:43","modified_gmt":"2015-02-04T16:57:43","slug":"dan-certeza-juridica-sobre-su-tierra-a-mujeres-agrarias","status":"publish","type":"post","link":"https:\/\/centrourbano.com\/revista\/saladeprensa\/dan-certeza-juridica-sobre-su-tierra-a-mujeres-agrarias\/","title":{"rendered":"Dan certeza jur\u00eddica sobre su tierra a mujeres agrarias"},"content":{"rendered":"<p>&nbsp;<\/p>\n<p><strong><em>Eloxochitl\u00e1n, Pue<\/em><\/strong><strong>.-\u00a0<\/strong>En un evento sin precedentes, con el que se da certeza jur\u00eddica sobre la tenencia de la tierra a miles de mujeres agrarias, la Secretar\u00eda de Desarrollo Agrario, Territorial y Urbano (SEDATU) y el Gobierno de Puebla, entregaron aqu\u00ed cerca seis mil\u00a0documentos agrarios a uno de los sectores m\u00e1s desprotegidos de la naci\u00f3n.<!--more--><\/p>\n<p>Los delegados del Registro Agrario Nacional (RAN), de la Procuradur\u00eda Agraria (PA) y de la SEDATU, Rene Lechuga Fosado, Isabel Merlos Talavera y Rom\u00e1n Lazcano Fern\u00e1ndez, respectivamente, encabezaron el acto, acompa\u00f1ados por el presidente municipal, Delfino Hern\u00e1ndez.<\/p>\n<p>Los funcionarios de los tres niveles de gobierno acudieron a una de las comunidades m\u00e1s pobres y apartadas del pa\u00eds, enclavada en la cima de la sierra negra de Puebla, que posee una mayor\u00eda de poblaci\u00f3n ind\u00edgena.<\/p>\n<p>Nunca antes se hab\u00eda realizado una entrega de documentos agrarios a nivel nacional de esta naturaleza, que otorga certeza jur\u00eddica al patrimonio de mujeres que viven en el sector agrario. Dicho evento se celebra en el marco de la estrategia denominada &amp;#8220Certeza jur\u00eddica para la tenencia de la tierra&amp;#8221.<\/p>\n<p>El 65 por ciento de los integrantes de este n\u00facleo agrario son mujeres. El ejido posee una superficie regularizada de 7 mil 603 hect\u00e1reas y forma parte de la Cruzada Nacional contra el Hambre.<\/p>\n<p>De los 5 mil 436 documentos agrarios entregados que regularizan el estatus jur\u00eddico del ejido San Miguel Eloxochitl\u00e1n, 2 mil 019 fueron para mujeres quienes lo recibieron en calidad de titulares de derechos agrarios, con lo que se dan los primeros pasos para abatir la profunda inequidad de g\u00e9nero que se vive en ese sentido en el sector agrario.<\/p>\n<p>Del total de documentos entregados, 5 mil 197 son certificados parcelarios y 239 son certificados de uso com\u00fan en beneficio directo de 3 mil 101 personas de esta peque\u00f1a comunidad, ubicada a m\u00e1s de siete horas por carretera de la capital del estado de Puebla.<\/p>\n<p>En los \u00faltimos dos a\u00f1os se han entregado en Puebla 74 mil 839 documentos agrarios, se han resuelto 54 mil 955 tr\u00e1mites agrarios y se han registrado 13 mil 353 listas de sucesi\u00f3n.<\/p>\n","protected":false},"excerpt":{"rendered":"<p>&nbsp; Eloxochitl\u00e1n, Pue.-\u00a0En un evento sin precedentes, con el que se da certeza jur\u00eddica sobre la tenencia de la tierra a miles de mujeres agrarias, la Secretar\u00eda de Desarrollo Agrario, Territorial y Urbano (SEDATU) y el Gobierno de Puebla, entregaron aqu\u00ed cerca seis mil\u00a0documentos agrarios a uno de los sectores m\u00e1s desprotegidos de la naci\u00f3n.<\/p>\n","protected":false},"author":14,"featured_media":0,"comment_status":"open","ping_status":"closed","sticky":false,"template":"","format":"standard","meta":{"om_disable_all_campaigns":false,"inline_featured_image":false,"_monsterinsights_skip_tracking":false,"_monsterinsights_sitenote_active":false,"_monsterinsights_sitenote_note":"","_monsterinsights_sitenote_category":0,"footnotes":""},"categories":[7],"tags":[3534,105,4320],"class_list":["post-14953","post","type-post","status-publish","format-standard","hentry","category-saladeprensa","tag-agrario","tag-sedatu","tag-tierras"],"yoast_head":"<!-- This site is optimized with the Yoast SEO plugin v27.4 - https:\/\/yoast.com\/product\/yoast-seo-wordpress\/ -->\n<title>Dan certeza jur\u00eddica sobre su tierra a mujeres agrarias  -<\/title>\n<meta name=\"description\" content=\"&nbsp; Eloxochitl\u00e1n, Pue.-\u00a0En un evento sin precedentes, con el que se da certeza jur\u00eddica sobre la tenencia de la tierra a miles de mujeres agrarias, la\" \/>\n<meta name=\"robots\" content=\"index, follow, max-snippet:-1, max-image-preview:large, max-video-preview:-1\" \/>\n<link rel=\"canonical\" href=\"https:\/\/centrourbano.com\/revista\/saladeprensa\/dan-certeza-juridica-sobre-su-tierra-a-mujeres-agrarias\/\" \/>\n<meta property=\"og:locale\" content=\"es_ES\" \/>\n<meta property=\"og:type\" content=\"article\" \/>\n<meta property=\"og:title\" content=\"Dan certeza jur\u00eddica sobre su tierra a mujeres agrarias  -\" \/>\n<meta property=\"og:description\" content=\"&nbsp; Eloxochitl\u00e1n, Pue.-\u00a0En un evento sin precedentes, con el que se da certeza jur\u00eddica sobre la tenencia de la tierra a miles de mujeres agrarias, la\" \/>\n<meta property=\"og:url\" content=\"https:\/\/centrourbano.com\/revista\/saladeprensa\/dan-certeza-juridica-sobre-su-tierra-a-mujeres-agrarias\/\" \/>\n<meta property=\"og:site_name\" content=\"Centro Urbano\" \/>\n<meta property=\"article:publisher\" content=\"https:\/\/www.facebook.com\/portalcentrourbano\" \/>\n<meta property=\"article:published_time\" content=\"2015-02-04T16:57:43+00:00\" \/>\n<meta property=\"og:image\" content=\"https:\/\/centrourbano.com\/revista\/wp-content\/uploads\/CU-logo.png\" \/>\n\t<meta property=\"og:image:width\" content=\"350\" \/>\n\t<meta property=\"og:image:height\" content=\"91\" \/>\n\t<meta property=\"og:image:type\" content=\"image\/png\" \/>\n<meta name=\"author\" content=\"Redacci\u00f3n Centro Urbano\" \/>\n<meta name=\"twitter:card\" content=\"summary_large_image\" \/>\n<meta name=\"twitter:creator\" content=\"@CentroUrbano\" \/>\n<meta name=\"twitter:site\" content=\"@CentroUrbano\" \/>\n<meta name=\"twitter:label1\" content=\"Escrito por\" \/>\n\t<meta name=\"twitter:data1\" content=\"Redacci\u00f3n Centro Urbano\" \/>\n\t<meta name=\"twitter:label2\" content=\"Tiempo de lectura\" \/>\n\t<meta name=\"twitter:data2\" content=\"2 minutos\" \/>\n<script type=\"application\/ld+json\" class=\"yoast-schema-graph\">{\"@context\":\"https:\\\/\\\/schema.org\",\"@graph\":[{\"@type\":\"Article\",\"@id\":\"https:\\\/\\\/centrourbano.com\\\/revista\\\/saladeprensa\\\/dan-certeza-juridica-sobre-su-tierra-a-mujeres-agrarias\\\/#article\",\"isPartOf\":{\"@id\":\"https:\\\/\\\/centrourbano.com\\\/revista\\\/saladeprensa\\\/dan-certeza-juridica-sobre-su-tierra-a-mujeres-agrarias\\\/\"},\"author\":{\"name\":\"Redacci\u00f3n Centro Urbano\",\"@id\":\"https:\\\/\\\/centrourbano.com\\\/revista\\\/#\\\/schema\\\/person\\\/680e7c50f9d6e917e416c9efdc26f996\"},\"headline\":\"Dan certeza jur\u00eddica sobre su tierra a mujeres agrarias\",\"datePublished\":\"2015-02-04T16:57:43+00:00\",\"mainEntityOfPage\":{\"@id\":\"https:\\\/\\\/centrourbano.com\\\/revista\\\/saladeprensa\\\/dan-certeza-juridica-sobre-su-tierra-a-mujeres-agrarias\\\/\"},\"wordCount\":375,\"commentCount\":0,\"publisher\":{\"@id\":\"https:\\\/\\\/centrourbano.com\\\/revista\\\/#organization\"},\"keywords\":[\"agrario\",\"Sedatu\",\"tierras\"],\"articleSection\":[\"Sala de Prensa\"],\"inLanguage\":\"es\",\"potentialAction\":[{\"@type\":\"CommentAction\",\"name\":\"Comment\",\"target\":[\"https:\\\/\\\/centrourbano.com\\\/revista\\\/saladeprensa\\\/dan-certeza-juridica-sobre-su-tierra-a-mujeres-agrarias\\\/#respond\"]}]},{\"@type\":\"WebPage\",\"@id\":\"https:\\\/\\\/centrourbano.com\\\/revista\\\/saladeprensa\\\/dan-certeza-juridica-sobre-su-tierra-a-mujeres-agrarias\\\/\",\"url\":\"https:\\\/\\\/centrourbano.com\\\/revista\\\/saladeprensa\\\/dan-certeza-juridica-sobre-su-tierra-a-mujeres-agrarias\\\/\",\"name\":\"Dan certeza jur\u00eddica sobre su tierra a mujeres agrarias -\",\"isPartOf\":{\"@id\":\"https:\\\/\\\/centrourbano.com\\\/revista\\\/#website\"},\"datePublished\":\"2015-02-04T16:57:43+00:00\",\"description\":\"&nbsp; Eloxochitl\u00e1n, Pue.-\u00a0En un evento sin precedentes, con el que se da certeza jur\u00eddica sobre la tenencia de la tierra a miles de mujeres agrarias, la\",\"breadcrumb\":{\"@id\":\"https:\\\/\\\/centrourbano.com\\\/revista\\\/saladeprensa\\\/dan-certeza-juridica-sobre-su-tierra-a-mujeres-agrarias\\\/#breadcrumb\"},\"inLanguage\":\"es\",\"potentialAction\":[{\"@type\":\"ReadAction\",\"target\":[\"https:\\\/\\\/centrourbano.com\\\/revista\\\/saladeprensa\\\/dan-certeza-juridica-sobre-su-tierra-a-mujeres-agrarias\\\/\"]}]},{\"@type\":\"BreadcrumbList\",\"@id\":\"https:\\\/\\\/centrourbano.com\\\/revista\\\/saladeprensa\\\/dan-certeza-juridica-sobre-su-tierra-a-mujeres-agrarias\\\/#breadcrumb\",\"itemListElement\":[{\"@type\":\"ListItem\",\"position\":1,\"name\":\"Portada\",\"item\":\"https:\\\/\\\/centrourbano.com\\\/revista\\\/\"},{\"@type\":\"ListItem\",\"position\":2,\"name\":\"Dan certeza jur\u00eddica sobre su tierra a mujeres agrarias\"}]},{\"@type\":\"WebSite\",\"@id\":\"https:\\\/\\\/centrourbano.com\\\/revista\\\/#website\",\"url\":\"https:\\\/\\\/centrourbano.com\\\/revista\\\/\",\"name\":\"Centro Urbano\",\"description\":\"Medio especializado en los sectores vivienda, inmobiliario, construcci\u00f3n, arquitectura y urbanismo.\",\"publisher\":{\"@id\":\"https:\\\/\\\/centrourbano.com\\\/revista\\\/#organization\"},\"potentialAction\":[{\"@type\":\"SearchAction\",\"target\":{\"@type\":\"EntryPoint\",\"urlTemplate\":\"https:\\\/\\\/centrourbano.com\\\/revista\\\/?s={search_term_string}\"},\"query-input\":{\"@type\":\"PropertyValueSpecification\",\"valueRequired\":true,\"valueName\":\"search_term_string\"}}],\"inLanguage\":\"es\"},{\"@type\":\"Organization\",\"@id\":\"https:\\\/\\\/centrourbano.com\\\/revista\\\/#organization\",\"name\":\"Centro Urbano\",\"url\":\"https:\\\/\\\/centrourbano.com\\\/revista\\\/\",\"logo\":{\"@type\":\"ImageObject\",\"inLanguage\":\"es\",\"@id\":\"https:\\\/\\\/centrourbano.com\\\/revista\\\/#\\\/schema\\\/logo\\\/image\\\/\",\"url\":\"https:\\\/\\\/centrourbano.com\\\/revista\\\/wp-content\\\/uploads\\\/web_CU_logo-1.png\",\"contentUrl\":\"https:\\\/\\\/centrourbano.com\\\/revista\\\/wp-content\\\/uploads\\\/web_CU_logo-1.png\",\"width\":350,\"height\":91,\"caption\":\"Centro Urbano\"},\"image\":{\"@id\":\"https:\\\/\\\/centrourbano.com\\\/revista\\\/#\\\/schema\\\/logo\\\/image\\\/\"},\"sameAs\":[\"https:\\\/\\\/www.facebook.com\\\/portalcentrourbano\",\"https:\\\/\\\/x.com\\\/CentroUrbano\",\"https:\\\/\\\/www.instagram.com\\\/centro_urbano\\\/\",\"https:\\\/\\\/www.linkedin.com\\\/company\\\/centro-urbano\\\/\",\"http:\\\/\\\/www.youtube.com\\\/user\\\/portalcentrourbano\"]},{\"@type\":\"Person\",\"@id\":\"https:\\\/\\\/centrourbano.com\\\/revista\\\/#\\\/schema\\\/person\\\/680e7c50f9d6e917e416c9efdc26f996\",\"name\":\"Redacci\u00f3n Centro Urbano\",\"image\":{\"@type\":\"ImageObject\",\"inLanguage\":\"es\",\"@id\":\"https:\\\/\\\/secure.gravatar.com\\\/avatar\\\/15a789f894398c0f311f3a7a2ee28032bbc0483098539da66b6a045aa810bf35?s=96&d=mm&r=g\",\"url\":\"https:\\\/\\\/secure.gravatar.com\\\/avatar\\\/15a789f894398c0f311f3a7a2ee28032bbc0483098539da66b6a045aa810bf35?s=96&d=mm&r=g\",\"contentUrl\":\"https:\\\/\\\/secure.gravatar.com\\\/avatar\\\/15a789f894398c0f311f3a7a2ee28032bbc0483098539da66b6a045aa810bf35?s=96&d=mm&r=g\",\"caption\":\"Redacci\u00f3n Centro Urbano\"},\"url\":\"https:\\\/\\\/centrourbano.com\\\/revista\\\/author\\\/editorial\\\/\"}]}<\/script>\n<!-- \/ Yoast SEO plugin. -->","yoast_head_json":{"title":"Dan certeza jur\u00eddica sobre su tierra a mujeres agrarias  -","description":"&nbsp; Eloxochitl\u00e1n, Pue.-\u00a0En un evento sin precedentes, con el que se da certeza jur\u00eddica sobre la tenencia de la tierra a miles de mujeres agrarias, la","robots":{"index":"index","follow":"follow","max-snippet":"max-snippet:-1","max-image-preview":"max-image-preview:large","max-video-preview":"max-video-preview:-1"},"canonical":"https:\/\/centrourbano.com\/revista\/saladeprensa\/dan-certeza-juridica-sobre-su-tierra-a-mujeres-agrarias\/","og_locale":"es_ES","og_type":"article","og_title":"Dan certeza jur\u00eddica sobre su tierra a mujeres agrarias  -","og_description":"&nbsp; Eloxochitl\u00e1n, Pue.-\u00a0En un evento sin precedentes, con el que se da certeza jur\u00eddica sobre la tenencia de la tierra a miles de mujeres agrarias, la","og_url":"https:\/\/centrourbano.com\/revista\/saladeprensa\/dan-certeza-juridica-sobre-su-tierra-a-mujeres-agrarias\/","og_site_name":"Centro Urbano","article_publisher":"https:\/\/www.facebook.com\/portalcentrourbano","article_published_time":"2015-02-04T16:57:43+00:00","og_image":[{"width":350,"height":91,"url":"https:\/\/centrourbano.com\/revista\/wp-content\/uploads\/CU-logo.png","type":"image\/png"}],"author":"Redacci\u00f3n Centro Urbano","twitter_card":"summary_large_image","twitter_creator":"@CentroUrbano","twitter_site":"@CentroUrbano","twitter_misc":{"Escrito por":"Redacci\u00f3n Centro Urbano","Tiempo de lectura":"2 minutos"},"schema":{"@context":"https:\/\/schema.org","@graph":[{"@type":"Article","@id":"https:\/\/centrourbano.com\/revista\/saladeprensa\/dan-certeza-juridica-sobre-su-tierra-a-mujeres-agrarias\/#article","isPartOf":{"@id":"https:\/\/centrourbano.com\/revista\/saladeprensa\/dan-certeza-juridica-sobre-su-tierra-a-mujeres-agrarias\/"},"author":{"name":"Redacci\u00f3n Centro Urbano","@id":"https:\/\/centrourbano.com\/revista\/#\/schema\/person\/680e7c50f9d6e917e416c9efdc26f996"},"headline":"Dan certeza jur\u00eddica sobre su tierra a mujeres agrarias","datePublished":"2015-02-04T16:57:43+00:00","mainEntityOfPage":{"@id":"https:\/\/centrourbano.com\/revista\/saladeprensa\/dan-certeza-juridica-sobre-su-tierra-a-mujeres-agrarias\/"},"wordCount":375,"commentCount":0,"publisher":{"@id":"https:\/\/centrourbano.com\/revista\/#organization"},"keywords":["agrario","Sedatu","tierras"],"articleSection":["Sala de Prensa"],"inLanguage":"es","potentialAction":[{"@type":"CommentAction","name":"Comment","target":["https:\/\/centrourbano.com\/revista\/saladeprensa\/dan-certeza-juridica-sobre-su-tierra-a-mujeres-agrarias\/#respond"]}]},{"@type":"WebPage","@id":"https:\/\/centrourbano.com\/revista\/saladeprensa\/dan-certeza-juridica-sobre-su-tierra-a-mujeres-agrarias\/","url":"https:\/\/centrourbano.com\/revista\/saladeprensa\/dan-certeza-juridica-sobre-su-tierra-a-mujeres-agrarias\/","name":"Dan certeza jur\u00eddica sobre su tierra a mujeres agrarias -","isPartOf":{"@id":"https:\/\/centrourbano.com\/revista\/#website"},"datePublished":"2015-02-04T16:57:43+00:00","description":"&nbsp; Eloxochitl\u00e1n, Pue.-\u00a0En un evento sin precedentes, con el que se da certeza jur\u00eddica sobre la tenencia de la tierra a miles de mujeres agrarias, la","breadcrumb":{"@id":"https:\/\/centrourbano.com\/revista\/saladeprensa\/dan-certeza-juridica-sobre-su-tierra-a-mujeres-agrarias\/#breadcrumb"},"inLanguage":"es","potentialAction":[{"@type":"ReadAction","target":["https:\/\/centrourbano.com\/revista\/saladeprensa\/dan-certeza-juridica-sobre-su-tierra-a-mujeres-agrarias\/"]}]},{"@type":"BreadcrumbList","@id":"https:\/\/centrourbano.com\/revista\/saladeprensa\/dan-certeza-juridica-sobre-su-tierra-a-mujeres-agrarias\/#breadcrumb","itemListElement":[{"@type":"ListItem","position":1,"name":"Portada","item":"https:\/\/centrourbano.com\/revista\/"},{"@type":"ListItem","position":2,"name":"Dan certeza jur\u00eddica sobre su tierra a mujeres agrarias"}]},{"@type":"WebSite","@id":"https:\/\/centrourbano.com\/revista\/#website","url":"https:\/\/centrourbano.com\/revista\/","name":"Centro Urbano","description":"Medio especializado en los sectores vivienda, inmobiliario, construcci\u00f3n, arquitectura y urbanismo.","publisher":{"@id":"https:\/\/centrourbano.com\/revista\/#organization"},"potentialAction":[{"@type":"SearchAction","target":{"@type":"EntryPoint","urlTemplate":"https:\/\/centrourbano.com\/revista\/?s={search_term_string}"},"query-input":{"@type":"PropertyValueSpecification","valueRequired":true,"valueName":"search_term_string"}}],"inLanguage":"es"},{"@type":"Organization","@id":"https:\/\/centrourbano.com\/revista\/#organization","name":"Centro Urbano","url":"https:\/\/centrourbano.com\/revista\/","logo":{"@type":"ImageObject","inLanguage":"es","@id":"https:\/\/centrourbano.com\/revista\/#\/schema\/logo\/image\/","url":"https:\/\/centrourbano.com\/revista\/wp-content\/uploads\/web_CU_logo-1.png","contentUrl":"https:\/\/centrourbano.com\/revista\/wp-content\/uploads\/web_CU_logo-1.png","width":350,"height":91,"caption":"Centro Urbano"},"image":{"@id":"https:\/\/centrourbano.com\/revista\/#\/schema\/logo\/image\/"},"sameAs":["https:\/\/www.facebook.com\/portalcentrourbano","https:\/\/x.com\/CentroUrbano","https:\/\/www.instagram.com\/centro_urbano\/","https:\/\/www.linkedin.com\/company\/centro-urbano\/","http:\/\/www.youtube.com\/user\/portalcentrourbano"]},{"@type":"Person","@id":"https:\/\/centrourbano.com\/revista\/#\/schema\/person\/680e7c50f9d6e917e416c9efdc26f996","name":"Redacci\u00f3n Centro Urbano","image":{"@type":"ImageObject","inLanguage":"es","@id":"https:\/\/secure.gravatar.com\/avatar\/15a789f894398c0f311f3a7a2ee28032bbc0483098539da66b6a045aa810bf35?s=96&d=mm&r=g","url":"https:\/\/secure.gravatar.com\/avatar\/15a789f894398c0f311f3a7a2ee28032bbc0483098539da66b6a045aa810bf35?s=96&d=mm&r=g","contentUrl":"https:\/\/secure.gravatar.com\/avatar\/15a789f894398c0f311f3a7a2ee28032bbc0483098539da66b6a045aa810bf35?s=96&d=mm&r=g","caption":"Redacci\u00f3n Centro Urbano"},"url":"https:\/\/centrourbano.com\/revista\/author\/editorial\/"}]}},"_links":{"self":[{"href":"https:\/\/centrourbano.com\/revista\/wp-json\/wp\/v2\/posts\/14953","targetHints":{"allow":["GET"]}}],"collection":[{"href":"https:\/\/centrourbano.com\/revista\/wp-json\/wp\/v2\/posts"}],"about":[{"href":"https:\/\/centrourbano.com\/revista\/wp-json\/wp\/v2\/types\/post"}],"author":[{"embeddable":true,"href":"https:\/\/centrourbano.com\/revista\/wp-json\/wp\/v2\/users\/14"}],"replies":[{"embeddable":true,"href":"https:\/\/centrourbano.com\/revista\/wp-json\/wp\/v2\/comments?post=14953"}],"version-history":[{"count":0,"href":"https:\/\/centrourbano.com\/revista\/wp-json\/wp\/v2\/posts\/14953\/revisions"}],"wp:attachment":[{"href":"https:\/\/centrourbano.com\/revista\/wp-json\/wp\/v2\/media?parent=14953"}],"wp:term":[{"taxonomy":"category","embeddable":true,"href":"https:\/\/centrourbano.com\/revista\/wp-json\/wp\/v2\/categories?post=14953"},{"taxonomy":"post_tag","embeddable":true,"href":"https:\/\/centrourbano.com\/revista\/wp-json\/wp\/v2\/tags?post=14953"}],"curies":[{"name":"wp","href":"https:\/\/api.w.org\/{rel}","templated":true}]}}