{"id":149455,"date":"2024-07-18T12:12:58","date_gmt":"2024-07-18T18:12:58","guid":{"rendered":"https:\/\/centrourbano.com\/revista\/?p=149455"},"modified":"2024-07-18T12:12:58","modified_gmt":"2024-07-18T18:12:58","slug":"sheinbaum-proximos-secretarios","status":"publish","type":"post","link":"https:\/\/centrourbano.com\/revista\/elecciones-2024\/sheinbaum-proximos-secretarios\/","title":{"rendered":"Sheinbaum presenta a los pr\u00f3ximos secretarios de Cultura, Turismo y Trabajo"},"content":{"rendered":"<p><em>Sheinbaum indic\u00f3 que en los pr\u00f3ximos d\u00edas <strong>continuar\u00e1 haciendo anuncios sobre el gabinete ampliado<\/strong> y de \u201ctareas fundamentales\u201d<\/em><!--more--><\/p>\n<p>Claudia Sheinbaum Pardo, presidenta electa, present\u00f3 a <strong>tres nuevos integrantes de su\u00a0<a href=\"https:\/\/centrourbano.com\/revista\/elecciones-2024\/sheinbaum-integrantes-gabinete\/\" target=\"_blank\" rel=\"noopener\">gabinete<\/a><\/strong>. Durante el anuncio, la futura mandataria federal resalt\u00f3 que los pr\u00f3ximos funcionarios federales son <strong>\u201cj\u00f3venes brillantes y creativos\u201d<\/strong>, quienes ya han desempe\u00f1ado cargos relacionados con su designaci\u00f3n.<\/p>\n<p>Los secretarios son:<\/p>\n<p><strong>Claudia Curiel de Icaza, secretaria de Cultura<\/strong>, quien desde 2022 cont\u00f3 con el mismo cargo en el Gobierno de la Ciudad de M\u00e9xico. En ese sentido, Sheinbaum se\u00f1al\u00f3 que, desde la <a href=\"https:\/\/www.cultura.cdmx.gob.mx\/\" target=\"_blank\" rel=\"noopener\">CDMX<\/a>, la funcionaria ha trabajado en <strong>acciones de cultura comunitaria, cultura popular y alternativa<\/strong>, entre otras.<\/p>\n<p><strong>Josefina Rodr\u00edguez Zamora, secretaria de Turismo<\/strong>, funcionaria que cumple con el mismo cargo en el <strong>Gobierno de Tlaxcala<\/strong>. Claudia Sheinbaum resalt\u00f3 que Rodr\u00edguez ha creado diversas iniciativas para el impulso del turismo en el estado.<\/p>\n<p>Finalmente, <strong>Marath Baruch Bola\u00f1os L\u00f3pez<\/strong> continuar\u00e1 su trabajo <strong>como secretario de Trabajo<\/strong> y Previsi\u00f3n Social, ya que desde 2023 ha asumido este cargo en la administraci\u00f3n de L\u00f3pez Obrador.<\/p>\n<p>Durante su participaci\u00f3n en el anuncio, Curiel de Icaza se mostr\u00f3 entusiasmada por pertenecer al gabinete de la primera presidenta de M\u00e9xico, <strong>administraci\u00f3n que podr\u00eda marcar un cambio en el pa\u00eds<\/strong>.<\/p>\n<blockquote><p>\u201cSer parte de este movimiento que invierte el orden de las cosas, que pone a la gente primero que, a los intereses particulares, no solo me llena de orgullo, sino que comprueba que los cambios a trav\u00e9s de la voluntad popular son hoy posibles y necesarios\u201d, coment\u00f3.<\/p><\/blockquote>\n<p>Por su parte, Rodr\u00edguez Zamora resalt\u00f3 que pondr\u00e1 todo su compromiso y creatividad para crear <strong>pol\u00edticas e iniciativas que fomenten el desarrollo del turismo<\/strong> en el pa\u00eds.<\/p>\n<blockquote><p>\u201cContinuaremos con el desarrollo regional de nuestros destinos, a partir de las obras de infraestructura de turismo de alto impacto (\u2026) marcaremos la nueva era del turismo, donde M\u00e9xico se posicionar\u00e1 de manera competitiva a trav\u00e9s de herramientas innovadoras de promoci\u00f3n. Impulsaremos pol\u00edticas que propicien el desarrollo sostenible y sustentable en cada uno de nuestros destinos\u201d, afirm\u00f3.<\/p><\/blockquote>\n<p>Finalmente, Sheinbaum indic\u00f3 que en los pr\u00f3ximos d\u00edas <strong>continuar\u00e1 haciendo anuncios sobre el gabinete ampliado<\/strong> y de \u201ctareas fundamentales\u201d.<\/p>\n","protected":false},"excerpt":{"rendered":"<p>Sheinbaum indic\u00f3 que en los pr\u00f3ximos d\u00edas continuar\u00e1 haciendo anuncios sobre el gabinete ampliado y de \u201ctareas fundamentales\u201d<\/p>\n","protected":false},"author":88,"featured_media":149456,"comment_status":"open","ping_status":"closed","sticky":false,"template":"","format":"standard","meta":{"om_disable_all_campaigns":false,"inline_featured_image":false,"_monsterinsights_skip_tracking":false,"_monsterinsights_sitenote_active":false,"_monsterinsights_sitenote_note":"","_monsterinsights_sitenote_category":0,"footnotes":""},"categories":[24225],"tags":[9807,24385,24457],"class_list":["post-149455","post","type-post","status-publish","format-standard","has-post-thumbnail","hentry","category-elecciones-2024","tag-claudia-sheinbaum-pardo","tag-gabinete-presidencial","tag-gabinete-presidencial-2024-2030"],"yoast_head":"<!-- This site is optimized with the Yoast SEO plugin v27.4 - https:\/\/yoast.com\/product\/yoast-seo-wordpress\/ -->\n<title>Sheinbaum presenta a los pr\u00f3ximos secretarios de Cultura, Turismo y Trabajo<\/title>\n<meta name=\"description\" content=\"Sheinbaum resalt\u00f3 que los pr\u00f3ximos secretarios son \u201cj\u00f3venes brillantes\u201d, quienes ya han contado con cargos relacionados con su designaci\u00f3n.\" \/>\n<meta name=\"robots\" content=\"index, follow, max-snippet:-1, max-image-preview:large, max-video-preview:-1\" \/>\n<link rel=\"canonical\" href=\"https:\/\/centrourbano.com\/revista\/elecciones-2024\/sheinbaum-proximos-secretarios\/\" \/>\n<meta property=\"og:locale\" content=\"es_ES\" \/>\n<meta property=\"og:type\" content=\"article\" \/>\n<meta property=\"og:title\" content=\"Sheinbaum presenta a los pr\u00f3ximos secretarios de Cultura, Turismo y Trabajo\" \/>\n<meta property=\"og:description\" content=\"Sheinbaum resalt\u00f3 que los pr\u00f3ximos secretarios son \u201cj\u00f3venes brillantes\u201d, quienes ya han contado con cargos relacionados con su designaci\u00f3n.\" \/>\n<meta property=\"og:url\" content=\"https:\/\/centrourbano.com\/revista\/elecciones-2024\/sheinbaum-proximos-secretarios\/\" \/>\n<meta property=\"og:site_name\" content=\"Centro Urbano\" \/>\n<meta property=\"article:publisher\" content=\"https:\/\/www.facebook.com\/portalcentrourbano\" \/>\n<meta property=\"article:published_time\" content=\"2024-07-18T18:12:58+00:00\" \/>\n<meta property=\"og:image\" content=\"https:\/\/centrourbano.com\/revista\/wp-content\/uploads\/gabinete-3.jpg\" \/>\n\t<meta property=\"og:image:width\" content=\"800\" \/>\n\t<meta property=\"og:image:height\" content=\"800\" \/>\n\t<meta property=\"og:image:type\" content=\"image\/jpeg\" \/>\n<meta name=\"author\" content=\"Rebeca Romero\" \/>\n<meta name=\"twitter:card\" content=\"summary_large_image\" \/>\n<meta name=\"twitter:creator\" content=\"@CentroUrbano\" \/>\n<meta name=\"twitter:site\" content=\"@CentroUrbano\" \/>\n<meta name=\"twitter:label1\" content=\"Escrito por\" \/>\n\t<meta name=\"twitter:data1\" content=\"Rebeca Romero\" \/>\n\t<meta name=\"twitter:label2\" content=\"Tiempo de lectura\" \/>\n\t<meta name=\"twitter:data2\" content=\"2 minutos\" \/>\n<script type=\"application\/ld+json\" class=\"yoast-schema-graph\">{\"@context\":\"https:\\\/\\\/schema.org\",\"@graph\":[{\"@type\":\"Article\",\"@id\":\"https:\\\/\\\/centrourbano.com\\\/revista\\\/elecciones-2024\\\/sheinbaum-proximos-secretarios\\\/#article\",\"isPartOf\":{\"@id\":\"https:\\\/\\\/centrourbano.com\\\/revista\\\/elecciones-2024\\\/sheinbaum-proximos-secretarios\\\/\"},\"author\":{\"name\":\"Rebeca Romero\",\"@id\":\"https:\\\/\\\/centrourbano.com\\\/revista\\\/#\\\/schema\\\/person\\\/c665f1c60da3ad48cd761a707b7090b0\"},\"headline\":\"Sheinbaum presenta a los pr\u00f3ximos secretarios de Cultura, Turismo y Trabajo\",\"datePublished\":\"2024-07-18T18:12:58+00:00\",\"mainEntityOfPage\":{\"@id\":\"https:\\\/\\\/centrourbano.com\\\/revista\\\/elecciones-2024\\\/sheinbaum-proximos-secretarios\\\/\"},\"wordCount\":392,\"commentCount\":0,\"publisher\":{\"@id\":\"https:\\\/\\\/centrourbano.com\\\/revista\\\/#organization\"},\"image\":{\"@id\":\"https:\\\/\\\/centrourbano.com\\\/revista\\\/elecciones-2024\\\/sheinbaum-proximos-secretarios\\\/#primaryimage\"},\"thumbnailUrl\":\"https:\\\/\\\/centrourbano.com\\\/revista\\\/wp-content\\\/uploads\\\/gabinete-3.jpg\",\"keywords\":[\"Claudia Sheinbaum Pardo\",\"Gabinete Presidencial\",\"Gabinete Presidencial 2024-2030\"],\"articleSection\":[\"Elecciones 2024\"],\"inLanguage\":\"es\",\"potentialAction\":[{\"@type\":\"CommentAction\",\"name\":\"Comment\",\"target\":[\"https:\\\/\\\/centrourbano.com\\\/revista\\\/elecciones-2024\\\/sheinbaum-proximos-secretarios\\\/#respond\"]}]},{\"@type\":\"WebPage\",\"@id\":\"https:\\\/\\\/centrourbano.com\\\/revista\\\/elecciones-2024\\\/sheinbaum-proximos-secretarios\\\/\",\"url\":\"https:\\\/\\\/centrourbano.com\\\/revista\\\/elecciones-2024\\\/sheinbaum-proximos-secretarios\\\/\",\"name\":\"Sheinbaum presenta a los pr\u00f3ximos secretarios de Cultura, Turismo y Trabajo\",\"isPartOf\":{\"@id\":\"https:\\\/\\\/centrourbano.com\\\/revista\\\/#website\"},\"primaryImageOfPage\":{\"@id\":\"https:\\\/\\\/centrourbano.com\\\/revista\\\/elecciones-2024\\\/sheinbaum-proximos-secretarios\\\/#primaryimage\"},\"image\":{\"@id\":\"https:\\\/\\\/centrourbano.com\\\/revista\\\/elecciones-2024\\\/sheinbaum-proximos-secretarios\\\/#primaryimage\"},\"thumbnailUrl\":\"https:\\\/\\\/centrourbano.com\\\/revista\\\/wp-content\\\/uploads\\\/gabinete-3.jpg\",\"datePublished\":\"2024-07-18T18:12:58+00:00\",\"description\":\"Sheinbaum resalt\u00f3 que los pr\u00f3ximos secretarios son \u201cj\u00f3venes brillantes\u201d, quienes ya han contado con cargos relacionados con su designaci\u00f3n.\",\"breadcrumb\":{\"@id\":\"https:\\\/\\\/centrourbano.com\\\/revista\\\/elecciones-2024\\\/sheinbaum-proximos-secretarios\\\/#breadcrumb\"},\"inLanguage\":\"es\",\"potentialAction\":[{\"@type\":\"ReadAction\",\"target\":[\"https:\\\/\\\/centrourbano.com\\\/revista\\\/elecciones-2024\\\/sheinbaum-proximos-secretarios\\\/\"]}]},{\"@type\":\"ImageObject\",\"inLanguage\":\"es\",\"@id\":\"https:\\\/\\\/centrourbano.com\\\/revista\\\/elecciones-2024\\\/sheinbaum-proximos-secretarios\\\/#primaryimage\",\"url\":\"https:\\\/\\\/centrourbano.com\\\/revista\\\/wp-content\\\/uploads\\\/gabinete-3.jpg\",\"contentUrl\":\"https:\\\/\\\/centrourbano.com\\\/revista\\\/wp-content\\\/uploads\\\/gabinete-3.jpg\",\"width\":800,\"height\":800,\"caption\":\"Sheinbaum presenta a los pr\u00f3ximos secretarios de Cultura, Turismo y Trabajo\"},{\"@type\":\"BreadcrumbList\",\"@id\":\"https:\\\/\\\/centrourbano.com\\\/revista\\\/elecciones-2024\\\/sheinbaum-proximos-secretarios\\\/#breadcrumb\",\"itemListElement\":[{\"@type\":\"ListItem\",\"position\":1,\"name\":\"Portada\",\"item\":\"https:\\\/\\\/centrourbano.com\\\/revista\\\/\"},{\"@type\":\"ListItem\",\"position\":2,\"name\":\"Sheinbaum presenta a los pr\u00f3ximos secretarios de Cultura, Turismo y Trabajo\"}]},{\"@type\":\"WebSite\",\"@id\":\"https:\\\/\\\/centrourbano.com\\\/revista\\\/#website\",\"url\":\"https:\\\/\\\/centrourbano.com\\\/revista\\\/\",\"name\":\"Centro Urbano\",\"description\":\"Medio especializado en los sectores vivienda, inmobiliario, construcci\u00f3n, arquitectura y urbanismo.\",\"publisher\":{\"@id\":\"https:\\\/\\\/centrourbano.com\\\/revista\\\/#organization\"},\"potentialAction\":[{\"@type\":\"SearchAction\",\"target\":{\"@type\":\"EntryPoint\",\"urlTemplate\":\"https:\\\/\\\/centrourbano.com\\\/revista\\\/?s={search_term_string}\"},\"query-input\":{\"@type\":\"PropertyValueSpecification\",\"valueRequired\":true,\"valueName\":\"search_term_string\"}}],\"inLanguage\":\"es\"},{\"@type\":\"Organization\",\"@id\":\"https:\\\/\\\/centrourbano.com\\\/revista\\\/#organization\",\"name\":\"Centro Urbano\",\"url\":\"https:\\\/\\\/centrourbano.com\\\/revista\\\/\",\"logo\":{\"@type\":\"ImageObject\",\"inLanguage\":\"es\",\"@id\":\"https:\\\/\\\/centrourbano.com\\\/revista\\\/#\\\/schema\\\/logo\\\/image\\\/\",\"url\":\"https:\\\/\\\/centrourbano.com\\\/revista\\\/wp-content\\\/uploads\\\/web_CU_logo-1.png\",\"contentUrl\":\"https:\\\/\\\/centrourbano.com\\\/revista\\\/wp-content\\\/uploads\\\/web_CU_logo-1.png\",\"width\":350,\"height\":91,\"caption\":\"Centro Urbano\"},\"image\":{\"@id\":\"https:\\\/\\\/centrourbano.com\\\/revista\\\/#\\\/schema\\\/logo\\\/image\\\/\"},\"sameAs\":[\"https:\\\/\\\/www.facebook.com\\\/portalcentrourbano\",\"https:\\\/\\\/x.com\\\/CentroUrbano\",\"https:\\\/\\\/www.instagram.com\\\/centro_urbano\\\/\",\"https:\\\/\\\/www.linkedin.com\\\/company\\\/centro-urbano\\\/\",\"http:\\\/\\\/www.youtube.com\\\/user\\\/portalcentrourbano\"]},{\"@type\":\"Person\",\"@id\":\"https:\\\/\\\/centrourbano.com\\\/revista\\\/#\\\/schema\\\/person\\\/c665f1c60da3ad48cd761a707b7090b0\",\"name\":\"Rebeca Romero\",\"image\":{\"@type\":\"ImageObject\",\"inLanguage\":\"es\",\"@id\":\"https:\\\/\\\/secure.gravatar.com\\\/avatar\\\/aee0068ae3cc041082e0e84a8258fe5ccc00a733f187bde73b0b40d86b892826?s=96&d=mm&r=g\",\"url\":\"https:\\\/\\\/secure.gravatar.com\\\/avatar\\\/aee0068ae3cc041082e0e84a8258fe5ccc00a733f187bde73b0b40d86b892826?s=96&d=mm&r=g\",\"contentUrl\":\"https:\\\/\\\/secure.gravatar.com\\\/avatar\\\/aee0068ae3cc041082e0e84a8258fe5ccc00a733f187bde73b0b40d86b892826?s=96&d=mm&r=g\",\"caption\":\"Rebeca Romero\"},\"url\":\"https:\\\/\\\/centrourbano.com\\\/revista\\\/author\\\/rebeca-romero\\\/\"}]}<\/script>\n<!-- \/ Yoast SEO plugin. -->","yoast_head_json":{"title":"Sheinbaum presenta a los pr\u00f3ximos secretarios de Cultura, Turismo y Trabajo","description":"Sheinbaum resalt\u00f3 que los pr\u00f3ximos secretarios son \u201cj\u00f3venes brillantes\u201d, quienes ya han contado con cargos relacionados con su designaci\u00f3n.","robots":{"index":"index","follow":"follow","max-snippet":"max-snippet:-1","max-image-preview":"max-image-preview:large","max-video-preview":"max-video-preview:-1"},"canonical":"https:\/\/centrourbano.com\/revista\/elecciones-2024\/sheinbaum-proximos-secretarios\/","og_locale":"es_ES","og_type":"article","og_title":"Sheinbaum presenta a los pr\u00f3ximos secretarios de Cultura, Turismo y Trabajo","og_description":"Sheinbaum resalt\u00f3 que los pr\u00f3ximos secretarios son \u201cj\u00f3venes brillantes\u201d, quienes ya han contado con cargos relacionados con su designaci\u00f3n.","og_url":"https:\/\/centrourbano.com\/revista\/elecciones-2024\/sheinbaum-proximos-secretarios\/","og_site_name":"Centro Urbano","article_publisher":"https:\/\/www.facebook.com\/portalcentrourbano","article_published_time":"2024-07-18T18:12:58+00:00","og_image":[{"width":800,"height":800,"url":"https:\/\/centrourbano.com\/revista\/wp-content\/uploads\/gabinete-3.jpg","type":"image\/jpeg"}],"author":"Rebeca Romero","twitter_card":"summary_large_image","twitter_creator":"@CentroUrbano","twitter_site":"@CentroUrbano","twitter_misc":{"Escrito por":"Rebeca Romero","Tiempo de lectura":"2 minutos"},"schema":{"@context":"https:\/\/schema.org","@graph":[{"@type":"Article","@id":"https:\/\/centrourbano.com\/revista\/elecciones-2024\/sheinbaum-proximos-secretarios\/#article","isPartOf":{"@id":"https:\/\/centrourbano.com\/revista\/elecciones-2024\/sheinbaum-proximos-secretarios\/"},"author":{"name":"Rebeca Romero","@id":"https:\/\/centrourbano.com\/revista\/#\/schema\/person\/c665f1c60da3ad48cd761a707b7090b0"},"headline":"Sheinbaum presenta a los pr\u00f3ximos secretarios de Cultura, Turismo y Trabajo","datePublished":"2024-07-18T18:12:58+00:00","mainEntityOfPage":{"@id":"https:\/\/centrourbano.com\/revista\/elecciones-2024\/sheinbaum-proximos-secretarios\/"},"wordCount":392,"commentCount":0,"publisher":{"@id":"https:\/\/centrourbano.com\/revista\/#organization"},"image":{"@id":"https:\/\/centrourbano.com\/revista\/elecciones-2024\/sheinbaum-proximos-secretarios\/#primaryimage"},"thumbnailUrl":"https:\/\/centrourbano.com\/revista\/wp-content\/uploads\/gabinete-3.jpg","keywords":["Claudia Sheinbaum Pardo","Gabinete Presidencial","Gabinete Presidencial 2024-2030"],"articleSection":["Elecciones 2024"],"inLanguage":"es","potentialAction":[{"@type":"CommentAction","name":"Comment","target":["https:\/\/centrourbano.com\/revista\/elecciones-2024\/sheinbaum-proximos-secretarios\/#respond"]}]},{"@type":"WebPage","@id":"https:\/\/centrourbano.com\/revista\/elecciones-2024\/sheinbaum-proximos-secretarios\/","url":"https:\/\/centrourbano.com\/revista\/elecciones-2024\/sheinbaum-proximos-secretarios\/","name":"Sheinbaum presenta a los pr\u00f3ximos secretarios de Cultura, Turismo y Trabajo","isPartOf":{"@id":"https:\/\/centrourbano.com\/revista\/#website"},"primaryImageOfPage":{"@id":"https:\/\/centrourbano.com\/revista\/elecciones-2024\/sheinbaum-proximos-secretarios\/#primaryimage"},"image":{"@id":"https:\/\/centrourbano.com\/revista\/elecciones-2024\/sheinbaum-proximos-secretarios\/#primaryimage"},"thumbnailUrl":"https:\/\/centrourbano.com\/revista\/wp-content\/uploads\/gabinete-3.jpg","datePublished":"2024-07-18T18:12:58+00:00","description":"Sheinbaum resalt\u00f3 que los pr\u00f3ximos secretarios son \u201cj\u00f3venes brillantes\u201d, quienes ya han contado con cargos relacionados con su designaci\u00f3n.","breadcrumb":{"@id":"https:\/\/centrourbano.com\/revista\/elecciones-2024\/sheinbaum-proximos-secretarios\/#breadcrumb"},"inLanguage":"es","potentialAction":[{"@type":"ReadAction","target":["https:\/\/centrourbano.com\/revista\/elecciones-2024\/sheinbaum-proximos-secretarios\/"]}]},{"@type":"ImageObject","inLanguage":"es","@id":"https:\/\/centrourbano.com\/revista\/elecciones-2024\/sheinbaum-proximos-secretarios\/#primaryimage","url":"https:\/\/centrourbano.com\/revista\/wp-content\/uploads\/gabinete-3.jpg","contentUrl":"https:\/\/centrourbano.com\/revista\/wp-content\/uploads\/gabinete-3.jpg","width":800,"height":800,"caption":"Sheinbaum presenta a los pr\u00f3ximos secretarios de Cultura, Turismo y Trabajo"},{"@type":"BreadcrumbList","@id":"https:\/\/centrourbano.com\/revista\/elecciones-2024\/sheinbaum-proximos-secretarios\/#breadcrumb","itemListElement":[{"@type":"ListItem","position":1,"name":"Portada","item":"https:\/\/centrourbano.com\/revista\/"},{"@type":"ListItem","position":2,"name":"Sheinbaum presenta a los pr\u00f3ximos secretarios de Cultura, Turismo y Trabajo"}]},{"@type":"WebSite","@id":"https:\/\/centrourbano.com\/revista\/#website","url":"https:\/\/centrourbano.com\/revista\/","name":"Centro Urbano","description":"Medio especializado en los sectores vivienda, inmobiliario, construcci\u00f3n, arquitectura y urbanismo.","publisher":{"@id":"https:\/\/centrourbano.com\/revista\/#organization"},"potentialAction":[{"@type":"SearchAction","target":{"@type":"EntryPoint","urlTemplate":"https:\/\/centrourbano.com\/revista\/?s={search_term_string}"},"query-input":{"@type":"PropertyValueSpecification","valueRequired":true,"valueName":"search_term_string"}}],"inLanguage":"es"},{"@type":"Organization","@id":"https:\/\/centrourbano.com\/revista\/#organization","name":"Centro Urbano","url":"https:\/\/centrourbano.com\/revista\/","logo":{"@type":"ImageObject","inLanguage":"es","@id":"https:\/\/centrourbano.com\/revista\/#\/schema\/logo\/image\/","url":"https:\/\/centrourbano.com\/revista\/wp-content\/uploads\/web_CU_logo-1.png","contentUrl":"https:\/\/centrourbano.com\/revista\/wp-content\/uploads\/web_CU_logo-1.png","width":350,"height":91,"caption":"Centro Urbano"},"image":{"@id":"https:\/\/centrourbano.com\/revista\/#\/schema\/logo\/image\/"},"sameAs":["https:\/\/www.facebook.com\/portalcentrourbano","https:\/\/x.com\/CentroUrbano","https:\/\/www.instagram.com\/centro_urbano\/","https:\/\/www.linkedin.com\/company\/centro-urbano\/","http:\/\/www.youtube.com\/user\/portalcentrourbano"]},{"@type":"Person","@id":"https:\/\/centrourbano.com\/revista\/#\/schema\/person\/c665f1c60da3ad48cd761a707b7090b0","name":"Rebeca Romero","image":{"@type":"ImageObject","inLanguage":"es","@id":"https:\/\/secure.gravatar.com\/avatar\/aee0068ae3cc041082e0e84a8258fe5ccc00a733f187bde73b0b40d86b892826?s=96&d=mm&r=g","url":"https:\/\/secure.gravatar.com\/avatar\/aee0068ae3cc041082e0e84a8258fe5ccc00a733f187bde73b0b40d86b892826?s=96&d=mm&r=g","contentUrl":"https:\/\/secure.gravatar.com\/avatar\/aee0068ae3cc041082e0e84a8258fe5ccc00a733f187bde73b0b40d86b892826?s=96&d=mm&r=g","caption":"Rebeca Romero"},"url":"https:\/\/centrourbano.com\/revista\/author\/rebeca-romero\/"}]}},"_links":{"self":[{"href":"https:\/\/centrourbano.com\/revista\/wp-json\/wp\/v2\/posts\/149455","targetHints":{"allow":["GET"]}}],"collection":[{"href":"https:\/\/centrourbano.com\/revista\/wp-json\/wp\/v2\/posts"}],"about":[{"href":"https:\/\/centrourbano.com\/revista\/wp-json\/wp\/v2\/types\/post"}],"author":[{"embeddable":true,"href":"https:\/\/centrourbano.com\/revista\/wp-json\/wp\/v2\/users\/88"}],"replies":[{"embeddable":true,"href":"https:\/\/centrourbano.com\/revista\/wp-json\/wp\/v2\/comments?post=149455"}],"version-history":[{"count":1,"href":"https:\/\/centrourbano.com\/revista\/wp-json\/wp\/v2\/posts\/149455\/revisions"}],"predecessor-version":[{"id":149457,"href":"https:\/\/centrourbano.com\/revista\/wp-json\/wp\/v2\/posts\/149455\/revisions\/149457"}],"wp:featuredmedia":[{"embeddable":true,"href":"https:\/\/centrourbano.com\/revista\/wp-json\/wp\/v2\/media\/149456"}],"wp:attachment":[{"href":"https:\/\/centrourbano.com\/revista\/wp-json\/wp\/v2\/media?parent=149455"}],"wp:term":[{"taxonomy":"category","embeddable":true,"href":"https:\/\/centrourbano.com\/revista\/wp-json\/wp\/v2\/categories?post=149455"},{"taxonomy":"post_tag","embeddable":true,"href":"https:\/\/centrourbano.com\/revista\/wp-json\/wp\/v2\/tags?post=149455"}],"curies":[{"name":"wp","href":"https:\/\/api.w.org\/{rel}","templated":true}]}}