{"id":149379,"date":"2024-07-15T11:14:13","date_gmt":"2024-07-15T17:14:13","guid":{"rendered":"https:\/\/centrourbano.com\/revista\/?p=149379"},"modified":"2024-07-15T14:16:36","modified_gmt":"2024-07-15T20:16:36","slug":"de-angeles-y-demonios-en-el-sector-de-la-vivienda","status":"publish","type":"post","link":"https:\/\/centrourbano.com\/revista\/opinion\/de-angeles-y-demonios-en-el-sector-de-la-vivienda\/","title":{"rendered":"De \u00e1ngeles y demonios en el sector de la vivienda"},"content":{"rendered":"<p><em>Por Jorge A. Mc Loughlin*<\/em><!--more--><\/p>\n<p>A lo largo de este sexenio ha sido constante el debate en torno al problema del creciente rezago habitacional, explicado en parte por la constante formaci\u00f3n de hogares a\u00f1os tras a\u00f1o y la significativa ca\u00edda de la producci\u00f3n de vivienda de inter\u00e9s social.<\/p>\n<p>Esta brusca ca\u00edda, especialmente la registrada a partir del 2020, ha afectado principalmente a los sectores m\u00e1s vulnerables de la sociedad.\u00a0 Hoy pr\u00e1cticamente no existe oferta de vivienda nueva para quienes en el sexenio pasado \u2013 gracias a los subsidios federales &#8211; pod\u00edan todav\u00eda adquirir una vivienda Econ\u00f3mica.<\/p>\n<p>La discusi\u00f3n sobre cu\u00e1l puede ser la soluci\u00f3n a este problema, lamentablemente se ha politizado a un extremo tal en que pareciera que del lado del gobierno son todos \u00e1ngeles impolutos y del lado de la iniciativa privada, todos corruptos demonios, cuando bien sabemos que \u00e1ngeles y demonios se reparten a sus anchas en todas la actividades y estratos sociales.<\/p>\n<p>Considero destacable que \u2013 m\u00e1s all\u00e1 de coincidir o no con el \u201ccomo\u201d resolver el tema \u2013 la administraci\u00f3n entrante ha puesto la cuesti\u00f3n de la vivienda como uno de los ejes de su futuro plan de gobierno. Al mismo tiempo, un organismo de la relevancia de la CMIC, elabor\u00f3 una propuesta desde el sector privado, para constituir una FIBRA que ayude a resolver el problema de la demanda de la VIS.<\/p>\n<p>Lejos de m\u00ed est\u00e1 la capacidad de esbozar siquiera una soluci\u00f3n a este acuciante problema. A lo sumo lo que puedo afirmar sin temor a equivocarme, es que el sistema de subsidios que tuvo vigencia durante el sexenio anterior se prest\u00f3 a abusos que nunca debieron permitirse y que achacarle por parte del gobierno toda la responsabilidad a la iniciativa privada, es no querer ver la realidad de las cosas.<\/p>\n<p>A mi alcance s\u00f3lo est\u00e1 la posibilidad de compartir datos duros. Datos que surgen en este caso del Registro \u00danico de Vivienda y que con buen criterio la SEDATU a trav\u00e9s del SNIIV, ha puesto ahora al alcance de cualquier analista que tenga inter\u00e9s en los mismos <a href=\"#_ftn1\" name=\"_ftnref1\">[1]<\/a><\/p>\n<p>Mi modesto aporte se limita a presentar estos datos de una manera gr\u00e1fica e interactiva, para que todo aquel que acceda a estos tableros, pueda cruzar la informaci\u00f3n de la manera que considere m\u00e1s id\u00f3nea a fin de realizar su propio an\u00e1lisis y sacar as\u00ed sus conclusiones.<\/p>\n<p><a href=\"#_ftnref1\" name=\"_ftn1\">[1]<\/a> Agradezco a Claudio Pacheco por su publicaci\u00f3n en Linkedin donde a sus seguidores nos dio a conocer tempranamente esta posibilidad de acceso a los datos del RUV a trav\u00e9s del portal del SNIIV.<\/p>\n<p>Este tablero \u2013 al que podr\u00e1n acceder mediante el link adjunto <a href=\"#_ftn1\" name=\"_ftnref1\">[1]<\/a>\u2013 fue dise\u00f1ado a partir de la base de \u201cD\u00edas de Inventario\u201d y se divide en tres grandes secciones:<\/p>\n<ol style=\"list-style-type: lower-alpha;\">\n<li><strong>FECHAS<\/strong>: La primera est\u00e1 estructurada principalmente a partir de una selecci\u00f3n de fechas referidas al a\u00f1o de registro, de inicio de obra, de fin de obra y de venta. El periodo comprendido es el de las ventas realizadas entre el a\u00f1o 2015 hasta mayo del 2024<\/li>\n<li><strong>KPIS:<\/strong> La segunda a trav\u00e9s de los principales KPIs que permiten segmentar la informaci\u00f3n a partir de los PCU, de las Clases de Inmuebles, Rangos Salariales y existencia o no de subsidios.<\/li>\n<li><strong>SANKEY:<\/strong> Por \u00faltimo, podremos analizar los flujos de transacciones a trav\u00e9s de diferentes opciones de gr\u00e1ficas de SANKEY<a href=\"#_ftn2\" name=\"_ftnref2\">[2]<\/a>, combinando FECHAS o DIMENSIONES. Por ejemplo, podemos elegir una gr\u00e1fica de sankey que partiendo de una fecha de venta nos represente los flujos hacia los distintos organismos que financiaron esa compra.<\/li>\n<\/ol>\n<p>Esperando que esta informaci\u00f3n resulte \u00fatil para los lectores de Centro Urbano, quedo a disposici\u00f3n de los mismos para cualquier duda que pudieran tener al respecto.<\/p>\n<p><a href=\"#_ftnref1\" name=\"_ftn1\">[1]<\/a><a href=\"https:\/\/public.tableau.com\/views\/DiasInventario\/Fechas?:language=esES&amp;:sid=&amp;:redirect=auth&amp;:display_count=n&amp;:origin=vizsshare_link\"> https:\/\/public.tableau.com\/views\/DiasInventario\/Fechas?:language=esES&amp;:sid=&amp;:redirect=auth&amp;:display_count=n&amp;:origin=vizsshare_link<\/a><\/p>\n<p><a href=\"#_ftnref2\" name=\"_ftn2\">[2]<\/a> Los diagramas de Sankey muestran los flujos y sus cantidades en proporci\u00f3n entre s\u00ed. El ancho de las flechas o l\u00edneas se utiliza para mostrar sus magnitudes, por lo tanto cuanto mayor sea la flecha, mayor ser\u00e1 la cantidad de flujo. Las flechas o l\u00edneas de flujo pueden combinarse o dividirse a trav\u00e9s de sus trayectorias en cada etapa de un proceso. El color se puede utilizar para dividir el diagrama en diferentes categor\u00edas o para mostrar la transici\u00f3n de un estado del proceso a otro. (<strong>Datavizcalogue.com<\/strong>).<\/p>\n<p>&nbsp;<\/p>\n<p><!--more--><\/p>\n<p style=\"text-align: right;\"><strong>*Jorge A. Mc Loughlin<\/strong><br \/>\n<strong>Director General De Metric Analysis SA de CV.<\/strong><\/p>\n<p>&nbsp;<\/p>\n","protected":false},"excerpt":{"rendered":"<p>Por Jorge A. Mc Loughlin*<\/p>\n","protected":false},"author":79,"featured_media":149380,"comment_status":"open","ping_status":"closed","sticky":false,"template":"","format":"standard","meta":{"om_disable_all_campaigns":false,"inline_featured_image":false,"_monsterinsights_skip_tracking":false,"_monsterinsights_sitenote_active":false,"_monsterinsights_sitenote_note":"","_monsterinsights_sitenote_category":0,"footnotes":""},"categories":[242,5],"tags":[22585,163,16765],"class_list":["post-149379","post","type-post","status-publish","format-standard","has-post-thumbnail","hentry","category-blog-de-invitado","category-opinion","tag-en-la-opinion-de","tag-opinion","tag-sector-de-la-vivienda"],"yoast_head":"<!-- This site is optimized with the Yoast SEO plugin v27.5 - https:\/\/yoast.com\/product\/yoast-seo-wordpress\/ -->\n<title>De \u00e1ngeles y demonios en el sector de la vivienda -<\/title>\n<meta name=\"description\" content=\"Por Jorge A. Mc Loughlin* A lo largo de este sexenio ha sido constante el debate en torno al problema del creciente rezago habitacional, explicado en A lo largo de este sexenio ha sido constante el debate en torno al problema del creciente rezago habitacional, explicado en parte por la constante formaci\u00f3n de hogares a\u00f1os tras a\u00f1o y la significativa ca\u00edda de la producci\u00f3n de vivienda de inter\u00e9s social.\" \/>\n<meta name=\"robots\" content=\"index, follow, max-snippet:-1, max-image-preview:large, max-video-preview:-1\" \/>\n<link rel=\"canonical\" href=\"https:\/\/centrourbano.com\/revista\/opinion\/de-angeles-y-demonios-en-el-sector-de-la-vivienda\/\" \/>\n<meta property=\"og:locale\" content=\"es_ES\" \/>\n<meta property=\"og:type\" content=\"article\" \/>\n<meta property=\"og:title\" content=\"De \u00e1ngeles y demonios en el sector de la vivienda -\" \/>\n<meta property=\"og:description\" content=\"Por Jorge A. Mc Loughlin* A lo largo de este sexenio ha sido constante el debate en torno al problema del creciente rezago habitacional, explicado en A lo largo de este sexenio ha sido constante el debate en torno al problema del creciente rezago habitacional, explicado en parte por la constante formaci\u00f3n de hogares a\u00f1os tras a\u00f1o y la significativa ca\u00edda de la producci\u00f3n de vivienda de inter\u00e9s social.\" \/>\n<meta property=\"og:url\" content=\"https:\/\/centrourbano.com\/revista\/opinion\/de-angeles-y-demonios-en-el-sector-de-la-vivienda\/\" \/>\n<meta property=\"og:site_name\" content=\"Centro Urbano\" \/>\n<meta property=\"article:publisher\" content=\"https:\/\/www.facebook.com\/portalcentrourbano\" \/>\n<meta property=\"article:published_time\" content=\"2024-07-15T17:14:13+00:00\" \/>\n<meta property=\"article:modified_time\" content=\"2024-07-15T20:16:36+00:00\" \/>\n<meta property=\"og:image\" content=\"https:\/\/centrourbano.com\/revista\/wp-content\/uploads\/Diseno-sin-titulo-8-9.png\" \/>\n\t<meta property=\"og:image:width\" content=\"800\" \/>\n\t<meta property=\"og:image:height\" content=\"800\" \/>\n\t<meta property=\"og:image:type\" content=\"image\/png\" \/>\n<meta name=\"author\" content=\"Columnista invitado\" \/>\n<meta name=\"twitter:card\" content=\"summary_large_image\" \/>\n<meta name=\"twitter:creator\" content=\"@CentroUrbano\" \/>\n<meta name=\"twitter:site\" content=\"@CentroUrbano\" \/>\n<meta name=\"twitter:label1\" content=\"Escrito por\" \/>\n\t<meta name=\"twitter:data1\" content=\"Columnista invitado\" \/>\n\t<meta name=\"twitter:label2\" content=\"Tiempo de lectura\" \/>\n\t<meta name=\"twitter:data2\" content=\"4 minutos\" \/>\n<script type=\"application\/ld+json\" class=\"yoast-schema-graph\">{\"@context\":\"https:\\\/\\\/schema.org\",\"@graph\":[{\"@type\":\"Article\",\"@id\":\"https:\\\/\\\/centrourbano.com\\\/revista\\\/opinion\\\/de-angeles-y-demonios-en-el-sector-de-la-vivienda\\\/#article\",\"isPartOf\":{\"@id\":\"https:\\\/\\\/centrourbano.com\\\/revista\\\/opinion\\\/de-angeles-y-demonios-en-el-sector-de-la-vivienda\\\/\"},\"author\":{\"name\":\"Columnista invitado\",\"@id\":\"https:\\\/\\\/centrourbano.com\\\/revista\\\/#\\\/schema\\\/person\\\/e6418535cf1773eb361a8547aef500f5\"},\"headline\":\"De \u00e1ngeles y demonios en el sector de la vivienda\",\"datePublished\":\"2024-07-15T17:14:13+00:00\",\"dateModified\":\"2024-07-15T20:16:36+00:00\",\"mainEntityOfPage\":{\"@id\":\"https:\\\/\\\/centrourbano.com\\\/revista\\\/opinion\\\/de-angeles-y-demonios-en-el-sector-de-la-vivienda\\\/\"},\"wordCount\":782,\"commentCount\":0,\"publisher\":{\"@id\":\"https:\\\/\\\/centrourbano.com\\\/revista\\\/#organization\"},\"image\":{\"@id\":\"https:\\\/\\\/centrourbano.com\\\/revista\\\/opinion\\\/de-angeles-y-demonios-en-el-sector-de-la-vivienda\\\/#primaryimage\"},\"thumbnailUrl\":\"https:\\\/\\\/centrourbano.com\\\/revista\\\/wp-content\\\/uploads\\\/Diseno-sin-titulo-8-9.png\",\"keywords\":[\"En la opini\u00f3n de\",\"Opini\u00f3n\",\"Sector de la Vivienda\"],\"articleSection\":[\"En la opini\u00f3n de\",\"Opini\u00f3n\"],\"inLanguage\":\"es\",\"potentialAction\":[{\"@type\":\"CommentAction\",\"name\":\"Comment\",\"target\":[\"https:\\\/\\\/centrourbano.com\\\/revista\\\/opinion\\\/de-angeles-y-demonios-en-el-sector-de-la-vivienda\\\/#respond\"]}]},{\"@type\":\"WebPage\",\"@id\":\"https:\\\/\\\/centrourbano.com\\\/revista\\\/opinion\\\/de-angeles-y-demonios-en-el-sector-de-la-vivienda\\\/\",\"url\":\"https:\\\/\\\/centrourbano.com\\\/revista\\\/opinion\\\/de-angeles-y-demonios-en-el-sector-de-la-vivienda\\\/\",\"name\":\"De \u00e1ngeles y demonios en el sector de la vivienda -\",\"isPartOf\":{\"@id\":\"https:\\\/\\\/centrourbano.com\\\/revista\\\/#website\"},\"primaryImageOfPage\":{\"@id\":\"https:\\\/\\\/centrourbano.com\\\/revista\\\/opinion\\\/de-angeles-y-demonios-en-el-sector-de-la-vivienda\\\/#primaryimage\"},\"image\":{\"@id\":\"https:\\\/\\\/centrourbano.com\\\/revista\\\/opinion\\\/de-angeles-y-demonios-en-el-sector-de-la-vivienda\\\/#primaryimage\"},\"thumbnailUrl\":\"https:\\\/\\\/centrourbano.com\\\/revista\\\/wp-content\\\/uploads\\\/Diseno-sin-titulo-8-9.png\",\"datePublished\":\"2024-07-15T17:14:13+00:00\",\"dateModified\":\"2024-07-15T20:16:36+00:00\",\"description\":\"Por Jorge A. Mc Loughlin* A lo largo de este sexenio ha sido constante el debate en torno al problema del creciente rezago habitacional, explicado en A lo largo de este sexenio ha sido constante el debate en torno al problema del creciente rezago habitacional, explicado en parte por la constante formaci\u00f3n de hogares a\u00f1os tras a\u00f1o y la significativa ca\u00edda de la producci\u00f3n de vivienda de inter\u00e9s social.\",\"breadcrumb\":{\"@id\":\"https:\\\/\\\/centrourbano.com\\\/revista\\\/opinion\\\/de-angeles-y-demonios-en-el-sector-de-la-vivienda\\\/#breadcrumb\"},\"inLanguage\":\"es\",\"potentialAction\":[{\"@type\":\"ReadAction\",\"target\":[\"https:\\\/\\\/centrourbano.com\\\/revista\\\/opinion\\\/de-angeles-y-demonios-en-el-sector-de-la-vivienda\\\/\"]}]},{\"@type\":\"ImageObject\",\"inLanguage\":\"es\",\"@id\":\"https:\\\/\\\/centrourbano.com\\\/revista\\\/opinion\\\/de-angeles-y-demonios-en-el-sector-de-la-vivienda\\\/#primaryimage\",\"url\":\"https:\\\/\\\/centrourbano.com\\\/revista\\\/wp-content\\\/uploads\\\/Diseno-sin-titulo-8-9.png\",\"contentUrl\":\"https:\\\/\\\/centrourbano.com\\\/revista\\\/wp-content\\\/uploads\\\/Diseno-sin-titulo-8-9.png\",\"width\":800,\"height\":800,\"caption\":\"De \u00e1ngeles y demonios en el sector de la vivienda\"},{\"@type\":\"BreadcrumbList\",\"@id\":\"https:\\\/\\\/centrourbano.com\\\/revista\\\/opinion\\\/de-angeles-y-demonios-en-el-sector-de-la-vivienda\\\/#breadcrumb\",\"itemListElement\":[{\"@type\":\"ListItem\",\"position\":1,\"name\":\"Portada\",\"item\":\"https:\\\/\\\/centrourbano.com\\\/revista\\\/\"},{\"@type\":\"ListItem\",\"position\":2,\"name\":\"De \u00e1ngeles y demonios en el sector de la vivienda\"}]},{\"@type\":\"WebSite\",\"@id\":\"https:\\\/\\\/centrourbano.com\\\/revista\\\/#website\",\"url\":\"https:\\\/\\\/centrourbano.com\\\/revista\\\/\",\"name\":\"Centro Urbano\",\"description\":\"Medio especializado en los sectores vivienda, inmobiliario, construcci\u00f3n, arquitectura y urbanismo.\",\"publisher\":{\"@id\":\"https:\\\/\\\/centrourbano.com\\\/revista\\\/#organization\"},\"potentialAction\":[{\"@type\":\"SearchAction\",\"target\":{\"@type\":\"EntryPoint\",\"urlTemplate\":\"https:\\\/\\\/centrourbano.com\\\/revista\\\/?s={search_term_string}\"},\"query-input\":{\"@type\":\"PropertyValueSpecification\",\"valueRequired\":true,\"valueName\":\"search_term_string\"}}],\"inLanguage\":\"es\"},{\"@type\":\"Organization\",\"@id\":\"https:\\\/\\\/centrourbano.com\\\/revista\\\/#organization\",\"name\":\"Centro Urbano\",\"url\":\"https:\\\/\\\/centrourbano.com\\\/revista\\\/\",\"logo\":{\"@type\":\"ImageObject\",\"inLanguage\":\"es\",\"@id\":\"https:\\\/\\\/centrourbano.com\\\/revista\\\/#\\\/schema\\\/logo\\\/image\\\/\",\"url\":\"https:\\\/\\\/centrourbano.com\\\/revista\\\/wp-content\\\/uploads\\\/web_CU_logo-1.png\",\"contentUrl\":\"https:\\\/\\\/centrourbano.com\\\/revista\\\/wp-content\\\/uploads\\\/web_CU_logo-1.png\",\"width\":350,\"height\":91,\"caption\":\"Centro Urbano\"},\"image\":{\"@id\":\"https:\\\/\\\/centrourbano.com\\\/revista\\\/#\\\/schema\\\/logo\\\/image\\\/\"},\"sameAs\":[\"https:\\\/\\\/www.facebook.com\\\/portalcentrourbano\",\"https:\\\/\\\/x.com\\\/CentroUrbano\",\"https:\\\/\\\/www.instagram.com\\\/centro_urbano\\\/\",\"https:\\\/\\\/www.linkedin.com\\\/company\\\/centro-urbano\\\/\",\"http:\\\/\\\/www.youtube.com\\\/user\\\/portalcentrourbano\"]},{\"@type\":\"Person\",\"@id\":\"https:\\\/\\\/centrourbano.com\\\/revista\\\/#\\\/schema\\\/person\\\/e6418535cf1773eb361a8547aef500f5\",\"name\":\"Columnista invitado\",\"image\":{\"@type\":\"ImageObject\",\"inLanguage\":\"es\",\"@id\":\"https:\\\/\\\/secure.gravatar.com\\\/avatar\\\/28ad1e0627b854b5cf28ba6c846a14c308bb67d33df98f6677cc46fe92222ece?s=96&d=mm&r=g\",\"url\":\"https:\\\/\\\/secure.gravatar.com\\\/avatar\\\/28ad1e0627b854b5cf28ba6c846a14c308bb67d33df98f6677cc46fe92222ece?s=96&d=mm&r=g\",\"contentUrl\":\"https:\\\/\\\/secure.gravatar.com\\\/avatar\\\/28ad1e0627b854b5cf28ba6c846a14c308bb67d33df98f6677cc46fe92222ece?s=96&d=mm&r=g\",\"caption\":\"Columnista invitado\"},\"url\":\"https:\\\/\\\/centrourbano.com\\\/revista\\\/author\\\/columnista-invitado\\\/\"}]}<\/script>\n<!-- \/ Yoast SEO plugin. -->","yoast_head_json":{"title":"De \u00e1ngeles y demonios en el sector de la vivienda -","description":"Por Jorge A. Mc Loughlin* A lo largo de este sexenio ha sido constante el debate en torno al problema del creciente rezago habitacional, explicado en A lo largo de este sexenio ha sido constante el debate en torno al problema del creciente rezago habitacional, explicado en parte por la constante formaci\u00f3n de hogares a\u00f1os tras a\u00f1o y la significativa ca\u00edda de la producci\u00f3n de vivienda de inter\u00e9s social.","robots":{"index":"index","follow":"follow","max-snippet":"max-snippet:-1","max-image-preview":"max-image-preview:large","max-video-preview":"max-video-preview:-1"},"canonical":"https:\/\/centrourbano.com\/revista\/opinion\/de-angeles-y-demonios-en-el-sector-de-la-vivienda\/","og_locale":"es_ES","og_type":"article","og_title":"De \u00e1ngeles y demonios en el sector de la vivienda -","og_description":"Por Jorge A. Mc Loughlin* A lo largo de este sexenio ha sido constante el debate en torno al problema del creciente rezago habitacional, explicado en A lo largo de este sexenio ha sido constante el debate en torno al problema del creciente rezago habitacional, explicado en parte por la constante formaci\u00f3n de hogares a\u00f1os tras a\u00f1o y la significativa ca\u00edda de la producci\u00f3n de vivienda de inter\u00e9s social.","og_url":"https:\/\/centrourbano.com\/revista\/opinion\/de-angeles-y-demonios-en-el-sector-de-la-vivienda\/","og_site_name":"Centro Urbano","article_publisher":"https:\/\/www.facebook.com\/portalcentrourbano","article_published_time":"2024-07-15T17:14:13+00:00","article_modified_time":"2024-07-15T20:16:36+00:00","og_image":[{"width":800,"height":800,"url":"https:\/\/centrourbano.com\/revista\/wp-content\/uploads\/Diseno-sin-titulo-8-9.png","type":"image\/png"}],"author":"Columnista invitado","twitter_card":"summary_large_image","twitter_creator":"@CentroUrbano","twitter_site":"@CentroUrbano","twitter_misc":{"Escrito por":"Columnista invitado","Tiempo de lectura":"4 minutos"},"schema":{"@context":"https:\/\/schema.org","@graph":[{"@type":"Article","@id":"https:\/\/centrourbano.com\/revista\/opinion\/de-angeles-y-demonios-en-el-sector-de-la-vivienda\/#article","isPartOf":{"@id":"https:\/\/centrourbano.com\/revista\/opinion\/de-angeles-y-demonios-en-el-sector-de-la-vivienda\/"},"author":{"name":"Columnista invitado","@id":"https:\/\/centrourbano.com\/revista\/#\/schema\/person\/e6418535cf1773eb361a8547aef500f5"},"headline":"De \u00e1ngeles y demonios en el sector de la vivienda","datePublished":"2024-07-15T17:14:13+00:00","dateModified":"2024-07-15T20:16:36+00:00","mainEntityOfPage":{"@id":"https:\/\/centrourbano.com\/revista\/opinion\/de-angeles-y-demonios-en-el-sector-de-la-vivienda\/"},"wordCount":782,"commentCount":0,"publisher":{"@id":"https:\/\/centrourbano.com\/revista\/#organization"},"image":{"@id":"https:\/\/centrourbano.com\/revista\/opinion\/de-angeles-y-demonios-en-el-sector-de-la-vivienda\/#primaryimage"},"thumbnailUrl":"https:\/\/centrourbano.com\/revista\/wp-content\/uploads\/Diseno-sin-titulo-8-9.png","keywords":["En la opini\u00f3n de","Opini\u00f3n","Sector de la Vivienda"],"articleSection":["En la opini\u00f3n de","Opini\u00f3n"],"inLanguage":"es","potentialAction":[{"@type":"CommentAction","name":"Comment","target":["https:\/\/centrourbano.com\/revista\/opinion\/de-angeles-y-demonios-en-el-sector-de-la-vivienda\/#respond"]}]},{"@type":"WebPage","@id":"https:\/\/centrourbano.com\/revista\/opinion\/de-angeles-y-demonios-en-el-sector-de-la-vivienda\/","url":"https:\/\/centrourbano.com\/revista\/opinion\/de-angeles-y-demonios-en-el-sector-de-la-vivienda\/","name":"De \u00e1ngeles y demonios en el sector de la vivienda -","isPartOf":{"@id":"https:\/\/centrourbano.com\/revista\/#website"},"primaryImageOfPage":{"@id":"https:\/\/centrourbano.com\/revista\/opinion\/de-angeles-y-demonios-en-el-sector-de-la-vivienda\/#primaryimage"},"image":{"@id":"https:\/\/centrourbano.com\/revista\/opinion\/de-angeles-y-demonios-en-el-sector-de-la-vivienda\/#primaryimage"},"thumbnailUrl":"https:\/\/centrourbano.com\/revista\/wp-content\/uploads\/Diseno-sin-titulo-8-9.png","datePublished":"2024-07-15T17:14:13+00:00","dateModified":"2024-07-15T20:16:36+00:00","description":"Por Jorge A. Mc Loughlin* A lo largo de este sexenio ha sido constante el debate en torno al problema del creciente rezago habitacional, explicado en A lo largo de este sexenio ha sido constante el debate en torno al problema del creciente rezago habitacional, explicado en parte por la constante formaci\u00f3n de hogares a\u00f1os tras a\u00f1o y la significativa ca\u00edda de la producci\u00f3n de vivienda de inter\u00e9s social.","breadcrumb":{"@id":"https:\/\/centrourbano.com\/revista\/opinion\/de-angeles-y-demonios-en-el-sector-de-la-vivienda\/#breadcrumb"},"inLanguage":"es","potentialAction":[{"@type":"ReadAction","target":["https:\/\/centrourbano.com\/revista\/opinion\/de-angeles-y-demonios-en-el-sector-de-la-vivienda\/"]}]},{"@type":"ImageObject","inLanguage":"es","@id":"https:\/\/centrourbano.com\/revista\/opinion\/de-angeles-y-demonios-en-el-sector-de-la-vivienda\/#primaryimage","url":"https:\/\/centrourbano.com\/revista\/wp-content\/uploads\/Diseno-sin-titulo-8-9.png","contentUrl":"https:\/\/centrourbano.com\/revista\/wp-content\/uploads\/Diseno-sin-titulo-8-9.png","width":800,"height":800,"caption":"De \u00e1ngeles y demonios en el sector de la vivienda"},{"@type":"BreadcrumbList","@id":"https:\/\/centrourbano.com\/revista\/opinion\/de-angeles-y-demonios-en-el-sector-de-la-vivienda\/#breadcrumb","itemListElement":[{"@type":"ListItem","position":1,"name":"Portada","item":"https:\/\/centrourbano.com\/revista\/"},{"@type":"ListItem","position":2,"name":"De \u00e1ngeles y demonios en el sector de la vivienda"}]},{"@type":"WebSite","@id":"https:\/\/centrourbano.com\/revista\/#website","url":"https:\/\/centrourbano.com\/revista\/","name":"Centro Urbano","description":"Medio especializado en los sectores vivienda, inmobiliario, construcci\u00f3n, arquitectura y urbanismo.","publisher":{"@id":"https:\/\/centrourbano.com\/revista\/#organization"},"potentialAction":[{"@type":"SearchAction","target":{"@type":"EntryPoint","urlTemplate":"https:\/\/centrourbano.com\/revista\/?s={search_term_string}"},"query-input":{"@type":"PropertyValueSpecification","valueRequired":true,"valueName":"search_term_string"}}],"inLanguage":"es"},{"@type":"Organization","@id":"https:\/\/centrourbano.com\/revista\/#organization","name":"Centro Urbano","url":"https:\/\/centrourbano.com\/revista\/","logo":{"@type":"ImageObject","inLanguage":"es","@id":"https:\/\/centrourbano.com\/revista\/#\/schema\/logo\/image\/","url":"https:\/\/centrourbano.com\/revista\/wp-content\/uploads\/web_CU_logo-1.png","contentUrl":"https:\/\/centrourbano.com\/revista\/wp-content\/uploads\/web_CU_logo-1.png","width":350,"height":91,"caption":"Centro Urbano"},"image":{"@id":"https:\/\/centrourbano.com\/revista\/#\/schema\/logo\/image\/"},"sameAs":["https:\/\/www.facebook.com\/portalcentrourbano","https:\/\/x.com\/CentroUrbano","https:\/\/www.instagram.com\/centro_urbano\/","https:\/\/www.linkedin.com\/company\/centro-urbano\/","http:\/\/www.youtube.com\/user\/portalcentrourbano"]},{"@type":"Person","@id":"https:\/\/centrourbano.com\/revista\/#\/schema\/person\/e6418535cf1773eb361a8547aef500f5","name":"Columnista invitado","image":{"@type":"ImageObject","inLanguage":"es","@id":"https:\/\/secure.gravatar.com\/avatar\/28ad1e0627b854b5cf28ba6c846a14c308bb67d33df98f6677cc46fe92222ece?s=96&d=mm&r=g","url":"https:\/\/secure.gravatar.com\/avatar\/28ad1e0627b854b5cf28ba6c846a14c308bb67d33df98f6677cc46fe92222ece?s=96&d=mm&r=g","contentUrl":"https:\/\/secure.gravatar.com\/avatar\/28ad1e0627b854b5cf28ba6c846a14c308bb67d33df98f6677cc46fe92222ece?s=96&d=mm&r=g","caption":"Columnista invitado"},"url":"https:\/\/centrourbano.com\/revista\/author\/columnista-invitado\/"}]}},"_links":{"self":[{"href":"https:\/\/centrourbano.com\/revista\/wp-json\/wp\/v2\/posts\/149379","targetHints":{"allow":["GET"]}}],"collection":[{"href":"https:\/\/centrourbano.com\/revista\/wp-json\/wp\/v2\/posts"}],"about":[{"href":"https:\/\/centrourbano.com\/revista\/wp-json\/wp\/v2\/types\/post"}],"author":[{"embeddable":true,"href":"https:\/\/centrourbano.com\/revista\/wp-json\/wp\/v2\/users\/79"}],"replies":[{"embeddable":true,"href":"https:\/\/centrourbano.com\/revista\/wp-json\/wp\/v2\/comments?post=149379"}],"version-history":[{"count":4,"href":"https:\/\/centrourbano.com\/revista\/wp-json\/wp\/v2\/posts\/149379\/revisions"}],"predecessor-version":[{"id":149394,"href":"https:\/\/centrourbano.com\/revista\/wp-json\/wp\/v2\/posts\/149379\/revisions\/149394"}],"wp:featuredmedia":[{"embeddable":true,"href":"https:\/\/centrourbano.com\/revista\/wp-json\/wp\/v2\/media\/149380"}],"wp:attachment":[{"href":"https:\/\/centrourbano.com\/revista\/wp-json\/wp\/v2\/media?parent=149379"}],"wp:term":[{"taxonomy":"category","embeddable":true,"href":"https:\/\/centrourbano.com\/revista\/wp-json\/wp\/v2\/categories?post=149379"},{"taxonomy":"post_tag","embeddable":true,"href":"https:\/\/centrourbano.com\/revista\/wp-json\/wp\/v2\/tags?post=149379"}],"curies":[{"name":"wp","href":"https:\/\/api.w.org\/{rel}","templated":true}]}}