{"id":149310,"date":"2024-07-11T14:53:27","date_gmt":"2024-07-11T20:53:27","guid":{"rendered":"https:\/\/centrourbano.com\/revista\/?p=149310"},"modified":"2024-07-11T15:54:01","modified_gmt":"2024-07-11T21:54:01","slug":"sedatu-nom-planeacion-territorial","status":"publish","type":"post","link":"https:\/\/centrourbano.com\/revista\/urbanismo\/sedatu-nom-planeacion-territorial\/","title":{"rendered":"Publica Sedatu NOM sobre planeaci\u00f3n territorial"},"content":{"rendered":"<p><em>Esta es la sexta NOM emitida por la Sedatu en lo que va de la administraci\u00f3n federal, y entrar\u00e1 en vigor el <\/em><em>6 de enero de 2025<\/em><!--more--><\/p>\n<p>La <strong>Secretar\u00eda de Desarrollo Agrario, Territorial y Urbano<\/strong> (<strong>Sedatu<\/strong>) public\u00f3 en el Diario Oficial de la Federaci\u00f3n (DOF) public\u00f3 la <strong>NOM-005-Sedatu-2024<\/strong>: &#8216;Contenidos generales para planes o programas municipales de ordenamiento territorial y\/o desarrollo urbano&#8217;.<\/p>\n<p>Este documento busca determinar el trabajo de estos instrumentos con base en los retos de cada regi\u00f3n para garantizar <strong>territorios m\u00e1s ordenados y justos<\/strong>.<\/p>\n<p>Lo anterior, al dotar a los gobiernos locales de criterios adecuados a su contexto territorial, sus capacidades y necesidades.<\/p>\n<p>Adem\u00e1s, esta nueva <strong>NOM<\/strong> est\u00e1 orientada en ofrecer coherencia y armon\u00eda en los instrumentos de planeaci\u00f3n territorial que conforman el <strong>Sistema General de Planeaci\u00f3n Territorial<\/strong> (<strong>SGPT<\/strong>).<\/p>\n<p>\u201cCabe se\u00f1alar que, si bien esta <strong>NOM<\/strong> es susceptible de aplicarse en todo el territorio nacional, reconoce y respeta la soberan\u00eda de los municipios en la planeaci\u00f3n de su territorio y deja a voluntad de las autoridades municipales la implementaci\u00f3n de este documento\u201d, indic\u00f3 la <strong>Sedatu<\/strong>.<\/p>\n<p>Asimismo, destac\u00f3 que esta es la <a href=\"https:\/\/centrourbano.com\/revista\/urbanismo\/sedatu-nom-diseno-vias\/\" target=\"_blank\" rel=\"noopener\"><strong>sexta NOM<\/strong><\/a> que emite esta dependencia en lo que va de la administraci\u00f3n federal; y se elabor\u00f3 a trav\u00e9s del <strong>Comit\u00e9 Consultivo Nacional de Normalizaci\u00f3n de Ordenamiento Territorial y Desarrollo Urbano<\/strong> (<strong>Ccnnotdu<\/strong>), a partir de un an\u00e1lisis en el que se identific\u00f3 que solo 567 municipios del pa\u00eds (22.94%) contaban con un instrumento en materia de ordenamiento territorial y\/o desarrollo urbano, de los cuales casi 45%, se publicaron hace m\u00e1s de 15 a\u00f1os, por lo que han perdido su vigencia y se encuentran desactualizados.<\/p>\n<p>La nueva <strong>NOM<\/strong> entrar\u00e1 en vigor a los 180 d\u00edas naturales siguientes de su publicaci\u00f3n en el DOF, es decir, el 6 de enero de 2025, y puede consultarse en <a href=\"https:\/\/www.dof.gob.mx\/nota_detalle.php?codigo=5732738&amp;fecha=09\/07\/2024#gsc.tab=0\" target=\"_blank\" rel=\"noopener\"><strong>este enlace<\/strong><\/a>.<\/p>\n","protected":false},"excerpt":{"rendered":"<p>Esta es la sexta NOM emitida por la Sedatu en lo que va de la administraci\u00f3n federal, y entrar\u00e1 en vigor el 6 de enero de 2025<\/p>\n","protected":false},"author":73,"featured_media":149311,"comment_status":"open","ping_status":"closed","sticky":false,"template":"","format":"standard","meta":{"om_disable_all_campaigns":false,"inline_featured_image":false,"_monsterinsights_skip_tracking":false,"_monsterinsights_sitenote_active":false,"_monsterinsights_sitenote_note":"","_monsterinsights_sitenote_category":0,"footnotes":""},"categories":[82],"tags":[7777,12939,14820,105],"class_list":["post-149310","post","type-post","status-publish","format-standard","has-post-thumbnail","hentry","category-urbanismo","tag-nom","tag-norma-oficial-mexicana","tag-planeacion-territorial","tag-sedatu"],"yoast_head":"<!-- This site is optimized with the Yoast SEO plugin v27.4 - https:\/\/yoast.com\/product\/yoast-seo-wordpress\/ -->\n<title>Publica Sedatu NOM sobre planeaci\u00f3n territorial<\/title>\n<meta name=\"description\" content=\"Esta es la sexta NOM emitida por la Sedatu en lo que va de la administraci\u00f3n federal, y entrar\u00e1 en vigor el 6 de enero de 2025\" \/>\n<meta name=\"robots\" content=\"index, follow, max-snippet:-1, max-image-preview:large, max-video-preview:-1\" \/>\n<link rel=\"canonical\" href=\"https:\/\/centrourbano.com\/revista\/urbanismo\/sedatu-nom-planeacion-territorial\/\" \/>\n<meta property=\"og:locale\" content=\"es_ES\" \/>\n<meta property=\"og:type\" content=\"article\" \/>\n<meta property=\"og:title\" content=\"Publica Sedatu NOM sobre planeaci\u00f3n territorial\" \/>\n<meta property=\"og:description\" content=\"Esta es la sexta NOM emitida por la Sedatu en lo que va de la administraci\u00f3n federal, y entrar\u00e1 en vigor el 6 de enero de 2025\" \/>\n<meta property=\"og:url\" content=\"https:\/\/centrourbano.com\/revista\/urbanismo\/sedatu-nom-planeacion-territorial\/\" \/>\n<meta property=\"og:site_name\" content=\"Centro Urbano\" \/>\n<meta property=\"article:publisher\" content=\"https:\/\/www.facebook.com\/portalcentrourbano\" \/>\n<meta property=\"article:published_time\" content=\"2024-07-11T20:53:27+00:00\" \/>\n<meta property=\"article:modified_time\" content=\"2024-07-11T21:54:01+00:00\" \/>\n<meta property=\"og:image\" content=\"https:\/\/centrourbano.com\/revista\/wp-content\/uploads\/Publica-Sedatu-NOM-sobre-planeacio\u0301n-territorial.jpg\" \/>\n\t<meta property=\"og:image:width\" content=\"1100\" \/>\n\t<meta property=\"og:image:height\" content=\"899\" \/>\n\t<meta property=\"og:image:type\" content=\"image\/jpeg\" \/>\n<meta name=\"author\" content=\"Fernanda Hern\u00e1ndez\" \/>\n<meta name=\"twitter:card\" content=\"summary_large_image\" \/>\n<meta name=\"twitter:creator\" content=\"@https:\/\/twitter.com\/Nannz_Hernandez\" \/>\n<meta name=\"twitter:site\" content=\"@CentroUrbano\" \/>\n<meta name=\"twitter:label1\" content=\"Escrito por\" \/>\n\t<meta name=\"twitter:data1\" content=\"Fernanda Hern\u00e1ndez\" \/>\n\t<meta name=\"twitter:label2\" content=\"Tiempo de lectura\" \/>\n\t<meta name=\"twitter:data2\" content=\"2 minutos\" \/>\n<script type=\"application\/ld+json\" class=\"yoast-schema-graph\">{\"@context\":\"https:\\\/\\\/schema.org\",\"@graph\":[{\"@type\":\"Article\",\"@id\":\"https:\\\/\\\/centrourbano.com\\\/revista\\\/urbanismo\\\/sedatu-nom-planeacion-territorial\\\/#article\",\"isPartOf\":{\"@id\":\"https:\\\/\\\/centrourbano.com\\\/revista\\\/urbanismo\\\/sedatu-nom-planeacion-territorial\\\/\"},\"author\":{\"name\":\"Fernanda Hern\u00e1ndez\",\"@id\":\"https:\\\/\\\/centrourbano.com\\\/revista\\\/#\\\/schema\\\/person\\\/b190b20bbbceb41ec72278c546fa8df3\"},\"headline\":\"Publica Sedatu NOM sobre planeaci\u00f3n territorial\",\"datePublished\":\"2024-07-11T20:53:27+00:00\",\"dateModified\":\"2024-07-11T21:54:01+00:00\",\"mainEntityOfPage\":{\"@id\":\"https:\\\/\\\/centrourbano.com\\\/revista\\\/urbanismo\\\/sedatu-nom-planeacion-territorial\\\/\"},\"wordCount\":321,\"commentCount\":0,\"publisher\":{\"@id\":\"https:\\\/\\\/centrourbano.com\\\/revista\\\/#organization\"},\"image\":{\"@id\":\"https:\\\/\\\/centrourbano.com\\\/revista\\\/urbanismo\\\/sedatu-nom-planeacion-territorial\\\/#primaryimage\"},\"thumbnailUrl\":\"https:\\\/\\\/centrourbano.com\\\/revista\\\/wp-content\\\/uploads\\\/Publica-Sedatu-NOM-sobre-planeacio\u0301n-territorial.jpg\",\"keywords\":[\"NOM\",\"Norma Oficial Mexicana\",\"Planeaci\u00f3n Territorial\",\"Sedatu\"],\"articleSection\":[\"Urbanismo\"],\"inLanguage\":\"es\",\"potentialAction\":[{\"@type\":\"CommentAction\",\"name\":\"Comment\",\"target\":[\"https:\\\/\\\/centrourbano.com\\\/revista\\\/urbanismo\\\/sedatu-nom-planeacion-territorial\\\/#respond\"]}]},{\"@type\":\"WebPage\",\"@id\":\"https:\\\/\\\/centrourbano.com\\\/revista\\\/urbanismo\\\/sedatu-nom-planeacion-territorial\\\/\",\"url\":\"https:\\\/\\\/centrourbano.com\\\/revista\\\/urbanismo\\\/sedatu-nom-planeacion-territorial\\\/\",\"name\":\"Publica Sedatu NOM sobre planeaci\u00f3n territorial\",\"isPartOf\":{\"@id\":\"https:\\\/\\\/centrourbano.com\\\/revista\\\/#website\"},\"primaryImageOfPage\":{\"@id\":\"https:\\\/\\\/centrourbano.com\\\/revista\\\/urbanismo\\\/sedatu-nom-planeacion-territorial\\\/#primaryimage\"},\"image\":{\"@id\":\"https:\\\/\\\/centrourbano.com\\\/revista\\\/urbanismo\\\/sedatu-nom-planeacion-territorial\\\/#primaryimage\"},\"thumbnailUrl\":\"https:\\\/\\\/centrourbano.com\\\/revista\\\/wp-content\\\/uploads\\\/Publica-Sedatu-NOM-sobre-planeacio\u0301n-territorial.jpg\",\"datePublished\":\"2024-07-11T20:53:27+00:00\",\"dateModified\":\"2024-07-11T21:54:01+00:00\",\"description\":\"Esta es la sexta NOM emitida por la Sedatu en lo que va de la administraci\u00f3n federal, y entrar\u00e1 en vigor el 6 de enero de 2025\",\"breadcrumb\":{\"@id\":\"https:\\\/\\\/centrourbano.com\\\/revista\\\/urbanismo\\\/sedatu-nom-planeacion-territorial\\\/#breadcrumb\"},\"inLanguage\":\"es\",\"potentialAction\":[{\"@type\":\"ReadAction\",\"target\":[\"https:\\\/\\\/centrourbano.com\\\/revista\\\/urbanismo\\\/sedatu-nom-planeacion-territorial\\\/\"]}]},{\"@type\":\"ImageObject\",\"inLanguage\":\"es\",\"@id\":\"https:\\\/\\\/centrourbano.com\\\/revista\\\/urbanismo\\\/sedatu-nom-planeacion-territorial\\\/#primaryimage\",\"url\":\"https:\\\/\\\/centrourbano.com\\\/revista\\\/wp-content\\\/uploads\\\/Publica-Sedatu-NOM-sobre-planeacio\u0301n-territorial.jpg\",\"contentUrl\":\"https:\\\/\\\/centrourbano.com\\\/revista\\\/wp-content\\\/uploads\\\/Publica-Sedatu-NOM-sobre-planeacio\u0301n-territorial.jpg\",\"width\":1100,\"height\":899,\"caption\":\"Esta es la sexta NOM emitida por la Sedatu en lo que va de la administraci\u00f3n federal, y entrar\u00e1 en vigor el 6 de enero de 2025\"},{\"@type\":\"BreadcrumbList\",\"@id\":\"https:\\\/\\\/centrourbano.com\\\/revista\\\/urbanismo\\\/sedatu-nom-planeacion-territorial\\\/#breadcrumb\",\"itemListElement\":[{\"@type\":\"ListItem\",\"position\":1,\"name\":\"Portada\",\"item\":\"https:\\\/\\\/centrourbano.com\\\/revista\\\/\"},{\"@type\":\"ListItem\",\"position\":2,\"name\":\"Publica Sedatu NOM sobre planeaci\u00f3n territorial\"}]},{\"@type\":\"WebSite\",\"@id\":\"https:\\\/\\\/centrourbano.com\\\/revista\\\/#website\",\"url\":\"https:\\\/\\\/centrourbano.com\\\/revista\\\/\",\"name\":\"Centro Urbano\",\"description\":\"Medio especializado en los sectores vivienda, inmobiliario, construcci\u00f3n, arquitectura y urbanismo.\",\"publisher\":{\"@id\":\"https:\\\/\\\/centrourbano.com\\\/revista\\\/#organization\"},\"potentialAction\":[{\"@type\":\"SearchAction\",\"target\":{\"@type\":\"EntryPoint\",\"urlTemplate\":\"https:\\\/\\\/centrourbano.com\\\/revista\\\/?s={search_term_string}\"},\"query-input\":{\"@type\":\"PropertyValueSpecification\",\"valueRequired\":true,\"valueName\":\"search_term_string\"}}],\"inLanguage\":\"es\"},{\"@type\":\"Organization\",\"@id\":\"https:\\\/\\\/centrourbano.com\\\/revista\\\/#organization\",\"name\":\"Centro Urbano\",\"url\":\"https:\\\/\\\/centrourbano.com\\\/revista\\\/\",\"logo\":{\"@type\":\"ImageObject\",\"inLanguage\":\"es\",\"@id\":\"https:\\\/\\\/centrourbano.com\\\/revista\\\/#\\\/schema\\\/logo\\\/image\\\/\",\"url\":\"https:\\\/\\\/centrourbano.com\\\/revista\\\/wp-content\\\/uploads\\\/web_CU_logo-1.png\",\"contentUrl\":\"https:\\\/\\\/centrourbano.com\\\/revista\\\/wp-content\\\/uploads\\\/web_CU_logo-1.png\",\"width\":350,\"height\":91,\"caption\":\"Centro Urbano\"},\"image\":{\"@id\":\"https:\\\/\\\/centrourbano.com\\\/revista\\\/#\\\/schema\\\/logo\\\/image\\\/\"},\"sameAs\":[\"https:\\\/\\\/www.facebook.com\\\/portalcentrourbano\",\"https:\\\/\\\/x.com\\\/CentroUrbano\",\"https:\\\/\\\/www.instagram.com\\\/centro_urbano\\\/\",\"https:\\\/\\\/www.linkedin.com\\\/company\\\/centro-urbano\\\/\",\"http:\\\/\\\/www.youtube.com\\\/user\\\/portalcentrourbano\"]},{\"@type\":\"Person\",\"@id\":\"https:\\\/\\\/centrourbano.com\\\/revista\\\/#\\\/schema\\\/person\\\/b190b20bbbceb41ec72278c546fa8df3\",\"name\":\"Fernanda Hern\u00e1ndez\",\"image\":{\"@type\":\"ImageObject\",\"inLanguage\":\"es\",\"@id\":\"https:\\\/\\\/secure.gravatar.com\\\/avatar\\\/9471831fb0a24eae9d32d826a7cb8ef07c34a41520aca1a0ab1f5c0903ba49b9?s=96&d=mm&r=g\",\"url\":\"https:\\\/\\\/secure.gravatar.com\\\/avatar\\\/9471831fb0a24eae9d32d826a7cb8ef07c34a41520aca1a0ab1f5c0903ba49b9?s=96&d=mm&r=g\",\"contentUrl\":\"https:\\\/\\\/secure.gravatar.com\\\/avatar\\\/9471831fb0a24eae9d32d826a7cb8ef07c34a41520aca1a0ab1f5c0903ba49b9?s=96&d=mm&r=g\",\"caption\":\"Fernanda Hern\u00e1ndez\"},\"description\":\"Reportera y redactora en Centro Urbano. Soy egresada de la licenciatura en Ciencias de la Comunicaci\u00f3n de la Facultad de Ciencias Pol\u00edticas y Sociales (UNAM). Me interesa la cultura, el urbanismo y la arquitectura. Amante del mundo digital, el cine, la m\u00fasica, la lectura y la escritura.\",\"sameAs\":[\"https:\\\/\\\/x.com\\\/https:\\\/\\\/twitter.com\\\/Nannz_Hernandez\"],\"url\":\"https:\\\/\\\/centrourbano.com\\\/revista\\\/author\\\/fernanda-hernandez\\\/\"}]}<\/script>\n<!-- \/ Yoast SEO plugin. -->","yoast_head_json":{"title":"Publica Sedatu NOM sobre planeaci\u00f3n territorial","description":"Esta es la sexta NOM emitida por la Sedatu en lo que va de la administraci\u00f3n federal, y entrar\u00e1 en vigor el 6 de enero de 2025","robots":{"index":"index","follow":"follow","max-snippet":"max-snippet:-1","max-image-preview":"max-image-preview:large","max-video-preview":"max-video-preview:-1"},"canonical":"https:\/\/centrourbano.com\/revista\/urbanismo\/sedatu-nom-planeacion-territorial\/","og_locale":"es_ES","og_type":"article","og_title":"Publica Sedatu NOM sobre planeaci\u00f3n territorial","og_description":"Esta es la sexta NOM emitida por la Sedatu en lo que va de la administraci\u00f3n federal, y entrar\u00e1 en vigor el 6 de enero de 2025","og_url":"https:\/\/centrourbano.com\/revista\/urbanismo\/sedatu-nom-planeacion-territorial\/","og_site_name":"Centro Urbano","article_publisher":"https:\/\/www.facebook.com\/portalcentrourbano","article_published_time":"2024-07-11T20:53:27+00:00","article_modified_time":"2024-07-11T21:54:01+00:00","og_image":[{"width":1100,"height":899,"url":"https:\/\/centrourbano.com\/revista\/wp-content\/uploads\/Publica-Sedatu-NOM-sobre-planeacio\u0301n-territorial.jpg","type":"image\/jpeg"}],"author":"Fernanda Hern\u00e1ndez","twitter_card":"summary_large_image","twitter_creator":"@https:\/\/twitter.com\/Nannz_Hernandez","twitter_site":"@CentroUrbano","twitter_misc":{"Escrito por":"Fernanda Hern\u00e1ndez","Tiempo de lectura":"2 minutos"},"schema":{"@context":"https:\/\/schema.org","@graph":[{"@type":"Article","@id":"https:\/\/centrourbano.com\/revista\/urbanismo\/sedatu-nom-planeacion-territorial\/#article","isPartOf":{"@id":"https:\/\/centrourbano.com\/revista\/urbanismo\/sedatu-nom-planeacion-territorial\/"},"author":{"name":"Fernanda Hern\u00e1ndez","@id":"https:\/\/centrourbano.com\/revista\/#\/schema\/person\/b190b20bbbceb41ec72278c546fa8df3"},"headline":"Publica Sedatu NOM sobre planeaci\u00f3n territorial","datePublished":"2024-07-11T20:53:27+00:00","dateModified":"2024-07-11T21:54:01+00:00","mainEntityOfPage":{"@id":"https:\/\/centrourbano.com\/revista\/urbanismo\/sedatu-nom-planeacion-territorial\/"},"wordCount":321,"commentCount":0,"publisher":{"@id":"https:\/\/centrourbano.com\/revista\/#organization"},"image":{"@id":"https:\/\/centrourbano.com\/revista\/urbanismo\/sedatu-nom-planeacion-territorial\/#primaryimage"},"thumbnailUrl":"https:\/\/centrourbano.com\/revista\/wp-content\/uploads\/Publica-Sedatu-NOM-sobre-planeacio\u0301n-territorial.jpg","keywords":["NOM","Norma Oficial Mexicana","Planeaci\u00f3n Territorial","Sedatu"],"articleSection":["Urbanismo"],"inLanguage":"es","potentialAction":[{"@type":"CommentAction","name":"Comment","target":["https:\/\/centrourbano.com\/revista\/urbanismo\/sedatu-nom-planeacion-territorial\/#respond"]}]},{"@type":"WebPage","@id":"https:\/\/centrourbano.com\/revista\/urbanismo\/sedatu-nom-planeacion-territorial\/","url":"https:\/\/centrourbano.com\/revista\/urbanismo\/sedatu-nom-planeacion-territorial\/","name":"Publica Sedatu NOM sobre planeaci\u00f3n territorial","isPartOf":{"@id":"https:\/\/centrourbano.com\/revista\/#website"},"primaryImageOfPage":{"@id":"https:\/\/centrourbano.com\/revista\/urbanismo\/sedatu-nom-planeacion-territorial\/#primaryimage"},"image":{"@id":"https:\/\/centrourbano.com\/revista\/urbanismo\/sedatu-nom-planeacion-territorial\/#primaryimage"},"thumbnailUrl":"https:\/\/centrourbano.com\/revista\/wp-content\/uploads\/Publica-Sedatu-NOM-sobre-planeacio\u0301n-territorial.jpg","datePublished":"2024-07-11T20:53:27+00:00","dateModified":"2024-07-11T21:54:01+00:00","description":"Esta es la sexta NOM emitida por la Sedatu en lo que va de la administraci\u00f3n federal, y entrar\u00e1 en vigor el 6 de enero de 2025","breadcrumb":{"@id":"https:\/\/centrourbano.com\/revista\/urbanismo\/sedatu-nom-planeacion-territorial\/#breadcrumb"},"inLanguage":"es","potentialAction":[{"@type":"ReadAction","target":["https:\/\/centrourbano.com\/revista\/urbanismo\/sedatu-nom-planeacion-territorial\/"]}]},{"@type":"ImageObject","inLanguage":"es","@id":"https:\/\/centrourbano.com\/revista\/urbanismo\/sedatu-nom-planeacion-territorial\/#primaryimage","url":"https:\/\/centrourbano.com\/revista\/wp-content\/uploads\/Publica-Sedatu-NOM-sobre-planeacio\u0301n-territorial.jpg","contentUrl":"https:\/\/centrourbano.com\/revista\/wp-content\/uploads\/Publica-Sedatu-NOM-sobre-planeacio\u0301n-territorial.jpg","width":1100,"height":899,"caption":"Esta es la sexta NOM emitida por la Sedatu en lo que va de la administraci\u00f3n federal, y entrar\u00e1 en vigor el 6 de enero de 2025"},{"@type":"BreadcrumbList","@id":"https:\/\/centrourbano.com\/revista\/urbanismo\/sedatu-nom-planeacion-territorial\/#breadcrumb","itemListElement":[{"@type":"ListItem","position":1,"name":"Portada","item":"https:\/\/centrourbano.com\/revista\/"},{"@type":"ListItem","position":2,"name":"Publica Sedatu NOM sobre planeaci\u00f3n territorial"}]},{"@type":"WebSite","@id":"https:\/\/centrourbano.com\/revista\/#website","url":"https:\/\/centrourbano.com\/revista\/","name":"Centro Urbano","description":"Medio especializado en los sectores vivienda, inmobiliario, construcci\u00f3n, arquitectura y urbanismo.","publisher":{"@id":"https:\/\/centrourbano.com\/revista\/#organization"},"potentialAction":[{"@type":"SearchAction","target":{"@type":"EntryPoint","urlTemplate":"https:\/\/centrourbano.com\/revista\/?s={search_term_string}"},"query-input":{"@type":"PropertyValueSpecification","valueRequired":true,"valueName":"search_term_string"}}],"inLanguage":"es"},{"@type":"Organization","@id":"https:\/\/centrourbano.com\/revista\/#organization","name":"Centro Urbano","url":"https:\/\/centrourbano.com\/revista\/","logo":{"@type":"ImageObject","inLanguage":"es","@id":"https:\/\/centrourbano.com\/revista\/#\/schema\/logo\/image\/","url":"https:\/\/centrourbano.com\/revista\/wp-content\/uploads\/web_CU_logo-1.png","contentUrl":"https:\/\/centrourbano.com\/revista\/wp-content\/uploads\/web_CU_logo-1.png","width":350,"height":91,"caption":"Centro Urbano"},"image":{"@id":"https:\/\/centrourbano.com\/revista\/#\/schema\/logo\/image\/"},"sameAs":["https:\/\/www.facebook.com\/portalcentrourbano","https:\/\/x.com\/CentroUrbano","https:\/\/www.instagram.com\/centro_urbano\/","https:\/\/www.linkedin.com\/company\/centro-urbano\/","http:\/\/www.youtube.com\/user\/portalcentrourbano"]},{"@type":"Person","@id":"https:\/\/centrourbano.com\/revista\/#\/schema\/person\/b190b20bbbceb41ec72278c546fa8df3","name":"Fernanda Hern\u00e1ndez","image":{"@type":"ImageObject","inLanguage":"es","@id":"https:\/\/secure.gravatar.com\/avatar\/9471831fb0a24eae9d32d826a7cb8ef07c34a41520aca1a0ab1f5c0903ba49b9?s=96&d=mm&r=g","url":"https:\/\/secure.gravatar.com\/avatar\/9471831fb0a24eae9d32d826a7cb8ef07c34a41520aca1a0ab1f5c0903ba49b9?s=96&d=mm&r=g","contentUrl":"https:\/\/secure.gravatar.com\/avatar\/9471831fb0a24eae9d32d826a7cb8ef07c34a41520aca1a0ab1f5c0903ba49b9?s=96&d=mm&r=g","caption":"Fernanda Hern\u00e1ndez"},"description":"Reportera y redactora en Centro Urbano. Soy egresada de la licenciatura en Ciencias de la Comunicaci\u00f3n de la Facultad de Ciencias Pol\u00edticas y Sociales (UNAM). Me interesa la cultura, el urbanismo y la arquitectura. Amante del mundo digital, el cine, la m\u00fasica, la lectura y la escritura.","sameAs":["https:\/\/x.com\/https:\/\/twitter.com\/Nannz_Hernandez"],"url":"https:\/\/centrourbano.com\/revista\/author\/fernanda-hernandez\/"}]}},"_links":{"self":[{"href":"https:\/\/centrourbano.com\/revista\/wp-json\/wp\/v2\/posts\/149310","targetHints":{"allow":["GET"]}}],"collection":[{"href":"https:\/\/centrourbano.com\/revista\/wp-json\/wp\/v2\/posts"}],"about":[{"href":"https:\/\/centrourbano.com\/revista\/wp-json\/wp\/v2\/types\/post"}],"author":[{"embeddable":true,"href":"https:\/\/centrourbano.com\/revista\/wp-json\/wp\/v2\/users\/73"}],"replies":[{"embeddable":true,"href":"https:\/\/centrourbano.com\/revista\/wp-json\/wp\/v2\/comments?post=149310"}],"version-history":[{"count":1,"href":"https:\/\/centrourbano.com\/revista\/wp-json\/wp\/v2\/posts\/149310\/revisions"}],"predecessor-version":[{"id":149312,"href":"https:\/\/centrourbano.com\/revista\/wp-json\/wp\/v2\/posts\/149310\/revisions\/149312"}],"wp:featuredmedia":[{"embeddable":true,"href":"https:\/\/centrourbano.com\/revista\/wp-json\/wp\/v2\/media\/149311"}],"wp:attachment":[{"href":"https:\/\/centrourbano.com\/revista\/wp-json\/wp\/v2\/media?parent=149310"}],"wp:term":[{"taxonomy":"category","embeddable":true,"href":"https:\/\/centrourbano.com\/revista\/wp-json\/wp\/v2\/categories?post=149310"},{"taxonomy":"post_tag","embeddable":true,"href":"https:\/\/centrourbano.com\/revista\/wp-json\/wp\/v2\/tags?post=149310"}],"curies":[{"name":"wp","href":"https:\/\/api.w.org\/{rel}","templated":true}]}}