{"id":148935,"date":"2024-06-26T11:29:08","date_gmt":"2024-06-26T17:29:08","guid":{"rendered":"https:\/\/centrourbano.com\/revista\/?p=148935"},"modified":"2024-06-26T19:10:01","modified_gmt":"2024-06-27T01:10:01","slug":"deja-de-pagar-credito-infonavit","status":"publish","type":"post","link":"https:\/\/centrourbano.com\/revista\/vivienda\/deja-de-pagar-credito-infonavit\/","title":{"rendered":"Deja de pagar tu cr\u00e9dito Infonavit hasta 24 meses"},"content":{"rendered":"<p><i>En caso de que el derechohabiente pierda su empleo y cuente con un cr\u00e9dito Infonavit vigente, puede solicitar en l\u00ednea la Pr\u00f3rroga Total para dejar de pagar su financiamiento<\/i><span id=\"more-141850\"><\/span><span id=\"more-143438\"><\/span><span id=\"more-145126\"><\/span><span id=\"more-146520\"><\/span><span id=\"more-147833\"><\/span><!--more--><\/p>\n<p>El Instituto del Fondo Nacional de la Vivienda para los Trabajadores (<a href=\"https:\/\/portalmx.infonavit.org.mx\/wps\/portal\/infonavitmx\/mx2\/derechohabientes\/!ut\/p\/z1\/hY-9DoJAEISfxYKWXX6Ew-4iiQoJgQbwGgMGDxLgCJzy-l6UxkR0ut35ZjcDDHJgffFoeCEb0Retms_MuTgHxOPeNiKSEopJ5EVm6FhmQF3I_gFM2bgiiirPXsjqBWcBPM-3jZCgGRsRYpImhn_yXdyivQA_ngTAeCvKdx_alxbhwMbqVo3VqN9Hta6lHKadhhrO86xzIXhb6VfRafgtUotJQv5JwtDl2MRdRia6eQLjCZYX\/dz\/d5\/L2dBISEvZ0FBIS9nQSEh\/\" target=\"_blank\" rel=\"noopener\">Infonavit<\/a>) comprende que no siempre sus afiliados cuentan con una situaci\u00f3n econ\u00f3mica estable, por ello, cuenta con programas como <strong>Pr\u00f3rroga Total Infonavit<\/strong>. Mediante este apoyo, el Instituto le permitir\u00e1 al acreditado\u00a0<strong>no hacer ning\u00fan pago por alg\u00fan tiempo<\/strong>.<\/p>\n<p>La Pr\u00f3rroga es una modalidad que ofrece el Instituto para ayudar a los derechohabientes a\u00a0<strong>mantenerse regulares en el historial con su cr\u00e9dito\u00a0<a href=\"https:\/\/centrourbano.com\/vivienda\/liquidacion-anticipada-credito-infonavit\/\" target=\"_blank\" rel=\"noopener\">Infonavit<\/a><\/strong>. A trav\u00e9s de este programa, los acreditados podr\u00e1n omitir el pago de su hipoteca de 12 a 24 mensualidades, el lapso ser\u00e1 determinado por la fecha en que el organismo otorg\u00f3 el cr\u00e9dito.<\/p>\n<h2>\u00bfC\u00f3mo dejar de pagar un cr\u00e9dito Infonavit?<\/h2>\n<p>El programa puede aplicar <strong>s\u00f3lo en caso de que el trabajador haya sido despedido<\/strong>, por lo que no puede ser solicitado si \u00e9l renunci\u00f3 al empleo. Adem\u00e1s, para solicitar la Pr\u00f3rroga Total Infonavit, es necesario que el acreditado haya dejado de pagar al menos una mensualidad de su hipoteca.<\/p>\n<p>Los plazos que otorga el programa son:\u00a0<strong>12 meses seguidos, o por 24 meses de forma discontinua<\/strong>. De manera que, si el Instituto entreg\u00f3 el financiamiento antes del 1 de julio de 1997, el afiliado podr\u00e1 hacer uso de este apoyo por 12 meses consecutivos, sin c\u00e1lculo de intereses.<\/p>\n<p>Mientras que, si el organismo entreg\u00f3 el pr\u00e9stamo despu\u00e9s de 1997, el acreditado podr\u00e1 utilizar la modalidad hasta por 12 meses pero con c\u00e1lculo y capitalizaci\u00f3n mensual de intereses. Adem\u00e1s de que podr\u00e1 hacer pagos diferidos, con un l\u00edmite de hasta 24 meses hasta la liquidaci\u00f3n del cr\u00e9dito; sin embargo, no pueden ser 12 meses consecutivos.<\/p>\n<div class=\"entry\">\n<p>No obstante, el acreditado debe considerar que<strong> al utilizar Pr\u00f3rroga Total el saldo de su cr\u00e9dito Infonavit incrementar\u00e1<\/strong>. Al tener la opci\u00f3n de no pagar durante algunos meses, deber\u00e1 cubrir los intereses de los meses que utiliz\u00f3 el programa, los cuales van a sumarse al total del cr\u00e9dito.<\/p>\n<\/div>\n","protected":false},"excerpt":{"rendered":"<p>En caso de que el derechohabiente pierda su empleo y cuente con un cr\u00e9dito Infonavit vigente, puede solicitar en l\u00ednea la Pr\u00f3rroga Total para dejar de pagar su financiamiento<\/p>\n","protected":false},"author":88,"featured_media":148936,"comment_status":"open","ping_status":"closed","sticky":false,"template":"","format":"standard","meta":{"om_disable_all_campaigns":false,"inline_featured_image":false,"_monsterinsights_skip_tracking":false,"_monsterinsights_sitenote_active":false,"_monsterinsights_sitenote_note":"","_monsterinsights_sitenote_category":0,"footnotes":""},"categories":[12],"tags":[1993,100,23843],"class_list":["post-148935","post","type-post","status-publish","format-standard","has-post-thumbnail","hentry","category-vivienda","tag-credito-infonavit","tag-infonavit","tag-prorroga-total-infonavit"],"yoast_head":"<!-- This site is optimized with the Yoast SEO plugin v27.4 - https:\/\/yoast.com\/product\/yoast-seo-wordpress\/ -->\n<title>Deja de pagar tu cr\u00e9dito Infonavit hasta 24 meses<\/title>\n<meta name=\"description\" content=\"Mediante el programa podr\u00e1s dejar de pagar tu cr\u00e9dito Infonavit 12 meses seguidos, o por 24 meses de forma discontinua.\" \/>\n<meta name=\"robots\" content=\"index, follow, max-snippet:-1, max-image-preview:large, max-video-preview:-1\" \/>\n<link rel=\"canonical\" href=\"https:\/\/centrourbano.com\/revista\/vivienda\/deja-de-pagar-credito-infonavit\/\" \/>\n<meta property=\"og:locale\" content=\"es_ES\" \/>\n<meta property=\"og:type\" content=\"article\" \/>\n<meta property=\"og:title\" content=\"Deja de pagar tu cr\u00e9dito Infonavit hasta 24 meses\" \/>\n<meta property=\"og:description\" content=\"Mediante el programa podr\u00e1s dejar de pagar tu cr\u00e9dito Infonavit 12 meses seguidos, o por 24 meses de forma discontinua.\" \/>\n<meta property=\"og:url\" content=\"https:\/\/centrourbano.com\/revista\/vivienda\/deja-de-pagar-credito-infonavit\/\" \/>\n<meta property=\"og:site_name\" content=\"Centro Urbano\" \/>\n<meta property=\"article:publisher\" content=\"https:\/\/www.facebook.com\/portalcentrourbano\" \/>\n<meta property=\"article:published_time\" content=\"2024-06-26T17:29:08+00:00\" \/>\n<meta property=\"article:modified_time\" content=\"2024-06-27T01:10:01+00:00\" \/>\n<meta property=\"og:image\" content=\"https:\/\/centrourbano.com\/revista\/wp-content\/uploads\/800-dinero-10-2.jpg\" \/>\n\t<meta property=\"og:image:width\" content=\"800\" \/>\n\t<meta property=\"og:image:height\" content=\"800\" \/>\n\t<meta property=\"og:image:type\" content=\"image\/jpeg\" \/>\n<meta name=\"author\" content=\"Rebeca Romero\" \/>\n<meta name=\"twitter:card\" content=\"summary_large_image\" \/>\n<meta name=\"twitter:creator\" content=\"@CentroUrbano\" \/>\n<meta name=\"twitter:site\" content=\"@CentroUrbano\" \/>\n<meta name=\"twitter:label1\" content=\"Escrito por\" \/>\n\t<meta name=\"twitter:data1\" content=\"Rebeca Romero\" \/>\n\t<meta name=\"twitter:label2\" content=\"Tiempo de lectura\" \/>\n\t<meta name=\"twitter:data2\" content=\"2 minutos\" \/>\n<script type=\"application\/ld+json\" class=\"yoast-schema-graph\">{\"@context\":\"https:\\\/\\\/schema.org\",\"@graph\":[{\"@type\":\"Article\",\"@id\":\"https:\\\/\\\/centrourbano.com\\\/revista\\\/vivienda\\\/deja-de-pagar-credito-infonavit\\\/#article\",\"isPartOf\":{\"@id\":\"https:\\\/\\\/centrourbano.com\\\/revista\\\/vivienda\\\/deja-de-pagar-credito-infonavit\\\/\"},\"author\":{\"name\":\"Rebeca Romero\",\"@id\":\"https:\\\/\\\/centrourbano.com\\\/revista\\\/#\\\/schema\\\/person\\\/c665f1c60da3ad48cd761a707b7090b0\"},\"headline\":\"Deja de pagar tu cr\u00e9dito Infonavit hasta 24 meses\",\"datePublished\":\"2024-06-26T17:29:08+00:00\",\"dateModified\":\"2024-06-27T01:10:01+00:00\",\"mainEntityOfPage\":{\"@id\":\"https:\\\/\\\/centrourbano.com\\\/revista\\\/vivienda\\\/deja-de-pagar-credito-infonavit\\\/\"},\"wordCount\":373,\"commentCount\":0,\"publisher\":{\"@id\":\"https:\\\/\\\/centrourbano.com\\\/revista\\\/#organization\"},\"image\":{\"@id\":\"https:\\\/\\\/centrourbano.com\\\/revista\\\/vivienda\\\/deja-de-pagar-credito-infonavit\\\/#primaryimage\"},\"thumbnailUrl\":\"https:\\\/\\\/centrourbano.com\\\/revista\\\/wp-content\\\/uploads\\\/800-dinero-10-2.jpg\",\"keywords\":[\"credito infonavit\",\"Infonavit\",\"Pr\u00f3rroga Total Infonavit\"],\"articleSection\":[\"Vivienda\"],\"inLanguage\":\"es\",\"potentialAction\":[{\"@type\":\"CommentAction\",\"name\":\"Comment\",\"target\":[\"https:\\\/\\\/centrourbano.com\\\/revista\\\/vivienda\\\/deja-de-pagar-credito-infonavit\\\/#respond\"]}]},{\"@type\":\"WebPage\",\"@id\":\"https:\\\/\\\/centrourbano.com\\\/revista\\\/vivienda\\\/deja-de-pagar-credito-infonavit\\\/\",\"url\":\"https:\\\/\\\/centrourbano.com\\\/revista\\\/vivienda\\\/deja-de-pagar-credito-infonavit\\\/\",\"name\":\"Deja de pagar tu cr\u00e9dito Infonavit hasta 24 meses\",\"isPartOf\":{\"@id\":\"https:\\\/\\\/centrourbano.com\\\/revista\\\/#website\"},\"primaryImageOfPage\":{\"@id\":\"https:\\\/\\\/centrourbano.com\\\/revista\\\/vivienda\\\/deja-de-pagar-credito-infonavit\\\/#primaryimage\"},\"image\":{\"@id\":\"https:\\\/\\\/centrourbano.com\\\/revista\\\/vivienda\\\/deja-de-pagar-credito-infonavit\\\/#primaryimage\"},\"thumbnailUrl\":\"https:\\\/\\\/centrourbano.com\\\/revista\\\/wp-content\\\/uploads\\\/800-dinero-10-2.jpg\",\"datePublished\":\"2024-06-26T17:29:08+00:00\",\"dateModified\":\"2024-06-27T01:10:01+00:00\",\"description\":\"Mediante el programa podr\u00e1s dejar de pagar tu cr\u00e9dito Infonavit 12 meses seguidos, o por 24 meses de forma discontinua.\",\"breadcrumb\":{\"@id\":\"https:\\\/\\\/centrourbano.com\\\/revista\\\/vivienda\\\/deja-de-pagar-credito-infonavit\\\/#breadcrumb\"},\"inLanguage\":\"es\",\"potentialAction\":[{\"@type\":\"ReadAction\",\"target\":[\"https:\\\/\\\/centrourbano.com\\\/revista\\\/vivienda\\\/deja-de-pagar-credito-infonavit\\\/\"]}]},{\"@type\":\"ImageObject\",\"inLanguage\":\"es\",\"@id\":\"https:\\\/\\\/centrourbano.com\\\/revista\\\/vivienda\\\/deja-de-pagar-credito-infonavit\\\/#primaryimage\",\"url\":\"https:\\\/\\\/centrourbano.com\\\/revista\\\/wp-content\\\/uploads\\\/800-dinero-10-2.jpg\",\"contentUrl\":\"https:\\\/\\\/centrourbano.com\\\/revista\\\/wp-content\\\/uploads\\\/800-dinero-10-2.jpg\",\"width\":800,\"height\":800,\"caption\":\"Deja de pagar tu cr\u00e9dito Infonavit hasta 24 meses\"},{\"@type\":\"BreadcrumbList\",\"@id\":\"https:\\\/\\\/centrourbano.com\\\/revista\\\/vivienda\\\/deja-de-pagar-credito-infonavit\\\/#breadcrumb\",\"itemListElement\":[{\"@type\":\"ListItem\",\"position\":1,\"name\":\"Portada\",\"item\":\"https:\\\/\\\/centrourbano.com\\\/revista\\\/\"},{\"@type\":\"ListItem\",\"position\":2,\"name\":\"Deja de pagar tu cr\u00e9dito Infonavit hasta 24 meses\"}]},{\"@type\":\"WebSite\",\"@id\":\"https:\\\/\\\/centrourbano.com\\\/revista\\\/#website\",\"url\":\"https:\\\/\\\/centrourbano.com\\\/revista\\\/\",\"name\":\"Centro Urbano\",\"description\":\"Medio especializado en los sectores vivienda, inmobiliario, construcci\u00f3n, arquitectura y urbanismo.\",\"publisher\":{\"@id\":\"https:\\\/\\\/centrourbano.com\\\/revista\\\/#organization\"},\"potentialAction\":[{\"@type\":\"SearchAction\",\"target\":{\"@type\":\"EntryPoint\",\"urlTemplate\":\"https:\\\/\\\/centrourbano.com\\\/revista\\\/?s={search_term_string}\"},\"query-input\":{\"@type\":\"PropertyValueSpecification\",\"valueRequired\":true,\"valueName\":\"search_term_string\"}}],\"inLanguage\":\"es\"},{\"@type\":\"Organization\",\"@id\":\"https:\\\/\\\/centrourbano.com\\\/revista\\\/#organization\",\"name\":\"Centro Urbano\",\"url\":\"https:\\\/\\\/centrourbano.com\\\/revista\\\/\",\"logo\":{\"@type\":\"ImageObject\",\"inLanguage\":\"es\",\"@id\":\"https:\\\/\\\/centrourbano.com\\\/revista\\\/#\\\/schema\\\/logo\\\/image\\\/\",\"url\":\"https:\\\/\\\/centrourbano.com\\\/revista\\\/wp-content\\\/uploads\\\/web_CU_logo-1.png\",\"contentUrl\":\"https:\\\/\\\/centrourbano.com\\\/revista\\\/wp-content\\\/uploads\\\/web_CU_logo-1.png\",\"width\":350,\"height\":91,\"caption\":\"Centro Urbano\"},\"image\":{\"@id\":\"https:\\\/\\\/centrourbano.com\\\/revista\\\/#\\\/schema\\\/logo\\\/image\\\/\"},\"sameAs\":[\"https:\\\/\\\/www.facebook.com\\\/portalcentrourbano\",\"https:\\\/\\\/x.com\\\/CentroUrbano\",\"https:\\\/\\\/www.instagram.com\\\/centro_urbano\\\/\",\"https:\\\/\\\/www.linkedin.com\\\/company\\\/centro-urbano\\\/\",\"http:\\\/\\\/www.youtube.com\\\/user\\\/portalcentrourbano\"]},{\"@type\":\"Person\",\"@id\":\"https:\\\/\\\/centrourbano.com\\\/revista\\\/#\\\/schema\\\/person\\\/c665f1c60da3ad48cd761a707b7090b0\",\"name\":\"Rebeca Romero\",\"image\":{\"@type\":\"ImageObject\",\"inLanguage\":\"es\",\"@id\":\"https:\\\/\\\/secure.gravatar.com\\\/avatar\\\/aee0068ae3cc041082e0e84a8258fe5ccc00a733f187bde73b0b40d86b892826?s=96&d=mm&r=g\",\"url\":\"https:\\\/\\\/secure.gravatar.com\\\/avatar\\\/aee0068ae3cc041082e0e84a8258fe5ccc00a733f187bde73b0b40d86b892826?s=96&d=mm&r=g\",\"contentUrl\":\"https:\\\/\\\/secure.gravatar.com\\\/avatar\\\/aee0068ae3cc041082e0e84a8258fe5ccc00a733f187bde73b0b40d86b892826?s=96&d=mm&r=g\",\"caption\":\"Rebeca Romero\"},\"url\":\"https:\\\/\\\/centrourbano.com\\\/revista\\\/author\\\/rebeca-romero\\\/\"}]}<\/script>\n<!-- \/ Yoast SEO plugin. -->","yoast_head_json":{"title":"Deja de pagar tu cr\u00e9dito Infonavit hasta 24 meses","description":"Mediante el programa podr\u00e1s dejar de pagar tu cr\u00e9dito Infonavit 12 meses seguidos, o por 24 meses de forma discontinua.","robots":{"index":"index","follow":"follow","max-snippet":"max-snippet:-1","max-image-preview":"max-image-preview:large","max-video-preview":"max-video-preview:-1"},"canonical":"https:\/\/centrourbano.com\/revista\/vivienda\/deja-de-pagar-credito-infonavit\/","og_locale":"es_ES","og_type":"article","og_title":"Deja de pagar tu cr\u00e9dito Infonavit hasta 24 meses","og_description":"Mediante el programa podr\u00e1s dejar de pagar tu cr\u00e9dito Infonavit 12 meses seguidos, o por 24 meses de forma discontinua.","og_url":"https:\/\/centrourbano.com\/revista\/vivienda\/deja-de-pagar-credito-infonavit\/","og_site_name":"Centro Urbano","article_publisher":"https:\/\/www.facebook.com\/portalcentrourbano","article_published_time":"2024-06-26T17:29:08+00:00","article_modified_time":"2024-06-27T01:10:01+00:00","og_image":[{"width":800,"height":800,"url":"https:\/\/centrourbano.com\/revista\/wp-content\/uploads\/800-dinero-10-2.jpg","type":"image\/jpeg"}],"author":"Rebeca Romero","twitter_card":"summary_large_image","twitter_creator":"@CentroUrbano","twitter_site":"@CentroUrbano","twitter_misc":{"Escrito por":"Rebeca Romero","Tiempo de lectura":"2 minutos"},"schema":{"@context":"https:\/\/schema.org","@graph":[{"@type":"Article","@id":"https:\/\/centrourbano.com\/revista\/vivienda\/deja-de-pagar-credito-infonavit\/#article","isPartOf":{"@id":"https:\/\/centrourbano.com\/revista\/vivienda\/deja-de-pagar-credito-infonavit\/"},"author":{"name":"Rebeca Romero","@id":"https:\/\/centrourbano.com\/revista\/#\/schema\/person\/c665f1c60da3ad48cd761a707b7090b0"},"headline":"Deja de pagar tu cr\u00e9dito Infonavit hasta 24 meses","datePublished":"2024-06-26T17:29:08+00:00","dateModified":"2024-06-27T01:10:01+00:00","mainEntityOfPage":{"@id":"https:\/\/centrourbano.com\/revista\/vivienda\/deja-de-pagar-credito-infonavit\/"},"wordCount":373,"commentCount":0,"publisher":{"@id":"https:\/\/centrourbano.com\/revista\/#organization"},"image":{"@id":"https:\/\/centrourbano.com\/revista\/vivienda\/deja-de-pagar-credito-infonavit\/#primaryimage"},"thumbnailUrl":"https:\/\/centrourbano.com\/revista\/wp-content\/uploads\/800-dinero-10-2.jpg","keywords":["credito infonavit","Infonavit","Pr\u00f3rroga Total Infonavit"],"articleSection":["Vivienda"],"inLanguage":"es","potentialAction":[{"@type":"CommentAction","name":"Comment","target":["https:\/\/centrourbano.com\/revista\/vivienda\/deja-de-pagar-credito-infonavit\/#respond"]}]},{"@type":"WebPage","@id":"https:\/\/centrourbano.com\/revista\/vivienda\/deja-de-pagar-credito-infonavit\/","url":"https:\/\/centrourbano.com\/revista\/vivienda\/deja-de-pagar-credito-infonavit\/","name":"Deja de pagar tu cr\u00e9dito Infonavit hasta 24 meses","isPartOf":{"@id":"https:\/\/centrourbano.com\/revista\/#website"},"primaryImageOfPage":{"@id":"https:\/\/centrourbano.com\/revista\/vivienda\/deja-de-pagar-credito-infonavit\/#primaryimage"},"image":{"@id":"https:\/\/centrourbano.com\/revista\/vivienda\/deja-de-pagar-credito-infonavit\/#primaryimage"},"thumbnailUrl":"https:\/\/centrourbano.com\/revista\/wp-content\/uploads\/800-dinero-10-2.jpg","datePublished":"2024-06-26T17:29:08+00:00","dateModified":"2024-06-27T01:10:01+00:00","description":"Mediante el programa podr\u00e1s dejar de pagar tu cr\u00e9dito Infonavit 12 meses seguidos, o por 24 meses de forma discontinua.","breadcrumb":{"@id":"https:\/\/centrourbano.com\/revista\/vivienda\/deja-de-pagar-credito-infonavit\/#breadcrumb"},"inLanguage":"es","potentialAction":[{"@type":"ReadAction","target":["https:\/\/centrourbano.com\/revista\/vivienda\/deja-de-pagar-credito-infonavit\/"]}]},{"@type":"ImageObject","inLanguage":"es","@id":"https:\/\/centrourbano.com\/revista\/vivienda\/deja-de-pagar-credito-infonavit\/#primaryimage","url":"https:\/\/centrourbano.com\/revista\/wp-content\/uploads\/800-dinero-10-2.jpg","contentUrl":"https:\/\/centrourbano.com\/revista\/wp-content\/uploads\/800-dinero-10-2.jpg","width":800,"height":800,"caption":"Deja de pagar tu cr\u00e9dito Infonavit hasta 24 meses"},{"@type":"BreadcrumbList","@id":"https:\/\/centrourbano.com\/revista\/vivienda\/deja-de-pagar-credito-infonavit\/#breadcrumb","itemListElement":[{"@type":"ListItem","position":1,"name":"Portada","item":"https:\/\/centrourbano.com\/revista\/"},{"@type":"ListItem","position":2,"name":"Deja de pagar tu cr\u00e9dito Infonavit hasta 24 meses"}]},{"@type":"WebSite","@id":"https:\/\/centrourbano.com\/revista\/#website","url":"https:\/\/centrourbano.com\/revista\/","name":"Centro Urbano","description":"Medio especializado en los sectores vivienda, inmobiliario, construcci\u00f3n, arquitectura y urbanismo.","publisher":{"@id":"https:\/\/centrourbano.com\/revista\/#organization"},"potentialAction":[{"@type":"SearchAction","target":{"@type":"EntryPoint","urlTemplate":"https:\/\/centrourbano.com\/revista\/?s={search_term_string}"},"query-input":{"@type":"PropertyValueSpecification","valueRequired":true,"valueName":"search_term_string"}}],"inLanguage":"es"},{"@type":"Organization","@id":"https:\/\/centrourbano.com\/revista\/#organization","name":"Centro Urbano","url":"https:\/\/centrourbano.com\/revista\/","logo":{"@type":"ImageObject","inLanguage":"es","@id":"https:\/\/centrourbano.com\/revista\/#\/schema\/logo\/image\/","url":"https:\/\/centrourbano.com\/revista\/wp-content\/uploads\/web_CU_logo-1.png","contentUrl":"https:\/\/centrourbano.com\/revista\/wp-content\/uploads\/web_CU_logo-1.png","width":350,"height":91,"caption":"Centro Urbano"},"image":{"@id":"https:\/\/centrourbano.com\/revista\/#\/schema\/logo\/image\/"},"sameAs":["https:\/\/www.facebook.com\/portalcentrourbano","https:\/\/x.com\/CentroUrbano","https:\/\/www.instagram.com\/centro_urbano\/","https:\/\/www.linkedin.com\/company\/centro-urbano\/","http:\/\/www.youtube.com\/user\/portalcentrourbano"]},{"@type":"Person","@id":"https:\/\/centrourbano.com\/revista\/#\/schema\/person\/c665f1c60da3ad48cd761a707b7090b0","name":"Rebeca Romero","image":{"@type":"ImageObject","inLanguage":"es","@id":"https:\/\/secure.gravatar.com\/avatar\/aee0068ae3cc041082e0e84a8258fe5ccc00a733f187bde73b0b40d86b892826?s=96&d=mm&r=g","url":"https:\/\/secure.gravatar.com\/avatar\/aee0068ae3cc041082e0e84a8258fe5ccc00a733f187bde73b0b40d86b892826?s=96&d=mm&r=g","contentUrl":"https:\/\/secure.gravatar.com\/avatar\/aee0068ae3cc041082e0e84a8258fe5ccc00a733f187bde73b0b40d86b892826?s=96&d=mm&r=g","caption":"Rebeca Romero"},"url":"https:\/\/centrourbano.com\/revista\/author\/rebeca-romero\/"}]}},"_links":{"self":[{"href":"https:\/\/centrourbano.com\/revista\/wp-json\/wp\/v2\/posts\/148935","targetHints":{"allow":["GET"]}}],"collection":[{"href":"https:\/\/centrourbano.com\/revista\/wp-json\/wp\/v2\/posts"}],"about":[{"href":"https:\/\/centrourbano.com\/revista\/wp-json\/wp\/v2\/types\/post"}],"author":[{"embeddable":true,"href":"https:\/\/centrourbano.com\/revista\/wp-json\/wp\/v2\/users\/88"}],"replies":[{"embeddable":true,"href":"https:\/\/centrourbano.com\/revista\/wp-json\/wp\/v2\/comments?post=148935"}],"version-history":[{"count":4,"href":"https:\/\/centrourbano.com\/revista\/wp-json\/wp\/v2\/posts\/148935\/revisions"}],"predecessor-version":[{"id":148956,"href":"https:\/\/centrourbano.com\/revista\/wp-json\/wp\/v2\/posts\/148935\/revisions\/148956"}],"wp:featuredmedia":[{"embeddable":true,"href":"https:\/\/centrourbano.com\/revista\/wp-json\/wp\/v2\/media\/148936"}],"wp:attachment":[{"href":"https:\/\/centrourbano.com\/revista\/wp-json\/wp\/v2\/media?parent=148935"}],"wp:term":[{"taxonomy":"category","embeddable":true,"href":"https:\/\/centrourbano.com\/revista\/wp-json\/wp\/v2\/categories?post=148935"},{"taxonomy":"post_tag","embeddable":true,"href":"https:\/\/centrourbano.com\/revista\/wp-json\/wp\/v2\/tags?post=148935"}],"curies":[{"name":"wp","href":"https:\/\/api.w.org\/{rel}","templated":true}]}}