{"id":14884,"date":"2015-01-30T14:24:51","date_gmt":"2015-01-30T20:24:51","guid":{"rendered":"http:\/\/centrourbano.com\/?p=14884"},"modified":"2015-01-30T14:24:51","modified_gmt":"2015-01-30T20:24:51","slug":"inmobiliaria-vesta-impulsara-9-proyectos","status":"publish","type":"post","link":"https:\/\/centrourbano.com\/revista\/inmobiliario\/inmobiliaria-vesta-impulsara-9-proyectos\/","title":{"rendered":"Inmobiliaria Vesta impulsar\u00e1 9 proyectos"},"content":{"rendered":"<p>&nbsp;<\/p>\n<p><em>Como resultado de la oferta p\u00fablica de 108,064,445 acciones, se efectuar\u00e1 el Plan Vesta 20\/20<\/em><!--more--><\/p>\n<p>&nbsp;<\/p>\n<p>Una de las empresas l\u00edderes en el desarrollo y operaci\u00f3n de edificios industriales Corporaci\u00f3n inmobiliaria Vesta, anunci\u00f3 los resultados de su oferta p\u00fablica primaria que se realiz\u00f3 en M\u00e9xico mediante la Bolsa Mexicana de Valores (BMV), y una oferta de internacional de los Estados Unidos con base en los dispuesto en la Regla 144A y la Regulaci\u00f3n S de la Ley del Mercado de Valores de 1933 de dicho pa\u00eds.<\/p>\n<p>La oferta incluye una ofrenda publica primaria de 108,064,445 de acciones y una opci\u00f3n de sobreasignaci\u00f3n de hasta un 15% calculado con respecto al n\u00famero de acciones objeto de la oferta primaria, la cual era de 16,209,666 acciones adicionales, opci\u00f3n que podr\u00e1 ejercerse por los intermediarios colocadores dentro de los siguientes 30 d\u00edas a esta fecha.<\/p>\n<p>Los recursos de la oferta se utilizar\u00e1n para realizar el plan Vesta 20\/20, que servir\u00e1 para fomentar el crecimiento y desarrollo de de la empresa durante los pr\u00f3ximos a\u00f1os, adem\u00e1s del impulso para nueve nuevos proyectos distribuidos en Toluca, Tlaxcala, Ciudad Ju\u00e1rez, Guanajuato, San Miguel de Allende y Tijuana.<\/p>\n<p>Es de destacar que para M\u00e9xico se asentaron 44,124,111 acciones, lo que refleja una inversi\u00f3n de 191,350,997 pesos, mientras que en otros pa\u00edses del extranjero s\u00f3lo se radiaron 150,000 t\u00edtulos por una cantidad cercana a los 2,164 millones de pesos.<\/p>\n","protected":false},"excerpt":{"rendered":"<p>&nbsp; Como resultado de la oferta p\u00fablica de 108,064,445 acciones, se efectuar\u00e1 el Plan Vesta 20\/20<\/p>\n","protected":false},"author":29,"featured_media":0,"comment_status":"open","ping_status":"closed","sticky":false,"template":"","format":"standard","meta":{"om_disable_all_campaigns":false,"inline_featured_image":false,"_monsterinsights_skip_tracking":false,"_monsterinsights_sitenote_active":false,"_monsterinsights_sitenote_note":"","_monsterinsights_sitenote_category":0,"footnotes":""},"categories":[15],"tags":[3970],"class_list":["post-14884","post","type-post","status-publish","format-standard","hentry","category-inmobiliario","tag-vesta"],"yoast_head":"<!-- This site is optimized with the Yoast SEO plugin v27.5 - https:\/\/yoast.com\/product\/yoast-seo-wordpress\/ -->\n<title>Inmobiliaria Vesta impulsar\u00e1 9 proyectos -<\/title>\n<meta name=\"description\" content=\"&nbsp; Como resultado de la oferta p\u00fablica de 108,064,445 acciones, se efectuar\u00e1 el Plan Vesta 20\/20 &nbsp; Una de las empresas l\u00edderes en el desarrollo y\" \/>\n<meta name=\"robots\" content=\"index, follow, max-snippet:-1, max-image-preview:large, max-video-preview:-1\" \/>\n<link rel=\"canonical\" href=\"https:\/\/centrourbano.com\/revista\/inmobiliario\/inmobiliaria-vesta-impulsara-9-proyectos\/\" \/>\n<meta property=\"og:locale\" content=\"es_ES\" \/>\n<meta property=\"og:type\" content=\"article\" \/>\n<meta property=\"og:title\" content=\"Inmobiliaria Vesta impulsar\u00e1 9 proyectos -\" \/>\n<meta property=\"og:description\" content=\"&nbsp; Como resultado de la oferta p\u00fablica de 108,064,445 acciones, se efectuar\u00e1 el Plan Vesta 20\/20 &nbsp; Una de las empresas l\u00edderes en el desarrollo y\" \/>\n<meta property=\"og:url\" content=\"https:\/\/centrourbano.com\/revista\/inmobiliario\/inmobiliaria-vesta-impulsara-9-proyectos\/\" \/>\n<meta property=\"og:site_name\" content=\"Centro Urbano\" \/>\n<meta property=\"article:publisher\" content=\"https:\/\/www.facebook.com\/portalcentrourbano\" \/>\n<meta property=\"article:published_time\" content=\"2015-01-30T20:24:51+00:00\" \/>\n<meta property=\"og:image\" content=\"https:\/\/centrourbano.com\/revista\/wp-content\/uploads\/CU-logo.png\" \/>\n\t<meta property=\"og:image:width\" content=\"350\" \/>\n\t<meta property=\"og:image:height\" content=\"91\" \/>\n\t<meta property=\"og:image:type\" content=\"image\/png\" \/>\n<meta name=\"author\" content=\"Oscar Guti\u00e9rrez Arriaga\" \/>\n<meta name=\"twitter:card\" content=\"summary_large_image\" \/>\n<meta name=\"twitter:creator\" content=\"@CentroUrbano\" \/>\n<meta name=\"twitter:site\" content=\"@CentroUrbano\" \/>\n<meta name=\"twitter:label1\" content=\"Escrito por\" \/>\n\t<meta name=\"twitter:data1\" content=\"Oscar Guti\u00e9rrez Arriaga\" \/>\n\t<meta name=\"twitter:label2\" content=\"Tiempo de lectura\" \/>\n\t<meta name=\"twitter:data2\" content=\"1 minuto\" \/>\n<script type=\"application\/ld+json\" class=\"yoast-schema-graph\">{\"@context\":\"https:\\\/\\\/schema.org\",\"@graph\":[{\"@type\":\"Article\",\"@id\":\"https:\\\/\\\/centrourbano.com\\\/revista\\\/inmobiliario\\\/inmobiliaria-vesta-impulsara-9-proyectos\\\/#article\",\"isPartOf\":{\"@id\":\"https:\\\/\\\/centrourbano.com\\\/revista\\\/inmobiliario\\\/inmobiliaria-vesta-impulsara-9-proyectos\\\/\"},\"author\":{\"name\":\"Oscar Guti\u00e9rrez Arriaga\",\"@id\":\"https:\\\/\\\/centrourbano.com\\\/revista\\\/#\\\/schema\\\/person\\\/feaf63a7f02383981ae55d9df478ebfb\"},\"headline\":\"Inmobiliaria Vesta impulsar\u00e1 9 proyectos\",\"datePublished\":\"2015-01-30T20:24:51+00:00\",\"mainEntityOfPage\":{\"@id\":\"https:\\\/\\\/centrourbano.com\\\/revista\\\/inmobiliario\\\/inmobiliaria-vesta-impulsara-9-proyectos\\\/\"},\"wordCount\":247,\"commentCount\":0,\"publisher\":{\"@id\":\"https:\\\/\\\/centrourbano.com\\\/revista\\\/#organization\"},\"keywords\":[\"Vesta\"],\"articleSection\":[\"Inmobiliario\"],\"inLanguage\":\"es\",\"potentialAction\":[{\"@type\":\"CommentAction\",\"name\":\"Comment\",\"target\":[\"https:\\\/\\\/centrourbano.com\\\/revista\\\/inmobiliario\\\/inmobiliaria-vesta-impulsara-9-proyectos\\\/#respond\"]}]},{\"@type\":\"WebPage\",\"@id\":\"https:\\\/\\\/centrourbano.com\\\/revista\\\/inmobiliario\\\/inmobiliaria-vesta-impulsara-9-proyectos\\\/\",\"url\":\"https:\\\/\\\/centrourbano.com\\\/revista\\\/inmobiliario\\\/inmobiliaria-vesta-impulsara-9-proyectos\\\/\",\"name\":\"Inmobiliaria Vesta impulsar\u00e1 9 proyectos -\",\"isPartOf\":{\"@id\":\"https:\\\/\\\/centrourbano.com\\\/revista\\\/#website\"},\"datePublished\":\"2015-01-30T20:24:51+00:00\",\"description\":\"&nbsp; Como resultado de la oferta p\u00fablica de 108,064,445 acciones, se efectuar\u00e1 el Plan Vesta 20\\\/20 &nbsp; Una de las empresas l\u00edderes en el desarrollo y\",\"breadcrumb\":{\"@id\":\"https:\\\/\\\/centrourbano.com\\\/revista\\\/inmobiliario\\\/inmobiliaria-vesta-impulsara-9-proyectos\\\/#breadcrumb\"},\"inLanguage\":\"es\",\"potentialAction\":[{\"@type\":\"ReadAction\",\"target\":[\"https:\\\/\\\/centrourbano.com\\\/revista\\\/inmobiliario\\\/inmobiliaria-vesta-impulsara-9-proyectos\\\/\"]}]},{\"@type\":\"BreadcrumbList\",\"@id\":\"https:\\\/\\\/centrourbano.com\\\/revista\\\/inmobiliario\\\/inmobiliaria-vesta-impulsara-9-proyectos\\\/#breadcrumb\",\"itemListElement\":[{\"@type\":\"ListItem\",\"position\":1,\"name\":\"Portada\",\"item\":\"https:\\\/\\\/centrourbano.com\\\/revista\\\/\"},{\"@type\":\"ListItem\",\"position\":2,\"name\":\"Inmobiliaria Vesta impulsar\u00e1 9 proyectos\"}]},{\"@type\":\"WebSite\",\"@id\":\"https:\\\/\\\/centrourbano.com\\\/revista\\\/#website\",\"url\":\"https:\\\/\\\/centrourbano.com\\\/revista\\\/\",\"name\":\"Centro Urbano\",\"description\":\"Medio especializado en los sectores vivienda, inmobiliario, construcci\u00f3n, arquitectura y urbanismo.\",\"publisher\":{\"@id\":\"https:\\\/\\\/centrourbano.com\\\/revista\\\/#organization\"},\"potentialAction\":[{\"@type\":\"SearchAction\",\"target\":{\"@type\":\"EntryPoint\",\"urlTemplate\":\"https:\\\/\\\/centrourbano.com\\\/revista\\\/?s={search_term_string}\"},\"query-input\":{\"@type\":\"PropertyValueSpecification\",\"valueRequired\":true,\"valueName\":\"search_term_string\"}}],\"inLanguage\":\"es\"},{\"@type\":\"Organization\",\"@id\":\"https:\\\/\\\/centrourbano.com\\\/revista\\\/#organization\",\"name\":\"Centro Urbano\",\"url\":\"https:\\\/\\\/centrourbano.com\\\/revista\\\/\",\"logo\":{\"@type\":\"ImageObject\",\"inLanguage\":\"es\",\"@id\":\"https:\\\/\\\/centrourbano.com\\\/revista\\\/#\\\/schema\\\/logo\\\/image\\\/\",\"url\":\"https:\\\/\\\/centrourbano.com\\\/revista\\\/wp-content\\\/uploads\\\/web_CU_logo-1.png\",\"contentUrl\":\"https:\\\/\\\/centrourbano.com\\\/revista\\\/wp-content\\\/uploads\\\/web_CU_logo-1.png\",\"width\":350,\"height\":91,\"caption\":\"Centro Urbano\"},\"image\":{\"@id\":\"https:\\\/\\\/centrourbano.com\\\/revista\\\/#\\\/schema\\\/logo\\\/image\\\/\"},\"sameAs\":[\"https:\\\/\\\/www.facebook.com\\\/portalcentrourbano\",\"https:\\\/\\\/x.com\\\/CentroUrbano\",\"https:\\\/\\\/www.instagram.com\\\/centro_urbano\\\/\",\"https:\\\/\\\/www.linkedin.com\\\/company\\\/centro-urbano\\\/\",\"http:\\\/\\\/www.youtube.com\\\/user\\\/portalcentrourbano\"]},{\"@type\":\"Person\",\"@id\":\"https:\\\/\\\/centrourbano.com\\\/revista\\\/#\\\/schema\\\/person\\\/feaf63a7f02383981ae55d9df478ebfb\",\"name\":\"Oscar Guti\u00e9rrez Arriaga\",\"image\":{\"@type\":\"ImageObject\",\"inLanguage\":\"es\",\"@id\":\"https:\\\/\\\/secure.gravatar.com\\\/avatar\\\/2cc65c460a9554cb4b76ce1ec6538c61db0db5ddd3275ef867a16f59c0d4810d?s=96&d=mm&r=g\",\"url\":\"https:\\\/\\\/secure.gravatar.com\\\/avatar\\\/2cc65c460a9554cb4b76ce1ec6538c61db0db5ddd3275ef867a16f59c0d4810d?s=96&d=mm&r=g\",\"contentUrl\":\"https:\\\/\\\/secure.gravatar.com\\\/avatar\\\/2cc65c460a9554cb4b76ce1ec6538c61db0db5ddd3275ef867a16f59c0d4810d?s=96&d=mm&r=g\",\"caption\":\"Oscar Guti\u00e9rrez Arriaga\"},\"description\":\"Licenciado en Ciencias de la Comunicaci\u00f3n por la FCPyS UNAM, comunic\u00f3logo pol\u00edtico por decisi\u00f3n, ex profesor y ahora\u2026 reportero\",\"url\":\"https:\\\/\\\/centrourbano.com\\\/revista\\\/author\\\/oscar-gutierrez\\\/\"}]}<\/script>\n<!-- \/ Yoast SEO plugin. -->","yoast_head_json":{"title":"Inmobiliaria Vesta impulsar\u00e1 9 proyectos -","description":"&nbsp; Como resultado de la oferta p\u00fablica de 108,064,445 acciones, se efectuar\u00e1 el Plan Vesta 20\/20 &nbsp; Una de las empresas l\u00edderes en el desarrollo y","robots":{"index":"index","follow":"follow","max-snippet":"max-snippet:-1","max-image-preview":"max-image-preview:large","max-video-preview":"max-video-preview:-1"},"canonical":"https:\/\/centrourbano.com\/revista\/inmobiliario\/inmobiliaria-vesta-impulsara-9-proyectos\/","og_locale":"es_ES","og_type":"article","og_title":"Inmobiliaria Vesta impulsar\u00e1 9 proyectos -","og_description":"&nbsp; Como resultado de la oferta p\u00fablica de 108,064,445 acciones, se efectuar\u00e1 el Plan Vesta 20\/20 &nbsp; Una de las empresas l\u00edderes en el desarrollo y","og_url":"https:\/\/centrourbano.com\/revista\/inmobiliario\/inmobiliaria-vesta-impulsara-9-proyectos\/","og_site_name":"Centro Urbano","article_publisher":"https:\/\/www.facebook.com\/portalcentrourbano","article_published_time":"2015-01-30T20:24:51+00:00","og_image":[{"width":350,"height":91,"url":"https:\/\/centrourbano.com\/revista\/wp-content\/uploads\/CU-logo.png","type":"image\/png"}],"author":"Oscar Guti\u00e9rrez Arriaga","twitter_card":"summary_large_image","twitter_creator":"@CentroUrbano","twitter_site":"@CentroUrbano","twitter_misc":{"Escrito por":"Oscar Guti\u00e9rrez Arriaga","Tiempo de lectura":"1 minuto"},"schema":{"@context":"https:\/\/schema.org","@graph":[{"@type":"Article","@id":"https:\/\/centrourbano.com\/revista\/inmobiliario\/inmobiliaria-vesta-impulsara-9-proyectos\/#article","isPartOf":{"@id":"https:\/\/centrourbano.com\/revista\/inmobiliario\/inmobiliaria-vesta-impulsara-9-proyectos\/"},"author":{"name":"Oscar Guti\u00e9rrez Arriaga","@id":"https:\/\/centrourbano.com\/revista\/#\/schema\/person\/feaf63a7f02383981ae55d9df478ebfb"},"headline":"Inmobiliaria Vesta impulsar\u00e1 9 proyectos","datePublished":"2015-01-30T20:24:51+00:00","mainEntityOfPage":{"@id":"https:\/\/centrourbano.com\/revista\/inmobiliario\/inmobiliaria-vesta-impulsara-9-proyectos\/"},"wordCount":247,"commentCount":0,"publisher":{"@id":"https:\/\/centrourbano.com\/revista\/#organization"},"keywords":["Vesta"],"articleSection":["Inmobiliario"],"inLanguage":"es","potentialAction":[{"@type":"CommentAction","name":"Comment","target":["https:\/\/centrourbano.com\/revista\/inmobiliario\/inmobiliaria-vesta-impulsara-9-proyectos\/#respond"]}]},{"@type":"WebPage","@id":"https:\/\/centrourbano.com\/revista\/inmobiliario\/inmobiliaria-vesta-impulsara-9-proyectos\/","url":"https:\/\/centrourbano.com\/revista\/inmobiliario\/inmobiliaria-vesta-impulsara-9-proyectos\/","name":"Inmobiliaria Vesta impulsar\u00e1 9 proyectos -","isPartOf":{"@id":"https:\/\/centrourbano.com\/revista\/#website"},"datePublished":"2015-01-30T20:24:51+00:00","description":"&nbsp; Como resultado de la oferta p\u00fablica de 108,064,445 acciones, se efectuar\u00e1 el Plan Vesta 20\/20 &nbsp; Una de las empresas l\u00edderes en el desarrollo y","breadcrumb":{"@id":"https:\/\/centrourbano.com\/revista\/inmobiliario\/inmobiliaria-vesta-impulsara-9-proyectos\/#breadcrumb"},"inLanguage":"es","potentialAction":[{"@type":"ReadAction","target":["https:\/\/centrourbano.com\/revista\/inmobiliario\/inmobiliaria-vesta-impulsara-9-proyectos\/"]}]},{"@type":"BreadcrumbList","@id":"https:\/\/centrourbano.com\/revista\/inmobiliario\/inmobiliaria-vesta-impulsara-9-proyectos\/#breadcrumb","itemListElement":[{"@type":"ListItem","position":1,"name":"Portada","item":"https:\/\/centrourbano.com\/revista\/"},{"@type":"ListItem","position":2,"name":"Inmobiliaria Vesta impulsar\u00e1 9 proyectos"}]},{"@type":"WebSite","@id":"https:\/\/centrourbano.com\/revista\/#website","url":"https:\/\/centrourbano.com\/revista\/","name":"Centro Urbano","description":"Medio especializado en los sectores vivienda, inmobiliario, construcci\u00f3n, arquitectura y urbanismo.","publisher":{"@id":"https:\/\/centrourbano.com\/revista\/#organization"},"potentialAction":[{"@type":"SearchAction","target":{"@type":"EntryPoint","urlTemplate":"https:\/\/centrourbano.com\/revista\/?s={search_term_string}"},"query-input":{"@type":"PropertyValueSpecification","valueRequired":true,"valueName":"search_term_string"}}],"inLanguage":"es"},{"@type":"Organization","@id":"https:\/\/centrourbano.com\/revista\/#organization","name":"Centro Urbano","url":"https:\/\/centrourbano.com\/revista\/","logo":{"@type":"ImageObject","inLanguage":"es","@id":"https:\/\/centrourbano.com\/revista\/#\/schema\/logo\/image\/","url":"https:\/\/centrourbano.com\/revista\/wp-content\/uploads\/web_CU_logo-1.png","contentUrl":"https:\/\/centrourbano.com\/revista\/wp-content\/uploads\/web_CU_logo-1.png","width":350,"height":91,"caption":"Centro Urbano"},"image":{"@id":"https:\/\/centrourbano.com\/revista\/#\/schema\/logo\/image\/"},"sameAs":["https:\/\/www.facebook.com\/portalcentrourbano","https:\/\/x.com\/CentroUrbano","https:\/\/www.instagram.com\/centro_urbano\/","https:\/\/www.linkedin.com\/company\/centro-urbano\/","http:\/\/www.youtube.com\/user\/portalcentrourbano"]},{"@type":"Person","@id":"https:\/\/centrourbano.com\/revista\/#\/schema\/person\/feaf63a7f02383981ae55d9df478ebfb","name":"Oscar Guti\u00e9rrez Arriaga","image":{"@type":"ImageObject","inLanguage":"es","@id":"https:\/\/secure.gravatar.com\/avatar\/2cc65c460a9554cb4b76ce1ec6538c61db0db5ddd3275ef867a16f59c0d4810d?s=96&d=mm&r=g","url":"https:\/\/secure.gravatar.com\/avatar\/2cc65c460a9554cb4b76ce1ec6538c61db0db5ddd3275ef867a16f59c0d4810d?s=96&d=mm&r=g","contentUrl":"https:\/\/secure.gravatar.com\/avatar\/2cc65c460a9554cb4b76ce1ec6538c61db0db5ddd3275ef867a16f59c0d4810d?s=96&d=mm&r=g","caption":"Oscar Guti\u00e9rrez Arriaga"},"description":"Licenciado en Ciencias de la Comunicaci\u00f3n por la FCPyS UNAM, comunic\u00f3logo pol\u00edtico por decisi\u00f3n, ex profesor y ahora\u2026 reportero","url":"https:\/\/centrourbano.com\/revista\/author\/oscar-gutierrez\/"}]}},"_links":{"self":[{"href":"https:\/\/centrourbano.com\/revista\/wp-json\/wp\/v2\/posts\/14884","targetHints":{"allow":["GET"]}}],"collection":[{"href":"https:\/\/centrourbano.com\/revista\/wp-json\/wp\/v2\/posts"}],"about":[{"href":"https:\/\/centrourbano.com\/revista\/wp-json\/wp\/v2\/types\/post"}],"author":[{"embeddable":true,"href":"https:\/\/centrourbano.com\/revista\/wp-json\/wp\/v2\/users\/29"}],"replies":[{"embeddable":true,"href":"https:\/\/centrourbano.com\/revista\/wp-json\/wp\/v2\/comments?post=14884"}],"version-history":[{"count":0,"href":"https:\/\/centrourbano.com\/revista\/wp-json\/wp\/v2\/posts\/14884\/revisions"}],"wp:attachment":[{"href":"https:\/\/centrourbano.com\/revista\/wp-json\/wp\/v2\/media?parent=14884"}],"wp:term":[{"taxonomy":"category","embeddable":true,"href":"https:\/\/centrourbano.com\/revista\/wp-json\/wp\/v2\/categories?post=14884"},{"taxonomy":"post_tag","embeddable":true,"href":"https:\/\/centrourbano.com\/revista\/wp-json\/wp\/v2\/tags?post=14884"}],"curies":[{"name":"wp","href":"https:\/\/api.w.org\/{rel}","templated":true}]}}