{"id":148762,"date":"2024-06-14T14:22:59","date_gmt":"2024-06-14T20:22:59","guid":{"rendered":"https:\/\/centrourbano.com\/revista\/?p=148762"},"modified":"2024-06-14T15:07:29","modified_gmt":"2024-06-14T21:07:29","slug":"movilidad-edomex-tarjeta-movimex","status":"publish","type":"post","link":"https:\/\/centrourbano.com\/revista\/urbanismo\/movilidad-edomex-tarjeta-movimex\/","title":{"rendered":"Movilidad en el Edomex contar\u00e1 con la nueva Tarjeta MoviMex"},"content":{"rendered":"<p><em>La nueva tarjeta tiene el objetivo de modernizar el modo de pago de la movilidad en el Edomex<\/em><!--more--><\/p>\n<p>El Gobierno del Estado de M\u00e9xico (<a href=\"https:\/\/edomex.gob.mx\/\" target=\"_blank\" rel=\"noopener\">GEM<\/a>) present\u00f3 la nueva <strong>tarjeta Movimex<\/strong>, herramienta que realizar\u00e1 los <strong>pagos electr\u00f3nicos<\/strong> del sistema de <strong>transporte <\/strong>de la entidad. De esta forma, la actual administraci\u00f3n busca ofrecer soluciones concretas y efectivas para mejorar la movilidad en el Edomex.<\/p>\n<p>Durante la presentaci\u00f3n, Delfina G\u00f3mez \u00c1lvarez, gobernadora del estado, resalt\u00f3 que la nueva tarjeta tiene el objetivo de modernizar el modo de pago de la movilidad en el Edomex, ya que este m\u00e9todo brindar\u00e1 acceso a diferentes medios de transporte.<\/p>\n<blockquote><p>\u201cLa movilidad es un tema prioritario en la agenda del gobierno actual, el pueblo merece un sistema de movilidad digno y por ello trabajamos en su transformaci\u00f3n y en su modernizaci\u00f3n\u201d, coment\u00f3.<\/p><\/blockquote>\n<p>Cabe mencionar que, a trav\u00e9s del <strong>concurso Movimex<\/strong>, el GEM recibi\u00f3 un gran n\u00famero de propuestas para la nueva imagen de la tarjeta. Emilio Valencia Rodr\u00edguez es el <strong>ganador <\/strong>de este reconocimiento, por lo que su <strong>dise\u00f1o ser\u00e1 utilizado en la tarjeta<\/strong>, el cual incluye los <strong>logos de los transportes que aceptar\u00e1n este m\u00e9todo de pago<\/strong>.<\/p>\n<h2>Acciones de Movilidad en el Edomex<\/h2>\n<p>Durante el evento, la Gobernadora tambi\u00e9n indic\u00f3 que, durante la primera mitad de este a\u00f1o, su administraci\u00f3n ha realizado acciones para garantizar el derecho a la movilidad en el <a href=\"https:\/\/centrourbano.com\/revista\/urbanismo\/edomex-tendra-nueva-ley-de-movilidad\/\" target=\"_blank\" rel=\"noopener\">Edomex<\/a>. En ese sentido, el GEM ha enfocado parte de sus esfuerzos en <strong>regularizar al transporte p\u00fablico<\/strong>; as\u00ed como ha atendido al proyecto de la <strong>tercera l\u00ednea del Mexicable en Naucalpan<\/strong>; b\u00fasqueda de la operaci\u00f3n <strong>autobuses el\u00e9ctricos en Ecatepec<\/strong> y la certificaci\u00f3n de operadores.<\/p>\n<p>Por otro lado, G\u00f3mez \u00c1lvarez anunci\u00f3 que, a partir del pr\u00f3ximo 1 de julio, el servicio de <strong>Mexib\u00fas y Mexicable ser\u00e1 gratuito para los adultos mayores, personas con discapacidad y ni\u00f1os<\/strong> menores de cinco a\u00f1os. Esfuerzo que busca atender a los grupos vulnerables del estado.<\/p>\n<p>Adem\u00e1s, la funcionaria afirm\u00f3 que, a partir de la misma fecha, los usuarios del <strong>Mexib\u00fas y Mexicable ya no deber\u00e1n pagar los transbordos<\/strong> como una tarifa adicional.<\/p>\n<blockquote><p>\u201cHoy me siento muy contenta de anunciarles la gratuidad en los medios de transporte masivo para ni\u00f1os y ni\u00f1as menores de cinco a\u00f1os, personas adultas mayores y con discapacidad. Ustedes ahora podr\u00e1n hacer uso del Mexicable, del Mexib\u00fas, as\u00ed como de su transbordo sin costo alguno\u201d, indic\u00f3.<\/p><\/blockquote>\n<p>&nbsp;<\/p>\n<img loading=\"lazy\" decoding=\"async\" class=\"aligncenter size-large wp-image-148764\" src=\"https:\/\/centrourbano.com\/revista\/wp-content\/uploads\/w2_2515_7-790x1000.jpg\" alt=\"Movilidad en el Edomex contar\u00e1 con la nueva Tarjeta MoviMex\" width=\"790\" height=\"1000\" srcset=\"https:\/\/centrourbano.com\/revista\/wp-content\/uploads\/w2_2515_7-790x1000.jpg 790w, https:\/\/centrourbano.com\/revista\/wp-content\/uploads\/w2_2515_7-237x300.jpg 237w, https:\/\/centrourbano.com\/revista\/wp-content\/uploads\/w2_2515_7-768x972.jpg 768w, https:\/\/centrourbano.com\/revista\/wp-content\/uploads\/w2_2515_7.jpg 1185w\" sizes=\"auto, (max-width: 790px) 100vw, 790px\" \/>\n","protected":false},"excerpt":{"rendered":"<p>La nueva tarjeta tiene el objetivo de modernizar el modo de pago de la movilidad en el Edomex<\/p>\n","protected":false},"author":88,"featured_media":148763,"comment_status":"open","ping_status":"closed","sticky":false,"template":"","format":"standard","meta":{"om_disable_all_campaigns":false,"inline_featured_image":false,"_monsterinsights_skip_tracking":false,"_monsterinsights_sitenote_active":false,"_monsterinsights_sitenote_note":"","_monsterinsights_sitenote_category":0,"footnotes":""},"categories":[82],"tags":[22023,24377,24378],"class_list":["post-148762","post","type-post","status-publish","format-standard","has-post-thumbnail","hentry","category-urbanismo","tag-gobierno-del-estado-de-mexico-gem","tag-movilidad-edomex","tag-tarjeta-movimex"],"yoast_head":"<!-- This site is optimized with the Yoast SEO plugin v27.5 - https:\/\/yoast.com\/product\/yoast-seo-wordpress\/ -->\n<title>Movilidad en el Edomex contar\u00e1 con la nueva Tarjeta MoviMex<\/title>\n<meta name=\"description\" content=\"Para fortalecer la movilidad en el Edomex, el GEM eliminar\u00e1 el cobro de transbordos entre el servicio de Mexib\u00fas y Mexicable.\" \/>\n<meta name=\"robots\" content=\"index, follow, max-snippet:-1, max-image-preview:large, max-video-preview:-1\" \/>\n<link rel=\"canonical\" href=\"https:\/\/centrourbano.com\/revista\/urbanismo\/movilidad-edomex-tarjeta-movimex\/\" \/>\n<meta property=\"og:locale\" content=\"es_ES\" \/>\n<meta property=\"og:type\" content=\"article\" \/>\n<meta property=\"og:title\" content=\"Movilidad en el Edomex contar\u00e1 con la nueva Tarjeta MoviMex\" \/>\n<meta property=\"og:description\" content=\"Para fortalecer la movilidad en el Edomex, el GEM eliminar\u00e1 el cobro de transbordos entre el servicio de Mexib\u00fas y Mexicable.\" \/>\n<meta property=\"og:url\" content=\"https:\/\/centrourbano.com\/revista\/urbanismo\/movilidad-edomex-tarjeta-movimex\/\" \/>\n<meta property=\"og:site_name\" content=\"Centro Urbano\" \/>\n<meta property=\"article:publisher\" content=\"https:\/\/www.facebook.com\/portalcentrourbano\" \/>\n<meta property=\"article:published_time\" content=\"2024-06-14T20:22:59+00:00\" \/>\n<meta property=\"article:modified_time\" content=\"2024-06-14T21:07:29+00:00\" \/>\n<meta property=\"og:image\" content=\"https:\/\/centrourbano.com\/revista\/wp-content\/uploads\/tarjeta-1.jpg\" \/>\n\t<meta property=\"og:image:width\" content=\"800\" \/>\n\t<meta property=\"og:image:height\" content=\"800\" \/>\n\t<meta property=\"og:image:type\" content=\"image\/jpeg\" \/>\n<meta name=\"author\" content=\"Rebeca Romero\" \/>\n<meta name=\"twitter:card\" content=\"summary_large_image\" \/>\n<meta name=\"twitter:creator\" content=\"@CentroUrbano\" \/>\n<meta name=\"twitter:site\" content=\"@CentroUrbano\" \/>\n<meta name=\"twitter:label1\" content=\"Escrito por\" \/>\n\t<meta name=\"twitter:data1\" content=\"Rebeca Romero\" \/>\n\t<meta name=\"twitter:label2\" content=\"Tiempo de lectura\" \/>\n\t<meta name=\"twitter:data2\" content=\"2 minutos\" \/>\n<script type=\"application\/ld+json\" class=\"yoast-schema-graph\">{\"@context\":\"https:\\\/\\\/schema.org\",\"@graph\":[{\"@type\":\"Article\",\"@id\":\"https:\\\/\\\/centrourbano.com\\\/revista\\\/urbanismo\\\/movilidad-edomex-tarjeta-movimex\\\/#article\",\"isPartOf\":{\"@id\":\"https:\\\/\\\/centrourbano.com\\\/revista\\\/urbanismo\\\/movilidad-edomex-tarjeta-movimex\\\/\"},\"author\":{\"name\":\"Rebeca Romero\",\"@id\":\"https:\\\/\\\/centrourbano.com\\\/revista\\\/#\\\/schema\\\/person\\\/c665f1c60da3ad48cd761a707b7090b0\"},\"headline\":\"Movilidad en el Edomex contar\u00e1 con la nueva Tarjeta MoviMex\",\"datePublished\":\"2024-06-14T20:22:59+00:00\",\"dateModified\":\"2024-06-14T21:07:29+00:00\",\"mainEntityOfPage\":{\"@id\":\"https:\\\/\\\/centrourbano.com\\\/revista\\\/urbanismo\\\/movilidad-edomex-tarjeta-movimex\\\/\"},\"wordCount\":434,\"commentCount\":0,\"publisher\":{\"@id\":\"https:\\\/\\\/centrourbano.com\\\/revista\\\/#organization\"},\"image\":{\"@id\":\"https:\\\/\\\/centrourbano.com\\\/revista\\\/urbanismo\\\/movilidad-edomex-tarjeta-movimex\\\/#primaryimage\"},\"thumbnailUrl\":\"https:\\\/\\\/centrourbano.com\\\/revista\\\/wp-content\\\/uploads\\\/tarjeta-1.jpg\",\"keywords\":[\"Gobierno del Estado de M\u00e9xico (GEM)\",\"Movilidad Edomex\",\"Tarjeta MoviMex\"],\"articleSection\":[\"Urbanismo\"],\"inLanguage\":\"es\",\"potentialAction\":[{\"@type\":\"CommentAction\",\"name\":\"Comment\",\"target\":[\"https:\\\/\\\/centrourbano.com\\\/revista\\\/urbanismo\\\/movilidad-edomex-tarjeta-movimex\\\/#respond\"]}]},{\"@type\":\"WebPage\",\"@id\":\"https:\\\/\\\/centrourbano.com\\\/revista\\\/urbanismo\\\/movilidad-edomex-tarjeta-movimex\\\/\",\"url\":\"https:\\\/\\\/centrourbano.com\\\/revista\\\/urbanismo\\\/movilidad-edomex-tarjeta-movimex\\\/\",\"name\":\"Movilidad en el Edomex contar\u00e1 con la nueva Tarjeta MoviMex\",\"isPartOf\":{\"@id\":\"https:\\\/\\\/centrourbano.com\\\/revista\\\/#website\"},\"primaryImageOfPage\":{\"@id\":\"https:\\\/\\\/centrourbano.com\\\/revista\\\/urbanismo\\\/movilidad-edomex-tarjeta-movimex\\\/#primaryimage\"},\"image\":{\"@id\":\"https:\\\/\\\/centrourbano.com\\\/revista\\\/urbanismo\\\/movilidad-edomex-tarjeta-movimex\\\/#primaryimage\"},\"thumbnailUrl\":\"https:\\\/\\\/centrourbano.com\\\/revista\\\/wp-content\\\/uploads\\\/tarjeta-1.jpg\",\"datePublished\":\"2024-06-14T20:22:59+00:00\",\"dateModified\":\"2024-06-14T21:07:29+00:00\",\"description\":\"Para fortalecer la movilidad en el Edomex, el GEM eliminar\u00e1 el cobro de transbordos entre el servicio de Mexib\u00fas y Mexicable.\",\"breadcrumb\":{\"@id\":\"https:\\\/\\\/centrourbano.com\\\/revista\\\/urbanismo\\\/movilidad-edomex-tarjeta-movimex\\\/#breadcrumb\"},\"inLanguage\":\"es\",\"potentialAction\":[{\"@type\":\"ReadAction\",\"target\":[\"https:\\\/\\\/centrourbano.com\\\/revista\\\/urbanismo\\\/movilidad-edomex-tarjeta-movimex\\\/\"]}]},{\"@type\":\"ImageObject\",\"inLanguage\":\"es\",\"@id\":\"https:\\\/\\\/centrourbano.com\\\/revista\\\/urbanismo\\\/movilidad-edomex-tarjeta-movimex\\\/#primaryimage\",\"url\":\"https:\\\/\\\/centrourbano.com\\\/revista\\\/wp-content\\\/uploads\\\/tarjeta-1.jpg\",\"contentUrl\":\"https:\\\/\\\/centrourbano.com\\\/revista\\\/wp-content\\\/uploads\\\/tarjeta-1.jpg\",\"width\":800,\"height\":800,\"caption\":\"Movilidad en el Edomex contar\u00e1 con la nueva Tarjeta MoviMex\"},{\"@type\":\"BreadcrumbList\",\"@id\":\"https:\\\/\\\/centrourbano.com\\\/revista\\\/urbanismo\\\/movilidad-edomex-tarjeta-movimex\\\/#breadcrumb\",\"itemListElement\":[{\"@type\":\"ListItem\",\"position\":1,\"name\":\"Portada\",\"item\":\"https:\\\/\\\/centrourbano.com\\\/revista\\\/\"},{\"@type\":\"ListItem\",\"position\":2,\"name\":\"Movilidad en el Edomex contar\u00e1 con la nueva Tarjeta MoviMex\"}]},{\"@type\":\"WebSite\",\"@id\":\"https:\\\/\\\/centrourbano.com\\\/revista\\\/#website\",\"url\":\"https:\\\/\\\/centrourbano.com\\\/revista\\\/\",\"name\":\"Centro Urbano\",\"description\":\"Medio especializado en los sectores vivienda, inmobiliario, construcci\u00f3n, arquitectura y urbanismo.\",\"publisher\":{\"@id\":\"https:\\\/\\\/centrourbano.com\\\/revista\\\/#organization\"},\"potentialAction\":[{\"@type\":\"SearchAction\",\"target\":{\"@type\":\"EntryPoint\",\"urlTemplate\":\"https:\\\/\\\/centrourbano.com\\\/revista\\\/?s={search_term_string}\"},\"query-input\":{\"@type\":\"PropertyValueSpecification\",\"valueRequired\":true,\"valueName\":\"search_term_string\"}}],\"inLanguage\":\"es\"},{\"@type\":\"Organization\",\"@id\":\"https:\\\/\\\/centrourbano.com\\\/revista\\\/#organization\",\"name\":\"Centro Urbano\",\"url\":\"https:\\\/\\\/centrourbano.com\\\/revista\\\/\",\"logo\":{\"@type\":\"ImageObject\",\"inLanguage\":\"es\",\"@id\":\"https:\\\/\\\/centrourbano.com\\\/revista\\\/#\\\/schema\\\/logo\\\/image\\\/\",\"url\":\"https:\\\/\\\/centrourbano.com\\\/revista\\\/wp-content\\\/uploads\\\/web_CU_logo-1.png\",\"contentUrl\":\"https:\\\/\\\/centrourbano.com\\\/revista\\\/wp-content\\\/uploads\\\/web_CU_logo-1.png\",\"width\":350,\"height\":91,\"caption\":\"Centro Urbano\"},\"image\":{\"@id\":\"https:\\\/\\\/centrourbano.com\\\/revista\\\/#\\\/schema\\\/logo\\\/image\\\/\"},\"sameAs\":[\"https:\\\/\\\/www.facebook.com\\\/portalcentrourbano\",\"https:\\\/\\\/x.com\\\/CentroUrbano\",\"https:\\\/\\\/www.instagram.com\\\/centro_urbano\\\/\",\"https:\\\/\\\/www.linkedin.com\\\/company\\\/centro-urbano\\\/\",\"http:\\\/\\\/www.youtube.com\\\/user\\\/portalcentrourbano\"]},{\"@type\":\"Person\",\"@id\":\"https:\\\/\\\/centrourbano.com\\\/revista\\\/#\\\/schema\\\/person\\\/c665f1c60da3ad48cd761a707b7090b0\",\"name\":\"Rebeca Romero\",\"image\":{\"@type\":\"ImageObject\",\"inLanguage\":\"es\",\"@id\":\"https:\\\/\\\/secure.gravatar.com\\\/avatar\\\/aee0068ae3cc041082e0e84a8258fe5ccc00a733f187bde73b0b40d86b892826?s=96&d=mm&r=g\",\"url\":\"https:\\\/\\\/secure.gravatar.com\\\/avatar\\\/aee0068ae3cc041082e0e84a8258fe5ccc00a733f187bde73b0b40d86b892826?s=96&d=mm&r=g\",\"contentUrl\":\"https:\\\/\\\/secure.gravatar.com\\\/avatar\\\/aee0068ae3cc041082e0e84a8258fe5ccc00a733f187bde73b0b40d86b892826?s=96&d=mm&r=g\",\"caption\":\"Rebeca Romero\"},\"url\":\"https:\\\/\\\/centrourbano.com\\\/revista\\\/author\\\/rebeca-romero\\\/\"}]}<\/script>\n<!-- \/ Yoast SEO plugin. -->","yoast_head_json":{"title":"Movilidad en el Edomex contar\u00e1 con la nueva Tarjeta MoviMex","description":"Para fortalecer la movilidad en el Edomex, el GEM eliminar\u00e1 el cobro de transbordos entre el servicio de Mexib\u00fas y Mexicable.","robots":{"index":"index","follow":"follow","max-snippet":"max-snippet:-1","max-image-preview":"max-image-preview:large","max-video-preview":"max-video-preview:-1"},"canonical":"https:\/\/centrourbano.com\/revista\/urbanismo\/movilidad-edomex-tarjeta-movimex\/","og_locale":"es_ES","og_type":"article","og_title":"Movilidad en el Edomex contar\u00e1 con la nueva Tarjeta MoviMex","og_description":"Para fortalecer la movilidad en el Edomex, el GEM eliminar\u00e1 el cobro de transbordos entre el servicio de Mexib\u00fas y Mexicable.","og_url":"https:\/\/centrourbano.com\/revista\/urbanismo\/movilidad-edomex-tarjeta-movimex\/","og_site_name":"Centro Urbano","article_publisher":"https:\/\/www.facebook.com\/portalcentrourbano","article_published_time":"2024-06-14T20:22:59+00:00","article_modified_time":"2024-06-14T21:07:29+00:00","og_image":[{"width":800,"height":800,"url":"https:\/\/centrourbano.com\/revista\/wp-content\/uploads\/tarjeta-1.jpg","type":"image\/jpeg"}],"author":"Rebeca Romero","twitter_card":"summary_large_image","twitter_creator":"@CentroUrbano","twitter_site":"@CentroUrbano","twitter_misc":{"Escrito por":"Rebeca Romero","Tiempo de lectura":"2 minutos"},"schema":{"@context":"https:\/\/schema.org","@graph":[{"@type":"Article","@id":"https:\/\/centrourbano.com\/revista\/urbanismo\/movilidad-edomex-tarjeta-movimex\/#article","isPartOf":{"@id":"https:\/\/centrourbano.com\/revista\/urbanismo\/movilidad-edomex-tarjeta-movimex\/"},"author":{"name":"Rebeca Romero","@id":"https:\/\/centrourbano.com\/revista\/#\/schema\/person\/c665f1c60da3ad48cd761a707b7090b0"},"headline":"Movilidad en el Edomex contar\u00e1 con la nueva Tarjeta MoviMex","datePublished":"2024-06-14T20:22:59+00:00","dateModified":"2024-06-14T21:07:29+00:00","mainEntityOfPage":{"@id":"https:\/\/centrourbano.com\/revista\/urbanismo\/movilidad-edomex-tarjeta-movimex\/"},"wordCount":434,"commentCount":0,"publisher":{"@id":"https:\/\/centrourbano.com\/revista\/#organization"},"image":{"@id":"https:\/\/centrourbano.com\/revista\/urbanismo\/movilidad-edomex-tarjeta-movimex\/#primaryimage"},"thumbnailUrl":"https:\/\/centrourbano.com\/revista\/wp-content\/uploads\/tarjeta-1.jpg","keywords":["Gobierno del Estado de M\u00e9xico (GEM)","Movilidad Edomex","Tarjeta MoviMex"],"articleSection":["Urbanismo"],"inLanguage":"es","potentialAction":[{"@type":"CommentAction","name":"Comment","target":["https:\/\/centrourbano.com\/revista\/urbanismo\/movilidad-edomex-tarjeta-movimex\/#respond"]}]},{"@type":"WebPage","@id":"https:\/\/centrourbano.com\/revista\/urbanismo\/movilidad-edomex-tarjeta-movimex\/","url":"https:\/\/centrourbano.com\/revista\/urbanismo\/movilidad-edomex-tarjeta-movimex\/","name":"Movilidad en el Edomex contar\u00e1 con la nueva Tarjeta MoviMex","isPartOf":{"@id":"https:\/\/centrourbano.com\/revista\/#website"},"primaryImageOfPage":{"@id":"https:\/\/centrourbano.com\/revista\/urbanismo\/movilidad-edomex-tarjeta-movimex\/#primaryimage"},"image":{"@id":"https:\/\/centrourbano.com\/revista\/urbanismo\/movilidad-edomex-tarjeta-movimex\/#primaryimage"},"thumbnailUrl":"https:\/\/centrourbano.com\/revista\/wp-content\/uploads\/tarjeta-1.jpg","datePublished":"2024-06-14T20:22:59+00:00","dateModified":"2024-06-14T21:07:29+00:00","description":"Para fortalecer la movilidad en el Edomex, el GEM eliminar\u00e1 el cobro de transbordos entre el servicio de Mexib\u00fas y Mexicable.","breadcrumb":{"@id":"https:\/\/centrourbano.com\/revista\/urbanismo\/movilidad-edomex-tarjeta-movimex\/#breadcrumb"},"inLanguage":"es","potentialAction":[{"@type":"ReadAction","target":["https:\/\/centrourbano.com\/revista\/urbanismo\/movilidad-edomex-tarjeta-movimex\/"]}]},{"@type":"ImageObject","inLanguage":"es","@id":"https:\/\/centrourbano.com\/revista\/urbanismo\/movilidad-edomex-tarjeta-movimex\/#primaryimage","url":"https:\/\/centrourbano.com\/revista\/wp-content\/uploads\/tarjeta-1.jpg","contentUrl":"https:\/\/centrourbano.com\/revista\/wp-content\/uploads\/tarjeta-1.jpg","width":800,"height":800,"caption":"Movilidad en el Edomex contar\u00e1 con la nueva Tarjeta MoviMex"},{"@type":"BreadcrumbList","@id":"https:\/\/centrourbano.com\/revista\/urbanismo\/movilidad-edomex-tarjeta-movimex\/#breadcrumb","itemListElement":[{"@type":"ListItem","position":1,"name":"Portada","item":"https:\/\/centrourbano.com\/revista\/"},{"@type":"ListItem","position":2,"name":"Movilidad en el Edomex contar\u00e1 con la nueva Tarjeta MoviMex"}]},{"@type":"WebSite","@id":"https:\/\/centrourbano.com\/revista\/#website","url":"https:\/\/centrourbano.com\/revista\/","name":"Centro Urbano","description":"Medio especializado en los sectores vivienda, inmobiliario, construcci\u00f3n, arquitectura y urbanismo.","publisher":{"@id":"https:\/\/centrourbano.com\/revista\/#organization"},"potentialAction":[{"@type":"SearchAction","target":{"@type":"EntryPoint","urlTemplate":"https:\/\/centrourbano.com\/revista\/?s={search_term_string}"},"query-input":{"@type":"PropertyValueSpecification","valueRequired":true,"valueName":"search_term_string"}}],"inLanguage":"es"},{"@type":"Organization","@id":"https:\/\/centrourbano.com\/revista\/#organization","name":"Centro Urbano","url":"https:\/\/centrourbano.com\/revista\/","logo":{"@type":"ImageObject","inLanguage":"es","@id":"https:\/\/centrourbano.com\/revista\/#\/schema\/logo\/image\/","url":"https:\/\/centrourbano.com\/revista\/wp-content\/uploads\/web_CU_logo-1.png","contentUrl":"https:\/\/centrourbano.com\/revista\/wp-content\/uploads\/web_CU_logo-1.png","width":350,"height":91,"caption":"Centro Urbano"},"image":{"@id":"https:\/\/centrourbano.com\/revista\/#\/schema\/logo\/image\/"},"sameAs":["https:\/\/www.facebook.com\/portalcentrourbano","https:\/\/x.com\/CentroUrbano","https:\/\/www.instagram.com\/centro_urbano\/","https:\/\/www.linkedin.com\/company\/centro-urbano\/","http:\/\/www.youtube.com\/user\/portalcentrourbano"]},{"@type":"Person","@id":"https:\/\/centrourbano.com\/revista\/#\/schema\/person\/c665f1c60da3ad48cd761a707b7090b0","name":"Rebeca Romero","image":{"@type":"ImageObject","inLanguage":"es","@id":"https:\/\/secure.gravatar.com\/avatar\/aee0068ae3cc041082e0e84a8258fe5ccc00a733f187bde73b0b40d86b892826?s=96&d=mm&r=g","url":"https:\/\/secure.gravatar.com\/avatar\/aee0068ae3cc041082e0e84a8258fe5ccc00a733f187bde73b0b40d86b892826?s=96&d=mm&r=g","contentUrl":"https:\/\/secure.gravatar.com\/avatar\/aee0068ae3cc041082e0e84a8258fe5ccc00a733f187bde73b0b40d86b892826?s=96&d=mm&r=g","caption":"Rebeca Romero"},"url":"https:\/\/centrourbano.com\/revista\/author\/rebeca-romero\/"}]}},"_links":{"self":[{"href":"https:\/\/centrourbano.com\/revista\/wp-json\/wp\/v2\/posts\/148762","targetHints":{"allow":["GET"]}}],"collection":[{"href":"https:\/\/centrourbano.com\/revista\/wp-json\/wp\/v2\/posts"}],"about":[{"href":"https:\/\/centrourbano.com\/revista\/wp-json\/wp\/v2\/types\/post"}],"author":[{"embeddable":true,"href":"https:\/\/centrourbano.com\/revista\/wp-json\/wp\/v2\/users\/88"}],"replies":[{"embeddable":true,"href":"https:\/\/centrourbano.com\/revista\/wp-json\/wp\/v2\/comments?post=148762"}],"version-history":[{"count":1,"href":"https:\/\/centrourbano.com\/revista\/wp-json\/wp\/v2\/posts\/148762\/revisions"}],"predecessor-version":[{"id":148765,"href":"https:\/\/centrourbano.com\/revista\/wp-json\/wp\/v2\/posts\/148762\/revisions\/148765"}],"wp:featuredmedia":[{"embeddable":true,"href":"https:\/\/centrourbano.com\/revista\/wp-json\/wp\/v2\/media\/148763"}],"wp:attachment":[{"href":"https:\/\/centrourbano.com\/revista\/wp-json\/wp\/v2\/media?parent=148762"}],"wp:term":[{"taxonomy":"category","embeddable":true,"href":"https:\/\/centrourbano.com\/revista\/wp-json\/wp\/v2\/categories?post=148762"},{"taxonomy":"post_tag","embeddable":true,"href":"https:\/\/centrourbano.com\/revista\/wp-json\/wp\/v2\/tags?post=148762"}],"curies":[{"name":"wp","href":"https:\/\/api.w.org\/{rel}","templated":true}]}}