{"id":148616,"date":"2024-06-07T09:00:25","date_gmt":"2024-06-07T15:00:25","guid":{"rendered":"https:\/\/centrourbano.com\/revista\/?p=148616"},"modified":"2024-06-07T15:46:48","modified_gmt":"2024-06-07T21:46:48","slug":"som-torre-uso-mixto-zapopan","status":"publish","type":"post","link":"https:\/\/centrourbano.com\/revista\/arquitectura-2\/som-torre-uso-mixto-zapopan\/","title":{"rendered":"SOM construye la torre de uso mixto m\u00e1s alta de Zapopan"},"content":{"rendered":"<p><em>La nueva torre, que alcanzar\u00e1 una altura de 190 metros, comenz\u00f3 a construirse el 24 de mayo, e incluir\u00e1 vivienda, un hotel y otros servicios<\/em><!--more--><\/p>\n<p>La firma de arquitectura e ingenier\u00eda estadounidense <strong>Skidmore, Owings &amp; Merrill<\/strong> (<strong>SOM<\/strong>), en colaboraci\u00f3n con el despacho mexicano <strong>Estudio AMA<\/strong>, construye la <strong>torre Legend<\/strong>, que se convertir\u00e1 en el edificio m\u00e1s alto de la ciudad de Zapopan, Jalisco.<\/p>\n<p>El nuevo proyecto de <strong>usos mixtos<\/strong>, que alcanzar\u00e1 una altura de 190 metros con 52 niveles, comenz\u00f3 a construirse el pasado 24 de mayo en el distrito de <strong>Andares Zapopan<\/strong>, e incluir\u00e1 vivienda, un hotel y otros servicios.<\/p>\n<p>El dise\u00f1o de la torre muestra una <strong>fachada de concreto<\/strong> con agregados minerales de origen local, lo que crea una paleta y textura que refleja los materiales naturales de la regi\u00f3n, al tiempo que se reduce el deslumbramiento solar y se filtra la luz natural en el interior del edificio.<\/p>\n<a href=\"https:\/\/centrourbano.com\/revista\/wp-content\/uploads\/som-breaks-ground-on-the-tallest-mixed-use-tower-in-andares-zapopan-district-of-guadalajara-mexico_5.jpg\" target=\"_blank\" rel=\"noopener\"><img loading=\"lazy\" decoding=\"async\" class=\"aligncenter wp-image-148646 \" src=\"https:\/\/centrourbano.com\/revista\/wp-content\/uploads\/som-breaks-ground-on-the-tallest-mixed-use-tower-in-andares-zapopan-district-of-guadalajara-mexico_5.jpg\" alt=\"\" width=\"703\" height=\"286\" srcset=\"https:\/\/centrourbano.com\/revista\/wp-content\/uploads\/som-breaks-ground-on-the-tallest-mixed-use-tower-in-andares-zapopan-district-of-guadalajara-mexico_5.jpg 1200w, https:\/\/centrourbano.com\/revista\/wp-content\/uploads\/som-breaks-ground-on-the-tallest-mixed-use-tower-in-andares-zapopan-district-of-guadalajara-mexico_5-300x122.jpg 300w, https:\/\/centrourbano.com\/revista\/wp-content\/uploads\/som-breaks-ground-on-the-tallest-mixed-use-tower-in-andares-zapopan-district-of-guadalajara-mexico_5-1000x407.jpg 1000w, https:\/\/centrourbano.com\/revista\/wp-content\/uploads\/som-breaks-ground-on-the-tallest-mixed-use-tower-in-andares-zapopan-district-of-guadalajara-mexico_5-768x312.jpg 768w\" sizes=\"auto, (max-width: 703px) 100vw, 703px\" \/><\/a>\n<p><!--more--><\/p>\n<p>Adem\u00e1s, de acuerdo con <strong>SOM<\/strong>, la <strong>fachada texturizada<\/strong> de la torre est\u00e1 planeada para alinearse con el car\u00e1cter del distrito, aunque tiene el objetivo de definir una imagen mucho m\u00e1s c\u00e1lida para el desarrollo, alejada de la apariencia t\u00e9cnica generalmente asociada con los rascacielos.<\/p>\n<p>Legend contar\u00e1 con 7,500 metros cuadrados de espacio de <strong>oficinas<\/strong>, 190 habitaciones del <strong>hotel Canopy by Hilton<\/strong>, y 178 <strong>unidades residenciales de lujo<\/strong> en los pisos m\u00e1s altos, adem\u00e1s de espacios comerciales y servicios de bienestar y comunitarios.<\/p>\n<p>Asimismo, el proyecto se dise\u00f1\u00f3 con un <strong>concepto de vida interior-exterior<\/strong>, que se materializar\u00e1 a trav\u00e9s de caracter\u00edsticas como terrazas escalonadas y el patio comercial en el nivel del suelo.<\/p>\n<p>\u201c<strong>Legend<\/strong> es un proyecto que es de su \u00e9poca y lugar, aportando estatura internacional arraigada en la cultura, los materiales y la artesan\u00eda local. El dise\u00f1o trae una arquitectura expresiva de masa y peso con un sentido de proporci\u00f3n \u00fanico en la regi\u00f3n\u201d, dijo <strong>Jos\u00e9 Luis Palacios, dise\u00f1ador principal de SOM<\/strong>.<\/p>\n<a href=\"https:\/\/centrourbano.com\/revista\/wp-content\/uploads\/som-breaks-ground-on-the-tallest-mixed-use-tower-in-andares-zapopan-district-of-guadalajara-mexico_6.jpg\" target=\"_blank\" rel=\"noopener\"><img loading=\"lazy\" decoding=\"async\" class=\"aligncenter wp-image-148647 \" src=\"https:\/\/centrourbano.com\/revista\/wp-content\/uploads\/som-breaks-ground-on-the-tallest-mixed-use-tower-in-andares-zapopan-district-of-guadalajara-mexico_6.jpg\" alt=\"\" width=\"451\" height=\"685\" srcset=\"https:\/\/centrourbano.com\/revista\/wp-content\/uploads\/som-breaks-ground-on-the-tallest-mixed-use-tower-in-andares-zapopan-district-of-guadalajara-mexico_6.jpg 658w, https:\/\/centrourbano.com\/revista\/wp-content\/uploads\/som-breaks-ground-on-the-tallest-mixed-use-tower-in-andares-zapopan-district-of-guadalajara-mexico_6-197x300.jpg 197w\" sizes=\"auto, (max-width: 451px) 100vw, 451px\" \/><\/a>\n","protected":false},"excerpt":{"rendered":"<p>La nueva torre, que alcanzar\u00e1 una altura de 190 metros, comenz\u00f3 a construirse el 24 de mayo, e incluir\u00e1 vivienda, un hotel y otros servicios<\/p>\n","protected":false},"author":73,"featured_media":148617,"comment_status":"open","ping_status":"closed","sticky":false,"template":"","format":"standard","meta":{"om_disable_all_campaigns":false,"inline_featured_image":false,"_monsterinsights_skip_tracking":false,"_monsterinsights_sitenote_active":false,"_monsterinsights_sitenote_note":"","_monsterinsights_sitenote_category":0,"footnotes":""},"categories":[81],"tags":[],"class_list":["post-148616","post","type-post","status-publish","format-standard","has-post-thumbnail","hentry","category-arquitectura-2"],"yoast_head":"<!-- This site is optimized with the Yoast SEO plugin v27.5 - https:\/\/yoast.com\/product\/yoast-seo-wordpress\/ -->\n<title>SOM construye la torre de uso mixto m\u00e1s alta de Zapopan<\/title>\n<meta name=\"description\" content=\"La nueva torre, que alcanzar\u00e1 una altura de 190 metros, comenz\u00f3 a construirse el 24 de mayo, e incluir\u00e1 vivienda, un hotel y otros servicios\" \/>\n<meta name=\"robots\" content=\"index, follow, max-snippet:-1, max-image-preview:large, max-video-preview:-1\" \/>\n<link rel=\"canonical\" href=\"https:\/\/centrourbano.com\/revista\/arquitectura-2\/som-torre-uso-mixto-zapopan\/\" \/>\n<meta property=\"og:locale\" content=\"es_ES\" \/>\n<meta property=\"og:type\" content=\"article\" \/>\n<meta property=\"og:title\" content=\"SOM construye la torre de uso mixto m\u00e1s alta de Zapopan\" \/>\n<meta property=\"og:description\" content=\"La nueva torre, que alcanzar\u00e1 una altura de 190 metros, comenz\u00f3 a construirse el 24 de mayo, e incluir\u00e1 vivienda, un hotel y otros servicios\" \/>\n<meta property=\"og:url\" content=\"https:\/\/centrourbano.com\/revista\/arquitectura-2\/som-torre-uso-mixto-zapopan\/\" \/>\n<meta property=\"og:site_name\" content=\"Centro Urbano\" \/>\n<meta property=\"article:publisher\" content=\"https:\/\/www.facebook.com\/portalcentrourbano\" \/>\n<meta property=\"article:published_time\" content=\"2024-06-07T15:00:25+00:00\" \/>\n<meta property=\"article:modified_time\" content=\"2024-06-07T21:46:48+00:00\" \/>\n<meta property=\"og:image\" content=\"https:\/\/centrourbano.com\/revista\/wp-content\/uploads\/SOM-construye-la-torre-de-uso-mixto-ma\u0301s-alta-de-Zapopan.jpg\" \/>\n\t<meta property=\"og:image:width\" content=\"800\" \/>\n\t<meta property=\"og:image:height\" content=\"673\" \/>\n\t<meta property=\"og:image:type\" content=\"image\/jpeg\" \/>\n<meta name=\"author\" content=\"Fernanda Hern\u00e1ndez\" \/>\n<meta name=\"twitter:card\" content=\"summary_large_image\" \/>\n<meta name=\"twitter:creator\" content=\"@https:\/\/twitter.com\/Nannz_Hernandez\" \/>\n<meta name=\"twitter:site\" content=\"@CentroUrbano\" \/>\n<meta name=\"twitter:label1\" content=\"Escrito por\" \/>\n\t<meta name=\"twitter:data1\" content=\"Fernanda Hern\u00e1ndez\" \/>\n\t<meta name=\"twitter:label2\" content=\"Tiempo de lectura\" \/>\n\t<meta name=\"twitter:data2\" content=\"3 minutos\" \/>\n<script type=\"application\/ld+json\" class=\"yoast-schema-graph\">{\"@context\":\"https:\\\/\\\/schema.org\",\"@graph\":[{\"@type\":\"Article\",\"@id\":\"https:\\\/\\\/centrourbano.com\\\/revista\\\/arquitectura-2\\\/som-torre-uso-mixto-zapopan\\\/#article\",\"isPartOf\":{\"@id\":\"https:\\\/\\\/centrourbano.com\\\/revista\\\/arquitectura-2\\\/som-torre-uso-mixto-zapopan\\\/\"},\"author\":{\"name\":\"Fernanda Hern\u00e1ndez\",\"@id\":\"https:\\\/\\\/centrourbano.com\\\/revista\\\/#\\\/schema\\\/person\\\/b190b20bbbceb41ec72278c546fa8df3\"},\"headline\":\"SOM construye la torre de uso mixto m\u00e1s alta de Zapopan\",\"datePublished\":\"2024-06-07T15:00:25+00:00\",\"dateModified\":\"2024-06-07T21:46:48+00:00\",\"mainEntityOfPage\":{\"@id\":\"https:\\\/\\\/centrourbano.com\\\/revista\\\/arquitectura-2\\\/som-torre-uso-mixto-zapopan\\\/\"},\"wordCount\":337,\"commentCount\":0,\"publisher\":{\"@id\":\"https:\\\/\\\/centrourbano.com\\\/revista\\\/#organization\"},\"image\":{\"@id\":\"https:\\\/\\\/centrourbano.com\\\/revista\\\/arquitectura-2\\\/som-torre-uso-mixto-zapopan\\\/#primaryimage\"},\"thumbnailUrl\":\"https:\\\/\\\/centrourbano.com\\\/revista\\\/wp-content\\\/uploads\\\/SOM-construye-la-torre-de-uso-mixto-ma\u0301s-alta-de-Zapopan.jpg\",\"articleSection\":[\"Arquitectura\"],\"inLanguage\":\"es\",\"potentialAction\":[{\"@type\":\"CommentAction\",\"name\":\"Comment\",\"target\":[\"https:\\\/\\\/centrourbano.com\\\/revista\\\/arquitectura-2\\\/som-torre-uso-mixto-zapopan\\\/#respond\"]}]},{\"@type\":\"WebPage\",\"@id\":\"https:\\\/\\\/centrourbano.com\\\/revista\\\/arquitectura-2\\\/som-torre-uso-mixto-zapopan\\\/\",\"url\":\"https:\\\/\\\/centrourbano.com\\\/revista\\\/arquitectura-2\\\/som-torre-uso-mixto-zapopan\\\/\",\"name\":\"SOM construye la torre de uso mixto m\u00e1s alta de Zapopan\",\"isPartOf\":{\"@id\":\"https:\\\/\\\/centrourbano.com\\\/revista\\\/#website\"},\"primaryImageOfPage\":{\"@id\":\"https:\\\/\\\/centrourbano.com\\\/revista\\\/arquitectura-2\\\/som-torre-uso-mixto-zapopan\\\/#primaryimage\"},\"image\":{\"@id\":\"https:\\\/\\\/centrourbano.com\\\/revista\\\/arquitectura-2\\\/som-torre-uso-mixto-zapopan\\\/#primaryimage\"},\"thumbnailUrl\":\"https:\\\/\\\/centrourbano.com\\\/revista\\\/wp-content\\\/uploads\\\/SOM-construye-la-torre-de-uso-mixto-ma\u0301s-alta-de-Zapopan.jpg\",\"datePublished\":\"2024-06-07T15:00:25+00:00\",\"dateModified\":\"2024-06-07T21:46:48+00:00\",\"description\":\"La nueva torre, que alcanzar\u00e1 una altura de 190 metros, comenz\u00f3 a construirse el 24 de mayo, e incluir\u00e1 vivienda, un hotel y otros servicios\",\"breadcrumb\":{\"@id\":\"https:\\\/\\\/centrourbano.com\\\/revista\\\/arquitectura-2\\\/som-torre-uso-mixto-zapopan\\\/#breadcrumb\"},\"inLanguage\":\"es\",\"potentialAction\":[{\"@type\":\"ReadAction\",\"target\":[\"https:\\\/\\\/centrourbano.com\\\/revista\\\/arquitectura-2\\\/som-torre-uso-mixto-zapopan\\\/\"]}]},{\"@type\":\"ImageObject\",\"inLanguage\":\"es\",\"@id\":\"https:\\\/\\\/centrourbano.com\\\/revista\\\/arquitectura-2\\\/som-torre-uso-mixto-zapopan\\\/#primaryimage\",\"url\":\"https:\\\/\\\/centrourbano.com\\\/revista\\\/wp-content\\\/uploads\\\/SOM-construye-la-torre-de-uso-mixto-ma\u0301s-alta-de-Zapopan.jpg\",\"contentUrl\":\"https:\\\/\\\/centrourbano.com\\\/revista\\\/wp-content\\\/uploads\\\/SOM-construye-la-torre-de-uso-mixto-ma\u0301s-alta-de-Zapopan.jpg\",\"width\":800,\"height\":673,\"caption\":\"La nueva torre, que alcanzar\u00e1 una altura de 190 metros, comenz\u00f3 a construirse el 24 de mayo, e incluir\u00e1 vivienda, un hotel y otros servicios\"},{\"@type\":\"BreadcrumbList\",\"@id\":\"https:\\\/\\\/centrourbano.com\\\/revista\\\/arquitectura-2\\\/som-torre-uso-mixto-zapopan\\\/#breadcrumb\",\"itemListElement\":[{\"@type\":\"ListItem\",\"position\":1,\"name\":\"Portada\",\"item\":\"https:\\\/\\\/centrourbano.com\\\/revista\\\/\"},{\"@type\":\"ListItem\",\"position\":2,\"name\":\"SOM construye la torre de uso mixto m\u00e1s alta de Zapopan\"}]},{\"@type\":\"WebSite\",\"@id\":\"https:\\\/\\\/centrourbano.com\\\/revista\\\/#website\",\"url\":\"https:\\\/\\\/centrourbano.com\\\/revista\\\/\",\"name\":\"Centro Urbano\",\"description\":\"Medio especializado en los sectores vivienda, inmobiliario, construcci\u00f3n, arquitectura y urbanismo.\",\"publisher\":{\"@id\":\"https:\\\/\\\/centrourbano.com\\\/revista\\\/#organization\"},\"potentialAction\":[{\"@type\":\"SearchAction\",\"target\":{\"@type\":\"EntryPoint\",\"urlTemplate\":\"https:\\\/\\\/centrourbano.com\\\/revista\\\/?s={search_term_string}\"},\"query-input\":{\"@type\":\"PropertyValueSpecification\",\"valueRequired\":true,\"valueName\":\"search_term_string\"}}],\"inLanguage\":\"es\"},{\"@type\":\"Organization\",\"@id\":\"https:\\\/\\\/centrourbano.com\\\/revista\\\/#organization\",\"name\":\"Centro Urbano\",\"url\":\"https:\\\/\\\/centrourbano.com\\\/revista\\\/\",\"logo\":{\"@type\":\"ImageObject\",\"inLanguage\":\"es\",\"@id\":\"https:\\\/\\\/centrourbano.com\\\/revista\\\/#\\\/schema\\\/logo\\\/image\\\/\",\"url\":\"https:\\\/\\\/centrourbano.com\\\/revista\\\/wp-content\\\/uploads\\\/web_CU_logo-1.png\",\"contentUrl\":\"https:\\\/\\\/centrourbano.com\\\/revista\\\/wp-content\\\/uploads\\\/web_CU_logo-1.png\",\"width\":350,\"height\":91,\"caption\":\"Centro Urbano\"},\"image\":{\"@id\":\"https:\\\/\\\/centrourbano.com\\\/revista\\\/#\\\/schema\\\/logo\\\/image\\\/\"},\"sameAs\":[\"https:\\\/\\\/www.facebook.com\\\/portalcentrourbano\",\"https:\\\/\\\/x.com\\\/CentroUrbano\",\"https:\\\/\\\/www.instagram.com\\\/centro_urbano\\\/\",\"https:\\\/\\\/www.linkedin.com\\\/company\\\/centro-urbano\\\/\",\"http:\\\/\\\/www.youtube.com\\\/user\\\/portalcentrourbano\"]},{\"@type\":\"Person\",\"@id\":\"https:\\\/\\\/centrourbano.com\\\/revista\\\/#\\\/schema\\\/person\\\/b190b20bbbceb41ec72278c546fa8df3\",\"name\":\"Fernanda Hern\u00e1ndez\",\"image\":{\"@type\":\"ImageObject\",\"inLanguage\":\"es\",\"@id\":\"https:\\\/\\\/secure.gravatar.com\\\/avatar\\\/9471831fb0a24eae9d32d826a7cb8ef07c34a41520aca1a0ab1f5c0903ba49b9?s=96&d=mm&r=g\",\"url\":\"https:\\\/\\\/secure.gravatar.com\\\/avatar\\\/9471831fb0a24eae9d32d826a7cb8ef07c34a41520aca1a0ab1f5c0903ba49b9?s=96&d=mm&r=g\",\"contentUrl\":\"https:\\\/\\\/secure.gravatar.com\\\/avatar\\\/9471831fb0a24eae9d32d826a7cb8ef07c34a41520aca1a0ab1f5c0903ba49b9?s=96&d=mm&r=g\",\"caption\":\"Fernanda Hern\u00e1ndez\"},\"description\":\"Reportera y redactora en Centro Urbano. Soy egresada de la licenciatura en Ciencias de la Comunicaci\u00f3n de la Facultad de Ciencias Pol\u00edticas y Sociales (UNAM). Me interesa la cultura, el urbanismo y la arquitectura. Amante del mundo digital, el cine, la m\u00fasica, la lectura y la escritura.\",\"sameAs\":[\"https:\\\/\\\/x.com\\\/https:\\\/\\\/twitter.com\\\/Nannz_Hernandez\"],\"url\":\"https:\\\/\\\/centrourbano.com\\\/revista\\\/author\\\/fernanda-hernandez\\\/\"}]}<\/script>\n<!-- \/ Yoast SEO plugin. -->","yoast_head_json":{"title":"SOM construye la torre de uso mixto m\u00e1s alta de Zapopan","description":"La nueva torre, que alcanzar\u00e1 una altura de 190 metros, comenz\u00f3 a construirse el 24 de mayo, e incluir\u00e1 vivienda, un hotel y otros servicios","robots":{"index":"index","follow":"follow","max-snippet":"max-snippet:-1","max-image-preview":"max-image-preview:large","max-video-preview":"max-video-preview:-1"},"canonical":"https:\/\/centrourbano.com\/revista\/arquitectura-2\/som-torre-uso-mixto-zapopan\/","og_locale":"es_ES","og_type":"article","og_title":"SOM construye la torre de uso mixto m\u00e1s alta de Zapopan","og_description":"La nueva torre, que alcanzar\u00e1 una altura de 190 metros, comenz\u00f3 a construirse el 24 de mayo, e incluir\u00e1 vivienda, un hotel y otros servicios","og_url":"https:\/\/centrourbano.com\/revista\/arquitectura-2\/som-torre-uso-mixto-zapopan\/","og_site_name":"Centro Urbano","article_publisher":"https:\/\/www.facebook.com\/portalcentrourbano","article_published_time":"2024-06-07T15:00:25+00:00","article_modified_time":"2024-06-07T21:46:48+00:00","og_image":[{"width":800,"height":673,"url":"https:\/\/centrourbano.com\/revista\/wp-content\/uploads\/SOM-construye-la-torre-de-uso-mixto-ma\u0301s-alta-de-Zapopan.jpg","type":"image\/jpeg"}],"author":"Fernanda Hern\u00e1ndez","twitter_card":"summary_large_image","twitter_creator":"@https:\/\/twitter.com\/Nannz_Hernandez","twitter_site":"@CentroUrbano","twitter_misc":{"Escrito por":"Fernanda Hern\u00e1ndez","Tiempo de lectura":"3 minutos"},"schema":{"@context":"https:\/\/schema.org","@graph":[{"@type":"Article","@id":"https:\/\/centrourbano.com\/revista\/arquitectura-2\/som-torre-uso-mixto-zapopan\/#article","isPartOf":{"@id":"https:\/\/centrourbano.com\/revista\/arquitectura-2\/som-torre-uso-mixto-zapopan\/"},"author":{"name":"Fernanda Hern\u00e1ndez","@id":"https:\/\/centrourbano.com\/revista\/#\/schema\/person\/b190b20bbbceb41ec72278c546fa8df3"},"headline":"SOM construye la torre de uso mixto m\u00e1s alta de Zapopan","datePublished":"2024-06-07T15:00:25+00:00","dateModified":"2024-06-07T21:46:48+00:00","mainEntityOfPage":{"@id":"https:\/\/centrourbano.com\/revista\/arquitectura-2\/som-torre-uso-mixto-zapopan\/"},"wordCount":337,"commentCount":0,"publisher":{"@id":"https:\/\/centrourbano.com\/revista\/#organization"},"image":{"@id":"https:\/\/centrourbano.com\/revista\/arquitectura-2\/som-torre-uso-mixto-zapopan\/#primaryimage"},"thumbnailUrl":"https:\/\/centrourbano.com\/revista\/wp-content\/uploads\/SOM-construye-la-torre-de-uso-mixto-ma\u0301s-alta-de-Zapopan.jpg","articleSection":["Arquitectura"],"inLanguage":"es","potentialAction":[{"@type":"CommentAction","name":"Comment","target":["https:\/\/centrourbano.com\/revista\/arquitectura-2\/som-torre-uso-mixto-zapopan\/#respond"]}]},{"@type":"WebPage","@id":"https:\/\/centrourbano.com\/revista\/arquitectura-2\/som-torre-uso-mixto-zapopan\/","url":"https:\/\/centrourbano.com\/revista\/arquitectura-2\/som-torre-uso-mixto-zapopan\/","name":"SOM construye la torre de uso mixto m\u00e1s alta de Zapopan","isPartOf":{"@id":"https:\/\/centrourbano.com\/revista\/#website"},"primaryImageOfPage":{"@id":"https:\/\/centrourbano.com\/revista\/arquitectura-2\/som-torre-uso-mixto-zapopan\/#primaryimage"},"image":{"@id":"https:\/\/centrourbano.com\/revista\/arquitectura-2\/som-torre-uso-mixto-zapopan\/#primaryimage"},"thumbnailUrl":"https:\/\/centrourbano.com\/revista\/wp-content\/uploads\/SOM-construye-la-torre-de-uso-mixto-ma\u0301s-alta-de-Zapopan.jpg","datePublished":"2024-06-07T15:00:25+00:00","dateModified":"2024-06-07T21:46:48+00:00","description":"La nueva torre, que alcanzar\u00e1 una altura de 190 metros, comenz\u00f3 a construirse el 24 de mayo, e incluir\u00e1 vivienda, un hotel y otros servicios","breadcrumb":{"@id":"https:\/\/centrourbano.com\/revista\/arquitectura-2\/som-torre-uso-mixto-zapopan\/#breadcrumb"},"inLanguage":"es","potentialAction":[{"@type":"ReadAction","target":["https:\/\/centrourbano.com\/revista\/arquitectura-2\/som-torre-uso-mixto-zapopan\/"]}]},{"@type":"ImageObject","inLanguage":"es","@id":"https:\/\/centrourbano.com\/revista\/arquitectura-2\/som-torre-uso-mixto-zapopan\/#primaryimage","url":"https:\/\/centrourbano.com\/revista\/wp-content\/uploads\/SOM-construye-la-torre-de-uso-mixto-ma\u0301s-alta-de-Zapopan.jpg","contentUrl":"https:\/\/centrourbano.com\/revista\/wp-content\/uploads\/SOM-construye-la-torre-de-uso-mixto-ma\u0301s-alta-de-Zapopan.jpg","width":800,"height":673,"caption":"La nueva torre, que alcanzar\u00e1 una altura de 190 metros, comenz\u00f3 a construirse el 24 de mayo, e incluir\u00e1 vivienda, un hotel y otros servicios"},{"@type":"BreadcrumbList","@id":"https:\/\/centrourbano.com\/revista\/arquitectura-2\/som-torre-uso-mixto-zapopan\/#breadcrumb","itemListElement":[{"@type":"ListItem","position":1,"name":"Portada","item":"https:\/\/centrourbano.com\/revista\/"},{"@type":"ListItem","position":2,"name":"SOM construye la torre de uso mixto m\u00e1s alta de Zapopan"}]},{"@type":"WebSite","@id":"https:\/\/centrourbano.com\/revista\/#website","url":"https:\/\/centrourbano.com\/revista\/","name":"Centro Urbano","description":"Medio especializado en los sectores vivienda, inmobiliario, construcci\u00f3n, arquitectura y urbanismo.","publisher":{"@id":"https:\/\/centrourbano.com\/revista\/#organization"},"potentialAction":[{"@type":"SearchAction","target":{"@type":"EntryPoint","urlTemplate":"https:\/\/centrourbano.com\/revista\/?s={search_term_string}"},"query-input":{"@type":"PropertyValueSpecification","valueRequired":true,"valueName":"search_term_string"}}],"inLanguage":"es"},{"@type":"Organization","@id":"https:\/\/centrourbano.com\/revista\/#organization","name":"Centro Urbano","url":"https:\/\/centrourbano.com\/revista\/","logo":{"@type":"ImageObject","inLanguage":"es","@id":"https:\/\/centrourbano.com\/revista\/#\/schema\/logo\/image\/","url":"https:\/\/centrourbano.com\/revista\/wp-content\/uploads\/web_CU_logo-1.png","contentUrl":"https:\/\/centrourbano.com\/revista\/wp-content\/uploads\/web_CU_logo-1.png","width":350,"height":91,"caption":"Centro Urbano"},"image":{"@id":"https:\/\/centrourbano.com\/revista\/#\/schema\/logo\/image\/"},"sameAs":["https:\/\/www.facebook.com\/portalcentrourbano","https:\/\/x.com\/CentroUrbano","https:\/\/www.instagram.com\/centro_urbano\/","https:\/\/www.linkedin.com\/company\/centro-urbano\/","http:\/\/www.youtube.com\/user\/portalcentrourbano"]},{"@type":"Person","@id":"https:\/\/centrourbano.com\/revista\/#\/schema\/person\/b190b20bbbceb41ec72278c546fa8df3","name":"Fernanda Hern\u00e1ndez","image":{"@type":"ImageObject","inLanguage":"es","@id":"https:\/\/secure.gravatar.com\/avatar\/9471831fb0a24eae9d32d826a7cb8ef07c34a41520aca1a0ab1f5c0903ba49b9?s=96&d=mm&r=g","url":"https:\/\/secure.gravatar.com\/avatar\/9471831fb0a24eae9d32d826a7cb8ef07c34a41520aca1a0ab1f5c0903ba49b9?s=96&d=mm&r=g","contentUrl":"https:\/\/secure.gravatar.com\/avatar\/9471831fb0a24eae9d32d826a7cb8ef07c34a41520aca1a0ab1f5c0903ba49b9?s=96&d=mm&r=g","caption":"Fernanda Hern\u00e1ndez"},"description":"Reportera y redactora en Centro Urbano. Soy egresada de la licenciatura en Ciencias de la Comunicaci\u00f3n de la Facultad de Ciencias Pol\u00edticas y Sociales (UNAM). Me interesa la cultura, el urbanismo y la arquitectura. Amante del mundo digital, el cine, la m\u00fasica, la lectura y la escritura.","sameAs":["https:\/\/x.com\/https:\/\/twitter.com\/Nannz_Hernandez"],"url":"https:\/\/centrourbano.com\/revista\/author\/fernanda-hernandez\/"}]}},"_links":{"self":[{"href":"https:\/\/centrourbano.com\/revista\/wp-json\/wp\/v2\/posts\/148616","targetHints":{"allow":["GET"]}}],"collection":[{"href":"https:\/\/centrourbano.com\/revista\/wp-json\/wp\/v2\/posts"}],"about":[{"href":"https:\/\/centrourbano.com\/revista\/wp-json\/wp\/v2\/types\/post"}],"author":[{"embeddable":true,"href":"https:\/\/centrourbano.com\/revista\/wp-json\/wp\/v2\/users\/73"}],"replies":[{"embeddable":true,"href":"https:\/\/centrourbano.com\/revista\/wp-json\/wp\/v2\/comments?post=148616"}],"version-history":[{"count":2,"href":"https:\/\/centrourbano.com\/revista\/wp-json\/wp\/v2\/posts\/148616\/revisions"}],"predecessor-version":[{"id":148648,"href":"https:\/\/centrourbano.com\/revista\/wp-json\/wp\/v2\/posts\/148616\/revisions\/148648"}],"wp:featuredmedia":[{"embeddable":true,"href":"https:\/\/centrourbano.com\/revista\/wp-json\/wp\/v2\/media\/148617"}],"wp:attachment":[{"href":"https:\/\/centrourbano.com\/revista\/wp-json\/wp\/v2\/media?parent=148616"}],"wp:term":[{"taxonomy":"category","embeddable":true,"href":"https:\/\/centrourbano.com\/revista\/wp-json\/wp\/v2\/categories?post=148616"},{"taxonomy":"post_tag","embeddable":true,"href":"https:\/\/centrourbano.com\/revista\/wp-json\/wp\/v2\/tags?post=148616"}],"curies":[{"name":"wp","href":"https:\/\/api.w.org\/{rel}","templated":true}]}}