{"id":148470,"date":"2024-05-30T13:01:52","date_gmt":"2024-05-30T19:01:52","guid":{"rendered":"https:\/\/centrourbano.com\/revista\/?p=148470"},"modified":"2024-05-30T13:01:52","modified_gmt":"2024-05-30T19:01:52","slug":"sapmx-efectos-cambio-climatico","status":"publish","type":"post","link":"https:\/\/centrourbano.com\/revista\/urbanismo\/sapmx-efectos-cambio-climatico\/","title":{"rendered":"Llama SAPmx a combatir los efectos del cambio clim\u00e1tico"},"content":{"rendered":"<p><em>\u201cComo sociedad, debemos unirnos en la lucha contra el cambio clim\u00e1tico y construir un futuro m\u00e1s sostenible y equitativo\u201d, dijo la presidenta de la SAPmx<\/em><!--more--><\/p>\n<p>En el marco del <strong>D\u00eda Mundial del Medio Ambiente<\/strong>, que se conmemorar\u00e1 el pr\u00f3ximo 5 de junio, la <a href=\"https:\/\/centrourbano.com\/revista\/arquitectura-2\/sapmx-festival-flores-2024\/\" target=\"_blank\" rel=\"noopener\"><strong>Sociedad de Arquitectos Paisajistas de M\u00e9xico<\/strong><\/a> (<strong>SAPmx<\/strong>) hace un llamado a sumarse a los esfuerzos para contrarrestar los <strong>efectos del cambio clim\u00e1tico<\/strong> y promover la <strong>resiliencia ambiental<\/strong> en el pa\u00eds.<\/p>\n<p>De esta manera, la organizaci\u00f3n pidi\u00f3 a los sectores p\u00fablico, privado y civil adoptar iniciativas y medidas concretas para <strong>reducir las emisiones de carbono<\/strong>, <strong>conservar los recursos naturales<\/strong> y <strong>promover el desarrollo sostenible<\/strong> en todas las \u00e1reas del quehacer productivo.<\/p>\n<p>\u201cEl <strong>D\u00eda Mundial del Medio Ambiente<\/strong> nos recuerda la importancia de cuidar y preservar nuestro entorno natural para las generaciones venideras. Como sociedad, debemos unirnos en la lucha contra el cambio clim\u00e1tico y trabajar juntos para construir un <strong>futuro m\u00e1s sostenible y equitativo<\/strong> para todos.<\/p>\n<p>\u201cEl cambio clim\u00e1tico no reconoce fronteras pol\u00edticas ni ideol\u00f3gicas. Es un desaf\u00edo que requiere una respuesta colectiva y coordinada a nivel nacional e internacional\u201d, destac\u00f3 <strong>Fernanda Rionda, presidenta de la SAPmx<\/strong>.<\/p>\n<p>Asimismo, la <strong>SAPmx<\/strong> aprovechar\u00e1 el <strong>D\u00eda Mundial del Medio Ambiente<\/strong> para reafirmar su compromiso con la promoci\u00f3n de pr\u00e1cticas sostenibles en el dise\u00f1o paisaj\u00edstico y urbano.<\/p>\n<p>Lo anterior con el objetivo de crear <strong>entornos m\u00e1s resilientes y habitables<\/strong> para las generaciones futuras, especialmente tras los estragos ocasionados por las altas temperaturas que han azotado al pa\u00eds en fechas recientes.<\/p>\n<h2><strong>SAPmx buscar\u00e1 colaborar en la implementaci\u00f3n de pol\u00edticas ambientales<\/strong><\/h2>\n<p>Por otro lado, la organizaci\u00f3n reafirm\u00f3 su compromiso de colaborar con la pr\u00f3xima administraci\u00f3n federal para la implementaci\u00f3n de<strong> pol\u00edticas y programas ambientales efectivos<\/strong>; as\u00ed como de \u00a0promover el di\u00e1logo y la cooperaci\u00f3n en la b\u00fasqueda de soluciones innovadoras para los desaf\u00edos ambientales que enfrenta el pa\u00eds.<\/p>\n<p>Al respecto, la <strong>SAPmx<\/strong> explic\u00f3 que M\u00e9xico es el 10\u00b0 pa\u00eds m\u00e1s poblado con la 15\u00b0 econom\u00eda m\u00e1s grande; sin embargo, tambi\u00e9n es el 11\u00b0 pa\u00eds m\u00e1s contaminante del mundo en t\u00e9rminos de <strong>emisiones de gases de efecto invernadero<\/strong>.<\/p>\n<p>Agreg\u00f3 que, en las \u00faltimas semanas, las consecuencias del cambio clim\u00e1tico han sido m\u00e1s evidentes, y podr\u00edan marcar un punto de inflexi\u00f3n para promover que las <strong>pol\u00edticas clim\u00e1ticas <\/strong>del pa\u00eds reflejen la urgencia de enfrentar la crisis clim\u00e1tica.<\/p>\n<p>\u201cEs crucial que las pol\u00edticas clim\u00e1ticas reflejen las preocupaciones y deseos de la poblaci\u00f3n mexicana, que ha demostrado una alta sensibilidad y preocupaci\u00f3n por el cambio clim\u00e1tico. Como pa\u00eds, debemos aprovechar esta oportunidad para liderar con el ejemplo y trabajar hacia un <strong>futuro m\u00e1s sostenible y seguro<\/strong> para todos\u201d, se\u00f1al\u00f3 <strong>Rionda<\/strong>.<\/p>\n","protected":false},"excerpt":{"rendered":"<p>\u201cComo sociedad, debemos unirnos en la lucha contra el cambio clim\u00e1tico y construir un futuro m\u00e1s sostenible y equitativo\u201d, dijo la presidenta de la SAPmx<\/p>\n","protected":false},"author":73,"featured_media":148471,"comment_status":"open","ping_status":"closed","sticky":false,"template":"","format":"standard","meta":{"om_disable_all_campaigns":false,"inline_featured_image":false,"_monsterinsights_skip_tracking":false,"_monsterinsights_sitenote_active":false,"_monsterinsights_sitenote_note":"","_monsterinsights_sitenote_category":0,"footnotes":""},"categories":[82],"tags":[2175,5315,24232,1791],"class_list":["post-148470","post","type-post","status-publish","format-standard","has-post-thumbnail","hentry","category-urbanismo","tag-cambio-climatico","tag-dia-mundial-del-medio-ambiente","tag-sapmx","tag-sociedad-de-arquitectos-paisajistas-de-mexico"],"yoast_head":"<!-- This site is optimized with the Yoast SEO plugin v27.4 - https:\/\/yoast.com\/product\/yoast-seo-wordpress\/ -->\n<title>SAPmx llama a combatir los efectos del cambio clim\u00e1tico<\/title>\n<meta name=\"description\" content=\"\u201cDebemos unirnos en la lucha contra el cambio clim\u00e1tico y construir un futuro m\u00e1s sostenible y equitativo\u201d, dijo la presidenta de la SAPmx\" \/>\n<meta name=\"robots\" content=\"index, follow, max-snippet:-1, max-image-preview:large, max-video-preview:-1\" \/>\n<link rel=\"canonical\" href=\"https:\/\/centrourbano.com\/revista\/urbanismo\/sapmx-efectos-cambio-climatico\/\" \/>\n<meta property=\"og:locale\" content=\"es_ES\" \/>\n<meta property=\"og:type\" content=\"article\" \/>\n<meta property=\"og:title\" content=\"SAPmx llama a combatir los efectos del cambio clim\u00e1tico\" \/>\n<meta property=\"og:description\" content=\"\u201cDebemos unirnos en la lucha contra el cambio clim\u00e1tico y construir un futuro m\u00e1s sostenible y equitativo\u201d, dijo la presidenta de la SAPmx\" \/>\n<meta property=\"og:url\" content=\"https:\/\/centrourbano.com\/revista\/urbanismo\/sapmx-efectos-cambio-climatico\/\" \/>\n<meta property=\"og:site_name\" content=\"Centro Urbano\" \/>\n<meta property=\"article:publisher\" content=\"https:\/\/www.facebook.com\/portalcentrourbano\" \/>\n<meta property=\"article:published_time\" content=\"2024-05-30T19:01:52+00:00\" \/>\n<meta property=\"og:image\" content=\"https:\/\/centrourbano.com\/revista\/wp-content\/uploads\/Llama-SAPmx-a-combatir-los-efectos-del-cambio-clima\u0301tico-.jpg\" \/>\n\t<meta property=\"og:image:width\" content=\"900\" \/>\n\t<meta property=\"og:image:height\" content=\"700\" \/>\n\t<meta property=\"og:image:type\" content=\"image\/jpeg\" \/>\n<meta name=\"author\" content=\"Fernanda Hern\u00e1ndez\" \/>\n<meta name=\"twitter:card\" content=\"summary_large_image\" \/>\n<meta name=\"twitter:creator\" content=\"@https:\/\/twitter.com\/Nannz_Hernandez\" \/>\n<meta name=\"twitter:site\" content=\"@CentroUrbano\" \/>\n<meta name=\"twitter:label1\" content=\"Escrito por\" \/>\n\t<meta name=\"twitter:data1\" content=\"Fernanda Hern\u00e1ndez\" \/>\n\t<meta name=\"twitter:label2\" content=\"Tiempo de lectura\" \/>\n\t<meta name=\"twitter:data2\" content=\"3 minutos\" \/>\n<script type=\"application\/ld+json\" class=\"yoast-schema-graph\">{\"@context\":\"https:\\\/\\\/schema.org\",\"@graph\":[{\"@type\":\"Article\",\"@id\":\"https:\\\/\\\/centrourbano.com\\\/revista\\\/urbanismo\\\/sapmx-efectos-cambio-climatico\\\/#article\",\"isPartOf\":{\"@id\":\"https:\\\/\\\/centrourbano.com\\\/revista\\\/urbanismo\\\/sapmx-efectos-cambio-climatico\\\/\"},\"author\":{\"name\":\"Fernanda Hern\u00e1ndez\",\"@id\":\"https:\\\/\\\/centrourbano.com\\\/revista\\\/#\\\/schema\\\/person\\\/b190b20bbbceb41ec72278c546fa8df3\"},\"headline\":\"Llama SAPmx a combatir los efectos del cambio clim\u00e1tico\",\"datePublished\":\"2024-05-30T19:01:52+00:00\",\"mainEntityOfPage\":{\"@id\":\"https:\\\/\\\/centrourbano.com\\\/revista\\\/urbanismo\\\/sapmx-efectos-cambio-climatico\\\/\"},\"wordCount\":498,\"commentCount\":0,\"publisher\":{\"@id\":\"https:\\\/\\\/centrourbano.com\\\/revista\\\/#organization\"},\"image\":{\"@id\":\"https:\\\/\\\/centrourbano.com\\\/revista\\\/urbanismo\\\/sapmx-efectos-cambio-climatico\\\/#primaryimage\"},\"thumbnailUrl\":\"https:\\\/\\\/centrourbano.com\\\/revista\\\/wp-content\\\/uploads\\\/Llama-SAPmx-a-combatir-los-efectos-del-cambio-clima\u0301tico-.jpg\",\"keywords\":[\"Cambio Clim\u00e1tico\",\"D\u00eda Mundial del Medio Ambiente\",\"SAPmx\",\"Sociedad de Arquitectos Paisajistas de M\u00e9xico\"],\"articleSection\":[\"Urbanismo\"],\"inLanguage\":\"es\",\"potentialAction\":[{\"@type\":\"CommentAction\",\"name\":\"Comment\",\"target\":[\"https:\\\/\\\/centrourbano.com\\\/revista\\\/urbanismo\\\/sapmx-efectos-cambio-climatico\\\/#respond\"]}]},{\"@type\":\"WebPage\",\"@id\":\"https:\\\/\\\/centrourbano.com\\\/revista\\\/urbanismo\\\/sapmx-efectos-cambio-climatico\\\/\",\"url\":\"https:\\\/\\\/centrourbano.com\\\/revista\\\/urbanismo\\\/sapmx-efectos-cambio-climatico\\\/\",\"name\":\"SAPmx llama a combatir los efectos del cambio clim\u00e1tico\",\"isPartOf\":{\"@id\":\"https:\\\/\\\/centrourbano.com\\\/revista\\\/#website\"},\"primaryImageOfPage\":{\"@id\":\"https:\\\/\\\/centrourbano.com\\\/revista\\\/urbanismo\\\/sapmx-efectos-cambio-climatico\\\/#primaryimage\"},\"image\":{\"@id\":\"https:\\\/\\\/centrourbano.com\\\/revista\\\/urbanismo\\\/sapmx-efectos-cambio-climatico\\\/#primaryimage\"},\"thumbnailUrl\":\"https:\\\/\\\/centrourbano.com\\\/revista\\\/wp-content\\\/uploads\\\/Llama-SAPmx-a-combatir-los-efectos-del-cambio-clima\u0301tico-.jpg\",\"datePublished\":\"2024-05-30T19:01:52+00:00\",\"description\":\"\u201cDebemos unirnos en la lucha contra el cambio clim\u00e1tico y construir un futuro m\u00e1s sostenible y equitativo\u201d, dijo la presidenta de la SAPmx\",\"breadcrumb\":{\"@id\":\"https:\\\/\\\/centrourbano.com\\\/revista\\\/urbanismo\\\/sapmx-efectos-cambio-climatico\\\/#breadcrumb\"},\"inLanguage\":\"es\",\"potentialAction\":[{\"@type\":\"ReadAction\",\"target\":[\"https:\\\/\\\/centrourbano.com\\\/revista\\\/urbanismo\\\/sapmx-efectos-cambio-climatico\\\/\"]}]},{\"@type\":\"ImageObject\",\"inLanguage\":\"es\",\"@id\":\"https:\\\/\\\/centrourbano.com\\\/revista\\\/urbanismo\\\/sapmx-efectos-cambio-climatico\\\/#primaryimage\",\"url\":\"https:\\\/\\\/centrourbano.com\\\/revista\\\/wp-content\\\/uploads\\\/Llama-SAPmx-a-combatir-los-efectos-del-cambio-clima\u0301tico-.jpg\",\"contentUrl\":\"https:\\\/\\\/centrourbano.com\\\/revista\\\/wp-content\\\/uploads\\\/Llama-SAPmx-a-combatir-los-efectos-del-cambio-clima\u0301tico-.jpg\",\"width\":900,\"height\":700,\"caption\":\"\u201cComo sociedad, debemos unirnos en la lucha contra el cambio clim\u00e1tico y construir un futuro m\u00e1s sostenible y equitativo\u201d, dijo la presidenta de la SAPmx\"},{\"@type\":\"BreadcrumbList\",\"@id\":\"https:\\\/\\\/centrourbano.com\\\/revista\\\/urbanismo\\\/sapmx-efectos-cambio-climatico\\\/#breadcrumb\",\"itemListElement\":[{\"@type\":\"ListItem\",\"position\":1,\"name\":\"Portada\",\"item\":\"https:\\\/\\\/centrourbano.com\\\/revista\\\/\"},{\"@type\":\"ListItem\",\"position\":2,\"name\":\"Llama SAPmx a combatir los efectos del cambio clim\u00e1tico\"}]},{\"@type\":\"WebSite\",\"@id\":\"https:\\\/\\\/centrourbano.com\\\/revista\\\/#website\",\"url\":\"https:\\\/\\\/centrourbano.com\\\/revista\\\/\",\"name\":\"Centro Urbano\",\"description\":\"Medio especializado en los sectores vivienda, inmobiliario, construcci\u00f3n, arquitectura y urbanismo.\",\"publisher\":{\"@id\":\"https:\\\/\\\/centrourbano.com\\\/revista\\\/#organization\"},\"potentialAction\":[{\"@type\":\"SearchAction\",\"target\":{\"@type\":\"EntryPoint\",\"urlTemplate\":\"https:\\\/\\\/centrourbano.com\\\/revista\\\/?s={search_term_string}\"},\"query-input\":{\"@type\":\"PropertyValueSpecification\",\"valueRequired\":true,\"valueName\":\"search_term_string\"}}],\"inLanguage\":\"es\"},{\"@type\":\"Organization\",\"@id\":\"https:\\\/\\\/centrourbano.com\\\/revista\\\/#organization\",\"name\":\"Centro Urbano\",\"url\":\"https:\\\/\\\/centrourbano.com\\\/revista\\\/\",\"logo\":{\"@type\":\"ImageObject\",\"inLanguage\":\"es\",\"@id\":\"https:\\\/\\\/centrourbano.com\\\/revista\\\/#\\\/schema\\\/logo\\\/image\\\/\",\"url\":\"https:\\\/\\\/centrourbano.com\\\/revista\\\/wp-content\\\/uploads\\\/web_CU_logo-1.png\",\"contentUrl\":\"https:\\\/\\\/centrourbano.com\\\/revista\\\/wp-content\\\/uploads\\\/web_CU_logo-1.png\",\"width\":350,\"height\":91,\"caption\":\"Centro Urbano\"},\"image\":{\"@id\":\"https:\\\/\\\/centrourbano.com\\\/revista\\\/#\\\/schema\\\/logo\\\/image\\\/\"},\"sameAs\":[\"https:\\\/\\\/www.facebook.com\\\/portalcentrourbano\",\"https:\\\/\\\/x.com\\\/CentroUrbano\",\"https:\\\/\\\/www.instagram.com\\\/centro_urbano\\\/\",\"https:\\\/\\\/www.linkedin.com\\\/company\\\/centro-urbano\\\/\",\"http:\\\/\\\/www.youtube.com\\\/user\\\/portalcentrourbano\"]},{\"@type\":\"Person\",\"@id\":\"https:\\\/\\\/centrourbano.com\\\/revista\\\/#\\\/schema\\\/person\\\/b190b20bbbceb41ec72278c546fa8df3\",\"name\":\"Fernanda Hern\u00e1ndez\",\"image\":{\"@type\":\"ImageObject\",\"inLanguage\":\"es\",\"@id\":\"https:\\\/\\\/secure.gravatar.com\\\/avatar\\\/9471831fb0a24eae9d32d826a7cb8ef07c34a41520aca1a0ab1f5c0903ba49b9?s=96&d=mm&r=g\",\"url\":\"https:\\\/\\\/secure.gravatar.com\\\/avatar\\\/9471831fb0a24eae9d32d826a7cb8ef07c34a41520aca1a0ab1f5c0903ba49b9?s=96&d=mm&r=g\",\"contentUrl\":\"https:\\\/\\\/secure.gravatar.com\\\/avatar\\\/9471831fb0a24eae9d32d826a7cb8ef07c34a41520aca1a0ab1f5c0903ba49b9?s=96&d=mm&r=g\",\"caption\":\"Fernanda Hern\u00e1ndez\"},\"description\":\"Reportera y redactora en Centro Urbano. Soy egresada de la licenciatura en Ciencias de la Comunicaci\u00f3n de la Facultad de Ciencias Pol\u00edticas y Sociales (UNAM). Me interesa la cultura, el urbanismo y la arquitectura. Amante del mundo digital, el cine, la m\u00fasica, la lectura y la escritura.\",\"sameAs\":[\"https:\\\/\\\/x.com\\\/https:\\\/\\\/twitter.com\\\/Nannz_Hernandez\"],\"url\":\"https:\\\/\\\/centrourbano.com\\\/revista\\\/author\\\/fernanda-hernandez\\\/\"}]}<\/script>\n<!-- \/ Yoast SEO plugin. -->","yoast_head_json":{"title":"SAPmx llama a combatir los efectos del cambio clim\u00e1tico","description":"\u201cDebemos unirnos en la lucha contra el cambio clim\u00e1tico y construir un futuro m\u00e1s sostenible y equitativo\u201d, dijo la presidenta de la SAPmx","robots":{"index":"index","follow":"follow","max-snippet":"max-snippet:-1","max-image-preview":"max-image-preview:large","max-video-preview":"max-video-preview:-1"},"canonical":"https:\/\/centrourbano.com\/revista\/urbanismo\/sapmx-efectos-cambio-climatico\/","og_locale":"es_ES","og_type":"article","og_title":"SAPmx llama a combatir los efectos del cambio clim\u00e1tico","og_description":"\u201cDebemos unirnos en la lucha contra el cambio clim\u00e1tico y construir un futuro m\u00e1s sostenible y equitativo\u201d, dijo la presidenta de la SAPmx","og_url":"https:\/\/centrourbano.com\/revista\/urbanismo\/sapmx-efectos-cambio-climatico\/","og_site_name":"Centro Urbano","article_publisher":"https:\/\/www.facebook.com\/portalcentrourbano","article_published_time":"2024-05-30T19:01:52+00:00","og_image":[{"width":900,"height":700,"url":"https:\/\/centrourbano.com\/revista\/wp-content\/uploads\/Llama-SAPmx-a-combatir-los-efectos-del-cambio-clima\u0301tico-.jpg","type":"image\/jpeg"}],"author":"Fernanda Hern\u00e1ndez","twitter_card":"summary_large_image","twitter_creator":"@https:\/\/twitter.com\/Nannz_Hernandez","twitter_site":"@CentroUrbano","twitter_misc":{"Escrito por":"Fernanda Hern\u00e1ndez","Tiempo de lectura":"3 minutos"},"schema":{"@context":"https:\/\/schema.org","@graph":[{"@type":"Article","@id":"https:\/\/centrourbano.com\/revista\/urbanismo\/sapmx-efectos-cambio-climatico\/#article","isPartOf":{"@id":"https:\/\/centrourbano.com\/revista\/urbanismo\/sapmx-efectos-cambio-climatico\/"},"author":{"name":"Fernanda Hern\u00e1ndez","@id":"https:\/\/centrourbano.com\/revista\/#\/schema\/person\/b190b20bbbceb41ec72278c546fa8df3"},"headline":"Llama SAPmx a combatir los efectos del cambio clim\u00e1tico","datePublished":"2024-05-30T19:01:52+00:00","mainEntityOfPage":{"@id":"https:\/\/centrourbano.com\/revista\/urbanismo\/sapmx-efectos-cambio-climatico\/"},"wordCount":498,"commentCount":0,"publisher":{"@id":"https:\/\/centrourbano.com\/revista\/#organization"},"image":{"@id":"https:\/\/centrourbano.com\/revista\/urbanismo\/sapmx-efectos-cambio-climatico\/#primaryimage"},"thumbnailUrl":"https:\/\/centrourbano.com\/revista\/wp-content\/uploads\/Llama-SAPmx-a-combatir-los-efectos-del-cambio-clima\u0301tico-.jpg","keywords":["Cambio Clim\u00e1tico","D\u00eda Mundial del Medio Ambiente","SAPmx","Sociedad de Arquitectos Paisajistas de M\u00e9xico"],"articleSection":["Urbanismo"],"inLanguage":"es","potentialAction":[{"@type":"CommentAction","name":"Comment","target":["https:\/\/centrourbano.com\/revista\/urbanismo\/sapmx-efectos-cambio-climatico\/#respond"]}]},{"@type":"WebPage","@id":"https:\/\/centrourbano.com\/revista\/urbanismo\/sapmx-efectos-cambio-climatico\/","url":"https:\/\/centrourbano.com\/revista\/urbanismo\/sapmx-efectos-cambio-climatico\/","name":"SAPmx llama a combatir los efectos del cambio clim\u00e1tico","isPartOf":{"@id":"https:\/\/centrourbano.com\/revista\/#website"},"primaryImageOfPage":{"@id":"https:\/\/centrourbano.com\/revista\/urbanismo\/sapmx-efectos-cambio-climatico\/#primaryimage"},"image":{"@id":"https:\/\/centrourbano.com\/revista\/urbanismo\/sapmx-efectos-cambio-climatico\/#primaryimage"},"thumbnailUrl":"https:\/\/centrourbano.com\/revista\/wp-content\/uploads\/Llama-SAPmx-a-combatir-los-efectos-del-cambio-clima\u0301tico-.jpg","datePublished":"2024-05-30T19:01:52+00:00","description":"\u201cDebemos unirnos en la lucha contra el cambio clim\u00e1tico y construir un futuro m\u00e1s sostenible y equitativo\u201d, dijo la presidenta de la SAPmx","breadcrumb":{"@id":"https:\/\/centrourbano.com\/revista\/urbanismo\/sapmx-efectos-cambio-climatico\/#breadcrumb"},"inLanguage":"es","potentialAction":[{"@type":"ReadAction","target":["https:\/\/centrourbano.com\/revista\/urbanismo\/sapmx-efectos-cambio-climatico\/"]}]},{"@type":"ImageObject","inLanguage":"es","@id":"https:\/\/centrourbano.com\/revista\/urbanismo\/sapmx-efectos-cambio-climatico\/#primaryimage","url":"https:\/\/centrourbano.com\/revista\/wp-content\/uploads\/Llama-SAPmx-a-combatir-los-efectos-del-cambio-clima\u0301tico-.jpg","contentUrl":"https:\/\/centrourbano.com\/revista\/wp-content\/uploads\/Llama-SAPmx-a-combatir-los-efectos-del-cambio-clima\u0301tico-.jpg","width":900,"height":700,"caption":"\u201cComo sociedad, debemos unirnos en la lucha contra el cambio clim\u00e1tico y construir un futuro m\u00e1s sostenible y equitativo\u201d, dijo la presidenta de la SAPmx"},{"@type":"BreadcrumbList","@id":"https:\/\/centrourbano.com\/revista\/urbanismo\/sapmx-efectos-cambio-climatico\/#breadcrumb","itemListElement":[{"@type":"ListItem","position":1,"name":"Portada","item":"https:\/\/centrourbano.com\/revista\/"},{"@type":"ListItem","position":2,"name":"Llama SAPmx a combatir los efectos del cambio clim\u00e1tico"}]},{"@type":"WebSite","@id":"https:\/\/centrourbano.com\/revista\/#website","url":"https:\/\/centrourbano.com\/revista\/","name":"Centro Urbano","description":"Medio especializado en los sectores vivienda, inmobiliario, construcci\u00f3n, arquitectura y urbanismo.","publisher":{"@id":"https:\/\/centrourbano.com\/revista\/#organization"},"potentialAction":[{"@type":"SearchAction","target":{"@type":"EntryPoint","urlTemplate":"https:\/\/centrourbano.com\/revista\/?s={search_term_string}"},"query-input":{"@type":"PropertyValueSpecification","valueRequired":true,"valueName":"search_term_string"}}],"inLanguage":"es"},{"@type":"Organization","@id":"https:\/\/centrourbano.com\/revista\/#organization","name":"Centro Urbano","url":"https:\/\/centrourbano.com\/revista\/","logo":{"@type":"ImageObject","inLanguage":"es","@id":"https:\/\/centrourbano.com\/revista\/#\/schema\/logo\/image\/","url":"https:\/\/centrourbano.com\/revista\/wp-content\/uploads\/web_CU_logo-1.png","contentUrl":"https:\/\/centrourbano.com\/revista\/wp-content\/uploads\/web_CU_logo-1.png","width":350,"height":91,"caption":"Centro Urbano"},"image":{"@id":"https:\/\/centrourbano.com\/revista\/#\/schema\/logo\/image\/"},"sameAs":["https:\/\/www.facebook.com\/portalcentrourbano","https:\/\/x.com\/CentroUrbano","https:\/\/www.instagram.com\/centro_urbano\/","https:\/\/www.linkedin.com\/company\/centro-urbano\/","http:\/\/www.youtube.com\/user\/portalcentrourbano"]},{"@type":"Person","@id":"https:\/\/centrourbano.com\/revista\/#\/schema\/person\/b190b20bbbceb41ec72278c546fa8df3","name":"Fernanda Hern\u00e1ndez","image":{"@type":"ImageObject","inLanguage":"es","@id":"https:\/\/secure.gravatar.com\/avatar\/9471831fb0a24eae9d32d826a7cb8ef07c34a41520aca1a0ab1f5c0903ba49b9?s=96&d=mm&r=g","url":"https:\/\/secure.gravatar.com\/avatar\/9471831fb0a24eae9d32d826a7cb8ef07c34a41520aca1a0ab1f5c0903ba49b9?s=96&d=mm&r=g","contentUrl":"https:\/\/secure.gravatar.com\/avatar\/9471831fb0a24eae9d32d826a7cb8ef07c34a41520aca1a0ab1f5c0903ba49b9?s=96&d=mm&r=g","caption":"Fernanda Hern\u00e1ndez"},"description":"Reportera y redactora en Centro Urbano. Soy egresada de la licenciatura en Ciencias de la Comunicaci\u00f3n de la Facultad de Ciencias Pol\u00edticas y Sociales (UNAM). Me interesa la cultura, el urbanismo y la arquitectura. Amante del mundo digital, el cine, la m\u00fasica, la lectura y la escritura.","sameAs":["https:\/\/x.com\/https:\/\/twitter.com\/Nannz_Hernandez"],"url":"https:\/\/centrourbano.com\/revista\/author\/fernanda-hernandez\/"}]}},"_links":{"self":[{"href":"https:\/\/centrourbano.com\/revista\/wp-json\/wp\/v2\/posts\/148470","targetHints":{"allow":["GET"]}}],"collection":[{"href":"https:\/\/centrourbano.com\/revista\/wp-json\/wp\/v2\/posts"}],"about":[{"href":"https:\/\/centrourbano.com\/revista\/wp-json\/wp\/v2\/types\/post"}],"author":[{"embeddable":true,"href":"https:\/\/centrourbano.com\/revista\/wp-json\/wp\/v2\/users\/73"}],"replies":[{"embeddable":true,"href":"https:\/\/centrourbano.com\/revista\/wp-json\/wp\/v2\/comments?post=148470"}],"version-history":[{"count":1,"href":"https:\/\/centrourbano.com\/revista\/wp-json\/wp\/v2\/posts\/148470\/revisions"}],"predecessor-version":[{"id":148473,"href":"https:\/\/centrourbano.com\/revista\/wp-json\/wp\/v2\/posts\/148470\/revisions\/148473"}],"wp:featuredmedia":[{"embeddable":true,"href":"https:\/\/centrourbano.com\/revista\/wp-json\/wp\/v2\/media\/148471"}],"wp:attachment":[{"href":"https:\/\/centrourbano.com\/revista\/wp-json\/wp\/v2\/media?parent=148470"}],"wp:term":[{"taxonomy":"category","embeddable":true,"href":"https:\/\/centrourbano.com\/revista\/wp-json\/wp\/v2\/categories?post=148470"},{"taxonomy":"post_tag","embeddable":true,"href":"https:\/\/centrourbano.com\/revista\/wp-json\/wp\/v2\/tags?post=148470"}],"curies":[{"name":"wp","href":"https:\/\/api.w.org\/{rel}","templated":true}]}}