{"id":148426,"date":"2024-05-28T11:26:15","date_gmt":"2024-05-28T17:26:15","guid":{"rendered":"https:\/\/centrourbano.com\/revista\/?p=148426"},"modified":"2024-05-28T17:48:04","modified_gmt":"2024-05-28T23:48:04","slug":"hagamos-valer-el-poder-de-nuestro-voto","status":"publish","type":"post","link":"https:\/\/centrourbano.com\/revista\/opinion\/hagamos-valer-el-poder-de-nuestro-voto\/","title":{"rendered":"Hagamos valer el poder de nuestro voto"},"content":{"rendered":"<p><em><span style=\"font-weight: 400;\">Salgamos a votar con nuestra inteligencia por delante y reconociendo que es a nuestra gente y no a ning\u00fan pol\u00edtico o partido a quien debemos nuestra lealtad. Hagamos valer el poder de nuestro voto.<\/span><\/em><\/p>\n<p><em>Por Horacio Urbano*<\/em><\/p>\n<p><!--more--><\/p>\n<p><span style=\"font-weight: 400;\">Estamos apenas a unos d\u00edas de cumplir una cita con la historia.<\/span><\/p>\n<p><span style=\"font-weight: 400;\">Una cita fundamental.<\/span><\/p>\n<p><span style=\"font-weight: 400;\">Es, por supuesto, una cita nacional, pero que representa la suma de las citas personales que todos tendr\u00edamos que cumplir con total responsabilidad, porque al hacerlo seremos parte de la definici\u00f3n del futuro del pa\u00eds.<\/span><\/p>\n<p><span style=\"font-weight: 400;\">Y ojo, que no estamos hablando de un futuro impersonal y et\u00e9reo, estamos hablando de lo que en verdad duele, del futuro de nuestros hijos y de la capacidad de dar mejor forma al pa\u00eds que queremos para las futuras generaciones.<\/span><\/p>\n<p><span style=\"font-weight: 400;\">Nos toca tomar esas decisiones y nos toca hacerlo con nuestros votos.<\/span><\/p>\n<p><span style=\"font-weight: 400;\">Nos toca entender que si decidimos no votar o votar por las razones equivocadas, estaremos siendo parte del problema, en lugar de aprovechar la bendita oportunidad hist\u00f3rica de ser parte de la soluci\u00f3n.<\/span><\/p>\n<p><span style=\"font-weight: 400;\">Salgamos a votar dejando atr\u00e1s la apat\u00eda, el miedo y los dogmas.<\/span><\/p>\n<p><span style=\"font-weight: 400;\">Salgamos a votar con la firme convicci\u00f3n de que al hacerlo estamos haciendo los mejor para nuestros hijos.<\/span><\/p>\n<p><span style=\"font-weight: 400;\">Salgamos a votar con nuestra inteligencia por delante y reconociendo que es a nuestra gente y no a ning\u00fan pol\u00edtico o partido a quien debemos nuestra lealtad. Hagamos valer el poder de nuestro voto.<\/span><\/p>\n<p><span style=\"font-weight: 400;\">El pr\u00f3ximo domingo pensemos bien en lo que en verdad creemos y en quienes en verdad nos importan y vayamos a votar\u2026 Hagamos valer el poder de nuestro voto. No nos traicionemos a nosotros mismos.<\/span><\/p>\n<h2><b>Vinte la saca del parque<\/b><\/h2>\n<p><span style=\"font-weight: 400;\">Durante los a\u00f1os recientes, <\/span><a href=\"https:\/\/x.com\/Vinte_Mx\"><b>Vinte<\/b><\/a><span style=\"font-weight: 400;\">, la viviendera que preside <\/span><a href=\"https:\/\/x.com\/SergioLealVinte\"><b>Sergio Leal Aguirre<\/b><\/a><span style=\"font-weight: 400;\">, se ha convertido en una de las firmas de mayor impacto en el sector inmobiliario nacional, marcando pautas muy importantes en temas como diversificaci\u00f3n de sus fuentes de cr\u00e9dito y capital, la incorporaci\u00f3n de una visi\u00f3n bien verde en sus proyectos y una b\u00fasqueda constante de cu\u00e1nto camino se encuentren para poder innovar.<\/span><\/p>\n<p><span style=\"font-weight: 400;\">Innovar, innovar, innovar\u2026<\/span><\/p>\n<p><span style=\"font-weight: 400;\">Vinte ha hecho de la innovaci\u00f3n su sello distintivo, y con este argumento por delante, no ha dejado de crecer en sus apenas dos d\u00e9cadas de vida, y nuevamente sacude dur\u00edsimo el mercado, al hacer p\u00fablica su intenci\u00f3n de comprar <\/span><a href=\"https:\/\/x.com\/javer_mx\"><b>Javer<\/b><\/a><span style=\"font-weight: 400;\">, que dirige <\/span><b>Ren\u00e9 Mart\u00ednez<\/b><span style=\"font-weight: 400;\">, otro de los gigantes de la industria inmobiliaria nacional.<\/span><\/p>\n<p><span style=\"font-weight: 400;\">No es tema menor\u00a0 el anuncio de que una empresa p\u00fablica pretenda adquirir la totalidad de las acciones de una empresa multiregional, que tambi\u00e9n cotiza en bolsa, y que cuenta con m\u00e1s de 50 a\u00f1os de muy destacada trayectoria en el sector vivienda.<\/span><\/p>\n<p><span style=\"font-weight: 400;\">Para nada es tema menor, porque la operaci\u00f3n podr\u00eda convertir a Vinte en la viviendera m\u00e1s grande del pa\u00eds, y la consolidar\u00eda como uno de los grupos inmobiliarios con mayor futuro del mundo.<\/span><\/p>\n<p><span style=\"font-weight: 400;\">Porque durante sus cinco d\u00e9cadas de historia, Javer, que fuera fundada por <\/span><b>Salom\u00f3n Marcuschamer<\/b><span style=\"font-weight: 400;\">, ha entregado m\u00e1s de 300,000 viviendas, cerrando el 2023 habiendo construido y vendido 12,201 m\u00e1s, sobre la base de una estructura s\u00f3lidamente integrada, con presencia en ocho estados del pa\u00eds.<\/span><\/p>\n<p><span style=\"font-weight: 400;\">Y este gigante habr\u00eda de sumarse a Vinte, que a su vez, en apenas 21 a\u00f1os de trayectoria, ha entregado m\u00e1s de 58,000 viviendas y hoy cuenta con presencia tambi\u00e9n en ocho entidades, aunque, en su caso, basadas fundamentalmente en el centro del pa\u00eds.<\/span><\/p>\n<p><span style=\"font-weight: 400;\">De concretarse la operaci\u00f3n, Vinte pagar\u00e1 4,290 millones de pesos por la totalidad de las acciones de Javer y sacudir\u00eda bien duro al sector vivienda mexicano, que durante los a\u00f1os recientes ha dado muy pocas buenas noticias.<\/span><\/p>\n<p><span style=\"font-weight: 400;\">Y bueno\u2026 Con esto, Vinte ganar\u00eda vol\u00famen, fortalecer\u00eda su presencia multiregional al sumar de golpe operaciones muy importantes en regiones estrat\u00e9gicas del M\u00e9xico, recuperar\u00eda participaci\u00f3n en el mercado de la vivienda de inter\u00e9s social y se convertir\u00eda en un verdadero bomb\u00f3n, con sobrada capacidad para atraer el inter\u00e9s de los grandes capitales internacionales.\u00a0<\/span><\/p>\n<p><span style=\"font-weight: 400;\">Y bueno, tampoco sobra decir que esta es una gran noticia tanto en la econom\u00eda del pa\u00eds, como en lo que respecta al sector vivienda, porque es reflejo de que cuando las cosas se hacen bien, hacen valer su calidad y permiten dar anuncios como este a\u00fan en tiempos tan complejos como los tiempos pol\u00edticos que nos toca vivir.<\/span><\/p>\n<p><span style=\"font-weight: 400;\">Habr\u00e1 que ver c\u00f3mo se desarrolla lo que por hoy es apenas la intenci\u00f3n de Vinte.<\/span><\/p>\n<p><span style=\"font-weight: 400;\">Habr\u00e1 que ver si la intenci\u00f3n es mantener separadas ambas operaciones, o si el objetivo es consolidar todo bajo una marca dominante.<\/span><\/p>\n<p><span style=\"font-weight: 400;\">Y claro, habr\u00e1 que ver c\u00f3mo se suman las capacidades de innovaci\u00f3n de ambos grupos y qu\u00e9 pasa con la estrategia de conformaci\u00f3n de un ecosistema propio, que ha sido la evidente prioridad de los a\u00f1os recientes para Vinte, y qu\u00e9 pasa tambi\u00e9n con temas como la certificaci\u00f3n Edge, enfocada a garantizar la sustentabilidad en los proyectos inmobiliarios, con que esta firma ya desarrolla todos sus desarrollos.<\/span><\/p>\n<p><span style=\"font-weight: 400;\">Ojal\u00e1 que todo avance y que podamos ver la fusi\u00f3n de estos dos gigantes. Sin duda ser\u00eda una gran noticia para el sector vivienda mexicano.<\/span><\/p>\n<h2><b>Propuestas de vivienda<\/b><\/h2>\n<p><span style=\"font-weight: 400;\">En un contexto en que habr\u00eda que reconocer retos y proponer soluciones, y en el an\u00e1lisis de las pol\u00edticas de vivienda del futuro, aprovech\u00e9 este espacio para abrir una lista de propuestas, que prometo enriquecer, soltando cada semana tres ideas simples, que se ir\u00e1n sumando para aportar elementos al complejo proceso de modelar una respuesta eficiente, oportuna y suficiente, al reto habitacional.\u00a0<\/span><\/p>\n<p><span style=\"font-weight: 400;\">Los invito a sumarse a esta iniciativa. M\u00e1ndenme sus propuestas y las iremos incluyendo en este recetario.<\/span><\/p>\n<p><span style=\"font-weight: 400;\">Esta es la d\u00e9cima sexta entrega de esta serie, que contaba ya con 45 ideas, dejo aqu\u00ed tres temas m\u00e1s, y con ellas, ya van 48:<\/span><\/p>\n<p><span style=\"font-weight: 400;\">Cuarenta y seis. Consolidar un sistema de entidades financieras especializadas no bancarias, cuyo enfoque est\u00e9 en la atenci\u00f3n a los retos de vivienda de los grupos de menores ingresos, en especial, de quienes hoy no son atendidos ni por los organismos nacionales de vivienda, ni por la banca de desarrollo, ni por la banca comercial.<\/span><\/p>\n<p><span style=\"font-weight: 400;\">Cuarenta y siete. Fortalecer el ecosistema de organismos estatales y municipales de vivienda, poni\u00e9ndolos en sinton\u00eda con la pol\u00edtica nacional de vivienda, homologando sus marcos de operaci\u00f3n, y construyendo las fortalezas presupuestales que les permitan generar pol\u00edticas y programas de vivienda de orden local.<\/span><\/p>\n<p><span style=\"font-weight: 400;\">Cuarenta y ocho. En l\u00ednea con el necesario objetivo de fortalecer capacidades de gobernanza metropolitana, generar tambi\u00e9n pol\u00edticas, organismos, programas y presupuestos de vivienda de alcance metropolitano, que hagan posible consolidar una visi\u00f3n integral para las 92 metr\u00f3polis que ya existen en el pa\u00eds\u00a0<\/span><\/p>\n<p><span style=\"font-weight: 400;\">Van 48 ideas\u2026 Y aqu\u00ed seguiremos soltando otras y buscando qui\u00e9n les preste atenci\u00f3n.\u00a0<\/span><\/p>\n<p><span style=\"font-weight: 400;\">Los invito a conocer <\/span><a href=\"https:\/\/centrourbano.com\/revista\/publicaciones\/360o-vivienda-para-todos\/\"><b>Vivienda 360\/Vivienda para Todos<\/b><\/a><span style=\"font-weight: 400;\">. Un documento que estamos generando en <\/span><b><a href=\"https:\/\/centrourbano.com\/revista\/\">Centro Urbano<\/a> <\/b><span style=\"font-weight: 400;\">con el objetivo de agrupar, organizar y presentar estas ideas.\u00a0<\/span><\/p>\n<p><span style=\"font-weight: 400;\">Los invito a leer, compartir y aportar ideas. Este ejercicio es un documento vivo, que se estar\u00e1 actualizando peri\u00f3dicamente, agregando, depurando y afinando\u2026\u00a0<\/span><\/p>\n<p><span style=\"font-weight: 400;\">Aqu\u00ed les dejo la liga: <strong><a href=\"https:\/\/centrourbano.com\/revista\/publicaciones\/360o-vivienda-para-todos\/\">https:\/\/centrourbano.com\/revista\/publicaciones\/360o-vivienda-para-todos\/<\/a><\/strong><\/span><\/p>\n<p>&nbsp;<\/p>\n<div id=\"attachment_148427\" style=\"width: 645px\" class=\"wp-caption aligncenter\"><img loading=\"lazy\" decoding=\"async\" aria-describedby=\"caption-attachment-148427\" class=\"size-full wp-image-148427\" src=\"https:\/\/centrourbano.com\/revista\/wp-content\/uploads\/444151027_973712604761791_1012265721024389014_n.jpg\" alt=\"360\u00ba vivienda para todos\" width=\"635\" height=\"635\" srcset=\"https:\/\/centrourbano.com\/revista\/wp-content\/uploads\/444151027_973712604761791_1012265721024389014_n.jpg 635w, https:\/\/centrourbano.com\/revista\/wp-content\/uploads\/444151027_973712604761791_1012265721024389014_n-300x300.jpg 300w, https:\/\/centrourbano.com\/revista\/wp-content\/uploads\/444151027_973712604761791_1012265721024389014_n-150x150.jpg 150w, https:\/\/centrourbano.com\/revista\/wp-content\/uploads\/444151027_973712604761791_1012265721024389014_n-445x445.jpg 445w, https:\/\/centrourbano.com\/revista\/wp-content\/uploads\/444151027_973712604761791_1012265721024389014_n-350x350.jpg 350w, https:\/\/centrourbano.com\/revista\/wp-content\/uploads\/444151027_973712604761791_1012265721024389014_n-160x160.jpg 160w, https:\/\/centrourbano.com\/revista\/wp-content\/uploads\/444151027_973712604761791_1012265721024389014_n-255x255.jpg 255w, https:\/\/centrourbano.com\/revista\/wp-content\/uploads\/444151027_973712604761791_1012265721024389014_n-65x65.jpg 65w\" sizes=\"auto, (max-width: 635px) 100vw, 635px\" \/><p id=\"caption-attachment-148427\" class=\"wp-caption-text\">360\u00ba vivienda para todos<\/p><\/div>\n<p><span style=\"font-weight: 400;\"><strong>\u00a0<\/strong><\/span><\/p>\n","protected":false},"excerpt":{"rendered":"<p>Salgamos a votar con nuestra inteligencia por delante y reconociendo que es a nuestra gente y no a ning\u00fan pol\u00edtico o partido a quien debemos nuestra lealtad. Hagamos valer el poder de nuestro voto. Por Horacio Urbano*<\/p>\n","protected":false},"author":13,"featured_media":148428,"comment_status":"open","ping_status":"closed","sticky":false,"template":"","format":"standard","meta":{"om_disable_all_campaigns":false,"inline_featured_image":false,"_monsterinsights_skip_tracking":false,"_monsterinsights_sitenote_active":false,"_monsterinsights_sitenote_note":"","_monsterinsights_sitenote_category":0,"footnotes":""},"categories":[241,242,5],"tags":[21195,24211,22585,170,163],"class_list":["post-148426","post","type-post","status-publish","format-standard","has-post-thumbnail","hentry","category-blog-desde-la-casa","category-blog-de-invitado","category-opinion","tag-desde-la-casa","tag-elecciones-2024","tag-en-la-opinion-de","tag-horacio-urbano","tag-opinion"],"yoast_head":"<!-- This site is optimized with the Yoast SEO plugin v27.4 - https:\/\/yoast.com\/product\/yoast-seo-wordpress\/ -->\n<title>Hagamos valer el poder de nuestro voto -<\/title>\n<meta name=\"description\" content=\"Salgamos a votar con nuestra inteligencia por delante y reconociendo que es a nuestra gente y no a ning\u00fan pol\u00edtico o partido a quien debemos nuestra Salgamos a votar con nuestra inteligencia por delante y reconociendo que es a nuestra gente y no a ning\u00fan pol\u00edtico o partido a quien debemos nuestra lealtad. Hagamos valer el poder de nuestro voto.\" \/>\n<meta name=\"robots\" content=\"index, follow, max-snippet:-1, max-image-preview:large, max-video-preview:-1\" \/>\n<link rel=\"canonical\" href=\"https:\/\/centrourbano.com\/revista\/opinion\/hagamos-valer-el-poder-de-nuestro-voto\/\" \/>\n<meta property=\"og:locale\" content=\"es_ES\" \/>\n<meta property=\"og:type\" content=\"article\" \/>\n<meta property=\"og:title\" content=\"Hagamos valer el poder de nuestro voto -\" \/>\n<meta property=\"og:description\" content=\"Salgamos a votar con nuestra inteligencia por delante y reconociendo que es a nuestra gente y no a ning\u00fan pol\u00edtico o partido a quien debemos nuestra Salgamos a votar con nuestra inteligencia por delante y reconociendo que es a nuestra gente y no a ning\u00fan pol\u00edtico o partido a quien debemos nuestra lealtad. Hagamos valer el poder de nuestro voto.\" \/>\n<meta property=\"og:url\" content=\"https:\/\/centrourbano.com\/revista\/opinion\/hagamos-valer-el-poder-de-nuestro-voto\/\" \/>\n<meta property=\"og:site_name\" content=\"Centro Urbano\" \/>\n<meta property=\"article:publisher\" content=\"https:\/\/www.facebook.com\/portalcentrourbano\" \/>\n<meta property=\"article:author\" content=\"https:\/\/www.facebook.com\/urbano.horacio\/\" \/>\n<meta property=\"article:published_time\" content=\"2024-05-28T17:26:15+00:00\" \/>\n<meta property=\"article:modified_time\" content=\"2024-05-28T23:48:04+00:00\" \/>\n<meta property=\"og:image\" content=\"https:\/\/centrourbano.com\/revista\/wp-content\/uploads\/Horacio-Urbano-1-81.jpg\" \/>\n\t<meta property=\"og:image:width\" content=\"445\" \/>\n\t<meta property=\"og:image:height\" content=\"445\" \/>\n\t<meta property=\"og:image:type\" content=\"image\/jpeg\" \/>\n<meta name=\"author\" content=\"Horacio Urbano\" \/>\n<meta name=\"twitter:card\" content=\"summary_large_image\" \/>\n<meta name=\"twitter:creator\" content=\"@https:\/\/twitter.com\/horacio_urbano\" \/>\n<meta name=\"twitter:site\" content=\"@CentroUrbano\" \/>\n<meta name=\"twitter:label1\" content=\"Escrito por\" \/>\n\t<meta name=\"twitter:data1\" content=\"Horacio Urbano\" \/>\n\t<meta name=\"twitter:label2\" content=\"Tiempo de lectura\" \/>\n\t<meta name=\"twitter:data2\" content=\"6 minutos\" \/>\n<script type=\"application\/ld+json\" class=\"yoast-schema-graph\">{\"@context\":\"https:\\\/\\\/schema.org\",\"@graph\":[{\"@type\":\"Article\",\"@id\":\"https:\\\/\\\/centrourbano.com\\\/revista\\\/opinion\\\/hagamos-valer-el-poder-de-nuestro-voto\\\/#article\",\"isPartOf\":{\"@id\":\"https:\\\/\\\/centrourbano.com\\\/revista\\\/opinion\\\/hagamos-valer-el-poder-de-nuestro-voto\\\/\"},\"author\":{\"name\":\"Horacio Urbano\",\"@id\":\"https:\\\/\\\/centrourbano.com\\\/revista\\\/#\\\/schema\\\/person\\\/69755154fe97eeebe4fe9394cb318d28\"},\"headline\":\"Hagamos valer el poder de nuestro voto\",\"datePublished\":\"2024-05-28T17:26:15+00:00\",\"dateModified\":\"2024-05-28T23:48:04+00:00\",\"mainEntityOfPage\":{\"@id\":\"https:\\\/\\\/centrourbano.com\\\/revista\\\/opinion\\\/hagamos-valer-el-poder-de-nuestro-voto\\\/\"},\"wordCount\":1274,\"commentCount\":0,\"publisher\":{\"@id\":\"https:\\\/\\\/centrourbano.com\\\/revista\\\/#organization\"},\"image\":{\"@id\":\"https:\\\/\\\/centrourbano.com\\\/revista\\\/opinion\\\/hagamos-valer-el-poder-de-nuestro-voto\\\/#primaryimage\"},\"thumbnailUrl\":\"https:\\\/\\\/centrourbano.com\\\/revista\\\/wp-content\\\/uploads\\\/Horacio-Urbano-1-81.jpg\",\"keywords\":[\"Desde la Casa\",\"Elecciones 2024\",\"En la opini\u00f3n de\",\"Horacio Urbano\",\"Opini\u00f3n\"],\"articleSection\":[\"Desde la Casa\",\"En la opini\u00f3n de\",\"Opini\u00f3n\"],\"inLanguage\":\"es\",\"potentialAction\":[{\"@type\":\"CommentAction\",\"name\":\"Comment\",\"target\":[\"https:\\\/\\\/centrourbano.com\\\/revista\\\/opinion\\\/hagamos-valer-el-poder-de-nuestro-voto\\\/#respond\"]}]},{\"@type\":\"WebPage\",\"@id\":\"https:\\\/\\\/centrourbano.com\\\/revista\\\/opinion\\\/hagamos-valer-el-poder-de-nuestro-voto\\\/\",\"url\":\"https:\\\/\\\/centrourbano.com\\\/revista\\\/opinion\\\/hagamos-valer-el-poder-de-nuestro-voto\\\/\",\"name\":\"Hagamos valer el poder de nuestro voto -\",\"isPartOf\":{\"@id\":\"https:\\\/\\\/centrourbano.com\\\/revista\\\/#website\"},\"primaryImageOfPage\":{\"@id\":\"https:\\\/\\\/centrourbano.com\\\/revista\\\/opinion\\\/hagamos-valer-el-poder-de-nuestro-voto\\\/#primaryimage\"},\"image\":{\"@id\":\"https:\\\/\\\/centrourbano.com\\\/revista\\\/opinion\\\/hagamos-valer-el-poder-de-nuestro-voto\\\/#primaryimage\"},\"thumbnailUrl\":\"https:\\\/\\\/centrourbano.com\\\/revista\\\/wp-content\\\/uploads\\\/Horacio-Urbano-1-81.jpg\",\"datePublished\":\"2024-05-28T17:26:15+00:00\",\"dateModified\":\"2024-05-28T23:48:04+00:00\",\"description\":\"Salgamos a votar con nuestra inteligencia por delante y reconociendo que es a nuestra gente y no a ning\u00fan pol\u00edtico o partido a quien debemos nuestra Salgamos a votar con nuestra inteligencia por delante y reconociendo que es a nuestra gente y no a ning\u00fan pol\u00edtico o partido a quien debemos nuestra lealtad. Hagamos valer el poder de nuestro voto.\",\"breadcrumb\":{\"@id\":\"https:\\\/\\\/centrourbano.com\\\/revista\\\/opinion\\\/hagamos-valer-el-poder-de-nuestro-voto\\\/#breadcrumb\"},\"inLanguage\":\"es\",\"potentialAction\":[{\"@type\":\"ReadAction\",\"target\":[\"https:\\\/\\\/centrourbano.com\\\/revista\\\/opinion\\\/hagamos-valer-el-poder-de-nuestro-voto\\\/\"]}]},{\"@type\":\"ImageObject\",\"inLanguage\":\"es\",\"@id\":\"https:\\\/\\\/centrourbano.com\\\/revista\\\/opinion\\\/hagamos-valer-el-poder-de-nuestro-voto\\\/#primaryimage\",\"url\":\"https:\\\/\\\/centrourbano.com\\\/revista\\\/wp-content\\\/uploads\\\/Horacio-Urbano-1-81.jpg\",\"contentUrl\":\"https:\\\/\\\/centrourbano.com\\\/revista\\\/wp-content\\\/uploads\\\/Horacio-Urbano-1-81.jpg\",\"width\":445,\"height\":445,\"caption\":\"Hagamos valer el poder de nuestro voto\"},{\"@type\":\"BreadcrumbList\",\"@id\":\"https:\\\/\\\/centrourbano.com\\\/revista\\\/opinion\\\/hagamos-valer-el-poder-de-nuestro-voto\\\/#breadcrumb\",\"itemListElement\":[{\"@type\":\"ListItem\",\"position\":1,\"name\":\"Portada\",\"item\":\"https:\\\/\\\/centrourbano.com\\\/revista\\\/\"},{\"@type\":\"ListItem\",\"position\":2,\"name\":\"Hagamos valer el poder de nuestro voto\"}]},{\"@type\":\"WebSite\",\"@id\":\"https:\\\/\\\/centrourbano.com\\\/revista\\\/#website\",\"url\":\"https:\\\/\\\/centrourbano.com\\\/revista\\\/\",\"name\":\"Centro Urbano\",\"description\":\"Medio especializado en los sectores vivienda, inmobiliario, construcci\u00f3n, arquitectura y urbanismo.\",\"publisher\":{\"@id\":\"https:\\\/\\\/centrourbano.com\\\/revista\\\/#organization\"},\"potentialAction\":[{\"@type\":\"SearchAction\",\"target\":{\"@type\":\"EntryPoint\",\"urlTemplate\":\"https:\\\/\\\/centrourbano.com\\\/revista\\\/?s={search_term_string}\"},\"query-input\":{\"@type\":\"PropertyValueSpecification\",\"valueRequired\":true,\"valueName\":\"search_term_string\"}}],\"inLanguage\":\"es\"},{\"@type\":\"Organization\",\"@id\":\"https:\\\/\\\/centrourbano.com\\\/revista\\\/#organization\",\"name\":\"Centro Urbano\",\"url\":\"https:\\\/\\\/centrourbano.com\\\/revista\\\/\",\"logo\":{\"@type\":\"ImageObject\",\"inLanguage\":\"es\",\"@id\":\"https:\\\/\\\/centrourbano.com\\\/revista\\\/#\\\/schema\\\/logo\\\/image\\\/\",\"url\":\"https:\\\/\\\/centrourbano.com\\\/revista\\\/wp-content\\\/uploads\\\/web_CU_logo-1.png\",\"contentUrl\":\"https:\\\/\\\/centrourbano.com\\\/revista\\\/wp-content\\\/uploads\\\/web_CU_logo-1.png\",\"width\":350,\"height\":91,\"caption\":\"Centro Urbano\"},\"image\":{\"@id\":\"https:\\\/\\\/centrourbano.com\\\/revista\\\/#\\\/schema\\\/logo\\\/image\\\/\"},\"sameAs\":[\"https:\\\/\\\/www.facebook.com\\\/portalcentrourbano\",\"https:\\\/\\\/x.com\\\/CentroUrbano\",\"https:\\\/\\\/www.instagram.com\\\/centro_urbano\\\/\",\"https:\\\/\\\/www.linkedin.com\\\/company\\\/centro-urbano\\\/\",\"http:\\\/\\\/www.youtube.com\\\/user\\\/portalcentrourbano\"]},{\"@type\":\"Person\",\"@id\":\"https:\\\/\\\/centrourbano.com\\\/revista\\\/#\\\/schema\\\/person\\\/69755154fe97eeebe4fe9394cb318d28\",\"name\":\"Horacio Urbano\",\"image\":{\"@type\":\"ImageObject\",\"inLanguage\":\"es\",\"@id\":\"https:\\\/\\\/secure.gravatar.com\\\/avatar\\\/bf4232bac122249113b7bcc4636a8d0432b9fa8bcce4243f1ed6c1ecb8fe915f?s=96&d=mm&r=g\",\"url\":\"https:\\\/\\\/secure.gravatar.com\\\/avatar\\\/bf4232bac122249113b7bcc4636a8d0432b9fa8bcce4243f1ed6c1ecb8fe915f?s=96&d=mm&r=g\",\"contentUrl\":\"https:\\\/\\\/secure.gravatar.com\\\/avatar\\\/bf4232bac122249113b7bcc4636a8d0432b9fa8bcce4243f1ed6c1ecb8fe915f?s=96&d=mm&r=g\",\"caption\":\"Horacio Urbano\"},\"description\":\"Horacio Urbano es arquitecto. Su experiencia profesional se ha desarrollado en los diferentes \u00e1mbitos que definen la industria de la vivienda. En 1999 inici\u00f3 un proyecto editorial dirigido a los sectores inmobiliario y construcci\u00f3n que a lo largo de los a\u00f1os se ha convertido en una poderosa plataforma multimedios y en una verdadera referencia para esta industria. Fundador, junto con la tambi\u00e9n arquitecta Roxana Fabris, de Grupo Centro Urbano, firma que impulsa y desarrolla una serie de esfuerzos de comunicaci\u00f3n relacionados con estos sectores. Como parte de su trabajo en M\u00e9xico y el extranjero, ha escrito o participado en una serie de libros especializados, es colaborador de diferentes medios impresos y electr\u00f3nicos, es activo conferencista y bajo diferentes modelos colabora tambi\u00e9n con diversas empresas e instituciones p\u00fablicas y privadas del sector.\",\"sameAs\":[\"http:\\\/\\\/horaciourbano.com\\\/home\\\/\",\"https:\\\/\\\/www.facebook.com\\\/urbano.horacio\\\/\",\"https:\\\/\\\/x.com\\\/https:\\\/\\\/twitter.com\\\/horacio_urbano\"],\"url\":\"https:\\\/\\\/centrourbano.com\\\/revista\\\/author\\\/horacio-urbano\\\/\"}]}<\/script>\n<!-- \/ Yoast SEO plugin. -->","yoast_head_json":{"title":"Hagamos valer el poder de nuestro voto -","description":"Salgamos a votar con nuestra inteligencia por delante y reconociendo que es a nuestra gente y no a ning\u00fan pol\u00edtico o partido a quien debemos nuestra Salgamos a votar con nuestra inteligencia por delante y reconociendo que es a nuestra gente y no a ning\u00fan pol\u00edtico o partido a quien debemos nuestra lealtad. Hagamos valer el poder de nuestro voto.","robots":{"index":"index","follow":"follow","max-snippet":"max-snippet:-1","max-image-preview":"max-image-preview:large","max-video-preview":"max-video-preview:-1"},"canonical":"https:\/\/centrourbano.com\/revista\/opinion\/hagamos-valer-el-poder-de-nuestro-voto\/","og_locale":"es_ES","og_type":"article","og_title":"Hagamos valer el poder de nuestro voto -","og_description":"Salgamos a votar con nuestra inteligencia por delante y reconociendo que es a nuestra gente y no a ning\u00fan pol\u00edtico o partido a quien debemos nuestra Salgamos a votar con nuestra inteligencia por delante y reconociendo que es a nuestra gente y no a ning\u00fan pol\u00edtico o partido a quien debemos nuestra lealtad. Hagamos valer el poder de nuestro voto.","og_url":"https:\/\/centrourbano.com\/revista\/opinion\/hagamos-valer-el-poder-de-nuestro-voto\/","og_site_name":"Centro Urbano","article_publisher":"https:\/\/www.facebook.com\/portalcentrourbano","article_author":"https:\/\/www.facebook.com\/urbano.horacio\/","article_published_time":"2024-05-28T17:26:15+00:00","article_modified_time":"2024-05-28T23:48:04+00:00","og_image":[{"width":445,"height":445,"url":"https:\/\/centrourbano.com\/revista\/wp-content\/uploads\/Horacio-Urbano-1-81.jpg","type":"image\/jpeg"}],"author":"Horacio Urbano","twitter_card":"summary_large_image","twitter_creator":"@https:\/\/twitter.com\/horacio_urbano","twitter_site":"@CentroUrbano","twitter_misc":{"Escrito por":"Horacio Urbano","Tiempo de lectura":"6 minutos"},"schema":{"@context":"https:\/\/schema.org","@graph":[{"@type":"Article","@id":"https:\/\/centrourbano.com\/revista\/opinion\/hagamos-valer-el-poder-de-nuestro-voto\/#article","isPartOf":{"@id":"https:\/\/centrourbano.com\/revista\/opinion\/hagamos-valer-el-poder-de-nuestro-voto\/"},"author":{"name":"Horacio Urbano","@id":"https:\/\/centrourbano.com\/revista\/#\/schema\/person\/69755154fe97eeebe4fe9394cb318d28"},"headline":"Hagamos valer el poder de nuestro voto","datePublished":"2024-05-28T17:26:15+00:00","dateModified":"2024-05-28T23:48:04+00:00","mainEntityOfPage":{"@id":"https:\/\/centrourbano.com\/revista\/opinion\/hagamos-valer-el-poder-de-nuestro-voto\/"},"wordCount":1274,"commentCount":0,"publisher":{"@id":"https:\/\/centrourbano.com\/revista\/#organization"},"image":{"@id":"https:\/\/centrourbano.com\/revista\/opinion\/hagamos-valer-el-poder-de-nuestro-voto\/#primaryimage"},"thumbnailUrl":"https:\/\/centrourbano.com\/revista\/wp-content\/uploads\/Horacio-Urbano-1-81.jpg","keywords":["Desde la Casa","Elecciones 2024","En la opini\u00f3n de","Horacio Urbano","Opini\u00f3n"],"articleSection":["Desde la Casa","En la opini\u00f3n de","Opini\u00f3n"],"inLanguage":"es","potentialAction":[{"@type":"CommentAction","name":"Comment","target":["https:\/\/centrourbano.com\/revista\/opinion\/hagamos-valer-el-poder-de-nuestro-voto\/#respond"]}]},{"@type":"WebPage","@id":"https:\/\/centrourbano.com\/revista\/opinion\/hagamos-valer-el-poder-de-nuestro-voto\/","url":"https:\/\/centrourbano.com\/revista\/opinion\/hagamos-valer-el-poder-de-nuestro-voto\/","name":"Hagamos valer el poder de nuestro voto -","isPartOf":{"@id":"https:\/\/centrourbano.com\/revista\/#website"},"primaryImageOfPage":{"@id":"https:\/\/centrourbano.com\/revista\/opinion\/hagamos-valer-el-poder-de-nuestro-voto\/#primaryimage"},"image":{"@id":"https:\/\/centrourbano.com\/revista\/opinion\/hagamos-valer-el-poder-de-nuestro-voto\/#primaryimage"},"thumbnailUrl":"https:\/\/centrourbano.com\/revista\/wp-content\/uploads\/Horacio-Urbano-1-81.jpg","datePublished":"2024-05-28T17:26:15+00:00","dateModified":"2024-05-28T23:48:04+00:00","description":"Salgamos a votar con nuestra inteligencia por delante y reconociendo que es a nuestra gente y no a ning\u00fan pol\u00edtico o partido a quien debemos nuestra Salgamos a votar con nuestra inteligencia por delante y reconociendo que es a nuestra gente y no a ning\u00fan pol\u00edtico o partido a quien debemos nuestra lealtad. Hagamos valer el poder de nuestro voto.","breadcrumb":{"@id":"https:\/\/centrourbano.com\/revista\/opinion\/hagamos-valer-el-poder-de-nuestro-voto\/#breadcrumb"},"inLanguage":"es","potentialAction":[{"@type":"ReadAction","target":["https:\/\/centrourbano.com\/revista\/opinion\/hagamos-valer-el-poder-de-nuestro-voto\/"]}]},{"@type":"ImageObject","inLanguage":"es","@id":"https:\/\/centrourbano.com\/revista\/opinion\/hagamos-valer-el-poder-de-nuestro-voto\/#primaryimage","url":"https:\/\/centrourbano.com\/revista\/wp-content\/uploads\/Horacio-Urbano-1-81.jpg","contentUrl":"https:\/\/centrourbano.com\/revista\/wp-content\/uploads\/Horacio-Urbano-1-81.jpg","width":445,"height":445,"caption":"Hagamos valer el poder de nuestro voto"},{"@type":"BreadcrumbList","@id":"https:\/\/centrourbano.com\/revista\/opinion\/hagamos-valer-el-poder-de-nuestro-voto\/#breadcrumb","itemListElement":[{"@type":"ListItem","position":1,"name":"Portada","item":"https:\/\/centrourbano.com\/revista\/"},{"@type":"ListItem","position":2,"name":"Hagamos valer el poder de nuestro voto"}]},{"@type":"WebSite","@id":"https:\/\/centrourbano.com\/revista\/#website","url":"https:\/\/centrourbano.com\/revista\/","name":"Centro Urbano","description":"Medio especializado en los sectores vivienda, inmobiliario, construcci\u00f3n, arquitectura y urbanismo.","publisher":{"@id":"https:\/\/centrourbano.com\/revista\/#organization"},"potentialAction":[{"@type":"SearchAction","target":{"@type":"EntryPoint","urlTemplate":"https:\/\/centrourbano.com\/revista\/?s={search_term_string}"},"query-input":{"@type":"PropertyValueSpecification","valueRequired":true,"valueName":"search_term_string"}}],"inLanguage":"es"},{"@type":"Organization","@id":"https:\/\/centrourbano.com\/revista\/#organization","name":"Centro Urbano","url":"https:\/\/centrourbano.com\/revista\/","logo":{"@type":"ImageObject","inLanguage":"es","@id":"https:\/\/centrourbano.com\/revista\/#\/schema\/logo\/image\/","url":"https:\/\/centrourbano.com\/revista\/wp-content\/uploads\/web_CU_logo-1.png","contentUrl":"https:\/\/centrourbano.com\/revista\/wp-content\/uploads\/web_CU_logo-1.png","width":350,"height":91,"caption":"Centro Urbano"},"image":{"@id":"https:\/\/centrourbano.com\/revista\/#\/schema\/logo\/image\/"},"sameAs":["https:\/\/www.facebook.com\/portalcentrourbano","https:\/\/x.com\/CentroUrbano","https:\/\/www.instagram.com\/centro_urbano\/","https:\/\/www.linkedin.com\/company\/centro-urbano\/","http:\/\/www.youtube.com\/user\/portalcentrourbano"]},{"@type":"Person","@id":"https:\/\/centrourbano.com\/revista\/#\/schema\/person\/69755154fe97eeebe4fe9394cb318d28","name":"Horacio Urbano","image":{"@type":"ImageObject","inLanguage":"es","@id":"https:\/\/secure.gravatar.com\/avatar\/bf4232bac122249113b7bcc4636a8d0432b9fa8bcce4243f1ed6c1ecb8fe915f?s=96&d=mm&r=g","url":"https:\/\/secure.gravatar.com\/avatar\/bf4232bac122249113b7bcc4636a8d0432b9fa8bcce4243f1ed6c1ecb8fe915f?s=96&d=mm&r=g","contentUrl":"https:\/\/secure.gravatar.com\/avatar\/bf4232bac122249113b7bcc4636a8d0432b9fa8bcce4243f1ed6c1ecb8fe915f?s=96&d=mm&r=g","caption":"Horacio Urbano"},"description":"Horacio Urbano es arquitecto. Su experiencia profesional se ha desarrollado en los diferentes \u00e1mbitos que definen la industria de la vivienda. En 1999 inici\u00f3 un proyecto editorial dirigido a los sectores inmobiliario y construcci\u00f3n que a lo largo de los a\u00f1os se ha convertido en una poderosa plataforma multimedios y en una verdadera referencia para esta industria. Fundador, junto con la tambi\u00e9n arquitecta Roxana Fabris, de Grupo Centro Urbano, firma que impulsa y desarrolla una serie de esfuerzos de comunicaci\u00f3n relacionados con estos sectores. Como parte de su trabajo en M\u00e9xico y el extranjero, ha escrito o participado en una serie de libros especializados, es colaborador de diferentes medios impresos y electr\u00f3nicos, es activo conferencista y bajo diferentes modelos colabora tambi\u00e9n con diversas empresas e instituciones p\u00fablicas y privadas del sector.","sameAs":["http:\/\/horaciourbano.com\/home\/","https:\/\/www.facebook.com\/urbano.horacio\/","https:\/\/x.com\/https:\/\/twitter.com\/horacio_urbano"],"url":"https:\/\/centrourbano.com\/revista\/author\/horacio-urbano\/"}]}},"_links":{"self":[{"href":"https:\/\/centrourbano.com\/revista\/wp-json\/wp\/v2\/posts\/148426","targetHints":{"allow":["GET"]}}],"collection":[{"href":"https:\/\/centrourbano.com\/revista\/wp-json\/wp\/v2\/posts"}],"about":[{"href":"https:\/\/centrourbano.com\/revista\/wp-json\/wp\/v2\/types\/post"}],"author":[{"embeddable":true,"href":"https:\/\/centrourbano.com\/revista\/wp-json\/wp\/v2\/users\/13"}],"replies":[{"embeddable":true,"href":"https:\/\/centrourbano.com\/revista\/wp-json\/wp\/v2\/comments?post=148426"}],"version-history":[{"count":3,"href":"https:\/\/centrourbano.com\/revista\/wp-json\/wp\/v2\/posts\/148426\/revisions"}],"predecessor-version":[{"id":148438,"href":"https:\/\/centrourbano.com\/revista\/wp-json\/wp\/v2\/posts\/148426\/revisions\/148438"}],"wp:featuredmedia":[{"embeddable":true,"href":"https:\/\/centrourbano.com\/revista\/wp-json\/wp\/v2\/media\/148428"}],"wp:attachment":[{"href":"https:\/\/centrourbano.com\/revista\/wp-json\/wp\/v2\/media?parent=148426"}],"wp:term":[{"taxonomy":"category","embeddable":true,"href":"https:\/\/centrourbano.com\/revista\/wp-json\/wp\/v2\/categories?post=148426"},{"taxonomy":"post_tag","embeddable":true,"href":"https:\/\/centrourbano.com\/revista\/wp-json\/wp\/v2\/tags?post=148426"}],"curies":[{"name":"wp","href":"https:\/\/api.w.org\/{rel}","templated":true}]}}