{"id":148169,"date":"2024-05-17T11:47:07","date_gmt":"2024-05-17T17:47:07","guid":{"rendered":"https:\/\/centrourbano.com\/revista\/?p=148169"},"modified":"2024-05-17T11:47:07","modified_gmt":"2024-05-17T17:47:07","slug":"infonavit-feria-servicios","status":"publish","type":"post","link":"https:\/\/centrourbano.com\/revista\/vivienda\/infonavit-feria-servicios\/","title":{"rendered":"Infonavit organiza Mega Feria de Servicios en la CDMX"},"content":{"rendered":"<p><em>En la feria, el Infonavit informar\u00e1 acerca de su oferta de cr\u00e9ditos y vivienda; adem\u00e1s de que brindar\u00e1 asesor\u00eda sobre el tr\u00e1mite de testamentos o escrituras<\/em><!--more--><\/p>\n<p>Con el objetivo de apoyar a los trabajadores a contar con un patrimonio, el Instituto del Fondo Nacional de la Vivienda para los Trabajadores (<a href=\"https:\/\/portalmx.infonavit.org.mx\/wps\/portal\/infonavitmx\/mx2\/derechohabientes\/!ut\/p\/z1\/hY-9DoJAEISfxYKWXX6Ew-4iiQoJgQbwGgMGDxLgCJzy-l6UxkR0ut35ZjcDDHJgffFoeCEb0Retms_MuTgHxOPeNiKSEopJ5EVm6FhmQF3I_gFM2bgiiirPXsjqBWcBPM-3jZCgGRsRYpImhn_yXdyivQA_ngTAeCvKdx_alxbhwMbqVo3VqN9Hta6lHKadhhrO86xzIXhb6VfRafgtUotJQv5JwtDl2MRdRia6eQLjCZYX\/dz\/d5\/L2dBISEvZ0FBIS9nQSEh\/\" target=\"_blank\" rel=\"noopener\">Infonavit<\/a>) realizar\u00e1 una\u00a0<strong>Mega Feria de<\/strong>\u00a0<strong>Servicios en Ciudad de M\u00e9xico. <\/strong><\/p>\n<p>En el evento, el Instituto brindar\u00e1 toda la<strong> informaci\u00f3n necesaria acerca de sus<\/strong> <strong>opciones para obtener una vivienda<\/strong>, como los cr\u00e9ditos hipotecarios, para la compra de terrenos, de mejora entre otros.<\/p>\n<p>La Mega Feria de Infonavit se llevar\u00e1 a cabo ma\u00f1ana <strong>s\u00e1bado <\/strong><strong>18 de mayo<\/strong> en un horario de 10:00 a 18:00 horas en el <strong>Complejo Cultural Los Pinos<\/strong>, ubicado en Calzada del Rey s\/n, Bosque de Chapultepec primera secci\u00f3n, Miguel Hidalgo, en Ciudad de M\u00e9xico.<\/p>\n<h2>Servicios de la Mega Feria de\u00a0Servicios Infonavit<\/h2>\n<p>El <a href=\"https:\/\/centrourbano.com\/revista\/?s=infonavit\" target=\"_blank\" rel=\"noopener\">Infonavit<\/a> se\u00f1al\u00f3 que la feria contar\u00e1 con la presencia de <strong>personal de cr\u00e9dito y cobranza social<\/strong>, quienes podr\u00e1n resolver las dudas de los asistentes. Tambi\u00e9n asistir\u00e1n\u00a0<strong>desarrolladores y notarios<\/strong> que dar\u00e1n informaci\u00f3n sobre la oferta de vivienda y <strong>asesor\u00eda sobre el tr\u00e1mite de testamento o escrituras<\/strong>.<\/p>\n<p>Igualmente, los asistentes del evento podr\u00e1n <strong>s<\/strong><strong>olicitar un financiamiento<\/strong> para construcci\u00f3n, ampliaci\u00f3n o mejora de vivienda; recibir <strong>asesor\u00eda sobre los cr\u00e9ditos<\/strong> para compra de vivienda o terreno; acceder a las soluciones de pago; obtener <strong>informaci\u00f3n sobre el proceso de la Devoluci\u00f3n de la Subcuenta <\/strong>de Vivienda o pagos excedentes, entre otros procesos.<\/p>\n<p>Adem\u00e1s, la feria contar\u00e1 con un m\u00f3dulo de activaci\u00f3n y diversas actividades culturales y de entretenimiento para las familias que asistan.<\/p>\n","protected":false},"excerpt":{"rendered":"<p>En la feria, el Infonavit informar\u00e1 acerca de su oferta de cr\u00e9ditos y vivienda; adem\u00e1s de que brindar\u00e1 asesor\u00eda sobre el tr\u00e1mite de testamentos o escrituras<\/p>\n","protected":false},"author":88,"featured_media":148170,"comment_status":"open","ping_status":"closed","sticky":false,"template":"","format":"standard","meta":{"om_disable_all_campaigns":false,"inline_featured_image":false,"_monsterinsights_skip_tracking":false,"_monsterinsights_sitenote_active":false,"_monsterinsights_sitenote_note":"","_monsterinsights_sitenote_category":0,"footnotes":""},"categories":[12],"tags":[1993,100,24301],"class_list":["post-148169","post","type-post","status-publish","format-standard","has-post-thumbnail","hentry","category-vivienda","tag-credito-infonavit","tag-infonavit","tag-mega-feria-de-servicios-infonavit"],"yoast_head":"<!-- This site is optimized with the Yoast SEO plugin v27.4 - https:\/\/yoast.com\/product\/yoast-seo-wordpress\/ -->\n<title>Infonavit organiza Mega Feria de Servicios en la CDMX -<\/title>\n<meta name=\"description\" content=\"En la feria, el Infonavit informar\u00e1 acerca de su oferta de cr\u00e9ditos y vivienda; adem\u00e1s de que brindar\u00e1 asesor\u00eda sobre el tr\u00e1mite de testamentos o\" \/>\n<meta name=\"robots\" content=\"index, follow, max-snippet:-1, max-image-preview:large, max-video-preview:-1\" \/>\n<link rel=\"canonical\" href=\"https:\/\/centrourbano.com\/revista\/vivienda\/infonavit-feria-servicios\/\" \/>\n<meta property=\"og:locale\" content=\"es_ES\" \/>\n<meta property=\"og:type\" content=\"article\" \/>\n<meta property=\"og:title\" content=\"Infonavit organiza Mega Feria de Servicios en la CDMX -\" \/>\n<meta property=\"og:description\" content=\"En la feria, el Infonavit informar\u00e1 acerca de su oferta de cr\u00e9ditos y vivienda; adem\u00e1s de que brindar\u00e1 asesor\u00eda sobre el tr\u00e1mite de testamentos o\" \/>\n<meta property=\"og:url\" content=\"https:\/\/centrourbano.com\/revista\/vivienda\/infonavit-feria-servicios\/\" \/>\n<meta property=\"og:site_name\" content=\"Centro Urbano\" \/>\n<meta property=\"article:publisher\" content=\"https:\/\/www.facebook.com\/portalcentrourbano\" \/>\n<meta property=\"article:published_time\" content=\"2024-05-17T17:47:07+00:00\" \/>\n<meta property=\"og:image\" content=\"https:\/\/centrourbano.com\/revista\/wp-content\/uploads\/800-infonavit-4-5.jpg\" \/>\n\t<meta property=\"og:image:width\" content=\"800\" \/>\n\t<meta property=\"og:image:height\" content=\"800\" \/>\n\t<meta property=\"og:image:type\" content=\"image\/jpeg\" \/>\n<meta name=\"author\" content=\"Rebeca Romero\" \/>\n<meta name=\"twitter:card\" content=\"summary_large_image\" \/>\n<meta name=\"twitter:creator\" content=\"@CentroUrbano\" \/>\n<meta name=\"twitter:site\" content=\"@CentroUrbano\" \/>\n<meta name=\"twitter:label1\" content=\"Escrito por\" \/>\n\t<meta name=\"twitter:data1\" content=\"Rebeca Romero\" \/>\n\t<meta name=\"twitter:label2\" content=\"Tiempo de lectura\" \/>\n\t<meta name=\"twitter:data2\" content=\"1 minuto\" \/>\n<script type=\"application\/ld+json\" class=\"yoast-schema-graph\">{\"@context\":\"https:\\\/\\\/schema.org\",\"@graph\":[{\"@type\":\"Article\",\"@id\":\"https:\\\/\\\/centrourbano.com\\\/revista\\\/vivienda\\\/infonavit-feria-servicios\\\/#article\",\"isPartOf\":{\"@id\":\"https:\\\/\\\/centrourbano.com\\\/revista\\\/vivienda\\\/infonavit-feria-servicios\\\/\"},\"author\":{\"name\":\"Rebeca Romero\",\"@id\":\"https:\\\/\\\/centrourbano.com\\\/revista\\\/#\\\/schema\\\/person\\\/c665f1c60da3ad48cd761a707b7090b0\"},\"headline\":\"Infonavit organiza Mega Feria de Servicios en la CDMX\",\"datePublished\":\"2024-05-17T17:47:07+00:00\",\"mainEntityOfPage\":{\"@id\":\"https:\\\/\\\/centrourbano.com\\\/revista\\\/vivienda\\\/infonavit-feria-servicios\\\/\"},\"wordCount\":303,\"commentCount\":0,\"publisher\":{\"@id\":\"https:\\\/\\\/centrourbano.com\\\/revista\\\/#organization\"},\"image\":{\"@id\":\"https:\\\/\\\/centrourbano.com\\\/revista\\\/vivienda\\\/infonavit-feria-servicios\\\/#primaryimage\"},\"thumbnailUrl\":\"https:\\\/\\\/centrourbano.com\\\/revista\\\/wp-content\\\/uploads\\\/800-infonavit-4-5.jpg\",\"keywords\":[\"credito infonavit\",\"Infonavit\",\"Mega Feria de Servicios Infonavit\"],\"articleSection\":[\"Vivienda\"],\"inLanguage\":\"es\",\"potentialAction\":[{\"@type\":\"CommentAction\",\"name\":\"Comment\",\"target\":[\"https:\\\/\\\/centrourbano.com\\\/revista\\\/vivienda\\\/infonavit-feria-servicios\\\/#respond\"]}]},{\"@type\":\"WebPage\",\"@id\":\"https:\\\/\\\/centrourbano.com\\\/revista\\\/vivienda\\\/infonavit-feria-servicios\\\/\",\"url\":\"https:\\\/\\\/centrourbano.com\\\/revista\\\/vivienda\\\/infonavit-feria-servicios\\\/\",\"name\":\"Infonavit organiza Mega Feria de Servicios en la CDMX -\",\"isPartOf\":{\"@id\":\"https:\\\/\\\/centrourbano.com\\\/revista\\\/#website\"},\"primaryImageOfPage\":{\"@id\":\"https:\\\/\\\/centrourbano.com\\\/revista\\\/vivienda\\\/infonavit-feria-servicios\\\/#primaryimage\"},\"image\":{\"@id\":\"https:\\\/\\\/centrourbano.com\\\/revista\\\/vivienda\\\/infonavit-feria-servicios\\\/#primaryimage\"},\"thumbnailUrl\":\"https:\\\/\\\/centrourbano.com\\\/revista\\\/wp-content\\\/uploads\\\/800-infonavit-4-5.jpg\",\"datePublished\":\"2024-05-17T17:47:07+00:00\",\"description\":\"En la feria, el Infonavit informar\u00e1 acerca de su oferta de cr\u00e9ditos y vivienda; adem\u00e1s de que brindar\u00e1 asesor\u00eda sobre el tr\u00e1mite de testamentos o\",\"breadcrumb\":{\"@id\":\"https:\\\/\\\/centrourbano.com\\\/revista\\\/vivienda\\\/infonavit-feria-servicios\\\/#breadcrumb\"},\"inLanguage\":\"es\",\"potentialAction\":[{\"@type\":\"ReadAction\",\"target\":[\"https:\\\/\\\/centrourbano.com\\\/revista\\\/vivienda\\\/infonavit-feria-servicios\\\/\"]}]},{\"@type\":\"ImageObject\",\"inLanguage\":\"es\",\"@id\":\"https:\\\/\\\/centrourbano.com\\\/revista\\\/vivienda\\\/infonavit-feria-servicios\\\/#primaryimage\",\"url\":\"https:\\\/\\\/centrourbano.com\\\/revista\\\/wp-content\\\/uploads\\\/800-infonavit-4-5.jpg\",\"contentUrl\":\"https:\\\/\\\/centrourbano.com\\\/revista\\\/wp-content\\\/uploads\\\/800-infonavit-4-5.jpg\",\"width\":800,\"height\":800,\"caption\":\"Infonavit organiza Mega Feria de Servicios en la CDMX\"},{\"@type\":\"BreadcrumbList\",\"@id\":\"https:\\\/\\\/centrourbano.com\\\/revista\\\/vivienda\\\/infonavit-feria-servicios\\\/#breadcrumb\",\"itemListElement\":[{\"@type\":\"ListItem\",\"position\":1,\"name\":\"Portada\",\"item\":\"https:\\\/\\\/centrourbano.com\\\/revista\\\/\"},{\"@type\":\"ListItem\",\"position\":2,\"name\":\"Infonavit organiza Mega Feria de Servicios en la CDMX\"}]},{\"@type\":\"WebSite\",\"@id\":\"https:\\\/\\\/centrourbano.com\\\/revista\\\/#website\",\"url\":\"https:\\\/\\\/centrourbano.com\\\/revista\\\/\",\"name\":\"Centro Urbano\",\"description\":\"Medio especializado en los sectores vivienda, inmobiliario, construcci\u00f3n, arquitectura y urbanismo.\",\"publisher\":{\"@id\":\"https:\\\/\\\/centrourbano.com\\\/revista\\\/#organization\"},\"potentialAction\":[{\"@type\":\"SearchAction\",\"target\":{\"@type\":\"EntryPoint\",\"urlTemplate\":\"https:\\\/\\\/centrourbano.com\\\/revista\\\/?s={search_term_string}\"},\"query-input\":{\"@type\":\"PropertyValueSpecification\",\"valueRequired\":true,\"valueName\":\"search_term_string\"}}],\"inLanguage\":\"es\"},{\"@type\":\"Organization\",\"@id\":\"https:\\\/\\\/centrourbano.com\\\/revista\\\/#organization\",\"name\":\"Centro Urbano\",\"url\":\"https:\\\/\\\/centrourbano.com\\\/revista\\\/\",\"logo\":{\"@type\":\"ImageObject\",\"inLanguage\":\"es\",\"@id\":\"https:\\\/\\\/centrourbano.com\\\/revista\\\/#\\\/schema\\\/logo\\\/image\\\/\",\"url\":\"https:\\\/\\\/centrourbano.com\\\/revista\\\/wp-content\\\/uploads\\\/web_CU_logo-1.png\",\"contentUrl\":\"https:\\\/\\\/centrourbano.com\\\/revista\\\/wp-content\\\/uploads\\\/web_CU_logo-1.png\",\"width\":350,\"height\":91,\"caption\":\"Centro Urbano\"},\"image\":{\"@id\":\"https:\\\/\\\/centrourbano.com\\\/revista\\\/#\\\/schema\\\/logo\\\/image\\\/\"},\"sameAs\":[\"https:\\\/\\\/www.facebook.com\\\/portalcentrourbano\",\"https:\\\/\\\/x.com\\\/CentroUrbano\",\"https:\\\/\\\/www.instagram.com\\\/centro_urbano\\\/\",\"https:\\\/\\\/www.linkedin.com\\\/company\\\/centro-urbano\\\/\",\"http:\\\/\\\/www.youtube.com\\\/user\\\/portalcentrourbano\"]},{\"@type\":\"Person\",\"@id\":\"https:\\\/\\\/centrourbano.com\\\/revista\\\/#\\\/schema\\\/person\\\/c665f1c60da3ad48cd761a707b7090b0\",\"name\":\"Rebeca Romero\",\"image\":{\"@type\":\"ImageObject\",\"inLanguage\":\"es\",\"@id\":\"https:\\\/\\\/secure.gravatar.com\\\/avatar\\\/aee0068ae3cc041082e0e84a8258fe5ccc00a733f187bde73b0b40d86b892826?s=96&d=mm&r=g\",\"url\":\"https:\\\/\\\/secure.gravatar.com\\\/avatar\\\/aee0068ae3cc041082e0e84a8258fe5ccc00a733f187bde73b0b40d86b892826?s=96&d=mm&r=g\",\"contentUrl\":\"https:\\\/\\\/secure.gravatar.com\\\/avatar\\\/aee0068ae3cc041082e0e84a8258fe5ccc00a733f187bde73b0b40d86b892826?s=96&d=mm&r=g\",\"caption\":\"Rebeca Romero\"},\"url\":\"https:\\\/\\\/centrourbano.com\\\/revista\\\/author\\\/rebeca-romero\\\/\"}]}<\/script>\n<!-- \/ Yoast SEO plugin. -->","yoast_head_json":{"title":"Infonavit organiza Mega Feria de Servicios en la CDMX -","description":"En la feria, el Infonavit informar\u00e1 acerca de su oferta de cr\u00e9ditos y vivienda; adem\u00e1s de que brindar\u00e1 asesor\u00eda sobre el tr\u00e1mite de testamentos o","robots":{"index":"index","follow":"follow","max-snippet":"max-snippet:-1","max-image-preview":"max-image-preview:large","max-video-preview":"max-video-preview:-1"},"canonical":"https:\/\/centrourbano.com\/revista\/vivienda\/infonavit-feria-servicios\/","og_locale":"es_ES","og_type":"article","og_title":"Infonavit organiza Mega Feria de Servicios en la CDMX -","og_description":"En la feria, el Infonavit informar\u00e1 acerca de su oferta de cr\u00e9ditos y vivienda; adem\u00e1s de que brindar\u00e1 asesor\u00eda sobre el tr\u00e1mite de testamentos o","og_url":"https:\/\/centrourbano.com\/revista\/vivienda\/infonavit-feria-servicios\/","og_site_name":"Centro Urbano","article_publisher":"https:\/\/www.facebook.com\/portalcentrourbano","article_published_time":"2024-05-17T17:47:07+00:00","og_image":[{"width":800,"height":800,"url":"https:\/\/centrourbano.com\/revista\/wp-content\/uploads\/800-infonavit-4-5.jpg","type":"image\/jpeg"}],"author":"Rebeca Romero","twitter_card":"summary_large_image","twitter_creator":"@CentroUrbano","twitter_site":"@CentroUrbano","twitter_misc":{"Escrito por":"Rebeca Romero","Tiempo de lectura":"1 minuto"},"schema":{"@context":"https:\/\/schema.org","@graph":[{"@type":"Article","@id":"https:\/\/centrourbano.com\/revista\/vivienda\/infonavit-feria-servicios\/#article","isPartOf":{"@id":"https:\/\/centrourbano.com\/revista\/vivienda\/infonavit-feria-servicios\/"},"author":{"name":"Rebeca Romero","@id":"https:\/\/centrourbano.com\/revista\/#\/schema\/person\/c665f1c60da3ad48cd761a707b7090b0"},"headline":"Infonavit organiza Mega Feria de Servicios en la CDMX","datePublished":"2024-05-17T17:47:07+00:00","mainEntityOfPage":{"@id":"https:\/\/centrourbano.com\/revista\/vivienda\/infonavit-feria-servicios\/"},"wordCount":303,"commentCount":0,"publisher":{"@id":"https:\/\/centrourbano.com\/revista\/#organization"},"image":{"@id":"https:\/\/centrourbano.com\/revista\/vivienda\/infonavit-feria-servicios\/#primaryimage"},"thumbnailUrl":"https:\/\/centrourbano.com\/revista\/wp-content\/uploads\/800-infonavit-4-5.jpg","keywords":["credito infonavit","Infonavit","Mega Feria de Servicios Infonavit"],"articleSection":["Vivienda"],"inLanguage":"es","potentialAction":[{"@type":"CommentAction","name":"Comment","target":["https:\/\/centrourbano.com\/revista\/vivienda\/infonavit-feria-servicios\/#respond"]}]},{"@type":"WebPage","@id":"https:\/\/centrourbano.com\/revista\/vivienda\/infonavit-feria-servicios\/","url":"https:\/\/centrourbano.com\/revista\/vivienda\/infonavit-feria-servicios\/","name":"Infonavit organiza Mega Feria de Servicios en la CDMX -","isPartOf":{"@id":"https:\/\/centrourbano.com\/revista\/#website"},"primaryImageOfPage":{"@id":"https:\/\/centrourbano.com\/revista\/vivienda\/infonavit-feria-servicios\/#primaryimage"},"image":{"@id":"https:\/\/centrourbano.com\/revista\/vivienda\/infonavit-feria-servicios\/#primaryimage"},"thumbnailUrl":"https:\/\/centrourbano.com\/revista\/wp-content\/uploads\/800-infonavit-4-5.jpg","datePublished":"2024-05-17T17:47:07+00:00","description":"En la feria, el Infonavit informar\u00e1 acerca de su oferta de cr\u00e9ditos y vivienda; adem\u00e1s de que brindar\u00e1 asesor\u00eda sobre el tr\u00e1mite de testamentos o","breadcrumb":{"@id":"https:\/\/centrourbano.com\/revista\/vivienda\/infonavit-feria-servicios\/#breadcrumb"},"inLanguage":"es","potentialAction":[{"@type":"ReadAction","target":["https:\/\/centrourbano.com\/revista\/vivienda\/infonavit-feria-servicios\/"]}]},{"@type":"ImageObject","inLanguage":"es","@id":"https:\/\/centrourbano.com\/revista\/vivienda\/infonavit-feria-servicios\/#primaryimage","url":"https:\/\/centrourbano.com\/revista\/wp-content\/uploads\/800-infonavit-4-5.jpg","contentUrl":"https:\/\/centrourbano.com\/revista\/wp-content\/uploads\/800-infonavit-4-5.jpg","width":800,"height":800,"caption":"Infonavit organiza Mega Feria de Servicios en la CDMX"},{"@type":"BreadcrumbList","@id":"https:\/\/centrourbano.com\/revista\/vivienda\/infonavit-feria-servicios\/#breadcrumb","itemListElement":[{"@type":"ListItem","position":1,"name":"Portada","item":"https:\/\/centrourbano.com\/revista\/"},{"@type":"ListItem","position":2,"name":"Infonavit organiza Mega Feria de Servicios en la CDMX"}]},{"@type":"WebSite","@id":"https:\/\/centrourbano.com\/revista\/#website","url":"https:\/\/centrourbano.com\/revista\/","name":"Centro Urbano","description":"Medio especializado en los sectores vivienda, inmobiliario, construcci\u00f3n, arquitectura y urbanismo.","publisher":{"@id":"https:\/\/centrourbano.com\/revista\/#organization"},"potentialAction":[{"@type":"SearchAction","target":{"@type":"EntryPoint","urlTemplate":"https:\/\/centrourbano.com\/revista\/?s={search_term_string}"},"query-input":{"@type":"PropertyValueSpecification","valueRequired":true,"valueName":"search_term_string"}}],"inLanguage":"es"},{"@type":"Organization","@id":"https:\/\/centrourbano.com\/revista\/#organization","name":"Centro Urbano","url":"https:\/\/centrourbano.com\/revista\/","logo":{"@type":"ImageObject","inLanguage":"es","@id":"https:\/\/centrourbano.com\/revista\/#\/schema\/logo\/image\/","url":"https:\/\/centrourbano.com\/revista\/wp-content\/uploads\/web_CU_logo-1.png","contentUrl":"https:\/\/centrourbano.com\/revista\/wp-content\/uploads\/web_CU_logo-1.png","width":350,"height":91,"caption":"Centro Urbano"},"image":{"@id":"https:\/\/centrourbano.com\/revista\/#\/schema\/logo\/image\/"},"sameAs":["https:\/\/www.facebook.com\/portalcentrourbano","https:\/\/x.com\/CentroUrbano","https:\/\/www.instagram.com\/centro_urbano\/","https:\/\/www.linkedin.com\/company\/centro-urbano\/","http:\/\/www.youtube.com\/user\/portalcentrourbano"]},{"@type":"Person","@id":"https:\/\/centrourbano.com\/revista\/#\/schema\/person\/c665f1c60da3ad48cd761a707b7090b0","name":"Rebeca Romero","image":{"@type":"ImageObject","inLanguage":"es","@id":"https:\/\/secure.gravatar.com\/avatar\/aee0068ae3cc041082e0e84a8258fe5ccc00a733f187bde73b0b40d86b892826?s=96&d=mm&r=g","url":"https:\/\/secure.gravatar.com\/avatar\/aee0068ae3cc041082e0e84a8258fe5ccc00a733f187bde73b0b40d86b892826?s=96&d=mm&r=g","contentUrl":"https:\/\/secure.gravatar.com\/avatar\/aee0068ae3cc041082e0e84a8258fe5ccc00a733f187bde73b0b40d86b892826?s=96&d=mm&r=g","caption":"Rebeca Romero"},"url":"https:\/\/centrourbano.com\/revista\/author\/rebeca-romero\/"}]}},"_links":{"self":[{"href":"https:\/\/centrourbano.com\/revista\/wp-json\/wp\/v2\/posts\/148169","targetHints":{"allow":["GET"]}}],"collection":[{"href":"https:\/\/centrourbano.com\/revista\/wp-json\/wp\/v2\/posts"}],"about":[{"href":"https:\/\/centrourbano.com\/revista\/wp-json\/wp\/v2\/types\/post"}],"author":[{"embeddable":true,"href":"https:\/\/centrourbano.com\/revista\/wp-json\/wp\/v2\/users\/88"}],"replies":[{"embeddable":true,"href":"https:\/\/centrourbano.com\/revista\/wp-json\/wp\/v2\/comments?post=148169"}],"version-history":[{"count":2,"href":"https:\/\/centrourbano.com\/revista\/wp-json\/wp\/v2\/posts\/148169\/revisions"}],"predecessor-version":[{"id":148172,"href":"https:\/\/centrourbano.com\/revista\/wp-json\/wp\/v2\/posts\/148169\/revisions\/148172"}],"wp:featuredmedia":[{"embeddable":true,"href":"https:\/\/centrourbano.com\/revista\/wp-json\/wp\/v2\/media\/148170"}],"wp:attachment":[{"href":"https:\/\/centrourbano.com\/revista\/wp-json\/wp\/v2\/media?parent=148169"}],"wp:term":[{"taxonomy":"category","embeddable":true,"href":"https:\/\/centrourbano.com\/revista\/wp-json\/wp\/v2\/categories?post=148169"},{"taxonomy":"post_tag","embeddable":true,"href":"https:\/\/centrourbano.com\/revista\/wp-json\/wp\/v2\/tags?post=148169"}],"curies":[{"name":"wp","href":"https:\/\/api.w.org\/{rel}","templated":true}]}}