{"id":148113,"date":"2024-05-14T11:57:43","date_gmt":"2024-05-14T17:57:43","guid":{"rendered":"https:\/\/centrourbano.com\/revista\/?p=148113"},"modified":"2024-05-14T11:57:43","modified_gmt":"2024-05-14T17:57:43","slug":"infonavit-espacios-murales","status":"publish","type":"post","link":"https:\/\/centrourbano.com\/revista\/urbanismo\/infonavit-espacios-murales\/","title":{"rendered":"Infonavit promueve la recuperaci\u00f3n de espacios p\u00fablicos con 26 murales"},"content":{"rendered":"<p><em>Antes de que termine mayo, el Infonavit inaugurar\u00e1 seis de los 26 murales de Unidad Mural<\/em><!--more--><\/p>\n<p>Desde hace a\u00f1os, el Instituto del Fondo Nacional de la Vivienda para los Trabajadores (<a href=\"https:\/\/portalmx.infonavit.org.mx\/wps\/portal\/infonavitmx\/mx2\/derechohabientes\/!ut\/p\/z1\/hY-9DoJAEISfxYKWXX6Ew-4iiQoJgQbwGgMGDxLgCJzy-l6UxkR0ut35ZjcDDHJgffFoeCEb0Retms_MuTgHxOPeNiKSEopJ5EVm6FhmQF3I_gFM2bgiiirPXsjqBWcBPM-3jZCgGRsRYpImhn_yXdyivQA_ngTAeCvKdx_alxbhwMbqVo3VqN9Hta6lHKadhhrO86xzIXhb6VfRafgtUotJQv5JwtDl2MRdRia6eQLjCZYX\/dz\/d5\/L2dBISEvZ0FBIS9nQSEh\/\" target=\"_blank\" rel=\"noopener\">Infonavit<\/a>), ha trabajado por <strong>prevenir la violencia<\/strong> entre los j\u00f3venes y las familias y generar cohesi\u00f3n social en las comunidades con alta incidencia de violencia; adem\u00e1s de la <strong>recuperaci\u00f3n de espacios p\u00fablicos<\/strong>.<\/p>\n<p>Para lograr estas metas, el Instituto cuenta con la divisi\u00f3n <strong>Espacio Cultural Infonavit<\/strong>, la cual implement\u00f3 el programa Unidad Mural, a trav\u00e9s del que buscan impulsar la <strong>generaci\u00f3n de tejido social<\/strong> en <strong>26 unidades habitacionales<\/strong> de 15 estados del pa\u00eds, donde viven m\u00e1s de 112,000 acreditados.<\/p>\n<p>A trav\u00e9s de Espacio Cultural Infonavit, el organismo <strong>fomenta la participaci\u00f3n de ni\u00f1os, j\u00f3venes y adultos<\/strong> en la creaci\u00f3n y ejecuci\u00f3n de murales en las unidades habitacionales donde viven.<\/p>\n<p>Mediante esta labor, Unidad Mural busca cuatro principales objetivos: <strong>t<\/strong><strong>ransformar la imagen urbana<\/strong>\u00a0de unidades con el trabajo comunitario; <strong>d<\/strong><strong>ignificar espacios p\u00fablicos<\/strong> a trav\u00e9s de la cultura y el arte;<strong> f<\/strong><strong>ortalecer sentido de orgullo<\/strong>, pertenencia, arraigo y comunidad e impulsar el derecho a la ciudad\u00a0en unidades habitacionales.<\/p>\n<p>Cabe mencionar que, al momento, el <a href=\"https:\/\/centrourbano.com\/revista\/?s=infonavit\" target=\"_blank\" rel=\"noopener\">Infonavit<\/a> ha <strong>concluido 20 de los murales<\/strong>, con la participaci\u00f3n de m\u00e1s de 2,500 personas de las comunidades. Adem\u00e1s, los d\u00edas <strong>25 y 26 de mayo se inaugurar\u00e1n los seis murales restantes<\/strong>: en Chihuahua, Quer\u00e9taro y Yucat\u00e1n.<\/p>\n<img loading=\"lazy\" decoding=\"async\" class=\"aligncenter size-medium wp-image-148115\" src=\"https:\/\/centrourbano.com\/revista\/wp-content\/uploads\/Foto-01-Infonavit-Unidad-Mural-12052024-300x225.jpeg\" alt=\"Infonavit promueve la recuperaci\u00f3n de espacios p\u00fablicos con 26 murales \" width=\"300\" height=\"225\" srcset=\"https:\/\/centrourbano.com\/revista\/wp-content\/uploads\/Foto-01-Infonavit-Unidad-Mural-12052024-300x225.jpeg 300w, https:\/\/centrourbano.com\/revista\/wp-content\/uploads\/Foto-01-Infonavit-Unidad-Mural-12052024-1000x750.jpeg 1000w, https:\/\/centrourbano.com\/revista\/wp-content\/uploads\/Foto-01-Infonavit-Unidad-Mural-12052024-768x576.jpeg 768w, https:\/\/centrourbano.com\/revista\/wp-content\/uploads\/Foto-01-Infonavit-Unidad-Mural-12052024-1536x1152.jpeg 1536w, https:\/\/centrourbano.com\/revista\/wp-content\/uploads\/Foto-01-Infonavit-Unidad-Mural-12052024.jpeg 1600w\" sizes=\"auto, (max-width: 300px) 100vw, 300px\" \/>\n","protected":false},"excerpt":{"rendered":"<p>Antes de que termine mayo, el Infonavit inaugurar\u00e1 seis de los 26 murales de Unidad Mural<\/p>\n","protected":false},"author":88,"featured_media":148114,"comment_status":"open","ping_status":"closed","sticky":false,"template":"","format":"standard","meta":{"om_disable_all_campaigns":false,"inline_featured_image":false,"_monsterinsights_skip_tracking":false,"_monsterinsights_sitenote_active":false,"_monsterinsights_sitenote_note":"","_monsterinsights_sitenote_category":0,"footnotes":""},"categories":[82],"tags":[22014,100,894,24063],"class_list":["post-148113","post","type-post","status-publish","format-standard","has-post-thumbnail","hentry","category-urbanismo","tag-espacio-cultural-infonavit","tag-infonavit","tag-recuperacion-de-espacios","tag-unidad-mural"],"yoast_head":"<!-- This site is optimized with the Yoast SEO plugin v27.4 - https:\/\/yoast.com\/product\/yoast-seo-wordpress\/ -->\n<title>Infonavit promueve la recuperaci\u00f3n de espacios p\u00fablicos con 26 murales -<\/title>\n<meta name=\"description\" content=\"Antes de que termine mayo, el Infonavit inaugurar\u00e1 seis de los 26 murales de Unidad Mural Desde hace a\u00f1os, el Instituto del Fondo Nacional de la Vivienda\" \/>\n<meta name=\"robots\" content=\"index, follow, max-snippet:-1, max-image-preview:large, max-video-preview:-1\" \/>\n<link rel=\"canonical\" href=\"https:\/\/centrourbano.com\/revista\/urbanismo\/infonavit-espacios-murales\/\" \/>\n<meta property=\"og:locale\" content=\"es_ES\" \/>\n<meta property=\"og:type\" content=\"article\" \/>\n<meta property=\"og:title\" content=\"Infonavit promueve la recuperaci\u00f3n de espacios p\u00fablicos con 26 murales -\" \/>\n<meta property=\"og:description\" content=\"Antes de que termine mayo, el Infonavit inaugurar\u00e1 seis de los 26 murales de Unidad Mural Desde hace a\u00f1os, el Instituto del Fondo Nacional de la Vivienda\" \/>\n<meta property=\"og:url\" content=\"https:\/\/centrourbano.com\/revista\/urbanismo\/infonavit-espacios-murales\/\" \/>\n<meta property=\"og:site_name\" content=\"Centro Urbano\" \/>\n<meta property=\"article:publisher\" content=\"https:\/\/www.facebook.com\/portalcentrourbano\" \/>\n<meta property=\"article:published_time\" content=\"2024-05-14T17:57:43+00:00\" \/>\n<meta property=\"og:image\" content=\"https:\/\/centrourbano.com\/revista\/wp-content\/uploads\/llllllll.jpg\" \/>\n\t<meta property=\"og:image:width\" content=\"800\" \/>\n\t<meta property=\"og:image:height\" content=\"800\" \/>\n\t<meta property=\"og:image:type\" content=\"image\/jpeg\" \/>\n<meta name=\"author\" content=\"Rebeca Romero\" \/>\n<meta name=\"twitter:card\" content=\"summary_large_image\" \/>\n<meta name=\"twitter:creator\" content=\"@CentroUrbano\" \/>\n<meta name=\"twitter:site\" content=\"@CentroUrbano\" \/>\n<meta name=\"twitter:label1\" content=\"Escrito por\" \/>\n\t<meta name=\"twitter:data1\" content=\"Rebeca Romero\" \/>\n\t<meta name=\"twitter:label2\" content=\"Tiempo de lectura\" \/>\n\t<meta name=\"twitter:data2\" content=\"1 minuto\" \/>\n<script type=\"application\/ld+json\" class=\"yoast-schema-graph\">{\"@context\":\"https:\\\/\\\/schema.org\",\"@graph\":[{\"@type\":\"Article\",\"@id\":\"https:\\\/\\\/centrourbano.com\\\/revista\\\/urbanismo\\\/infonavit-espacios-murales\\\/#article\",\"isPartOf\":{\"@id\":\"https:\\\/\\\/centrourbano.com\\\/revista\\\/urbanismo\\\/infonavit-espacios-murales\\\/\"},\"author\":{\"name\":\"Rebeca Romero\",\"@id\":\"https:\\\/\\\/centrourbano.com\\\/revista\\\/#\\\/schema\\\/person\\\/c665f1c60da3ad48cd761a707b7090b0\"},\"headline\":\"Infonavit promueve la recuperaci\u00f3n de espacios p\u00fablicos con 26 murales\",\"datePublished\":\"2024-05-14T17:57:43+00:00\",\"mainEntityOfPage\":{\"@id\":\"https:\\\/\\\/centrourbano.com\\\/revista\\\/urbanismo\\\/infonavit-espacios-murales\\\/\"},\"wordCount\":260,\"commentCount\":0,\"publisher\":{\"@id\":\"https:\\\/\\\/centrourbano.com\\\/revista\\\/#organization\"},\"image\":{\"@id\":\"https:\\\/\\\/centrourbano.com\\\/revista\\\/urbanismo\\\/infonavit-espacios-murales\\\/#primaryimage\"},\"thumbnailUrl\":\"https:\\\/\\\/centrourbano.com\\\/revista\\\/wp-content\\\/uploads\\\/llllllll.jpg\",\"keywords\":[\"Espacio Cultural Infonavit\",\"Infonavit\",\"recuperaci\u00f3n de espacios\",\"Unidad Mural\"],\"articleSection\":[\"Urbanismo\"],\"inLanguage\":\"es\",\"potentialAction\":[{\"@type\":\"CommentAction\",\"name\":\"Comment\",\"target\":[\"https:\\\/\\\/centrourbano.com\\\/revista\\\/urbanismo\\\/infonavit-espacios-murales\\\/#respond\"]}]},{\"@type\":\"WebPage\",\"@id\":\"https:\\\/\\\/centrourbano.com\\\/revista\\\/urbanismo\\\/infonavit-espacios-murales\\\/\",\"url\":\"https:\\\/\\\/centrourbano.com\\\/revista\\\/urbanismo\\\/infonavit-espacios-murales\\\/\",\"name\":\"Infonavit promueve la recuperaci\u00f3n de espacios p\u00fablicos con 26 murales -\",\"isPartOf\":{\"@id\":\"https:\\\/\\\/centrourbano.com\\\/revista\\\/#website\"},\"primaryImageOfPage\":{\"@id\":\"https:\\\/\\\/centrourbano.com\\\/revista\\\/urbanismo\\\/infonavit-espacios-murales\\\/#primaryimage\"},\"image\":{\"@id\":\"https:\\\/\\\/centrourbano.com\\\/revista\\\/urbanismo\\\/infonavit-espacios-murales\\\/#primaryimage\"},\"thumbnailUrl\":\"https:\\\/\\\/centrourbano.com\\\/revista\\\/wp-content\\\/uploads\\\/llllllll.jpg\",\"datePublished\":\"2024-05-14T17:57:43+00:00\",\"description\":\"Antes de que termine mayo, el Infonavit inaugurar\u00e1 seis de los 26 murales de Unidad Mural Desde hace a\u00f1os, el Instituto del Fondo Nacional de la Vivienda\",\"breadcrumb\":{\"@id\":\"https:\\\/\\\/centrourbano.com\\\/revista\\\/urbanismo\\\/infonavit-espacios-murales\\\/#breadcrumb\"},\"inLanguage\":\"es\",\"potentialAction\":[{\"@type\":\"ReadAction\",\"target\":[\"https:\\\/\\\/centrourbano.com\\\/revista\\\/urbanismo\\\/infonavit-espacios-murales\\\/\"]}]},{\"@type\":\"ImageObject\",\"inLanguage\":\"es\",\"@id\":\"https:\\\/\\\/centrourbano.com\\\/revista\\\/urbanismo\\\/infonavit-espacios-murales\\\/#primaryimage\",\"url\":\"https:\\\/\\\/centrourbano.com\\\/revista\\\/wp-content\\\/uploads\\\/llllllll.jpg\",\"contentUrl\":\"https:\\\/\\\/centrourbano.com\\\/revista\\\/wp-content\\\/uploads\\\/llllllll.jpg\",\"width\":800,\"height\":800,\"caption\":\"Infonavit promueve la recuperaci\u00f3n de espacios p\u00fablicos con 26 murales\"},{\"@type\":\"BreadcrumbList\",\"@id\":\"https:\\\/\\\/centrourbano.com\\\/revista\\\/urbanismo\\\/infonavit-espacios-murales\\\/#breadcrumb\",\"itemListElement\":[{\"@type\":\"ListItem\",\"position\":1,\"name\":\"Portada\",\"item\":\"https:\\\/\\\/centrourbano.com\\\/revista\\\/\"},{\"@type\":\"ListItem\",\"position\":2,\"name\":\"Infonavit promueve la recuperaci\u00f3n de espacios p\u00fablicos con 26 murales\"}]},{\"@type\":\"WebSite\",\"@id\":\"https:\\\/\\\/centrourbano.com\\\/revista\\\/#website\",\"url\":\"https:\\\/\\\/centrourbano.com\\\/revista\\\/\",\"name\":\"Centro Urbano\",\"description\":\"Medio especializado en los sectores vivienda, inmobiliario, construcci\u00f3n, arquitectura y urbanismo.\",\"publisher\":{\"@id\":\"https:\\\/\\\/centrourbano.com\\\/revista\\\/#organization\"},\"potentialAction\":[{\"@type\":\"SearchAction\",\"target\":{\"@type\":\"EntryPoint\",\"urlTemplate\":\"https:\\\/\\\/centrourbano.com\\\/revista\\\/?s={search_term_string}\"},\"query-input\":{\"@type\":\"PropertyValueSpecification\",\"valueRequired\":true,\"valueName\":\"search_term_string\"}}],\"inLanguage\":\"es\"},{\"@type\":\"Organization\",\"@id\":\"https:\\\/\\\/centrourbano.com\\\/revista\\\/#organization\",\"name\":\"Centro Urbano\",\"url\":\"https:\\\/\\\/centrourbano.com\\\/revista\\\/\",\"logo\":{\"@type\":\"ImageObject\",\"inLanguage\":\"es\",\"@id\":\"https:\\\/\\\/centrourbano.com\\\/revista\\\/#\\\/schema\\\/logo\\\/image\\\/\",\"url\":\"https:\\\/\\\/centrourbano.com\\\/revista\\\/wp-content\\\/uploads\\\/web_CU_logo-1.png\",\"contentUrl\":\"https:\\\/\\\/centrourbano.com\\\/revista\\\/wp-content\\\/uploads\\\/web_CU_logo-1.png\",\"width\":350,\"height\":91,\"caption\":\"Centro Urbano\"},\"image\":{\"@id\":\"https:\\\/\\\/centrourbano.com\\\/revista\\\/#\\\/schema\\\/logo\\\/image\\\/\"},\"sameAs\":[\"https:\\\/\\\/www.facebook.com\\\/portalcentrourbano\",\"https:\\\/\\\/x.com\\\/CentroUrbano\",\"https:\\\/\\\/www.instagram.com\\\/centro_urbano\\\/\",\"https:\\\/\\\/www.linkedin.com\\\/company\\\/centro-urbano\\\/\",\"http:\\\/\\\/www.youtube.com\\\/user\\\/portalcentrourbano\"]},{\"@type\":\"Person\",\"@id\":\"https:\\\/\\\/centrourbano.com\\\/revista\\\/#\\\/schema\\\/person\\\/c665f1c60da3ad48cd761a707b7090b0\",\"name\":\"Rebeca Romero\",\"image\":{\"@type\":\"ImageObject\",\"inLanguage\":\"es\",\"@id\":\"https:\\\/\\\/secure.gravatar.com\\\/avatar\\\/aee0068ae3cc041082e0e84a8258fe5ccc00a733f187bde73b0b40d86b892826?s=96&d=mm&r=g\",\"url\":\"https:\\\/\\\/secure.gravatar.com\\\/avatar\\\/aee0068ae3cc041082e0e84a8258fe5ccc00a733f187bde73b0b40d86b892826?s=96&d=mm&r=g\",\"contentUrl\":\"https:\\\/\\\/secure.gravatar.com\\\/avatar\\\/aee0068ae3cc041082e0e84a8258fe5ccc00a733f187bde73b0b40d86b892826?s=96&d=mm&r=g\",\"caption\":\"Rebeca Romero\"},\"url\":\"https:\\\/\\\/centrourbano.com\\\/revista\\\/author\\\/rebeca-romero\\\/\"}]}<\/script>\n<!-- \/ Yoast SEO plugin. -->","yoast_head_json":{"title":"Infonavit promueve la recuperaci\u00f3n de espacios p\u00fablicos con 26 murales -","description":"Antes de que termine mayo, el Infonavit inaugurar\u00e1 seis de los 26 murales de Unidad Mural Desde hace a\u00f1os, el Instituto del Fondo Nacional de la Vivienda","robots":{"index":"index","follow":"follow","max-snippet":"max-snippet:-1","max-image-preview":"max-image-preview:large","max-video-preview":"max-video-preview:-1"},"canonical":"https:\/\/centrourbano.com\/revista\/urbanismo\/infonavit-espacios-murales\/","og_locale":"es_ES","og_type":"article","og_title":"Infonavit promueve la recuperaci\u00f3n de espacios p\u00fablicos con 26 murales -","og_description":"Antes de que termine mayo, el Infonavit inaugurar\u00e1 seis de los 26 murales de Unidad Mural Desde hace a\u00f1os, el Instituto del Fondo Nacional de la Vivienda","og_url":"https:\/\/centrourbano.com\/revista\/urbanismo\/infonavit-espacios-murales\/","og_site_name":"Centro Urbano","article_publisher":"https:\/\/www.facebook.com\/portalcentrourbano","article_published_time":"2024-05-14T17:57:43+00:00","og_image":[{"width":800,"height":800,"url":"https:\/\/centrourbano.com\/revista\/wp-content\/uploads\/llllllll.jpg","type":"image\/jpeg"}],"author":"Rebeca Romero","twitter_card":"summary_large_image","twitter_creator":"@CentroUrbano","twitter_site":"@CentroUrbano","twitter_misc":{"Escrito por":"Rebeca Romero","Tiempo de lectura":"1 minuto"},"schema":{"@context":"https:\/\/schema.org","@graph":[{"@type":"Article","@id":"https:\/\/centrourbano.com\/revista\/urbanismo\/infonavit-espacios-murales\/#article","isPartOf":{"@id":"https:\/\/centrourbano.com\/revista\/urbanismo\/infonavit-espacios-murales\/"},"author":{"name":"Rebeca Romero","@id":"https:\/\/centrourbano.com\/revista\/#\/schema\/person\/c665f1c60da3ad48cd761a707b7090b0"},"headline":"Infonavit promueve la recuperaci\u00f3n de espacios p\u00fablicos con 26 murales","datePublished":"2024-05-14T17:57:43+00:00","mainEntityOfPage":{"@id":"https:\/\/centrourbano.com\/revista\/urbanismo\/infonavit-espacios-murales\/"},"wordCount":260,"commentCount":0,"publisher":{"@id":"https:\/\/centrourbano.com\/revista\/#organization"},"image":{"@id":"https:\/\/centrourbano.com\/revista\/urbanismo\/infonavit-espacios-murales\/#primaryimage"},"thumbnailUrl":"https:\/\/centrourbano.com\/revista\/wp-content\/uploads\/llllllll.jpg","keywords":["Espacio Cultural Infonavit","Infonavit","recuperaci\u00f3n de espacios","Unidad Mural"],"articleSection":["Urbanismo"],"inLanguage":"es","potentialAction":[{"@type":"CommentAction","name":"Comment","target":["https:\/\/centrourbano.com\/revista\/urbanismo\/infonavit-espacios-murales\/#respond"]}]},{"@type":"WebPage","@id":"https:\/\/centrourbano.com\/revista\/urbanismo\/infonavit-espacios-murales\/","url":"https:\/\/centrourbano.com\/revista\/urbanismo\/infonavit-espacios-murales\/","name":"Infonavit promueve la recuperaci\u00f3n de espacios p\u00fablicos con 26 murales -","isPartOf":{"@id":"https:\/\/centrourbano.com\/revista\/#website"},"primaryImageOfPage":{"@id":"https:\/\/centrourbano.com\/revista\/urbanismo\/infonavit-espacios-murales\/#primaryimage"},"image":{"@id":"https:\/\/centrourbano.com\/revista\/urbanismo\/infonavit-espacios-murales\/#primaryimage"},"thumbnailUrl":"https:\/\/centrourbano.com\/revista\/wp-content\/uploads\/llllllll.jpg","datePublished":"2024-05-14T17:57:43+00:00","description":"Antes de que termine mayo, el Infonavit inaugurar\u00e1 seis de los 26 murales de Unidad Mural Desde hace a\u00f1os, el Instituto del Fondo Nacional de la Vivienda","breadcrumb":{"@id":"https:\/\/centrourbano.com\/revista\/urbanismo\/infonavit-espacios-murales\/#breadcrumb"},"inLanguage":"es","potentialAction":[{"@type":"ReadAction","target":["https:\/\/centrourbano.com\/revista\/urbanismo\/infonavit-espacios-murales\/"]}]},{"@type":"ImageObject","inLanguage":"es","@id":"https:\/\/centrourbano.com\/revista\/urbanismo\/infonavit-espacios-murales\/#primaryimage","url":"https:\/\/centrourbano.com\/revista\/wp-content\/uploads\/llllllll.jpg","contentUrl":"https:\/\/centrourbano.com\/revista\/wp-content\/uploads\/llllllll.jpg","width":800,"height":800,"caption":"Infonavit promueve la recuperaci\u00f3n de espacios p\u00fablicos con 26 murales"},{"@type":"BreadcrumbList","@id":"https:\/\/centrourbano.com\/revista\/urbanismo\/infonavit-espacios-murales\/#breadcrumb","itemListElement":[{"@type":"ListItem","position":1,"name":"Portada","item":"https:\/\/centrourbano.com\/revista\/"},{"@type":"ListItem","position":2,"name":"Infonavit promueve la recuperaci\u00f3n de espacios p\u00fablicos con 26 murales"}]},{"@type":"WebSite","@id":"https:\/\/centrourbano.com\/revista\/#website","url":"https:\/\/centrourbano.com\/revista\/","name":"Centro Urbano","description":"Medio especializado en los sectores vivienda, inmobiliario, construcci\u00f3n, arquitectura y urbanismo.","publisher":{"@id":"https:\/\/centrourbano.com\/revista\/#organization"},"potentialAction":[{"@type":"SearchAction","target":{"@type":"EntryPoint","urlTemplate":"https:\/\/centrourbano.com\/revista\/?s={search_term_string}"},"query-input":{"@type":"PropertyValueSpecification","valueRequired":true,"valueName":"search_term_string"}}],"inLanguage":"es"},{"@type":"Organization","@id":"https:\/\/centrourbano.com\/revista\/#organization","name":"Centro Urbano","url":"https:\/\/centrourbano.com\/revista\/","logo":{"@type":"ImageObject","inLanguage":"es","@id":"https:\/\/centrourbano.com\/revista\/#\/schema\/logo\/image\/","url":"https:\/\/centrourbano.com\/revista\/wp-content\/uploads\/web_CU_logo-1.png","contentUrl":"https:\/\/centrourbano.com\/revista\/wp-content\/uploads\/web_CU_logo-1.png","width":350,"height":91,"caption":"Centro Urbano"},"image":{"@id":"https:\/\/centrourbano.com\/revista\/#\/schema\/logo\/image\/"},"sameAs":["https:\/\/www.facebook.com\/portalcentrourbano","https:\/\/x.com\/CentroUrbano","https:\/\/www.instagram.com\/centro_urbano\/","https:\/\/www.linkedin.com\/company\/centro-urbano\/","http:\/\/www.youtube.com\/user\/portalcentrourbano"]},{"@type":"Person","@id":"https:\/\/centrourbano.com\/revista\/#\/schema\/person\/c665f1c60da3ad48cd761a707b7090b0","name":"Rebeca Romero","image":{"@type":"ImageObject","inLanguage":"es","@id":"https:\/\/secure.gravatar.com\/avatar\/aee0068ae3cc041082e0e84a8258fe5ccc00a733f187bde73b0b40d86b892826?s=96&d=mm&r=g","url":"https:\/\/secure.gravatar.com\/avatar\/aee0068ae3cc041082e0e84a8258fe5ccc00a733f187bde73b0b40d86b892826?s=96&d=mm&r=g","contentUrl":"https:\/\/secure.gravatar.com\/avatar\/aee0068ae3cc041082e0e84a8258fe5ccc00a733f187bde73b0b40d86b892826?s=96&d=mm&r=g","caption":"Rebeca Romero"},"url":"https:\/\/centrourbano.com\/revista\/author\/rebeca-romero\/"}]}},"_links":{"self":[{"href":"https:\/\/centrourbano.com\/revista\/wp-json\/wp\/v2\/posts\/148113","targetHints":{"allow":["GET"]}}],"collection":[{"href":"https:\/\/centrourbano.com\/revista\/wp-json\/wp\/v2\/posts"}],"about":[{"href":"https:\/\/centrourbano.com\/revista\/wp-json\/wp\/v2\/types\/post"}],"author":[{"embeddable":true,"href":"https:\/\/centrourbano.com\/revista\/wp-json\/wp\/v2\/users\/88"}],"replies":[{"embeddable":true,"href":"https:\/\/centrourbano.com\/revista\/wp-json\/wp\/v2\/comments?post=148113"}],"version-history":[{"count":1,"href":"https:\/\/centrourbano.com\/revista\/wp-json\/wp\/v2\/posts\/148113\/revisions"}],"predecessor-version":[{"id":148116,"href":"https:\/\/centrourbano.com\/revista\/wp-json\/wp\/v2\/posts\/148113\/revisions\/148116"}],"wp:featuredmedia":[{"embeddable":true,"href":"https:\/\/centrourbano.com\/revista\/wp-json\/wp\/v2\/media\/148114"}],"wp:attachment":[{"href":"https:\/\/centrourbano.com\/revista\/wp-json\/wp\/v2\/media?parent=148113"}],"wp:term":[{"taxonomy":"category","embeddable":true,"href":"https:\/\/centrourbano.com\/revista\/wp-json\/wp\/v2\/categories?post=148113"},{"taxonomy":"post_tag","embeddable":true,"href":"https:\/\/centrourbano.com\/revista\/wp-json\/wp\/v2\/tags?post=148113"}],"curies":[{"name":"wp","href":"https:\/\/api.w.org\/{rel}","templated":true}]}}