{"id":148107,"date":"2024-05-14T09:00:29","date_gmt":"2024-05-14T15:00:29","guid":{"rendered":"https:\/\/centrourbano.com\/revista\/?p=148107"},"modified":"2024-05-14T11:39:00","modified_gmt":"2024-05-14T17:39:00","slug":"mvrdv-the-tribune-edificio","status":"publish","type":"post","link":"https:\/\/centrourbano.com\/revista\/arquitectura-2\/mvrdv-the-tribune-edificio\/","title":{"rendered":"MVRDV presenta The Tribune, edificio de uso mixto en Pa\u00edses Bajos"},"content":{"rendered":"<p><em>El dise\u00f1o de The Tribune cuenta con una estructura escalonada similar a una tribuna, que ofrece vistas panor\u00e1micas a residentes y visitantes <\/em><!--more--><\/p>\n<p>El estudio de arquitectura neerland\u00e9s <a href=\"https:\/\/www.mvrdv.com\/\" target=\"_blank\" rel=\"noopener\"><strong>MVRDV<\/strong><\/a> present\u00f3 el dise\u00f1o de <strong>The Tribune<\/strong>, un nuevo edificio de uso mixto que se ubicar\u00e1 en el coraz\u00f3n del distrito <strong>Strijp-S<\/strong> en Eindhoven, Pa\u00edses Bajos.<\/p>\n<p>Se trata de un edificio de nueve niveles cuyo dise\u00f1o contempla una <strong>estructura escalonada similar a una tribuna<\/strong>, que favorecer\u00e1 la entrada de luz natural y ofrecer\u00e1 a residentes y visitantes acceso y vistas panor\u00e1micas a la plaza p\u00fablica de Ketelhuisplien.<\/p>\n<p><strong>The Tribune<\/strong> albergar\u00e1 <strong>espacios comerciales<\/strong> en los dos pisos inferiores, que pueden usarse como tiendas minoristas, restaurantes, cafeter\u00edas u oficinas; mientras que en los niveles superiores se encontrar\u00e1n <strong>apartamentos<\/strong> conectados por amplios pasillos que crear\u00e1n una sensaci\u00f3n de reuni\u00f3n y fomentar\u00e1n las relaciones vecinales.<\/p>\n<a href=\"https:\/\/centrourbano.com\/revista\/wp-content\/uploads\/mvrdv-designs_5.jpg\" target=\"_blank\" rel=\"noopener\"><img loading=\"lazy\" decoding=\"async\" class=\"aligncenter wp-image-148109 \" src=\"https:\/\/centrourbano.com\/revista\/wp-content\/uploads\/mvrdv-designs_5.jpg\" alt=\"\" width=\"700\" height=\"438\" srcset=\"https:\/\/centrourbano.com\/revista\/wp-content\/uploads\/mvrdv-designs_5.jpg 1582w, https:\/\/centrourbano.com\/revista\/wp-content\/uploads\/mvrdv-designs_5-300x188.jpg 300w, https:\/\/centrourbano.com\/revista\/wp-content\/uploads\/mvrdv-designs_5-1000x625.jpg 1000w, https:\/\/centrourbano.com\/revista\/wp-content\/uploads\/mvrdv-designs_5-768x480.jpg 768w, https:\/\/centrourbano.com\/revista\/wp-content\/uploads\/mvrdv-designs_5-1536x960.jpg 1536w\" sizes=\"auto, (max-width: 700px) 100vw, 700px\" \/><\/a>\n<p><!--more--><\/p>\n<p>Como reflejo del pasado industrial de la zona, el edificio tendr\u00e1 una <strong>fachada de madera<\/strong> y, el dise\u00f1o de sus dos pisos inferiores le permitir\u00e1 mezclar el interior con el entorno circundante.<\/p>\n<p>Asimismo, con el objetivo de adoptar la sostenibilidad, los escalones de <strong>The Tribune<\/strong> contar\u00e1n con <strong>espacios verdes<\/strong> que incluir\u00e1n varios \u00e1rboles y maceteros largos que servir\u00e1n como barandillas; adem\u00e1s de que el edificio tendr\u00e1 amplias <strong>terrazas verdes privadas <\/strong>para residentes y <strong>lugares de reuni\u00f3n comunitarios<\/strong> interconectados por escaleras.<\/p>\n<p>\u201cSin duda, <strong>Strijp-S<\/strong> es un barrio con un carisma extraordinario. Con nuestro dise\u00f1o pretendemos capturar y contribuir a la energ\u00eda emergente de este lugar, creando un nuevo edificio que encaje perfectamente en su lugar mientras eleva la atm\u00f3sfera de Strijp-S al siguiente nivel. Las muchas caracter\u00edsticas que promueven una comunidad residencial din\u00e1mica y unida en el edificio son una gran parte de eso\u201d, se\u00f1al\u00f3 <strong>Winy Maas, socio fundador de MVRDV<\/strong>.<\/p>\n<a href=\"https:\/\/centrourbano.com\/revista\/wp-content\/uploads\/mvrdv-designs_4.jpg\" target=\"_blank\" rel=\"noopener\"><img loading=\"lazy\" decoding=\"async\" class=\"aligncenter wp-image-148110 \" src=\"https:\/\/centrourbano.com\/revista\/wp-content\/uploads\/mvrdv-designs_4.jpg\" alt=\"\" width=\"701\" height=\"420\" srcset=\"https:\/\/centrourbano.com\/revista\/wp-content\/uploads\/mvrdv-designs_4.jpg 1582w, https:\/\/centrourbano.com\/revista\/wp-content\/uploads\/mvrdv-designs_4-300x180.jpg 300w, https:\/\/centrourbano.com\/revista\/wp-content\/uploads\/mvrdv-designs_4-1000x600.jpg 1000w, https:\/\/centrourbano.com\/revista\/wp-content\/uploads\/mvrdv-designs_4-768x461.jpg 768w, https:\/\/centrourbano.com\/revista\/wp-content\/uploads\/mvrdv-designs_4-1536x921.jpg 1536w\" sizes=\"auto, (max-width: 701px) 100vw, 701px\" \/><\/a>\n","protected":false},"excerpt":{"rendered":"<p>El dise\u00f1o de The Tribune cuenta con una estructura escalonada similar a una tribuna, que ofrece vistas panor\u00e1micas a residentes y visitantes<\/p>\n","protected":false},"author":73,"featured_media":148108,"comment_status":"open","ping_status":"closed","sticky":false,"template":"","format":"standard","meta":{"om_disable_all_campaigns":false,"inline_featured_image":false,"_monsterinsights_skip_tracking":false,"_monsterinsights_sitenote_active":false,"_monsterinsights_sitenote_note":"","_monsterinsights_sitenote_category":0,"footnotes":""},"categories":[81],"tags":[20,1809,23444,4258,24292,4746],"class_list":["post-148107","post","type-post","status-publish","format-standard","has-post-thumbnail","hentry","category-arquitectura-2","tag-arquitectura","tag-diseno","tag-mvrdv","tag-paises-bajos","tag-the-tribune","tag-uso-mixto"],"yoast_head":"<!-- This site is optimized with the Yoast SEO plugin v27.5 - https:\/\/yoast.com\/product\/yoast-seo-wordpress\/ -->\n<title>MVRDV presenta The Tribune, edificio de uso mixto en Pa\u00edses Bajos -<\/title>\n<meta name=\"description\" content=\"El dise\u00f1o de The Tribune cuenta con una estructura escalonada similar a una tribuna, que ofrece vistas panor\u00e1micas a residentes y visitantes El estudio de\" \/>\n<meta name=\"robots\" content=\"index, follow, max-snippet:-1, max-image-preview:large, max-video-preview:-1\" \/>\n<link rel=\"canonical\" href=\"https:\/\/centrourbano.com\/revista\/arquitectura-2\/mvrdv-the-tribune-edificio\/\" \/>\n<meta property=\"og:locale\" content=\"es_ES\" \/>\n<meta property=\"og:type\" content=\"article\" \/>\n<meta property=\"og:title\" content=\"MVRDV presenta The Tribune, edificio de uso mixto en Pa\u00edses Bajos -\" \/>\n<meta property=\"og:description\" content=\"El dise\u00f1o de The Tribune cuenta con una estructura escalonada similar a una tribuna, que ofrece vistas panor\u00e1micas a residentes y visitantes El estudio de\" \/>\n<meta property=\"og:url\" content=\"https:\/\/centrourbano.com\/revista\/arquitectura-2\/mvrdv-the-tribune-edificio\/\" \/>\n<meta property=\"og:site_name\" content=\"Centro Urbano\" \/>\n<meta property=\"article:publisher\" content=\"https:\/\/www.facebook.com\/portalcentrourbano\" \/>\n<meta property=\"article:published_time\" content=\"2024-05-14T15:00:29+00:00\" \/>\n<meta property=\"article:modified_time\" content=\"2024-05-14T17:39:00+00:00\" \/>\n<meta property=\"og:image\" content=\"https:\/\/centrourbano.com\/revista\/wp-content\/uploads\/MVRDV-presenta-The-Tribune-edificio-de-uso-mixto-en-Paises-Bajos.jpg\" \/>\n\t<meta property=\"og:image:width\" content=\"1150\" \/>\n\t<meta property=\"og:image:height\" content=\"949\" \/>\n\t<meta property=\"og:image:type\" content=\"image\/jpeg\" \/>\n<meta name=\"author\" content=\"Fernanda Hern\u00e1ndez\" \/>\n<meta name=\"twitter:card\" content=\"summary_large_image\" \/>\n<meta name=\"twitter:creator\" content=\"@https:\/\/twitter.com\/Nannz_Hernandez\" \/>\n<meta name=\"twitter:site\" content=\"@CentroUrbano\" \/>\n<meta name=\"twitter:label1\" content=\"Escrito por\" \/>\n\t<meta name=\"twitter:data1\" content=\"Fernanda Hern\u00e1ndez\" \/>\n\t<meta name=\"twitter:label2\" content=\"Tiempo de lectura\" \/>\n\t<meta name=\"twitter:data2\" content=\"2 minutos\" \/>\n<script type=\"application\/ld+json\" class=\"yoast-schema-graph\">{\"@context\":\"https:\\\/\\\/schema.org\",\"@graph\":[{\"@type\":\"Article\",\"@id\":\"https:\\\/\\\/centrourbano.com\\\/revista\\\/arquitectura-2\\\/mvrdv-the-tribune-edificio\\\/#article\",\"isPartOf\":{\"@id\":\"https:\\\/\\\/centrourbano.com\\\/revista\\\/arquitectura-2\\\/mvrdv-the-tribune-edificio\\\/\"},\"author\":{\"name\":\"Fernanda Hern\u00e1ndez\",\"@id\":\"https:\\\/\\\/centrourbano.com\\\/revista\\\/#\\\/schema\\\/person\\\/bc284507d99af21c6df75a3f1924b95c\"},\"headline\":\"MVRDV presenta The Tribune, edificio de uso mixto en Pa\u00edses Bajos\",\"datePublished\":\"2024-05-14T15:00:29+00:00\",\"dateModified\":\"2024-05-14T17:39:00+00:00\",\"mainEntityOfPage\":{\"@id\":\"https:\\\/\\\/centrourbano.com\\\/revista\\\/arquitectura-2\\\/mvrdv-the-tribune-edificio\\\/\"},\"wordCount\":327,\"commentCount\":0,\"publisher\":{\"@id\":\"https:\\\/\\\/centrourbano.com\\\/revista\\\/#organization\"},\"image\":{\"@id\":\"https:\\\/\\\/centrourbano.com\\\/revista\\\/arquitectura-2\\\/mvrdv-the-tribune-edificio\\\/#primaryimage\"},\"thumbnailUrl\":\"https:\\\/\\\/centrourbano.com\\\/revista\\\/wp-content\\\/uploads\\\/MVRDV-presenta-The-Tribune-edificio-de-uso-mixto-en-Paises-Bajos.jpg\",\"keywords\":[\"arquitectura\",\"dise\u00f1o\",\"MVRDV\",\"Paises Bajos\",\"The Tribune\",\"uso mixto\"],\"articleSection\":[\"Arquitectura\"],\"inLanguage\":\"es\",\"potentialAction\":[{\"@type\":\"CommentAction\",\"name\":\"Comment\",\"target\":[\"https:\\\/\\\/centrourbano.com\\\/revista\\\/arquitectura-2\\\/mvrdv-the-tribune-edificio\\\/#respond\"]}]},{\"@type\":\"WebPage\",\"@id\":\"https:\\\/\\\/centrourbano.com\\\/revista\\\/arquitectura-2\\\/mvrdv-the-tribune-edificio\\\/\",\"url\":\"https:\\\/\\\/centrourbano.com\\\/revista\\\/arquitectura-2\\\/mvrdv-the-tribune-edificio\\\/\",\"name\":\"MVRDV presenta The Tribune, edificio de uso mixto en Pa\u00edses Bajos -\",\"isPartOf\":{\"@id\":\"https:\\\/\\\/centrourbano.com\\\/revista\\\/#website\"},\"primaryImageOfPage\":{\"@id\":\"https:\\\/\\\/centrourbano.com\\\/revista\\\/arquitectura-2\\\/mvrdv-the-tribune-edificio\\\/#primaryimage\"},\"image\":{\"@id\":\"https:\\\/\\\/centrourbano.com\\\/revista\\\/arquitectura-2\\\/mvrdv-the-tribune-edificio\\\/#primaryimage\"},\"thumbnailUrl\":\"https:\\\/\\\/centrourbano.com\\\/revista\\\/wp-content\\\/uploads\\\/MVRDV-presenta-The-Tribune-edificio-de-uso-mixto-en-Paises-Bajos.jpg\",\"datePublished\":\"2024-05-14T15:00:29+00:00\",\"dateModified\":\"2024-05-14T17:39:00+00:00\",\"description\":\"El dise\u00f1o de The Tribune cuenta con una estructura escalonada similar a una tribuna, que ofrece vistas panor\u00e1micas a residentes y visitantes El estudio de\",\"breadcrumb\":{\"@id\":\"https:\\\/\\\/centrourbano.com\\\/revista\\\/arquitectura-2\\\/mvrdv-the-tribune-edificio\\\/#breadcrumb\"},\"inLanguage\":\"es\",\"potentialAction\":[{\"@type\":\"ReadAction\",\"target\":[\"https:\\\/\\\/centrourbano.com\\\/revista\\\/arquitectura-2\\\/mvrdv-the-tribune-edificio\\\/\"]}]},{\"@type\":\"ImageObject\",\"inLanguage\":\"es\",\"@id\":\"https:\\\/\\\/centrourbano.com\\\/revista\\\/arquitectura-2\\\/mvrdv-the-tribune-edificio\\\/#primaryimage\",\"url\":\"https:\\\/\\\/centrourbano.com\\\/revista\\\/wp-content\\\/uploads\\\/MVRDV-presenta-The-Tribune-edificio-de-uso-mixto-en-Paises-Bajos.jpg\",\"contentUrl\":\"https:\\\/\\\/centrourbano.com\\\/revista\\\/wp-content\\\/uploads\\\/MVRDV-presenta-The-Tribune-edificio-de-uso-mixto-en-Paises-Bajos.jpg\",\"width\":1150,\"height\":949,\"caption\":\"El dise\u00f1o de The Tribune cuenta con una estructura escalonada similar a una tribuna, que ofrece vistas panor\u00e1micas a residentes y visitantes\"},{\"@type\":\"BreadcrumbList\",\"@id\":\"https:\\\/\\\/centrourbano.com\\\/revista\\\/arquitectura-2\\\/mvrdv-the-tribune-edificio\\\/#breadcrumb\",\"itemListElement\":[{\"@type\":\"ListItem\",\"position\":1,\"name\":\"Portada\",\"item\":\"https:\\\/\\\/centrourbano.com\\\/revista\\\/\"},{\"@type\":\"ListItem\",\"position\":2,\"name\":\"MVRDV presenta The Tribune, edificio de uso mixto en Pa\u00edses Bajos\"}]},{\"@type\":\"WebSite\",\"@id\":\"https:\\\/\\\/centrourbano.com\\\/revista\\\/#website\",\"url\":\"https:\\\/\\\/centrourbano.com\\\/revista\\\/\",\"name\":\"Centro Urbano\",\"description\":\"Medio especializado en los sectores vivienda, inmobiliario, construcci\u00f3n, arquitectura y urbanismo.\",\"publisher\":{\"@id\":\"https:\\\/\\\/centrourbano.com\\\/revista\\\/#organization\"},\"potentialAction\":[{\"@type\":\"SearchAction\",\"target\":{\"@type\":\"EntryPoint\",\"urlTemplate\":\"https:\\\/\\\/centrourbano.com\\\/revista\\\/?s={search_term_string}\"},\"query-input\":{\"@type\":\"PropertyValueSpecification\",\"valueRequired\":true,\"valueName\":\"search_term_string\"}}],\"inLanguage\":\"es\"},{\"@type\":\"Organization\",\"@id\":\"https:\\\/\\\/centrourbano.com\\\/revista\\\/#organization\",\"name\":\"Centro Urbano\",\"url\":\"https:\\\/\\\/centrourbano.com\\\/revista\\\/\",\"logo\":{\"@type\":\"ImageObject\",\"inLanguage\":\"es\",\"@id\":\"https:\\\/\\\/centrourbano.com\\\/revista\\\/#\\\/schema\\\/logo\\\/image\\\/\",\"url\":\"https:\\\/\\\/centrourbano.com\\\/revista\\\/wp-content\\\/uploads\\\/web_CU_logo-1.png\",\"contentUrl\":\"https:\\\/\\\/centrourbano.com\\\/revista\\\/wp-content\\\/uploads\\\/web_CU_logo-1.png\",\"width\":350,\"height\":91,\"caption\":\"Centro Urbano\"},\"image\":{\"@id\":\"https:\\\/\\\/centrourbano.com\\\/revista\\\/#\\\/schema\\\/logo\\\/image\\\/\"},\"sameAs\":[\"https:\\\/\\\/www.facebook.com\\\/portalcentrourbano\",\"https:\\\/\\\/x.com\\\/CentroUrbano\",\"https:\\\/\\\/www.instagram.com\\\/centro_urbano\\\/\",\"https:\\\/\\\/www.linkedin.com\\\/company\\\/centro-urbano\\\/\",\"http:\\\/\\\/www.youtube.com\\\/user\\\/portalcentrourbano\"]},{\"@type\":\"Person\",\"@id\":\"https:\\\/\\\/centrourbano.com\\\/revista\\\/#\\\/schema\\\/person\\\/bc284507d99af21c6df75a3f1924b95c\",\"name\":\"Fernanda Hern\u00e1ndez\",\"image\":{\"@type\":\"ImageObject\",\"inLanguage\":\"es\",\"@id\":\"https:\\\/\\\/secure.gravatar.com\\\/avatar\\\/9471831fb0a24eae9d32d826a7cb8ef07c34a41520aca1a0ab1f5c0903ba49b9?s=96&d=mm&r=g\",\"url\":\"https:\\\/\\\/secure.gravatar.com\\\/avatar\\\/9471831fb0a24eae9d32d826a7cb8ef07c34a41520aca1a0ab1f5c0903ba49b9?s=96&d=mm&r=g\",\"contentUrl\":\"https:\\\/\\\/secure.gravatar.com\\\/avatar\\\/9471831fb0a24eae9d32d826a7cb8ef07c34a41520aca1a0ab1f5c0903ba49b9?s=96&d=mm&r=g\",\"caption\":\"Fernanda Hern\u00e1ndez\"},\"description\":\"Reportera y redactora en Centro Urbano. Soy egresada de la licenciatura en Ciencias de la Comunicaci\u00f3n de la Facultad de Ciencias Pol\u00edticas y Sociales (UNAM). Me interesa la cultura, el urbanismo y la arquitectura. Amante del mundo digital, el cine, la m\u00fasica, la lectura y la escritura.\",\"sameAs\":[\"https:\\\/\\\/x.com\\\/https:\\\/\\\/twitter.com\\\/Nannz_Hernandez\"],\"url\":\"https:\\\/\\\/centrourbano.com\\\/revista\\\/author\\\/fernanda-hernandez\\\/\"}]}<\/script>\n<!-- \/ Yoast SEO plugin. -->","yoast_head_json":{"title":"MVRDV presenta The Tribune, edificio de uso mixto en Pa\u00edses Bajos -","description":"El dise\u00f1o de The Tribune cuenta con una estructura escalonada similar a una tribuna, que ofrece vistas panor\u00e1micas a residentes y visitantes El estudio de","robots":{"index":"index","follow":"follow","max-snippet":"max-snippet:-1","max-image-preview":"max-image-preview:large","max-video-preview":"max-video-preview:-1"},"canonical":"https:\/\/centrourbano.com\/revista\/arquitectura-2\/mvrdv-the-tribune-edificio\/","og_locale":"es_ES","og_type":"article","og_title":"MVRDV presenta The Tribune, edificio de uso mixto en Pa\u00edses Bajos -","og_description":"El dise\u00f1o de The Tribune cuenta con una estructura escalonada similar a una tribuna, que ofrece vistas panor\u00e1micas a residentes y visitantes El estudio de","og_url":"https:\/\/centrourbano.com\/revista\/arquitectura-2\/mvrdv-the-tribune-edificio\/","og_site_name":"Centro Urbano","article_publisher":"https:\/\/www.facebook.com\/portalcentrourbano","article_published_time":"2024-05-14T15:00:29+00:00","article_modified_time":"2024-05-14T17:39:00+00:00","og_image":[{"width":1150,"height":949,"url":"https:\/\/centrourbano.com\/revista\/wp-content\/uploads\/MVRDV-presenta-The-Tribune-edificio-de-uso-mixto-en-Paises-Bajos.jpg","type":"image\/jpeg"}],"author":"Fernanda Hern\u00e1ndez","twitter_card":"summary_large_image","twitter_creator":"@https:\/\/twitter.com\/Nannz_Hernandez","twitter_site":"@CentroUrbano","twitter_misc":{"Escrito por":"Fernanda Hern\u00e1ndez","Tiempo de lectura":"2 minutos"},"schema":{"@context":"https:\/\/schema.org","@graph":[{"@type":"Article","@id":"https:\/\/centrourbano.com\/revista\/arquitectura-2\/mvrdv-the-tribune-edificio\/#article","isPartOf":{"@id":"https:\/\/centrourbano.com\/revista\/arquitectura-2\/mvrdv-the-tribune-edificio\/"},"author":{"name":"Fernanda Hern\u00e1ndez","@id":"https:\/\/centrourbano.com\/revista\/#\/schema\/person\/bc284507d99af21c6df75a3f1924b95c"},"headline":"MVRDV presenta The Tribune, edificio de uso mixto en Pa\u00edses Bajos","datePublished":"2024-05-14T15:00:29+00:00","dateModified":"2024-05-14T17:39:00+00:00","mainEntityOfPage":{"@id":"https:\/\/centrourbano.com\/revista\/arquitectura-2\/mvrdv-the-tribune-edificio\/"},"wordCount":327,"commentCount":0,"publisher":{"@id":"https:\/\/centrourbano.com\/revista\/#organization"},"image":{"@id":"https:\/\/centrourbano.com\/revista\/arquitectura-2\/mvrdv-the-tribune-edificio\/#primaryimage"},"thumbnailUrl":"https:\/\/centrourbano.com\/revista\/wp-content\/uploads\/MVRDV-presenta-The-Tribune-edificio-de-uso-mixto-en-Paises-Bajos.jpg","keywords":["arquitectura","dise\u00f1o","MVRDV","Paises Bajos","The Tribune","uso mixto"],"articleSection":["Arquitectura"],"inLanguage":"es","potentialAction":[{"@type":"CommentAction","name":"Comment","target":["https:\/\/centrourbano.com\/revista\/arquitectura-2\/mvrdv-the-tribune-edificio\/#respond"]}]},{"@type":"WebPage","@id":"https:\/\/centrourbano.com\/revista\/arquitectura-2\/mvrdv-the-tribune-edificio\/","url":"https:\/\/centrourbano.com\/revista\/arquitectura-2\/mvrdv-the-tribune-edificio\/","name":"MVRDV presenta The Tribune, edificio de uso mixto en Pa\u00edses Bajos -","isPartOf":{"@id":"https:\/\/centrourbano.com\/revista\/#website"},"primaryImageOfPage":{"@id":"https:\/\/centrourbano.com\/revista\/arquitectura-2\/mvrdv-the-tribune-edificio\/#primaryimage"},"image":{"@id":"https:\/\/centrourbano.com\/revista\/arquitectura-2\/mvrdv-the-tribune-edificio\/#primaryimage"},"thumbnailUrl":"https:\/\/centrourbano.com\/revista\/wp-content\/uploads\/MVRDV-presenta-The-Tribune-edificio-de-uso-mixto-en-Paises-Bajos.jpg","datePublished":"2024-05-14T15:00:29+00:00","dateModified":"2024-05-14T17:39:00+00:00","description":"El dise\u00f1o de The Tribune cuenta con una estructura escalonada similar a una tribuna, que ofrece vistas panor\u00e1micas a residentes y visitantes El estudio de","breadcrumb":{"@id":"https:\/\/centrourbano.com\/revista\/arquitectura-2\/mvrdv-the-tribune-edificio\/#breadcrumb"},"inLanguage":"es","potentialAction":[{"@type":"ReadAction","target":["https:\/\/centrourbano.com\/revista\/arquitectura-2\/mvrdv-the-tribune-edificio\/"]}]},{"@type":"ImageObject","inLanguage":"es","@id":"https:\/\/centrourbano.com\/revista\/arquitectura-2\/mvrdv-the-tribune-edificio\/#primaryimage","url":"https:\/\/centrourbano.com\/revista\/wp-content\/uploads\/MVRDV-presenta-The-Tribune-edificio-de-uso-mixto-en-Paises-Bajos.jpg","contentUrl":"https:\/\/centrourbano.com\/revista\/wp-content\/uploads\/MVRDV-presenta-The-Tribune-edificio-de-uso-mixto-en-Paises-Bajos.jpg","width":1150,"height":949,"caption":"El dise\u00f1o de The Tribune cuenta con una estructura escalonada similar a una tribuna, que ofrece vistas panor\u00e1micas a residentes y visitantes"},{"@type":"BreadcrumbList","@id":"https:\/\/centrourbano.com\/revista\/arquitectura-2\/mvrdv-the-tribune-edificio\/#breadcrumb","itemListElement":[{"@type":"ListItem","position":1,"name":"Portada","item":"https:\/\/centrourbano.com\/revista\/"},{"@type":"ListItem","position":2,"name":"MVRDV presenta The Tribune, edificio de uso mixto en Pa\u00edses Bajos"}]},{"@type":"WebSite","@id":"https:\/\/centrourbano.com\/revista\/#website","url":"https:\/\/centrourbano.com\/revista\/","name":"Centro Urbano","description":"Medio especializado en los sectores vivienda, inmobiliario, construcci\u00f3n, arquitectura y urbanismo.","publisher":{"@id":"https:\/\/centrourbano.com\/revista\/#organization"},"potentialAction":[{"@type":"SearchAction","target":{"@type":"EntryPoint","urlTemplate":"https:\/\/centrourbano.com\/revista\/?s={search_term_string}"},"query-input":{"@type":"PropertyValueSpecification","valueRequired":true,"valueName":"search_term_string"}}],"inLanguage":"es"},{"@type":"Organization","@id":"https:\/\/centrourbano.com\/revista\/#organization","name":"Centro Urbano","url":"https:\/\/centrourbano.com\/revista\/","logo":{"@type":"ImageObject","inLanguage":"es","@id":"https:\/\/centrourbano.com\/revista\/#\/schema\/logo\/image\/","url":"https:\/\/centrourbano.com\/revista\/wp-content\/uploads\/web_CU_logo-1.png","contentUrl":"https:\/\/centrourbano.com\/revista\/wp-content\/uploads\/web_CU_logo-1.png","width":350,"height":91,"caption":"Centro Urbano"},"image":{"@id":"https:\/\/centrourbano.com\/revista\/#\/schema\/logo\/image\/"},"sameAs":["https:\/\/www.facebook.com\/portalcentrourbano","https:\/\/x.com\/CentroUrbano","https:\/\/www.instagram.com\/centro_urbano\/","https:\/\/www.linkedin.com\/company\/centro-urbano\/","http:\/\/www.youtube.com\/user\/portalcentrourbano"]},{"@type":"Person","@id":"https:\/\/centrourbano.com\/revista\/#\/schema\/person\/bc284507d99af21c6df75a3f1924b95c","name":"Fernanda Hern\u00e1ndez","image":{"@type":"ImageObject","inLanguage":"es","@id":"https:\/\/secure.gravatar.com\/avatar\/9471831fb0a24eae9d32d826a7cb8ef07c34a41520aca1a0ab1f5c0903ba49b9?s=96&d=mm&r=g","url":"https:\/\/secure.gravatar.com\/avatar\/9471831fb0a24eae9d32d826a7cb8ef07c34a41520aca1a0ab1f5c0903ba49b9?s=96&d=mm&r=g","contentUrl":"https:\/\/secure.gravatar.com\/avatar\/9471831fb0a24eae9d32d826a7cb8ef07c34a41520aca1a0ab1f5c0903ba49b9?s=96&d=mm&r=g","caption":"Fernanda Hern\u00e1ndez"},"description":"Reportera y redactora en Centro Urbano. Soy egresada de la licenciatura en Ciencias de la Comunicaci\u00f3n de la Facultad de Ciencias Pol\u00edticas y Sociales (UNAM). Me interesa la cultura, el urbanismo y la arquitectura. Amante del mundo digital, el cine, la m\u00fasica, la lectura y la escritura.","sameAs":["https:\/\/x.com\/https:\/\/twitter.com\/Nannz_Hernandez"],"url":"https:\/\/centrourbano.com\/revista\/author\/fernanda-hernandez\/"}]}},"_links":{"self":[{"href":"https:\/\/centrourbano.com\/revista\/wp-json\/wp\/v2\/posts\/148107","targetHints":{"allow":["GET"]}}],"collection":[{"href":"https:\/\/centrourbano.com\/revista\/wp-json\/wp\/v2\/posts"}],"about":[{"href":"https:\/\/centrourbano.com\/revista\/wp-json\/wp\/v2\/types\/post"}],"author":[{"embeddable":true,"href":"https:\/\/centrourbano.com\/revista\/wp-json\/wp\/v2\/users\/73"}],"replies":[{"embeddable":true,"href":"https:\/\/centrourbano.com\/revista\/wp-json\/wp\/v2\/comments?post=148107"}],"version-history":[{"count":2,"href":"https:\/\/centrourbano.com\/revista\/wp-json\/wp\/v2\/posts\/148107\/revisions"}],"predecessor-version":[{"id":148112,"href":"https:\/\/centrourbano.com\/revista\/wp-json\/wp\/v2\/posts\/148107\/revisions\/148112"}],"wp:featuredmedia":[{"embeddable":true,"href":"https:\/\/centrourbano.com\/revista\/wp-json\/wp\/v2\/media\/148108"}],"wp:attachment":[{"href":"https:\/\/centrourbano.com\/revista\/wp-json\/wp\/v2\/media?parent=148107"}],"wp:term":[{"taxonomy":"category","embeddable":true,"href":"https:\/\/centrourbano.com\/revista\/wp-json\/wp\/v2\/categories?post=148107"},{"taxonomy":"post_tag","embeddable":true,"href":"https:\/\/centrourbano.com\/revista\/wp-json\/wp\/v2\/tags?post=148107"}],"curies":[{"name":"wp","href":"https:\/\/api.w.org\/{rel}","templated":true}]}}