{"id":148045,"date":"2024-05-09T15:03:14","date_gmt":"2024-05-09T21:03:14","guid":{"rendered":"https:\/\/centrourbano.com\/revista\/?p=148045"},"modified":"2024-05-09T15:03:14","modified_gmt":"2024-05-09T21:03:14","slug":"interlogix-parque-vertical","status":"publish","type":"post","link":"https:\/\/centrourbano.com\/revista\/inmobiliario\/interlogix-parque-vertical\/","title":{"rendered":"Interlogix desarrolla 5 parques log\u00edsticos verticales en la CDMX"},"content":{"rendered":"<p><i><span style=\"font-weight: 400;\">Los parques log\u00edsticos verticales de Interlogix funcionan como hubs para el cliente final<\/span><\/i><!--more--><\/p>\n<p><span style=\"font-weight: 400;\">Eduardo Neuman, fundador y CEO de <a href=\"https:\/\/interlogix.com.mx\/es\/index.html\" target=\"_blank\" rel=\"noopener\">Interlogix<\/a>, y Alberto Mijares, director de operaciones de la compa\u00f1\u00eda, explicaron que actualmente trabajan en la <\/span><b>creaci\u00f3n de un portafolio para la \u00faltima milla a trav\u00e9s de parques log\u00edsticos verticales<\/b><span style=\"font-weight: 400;\"> en la Ciudad de M\u00e9xico.\u00a0<\/span><\/p>\n<p><span style=\"font-weight: 400;\">Con inspiraci\u00f3n en proyectos de Asia y Europa, donde hay desarrollos de hasta 250,000 metros cuadrados (m\u00b2) con m\u00e1s de 20 niveles, las nuevas <\/span><b>naves log\u00edsticas verticales<\/b><span style=\"font-weight: 400;\"> de Interlogix representan un <\/span><b>modelo innovador<\/b><span style=\"font-weight: 400;\"> para el sector industrial mexicano.<\/span><\/p>\n<p><span style=\"font-weight: 400;\">De acuerdo con informaci\u00f3n de <a href=\"https:\/\/centrourbano.com\/revista\/?s=siiLA\" target=\"_blank\" rel=\"noopener\">SiiLA<\/a>, Neuman explic\u00f3 que replicar este modelo de construcci\u00f3n en el pa\u00eds no fue sencillo, pues fue necesario adaptar el proceso de dise\u00f1o y construcci\u00f3n a normativas, usos de suelo y dem\u00e1s consideraciones t\u00e9cnicas.\u00a0<\/span><\/p>\n<p><span style=\"font-weight: 400;\">No obstante, Interlogix trabajaba en los desarrollos bajo un objetivo principal: la <\/span><b>posibilidad de atender un amplio espectro de clientes<\/b><span style=\"font-weight: 400;\">. En ese sentido, Neuman y Mijares resaltaron que la <\/span><b>verticalidad mejora la eficiencia<\/b><span style=\"font-weight: 400;\"> en el uso de espacios.\u00a0<\/span><\/p>\n<p><span style=\"font-weight: 400;\">Sin embargo es importante implementar estrategias para <\/span><b>seleccionar clientes cuyas operaciones puedan coexistir<\/b><span style=\"font-weight: 400;\"> sin interferencias y garantizando una log\u00edstica interna eficiente.<\/span><\/p>\n<p><span style=\"font-weight: 400;\">Cabe se\u00f1alar que, las <\/span><b>propiedades last mile<\/b><span style=\"font-weight: 400;\"> est\u00e1n <\/span><b>enfocadas en un tr\u00e1nsito r\u00e1pido<\/b><span style=\"font-weight: 400;\">, la mercanc\u00eda entra y sale con agilidad, por lo que sus espacios cuentan con desaf\u00edos log\u00edsticos, especialmente en complejos multitenant.<\/span><\/p>\n<p><span style=\"font-weight: 400;\">Por otro lado, los parques log\u00edsticos verticales de Interlogix funcionan como <\/span><b>hubs para el cliente final<\/b><span style=\"font-weight: 400;\">, por lo que los principales clientes son empresas dedicadas al comercio electr\u00f3nico, B2B, entre otras.\u00a0<\/span><\/p>\n<h2><span style=\"font-weight: 400;\">Los nuevos parques de Interlogix<\/span><\/h2>\n<p><span style=\"font-weight: 400;\">Los especialistas de Interlogix detallaron que el<\/span><b> primer parque log\u00edstico vertical <\/b><span style=\"font-weight: 400;\">es <\/span><b>Lomas I<\/b><span style=\"font-weight: 400;\">, desarrollado en la alcald\u00eda Miguel Hidalgo. Con 7,000 m\u00b2 de \u00e1rea bruta rentable (ABR) completamente ocupados, el espacio representa un hito en el desarrollo de soluciones de \u00faltima milla.\u00a0<\/span><\/p>\n<p><span style=\"font-weight: 400;\">Esta nave contar\u00e1 con una expansi\u00f3n por<\/span><b> 7,000 m\u00b2 denominado Lomas II<\/b><span style=\"font-weight: 400;\">, proyecto que se encuentra en construcci\u00f3n. De esta forma, la empresa espera contar con <\/span><b>14,000 m\u00b2 de ABR<\/b><span style=\"font-weight: 400;\">, incluyendo amplios patios de andenes para camionetas y tr\u00e1ilers, etc.\u00a0<\/span><\/p>\n<p><span style=\"font-weight: 400;\">Neuman y Mijares explicaron que el complejo Lomas cuenta con<\/span><b> caracter\u00edsticas que le permiten ajustarse a las necesidades de grandes y peque\u00f1os clientes<\/b><span style=\"font-weight: 400;\">, para fortalecer sus cadenas de suministro o para contar con puntos de distribuci\u00f3n enfocados en los consumidores finales. Igualmente indicaron que la<\/span><b> segunda etapa de Lomas I<\/b><span style=\"font-weight: 400;\"> est\u00e1 programada para <\/span><b>entregarse en septiembre de 2024<\/b><span style=\"font-weight: 400;\">.\u00a0<\/span><\/p>\n<p><span style=\"font-weight: 400;\">Mientras que, el <\/span><b>14 de mayo se entregar\u00e1 Postes Interlogix<\/b><span style=\"font-weight: 400;\">, construcci\u00f3n ubicada en la alcald\u00eda \u00c1lvaro Obreg\u00f3n y cuyo proceso ha tomado aproximadamente diez meses.<\/span><\/p>\n","protected":false},"excerpt":{"rendered":"<p>Los parques log\u00edsticos verticales de Interlogix funcionan como hubs para el cliente final<\/p>\n","protected":false},"author":88,"featured_media":148050,"comment_status":"open","ping_status":"closed","sticky":false,"template":"","format":"standard","meta":{"om_disable_all_campaigns":false,"inline_featured_image":false,"_monsterinsights_skip_tracking":false,"_monsterinsights_sitenote_active":false,"_monsterinsights_sitenote_note":"","_monsterinsights_sitenote_category":0,"footnotes":""},"categories":[15],"tags":[24286,24287,18943],"class_list":["post-148045","post","type-post","status-publish","format-standard","has-post-thumbnail","hentry","category-inmobiliario","tag-interlogix","tag-parques-logisticos","tag-ultima-milla"],"yoast_head":"<!-- This site is optimized with the Yoast SEO plugin v27.5 - https:\/\/yoast.com\/product\/yoast-seo-wordpress\/ -->\n<title>Interlogix desarrolla 5 parques log\u00edsticos verticales en la CDMX -<\/title>\n<meta name=\"description\" content=\"Los parques log\u00edsticos verticales de Interlogix funcionan como hubs para el cliente final Eduardo Neuman, fundador y CEO de Interlogix, y Alberto Mijares,\" \/>\n<meta name=\"robots\" content=\"index, follow, max-snippet:-1, max-image-preview:large, max-video-preview:-1\" \/>\n<link rel=\"canonical\" href=\"https:\/\/centrourbano.com\/revista\/inmobiliario\/interlogix-parque-vertical\/\" \/>\n<meta property=\"og:locale\" content=\"es_ES\" \/>\n<meta property=\"og:type\" content=\"article\" \/>\n<meta property=\"og:title\" content=\"Interlogix desarrolla 5 parques log\u00edsticos verticales en la CDMX -\" \/>\n<meta property=\"og:description\" content=\"Los parques log\u00edsticos verticales de Interlogix funcionan como hubs para el cliente final Eduardo Neuman, fundador y CEO de Interlogix, y Alberto Mijares,\" \/>\n<meta property=\"og:url\" content=\"https:\/\/centrourbano.com\/revista\/inmobiliario\/interlogix-parque-vertical\/\" \/>\n<meta property=\"og:site_name\" content=\"Centro Urbano\" \/>\n<meta property=\"article:publisher\" content=\"https:\/\/www.facebook.com\/portalcentrourbano\" \/>\n<meta property=\"article:published_time\" content=\"2024-05-09T21:03:14+00:00\" \/>\n<meta property=\"og:image\" content=\"https:\/\/centrourbano.com\/revista\/wp-content\/uploads\/gggggg.jpg\" \/>\n\t<meta property=\"og:image:width\" content=\"800\" \/>\n\t<meta property=\"og:image:height\" content=\"800\" \/>\n\t<meta property=\"og:image:type\" content=\"image\/jpeg\" \/>\n<meta name=\"author\" content=\"Rebeca Romero\" \/>\n<meta name=\"twitter:card\" content=\"summary_large_image\" \/>\n<meta name=\"twitter:creator\" content=\"@CentroUrbano\" \/>\n<meta name=\"twitter:site\" content=\"@CentroUrbano\" \/>\n<meta name=\"twitter:label1\" content=\"Escrito por\" \/>\n\t<meta name=\"twitter:data1\" content=\"Rebeca Romero\" \/>\n\t<meta name=\"twitter:label2\" content=\"Tiempo de lectura\" \/>\n\t<meta name=\"twitter:data2\" content=\"2 minutos\" \/>\n<script type=\"application\/ld+json\" class=\"yoast-schema-graph\">{\"@context\":\"https:\\\/\\\/schema.org\",\"@graph\":[{\"@type\":\"Article\",\"@id\":\"https:\\\/\\\/centrourbano.com\\\/revista\\\/inmobiliario\\\/interlogix-parque-vertical\\\/#article\",\"isPartOf\":{\"@id\":\"https:\\\/\\\/centrourbano.com\\\/revista\\\/inmobiliario\\\/interlogix-parque-vertical\\\/\"},\"author\":{\"name\":\"Rebeca Romero\",\"@id\":\"https:\\\/\\\/centrourbano.com\\\/revista\\\/#\\\/schema\\\/person\\\/c665f1c60da3ad48cd761a707b7090b0\"},\"headline\":\"Interlogix desarrolla 5 parques log\u00edsticos verticales en la CDMX\",\"datePublished\":\"2024-05-09T21:03:14+00:00\",\"mainEntityOfPage\":{\"@id\":\"https:\\\/\\\/centrourbano.com\\\/revista\\\/inmobiliario\\\/interlogix-parque-vertical\\\/\"},\"wordCount\":465,\"commentCount\":0,\"publisher\":{\"@id\":\"https:\\\/\\\/centrourbano.com\\\/revista\\\/#organization\"},\"image\":{\"@id\":\"https:\\\/\\\/centrourbano.com\\\/revista\\\/inmobiliario\\\/interlogix-parque-vertical\\\/#primaryimage\"},\"thumbnailUrl\":\"https:\\\/\\\/centrourbano.com\\\/revista\\\/wp-content\\\/uploads\\\/gggggg.jpg\",\"keywords\":[\"Interlogix\",\"parques log\u00edsticos\",\"\u00faltima milla\"],\"articleSection\":[\"Inmobiliario\"],\"inLanguage\":\"es\",\"potentialAction\":[{\"@type\":\"CommentAction\",\"name\":\"Comment\",\"target\":[\"https:\\\/\\\/centrourbano.com\\\/revista\\\/inmobiliario\\\/interlogix-parque-vertical\\\/#respond\"]}]},{\"@type\":\"WebPage\",\"@id\":\"https:\\\/\\\/centrourbano.com\\\/revista\\\/inmobiliario\\\/interlogix-parque-vertical\\\/\",\"url\":\"https:\\\/\\\/centrourbano.com\\\/revista\\\/inmobiliario\\\/interlogix-parque-vertical\\\/\",\"name\":\"Interlogix desarrolla 5 parques log\u00edsticos verticales en la CDMX -\",\"isPartOf\":{\"@id\":\"https:\\\/\\\/centrourbano.com\\\/revista\\\/#website\"},\"primaryImageOfPage\":{\"@id\":\"https:\\\/\\\/centrourbano.com\\\/revista\\\/inmobiliario\\\/interlogix-parque-vertical\\\/#primaryimage\"},\"image\":{\"@id\":\"https:\\\/\\\/centrourbano.com\\\/revista\\\/inmobiliario\\\/interlogix-parque-vertical\\\/#primaryimage\"},\"thumbnailUrl\":\"https:\\\/\\\/centrourbano.com\\\/revista\\\/wp-content\\\/uploads\\\/gggggg.jpg\",\"datePublished\":\"2024-05-09T21:03:14+00:00\",\"description\":\"Los parques log\u00edsticos verticales de Interlogix funcionan como hubs para el cliente final Eduardo Neuman, fundador y CEO de Interlogix, y Alberto Mijares,\",\"breadcrumb\":{\"@id\":\"https:\\\/\\\/centrourbano.com\\\/revista\\\/inmobiliario\\\/interlogix-parque-vertical\\\/#breadcrumb\"},\"inLanguage\":\"es\",\"potentialAction\":[{\"@type\":\"ReadAction\",\"target\":[\"https:\\\/\\\/centrourbano.com\\\/revista\\\/inmobiliario\\\/interlogix-parque-vertical\\\/\"]}]},{\"@type\":\"ImageObject\",\"inLanguage\":\"es\",\"@id\":\"https:\\\/\\\/centrourbano.com\\\/revista\\\/inmobiliario\\\/interlogix-parque-vertical\\\/#primaryimage\",\"url\":\"https:\\\/\\\/centrourbano.com\\\/revista\\\/wp-content\\\/uploads\\\/gggggg.jpg\",\"contentUrl\":\"https:\\\/\\\/centrourbano.com\\\/revista\\\/wp-content\\\/uploads\\\/gggggg.jpg\",\"width\":800,\"height\":800,\"caption\":\"Interlogix desarrolla 5 parques log\u00edsticos verticales en la CDMX\"},{\"@type\":\"BreadcrumbList\",\"@id\":\"https:\\\/\\\/centrourbano.com\\\/revista\\\/inmobiliario\\\/interlogix-parque-vertical\\\/#breadcrumb\",\"itemListElement\":[{\"@type\":\"ListItem\",\"position\":1,\"name\":\"Portada\",\"item\":\"https:\\\/\\\/centrourbano.com\\\/revista\\\/\"},{\"@type\":\"ListItem\",\"position\":2,\"name\":\"Interlogix desarrolla 5 parques log\u00edsticos verticales en la CDMX\"}]},{\"@type\":\"WebSite\",\"@id\":\"https:\\\/\\\/centrourbano.com\\\/revista\\\/#website\",\"url\":\"https:\\\/\\\/centrourbano.com\\\/revista\\\/\",\"name\":\"Centro Urbano\",\"description\":\"Medio especializado en los sectores vivienda, inmobiliario, construcci\u00f3n, arquitectura y urbanismo.\",\"publisher\":{\"@id\":\"https:\\\/\\\/centrourbano.com\\\/revista\\\/#organization\"},\"potentialAction\":[{\"@type\":\"SearchAction\",\"target\":{\"@type\":\"EntryPoint\",\"urlTemplate\":\"https:\\\/\\\/centrourbano.com\\\/revista\\\/?s={search_term_string}\"},\"query-input\":{\"@type\":\"PropertyValueSpecification\",\"valueRequired\":true,\"valueName\":\"search_term_string\"}}],\"inLanguage\":\"es\"},{\"@type\":\"Organization\",\"@id\":\"https:\\\/\\\/centrourbano.com\\\/revista\\\/#organization\",\"name\":\"Centro Urbano\",\"url\":\"https:\\\/\\\/centrourbano.com\\\/revista\\\/\",\"logo\":{\"@type\":\"ImageObject\",\"inLanguage\":\"es\",\"@id\":\"https:\\\/\\\/centrourbano.com\\\/revista\\\/#\\\/schema\\\/logo\\\/image\\\/\",\"url\":\"https:\\\/\\\/centrourbano.com\\\/revista\\\/wp-content\\\/uploads\\\/web_CU_logo-1.png\",\"contentUrl\":\"https:\\\/\\\/centrourbano.com\\\/revista\\\/wp-content\\\/uploads\\\/web_CU_logo-1.png\",\"width\":350,\"height\":91,\"caption\":\"Centro Urbano\"},\"image\":{\"@id\":\"https:\\\/\\\/centrourbano.com\\\/revista\\\/#\\\/schema\\\/logo\\\/image\\\/\"},\"sameAs\":[\"https:\\\/\\\/www.facebook.com\\\/portalcentrourbano\",\"https:\\\/\\\/x.com\\\/CentroUrbano\",\"https:\\\/\\\/www.instagram.com\\\/centro_urbano\\\/\",\"https:\\\/\\\/www.linkedin.com\\\/company\\\/centro-urbano\\\/\",\"http:\\\/\\\/www.youtube.com\\\/user\\\/portalcentrourbano\"]},{\"@type\":\"Person\",\"@id\":\"https:\\\/\\\/centrourbano.com\\\/revista\\\/#\\\/schema\\\/person\\\/c665f1c60da3ad48cd761a707b7090b0\",\"name\":\"Rebeca Romero\",\"image\":{\"@type\":\"ImageObject\",\"inLanguage\":\"es\",\"@id\":\"https:\\\/\\\/secure.gravatar.com\\\/avatar\\\/aee0068ae3cc041082e0e84a8258fe5ccc00a733f187bde73b0b40d86b892826?s=96&d=mm&r=g\",\"url\":\"https:\\\/\\\/secure.gravatar.com\\\/avatar\\\/aee0068ae3cc041082e0e84a8258fe5ccc00a733f187bde73b0b40d86b892826?s=96&d=mm&r=g\",\"contentUrl\":\"https:\\\/\\\/secure.gravatar.com\\\/avatar\\\/aee0068ae3cc041082e0e84a8258fe5ccc00a733f187bde73b0b40d86b892826?s=96&d=mm&r=g\",\"caption\":\"Rebeca Romero\"},\"url\":\"https:\\\/\\\/centrourbano.com\\\/revista\\\/author\\\/rebeca-romero\\\/\"}]}<\/script>\n<!-- \/ Yoast SEO plugin. -->","yoast_head_json":{"title":"Interlogix desarrolla 5 parques log\u00edsticos verticales en la CDMX -","description":"Los parques log\u00edsticos verticales de Interlogix funcionan como hubs para el cliente final Eduardo Neuman, fundador y CEO de Interlogix, y Alberto Mijares,","robots":{"index":"index","follow":"follow","max-snippet":"max-snippet:-1","max-image-preview":"max-image-preview:large","max-video-preview":"max-video-preview:-1"},"canonical":"https:\/\/centrourbano.com\/revista\/inmobiliario\/interlogix-parque-vertical\/","og_locale":"es_ES","og_type":"article","og_title":"Interlogix desarrolla 5 parques log\u00edsticos verticales en la CDMX -","og_description":"Los parques log\u00edsticos verticales de Interlogix funcionan como hubs para el cliente final Eduardo Neuman, fundador y CEO de Interlogix, y Alberto Mijares,","og_url":"https:\/\/centrourbano.com\/revista\/inmobiliario\/interlogix-parque-vertical\/","og_site_name":"Centro Urbano","article_publisher":"https:\/\/www.facebook.com\/portalcentrourbano","article_published_time":"2024-05-09T21:03:14+00:00","og_image":[{"width":800,"height":800,"url":"https:\/\/centrourbano.com\/revista\/wp-content\/uploads\/gggggg.jpg","type":"image\/jpeg"}],"author":"Rebeca Romero","twitter_card":"summary_large_image","twitter_creator":"@CentroUrbano","twitter_site":"@CentroUrbano","twitter_misc":{"Escrito por":"Rebeca Romero","Tiempo de lectura":"2 minutos"},"schema":{"@context":"https:\/\/schema.org","@graph":[{"@type":"Article","@id":"https:\/\/centrourbano.com\/revista\/inmobiliario\/interlogix-parque-vertical\/#article","isPartOf":{"@id":"https:\/\/centrourbano.com\/revista\/inmobiliario\/interlogix-parque-vertical\/"},"author":{"name":"Rebeca Romero","@id":"https:\/\/centrourbano.com\/revista\/#\/schema\/person\/c665f1c60da3ad48cd761a707b7090b0"},"headline":"Interlogix desarrolla 5 parques log\u00edsticos verticales en la CDMX","datePublished":"2024-05-09T21:03:14+00:00","mainEntityOfPage":{"@id":"https:\/\/centrourbano.com\/revista\/inmobiliario\/interlogix-parque-vertical\/"},"wordCount":465,"commentCount":0,"publisher":{"@id":"https:\/\/centrourbano.com\/revista\/#organization"},"image":{"@id":"https:\/\/centrourbano.com\/revista\/inmobiliario\/interlogix-parque-vertical\/#primaryimage"},"thumbnailUrl":"https:\/\/centrourbano.com\/revista\/wp-content\/uploads\/gggggg.jpg","keywords":["Interlogix","parques log\u00edsticos","\u00faltima milla"],"articleSection":["Inmobiliario"],"inLanguage":"es","potentialAction":[{"@type":"CommentAction","name":"Comment","target":["https:\/\/centrourbano.com\/revista\/inmobiliario\/interlogix-parque-vertical\/#respond"]}]},{"@type":"WebPage","@id":"https:\/\/centrourbano.com\/revista\/inmobiliario\/interlogix-parque-vertical\/","url":"https:\/\/centrourbano.com\/revista\/inmobiliario\/interlogix-parque-vertical\/","name":"Interlogix desarrolla 5 parques log\u00edsticos verticales en la CDMX -","isPartOf":{"@id":"https:\/\/centrourbano.com\/revista\/#website"},"primaryImageOfPage":{"@id":"https:\/\/centrourbano.com\/revista\/inmobiliario\/interlogix-parque-vertical\/#primaryimage"},"image":{"@id":"https:\/\/centrourbano.com\/revista\/inmobiliario\/interlogix-parque-vertical\/#primaryimage"},"thumbnailUrl":"https:\/\/centrourbano.com\/revista\/wp-content\/uploads\/gggggg.jpg","datePublished":"2024-05-09T21:03:14+00:00","description":"Los parques log\u00edsticos verticales de Interlogix funcionan como hubs para el cliente final Eduardo Neuman, fundador y CEO de Interlogix, y Alberto Mijares,","breadcrumb":{"@id":"https:\/\/centrourbano.com\/revista\/inmobiliario\/interlogix-parque-vertical\/#breadcrumb"},"inLanguage":"es","potentialAction":[{"@type":"ReadAction","target":["https:\/\/centrourbano.com\/revista\/inmobiliario\/interlogix-parque-vertical\/"]}]},{"@type":"ImageObject","inLanguage":"es","@id":"https:\/\/centrourbano.com\/revista\/inmobiliario\/interlogix-parque-vertical\/#primaryimage","url":"https:\/\/centrourbano.com\/revista\/wp-content\/uploads\/gggggg.jpg","contentUrl":"https:\/\/centrourbano.com\/revista\/wp-content\/uploads\/gggggg.jpg","width":800,"height":800,"caption":"Interlogix desarrolla 5 parques log\u00edsticos verticales en la CDMX"},{"@type":"BreadcrumbList","@id":"https:\/\/centrourbano.com\/revista\/inmobiliario\/interlogix-parque-vertical\/#breadcrumb","itemListElement":[{"@type":"ListItem","position":1,"name":"Portada","item":"https:\/\/centrourbano.com\/revista\/"},{"@type":"ListItem","position":2,"name":"Interlogix desarrolla 5 parques log\u00edsticos verticales en la CDMX"}]},{"@type":"WebSite","@id":"https:\/\/centrourbano.com\/revista\/#website","url":"https:\/\/centrourbano.com\/revista\/","name":"Centro Urbano","description":"Medio especializado en los sectores vivienda, inmobiliario, construcci\u00f3n, arquitectura y urbanismo.","publisher":{"@id":"https:\/\/centrourbano.com\/revista\/#organization"},"potentialAction":[{"@type":"SearchAction","target":{"@type":"EntryPoint","urlTemplate":"https:\/\/centrourbano.com\/revista\/?s={search_term_string}"},"query-input":{"@type":"PropertyValueSpecification","valueRequired":true,"valueName":"search_term_string"}}],"inLanguage":"es"},{"@type":"Organization","@id":"https:\/\/centrourbano.com\/revista\/#organization","name":"Centro Urbano","url":"https:\/\/centrourbano.com\/revista\/","logo":{"@type":"ImageObject","inLanguage":"es","@id":"https:\/\/centrourbano.com\/revista\/#\/schema\/logo\/image\/","url":"https:\/\/centrourbano.com\/revista\/wp-content\/uploads\/web_CU_logo-1.png","contentUrl":"https:\/\/centrourbano.com\/revista\/wp-content\/uploads\/web_CU_logo-1.png","width":350,"height":91,"caption":"Centro Urbano"},"image":{"@id":"https:\/\/centrourbano.com\/revista\/#\/schema\/logo\/image\/"},"sameAs":["https:\/\/www.facebook.com\/portalcentrourbano","https:\/\/x.com\/CentroUrbano","https:\/\/www.instagram.com\/centro_urbano\/","https:\/\/www.linkedin.com\/company\/centro-urbano\/","http:\/\/www.youtube.com\/user\/portalcentrourbano"]},{"@type":"Person","@id":"https:\/\/centrourbano.com\/revista\/#\/schema\/person\/c665f1c60da3ad48cd761a707b7090b0","name":"Rebeca Romero","image":{"@type":"ImageObject","inLanguage":"es","@id":"https:\/\/secure.gravatar.com\/avatar\/aee0068ae3cc041082e0e84a8258fe5ccc00a733f187bde73b0b40d86b892826?s=96&d=mm&r=g","url":"https:\/\/secure.gravatar.com\/avatar\/aee0068ae3cc041082e0e84a8258fe5ccc00a733f187bde73b0b40d86b892826?s=96&d=mm&r=g","contentUrl":"https:\/\/secure.gravatar.com\/avatar\/aee0068ae3cc041082e0e84a8258fe5ccc00a733f187bde73b0b40d86b892826?s=96&d=mm&r=g","caption":"Rebeca Romero"},"url":"https:\/\/centrourbano.com\/revista\/author\/rebeca-romero\/"}]}},"_links":{"self":[{"href":"https:\/\/centrourbano.com\/revista\/wp-json\/wp\/v2\/posts\/148045","targetHints":{"allow":["GET"]}}],"collection":[{"href":"https:\/\/centrourbano.com\/revista\/wp-json\/wp\/v2\/posts"}],"about":[{"href":"https:\/\/centrourbano.com\/revista\/wp-json\/wp\/v2\/types\/post"}],"author":[{"embeddable":true,"href":"https:\/\/centrourbano.com\/revista\/wp-json\/wp\/v2\/users\/88"}],"replies":[{"embeddable":true,"href":"https:\/\/centrourbano.com\/revista\/wp-json\/wp\/v2\/comments?post=148045"}],"version-history":[{"count":1,"href":"https:\/\/centrourbano.com\/revista\/wp-json\/wp\/v2\/posts\/148045\/revisions"}],"predecessor-version":[{"id":148054,"href":"https:\/\/centrourbano.com\/revista\/wp-json\/wp\/v2\/posts\/148045\/revisions\/148054"}],"wp:featuredmedia":[{"embeddable":true,"href":"https:\/\/centrourbano.com\/revista\/wp-json\/wp\/v2\/media\/148050"}],"wp:attachment":[{"href":"https:\/\/centrourbano.com\/revista\/wp-json\/wp\/v2\/media?parent=148045"}],"wp:term":[{"taxonomy":"category","embeddable":true,"href":"https:\/\/centrourbano.com\/revista\/wp-json\/wp\/v2\/categories?post=148045"},{"taxonomy":"post_tag","embeddable":true,"href":"https:\/\/centrourbano.com\/revista\/wp-json\/wp\/v2\/tags?post=148045"}],"curies":[{"name":"wp","href":"https:\/\/api.w.org\/{rel}","templated":true}]}}