{"id":147962,"date":"2024-05-07T13:32:36","date_gmt":"2024-05-07T19:32:36","guid":{"rendered":"https:\/\/centrourbano.com\/revista\/?p=147962"},"modified":"2024-05-07T13:32:36","modified_gmt":"2024-05-07T19:32:36","slug":"fibra-plus-crecimiento","status":"publish","type":"post","link":"https:\/\/centrourbano.com\/revista\/inmobiliario\/fibra-plus-crecimiento\/","title":{"rendered":"Fibra Plus logra crecimiento de 8.3% en ingresos"},"content":{"rendered":"<p><em>Fibra Plus tambi\u00e9n realiz\u00f3 la adquisici\u00f3n de m\u00e1s de 43 millones de CBFIs de Fibra HD<\/em><!--more--><\/p>\n<p>A trav\u00e9s de su reporte del primer trimestre del 2024 (1T24), <a href=\"https:\/\/www.fibraplus.mx\/\" target=\"_blank\" rel=\"noopener\"><strong>Fibra Plus<\/strong> <\/a>inform\u00f3 que sus <strong>ingresos ascendieron a 189 millones de pesos<\/strong> (mdp), es decir,<strong> 8.3% m\u00e1s que<\/strong><strong> lo registrado<\/strong> durante el mismo periodo del <strong>2023<\/strong>. El fideicomiso se\u00f1al\u00f3 que el crecimiento de esta cifra se vio favorecida por la tasa de ocupaci\u00f3n, el ajuste de rentas acorde a inflaci\u00f3n, cobro de rentas variables anuales, entre otros puntos.<\/p>\n<p>Por su parte, el <strong>ION <\/strong>de la <a href=\"https:\/\/centrourbano.com\/revista\/?s=fibra\" target=\"_blank\" rel=\"noopener\">fibra<\/a> pas\u00f3 de 151.7 mdp en el 1T23 a <strong>m\u00e1s de 179<\/strong><strong> mdp en el 1T24<\/strong>, registrando un margen del 94.7 por ciento. En cuanto al <strong>\u00c1rea Bruta Rentable<\/strong> (ABR), el fideicomiso indic\u00f3 que durante este primer trimestre logr\u00f3 <strong>firmar m\u00e1s de 7,000 metros cuadrados<\/strong> (m).<\/p>\n<p>Gustavo Tom\u00e9 Vel\u00e1zquez, Presidente de Fibra Plus, indic\u00f3 que el fondo realiz\u00f3 la compra de un gran n\u00famero de Certificados Burs\u00e1tiles Fiduciarios Inmobiliarios (CBFIs), transacci\u00f3n se llev\u00f3 a cabo con un <strong>descuento de 75% sobre el valor en libros<\/strong>, generando as\u00ed un beneficio de 300 mdp.<\/p>\n<blockquote><p>\u201cAcorde con nuestro firme compromiso con la generaci\u00f3n de valor, adquirimos m\u00e1s de 43 millones de CBFIs de Fibra HD con el prop\u00f3sito de continuar impulsando las sinergias entre ambas Fibras\u201d, detall\u00f3.<\/p><\/blockquote>\n<p>Adem\u00e1s, el fideicomiso se\u00f1al\u00f3 que, durante los primeros tres meses del a\u00f1o, increment\u00f3 su <strong>ABR<\/strong> en 266 m, <strong>rebasando un total de <\/strong><strong>645,000<\/strong><strong> m<\/strong>. Esto se debe a la adici\u00f3n de las oficinas de Down Town Santa Fe al portafolio en operaci\u00f3n, las cuales eran las oficinas corporativas de Fibra HD.<\/p>\n<p>El total de ABR tambi\u00e9n contempla el desarrollo comercial en <strong>Espacio Condesa<\/strong>, proyecto en el que, a inicio del a\u00f1o, Fibra Plus dispuso de<strong> 200 m<\/strong><strong>dp<\/strong> de una de sus l\u00edneas de cr\u00e9dito y el cual se contempla est\u00e9 listo en el principio del pr\u00f3ximo a\u00f1o.<\/p>\n","protected":false},"excerpt":{"rendered":"<p>Fibra Plus tambi\u00e9n realiz\u00f3 la adquisici\u00f3n de m\u00e1s de 43 millones de CBFIs de Fibra HD<\/p>\n","protected":false},"author":88,"featured_media":147963,"comment_status":"open","ping_status":"closed","sticky":false,"template":"","format":"standard","meta":{"om_disable_all_campaigns":false,"inline_featured_image":false,"_monsterinsights_skip_tracking":false,"_monsterinsights_sitenote_active":false,"_monsterinsights_sitenote_note":"","_monsterinsights_sitenote_category":0,"footnotes":""},"categories":[15],"tags":[18412,8859],"class_list":["post-147962","post","type-post","status-publish","format-standard","has-post-thumbnail","hentry","category-inmobiliario","tag-area-bruta-rentable","tag-fibra-plus"],"yoast_head":"<!-- This site is optimized with the Yoast SEO plugin v27.4 - https:\/\/yoast.com\/product\/yoast-seo-wordpress\/ -->\n<title>Fibra Plus logra crecimiento de 8.3% en ingresos -<\/title>\n<meta name=\"description\" content=\"Fibra Plus tambi\u00e9n realiz\u00f3 la adquisici\u00f3n de m\u00e1s de 43 millones de CBFIs de Fibra HD A trav\u00e9s de su reporte del primer trimestre del 2024 (1T24), Fibra\" \/>\n<meta name=\"robots\" content=\"index, follow, max-snippet:-1, max-image-preview:large, max-video-preview:-1\" \/>\n<link rel=\"canonical\" href=\"https:\/\/centrourbano.com\/revista\/inmobiliario\/fibra-plus-crecimiento\/\" \/>\n<meta property=\"og:locale\" content=\"es_ES\" \/>\n<meta property=\"og:type\" content=\"article\" \/>\n<meta property=\"og:title\" content=\"Fibra Plus logra crecimiento de 8.3% en ingresos -\" \/>\n<meta property=\"og:description\" content=\"Fibra Plus tambi\u00e9n realiz\u00f3 la adquisici\u00f3n de m\u00e1s de 43 millones de CBFIs de Fibra HD A trav\u00e9s de su reporte del primer trimestre del 2024 (1T24), Fibra\" \/>\n<meta property=\"og:url\" content=\"https:\/\/centrourbano.com\/revista\/inmobiliario\/fibra-plus-crecimiento\/\" \/>\n<meta property=\"og:site_name\" content=\"Centro Urbano\" \/>\n<meta property=\"article:publisher\" content=\"https:\/\/www.facebook.com\/portalcentrourbano\" \/>\n<meta property=\"article:published_time\" content=\"2024-05-07T19:32:36+00:00\" \/>\n<meta property=\"og:image\" content=\"https:\/\/centrourbano.com\/revista\/wp-content\/uploads\/olllll.jpg\" \/>\n\t<meta property=\"og:image:width\" content=\"800\" \/>\n\t<meta property=\"og:image:height\" content=\"800\" \/>\n\t<meta property=\"og:image:type\" content=\"image\/jpeg\" \/>\n<meta name=\"author\" content=\"Rebeca Romero\" \/>\n<meta name=\"twitter:card\" content=\"summary_large_image\" \/>\n<meta name=\"twitter:creator\" content=\"@CentroUrbano\" \/>\n<meta name=\"twitter:site\" content=\"@CentroUrbano\" \/>\n<meta name=\"twitter:label1\" content=\"Escrito por\" \/>\n\t<meta name=\"twitter:data1\" content=\"Rebeca Romero\" \/>\n\t<meta name=\"twitter:label2\" content=\"Tiempo de lectura\" \/>\n\t<meta name=\"twitter:data2\" content=\"2 minutos\" \/>\n<script type=\"application\/ld+json\" class=\"yoast-schema-graph\">{\"@context\":\"https:\\\/\\\/schema.org\",\"@graph\":[{\"@type\":\"Article\",\"@id\":\"https:\\\/\\\/centrourbano.com\\\/revista\\\/inmobiliario\\\/fibra-plus-crecimiento\\\/#article\",\"isPartOf\":{\"@id\":\"https:\\\/\\\/centrourbano.com\\\/revista\\\/inmobiliario\\\/fibra-plus-crecimiento\\\/\"},\"author\":{\"name\":\"Rebeca Romero\",\"@id\":\"https:\\\/\\\/centrourbano.com\\\/revista\\\/#\\\/schema\\\/person\\\/c665f1c60da3ad48cd761a707b7090b0\"},\"headline\":\"Fibra Plus logra crecimiento de 8.3% en ingresos\",\"datePublished\":\"2024-05-07T19:32:36+00:00\",\"mainEntityOfPage\":{\"@id\":\"https:\\\/\\\/centrourbano.com\\\/revista\\\/inmobiliario\\\/fibra-plus-crecimiento\\\/\"},\"wordCount\":334,\"commentCount\":0,\"publisher\":{\"@id\":\"https:\\\/\\\/centrourbano.com\\\/revista\\\/#organization\"},\"image\":{\"@id\":\"https:\\\/\\\/centrourbano.com\\\/revista\\\/inmobiliario\\\/fibra-plus-crecimiento\\\/#primaryimage\"},\"thumbnailUrl\":\"https:\\\/\\\/centrourbano.com\\\/revista\\\/wp-content\\\/uploads\\\/olllll.jpg\",\"keywords\":[\"\u00c1rea Bruta Rentable\",\"Fibra Plus\"],\"articleSection\":[\"Inmobiliario\"],\"inLanguage\":\"es\",\"potentialAction\":[{\"@type\":\"CommentAction\",\"name\":\"Comment\",\"target\":[\"https:\\\/\\\/centrourbano.com\\\/revista\\\/inmobiliario\\\/fibra-plus-crecimiento\\\/#respond\"]}]},{\"@type\":\"WebPage\",\"@id\":\"https:\\\/\\\/centrourbano.com\\\/revista\\\/inmobiliario\\\/fibra-plus-crecimiento\\\/\",\"url\":\"https:\\\/\\\/centrourbano.com\\\/revista\\\/inmobiliario\\\/fibra-plus-crecimiento\\\/\",\"name\":\"Fibra Plus logra crecimiento de 8.3% en ingresos -\",\"isPartOf\":{\"@id\":\"https:\\\/\\\/centrourbano.com\\\/revista\\\/#website\"},\"primaryImageOfPage\":{\"@id\":\"https:\\\/\\\/centrourbano.com\\\/revista\\\/inmobiliario\\\/fibra-plus-crecimiento\\\/#primaryimage\"},\"image\":{\"@id\":\"https:\\\/\\\/centrourbano.com\\\/revista\\\/inmobiliario\\\/fibra-plus-crecimiento\\\/#primaryimage\"},\"thumbnailUrl\":\"https:\\\/\\\/centrourbano.com\\\/revista\\\/wp-content\\\/uploads\\\/olllll.jpg\",\"datePublished\":\"2024-05-07T19:32:36+00:00\",\"description\":\"Fibra Plus tambi\u00e9n realiz\u00f3 la adquisici\u00f3n de m\u00e1s de 43 millones de CBFIs de Fibra HD A trav\u00e9s de su reporte del primer trimestre del 2024 (1T24), Fibra\",\"breadcrumb\":{\"@id\":\"https:\\\/\\\/centrourbano.com\\\/revista\\\/inmobiliario\\\/fibra-plus-crecimiento\\\/#breadcrumb\"},\"inLanguage\":\"es\",\"potentialAction\":[{\"@type\":\"ReadAction\",\"target\":[\"https:\\\/\\\/centrourbano.com\\\/revista\\\/inmobiliario\\\/fibra-plus-crecimiento\\\/\"]}]},{\"@type\":\"ImageObject\",\"inLanguage\":\"es\",\"@id\":\"https:\\\/\\\/centrourbano.com\\\/revista\\\/inmobiliario\\\/fibra-plus-crecimiento\\\/#primaryimage\",\"url\":\"https:\\\/\\\/centrourbano.com\\\/revista\\\/wp-content\\\/uploads\\\/olllll.jpg\",\"contentUrl\":\"https:\\\/\\\/centrourbano.com\\\/revista\\\/wp-content\\\/uploads\\\/olllll.jpg\",\"width\":800,\"height\":800,\"caption\":\"Fibra Plus logra crecimiento de 8.3% en ingresos\"},{\"@type\":\"BreadcrumbList\",\"@id\":\"https:\\\/\\\/centrourbano.com\\\/revista\\\/inmobiliario\\\/fibra-plus-crecimiento\\\/#breadcrumb\",\"itemListElement\":[{\"@type\":\"ListItem\",\"position\":1,\"name\":\"Portada\",\"item\":\"https:\\\/\\\/centrourbano.com\\\/revista\\\/\"},{\"@type\":\"ListItem\",\"position\":2,\"name\":\"Fibra Plus logra crecimiento de 8.3% en ingresos\"}]},{\"@type\":\"WebSite\",\"@id\":\"https:\\\/\\\/centrourbano.com\\\/revista\\\/#website\",\"url\":\"https:\\\/\\\/centrourbano.com\\\/revista\\\/\",\"name\":\"Centro Urbano\",\"description\":\"Medio especializado en los sectores vivienda, inmobiliario, construcci\u00f3n, arquitectura y urbanismo.\",\"publisher\":{\"@id\":\"https:\\\/\\\/centrourbano.com\\\/revista\\\/#organization\"},\"potentialAction\":[{\"@type\":\"SearchAction\",\"target\":{\"@type\":\"EntryPoint\",\"urlTemplate\":\"https:\\\/\\\/centrourbano.com\\\/revista\\\/?s={search_term_string}\"},\"query-input\":{\"@type\":\"PropertyValueSpecification\",\"valueRequired\":true,\"valueName\":\"search_term_string\"}}],\"inLanguage\":\"es\"},{\"@type\":\"Organization\",\"@id\":\"https:\\\/\\\/centrourbano.com\\\/revista\\\/#organization\",\"name\":\"Centro Urbano\",\"url\":\"https:\\\/\\\/centrourbano.com\\\/revista\\\/\",\"logo\":{\"@type\":\"ImageObject\",\"inLanguage\":\"es\",\"@id\":\"https:\\\/\\\/centrourbano.com\\\/revista\\\/#\\\/schema\\\/logo\\\/image\\\/\",\"url\":\"https:\\\/\\\/centrourbano.com\\\/revista\\\/wp-content\\\/uploads\\\/web_CU_logo-1.png\",\"contentUrl\":\"https:\\\/\\\/centrourbano.com\\\/revista\\\/wp-content\\\/uploads\\\/web_CU_logo-1.png\",\"width\":350,\"height\":91,\"caption\":\"Centro Urbano\"},\"image\":{\"@id\":\"https:\\\/\\\/centrourbano.com\\\/revista\\\/#\\\/schema\\\/logo\\\/image\\\/\"},\"sameAs\":[\"https:\\\/\\\/www.facebook.com\\\/portalcentrourbano\",\"https:\\\/\\\/x.com\\\/CentroUrbano\",\"https:\\\/\\\/www.instagram.com\\\/centro_urbano\\\/\",\"https:\\\/\\\/www.linkedin.com\\\/company\\\/centro-urbano\\\/\",\"http:\\\/\\\/www.youtube.com\\\/user\\\/portalcentrourbano\"]},{\"@type\":\"Person\",\"@id\":\"https:\\\/\\\/centrourbano.com\\\/revista\\\/#\\\/schema\\\/person\\\/c665f1c60da3ad48cd761a707b7090b0\",\"name\":\"Rebeca Romero\",\"image\":{\"@type\":\"ImageObject\",\"inLanguage\":\"es\",\"@id\":\"https:\\\/\\\/secure.gravatar.com\\\/avatar\\\/aee0068ae3cc041082e0e84a8258fe5ccc00a733f187bde73b0b40d86b892826?s=96&d=mm&r=g\",\"url\":\"https:\\\/\\\/secure.gravatar.com\\\/avatar\\\/aee0068ae3cc041082e0e84a8258fe5ccc00a733f187bde73b0b40d86b892826?s=96&d=mm&r=g\",\"contentUrl\":\"https:\\\/\\\/secure.gravatar.com\\\/avatar\\\/aee0068ae3cc041082e0e84a8258fe5ccc00a733f187bde73b0b40d86b892826?s=96&d=mm&r=g\",\"caption\":\"Rebeca Romero\"},\"url\":\"https:\\\/\\\/centrourbano.com\\\/revista\\\/author\\\/rebeca-romero\\\/\"}]}<\/script>\n<!-- \/ Yoast SEO plugin. -->","yoast_head_json":{"title":"Fibra Plus logra crecimiento de 8.3% en ingresos -","description":"Fibra Plus tambi\u00e9n realiz\u00f3 la adquisici\u00f3n de m\u00e1s de 43 millones de CBFIs de Fibra HD A trav\u00e9s de su reporte del primer trimestre del 2024 (1T24), Fibra","robots":{"index":"index","follow":"follow","max-snippet":"max-snippet:-1","max-image-preview":"max-image-preview:large","max-video-preview":"max-video-preview:-1"},"canonical":"https:\/\/centrourbano.com\/revista\/inmobiliario\/fibra-plus-crecimiento\/","og_locale":"es_ES","og_type":"article","og_title":"Fibra Plus logra crecimiento de 8.3% en ingresos -","og_description":"Fibra Plus tambi\u00e9n realiz\u00f3 la adquisici\u00f3n de m\u00e1s de 43 millones de CBFIs de Fibra HD A trav\u00e9s de su reporte del primer trimestre del 2024 (1T24), Fibra","og_url":"https:\/\/centrourbano.com\/revista\/inmobiliario\/fibra-plus-crecimiento\/","og_site_name":"Centro Urbano","article_publisher":"https:\/\/www.facebook.com\/portalcentrourbano","article_published_time":"2024-05-07T19:32:36+00:00","og_image":[{"width":800,"height":800,"url":"https:\/\/centrourbano.com\/revista\/wp-content\/uploads\/olllll.jpg","type":"image\/jpeg"}],"author":"Rebeca Romero","twitter_card":"summary_large_image","twitter_creator":"@CentroUrbano","twitter_site":"@CentroUrbano","twitter_misc":{"Escrito por":"Rebeca Romero","Tiempo de lectura":"2 minutos"},"schema":{"@context":"https:\/\/schema.org","@graph":[{"@type":"Article","@id":"https:\/\/centrourbano.com\/revista\/inmobiliario\/fibra-plus-crecimiento\/#article","isPartOf":{"@id":"https:\/\/centrourbano.com\/revista\/inmobiliario\/fibra-plus-crecimiento\/"},"author":{"name":"Rebeca Romero","@id":"https:\/\/centrourbano.com\/revista\/#\/schema\/person\/c665f1c60da3ad48cd761a707b7090b0"},"headline":"Fibra Plus logra crecimiento de 8.3% en ingresos","datePublished":"2024-05-07T19:32:36+00:00","mainEntityOfPage":{"@id":"https:\/\/centrourbano.com\/revista\/inmobiliario\/fibra-plus-crecimiento\/"},"wordCount":334,"commentCount":0,"publisher":{"@id":"https:\/\/centrourbano.com\/revista\/#organization"},"image":{"@id":"https:\/\/centrourbano.com\/revista\/inmobiliario\/fibra-plus-crecimiento\/#primaryimage"},"thumbnailUrl":"https:\/\/centrourbano.com\/revista\/wp-content\/uploads\/olllll.jpg","keywords":["\u00c1rea Bruta Rentable","Fibra Plus"],"articleSection":["Inmobiliario"],"inLanguage":"es","potentialAction":[{"@type":"CommentAction","name":"Comment","target":["https:\/\/centrourbano.com\/revista\/inmobiliario\/fibra-plus-crecimiento\/#respond"]}]},{"@type":"WebPage","@id":"https:\/\/centrourbano.com\/revista\/inmobiliario\/fibra-plus-crecimiento\/","url":"https:\/\/centrourbano.com\/revista\/inmobiliario\/fibra-plus-crecimiento\/","name":"Fibra Plus logra crecimiento de 8.3% en ingresos -","isPartOf":{"@id":"https:\/\/centrourbano.com\/revista\/#website"},"primaryImageOfPage":{"@id":"https:\/\/centrourbano.com\/revista\/inmobiliario\/fibra-plus-crecimiento\/#primaryimage"},"image":{"@id":"https:\/\/centrourbano.com\/revista\/inmobiliario\/fibra-plus-crecimiento\/#primaryimage"},"thumbnailUrl":"https:\/\/centrourbano.com\/revista\/wp-content\/uploads\/olllll.jpg","datePublished":"2024-05-07T19:32:36+00:00","description":"Fibra Plus tambi\u00e9n realiz\u00f3 la adquisici\u00f3n de m\u00e1s de 43 millones de CBFIs de Fibra HD A trav\u00e9s de su reporte del primer trimestre del 2024 (1T24), Fibra","breadcrumb":{"@id":"https:\/\/centrourbano.com\/revista\/inmobiliario\/fibra-plus-crecimiento\/#breadcrumb"},"inLanguage":"es","potentialAction":[{"@type":"ReadAction","target":["https:\/\/centrourbano.com\/revista\/inmobiliario\/fibra-plus-crecimiento\/"]}]},{"@type":"ImageObject","inLanguage":"es","@id":"https:\/\/centrourbano.com\/revista\/inmobiliario\/fibra-plus-crecimiento\/#primaryimage","url":"https:\/\/centrourbano.com\/revista\/wp-content\/uploads\/olllll.jpg","contentUrl":"https:\/\/centrourbano.com\/revista\/wp-content\/uploads\/olllll.jpg","width":800,"height":800,"caption":"Fibra Plus logra crecimiento de 8.3% en ingresos"},{"@type":"BreadcrumbList","@id":"https:\/\/centrourbano.com\/revista\/inmobiliario\/fibra-plus-crecimiento\/#breadcrumb","itemListElement":[{"@type":"ListItem","position":1,"name":"Portada","item":"https:\/\/centrourbano.com\/revista\/"},{"@type":"ListItem","position":2,"name":"Fibra Plus logra crecimiento de 8.3% en ingresos"}]},{"@type":"WebSite","@id":"https:\/\/centrourbano.com\/revista\/#website","url":"https:\/\/centrourbano.com\/revista\/","name":"Centro Urbano","description":"Medio especializado en los sectores vivienda, inmobiliario, construcci\u00f3n, arquitectura y urbanismo.","publisher":{"@id":"https:\/\/centrourbano.com\/revista\/#organization"},"potentialAction":[{"@type":"SearchAction","target":{"@type":"EntryPoint","urlTemplate":"https:\/\/centrourbano.com\/revista\/?s={search_term_string}"},"query-input":{"@type":"PropertyValueSpecification","valueRequired":true,"valueName":"search_term_string"}}],"inLanguage":"es"},{"@type":"Organization","@id":"https:\/\/centrourbano.com\/revista\/#organization","name":"Centro Urbano","url":"https:\/\/centrourbano.com\/revista\/","logo":{"@type":"ImageObject","inLanguage":"es","@id":"https:\/\/centrourbano.com\/revista\/#\/schema\/logo\/image\/","url":"https:\/\/centrourbano.com\/revista\/wp-content\/uploads\/web_CU_logo-1.png","contentUrl":"https:\/\/centrourbano.com\/revista\/wp-content\/uploads\/web_CU_logo-1.png","width":350,"height":91,"caption":"Centro Urbano"},"image":{"@id":"https:\/\/centrourbano.com\/revista\/#\/schema\/logo\/image\/"},"sameAs":["https:\/\/www.facebook.com\/portalcentrourbano","https:\/\/x.com\/CentroUrbano","https:\/\/www.instagram.com\/centro_urbano\/","https:\/\/www.linkedin.com\/company\/centro-urbano\/","http:\/\/www.youtube.com\/user\/portalcentrourbano"]},{"@type":"Person","@id":"https:\/\/centrourbano.com\/revista\/#\/schema\/person\/c665f1c60da3ad48cd761a707b7090b0","name":"Rebeca Romero","image":{"@type":"ImageObject","inLanguage":"es","@id":"https:\/\/secure.gravatar.com\/avatar\/aee0068ae3cc041082e0e84a8258fe5ccc00a733f187bde73b0b40d86b892826?s=96&d=mm&r=g","url":"https:\/\/secure.gravatar.com\/avatar\/aee0068ae3cc041082e0e84a8258fe5ccc00a733f187bde73b0b40d86b892826?s=96&d=mm&r=g","contentUrl":"https:\/\/secure.gravatar.com\/avatar\/aee0068ae3cc041082e0e84a8258fe5ccc00a733f187bde73b0b40d86b892826?s=96&d=mm&r=g","caption":"Rebeca Romero"},"url":"https:\/\/centrourbano.com\/revista\/author\/rebeca-romero\/"}]}},"_links":{"self":[{"href":"https:\/\/centrourbano.com\/revista\/wp-json\/wp\/v2\/posts\/147962","targetHints":{"allow":["GET"]}}],"collection":[{"href":"https:\/\/centrourbano.com\/revista\/wp-json\/wp\/v2\/posts"}],"about":[{"href":"https:\/\/centrourbano.com\/revista\/wp-json\/wp\/v2\/types\/post"}],"author":[{"embeddable":true,"href":"https:\/\/centrourbano.com\/revista\/wp-json\/wp\/v2\/users\/88"}],"replies":[{"embeddable":true,"href":"https:\/\/centrourbano.com\/revista\/wp-json\/wp\/v2\/comments?post=147962"}],"version-history":[{"count":1,"href":"https:\/\/centrourbano.com\/revista\/wp-json\/wp\/v2\/posts\/147962\/revisions"}],"predecessor-version":[{"id":147964,"href":"https:\/\/centrourbano.com\/revista\/wp-json\/wp\/v2\/posts\/147962\/revisions\/147964"}],"wp:featuredmedia":[{"embeddable":true,"href":"https:\/\/centrourbano.com\/revista\/wp-json\/wp\/v2\/media\/147963"}],"wp:attachment":[{"href":"https:\/\/centrourbano.com\/revista\/wp-json\/wp\/v2\/media?parent=147962"}],"wp:term":[{"taxonomy":"category","embeddable":true,"href":"https:\/\/centrourbano.com\/revista\/wp-json\/wp\/v2\/categories?post=147962"},{"taxonomy":"post_tag","embeddable":true,"href":"https:\/\/centrourbano.com\/revista\/wp-json\/wp\/v2\/tags?post=147962"}],"curies":[{"name":"wp","href":"https:\/\/api.w.org\/{rel}","templated":true}]}}