{"id":14793,"date":"2015-01-28T15:17:15","date_gmt":"2015-01-28T21:17:15","guid":{"rendered":"http:\/\/centrourbano.com\/?p=14793"},"modified":"2015-01-28T15:17:15","modified_gmt":"2015-01-28T21:17:15","slug":"presentaran-arquitectura-latina-en-el-moma-de-ny","status":"publish","type":"post","link":"https:\/\/centrourbano.com\/revista\/arquitectura-2\/presentaran-arquitectura-latina-en-el-moma-de-ny\/","title":{"rendered":"Presentar\u00e1n arquitectura latina en el MoMA de NY"},"content":{"rendered":"<p>&nbsp;<\/p>\n<p><em>Celebra la \u00faltima vez que esta exposici\u00f3n se present\u00f3 en dicho recinto, en 1955<\/em><!--more--><\/p>\n<p>Cerca de 70 proyectos arquitect\u00f3nicos mexicanos forman parte de la muestra \u201cAm\u00e9rica Latina en la Construcci\u00f3n: Arquitectura 1955-1980\u201d, que se presentar\u00e1 a partir del 29 de marzo en el Museo de Arte Moderno (MoMA) de la ciudad de Nueva York en Estados Unidos, conmemorando el 60 aniversario de su \u00faltima presentaci\u00f3n en este espacio.<\/p>\n<p>La exposici\u00f3n se concentra en el cuarto de siglo posterior, un periodo de cuestionamiento, exploraci\u00f3n y cambios pol\u00edticos complejos en distintos pa\u00edses que forman parte de la muestra: Chile, Argentina, Uruguay, Brasil, Per\u00fa, Colombia, Venezuela, M\u00e9xico, Cuba, Rep\u00fablica Dominicana y Puerto Rico; periodo en el que dichos pa\u00edses construyeron asombrosas obras arquitect\u00f3nicas.<\/p>\n<p>En esta ocasi\u00f3n la muestra contendr\u00e1 500 dibujos y proyectos originales que nunca antes hab\u00edan sido expuestos en conjunto y que raramente son exhibidos, d\u00e1ndoles un lugar en la arquitectura moderna, usualmente dominada por los europeos y norteamericanos.<\/p>\n<p>En la exposici\u00f3n se podr\u00e1n apreciar maquetas y dibujos arquitect\u00f3nicos, fotograf\u00edas cl\u00e1sicas y filmes de la \u00e9poca recolectados durante varios a\u00f1os y tomados de archivos arquitect\u00f3nicos y f\u00edlmicos de universidades y departamentos de arquitectura de toda la regi\u00f3n.<\/p>\n<p>Para esta muestra, se comisionaron maquetas a gran escala de estructuras clave a los talleres de la Universidad Cat\u00f3lica de Chile, as\u00ed como otras de edificios y sus paisajes fabricados por la Universidad de Miami.<\/p>\n<p>Proyectos mexicanos como el Pabell\u00f3n de Eduardo Terrazas para la Trienal de Mil\u00e1n (1968), Ciudad Universitaria de Mario Pani y Enrique del Moral (1947) y el Museo Nacional de Antropolog\u00eda de Pedro Ram\u00edrez V\u00e1zquez (1964), figuran en la muestra.<\/p>\n","protected":false},"excerpt":{"rendered":"<p>&nbsp; Celebra la \u00faltima vez que esta exposici\u00f3n se present\u00f3 en dicho recinto, en 1955<\/p>\n","protected":false},"author":77,"featured_media":14794,"comment_status":"open","ping_status":"closed","sticky":false,"template":"","format":"standard","meta":{"inline_featured_image":false,"footnotes":""},"categories":[81],"tags":[4267,4266,724,728,4268],"class_list":["post-14793","post","type-post","status-publish","format-standard","has-post-thumbnail","hentry","category-arquitectura-2","tag-eua","tag-moma-ny","tag-museo-nacional-de-antropologia","tag-pedro-ramirez-vazquez","tag-presentaran-arquitectura-latina-en-el-moma-de-ny"],"yoast_head":"<!-- This site is optimized with the Yoast SEO plugin v28.4 - https:\/\/yoast.com\/product\/yoast-seo-wordpress\/ -->\n<title>Presentar\u00e1n arquitectura latina en el MoMA de NY -<\/title>\n<meta name=\"description\" content=\"&nbsp; Celebra la \u00faltima vez que esta exposici\u00f3n se present\u00f3 en dicho recinto, en 1955 Cerca de 70 proyectos arquitect\u00f3nicos mexicanos forman parte de la\" \/>\n<meta name=\"robots\" content=\"index, follow, max-snippet:-1, max-image-preview:large, max-video-preview:-1\" \/>\n<link rel=\"canonical\" href=\"https:\/\/centrourbano.com\/revista\/arquitectura-2\/presentaran-arquitectura-latina-en-el-moma-de-ny\/\" \/>\n<meta property=\"og:locale\" content=\"es_ES\" \/>\n<meta property=\"og:type\" content=\"article\" \/>\n<meta property=\"og:title\" content=\"Presentar\u00e1n arquitectura latina en el MoMA de NY -\" \/>\n<meta property=\"og:description\" content=\"&nbsp; Celebra la \u00faltima vez que esta exposici\u00f3n se present\u00f3 en dicho recinto, en 1955 Cerca de 70 proyectos arquitect\u00f3nicos mexicanos forman parte de la\" \/>\n<meta property=\"og:url\" content=\"https:\/\/centrourbano.com\/revista\/arquitectura-2\/presentaran-arquitectura-latina-en-el-moma-de-ny\/\" \/>\n<meta property=\"og:site_name\" content=\"Centro Urbano\" \/>\n<meta property=\"article:publisher\" content=\"https:\/\/www.facebook.com\/portalcentrourbano\" \/>\n<meta property=\"article:published_time\" content=\"2015-01-28T21:17:15+00:00\" \/>\n<meta property=\"og:image\" content=\"https:\/\/centrourbano.com\/revista\/wp-content\/uploads\/rectoria-unam.jpg\" \/>\n\t<meta property=\"og:image:width\" content=\"640\" \/>\n\t<meta property=\"og:image:height\" content=\"465\" \/>\n\t<meta property=\"og:image:type\" content=\"image\/jpeg\" \/>\n<meta name=\"author\" content=\"G4A\" \/>\n<meta name=\"twitter:card\" content=\"summary_large_image\" \/>\n<meta name=\"twitter:creator\" content=\"@CentroUrbano\" \/>\n<meta name=\"twitter:site\" content=\"@CentroUrbano\" \/>\n<meta name=\"twitter:label1\" content=\"Escrito por\" \/>\n\t<meta name=\"twitter:data1\" content=\"G4A\" \/>\n\t<meta name=\"twitter:label2\" content=\"Tiempo de lectura\" \/>\n\t<meta name=\"twitter:data2\" content=\"1 minuto\" \/>\n<script type=\"application\/ld+json\" class=\"yoast-schema-graph\">{\"@context\":\"https:\\\/\\\/schema.org\",\"@graph\":[{\"@type\":\"Article\",\"@id\":\"https:\\\/\\\/centrourbano.com\\\/revista\\\/arquitectura-2\\\/presentaran-arquitectura-latina-en-el-moma-de-ny\\\/#article\",\"isPartOf\":{\"@id\":\"https:\\\/\\\/centrourbano.com\\\/revista\\\/arquitectura-2\\\/presentaran-arquitectura-latina-en-el-moma-de-ny\\\/\"},\"author\":{\"name\":\"G4A\",\"@id\":\"https:\\\/\\\/centrourbano.com\\\/revista\\\/#\\\/schema\\\/person\\\/370fa0ba2d8dd5bde3fdb8b62ad360aa\"},\"headline\":\"Presentar\u00e1n arquitectura latina en el MoMA de NY\",\"datePublished\":\"2015-01-28T21:17:15+00:00\",\"mainEntityOfPage\":{\"@id\":\"https:\\\/\\\/centrourbano.com\\\/revista\\\/arquitectura-2\\\/presentaran-arquitectura-latina-en-el-moma-de-ny\\\/\"},\"wordCount\":303,\"commentCount\":0,\"publisher\":{\"@id\":\"https:\\\/\\\/centrourbano.com\\\/revista\\\/#organization\"},\"image\":{\"@id\":\"https:\\\/\\\/centrourbano.com\\\/revista\\\/arquitectura-2\\\/presentaran-arquitectura-latina-en-el-moma-de-ny\\\/#primaryimage\"},\"thumbnailUrl\":\"https:\\\/\\\/centrourbano.com\\\/revista\\\/wp-content\\\/uploads\\\/rectoria-unam.jpg\",\"keywords\":[\"EUA\",\"MoMA NY\",\"Museo Nacional de Antropolog\u00eda\",\"Pedro Ram\u00edrez V\u00e1zquez\",\"Presentar\u00e1n arquitectura latina en el MoMA de NY\"],\"articleSection\":[\"Arquitectura\"],\"inLanguage\":\"es\"},{\"@type\":\"WebPage\",\"@id\":\"https:\\\/\\\/centrourbano.com\\\/revista\\\/arquitectura-2\\\/presentaran-arquitectura-latina-en-el-moma-de-ny\\\/\",\"url\":\"https:\\\/\\\/centrourbano.com\\\/revista\\\/arquitectura-2\\\/presentaran-arquitectura-latina-en-el-moma-de-ny\\\/\",\"name\":\"Presentar\u00e1n arquitectura latina en el MoMA de NY -\",\"isPartOf\":{\"@id\":\"https:\\\/\\\/centrourbano.com\\\/revista\\\/#website\"},\"primaryImageOfPage\":{\"@id\":\"https:\\\/\\\/centrourbano.com\\\/revista\\\/arquitectura-2\\\/presentaran-arquitectura-latina-en-el-moma-de-ny\\\/#primaryimage\"},\"image\":{\"@id\":\"https:\\\/\\\/centrourbano.com\\\/revista\\\/arquitectura-2\\\/presentaran-arquitectura-latina-en-el-moma-de-ny\\\/#primaryimage\"},\"thumbnailUrl\":\"https:\\\/\\\/centrourbano.com\\\/revista\\\/wp-content\\\/uploads\\\/rectoria-unam.jpg\",\"datePublished\":\"2015-01-28T21:17:15+00:00\",\"description\":\"&nbsp; Celebra la \u00faltima vez que esta exposici\u00f3n se present\u00f3 en dicho recinto, en 1955 Cerca de 70 proyectos arquitect\u00f3nicos mexicanos forman parte de la\",\"breadcrumb\":{\"@id\":\"https:\\\/\\\/centrourbano.com\\\/revista\\\/arquitectura-2\\\/presentaran-arquitectura-latina-en-el-moma-de-ny\\\/#breadcrumb\"},\"inLanguage\":\"es\",\"potentialAction\":[{\"@type\":\"ReadAction\",\"target\":[\"https:\\\/\\\/centrourbano.com\\\/revista\\\/arquitectura-2\\\/presentaran-arquitectura-latina-en-el-moma-de-ny\\\/\"]}]},{\"@type\":\"ImageObject\",\"inLanguage\":\"es\",\"@id\":\"https:\\\/\\\/centrourbano.com\\\/revista\\\/arquitectura-2\\\/presentaran-arquitectura-latina-en-el-moma-de-ny\\\/#primaryimage\",\"url\":\"https:\\\/\\\/centrourbano.com\\\/revista\\\/wp-content\\\/uploads\\\/rectoria-unam.jpg\",\"contentUrl\":\"https:\\\/\\\/centrourbano.com\\\/revista\\\/wp-content\\\/uploads\\\/rectoria-unam.jpg\",\"width\":640,\"height\":465},{\"@type\":\"BreadcrumbList\",\"@id\":\"https:\\\/\\\/centrourbano.com\\\/revista\\\/arquitectura-2\\\/presentaran-arquitectura-latina-en-el-moma-de-ny\\\/#breadcrumb\",\"itemListElement\":[{\"@type\":\"ListItem\",\"position\":1,\"name\":\"Portada\",\"item\":\"https:\\\/\\\/centrourbano.com\\\/revista\\\/\"},{\"@type\":\"ListItem\",\"position\":2,\"name\":\"Presentar\u00e1n arquitectura latina en el MoMA de NY\"}]},{\"@type\":\"WebSite\",\"@id\":\"https:\\\/\\\/centrourbano.com\\\/revista\\\/#website\",\"url\":\"https:\\\/\\\/centrourbano.com\\\/revista\\\/\",\"name\":\"Centro Urbano\",\"description\":\"Medio especializado en los sectores vivienda, inmobiliario, construcci\u00f3n, arquitectura y urbanismo.\",\"publisher\":{\"@id\":\"https:\\\/\\\/centrourbano.com\\\/revista\\\/#organization\"},\"potentialAction\":[{\"@type\":\"SearchAction\",\"target\":{\"@type\":\"EntryPoint\",\"urlTemplate\":\"https:\\\/\\\/centrourbano.com\\\/revista\\\/?s={search_term_string}\"},\"query-input\":{\"@type\":\"PropertyValueSpecification\",\"valueRequired\":true,\"valueName\":\"search_term_string\"}}],\"inLanguage\":\"es\"},{\"@type\":\"Organization\",\"@id\":\"https:\\\/\\\/centrourbano.com\\\/revista\\\/#organization\",\"name\":\"Centro Urbano\",\"url\":\"https:\\\/\\\/centrourbano.com\\\/revista\\\/\",\"logo\":{\"@type\":\"ImageObject\",\"inLanguage\":\"es\",\"@id\":\"https:\\\/\\\/centrourbano.com\\\/revista\\\/#\\\/schema\\\/logo\\\/image\\\/\",\"url\":\"https:\\\/\\\/centrourbano.com\\\/revista\\\/wp-content\\\/uploads\\\/web_CU_logo-1.png\",\"contentUrl\":\"https:\\\/\\\/centrourbano.com\\\/revista\\\/wp-content\\\/uploads\\\/web_CU_logo-1.png\",\"width\":350,\"height\":91,\"caption\":\"Centro Urbano\"},\"image\":{\"@id\":\"https:\\\/\\\/centrourbano.com\\\/revista\\\/#\\\/schema\\\/logo\\\/image\\\/\"},\"sameAs\":[\"https:\\\/\\\/www.facebook.com\\\/portalcentrourbano\",\"https:\\\/\\\/x.com\\\/CentroUrbano\",\"https:\\\/\\\/www.instagram.com\\\/centro_urbano\\\/\",\"https:\\\/\\\/www.linkedin.com\\\/company\\\/centro-urbano\\\/\",\"http:\\\/\\\/www.youtube.com\\\/user\\\/portalcentrourbano\"]},{\"@type\":\"Person\",\"@id\":\"https:\\\/\\\/centrourbano.com\\\/revista\\\/#\\\/schema\\\/person\\\/370fa0ba2d8dd5bde3fdb8b62ad360aa\",\"name\":\"G4A\",\"image\":{\"@type\":\"ImageObject\",\"inLanguage\":\"es\",\"@id\":\"https:\\\/\\\/secure.gravatar.com\\\/avatar\\\/932a97121b13d5de5bbd8193c6c83d3b92c9eda0f39623607d4280e7a5778d97?s=96&d=mm&r=g\",\"url\":\"https:\\\/\\\/secure.gravatar.com\\\/avatar\\\/932a97121b13d5de5bbd8193c6c83d3b92c9eda0f39623607d4280e7a5778d97?s=96&d=mm&r=g\",\"contentUrl\":\"https:\\\/\\\/secure.gravatar.com\\\/avatar\\\/932a97121b13d5de5bbd8193c6c83d3b92c9eda0f39623607d4280e7a5778d97?s=96&d=mm&r=g\",\"caption\":\"G4A\"},\"url\":\"https:\\\/\\\/centrourbano.com\\\/revista\\\/author\\\/admin-g4a\\\/\"}]}<\/script>\n<!-- \/ Yoast SEO plugin. -->","yoast_head_json":{"title":"Presentar\u00e1n arquitectura latina en el MoMA de NY -","description":"&nbsp; Celebra la \u00faltima vez que esta exposici\u00f3n se present\u00f3 en dicho recinto, en 1955 Cerca de 70 proyectos arquitect\u00f3nicos mexicanos forman parte de la","robots":{"index":"index","follow":"follow","max-snippet":"max-snippet:-1","max-image-preview":"max-image-preview:large","max-video-preview":"max-video-preview:-1"},"canonical":"https:\/\/centrourbano.com\/revista\/arquitectura-2\/presentaran-arquitectura-latina-en-el-moma-de-ny\/","og_locale":"es_ES","og_type":"article","og_title":"Presentar\u00e1n arquitectura latina en el MoMA de NY -","og_description":"&nbsp; Celebra la \u00faltima vez que esta exposici\u00f3n se present\u00f3 en dicho recinto, en 1955 Cerca de 70 proyectos arquitect\u00f3nicos mexicanos forman parte de la","og_url":"https:\/\/centrourbano.com\/revista\/arquitectura-2\/presentaran-arquitectura-latina-en-el-moma-de-ny\/","og_site_name":"Centro Urbano","article_publisher":"https:\/\/www.facebook.com\/portalcentrourbano","article_published_time":"2015-01-28T21:17:15+00:00","og_image":[{"width":640,"height":465,"url":"https:\/\/centrourbano.com\/revista\/wp-content\/uploads\/rectoria-unam.jpg","type":"image\/jpeg"}],"author":"G4A","twitter_card":"summary_large_image","twitter_creator":"@CentroUrbano","twitter_site":"@CentroUrbano","twitter_misc":{"Escrito por":"G4A","Tiempo de lectura":"1 minuto"},"schema":{"@context":"https:\/\/schema.org","@graph":[{"@type":"Article","@id":"https:\/\/centrourbano.com\/revista\/arquitectura-2\/presentaran-arquitectura-latina-en-el-moma-de-ny\/#article","isPartOf":{"@id":"https:\/\/centrourbano.com\/revista\/arquitectura-2\/presentaran-arquitectura-latina-en-el-moma-de-ny\/"},"author":{"name":"G4A","@id":"https:\/\/centrourbano.com\/revista\/#\/schema\/person\/370fa0ba2d8dd5bde3fdb8b62ad360aa"},"headline":"Presentar\u00e1n arquitectura latina en el MoMA de NY","datePublished":"2015-01-28T21:17:15+00:00","mainEntityOfPage":{"@id":"https:\/\/centrourbano.com\/revista\/arquitectura-2\/presentaran-arquitectura-latina-en-el-moma-de-ny\/"},"wordCount":303,"commentCount":0,"publisher":{"@id":"https:\/\/centrourbano.com\/revista\/#organization"},"image":{"@id":"https:\/\/centrourbano.com\/revista\/arquitectura-2\/presentaran-arquitectura-latina-en-el-moma-de-ny\/#primaryimage"},"thumbnailUrl":"https:\/\/centrourbano.com\/revista\/wp-content\/uploads\/rectoria-unam.jpg","keywords":["EUA","MoMA NY","Museo Nacional de Antropolog\u00eda","Pedro Ram\u00edrez V\u00e1zquez","Presentar\u00e1n arquitectura latina en el MoMA de NY"],"articleSection":["Arquitectura"],"inLanguage":"es"},{"@type":"WebPage","@id":"https:\/\/centrourbano.com\/revista\/arquitectura-2\/presentaran-arquitectura-latina-en-el-moma-de-ny\/","url":"https:\/\/centrourbano.com\/revista\/arquitectura-2\/presentaran-arquitectura-latina-en-el-moma-de-ny\/","name":"Presentar\u00e1n arquitectura latina en el MoMA de NY -","isPartOf":{"@id":"https:\/\/centrourbano.com\/revista\/#website"},"primaryImageOfPage":{"@id":"https:\/\/centrourbano.com\/revista\/arquitectura-2\/presentaran-arquitectura-latina-en-el-moma-de-ny\/#primaryimage"},"image":{"@id":"https:\/\/centrourbano.com\/revista\/arquitectura-2\/presentaran-arquitectura-latina-en-el-moma-de-ny\/#primaryimage"},"thumbnailUrl":"https:\/\/centrourbano.com\/revista\/wp-content\/uploads\/rectoria-unam.jpg","datePublished":"2015-01-28T21:17:15+00:00","description":"&nbsp; Celebra la \u00faltima vez que esta exposici\u00f3n se present\u00f3 en dicho recinto, en 1955 Cerca de 70 proyectos arquitect\u00f3nicos mexicanos forman parte de la","breadcrumb":{"@id":"https:\/\/centrourbano.com\/revista\/arquitectura-2\/presentaran-arquitectura-latina-en-el-moma-de-ny\/#breadcrumb"},"inLanguage":"es","potentialAction":[{"@type":"ReadAction","target":["https:\/\/centrourbano.com\/revista\/arquitectura-2\/presentaran-arquitectura-latina-en-el-moma-de-ny\/"]}]},{"@type":"ImageObject","inLanguage":"es","@id":"https:\/\/centrourbano.com\/revista\/arquitectura-2\/presentaran-arquitectura-latina-en-el-moma-de-ny\/#primaryimage","url":"https:\/\/centrourbano.com\/revista\/wp-content\/uploads\/rectoria-unam.jpg","contentUrl":"https:\/\/centrourbano.com\/revista\/wp-content\/uploads\/rectoria-unam.jpg","width":640,"height":465},{"@type":"BreadcrumbList","@id":"https:\/\/centrourbano.com\/revista\/arquitectura-2\/presentaran-arquitectura-latina-en-el-moma-de-ny\/#breadcrumb","itemListElement":[{"@type":"ListItem","position":1,"name":"Portada","item":"https:\/\/centrourbano.com\/revista\/"},{"@type":"ListItem","position":2,"name":"Presentar\u00e1n arquitectura latina en el MoMA de NY"}]},{"@type":"WebSite","@id":"https:\/\/centrourbano.com\/revista\/#website","url":"https:\/\/centrourbano.com\/revista\/","name":"Centro Urbano","description":"Medio especializado en los sectores vivienda, inmobiliario, construcci\u00f3n, arquitectura y urbanismo.","publisher":{"@id":"https:\/\/centrourbano.com\/revista\/#organization"},"potentialAction":[{"@type":"SearchAction","target":{"@type":"EntryPoint","urlTemplate":"https:\/\/centrourbano.com\/revista\/?s={search_term_string}"},"query-input":{"@type":"PropertyValueSpecification","valueRequired":true,"valueName":"search_term_string"}}],"inLanguage":"es"},{"@type":"Organization","@id":"https:\/\/centrourbano.com\/revista\/#organization","name":"Centro Urbano","url":"https:\/\/centrourbano.com\/revista\/","logo":{"@type":"ImageObject","inLanguage":"es","@id":"https:\/\/centrourbano.com\/revista\/#\/schema\/logo\/image\/","url":"https:\/\/centrourbano.com\/revista\/wp-content\/uploads\/web_CU_logo-1.png","contentUrl":"https:\/\/centrourbano.com\/revista\/wp-content\/uploads\/web_CU_logo-1.png","width":350,"height":91,"caption":"Centro Urbano"},"image":{"@id":"https:\/\/centrourbano.com\/revista\/#\/schema\/logo\/image\/"},"sameAs":["https:\/\/www.facebook.com\/portalcentrourbano","https:\/\/x.com\/CentroUrbano","https:\/\/www.instagram.com\/centro_urbano\/","https:\/\/www.linkedin.com\/company\/centro-urbano\/","http:\/\/www.youtube.com\/user\/portalcentrourbano"]},{"@type":"Person","@id":"https:\/\/centrourbano.com\/revista\/#\/schema\/person\/370fa0ba2d8dd5bde3fdb8b62ad360aa","name":"G4A","image":{"@type":"ImageObject","inLanguage":"es","@id":"https:\/\/secure.gravatar.com\/avatar\/932a97121b13d5de5bbd8193c6c83d3b92c9eda0f39623607d4280e7a5778d97?s=96&d=mm&r=g","url":"https:\/\/secure.gravatar.com\/avatar\/932a97121b13d5de5bbd8193c6c83d3b92c9eda0f39623607d4280e7a5778d97?s=96&d=mm&r=g","contentUrl":"https:\/\/secure.gravatar.com\/avatar\/932a97121b13d5de5bbd8193c6c83d3b92c9eda0f39623607d4280e7a5778d97?s=96&d=mm&r=g","caption":"G4A"},"url":"https:\/\/centrourbano.com\/revista\/author\/admin-g4a\/"}]}},"_links":{"self":[{"href":"https:\/\/centrourbano.com\/revista\/wp-json\/wp\/v2\/posts\/14793","targetHints":{"allow":["GET"]}}],"collection":[{"href":"https:\/\/centrourbano.com\/revista\/wp-json\/wp\/v2\/posts"}],"about":[{"href":"https:\/\/centrourbano.com\/revista\/wp-json\/wp\/v2\/types\/post"}],"author":[{"embeddable":true,"href":"https:\/\/centrourbano.com\/revista\/wp-json\/wp\/v2\/users\/77"}],"replies":[{"embeddable":true,"href":"https:\/\/centrourbano.com\/revista\/wp-json\/wp\/v2\/comments?post=14793"}],"version-history":[{"count":0,"href":"https:\/\/centrourbano.com\/revista\/wp-json\/wp\/v2\/posts\/14793\/revisions"}],"wp:featuredmedia":[{"embeddable":true,"href":"https:\/\/centrourbano.com\/revista\/wp-json\/wp\/v2\/media\/14794"}],"wp:attachment":[{"href":"https:\/\/centrourbano.com\/revista\/wp-json\/wp\/v2\/media?parent=14793"}],"wp:term":[{"taxonomy":"category","embeddable":true,"href":"https:\/\/centrourbano.com\/revista\/wp-json\/wp\/v2\/categories?post=14793"},{"taxonomy":"post_tag","embeddable":true,"href":"https:\/\/centrourbano.com\/revista\/wp-json\/wp\/v2\/tags?post=14793"}],"curies":[{"name":"wp","href":"https:\/\/api.w.org\/{rel}","templated":true}]}}