{"id":147887,"date":"2024-05-03T08:00:34","date_gmt":"2024-05-03T14:00:34","guid":{"rendered":"https:\/\/centrourbano.com\/revista\/?p=147887"},"modified":"2024-05-03T13:45:39","modified_gmt":"2024-05-03T19:45:39","slug":"42-anos-fonhapo-operaciones","status":"publish","type":"post","link":"https:\/\/centrourbano.com\/revista\/vivienda\/42-anos-fonhapo-operaciones\/","title":{"rendered":"Tras 42 a\u00f1os, Fonhapo concluye sus operaciones"},"content":{"rendered":"<p><em>Ahora, ser\u00e1n el Indep y el Insus los encargados de atender los asuntos remanentes de la cartera que administraba el Fonhapo<\/em><!--more--><\/p>\n<p>Este 30 de abril, el <a href=\"https:\/\/centrourbano.com\/revista\/vivienda\/sedatu-extincion-fonhapo\/\" target=\"_blank\" rel=\"noopener\"><strong>Fondo Nacional de Habitaciones Populares<\/strong><\/a> (<strong>Fonhapo<\/strong>) concluy\u00f3 sus operaciones tras 42 a\u00f1os de trabajo en los que brind\u00f3 apoyo a 12 millones de personas con el <strong>otorgamiento de cr\u00e9ditos<\/strong>, <strong>garant\u00edas<\/strong> y <strong>subsidios para vivienda<\/strong>; esto con el fin de evitar la duplicidad de programas de vivienda.<\/p>\n<p>De acuerdo con la <strong>Secretar\u00eda de Desarrollo Agrario, Territorial y Urbano<\/strong> (<a href=\"https:\/\/twitter.com\/SEDATU_mx\" target=\"_blank\" rel=\"noopener\"><strong>Sedatu<\/strong><\/a>), a partir de ahora ser\u00e1n los <strong>Institutos para Devolver al Pueblo lo Robado<\/strong> (<strong>Indep<\/strong>) y <strong>Nacional del Suelo Sustentable<\/strong> (<strong>Insus<\/strong>) los encargados de atender los asuntos remanentes de la cartera que administraba el <strong>Fonhapo<\/strong>.<\/p>\n<p>\u201cQue est\u00e9n todos aqu\u00ed en el cierre de <strong>Fonhapo<\/strong> es muestra de que han sido un equipo fuerte. Las instituciones se pueden crear f\u00e1cilmente, pero cerrarlas como est\u00e1n haciendo ustedes hoy, en tiempo y forma, con todo en orden, no es sencillo\u201d, expres\u00f3 <strong>Rom\u00e1n Meyer Falc\u00f3n, titular de la Sedatu<\/strong>, durante un recorrido por las instalaciones del Fondo para despedir y agradecer a las y los trabajadores.<\/p>\n<p>Asimismo, el funcionario record\u00f3 que, como lo instruy\u00f3 el presidente Andr\u00e9s Manuel L\u00f3pez Obrador en 2019, se hizo un trabajo t\u00e9cnico detallado para poner fin a <strong>Fonhapo<\/strong>, y, durante estos a\u00f1os, se entregaron <strong>15,000 escrituras<\/strong>, m\u00e1s de lo que se escritur\u00f3 en los dos sexenios anteriores.<\/p>\n<p>De igual manera, destac\u00f3 que se atendi\u00f3 el <strong>rezago en regularizaci\u00f3n<\/strong> y se oper\u00f3 el proceso de liquidaci\u00f3n para la extinci\u00f3n del fideicomiso.<\/p>\n<p>Finalmente, <strong>Meyer<\/strong> report\u00f3 que, de 1982 a 2021, el <strong>Fonhapo<\/strong> otorg\u00f3 646,110 <strong>cr\u00e9ditos<\/strong> a personas de bajos recursos; 2.3 millones de <strong>subsidios<\/strong> entre 2003 y 2018, en su mayor\u00eda a comunidades ind\u00edgenas de alta y muy alta marginaci\u00f3n; as\u00ed como 9,761 <strong>garant\u00edas<\/strong>. Con ello, se benefici\u00f3 a poblaci\u00f3n que no tiene afiliaci\u00f3n a organismos de vivienda.<\/p>\n","protected":false},"excerpt":{"rendered":"<p>Ahora, ser\u00e1n el Indep y el Insus los encargados de atender los asuntos remanentes de la cartera que administraba el Fonhapo<\/p>\n","protected":false},"author":73,"featured_media":147889,"comment_status":"open","ping_status":"closed","sticky":false,"template":"","format":"standard","meta":{"om_disable_all_campaigns":false,"inline_featured_image":false,"_monsterinsights_skip_tracking":false,"_monsterinsights_sitenote_active":false,"_monsterinsights_sitenote_note":"","_monsterinsights_sitenote_category":0,"footnotes":""},"categories":[12],"tags":[322,22936,3499,105,60],"class_list":["post-147887","post","type-post","status-publish","format-standard","has-post-thumbnail","hentry","category-vivienda","tag-fonhapo","tag-indep","tag-insus","tag-sedatu","tag-vivienda-2"],"yoast_head":"<!-- This site is optimized with the Yoast SEO plugin v27.4 - https:\/\/yoast.com\/product\/yoast-seo-wordpress\/ -->\n<title>Tras 42 a\u00f1os, Fonhapo concluye sus operaciones -<\/title>\n<meta name=\"description\" content=\"Ahora, ser\u00e1n el Indep y el Insus los encargados de atender los asuntos remanentes de la cartera que administraba el Fonhapo Este 30 de abril, el Fondo\" \/>\n<meta name=\"robots\" content=\"index, follow, max-snippet:-1, max-image-preview:large, max-video-preview:-1\" \/>\n<link rel=\"canonical\" href=\"https:\/\/centrourbano.com\/revista\/vivienda\/42-anos-fonhapo-operaciones\/\" \/>\n<meta property=\"og:locale\" content=\"es_ES\" \/>\n<meta property=\"og:type\" content=\"article\" \/>\n<meta property=\"og:title\" content=\"Tras 42 a\u00f1os, Fonhapo concluye sus operaciones -\" \/>\n<meta property=\"og:description\" content=\"Ahora, ser\u00e1n el Indep y el Insus los encargados de atender los asuntos remanentes de la cartera que administraba el Fonhapo Este 30 de abril, el Fondo\" \/>\n<meta property=\"og:url\" content=\"https:\/\/centrourbano.com\/revista\/vivienda\/42-anos-fonhapo-operaciones\/\" \/>\n<meta property=\"og:site_name\" content=\"Centro Urbano\" \/>\n<meta property=\"article:publisher\" content=\"https:\/\/www.facebook.com\/portalcentrourbano\" \/>\n<meta property=\"article:published_time\" content=\"2024-05-03T14:00:34+00:00\" \/>\n<meta property=\"article:modified_time\" content=\"2024-05-03T19:45:39+00:00\" \/>\n<meta property=\"og:image\" content=\"https:\/\/centrourbano.com\/revista\/wp-content\/uploads\/Captura-de-pantalla-2024-05-02-a-las-15.07.05.png\" \/>\n\t<meta property=\"og:image:width\" content=\"916\" \/>\n\t<meta property=\"og:image:height\" content=\"849\" \/>\n\t<meta property=\"og:image:type\" content=\"image\/png\" \/>\n<meta name=\"author\" content=\"Fernanda Hern\u00e1ndez\" \/>\n<meta name=\"twitter:card\" content=\"summary_large_image\" \/>\n<meta name=\"twitter:creator\" content=\"@https:\/\/twitter.com\/Nannz_Hernandez\" \/>\n<meta name=\"twitter:site\" content=\"@CentroUrbano\" \/>\n<meta name=\"twitter:label1\" content=\"Escrito por\" \/>\n\t<meta name=\"twitter:data1\" content=\"Fernanda Hern\u00e1ndez\" \/>\n\t<meta name=\"twitter:label2\" content=\"Tiempo de lectura\" \/>\n\t<meta name=\"twitter:data2\" content=\"2 minutos\" \/>\n<script type=\"application\/ld+json\" class=\"yoast-schema-graph\">{\"@context\":\"https:\\\/\\\/schema.org\",\"@graph\":[{\"@type\":\"Article\",\"@id\":\"https:\\\/\\\/centrourbano.com\\\/revista\\\/vivienda\\\/42-anos-fonhapo-operaciones\\\/#article\",\"isPartOf\":{\"@id\":\"https:\\\/\\\/centrourbano.com\\\/revista\\\/vivienda\\\/42-anos-fonhapo-operaciones\\\/\"},\"author\":{\"name\":\"Fernanda Hern\u00e1ndez\",\"@id\":\"https:\\\/\\\/centrourbano.com\\\/revista\\\/#\\\/schema\\\/person\\\/b190b20bbbceb41ec72278c546fa8df3\"},\"headline\":\"Tras 42 a\u00f1os, Fonhapo concluye sus operaciones\",\"datePublished\":\"2024-05-03T14:00:34+00:00\",\"dateModified\":\"2024-05-03T19:45:39+00:00\",\"mainEntityOfPage\":{\"@id\":\"https:\\\/\\\/centrourbano.com\\\/revista\\\/vivienda\\\/42-anos-fonhapo-operaciones\\\/\"},\"wordCount\":331,\"commentCount\":0,\"publisher\":{\"@id\":\"https:\\\/\\\/centrourbano.com\\\/revista\\\/#organization\"},\"image\":{\"@id\":\"https:\\\/\\\/centrourbano.com\\\/revista\\\/vivienda\\\/42-anos-fonhapo-operaciones\\\/#primaryimage\"},\"thumbnailUrl\":\"https:\\\/\\\/centrourbano.com\\\/revista\\\/wp-content\\\/uploads\\\/Captura-de-pantalla-2024-05-02-a-las-15.07.05.png\",\"keywords\":[\"Fonhapo\",\"Indep\",\"INSUS\",\"Sedatu\",\"vivienda\"],\"articleSection\":[\"Vivienda\"],\"inLanguage\":\"es\",\"potentialAction\":[{\"@type\":\"CommentAction\",\"name\":\"Comment\",\"target\":[\"https:\\\/\\\/centrourbano.com\\\/revista\\\/vivienda\\\/42-anos-fonhapo-operaciones\\\/#respond\"]}]},{\"@type\":\"WebPage\",\"@id\":\"https:\\\/\\\/centrourbano.com\\\/revista\\\/vivienda\\\/42-anos-fonhapo-operaciones\\\/\",\"url\":\"https:\\\/\\\/centrourbano.com\\\/revista\\\/vivienda\\\/42-anos-fonhapo-operaciones\\\/\",\"name\":\"Tras 42 a\u00f1os, Fonhapo concluye sus operaciones -\",\"isPartOf\":{\"@id\":\"https:\\\/\\\/centrourbano.com\\\/revista\\\/#website\"},\"primaryImageOfPage\":{\"@id\":\"https:\\\/\\\/centrourbano.com\\\/revista\\\/vivienda\\\/42-anos-fonhapo-operaciones\\\/#primaryimage\"},\"image\":{\"@id\":\"https:\\\/\\\/centrourbano.com\\\/revista\\\/vivienda\\\/42-anos-fonhapo-operaciones\\\/#primaryimage\"},\"thumbnailUrl\":\"https:\\\/\\\/centrourbano.com\\\/revista\\\/wp-content\\\/uploads\\\/Captura-de-pantalla-2024-05-02-a-las-15.07.05.png\",\"datePublished\":\"2024-05-03T14:00:34+00:00\",\"dateModified\":\"2024-05-03T19:45:39+00:00\",\"description\":\"Ahora, ser\u00e1n el Indep y el Insus los encargados de atender los asuntos remanentes de la cartera que administraba el Fonhapo Este 30 de abril, el Fondo\",\"breadcrumb\":{\"@id\":\"https:\\\/\\\/centrourbano.com\\\/revista\\\/vivienda\\\/42-anos-fonhapo-operaciones\\\/#breadcrumb\"},\"inLanguage\":\"es\",\"potentialAction\":[{\"@type\":\"ReadAction\",\"target\":[\"https:\\\/\\\/centrourbano.com\\\/revista\\\/vivienda\\\/42-anos-fonhapo-operaciones\\\/\"]}]},{\"@type\":\"ImageObject\",\"inLanguage\":\"es\",\"@id\":\"https:\\\/\\\/centrourbano.com\\\/revista\\\/vivienda\\\/42-anos-fonhapo-operaciones\\\/#primaryimage\",\"url\":\"https:\\\/\\\/centrourbano.com\\\/revista\\\/wp-content\\\/uploads\\\/Captura-de-pantalla-2024-05-02-a-las-15.07.05.png\",\"contentUrl\":\"https:\\\/\\\/centrourbano.com\\\/revista\\\/wp-content\\\/uploads\\\/Captura-de-pantalla-2024-05-02-a-las-15.07.05.png\",\"width\":916,\"height\":849,\"caption\":\"Tras 42 a\u00f1os, Fonhapo concluye sus operaciones\"},{\"@type\":\"BreadcrumbList\",\"@id\":\"https:\\\/\\\/centrourbano.com\\\/revista\\\/vivienda\\\/42-anos-fonhapo-operaciones\\\/#breadcrumb\",\"itemListElement\":[{\"@type\":\"ListItem\",\"position\":1,\"name\":\"Portada\",\"item\":\"https:\\\/\\\/centrourbano.com\\\/revista\\\/\"},{\"@type\":\"ListItem\",\"position\":2,\"name\":\"Tras 42 a\u00f1os, Fonhapo concluye sus operaciones\"}]},{\"@type\":\"WebSite\",\"@id\":\"https:\\\/\\\/centrourbano.com\\\/revista\\\/#website\",\"url\":\"https:\\\/\\\/centrourbano.com\\\/revista\\\/\",\"name\":\"Centro Urbano\",\"description\":\"Medio especializado en los sectores vivienda, inmobiliario, construcci\u00f3n, arquitectura y urbanismo.\",\"publisher\":{\"@id\":\"https:\\\/\\\/centrourbano.com\\\/revista\\\/#organization\"},\"potentialAction\":[{\"@type\":\"SearchAction\",\"target\":{\"@type\":\"EntryPoint\",\"urlTemplate\":\"https:\\\/\\\/centrourbano.com\\\/revista\\\/?s={search_term_string}\"},\"query-input\":{\"@type\":\"PropertyValueSpecification\",\"valueRequired\":true,\"valueName\":\"search_term_string\"}}],\"inLanguage\":\"es\"},{\"@type\":\"Organization\",\"@id\":\"https:\\\/\\\/centrourbano.com\\\/revista\\\/#organization\",\"name\":\"Centro Urbano\",\"url\":\"https:\\\/\\\/centrourbano.com\\\/revista\\\/\",\"logo\":{\"@type\":\"ImageObject\",\"inLanguage\":\"es\",\"@id\":\"https:\\\/\\\/centrourbano.com\\\/revista\\\/#\\\/schema\\\/logo\\\/image\\\/\",\"url\":\"https:\\\/\\\/centrourbano.com\\\/revista\\\/wp-content\\\/uploads\\\/web_CU_logo-1.png\",\"contentUrl\":\"https:\\\/\\\/centrourbano.com\\\/revista\\\/wp-content\\\/uploads\\\/web_CU_logo-1.png\",\"width\":350,\"height\":91,\"caption\":\"Centro Urbano\"},\"image\":{\"@id\":\"https:\\\/\\\/centrourbano.com\\\/revista\\\/#\\\/schema\\\/logo\\\/image\\\/\"},\"sameAs\":[\"https:\\\/\\\/www.facebook.com\\\/portalcentrourbano\",\"https:\\\/\\\/x.com\\\/CentroUrbano\",\"https:\\\/\\\/www.instagram.com\\\/centro_urbano\\\/\",\"https:\\\/\\\/www.linkedin.com\\\/company\\\/centro-urbano\\\/\",\"http:\\\/\\\/www.youtube.com\\\/user\\\/portalcentrourbano\"]},{\"@type\":\"Person\",\"@id\":\"https:\\\/\\\/centrourbano.com\\\/revista\\\/#\\\/schema\\\/person\\\/b190b20bbbceb41ec72278c546fa8df3\",\"name\":\"Fernanda Hern\u00e1ndez\",\"image\":{\"@type\":\"ImageObject\",\"inLanguage\":\"es\",\"@id\":\"https:\\\/\\\/secure.gravatar.com\\\/avatar\\\/9471831fb0a24eae9d32d826a7cb8ef07c34a41520aca1a0ab1f5c0903ba49b9?s=96&d=mm&r=g\",\"url\":\"https:\\\/\\\/secure.gravatar.com\\\/avatar\\\/9471831fb0a24eae9d32d826a7cb8ef07c34a41520aca1a0ab1f5c0903ba49b9?s=96&d=mm&r=g\",\"contentUrl\":\"https:\\\/\\\/secure.gravatar.com\\\/avatar\\\/9471831fb0a24eae9d32d826a7cb8ef07c34a41520aca1a0ab1f5c0903ba49b9?s=96&d=mm&r=g\",\"caption\":\"Fernanda Hern\u00e1ndez\"},\"description\":\"Reportera y redactora en Centro Urbano. Soy egresada de la licenciatura en Ciencias de la Comunicaci\u00f3n de la Facultad de Ciencias Pol\u00edticas y Sociales (UNAM). Me interesa la cultura, el urbanismo y la arquitectura. Amante del mundo digital, el cine, la m\u00fasica, la lectura y la escritura.\",\"sameAs\":[\"https:\\\/\\\/x.com\\\/https:\\\/\\\/twitter.com\\\/Nannz_Hernandez\"],\"url\":\"https:\\\/\\\/centrourbano.com\\\/revista\\\/author\\\/fernanda-hernandez\\\/\"}]}<\/script>\n<!-- \/ Yoast SEO plugin. -->","yoast_head_json":{"title":"Tras 42 a\u00f1os, Fonhapo concluye sus operaciones -","description":"Ahora, ser\u00e1n el Indep y el Insus los encargados de atender los asuntos remanentes de la cartera que administraba el Fonhapo Este 30 de abril, el Fondo","robots":{"index":"index","follow":"follow","max-snippet":"max-snippet:-1","max-image-preview":"max-image-preview:large","max-video-preview":"max-video-preview:-1"},"canonical":"https:\/\/centrourbano.com\/revista\/vivienda\/42-anos-fonhapo-operaciones\/","og_locale":"es_ES","og_type":"article","og_title":"Tras 42 a\u00f1os, Fonhapo concluye sus operaciones -","og_description":"Ahora, ser\u00e1n el Indep y el Insus los encargados de atender los asuntos remanentes de la cartera que administraba el Fonhapo Este 30 de abril, el Fondo","og_url":"https:\/\/centrourbano.com\/revista\/vivienda\/42-anos-fonhapo-operaciones\/","og_site_name":"Centro Urbano","article_publisher":"https:\/\/www.facebook.com\/portalcentrourbano","article_published_time":"2024-05-03T14:00:34+00:00","article_modified_time":"2024-05-03T19:45:39+00:00","og_image":[{"width":916,"height":849,"url":"https:\/\/centrourbano.com\/revista\/wp-content\/uploads\/Captura-de-pantalla-2024-05-02-a-las-15.07.05.png","type":"image\/png"}],"author":"Fernanda Hern\u00e1ndez","twitter_card":"summary_large_image","twitter_creator":"@https:\/\/twitter.com\/Nannz_Hernandez","twitter_site":"@CentroUrbano","twitter_misc":{"Escrito por":"Fernanda Hern\u00e1ndez","Tiempo de lectura":"2 minutos"},"schema":{"@context":"https:\/\/schema.org","@graph":[{"@type":"Article","@id":"https:\/\/centrourbano.com\/revista\/vivienda\/42-anos-fonhapo-operaciones\/#article","isPartOf":{"@id":"https:\/\/centrourbano.com\/revista\/vivienda\/42-anos-fonhapo-operaciones\/"},"author":{"name":"Fernanda Hern\u00e1ndez","@id":"https:\/\/centrourbano.com\/revista\/#\/schema\/person\/b190b20bbbceb41ec72278c546fa8df3"},"headline":"Tras 42 a\u00f1os, Fonhapo concluye sus operaciones","datePublished":"2024-05-03T14:00:34+00:00","dateModified":"2024-05-03T19:45:39+00:00","mainEntityOfPage":{"@id":"https:\/\/centrourbano.com\/revista\/vivienda\/42-anos-fonhapo-operaciones\/"},"wordCount":331,"commentCount":0,"publisher":{"@id":"https:\/\/centrourbano.com\/revista\/#organization"},"image":{"@id":"https:\/\/centrourbano.com\/revista\/vivienda\/42-anos-fonhapo-operaciones\/#primaryimage"},"thumbnailUrl":"https:\/\/centrourbano.com\/revista\/wp-content\/uploads\/Captura-de-pantalla-2024-05-02-a-las-15.07.05.png","keywords":["Fonhapo","Indep","INSUS","Sedatu","vivienda"],"articleSection":["Vivienda"],"inLanguage":"es","potentialAction":[{"@type":"CommentAction","name":"Comment","target":["https:\/\/centrourbano.com\/revista\/vivienda\/42-anos-fonhapo-operaciones\/#respond"]}]},{"@type":"WebPage","@id":"https:\/\/centrourbano.com\/revista\/vivienda\/42-anos-fonhapo-operaciones\/","url":"https:\/\/centrourbano.com\/revista\/vivienda\/42-anos-fonhapo-operaciones\/","name":"Tras 42 a\u00f1os, Fonhapo concluye sus operaciones -","isPartOf":{"@id":"https:\/\/centrourbano.com\/revista\/#website"},"primaryImageOfPage":{"@id":"https:\/\/centrourbano.com\/revista\/vivienda\/42-anos-fonhapo-operaciones\/#primaryimage"},"image":{"@id":"https:\/\/centrourbano.com\/revista\/vivienda\/42-anos-fonhapo-operaciones\/#primaryimage"},"thumbnailUrl":"https:\/\/centrourbano.com\/revista\/wp-content\/uploads\/Captura-de-pantalla-2024-05-02-a-las-15.07.05.png","datePublished":"2024-05-03T14:00:34+00:00","dateModified":"2024-05-03T19:45:39+00:00","description":"Ahora, ser\u00e1n el Indep y el Insus los encargados de atender los asuntos remanentes de la cartera que administraba el Fonhapo Este 30 de abril, el Fondo","breadcrumb":{"@id":"https:\/\/centrourbano.com\/revista\/vivienda\/42-anos-fonhapo-operaciones\/#breadcrumb"},"inLanguage":"es","potentialAction":[{"@type":"ReadAction","target":["https:\/\/centrourbano.com\/revista\/vivienda\/42-anos-fonhapo-operaciones\/"]}]},{"@type":"ImageObject","inLanguage":"es","@id":"https:\/\/centrourbano.com\/revista\/vivienda\/42-anos-fonhapo-operaciones\/#primaryimage","url":"https:\/\/centrourbano.com\/revista\/wp-content\/uploads\/Captura-de-pantalla-2024-05-02-a-las-15.07.05.png","contentUrl":"https:\/\/centrourbano.com\/revista\/wp-content\/uploads\/Captura-de-pantalla-2024-05-02-a-las-15.07.05.png","width":916,"height":849,"caption":"Tras 42 a\u00f1os, Fonhapo concluye sus operaciones"},{"@type":"BreadcrumbList","@id":"https:\/\/centrourbano.com\/revista\/vivienda\/42-anos-fonhapo-operaciones\/#breadcrumb","itemListElement":[{"@type":"ListItem","position":1,"name":"Portada","item":"https:\/\/centrourbano.com\/revista\/"},{"@type":"ListItem","position":2,"name":"Tras 42 a\u00f1os, Fonhapo concluye sus operaciones"}]},{"@type":"WebSite","@id":"https:\/\/centrourbano.com\/revista\/#website","url":"https:\/\/centrourbano.com\/revista\/","name":"Centro Urbano","description":"Medio especializado en los sectores vivienda, inmobiliario, construcci\u00f3n, arquitectura y urbanismo.","publisher":{"@id":"https:\/\/centrourbano.com\/revista\/#organization"},"potentialAction":[{"@type":"SearchAction","target":{"@type":"EntryPoint","urlTemplate":"https:\/\/centrourbano.com\/revista\/?s={search_term_string}"},"query-input":{"@type":"PropertyValueSpecification","valueRequired":true,"valueName":"search_term_string"}}],"inLanguage":"es"},{"@type":"Organization","@id":"https:\/\/centrourbano.com\/revista\/#organization","name":"Centro Urbano","url":"https:\/\/centrourbano.com\/revista\/","logo":{"@type":"ImageObject","inLanguage":"es","@id":"https:\/\/centrourbano.com\/revista\/#\/schema\/logo\/image\/","url":"https:\/\/centrourbano.com\/revista\/wp-content\/uploads\/web_CU_logo-1.png","contentUrl":"https:\/\/centrourbano.com\/revista\/wp-content\/uploads\/web_CU_logo-1.png","width":350,"height":91,"caption":"Centro Urbano"},"image":{"@id":"https:\/\/centrourbano.com\/revista\/#\/schema\/logo\/image\/"},"sameAs":["https:\/\/www.facebook.com\/portalcentrourbano","https:\/\/x.com\/CentroUrbano","https:\/\/www.instagram.com\/centro_urbano\/","https:\/\/www.linkedin.com\/company\/centro-urbano\/","http:\/\/www.youtube.com\/user\/portalcentrourbano"]},{"@type":"Person","@id":"https:\/\/centrourbano.com\/revista\/#\/schema\/person\/b190b20bbbceb41ec72278c546fa8df3","name":"Fernanda Hern\u00e1ndez","image":{"@type":"ImageObject","inLanguage":"es","@id":"https:\/\/secure.gravatar.com\/avatar\/9471831fb0a24eae9d32d826a7cb8ef07c34a41520aca1a0ab1f5c0903ba49b9?s=96&d=mm&r=g","url":"https:\/\/secure.gravatar.com\/avatar\/9471831fb0a24eae9d32d826a7cb8ef07c34a41520aca1a0ab1f5c0903ba49b9?s=96&d=mm&r=g","contentUrl":"https:\/\/secure.gravatar.com\/avatar\/9471831fb0a24eae9d32d826a7cb8ef07c34a41520aca1a0ab1f5c0903ba49b9?s=96&d=mm&r=g","caption":"Fernanda Hern\u00e1ndez"},"description":"Reportera y redactora en Centro Urbano. Soy egresada de la licenciatura en Ciencias de la Comunicaci\u00f3n de la Facultad de Ciencias Pol\u00edticas y Sociales (UNAM). Me interesa la cultura, el urbanismo y la arquitectura. Amante del mundo digital, el cine, la m\u00fasica, la lectura y la escritura.","sameAs":["https:\/\/x.com\/https:\/\/twitter.com\/Nannz_Hernandez"],"url":"https:\/\/centrourbano.com\/revista\/author\/fernanda-hernandez\/"}]}},"_links":{"self":[{"href":"https:\/\/centrourbano.com\/revista\/wp-json\/wp\/v2\/posts\/147887","targetHints":{"allow":["GET"]}}],"collection":[{"href":"https:\/\/centrourbano.com\/revista\/wp-json\/wp\/v2\/posts"}],"about":[{"href":"https:\/\/centrourbano.com\/revista\/wp-json\/wp\/v2\/types\/post"}],"author":[{"embeddable":true,"href":"https:\/\/centrourbano.com\/revista\/wp-json\/wp\/v2\/users\/73"}],"replies":[{"embeddable":true,"href":"https:\/\/centrourbano.com\/revista\/wp-json\/wp\/v2\/comments?post=147887"}],"version-history":[{"count":1,"href":"https:\/\/centrourbano.com\/revista\/wp-json\/wp\/v2\/posts\/147887\/revisions"}],"predecessor-version":[{"id":147894,"href":"https:\/\/centrourbano.com\/revista\/wp-json\/wp\/v2\/posts\/147887\/revisions\/147894"}],"wp:featuredmedia":[{"embeddable":true,"href":"https:\/\/centrourbano.com\/revista\/wp-json\/wp\/v2\/media\/147889"}],"wp:attachment":[{"href":"https:\/\/centrourbano.com\/revista\/wp-json\/wp\/v2\/media?parent=147887"}],"wp:term":[{"taxonomy":"category","embeddable":true,"href":"https:\/\/centrourbano.com\/revista\/wp-json\/wp\/v2\/categories?post=147887"},{"taxonomy":"post_tag","embeddable":true,"href":"https:\/\/centrourbano.com\/revista\/wp-json\/wp\/v2\/tags?post=147887"}],"curies":[{"name":"wp","href":"https:\/\/api.w.org\/{rel}","templated":true}]}}